{"id":168439,"date":"2023-10-17T13:02:48","date_gmt":"2023-10-17T11:02:48","guid":{"rendered":"https:\/\/novice.si\/page\/?p=168439"},"modified":"2023-10-17T13:02:48","modified_gmt":"2023-10-17T11:02:48","slug":"kultura-literatura-mariborski-pesnik-tom-veber-o-tisini-odnosih-in-intimi","status":"publish","type":"post","link":"https:\/\/novice.si\/page\/kultura-literatura-mariborski-pesnik-tom-veber-o-tisini-odnosih-in-intimi\/","title":{"rendered":"KULTURA LITERATURA Mariborski pesnik Tom Veber o ti\u0161ini, odnosih in intimi"},"content":{"rendered":"<p><strong>Tom Veber je mariborski pesnik mlaj\u0161e generacije, performer, vizualni umetnik, urednik in kulturni producent. Njegova dela so \u017ee bila nagrajena; nazadnje mu je cikel pesmi <em>Ker tudi \u017ealost potrebuje svoj prostor<\/em> prinesel nagrado Fanny Haussmann v \u017dalcu.<\/strong><\/p>\n<figure id=\"attachment_168443\" aria-describedby=\"caption-attachment-168443\" style=\"width: 305px\" class=\"wp-caption aligncenter\"><img loading=\"lazy\" decoding=\"async\" class=\" wp-image-168443\" src=\"https:\/\/novice.si\/page\/wp-content\/uploads\/2023\/10\/66117988-600x400.jpg\" alt=\"\" width=\"305\" height=\"203\" srcset=\"https:\/\/novice.si\/page\/wp-content\/uploads\/2023\/10\/66117988-600x400.jpg 600w, https:\/\/novice.si\/page\/wp-content\/uploads\/2023\/10\/66117988-768x512.jpg 768w, https:\/\/novice.si\/page\/wp-content\/uploads\/2023\/10\/66117988-696x464.jpg 696w, https:\/\/novice.si\/page\/wp-content\/uploads\/2023\/10\/66117988-630x420.jpg 630w, https:\/\/novice.si\/page\/wp-content\/uploads\/2023\/10\/66117988-24x16.jpg 24w, https:\/\/novice.si\/page\/wp-content\/uploads\/2023\/10\/66117988-36x24.jpg 36w, https:\/\/novice.si\/page\/wp-content\/uploads\/2023\/10\/66117988-48x32.jpg 48w, https:\/\/novice.si\/page\/wp-content\/uploads\/2023\/10\/66117988.jpg 800w\" sizes=\"auto, (max-width: 305px) 100vw, 305px\" \/><figcaption id=\"caption-attachment-168443\" class=\"wp-caption-text\">Foto: Zavod za kulturo, \u0161port in turizem \u017dalec<\/figcaption><\/figure>\n<p>Z avtorjem so v rubriki <em>Kultura literatura<\/em> govorili na Radiu Rogla.<br \/>\nPrisluhnete lahko spodaj.<\/p>\n<audio class=\"wp-audio-shortcode\" id=\"audio-168439-1\" preload=\"none\" style=\"width: 100%;\" controls=\"controls\"><source type=\"audio\/mpeg\" src=\"https:\/\/novice.si\/page\/wp-content\/uploads\/2023\/10\/kultura-tom-veber-prvi-del.mp3?_=1\" \/><a href=\"https:\/\/novice.si\/page\/wp-content\/uploads\/2023\/10\/kultura-tom-veber-prvi-del.mp3\">https:\/\/novice.si\/page\/wp-content\/uploads\/2023\/10\/kultura-tom-veber-prvi-del.mp3<\/a><\/audio>\n<audio class=\"wp-audio-shortcode\" id=\"audio-168439-2\" preload=\"none\" style=\"width: 100%;\" controls=\"controls\"><source type=\"audio\/mpeg\" src=\"https:\/\/novice.si\/page\/wp-content\/uploads\/2023\/10\/kultura-tom-veber-drugi-del.mp3?_=2\" \/><a href=\"https:\/\/novice.si\/page\/wp-content\/uploads\/2023\/10\/kultura-tom-veber-drugi-del.mp3\">https:\/\/novice.si\/page\/wp-content\/uploads\/2023\/10\/kultura-tom-veber-drugi-del.mp3<\/a><\/audio>\n<p>(Nina Krobat, Radio Rogla)<\/p>\n","protected":false},"excerpt":{"rendered":"<p>Tom Veber je mariborski pesnik mlaj\u0161e generacije, performer, vizualni umetnik, urednik in kulturni producent. Njegova dela so \u017ee bila nagrajena; nazadnje mu je cikel pesmi Ker tudi \u017ealost potrebuje svoj prostor prinesel nagrado Fanny Haussmann v \u017dalcu. Z avtorjem so v rubriki Kultura literatura govorili na Radiu Rogla. Prisluhnete lahko spodaj. (Nina Krobat, Radio Rogla)<\/p>\n","protected":false},"author":12,"featured_media":168443,"comment_status":"closed","ping_status":"closed","sticky":false,"template":"","format":"standard","meta":{"footnotes":""},"categories":[14,142,17,15,3108],"tags":[14476,18910,18909],"class_list":{"0":"post-168439","1":"post","2":"type-post","3":"status-publish","4":"format-standard","5":"has-post-thumbnail","7":"category-aktualno","8":"category-celjan","9":"category-celjsko","10":"category-druzabno","11":"category-radio-rogla","12":"tag-fanny-hausmann","13":"tag-lgbtq","14":"tag-tom-veber"},"yoast_head":"<!-- This site is optimized with the Yoast SEO plugin v27.4 - https:\/\/yoast.com\/product\/yoast-seo-wordpress\/ -->\n<title>KULTURA LITERATURA Mariborski pesnik Tom Veber o ti\u0161ini, odnosih in intimi - Novice.si<\/title>\n<meta name=\"robots\" content=\"index, follow, max-snippet:-1, max-image-preview:large, max-video-preview:-1\" \/>\n<link rel=\"canonical\" href=\"https:\/\/novice.si\/page\/kultura-literatura-mariborski-pesnik-tom-veber-o-tisini-odnosih-in-intimi\/\" \/>\n<meta property=\"og:locale\" content=\"sl_SI\" \/>\n<meta property=\"og:type\" content=\"article\" \/>\n<meta property=\"og:title\" content=\"KULTURA LITERATURA Mariborski pesnik Tom Veber o ti\u0161ini, odnosih in intimi - Novice.si\" \/>\n<meta property=\"og:description\" content=\"Tom Veber je mariborski pesnik mlaj\u0161e generacije, performer, vizualni umetnik, urednik in kulturni producent. Njegova dela so \u017ee bila nagrajena; nazadnje mu je cikel pesmi Ker tudi \u017ealost potrebuje svoj prostor prinesel nagrado Fanny Haussmann v \u017dalcu. Z avtorjem so v rubriki Kultura literatura govorili na Radiu Rogla. Prisluhnete lahko spodaj. (Nina Krobat, Radio Rogla)\" \/>\n<meta property=\"og:url\" content=\"https:\/\/novice.si\/page\/kultura-literatura-mariborski-pesnik-tom-veber-o-tisini-odnosih-in-intimi\/\" \/>\n<meta property=\"og:site_name\" content=\"Novice.si\" \/>\n<meta property=\"article:published_time\" content=\"2023-10-17T11:02:48+00:00\" \/>\n<meta property=\"og:image\" content=\"https:\/\/novice.si\/page\/wp-content\/uploads\/2023\/10\/66117988.jpg\" \/>\n\t<meta property=\"og:image:width\" content=\"800\" \/>\n\t<meta property=\"og:image:height\" content=\"533\" \/>\n\t<meta property=\"og:image:type\" content=\"image\/jpeg\" \/>\n<meta name=\"author\" content=\"Uredni\u0161tvo Celjana\" \/>\n<meta name=\"twitter:card\" content=\"summary_large_image\" \/>\n<meta name=\"twitter:label1\" content=\"Written by\" \/>\n\t<meta name=\"twitter:data1\" content=\"Uredni\u0161tvo Celjana\" \/>\n\t<meta name=\"twitter:label2\" content=\"Est. reading time\" \/>\n\t<meta name=\"twitter:data2\" content=\"1 minuta\" \/>\n<script type=\"application\/ld+json\" class=\"yoast-schema-graph\">{\"@context\":\"https:\\\/\\\/schema.org\",\"@graph\":[{\"@type\":\"Article\",\"@id\":\"https:\\\/\\\/novice.si\\\/page\\\/kultura-literatura-mariborski-pesnik-tom-veber-o-tisini-odnosih-in-intimi\\\/#article\",\"isPartOf\":{\"@id\":\"https:\\\/\\\/novice.si\\\/page\\\/kultura-literatura-mariborski-pesnik-tom-veber-o-tisini-odnosih-in-intimi\\\/\"},\"author\":{\"name\":\"Uredni\u0161tvo Celjana\",\"@id\":\"https:\\\/\\\/novice.si\\\/page\\\/#\\\/schema\\\/person\\\/51903923b50fefb075bc1cd24fe4d065\"},\"headline\":\"KULTURA LITERATURA Mariborski pesnik Tom Veber o ti\u0161ini, odnosih in intimi\",\"datePublished\":\"2023-10-17T11:02:48+00:00\",\"mainEntityOfPage\":{\"@id\":\"https:\\\/\\\/novice.si\\\/page\\\/kultura-literatura-mariborski-pesnik-tom-veber-o-tisini-odnosih-in-intimi\\\/\"},\"wordCount\":105,\"publisher\":{\"@id\":\"https:\\\/\\\/novice.si\\\/page\\\/#organization\"},\"image\":{\"@id\":\"https:\\\/\\\/novice.si\\\/page\\\/kultura-literatura-mariborski-pesnik-tom-veber-o-tisini-odnosih-in-intimi\\\/#primaryimage\"},\"thumbnailUrl\":\"https:\\\/\\\/novice.si\\\/page\\\/wp-content\\\/uploads\\\/2023\\\/10\\\/66117988.jpg\",\"keywords\":[\"fanny hausmann\",\"lgbtq+\",\"tom veber\"],\"articleSection\":[\"Aktualno\",\"Celjan\",\"Celjsko\",\"Dru\u017eabno\",\"Radio Rogla\"],\"inLanguage\":\"sl-SI\"},{\"@type\":\"WebPage\",\"@id\":\"https:\\\/\\\/novice.si\\\/page\\\/kultura-literatura-mariborski-pesnik-tom-veber-o-tisini-odnosih-in-intimi\\\/\",\"url\":\"https:\\\/\\\/novice.si\\\/page\\\/kultura-literatura-mariborski-pesnik-tom-veber-o-tisini-odnosih-in-intimi\\\/\",\"name\":\"KULTURA LITERATURA Mariborski pesnik Tom Veber o ti\u0161ini, odnosih in intimi - Novice.si\",\"isPartOf\":{\"@id\":\"https:\\\/\\\/novice.si\\\/page\\\/#website\"},\"primaryImageOfPage\":{\"@id\":\"https:\\\/\\\/novice.si\\\/page\\\/kultura-literatura-mariborski-pesnik-tom-veber-o-tisini-odnosih-in-intimi\\\/#primaryimage\"},\"image\":{\"@id\":\"https:\\\/\\\/novice.si\\\/page\\\/kultura-literatura-mariborski-pesnik-tom-veber-o-tisini-odnosih-in-intimi\\\/#primaryimage\"},\"thumbnailUrl\":\"https:\\\/\\\/novice.si\\\/page\\\/wp-content\\\/uploads\\\/2023\\\/10\\\/66117988.jpg\",\"datePublished\":\"2023-10-17T11:02:48+00:00\",\"breadcrumb\":{\"@id\":\"https:\\\/\\\/novice.si\\\/page\\\/kultura-literatura-mariborski-pesnik-tom-veber-o-tisini-odnosih-in-intimi\\\/#breadcrumb\"},\"inLanguage\":\"sl-SI\",\"potentialAction\":[{\"@type\":\"ReadAction\",\"target\":[\"https:\\\/\\\/novice.si\\\/page\\\/kultura-literatura-mariborski-pesnik-tom-veber-o-tisini-odnosih-in-intimi\\\/\"]}]},{\"@type\":\"ImageObject\",\"inLanguage\":\"sl-SI\",\"@id\":\"https:\\\/\\\/novice.si\\\/page\\\/kultura-literatura-mariborski-pesnik-tom-veber-o-tisini-odnosih-in-intimi\\\/#primaryimage\",\"url\":\"https:\\\/\\\/novice.si\\\/page\\\/wp-content\\\/uploads\\\/2023\\\/10\\\/66117988.jpg\",\"contentUrl\":\"https:\\\/\\\/novice.si\\\/page\\\/wp-content\\\/uploads\\\/2023\\\/10\\\/66117988.jpg\",\"width\":800,\"height\":533,\"caption\":\"Foto: Zavod za kulturo, \u0161port in turizem \u017dalec\"},{\"@type\":\"BreadcrumbList\",\"@id\":\"https:\\\/\\\/novice.si\\\/page\\\/kultura-literatura-mariborski-pesnik-tom-veber-o-tisini-odnosih-in-intimi\\\/#breadcrumb\",\"itemListElement\":[{\"@type\":\"ListItem\",\"position\":1,\"name\":\"Home\",\"item\":\"https:\\\/\\\/novice.si\\\/page\\\/\"},{\"@type\":\"ListItem\",\"position\":2,\"name\":\"KULTURA LITERATURA Mariborski pesnik Tom Veber o ti\u0161ini, odnosih in intimi\"}]},{\"@type\":\"WebSite\",\"@id\":\"https:\\\/\\\/novice.si\\\/page\\\/#website\",\"url\":\"https:\\\/\\\/novice.si\\\/page\\\/\",\"name\":\"Novice.si\",\"description\":\"\",\"publisher\":{\"@id\":\"https:\\\/\\\/novice.si\\\/page\\\/#organization\"},\"potentialAction\":[{\"@type\":\"SearchAction\",\"target\":{\"@type\":\"EntryPoint\",\"urlTemplate\":\"https:\\\/\\\/novice.si\\\/page\\\/?s={search_term_string}\"},\"query-input\":{\"@type\":\"PropertyValueSpecification\",\"valueRequired\":true,\"valueName\":\"search_term_string\"}}],\"inLanguage\":\"sl-SI\"},{\"@type\":\"Organization\",\"@id\":\"https:\\\/\\\/novice.si\\\/page\\\/#organization\",\"name\":\"Novice.si\",\"url\":\"https:\\\/\\\/novice.si\\\/page\\\/\",\"logo\":{\"@type\":\"ImageObject\",\"inLanguage\":\"sl-SI\",\"@id\":\"https:\\\/\\\/novice.si\\\/page\\\/#\\\/schema\\\/logo\\\/image\\\/\",\"url\":\"https:\\\/\\\/novice.si\\\/page\\\/wp-content\\\/uploads\\\/2023\\\/03\\\/novice_si.png\",\"contentUrl\":\"https:\\\/\\\/novice.si\\\/page\\\/wp-content\\\/uploads\\\/2023\\\/03\\\/novice_si.png\",\"width\":576,\"height\":200,\"caption\":\"Novice.si\"},\"image\":{\"@id\":\"https:\\\/\\\/novice.si\\\/page\\\/#\\\/schema\\\/logo\\\/image\\\/\"}},{\"@type\":\"Person\",\"@id\":\"https:\\\/\\\/novice.si\\\/page\\\/#\\\/schema\\\/person\\\/51903923b50fefb075bc1cd24fe4d065\",\"name\":\"Uredni\u0161tvo Celjana\",\"image\":{\"@type\":\"ImageObject\",\"inLanguage\":\"sl-SI\",\"@id\":\"https:\\\/\\\/secure.gravatar.com\\\/avatar\\\/b516f102aa90b53619e09722b8ea56721c99bfcb4f1035f9b333d99f52330226?s=96&d=mm&r=g\",\"url\":\"https:\\\/\\\/secure.gravatar.com\\\/avatar\\\/b516f102aa90b53619e09722b8ea56721c99bfcb4f1035f9b333d99f52330226?s=96&d=mm&r=g\",\"contentUrl\":\"https:\\\/\\\/secure.gravatar.com\\\/avatar\\\/b516f102aa90b53619e09722b8ea56721c99bfcb4f1035f9b333d99f52330226?s=96&d=mm&r=g\",\"caption\":\"Uredni\u0161tvo Celjana\"},\"url\":\"https:\\\/\\\/novice.si\\\/page\\\/author\\\/nejc\\\/\"}]}<\/script>\n<!-- \/ Yoast SEO plugin. -->","yoast_head_json":{"title":"KULTURA LITERATURA Mariborski pesnik Tom Veber o ti\u0161ini, odnosih in intimi - Novice.si","robots":{"index":"index","follow":"follow","max-snippet":"max-snippet:-1","max-image-preview":"max-image-preview:large","max-video-preview":"max-video-preview:-1"},"canonical":"https:\/\/novice.si\/page\/kultura-literatura-mariborski-pesnik-tom-veber-o-tisini-odnosih-in-intimi\/","og_locale":"sl_SI","og_type":"article","og_title":"KULTURA LITERATURA Mariborski pesnik Tom Veber o ti\u0161ini, odnosih in intimi - Novice.si","og_description":"Tom Veber je mariborski pesnik mlaj\u0161e generacije, performer, vizualni umetnik, urednik in kulturni producent. Njegova dela so \u017ee bila nagrajena; nazadnje mu je cikel pesmi Ker tudi \u017ealost potrebuje svoj prostor prinesel nagrado Fanny Haussmann v \u017dalcu. Z avtorjem so v rubriki Kultura literatura govorili na Radiu Rogla. Prisluhnete lahko spodaj. (Nina Krobat, Radio Rogla)","og_url":"https:\/\/novice.si\/page\/kultura-literatura-mariborski-pesnik-tom-veber-o-tisini-odnosih-in-intimi\/","og_site_name":"Novice.si","article_published_time":"2023-10-17T11:02:48+00:00","og_image":[{"width":800,"height":533,"url":"https:\/\/novice.si\/page\/wp-content\/uploads\/2023\/10\/66117988.jpg","type":"image\/jpeg"}],"author":"Uredni\u0161tvo Celjana","twitter_card":"summary_large_image","twitter_misc":{"Written by":"Uredni\u0161tvo Celjana","Est. reading time":"1 minuta"},"schema":{"@context":"https:\/\/schema.org","@graph":[{"@type":"Article","@id":"https:\/\/novice.si\/page\/kultura-literatura-mariborski-pesnik-tom-veber-o-tisini-odnosih-in-intimi\/#article","isPartOf":{"@id":"https:\/\/novice.si\/page\/kultura-literatura-mariborski-pesnik-tom-veber-o-tisini-odnosih-in-intimi\/"},"author":{"name":"Uredni\u0161tvo Celjana","@id":"https:\/\/novice.si\/page\/#\/schema\/person\/51903923b50fefb075bc1cd24fe4d065"},"headline":"KULTURA LITERATURA Mariborski pesnik Tom Veber o ti\u0161ini, odnosih in intimi","datePublished":"2023-10-17T11:02:48+00:00","mainEntityOfPage":{"@id":"https:\/\/novice.si\/page\/kultura-literatura-mariborski-pesnik-tom-veber-o-tisini-odnosih-in-intimi\/"},"wordCount":105,"publisher":{"@id":"https:\/\/novice.si\/page\/#organization"},"image":{"@id":"https:\/\/novice.si\/page\/kultura-literatura-mariborski-pesnik-tom-veber-o-tisini-odnosih-in-intimi\/#primaryimage"},"thumbnailUrl":"https:\/\/novice.si\/page\/wp-content\/uploads\/2023\/10\/66117988.jpg","keywords":["fanny hausmann","lgbtq+","tom veber"],"articleSection":["Aktualno","Celjan","Celjsko","Dru\u017eabno","Radio Rogla"],"inLanguage":"sl-SI"},{"@type":"WebPage","@id":"https:\/\/novice.si\/page\/kultura-literatura-mariborski-pesnik-tom-veber-o-tisini-odnosih-in-intimi\/","url":"https:\/\/novice.si\/page\/kultura-literatura-mariborski-pesnik-tom-veber-o-tisini-odnosih-in-intimi\/","name":"KULTURA LITERATURA Mariborski pesnik Tom Veber o ti\u0161ini, odnosih in intimi - Novice.si","isPartOf":{"@id":"https:\/\/novice.si\/page\/#website"},"primaryImageOfPage":{"@id":"https:\/\/novice.si\/page\/kultura-literatura-mariborski-pesnik-tom-veber-o-tisini-odnosih-in-intimi\/#primaryimage"},"image":{"@id":"https:\/\/novice.si\/page\/kultura-literatura-mariborski-pesnik-tom-veber-o-tisini-odnosih-in-intimi\/#primaryimage"},"thumbnailUrl":"https:\/\/novice.si\/page\/wp-content\/uploads\/2023\/10\/66117988.jpg","datePublished":"2023-10-17T11:02:48+00:00","breadcrumb":{"@id":"https:\/\/novice.si\/page\/kultura-literatura-mariborski-pesnik-tom-veber-o-tisini-odnosih-in-intimi\/#breadcrumb"},"inLanguage":"sl-SI","potentialAction":[{"@type":"ReadAction","target":["https:\/\/novice.si\/page\/kultura-literatura-mariborski-pesnik-tom-veber-o-tisini-odnosih-in-intimi\/"]}]},{"@type":"ImageObject","inLanguage":"sl-SI","@id":"https:\/\/novice.si\/page\/kultura-literatura-mariborski-pesnik-tom-veber-o-tisini-odnosih-in-intimi\/#primaryimage","url":"https:\/\/novice.si\/page\/wp-content\/uploads\/2023\/10\/66117988.jpg","contentUrl":"https:\/\/novice.si\/page\/wp-content\/uploads\/2023\/10\/66117988.jpg","width":800,"height":533,"caption":"Foto: Zavod za kulturo, \u0161port in turizem \u017dalec"},{"@type":"BreadcrumbList","@id":"https:\/\/novice.si\/page\/kultura-literatura-mariborski-pesnik-tom-veber-o-tisini-odnosih-in-intimi\/#breadcrumb","itemListElement":[{"@type":"ListItem","position":1,"name":"Home","item":"https:\/\/novice.si\/page\/"},{"@type":"ListItem","position":2,"name":"KULTURA LITERATURA Mariborski pesnik Tom Veber o ti\u0161ini, odnosih in intimi"}]},{"@type":"WebSite","@id":"https:\/\/novice.si\/page\/#website","url":"https:\/\/novice.si\/page\/","name":"Novice.si","description":"","publisher":{"@id":"https:\/\/novice.si\/page\/#organization"},"potentialAction":[{"@type":"SearchAction","target":{"@type":"EntryPoint","urlTemplate":"https:\/\/novice.si\/page\/?s={search_term_string}"},"query-input":{"@type":"PropertyValueSpecification","valueRequired":true,"valueName":"search_term_string"}}],"inLanguage":"sl-SI"},{"@type":"Organization","@id":"https:\/\/novice.si\/page\/#organization","name":"Novice.si","url":"https:\/\/novice.si\/page\/","logo":{"@type":"ImageObject","inLanguage":"sl-SI","@id":"https:\/\/novice.si\/page\/#\/schema\/logo\/image\/","url":"https:\/\/novice.si\/page\/wp-content\/uploads\/2023\/03\/novice_si.png","contentUrl":"https:\/\/novice.si\/page\/wp-content\/uploads\/2023\/03\/novice_si.png","width":576,"height":200,"caption":"Novice.si"},"image":{"@id":"https:\/\/novice.si\/page\/#\/schema\/logo\/image\/"}},{"@type":"Person","@id":"https:\/\/novice.si\/page\/#\/schema\/person\/51903923b50fefb075bc1cd24fe4d065","name":"Uredni\u0161tvo Celjana","image":{"@type":"ImageObject","inLanguage":"sl-SI","@id":"https:\/\/secure.gravatar.com\/avatar\/b516f102aa90b53619e09722b8ea56721c99bfcb4f1035f9b333d99f52330226?s=96&d=mm&r=g","url":"https:\/\/secure.gravatar.com\/avatar\/b516f102aa90b53619e09722b8ea56721c99bfcb4f1035f9b333d99f52330226?s=96&d=mm&r=g","contentUrl":"https:\/\/secure.gravatar.com\/avatar\/b516f102aa90b53619e09722b8ea56721c99bfcb4f1035f9b333d99f52330226?s=96&d=mm&r=g","caption":"Uredni\u0161tvo Celjana"},"url":"https:\/\/novice.si\/page\/author\/nejc\/"}]}},"_links":{"self":[{"href":"https:\/\/novice.si\/page\/wp-json\/wp\/v2\/posts\/168439","targetHints":{"allow":["GET"]}}],"collection":[{"href":"https:\/\/novice.si\/page\/wp-json\/wp\/v2\/posts"}],"about":[{"href":"https:\/\/novice.si\/page\/wp-json\/wp\/v2\/types\/post"}],"author":[{"embeddable":true,"href":"https:\/\/novice.si\/page\/wp-json\/wp\/v2\/users\/12"}],"replies":[{"embeddable":true,"href":"https:\/\/novice.si\/page\/wp-json\/wp\/v2\/comments?post=168439"}],"version-history":[{"count":1,"href":"https:\/\/novice.si\/page\/wp-json\/wp\/v2\/posts\/168439\/revisions"}],"predecessor-version":[{"id":168444,"href":"https:\/\/novice.si\/page\/wp-json\/wp\/v2\/posts\/168439\/revisions\/168444"}],"wp:featuredmedia":[{"embeddable":true,"href":"https:\/\/novice.si\/page\/wp-json\/wp\/v2\/media\/168443"}],"wp:attachment":[{"href":"https:\/\/novice.si\/page\/wp-json\/wp\/v2\/media?parent=168439"}],"wp:term":[{"taxonomy":"category","embeddable":true,"href":"https:\/\/novice.si\/page\/wp-json\/wp\/v2\/categories?post=168439"},{"taxonomy":"post_tag","embeddable":true,"href":"https:\/\/novice.si\/page\/wp-json\/wp\/v2\/tags?post=168439"}],"curies":[{"name":"wp","href":"https:\/\/api.w.org\/{rel}","templated":true}]}}