{"id":168317,"date":"2023-10-11T14:23:43","date_gmt":"2023-10-11T12:23:43","guid":{"rendered":"https:\/\/novice.si\/page\/?p=168317"},"modified":"2023-10-11T14:26:54","modified_gmt":"2023-10-11T12:26:54","slug":"ljubljna-celje-smeh-in-solze-na-slavnostni-premieri-filma-sepet-metulja","status":"publish","type":"post","link":"https:\/\/novice.si\/page\/ljubljna-celje-smeh-in-solze-na-slavnostni-premieri-filma-sepet-metulja\/","title":{"rendered":"Ljubljna, Celje: Smeh in solze na slavnostni premieri filma \u0160epet metulja"},"content":{"rendered":"<p>V dru\u017ebi navdu\u0161enih gledalcev in filmske ekipe z re\u017eiserjem Alenom Pav\u0161arjem na \u010delu, so v ljubljanskem Cineplexxu Rudnik na velika platna sino\u010di premierno pospremili nov slovenski mladinski film, najstni\u0161ko romanti\u010dno dramo \u0160epet metulja, ki je pri prvih gledalcih dosegla paleto \u010dustev \u2013 od smeha do solz. Danes \u00a0je premiera v Cineplexxu Celje, jutri pa v Cineplexxu \u00a0Maribor.<\/p>\n<p>Te\u017eko pri\u010dakovani celove\u010derni mladinski film \u0160epet metulja, ki z zgodbo o ljubezni do sebe in drugih sledi velikim sanjam o poslovni poti, premagovanju ovir ter vztrajanju, je re\u017eiral ve\u010dkrat nagrajeni re\u017eiser in soscenarist Alen Pav\u0161ar, ki je s premiero ve\u010d kot zadovoljen: \u201cPrva premiera je za nami in neizmerno sem ponosen na vso ekipo, s katero smo ustvarili \u0160epet metulja. Pozorno sem spremljal odzive gledalcev in\u00a0 bil\u00a0 sem presene\u010den, da je bilo v dvorani tako tiho, da so tako zavzeto spremljali dogajanje in zelo zadovoljen sem, da so reagirali pri tistih prizorih, kjer smo reakcijo \u017eeleli,\u201d je po premieri povedal re\u017eiser, in dodal: \u201c\u010custev poln film je izjemna prilo\u017enost za pove\u010danje ozave\u0161\u010denosti in razumevanja avtizma. Vsak posameznik s spektrom avtizma namre\u010d s seboj nosi edinstvene talente in perspektive, ki jih lahko prispevajo v svetu. Zgodba glavnih junakov je dokaz, da vsak izmed nas lahko pripomore k bolj so\u010dutnemu in raznolikemu svetu, ki sprejema vsakega posameznika, ne glede na njegove posebnosti.\u201d<\/p>\n<p>&nbsp;<\/p>\n<figure id=\"attachment_168320\" aria-describedby=\"caption-attachment-168320\" style=\"width: 600px\" class=\"wp-caption alignnone\"><img loading=\"lazy\" decoding=\"async\" class=\"wp-image-168320 size-medium\" src=\"https:\/\/novice.si\/page\/wp-content\/uploads\/2023\/10\/Sepet-metulja-Foto-Sandi-Fiser-Mediaspeed-315-600x400.jpg\" alt=\"\" width=\"600\" height=\"400\" srcset=\"https:\/\/novice.si\/page\/wp-content\/uploads\/2023\/10\/Sepet-metulja-Foto-Sandi-Fiser-Mediaspeed-315-600x400.jpg 600w, https:\/\/novice.si\/page\/wp-content\/uploads\/2023\/10\/Sepet-metulja-Foto-Sandi-Fiser-Mediaspeed-315-1024x683.jpg 1024w, https:\/\/novice.si\/page\/wp-content\/uploads\/2023\/10\/Sepet-metulja-Foto-Sandi-Fiser-Mediaspeed-315-768x512.jpg 768w, https:\/\/novice.si\/page\/wp-content\/uploads\/2023\/10\/Sepet-metulja-Foto-Sandi-Fiser-Mediaspeed-315-1536x1024.jpg 1536w, https:\/\/novice.si\/page\/wp-content\/uploads\/2023\/10\/Sepet-metulja-Foto-Sandi-Fiser-Mediaspeed-315-2048x1365.jpg 2048w, https:\/\/novice.si\/page\/wp-content\/uploads\/2023\/10\/Sepet-metulja-Foto-Sandi-Fiser-Mediaspeed-315-696x464.jpg 696w, https:\/\/novice.si\/page\/wp-content\/uploads\/2023\/10\/Sepet-metulja-Foto-Sandi-Fiser-Mediaspeed-315-1068x712.jpg 1068w, https:\/\/novice.si\/page\/wp-content\/uploads\/2023\/10\/Sepet-metulja-Foto-Sandi-Fiser-Mediaspeed-315-630x420.jpg 630w, https:\/\/novice.si\/page\/wp-content\/uploads\/2023\/10\/Sepet-metulja-Foto-Sandi-Fiser-Mediaspeed-315-1920x1280.jpg 1920w, https:\/\/novice.si\/page\/wp-content\/uploads\/2023\/10\/Sepet-metulja-Foto-Sandi-Fiser-Mediaspeed-315-24x16.jpg 24w, https:\/\/novice.si\/page\/wp-content\/uploads\/2023\/10\/Sepet-metulja-Foto-Sandi-Fiser-Mediaspeed-315-36x24.jpg 36w, https:\/\/novice.si\/page\/wp-content\/uploads\/2023\/10\/Sepet-metulja-Foto-Sandi-Fiser-Mediaspeed-315-48x32.jpg 48w\" sizes=\"auto, (max-width: 600px) 100vw, 600px\" \/><figcaption id=\"caption-attachment-168320\" class=\"wp-caption-text\">Foto Sandi Fiser-Mediaspeed.<\/figcaption><\/figure>\n","protected":false},"excerpt":{"rendered":"<p>V dru\u017ebi navdu\u0161enih gledalcev in filmske ekipe z re\u017eiserjem Alenom Pav\u0161arjem na \u010delu, so v ljubljanskem Cineplexxu Rudnik na velika platna sino\u010di premierno pospremili nov slovenski mladinski film, najstni\u0161ko romanti\u010dno dramo \u0160epet metulja, ki je pri prvih gledalcih dosegla paleto \u010dustev \u2013 od smeha do solz. Danes \u00a0je premiera v Cineplexxu Celje, jutri pa v [&hellip;]<\/p>\n","protected":false},"author":5,"featured_media":168320,"comment_status":"closed","ping_status":"closed","sticky":false,"template":"","format":"standard","meta":{"footnotes":""},"categories":[14,17],"tags":[18819],"class_list":{"0":"post-168317","1":"post","2":"type-post","3":"status-publish","4":"format-standard","5":"has-post-thumbnail","7":"category-aktualno","8":"category-celjsko","9":"tag-sepet-metulja"},"yoast_head":"<!-- This site is optimized with the Yoast SEO plugin v27.4 - https:\/\/yoast.com\/product\/yoast-seo-wordpress\/ -->\n<title>Ljubljna, Celje: Smeh in solze na slavnostni premieri filma \u0160epet metulja - Novice.si<\/title>\n<meta name=\"robots\" content=\"index, follow, max-snippet:-1, max-image-preview:large, max-video-preview:-1\" \/>\n<link rel=\"canonical\" href=\"https:\/\/novice.si\/page\/ljubljna-celje-smeh-in-solze-na-slavnostni-premieri-filma-sepet-metulja\/\" \/>\n<meta property=\"og:locale\" content=\"sl_SI\" \/>\n<meta property=\"og:type\" content=\"article\" \/>\n<meta property=\"og:title\" content=\"Ljubljna, Celje: Smeh in solze na slavnostni premieri filma \u0160epet metulja - Novice.si\" \/>\n<meta property=\"og:description\" content=\"V dru\u017ebi navdu\u0161enih gledalcev in filmske ekipe z re\u017eiserjem Alenom Pav\u0161arjem na \u010delu, so v ljubljanskem Cineplexxu Rudnik na velika platna sino\u010di premierno pospremili nov slovenski mladinski film, najstni\u0161ko romanti\u010dno dramo \u0160epet metulja, ki je pri prvih gledalcih dosegla paleto \u010dustev \u2013 od smeha do solz. Danes \u00a0je premiera v Cineplexxu Celje, jutri pa v [&hellip;]\" \/>\n<meta property=\"og:url\" content=\"https:\/\/novice.si\/page\/ljubljna-celje-smeh-in-solze-na-slavnostni-premieri-filma-sepet-metulja\/\" \/>\n<meta property=\"og:site_name\" content=\"Novice.si\" \/>\n<meta property=\"article:published_time\" content=\"2023-10-11T12:23:43+00:00\" \/>\n<meta property=\"article:modified_time\" content=\"2023-10-11T12:26:54+00:00\" \/>\n<meta property=\"og:image\" content=\"https:\/\/novice.si\/page\/wp-content\/uploads\/2023\/10\/Sepet-metulja-Foto-Sandi-Fiser-Mediaspeed-315-scaled.jpg\" \/>\n\t<meta property=\"og:image:width\" content=\"2560\" \/>\n\t<meta property=\"og:image:height\" content=\"1707\" \/>\n\t<meta property=\"og:image:type\" content=\"image\/jpeg\" \/>\n<meta name=\"author\" content=\"Uredni\u0161tvo Radia Rogla\" \/>\n<meta name=\"twitter:card\" content=\"summary_large_image\" \/>\n<meta name=\"twitter:label1\" content=\"Written by\" \/>\n\t<meta name=\"twitter:data1\" content=\"Uredni\u0161tvo Radia Rogla\" \/>\n\t<meta name=\"twitter:label2\" content=\"Est. reading time\" \/>\n\t<meta name=\"twitter:data2\" content=\"2 minuti\" \/>\n<script type=\"application\/ld+json\" class=\"yoast-schema-graph\">{\"@context\":\"https:\\\/\\\/schema.org\",\"@graph\":[{\"@type\":\"Article\",\"@id\":\"https:\\\/\\\/novice.si\\\/page\\\/ljubljna-celje-smeh-in-solze-na-slavnostni-premieri-filma-sepet-metulja\\\/#article\",\"isPartOf\":{\"@id\":\"https:\\\/\\\/novice.si\\\/page\\\/ljubljna-celje-smeh-in-solze-na-slavnostni-premieri-filma-sepet-metulja\\\/\"},\"author\":{\"name\":\"Uredni\u0161tvo Radia Rogla\",\"@id\":\"https:\\\/\\\/novice.si\\\/page\\\/#\\\/schema\\\/person\\\/25f5278da029e7b6f1e1c5653d7152a6\"},\"headline\":\"Ljubljna, Celje: Smeh in solze na slavnostni premieri filma \u0160epet metulja\",\"datePublished\":\"2023-10-11T12:23:43+00:00\",\"dateModified\":\"2023-10-11T12:26:54+00:00\",\"mainEntityOfPage\":{\"@id\":\"https:\\\/\\\/novice.si\\\/page\\\/ljubljna-celje-smeh-in-solze-na-slavnostni-premieri-filma-sepet-metulja\\\/\"},\"wordCount\":258,\"publisher\":{\"@id\":\"https:\\\/\\\/novice.si\\\/page\\\/#organization\"},\"image\":{\"@id\":\"https:\\\/\\\/novice.si\\\/page\\\/ljubljna-celje-smeh-in-solze-na-slavnostni-premieri-filma-sepet-metulja\\\/#primaryimage\"},\"thumbnailUrl\":\"https:\\\/\\\/novice.si\\\/page\\\/wp-content\\\/uploads\\\/2023\\\/10\\\/Sepet-metulja-Foto-Sandi-Fiser-Mediaspeed-315-scaled.jpg\",\"keywords\":[\"\u0160epet metulja\"],\"articleSection\":[\"Aktualno\",\"Celjsko\"],\"inLanguage\":\"sl-SI\"},{\"@type\":\"WebPage\",\"@id\":\"https:\\\/\\\/novice.si\\\/page\\\/ljubljna-celje-smeh-in-solze-na-slavnostni-premieri-filma-sepet-metulja\\\/\",\"url\":\"https:\\\/\\\/novice.si\\\/page\\\/ljubljna-celje-smeh-in-solze-na-slavnostni-premieri-filma-sepet-metulja\\\/\",\"name\":\"Ljubljna, Celje: Smeh in solze na slavnostni premieri filma \u0160epet metulja - Novice.si\",\"isPartOf\":{\"@id\":\"https:\\\/\\\/novice.si\\\/page\\\/#website\"},\"primaryImageOfPage\":{\"@id\":\"https:\\\/\\\/novice.si\\\/page\\\/ljubljna-celje-smeh-in-solze-na-slavnostni-premieri-filma-sepet-metulja\\\/#primaryimage\"},\"image\":{\"@id\":\"https:\\\/\\\/novice.si\\\/page\\\/ljubljna-celje-smeh-in-solze-na-slavnostni-premieri-filma-sepet-metulja\\\/#primaryimage\"},\"thumbnailUrl\":\"https:\\\/\\\/novice.si\\\/page\\\/wp-content\\\/uploads\\\/2023\\\/10\\\/Sepet-metulja-Foto-Sandi-Fiser-Mediaspeed-315-scaled.jpg\",\"datePublished\":\"2023-10-11T12:23:43+00:00\",\"dateModified\":\"2023-10-11T12:26:54+00:00\",\"breadcrumb\":{\"@id\":\"https:\\\/\\\/novice.si\\\/page\\\/ljubljna-celje-smeh-in-solze-na-slavnostni-premieri-filma-sepet-metulja\\\/#breadcrumb\"},\"inLanguage\":\"sl-SI\",\"potentialAction\":[{\"@type\":\"ReadAction\",\"target\":[\"https:\\\/\\\/novice.si\\\/page\\\/ljubljna-celje-smeh-in-solze-na-slavnostni-premieri-filma-sepet-metulja\\\/\"]}]},{\"@type\":\"ImageObject\",\"inLanguage\":\"sl-SI\",\"@id\":\"https:\\\/\\\/novice.si\\\/page\\\/ljubljna-celje-smeh-in-solze-na-slavnostni-premieri-filma-sepet-metulja\\\/#primaryimage\",\"url\":\"https:\\\/\\\/novice.si\\\/page\\\/wp-content\\\/uploads\\\/2023\\\/10\\\/Sepet-metulja-Foto-Sandi-Fiser-Mediaspeed-315-scaled.jpg\",\"contentUrl\":\"https:\\\/\\\/novice.si\\\/page\\\/wp-content\\\/uploads\\\/2023\\\/10\\\/Sepet-metulja-Foto-Sandi-Fiser-Mediaspeed-315-scaled.jpg\",\"width\":2560,\"height\":1707},{\"@type\":\"BreadcrumbList\",\"@id\":\"https:\\\/\\\/novice.si\\\/page\\\/ljubljna-celje-smeh-in-solze-na-slavnostni-premieri-filma-sepet-metulja\\\/#breadcrumb\",\"itemListElement\":[{\"@type\":\"ListItem\",\"position\":1,\"name\":\"Home\",\"item\":\"https:\\\/\\\/novice.si\\\/page\\\/\"},{\"@type\":\"ListItem\",\"position\":2,\"name\":\"Ljubljna, Celje: Smeh in solze na slavnostni premieri filma \u0160epet metulja\"}]},{\"@type\":\"WebSite\",\"@id\":\"https:\\\/\\\/novice.si\\\/page\\\/#website\",\"url\":\"https:\\\/\\\/novice.si\\\/page\\\/\",\"name\":\"Novice.si\",\"description\":\"\",\"publisher\":{\"@id\":\"https:\\\/\\\/novice.si\\\/page\\\/#organization\"},\"potentialAction\":[{\"@type\":\"SearchAction\",\"target\":{\"@type\":\"EntryPoint\",\"urlTemplate\":\"https:\\\/\\\/novice.si\\\/page\\\/?s={search_term_string}\"},\"query-input\":{\"@type\":\"PropertyValueSpecification\",\"valueRequired\":true,\"valueName\":\"search_term_string\"}}],\"inLanguage\":\"sl-SI\"},{\"@type\":\"Organization\",\"@id\":\"https:\\\/\\\/novice.si\\\/page\\\/#organization\",\"name\":\"Novice.si\",\"url\":\"https:\\\/\\\/novice.si\\\/page\\\/\",\"logo\":{\"@type\":\"ImageObject\",\"inLanguage\":\"sl-SI\",\"@id\":\"https:\\\/\\\/novice.si\\\/page\\\/#\\\/schema\\\/logo\\\/image\\\/\",\"url\":\"https:\\\/\\\/novice.si\\\/page\\\/wp-content\\\/uploads\\\/2023\\\/03\\\/novice_si.png\",\"contentUrl\":\"https:\\\/\\\/novice.si\\\/page\\\/wp-content\\\/uploads\\\/2023\\\/03\\\/novice_si.png\",\"width\":576,\"height\":200,\"caption\":\"Novice.si\"},\"image\":{\"@id\":\"https:\\\/\\\/novice.si\\\/page\\\/#\\\/schema\\\/logo\\\/image\\\/\"}},{\"@type\":\"Person\",\"@id\":\"https:\\\/\\\/novice.si\\\/page\\\/#\\\/schema\\\/person\\\/25f5278da029e7b6f1e1c5653d7152a6\",\"name\":\"Uredni\u0161tvo Radia Rogla\",\"image\":{\"@type\":\"ImageObject\",\"inLanguage\":\"sl-SI\",\"@id\":\"https:\\\/\\\/secure.gravatar.com\\\/avatar\\\/eade8259eacc27e89cb0948c57c4cbe46b0f16ea634156f167415ac94c5b03e3?s=96&d=mm&r=g\",\"url\":\"https:\\\/\\\/secure.gravatar.com\\\/avatar\\\/eade8259eacc27e89cb0948c57c4cbe46b0f16ea634156f167415ac94c5b03e3?s=96&d=mm&r=g\",\"contentUrl\":\"https:\\\/\\\/secure.gravatar.com\\\/avatar\\\/eade8259eacc27e89cb0948c57c4cbe46b0f16ea634156f167415ac94c5b03e3?s=96&d=mm&r=g\",\"caption\":\"Uredni\u0161tvo Radia Rogla\"},\"url\":\"https:\\\/\\\/novice.si\\\/page\\\/author\\\/valerija\\\/\"}]}<\/script>\n<!-- \/ Yoast SEO plugin. -->","yoast_head_json":{"title":"Ljubljna, Celje: Smeh in solze na slavnostni premieri filma \u0160epet metulja - Novice.si","robots":{"index":"index","follow":"follow","max-snippet":"max-snippet:-1","max-image-preview":"max-image-preview:large","max-video-preview":"max-video-preview:-1"},"canonical":"https:\/\/novice.si\/page\/ljubljna-celje-smeh-in-solze-na-slavnostni-premieri-filma-sepet-metulja\/","og_locale":"sl_SI","og_type":"article","og_title":"Ljubljna, Celje: Smeh in solze na slavnostni premieri filma \u0160epet metulja - Novice.si","og_description":"V dru\u017ebi navdu\u0161enih gledalcev in filmske ekipe z re\u017eiserjem Alenom Pav\u0161arjem na \u010delu, so v ljubljanskem Cineplexxu Rudnik na velika platna sino\u010di premierno pospremili nov slovenski mladinski film, najstni\u0161ko romanti\u010dno dramo \u0160epet metulja, ki je pri prvih gledalcih dosegla paleto \u010dustev \u2013 od smeha do solz. Danes \u00a0je premiera v Cineplexxu Celje, jutri pa v [&hellip;]","og_url":"https:\/\/novice.si\/page\/ljubljna-celje-smeh-in-solze-na-slavnostni-premieri-filma-sepet-metulja\/","og_site_name":"Novice.si","article_published_time":"2023-10-11T12:23:43+00:00","article_modified_time":"2023-10-11T12:26:54+00:00","og_image":[{"width":2560,"height":1707,"url":"https:\/\/novice.si\/page\/wp-content\/uploads\/2023\/10\/Sepet-metulja-Foto-Sandi-Fiser-Mediaspeed-315-scaled.jpg","type":"image\/jpeg"}],"author":"Uredni\u0161tvo Radia Rogla","twitter_card":"summary_large_image","twitter_misc":{"Written by":"Uredni\u0161tvo Radia Rogla","Est. reading time":"2 minuti"},"schema":{"@context":"https:\/\/schema.org","@graph":[{"@type":"Article","@id":"https:\/\/novice.si\/page\/ljubljna-celje-smeh-in-solze-na-slavnostni-premieri-filma-sepet-metulja\/#article","isPartOf":{"@id":"https:\/\/novice.si\/page\/ljubljna-celje-smeh-in-solze-na-slavnostni-premieri-filma-sepet-metulja\/"},"author":{"name":"Uredni\u0161tvo Radia Rogla","@id":"https:\/\/novice.si\/page\/#\/schema\/person\/25f5278da029e7b6f1e1c5653d7152a6"},"headline":"Ljubljna, Celje: Smeh in solze na slavnostni premieri filma \u0160epet metulja","datePublished":"2023-10-11T12:23:43+00:00","dateModified":"2023-10-11T12:26:54+00:00","mainEntityOfPage":{"@id":"https:\/\/novice.si\/page\/ljubljna-celje-smeh-in-solze-na-slavnostni-premieri-filma-sepet-metulja\/"},"wordCount":258,"publisher":{"@id":"https:\/\/novice.si\/page\/#organization"},"image":{"@id":"https:\/\/novice.si\/page\/ljubljna-celje-smeh-in-solze-na-slavnostni-premieri-filma-sepet-metulja\/#primaryimage"},"thumbnailUrl":"https:\/\/novice.si\/page\/wp-content\/uploads\/2023\/10\/Sepet-metulja-Foto-Sandi-Fiser-Mediaspeed-315-scaled.jpg","keywords":["\u0160epet metulja"],"articleSection":["Aktualno","Celjsko"],"inLanguage":"sl-SI"},{"@type":"WebPage","@id":"https:\/\/novice.si\/page\/ljubljna-celje-smeh-in-solze-na-slavnostni-premieri-filma-sepet-metulja\/","url":"https:\/\/novice.si\/page\/ljubljna-celje-smeh-in-solze-na-slavnostni-premieri-filma-sepet-metulja\/","name":"Ljubljna, Celje: Smeh in solze na slavnostni premieri filma \u0160epet metulja - Novice.si","isPartOf":{"@id":"https:\/\/novice.si\/page\/#website"},"primaryImageOfPage":{"@id":"https:\/\/novice.si\/page\/ljubljna-celje-smeh-in-solze-na-slavnostni-premieri-filma-sepet-metulja\/#primaryimage"},"image":{"@id":"https:\/\/novice.si\/page\/ljubljna-celje-smeh-in-solze-na-slavnostni-premieri-filma-sepet-metulja\/#primaryimage"},"thumbnailUrl":"https:\/\/novice.si\/page\/wp-content\/uploads\/2023\/10\/Sepet-metulja-Foto-Sandi-Fiser-Mediaspeed-315-scaled.jpg","datePublished":"2023-10-11T12:23:43+00:00","dateModified":"2023-10-11T12:26:54+00:00","breadcrumb":{"@id":"https:\/\/novice.si\/page\/ljubljna-celje-smeh-in-solze-na-slavnostni-premieri-filma-sepet-metulja\/#breadcrumb"},"inLanguage":"sl-SI","potentialAction":[{"@type":"ReadAction","target":["https:\/\/novice.si\/page\/ljubljna-celje-smeh-in-solze-na-slavnostni-premieri-filma-sepet-metulja\/"]}]},{"@type":"ImageObject","inLanguage":"sl-SI","@id":"https:\/\/novice.si\/page\/ljubljna-celje-smeh-in-solze-na-slavnostni-premieri-filma-sepet-metulja\/#primaryimage","url":"https:\/\/novice.si\/page\/wp-content\/uploads\/2023\/10\/Sepet-metulja-Foto-Sandi-Fiser-Mediaspeed-315-scaled.jpg","contentUrl":"https:\/\/novice.si\/page\/wp-content\/uploads\/2023\/10\/Sepet-metulja-Foto-Sandi-Fiser-Mediaspeed-315-scaled.jpg","width":2560,"height":1707},{"@type":"BreadcrumbList","@id":"https:\/\/novice.si\/page\/ljubljna-celje-smeh-in-solze-na-slavnostni-premieri-filma-sepet-metulja\/#breadcrumb","itemListElement":[{"@type":"ListItem","position":1,"name":"Home","item":"https:\/\/novice.si\/page\/"},{"@type":"ListItem","position":2,"name":"Ljubljna, Celje: Smeh in solze na slavnostni premieri filma \u0160epet metulja"}]},{"@type":"WebSite","@id":"https:\/\/novice.si\/page\/#website","url":"https:\/\/novice.si\/page\/","name":"Novice.si","description":"","publisher":{"@id":"https:\/\/novice.si\/page\/#organization"},"potentialAction":[{"@type":"SearchAction","target":{"@type":"EntryPoint","urlTemplate":"https:\/\/novice.si\/page\/?s={search_term_string}"},"query-input":{"@type":"PropertyValueSpecification","valueRequired":true,"valueName":"search_term_string"}}],"inLanguage":"sl-SI"},{"@type":"Organization","@id":"https:\/\/novice.si\/page\/#organization","name":"Novice.si","url":"https:\/\/novice.si\/page\/","logo":{"@type":"ImageObject","inLanguage":"sl-SI","@id":"https:\/\/novice.si\/page\/#\/schema\/logo\/image\/","url":"https:\/\/novice.si\/page\/wp-content\/uploads\/2023\/03\/novice_si.png","contentUrl":"https:\/\/novice.si\/page\/wp-content\/uploads\/2023\/03\/novice_si.png","width":576,"height":200,"caption":"Novice.si"},"image":{"@id":"https:\/\/novice.si\/page\/#\/schema\/logo\/image\/"}},{"@type":"Person","@id":"https:\/\/novice.si\/page\/#\/schema\/person\/25f5278da029e7b6f1e1c5653d7152a6","name":"Uredni\u0161tvo Radia Rogla","image":{"@type":"ImageObject","inLanguage":"sl-SI","@id":"https:\/\/secure.gravatar.com\/avatar\/eade8259eacc27e89cb0948c57c4cbe46b0f16ea634156f167415ac94c5b03e3?s=96&d=mm&r=g","url":"https:\/\/secure.gravatar.com\/avatar\/eade8259eacc27e89cb0948c57c4cbe46b0f16ea634156f167415ac94c5b03e3?s=96&d=mm&r=g","contentUrl":"https:\/\/secure.gravatar.com\/avatar\/eade8259eacc27e89cb0948c57c4cbe46b0f16ea634156f167415ac94c5b03e3?s=96&d=mm&r=g","caption":"Uredni\u0161tvo Radia Rogla"},"url":"https:\/\/novice.si\/page\/author\/valerija\/"}]}},"_links":{"self":[{"href":"https:\/\/novice.si\/page\/wp-json\/wp\/v2\/posts\/168317","targetHints":{"allow":["GET"]}}],"collection":[{"href":"https:\/\/novice.si\/page\/wp-json\/wp\/v2\/posts"}],"about":[{"href":"https:\/\/novice.si\/page\/wp-json\/wp\/v2\/types\/post"}],"author":[{"embeddable":true,"href":"https:\/\/novice.si\/page\/wp-json\/wp\/v2\/users\/5"}],"replies":[{"embeddable":true,"href":"https:\/\/novice.si\/page\/wp-json\/wp\/v2\/comments?post=168317"}],"version-history":[{"count":3,"href":"https:\/\/novice.si\/page\/wp-json\/wp\/v2\/posts\/168317\/revisions"}],"predecessor-version":[{"id":168322,"href":"https:\/\/novice.si\/page\/wp-json\/wp\/v2\/posts\/168317\/revisions\/168322"}],"wp:featuredmedia":[{"embeddable":true,"href":"https:\/\/novice.si\/page\/wp-json\/wp\/v2\/media\/168320"}],"wp:attachment":[{"href":"https:\/\/novice.si\/page\/wp-json\/wp\/v2\/media?parent=168317"}],"wp:term":[{"taxonomy":"category","embeddable":true,"href":"https:\/\/novice.si\/page\/wp-json\/wp\/v2\/categories?post=168317"},{"taxonomy":"post_tag","embeddable":true,"href":"https:\/\/novice.si\/page\/wp-json\/wp\/v2\/tags?post=168317"}],"curies":[{"name":"wp","href":"https:\/\/api.w.org\/{rel}","templated":true}]}}