{"id":168305,"date":"2023-10-11T12:21:51","date_gmt":"2023-10-11T10:21:51","guid":{"rendered":"https:\/\/novice.si\/page\/?p=168305"},"modified":"2023-10-11T12:32:09","modified_gmt":"2023-10-11T10:32:09","slug":"v-slovenskih-konjicah-drevi-pogovorni-vecer-z-makedonskim-pisateljem-vladimirjem-jankovskim","status":"publish","type":"post","link":"https:\/\/novice.si\/page\/v-slovenskih-konjicah-drevi-pogovorni-vecer-z-makedonskim-pisateljem-vladimirjem-jankovskim\/","title":{"rendered":"V Slovenskih Konjicah drevi pogovorni ve\u010der z makedonskim pisateljem Vladimirjem Jankovskim"},"content":{"rendered":"<p><strong>V Slovenskih Konjicah bo drevi mednarodna \u010dajanka, pogovorni ve\u010der z ve\u010dkrat nagrajenim makedonskim pisateljem, prevajalcem in urednikom Vladimirjem Jankovskim. <\/strong><\/p>\n<p>Pogovor, ki bo potekal v srbohrva\u0161kem jeziku v prostorih Doma kulture, bo vodila in prevajala pisateljica <strong>Adriana Ku\u010di<\/strong>.<br \/>\nGovorila bosta o njegovi v sloven\u0161\u010dino prevedeni knjigi <em>Skrite \u017eelje, nemirna potovanja,\u00a0<\/em>ki je to leto iz\u0161la pri zalo\u017ebi Goga, pa tudi o drugih temah.<\/p>\n<p><strong>Vladimir Jankovski\u00a0<\/strong><br \/>\n<strong><img loading=\"lazy\" decoding=\"async\" class=\"wp-image-168306 alignleft\" src=\"https:\/\/novice.si\/page\/wp-content\/uploads\/2023\/10\/Vladimir-Jankovski-01_portret-credits-Sasho-Dimovski-768x512-1-600x400.jpg\" alt=\"\" width=\"314\" height=\"209\" srcset=\"https:\/\/novice.si\/page\/wp-content\/uploads\/2023\/10\/Vladimir-Jankovski-01_portret-credits-Sasho-Dimovski-768x512-1-600x400.jpg 600w, https:\/\/novice.si\/page\/wp-content\/uploads\/2023\/10\/Vladimir-Jankovski-01_portret-credits-Sasho-Dimovski-768x512-1-696x464.jpg 696w, https:\/\/novice.si\/page\/wp-content\/uploads\/2023\/10\/Vladimir-Jankovski-01_portret-credits-Sasho-Dimovski-768x512-1-630x420.jpg 630w, https:\/\/novice.si\/page\/wp-content\/uploads\/2023\/10\/Vladimir-Jankovski-01_portret-credits-Sasho-Dimovski-768x512-1-24x16.jpg 24w, https:\/\/novice.si\/page\/wp-content\/uploads\/2023\/10\/Vladimir-Jankovski-01_portret-credits-Sasho-Dimovski-768x512-1-36x24.jpg 36w, https:\/\/novice.si\/page\/wp-content\/uploads\/2023\/10\/Vladimir-Jankovski-01_portret-credits-Sasho-Dimovski-768x512-1-48x32.jpg 48w, https:\/\/novice.si\/page\/wp-content\/uploads\/2023\/10\/Vladimir-Jankovski-01_portret-credits-Sasho-Dimovski-768x512-1.jpg 768w\" sizes=\"auto, (max-width: 314px) 100vw, 314px\" \/>Vladimir Jankovski<\/strong> je diplomiral iz splo\u0161ne in primerjalne knji\u017eevnosti v Skopju. Delal je kot urednik pri ve\u010d zalo\u017ebah. Objavil je tri romane: Ve\u010dni sedanjik (2010), Nevidne ljubezni (2015) in Skrite \u017eelje, nemirna potovanja (2020).<br \/>\nZa Nevidne ljubezni je prejel dr\u017eavno (Racinovo) priznanje za najbolj\u0161o prozno delo, za Skrite \u017eelje, nemirna potovanja pa dr\u017eavno nagrado roman leta, oba romana sta bila nominirana za mednarodno nagrado balkanika, slednji tudi za nagrado Evropske unije za knji\u017eevnost. Ukvarja se tudi s knji\u017eevnim prevajanjem. Za prevod Penelopiade Margaret Atwood je prejel nagrado zlato pero, ki jo podeljuje Zdru\u017eenje knji\u017eevnih prevajalcev Severne Makedonije.<\/p>\n<p><strong>Skrite \u017eelje, nemirna potovanja<\/strong><\/p>\n<p><em><img loading=\"lazy\" decoding=\"async\" class=\"wp-image-168307 alignleft\" src=\"https:\/\/novice.si\/page\/wp-content\/uploads\/2023\/10\/Goga-Jankovski-Skrite-zelje-nemirna-potovanja-naslovnica-scaled-1-395x600.jpg\" alt=\"\" width=\"225\" height=\"342\" srcset=\"https:\/\/novice.si\/page\/wp-content\/uploads\/2023\/10\/Goga-Jankovski-Skrite-zelje-nemirna-potovanja-naslovnica-scaled-1-395x600.jpg 395w, https:\/\/novice.si\/page\/wp-content\/uploads\/2023\/10\/Goga-Jankovski-Skrite-zelje-nemirna-potovanja-naslovnica-scaled-1-674x1024.jpg 674w, https:\/\/novice.si\/page\/wp-content\/uploads\/2023\/10\/Goga-Jankovski-Skrite-zelje-nemirna-potovanja-naslovnica-scaled-1-768x1166.jpg 768w, https:\/\/novice.si\/page\/wp-content\/uploads\/2023\/10\/Goga-Jankovski-Skrite-zelje-nemirna-potovanja-naslovnica-scaled-1-1012x1536.jpg 1012w, https:\/\/novice.si\/page\/wp-content\/uploads\/2023\/10\/Goga-Jankovski-Skrite-zelje-nemirna-potovanja-naslovnica-scaled-1-1349x2048.jpg 1349w, https:\/\/novice.si\/page\/wp-content\/uploads\/2023\/10\/Goga-Jankovski-Skrite-zelje-nemirna-potovanja-naslovnica-scaled-1-696x1057.jpg 696w, https:\/\/novice.si\/page\/wp-content\/uploads\/2023\/10\/Goga-Jankovski-Skrite-zelje-nemirna-potovanja-naslovnica-scaled-1-1068x1622.jpg 1068w, https:\/\/novice.si\/page\/wp-content\/uploads\/2023\/10\/Goga-Jankovski-Skrite-zelje-nemirna-potovanja-naslovnica-scaled-1-277x420.jpg 277w, https:\/\/novice.si\/page\/wp-content\/uploads\/2023\/10\/Goga-Jankovski-Skrite-zelje-nemirna-potovanja-naslovnica-scaled-1-16x24.jpg 16w, https:\/\/novice.si\/page\/wp-content\/uploads\/2023\/10\/Goga-Jankovski-Skrite-zelje-nemirna-potovanja-naslovnica-scaled-1-24x36.jpg 24w, https:\/\/novice.si\/page\/wp-content\/uploads\/2023\/10\/Goga-Jankovski-Skrite-zelje-nemirna-potovanja-naslovnica-scaled-1-32x48.jpg 32w, https:\/\/novice.si\/page\/wp-content\/uploads\/2023\/10\/Goga-Jankovski-Skrite-zelje-nemirna-potovanja-naslovnica-scaled-1.jpg 1686w\" sizes=\"auto, (max-width: 225px) 100vw, 225px\" \/>Skrite \u017eelje, nemirna potovanja<\/em> je roman o kaoti\u010dni sedanjosti, v katerem se zgodbe petdesetih ljudi z razli\u010dnih geografskih koordinat prepletajo z zgodbami \u0161tirih oseb, ki \u017eivijo v Skopju.<br \/>\nStikanja in kri\u017eanja so izhodi\u0161\u010da za idejne kontrapunkte, drobne dramatur\u0161ke zasuke, skrbno niansirane podtekste. V mrgolenju zgodb se zrcalijo nekatere prevladujo\u010de teme sodobne dru\u017ebe, kot so razmerje med realnim in virtualnim, izbiranje med uspehom ali poslanstvom, destruktivnost, predvsem pa nenehno iskanje samega sebe.<br \/>\nV Skritih \u017eeljah, nemirnih potovanjih se iskanje sebe manifestira kot potovanje drugam in k drugim, kot izstopanje iz lastnih \u017eivljenj in omejitev, saj je \u00bbv\u010dasih te\u017eko \u017eiveti samo eno \u017eivljenje, \u017eiveti samo svoje \u017eivljenje\u00ab.<br \/>\n(Vir: Zalo\u017eba Goga, NK)<\/p>\n<p>&nbsp;<\/p>\n<p>&nbsp;<\/p>\n<p>&nbsp;<\/p>\n","protected":false},"excerpt":{"rendered":"<p>V Slovenskih Konjicah bo drevi mednarodna \u010dajanka, pogovorni ve\u010der z ve\u010dkrat nagrajenim makedonskim pisateljem, prevajalcem in urednikom Vladimirjem Jankovskim. Pogovor, ki bo potekal v srbohrva\u0161kem jeziku v prostorih Doma kulture, bo vodila in prevajala pisateljica Adriana Ku\u010di. Govorila bosta o njegovi v sloven\u0161\u010dino prevedeni knjigi Skrite \u017eelje, nemirna potovanja,\u00a0ki je to leto iz\u0161la pri zalo\u017ebi [&hellip;]<\/p>\n","protected":false},"author":12,"featured_media":168306,"comment_status":"closed","ping_status":"closed","sticky":false,"template":"","format":"standard","meta":{"footnotes":""},"categories":[14,868,16,3108],"tags":[],"class_list":{"0":"post-168305","1":"post","2":"type-post","3":"status-publish","4":"format-standard","5":"has-post-thumbnail","7":"category-aktualno","8":"category-casopisi","9":"category-konjisko","10":"category-radio-rogla"},"yoast_head":"<!-- This site is optimized with the Yoast SEO plugin v27.4 - https:\/\/yoast.com\/product\/yoast-seo-wordpress\/ -->\n<title>V Slovenskih Konjicah drevi pogovorni ve\u010der z makedonskim pisateljem Vladimirjem Jankovskim - Novice.si<\/title>\n<meta name=\"robots\" content=\"index, follow, max-snippet:-1, max-image-preview:large, max-video-preview:-1\" \/>\n<link rel=\"canonical\" href=\"https:\/\/novice.si\/page\/v-slovenskih-konjicah-drevi-pogovorni-vecer-z-makedonskim-pisateljem-vladimirjem-jankovskim\/\" \/>\n<meta property=\"og:locale\" content=\"sl_SI\" \/>\n<meta property=\"og:type\" content=\"article\" \/>\n<meta property=\"og:title\" content=\"V Slovenskih Konjicah drevi pogovorni ve\u010der z makedonskim pisateljem Vladimirjem Jankovskim - Novice.si\" \/>\n<meta property=\"og:description\" content=\"V Slovenskih Konjicah bo drevi mednarodna \u010dajanka, pogovorni ve\u010der z ve\u010dkrat nagrajenim makedonskim pisateljem, prevajalcem in urednikom Vladimirjem Jankovskim. Pogovor, ki bo potekal v srbohrva\u0161kem jeziku v prostorih Doma kulture, bo vodila in prevajala pisateljica Adriana Ku\u010di. Govorila bosta o njegovi v sloven\u0161\u010dino prevedeni knjigi Skrite \u017eelje, nemirna potovanja,\u00a0ki je to leto iz\u0161la pri zalo\u017ebi [&hellip;]\" \/>\n<meta property=\"og:url\" content=\"https:\/\/novice.si\/page\/v-slovenskih-konjicah-drevi-pogovorni-vecer-z-makedonskim-pisateljem-vladimirjem-jankovskim\/\" \/>\n<meta property=\"og:site_name\" content=\"Novice.si\" \/>\n<meta property=\"article:published_time\" content=\"2023-10-11T10:21:51+00:00\" \/>\n<meta property=\"article:modified_time\" content=\"2023-10-11T10:32:09+00:00\" \/>\n<meta property=\"og:image\" content=\"https:\/\/novice.si\/page\/wp-content\/uploads\/2023\/10\/Vladimir-Jankovski-01_portret-credits-Sasho-Dimovski-768x512-1.jpg\" \/>\n\t<meta property=\"og:image:width\" content=\"768\" \/>\n\t<meta property=\"og:image:height\" content=\"512\" \/>\n\t<meta property=\"og:image:type\" content=\"image\/jpeg\" \/>\n<meta name=\"author\" content=\"Uredni\u0161tvo Celjana\" \/>\n<meta name=\"twitter:card\" content=\"summary_large_image\" \/>\n<meta name=\"twitter:label1\" content=\"Written by\" \/>\n\t<meta name=\"twitter:data1\" content=\"Uredni\u0161tvo Celjana\" \/>\n\t<meta name=\"twitter:label2\" content=\"Est. reading time\" \/>\n\t<meta name=\"twitter:data2\" content=\"2 minuti\" \/>\n<script type=\"application\/ld+json\" class=\"yoast-schema-graph\">{\"@context\":\"https:\\\/\\\/schema.org\",\"@graph\":[{\"@type\":\"Article\",\"@id\":\"https:\\\/\\\/novice.si\\\/page\\\/v-slovenskih-konjicah-drevi-pogovorni-vecer-z-makedonskim-pisateljem-vladimirjem-jankovskim\\\/#article\",\"isPartOf\":{\"@id\":\"https:\\\/\\\/novice.si\\\/page\\\/v-slovenskih-konjicah-drevi-pogovorni-vecer-z-makedonskim-pisateljem-vladimirjem-jankovskim\\\/\"},\"author\":{\"name\":\"Uredni\u0161tvo Celjana\",\"@id\":\"https:\\\/\\\/novice.si\\\/page\\\/#\\\/schema\\\/person\\\/51903923b50fefb075bc1cd24fe4d065\"},\"headline\":\"V Slovenskih Konjicah drevi pogovorni ve\u010der z makedonskim pisateljem Vladimirjem Jankovskim\",\"datePublished\":\"2023-10-11T10:21:51+00:00\",\"dateModified\":\"2023-10-11T10:32:09+00:00\",\"mainEntityOfPage\":{\"@id\":\"https:\\\/\\\/novice.si\\\/page\\\/v-slovenskih-konjicah-drevi-pogovorni-vecer-z-makedonskim-pisateljem-vladimirjem-jankovskim\\\/\"},\"wordCount\":314,\"publisher\":{\"@id\":\"https:\\\/\\\/novice.si\\\/page\\\/#organization\"},\"image\":{\"@id\":\"https:\\\/\\\/novice.si\\\/page\\\/v-slovenskih-konjicah-drevi-pogovorni-vecer-z-makedonskim-pisateljem-vladimirjem-jankovskim\\\/#primaryimage\"},\"thumbnailUrl\":\"https:\\\/\\\/novice.si\\\/page\\\/wp-content\\\/uploads\\\/2023\\\/10\\\/Vladimir-Jankovski-01_portret-credits-Sasho-Dimovski-768x512-1.jpg\",\"articleSection\":[\"Aktualno\",\"\u010casopisi\",\"Konji\u0161ko\",\"Radio Rogla\"],\"inLanguage\":\"sl-SI\"},{\"@type\":\"WebPage\",\"@id\":\"https:\\\/\\\/novice.si\\\/page\\\/v-slovenskih-konjicah-drevi-pogovorni-vecer-z-makedonskim-pisateljem-vladimirjem-jankovskim\\\/\",\"url\":\"https:\\\/\\\/novice.si\\\/page\\\/v-slovenskih-konjicah-drevi-pogovorni-vecer-z-makedonskim-pisateljem-vladimirjem-jankovskim\\\/\",\"name\":\"V Slovenskih Konjicah drevi pogovorni ve\u010der z makedonskim pisateljem Vladimirjem Jankovskim - Novice.si\",\"isPartOf\":{\"@id\":\"https:\\\/\\\/novice.si\\\/page\\\/#website\"},\"primaryImageOfPage\":{\"@id\":\"https:\\\/\\\/novice.si\\\/page\\\/v-slovenskih-konjicah-drevi-pogovorni-vecer-z-makedonskim-pisateljem-vladimirjem-jankovskim\\\/#primaryimage\"},\"image\":{\"@id\":\"https:\\\/\\\/novice.si\\\/page\\\/v-slovenskih-konjicah-drevi-pogovorni-vecer-z-makedonskim-pisateljem-vladimirjem-jankovskim\\\/#primaryimage\"},\"thumbnailUrl\":\"https:\\\/\\\/novice.si\\\/page\\\/wp-content\\\/uploads\\\/2023\\\/10\\\/Vladimir-Jankovski-01_portret-credits-Sasho-Dimovski-768x512-1.jpg\",\"datePublished\":\"2023-10-11T10:21:51+00:00\",\"dateModified\":\"2023-10-11T10:32:09+00:00\",\"breadcrumb\":{\"@id\":\"https:\\\/\\\/novice.si\\\/page\\\/v-slovenskih-konjicah-drevi-pogovorni-vecer-z-makedonskim-pisateljem-vladimirjem-jankovskim\\\/#breadcrumb\"},\"inLanguage\":\"sl-SI\",\"potentialAction\":[{\"@type\":\"ReadAction\",\"target\":[\"https:\\\/\\\/novice.si\\\/page\\\/v-slovenskih-konjicah-drevi-pogovorni-vecer-z-makedonskim-pisateljem-vladimirjem-jankovskim\\\/\"]}]},{\"@type\":\"ImageObject\",\"inLanguage\":\"sl-SI\",\"@id\":\"https:\\\/\\\/novice.si\\\/page\\\/v-slovenskih-konjicah-drevi-pogovorni-vecer-z-makedonskim-pisateljem-vladimirjem-jankovskim\\\/#primaryimage\",\"url\":\"https:\\\/\\\/novice.si\\\/page\\\/wp-content\\\/uploads\\\/2023\\\/10\\\/Vladimir-Jankovski-01_portret-credits-Sasho-Dimovski-768x512-1.jpg\",\"contentUrl\":\"https:\\\/\\\/novice.si\\\/page\\\/wp-content\\\/uploads\\\/2023\\\/10\\\/Vladimir-Jankovski-01_portret-credits-Sasho-Dimovski-768x512-1.jpg\",\"width\":768,\"height\":512},{\"@type\":\"BreadcrumbList\",\"@id\":\"https:\\\/\\\/novice.si\\\/page\\\/v-slovenskih-konjicah-drevi-pogovorni-vecer-z-makedonskim-pisateljem-vladimirjem-jankovskim\\\/#breadcrumb\",\"itemListElement\":[{\"@type\":\"ListItem\",\"position\":1,\"name\":\"Home\",\"item\":\"https:\\\/\\\/novice.si\\\/page\\\/\"},{\"@type\":\"ListItem\",\"position\":2,\"name\":\"V Slovenskih Konjicah drevi pogovorni ve\u010der z makedonskim pisateljem Vladimirjem Jankovskim\"}]},{\"@type\":\"WebSite\",\"@id\":\"https:\\\/\\\/novice.si\\\/page\\\/#website\",\"url\":\"https:\\\/\\\/novice.si\\\/page\\\/\",\"name\":\"Novice.si\",\"description\":\"\",\"publisher\":{\"@id\":\"https:\\\/\\\/novice.si\\\/page\\\/#organization\"},\"potentialAction\":[{\"@type\":\"SearchAction\",\"target\":{\"@type\":\"EntryPoint\",\"urlTemplate\":\"https:\\\/\\\/novice.si\\\/page\\\/?s={search_term_string}\"},\"query-input\":{\"@type\":\"PropertyValueSpecification\",\"valueRequired\":true,\"valueName\":\"search_term_string\"}}],\"inLanguage\":\"sl-SI\"},{\"@type\":\"Organization\",\"@id\":\"https:\\\/\\\/novice.si\\\/page\\\/#organization\",\"name\":\"Novice.si\",\"url\":\"https:\\\/\\\/novice.si\\\/page\\\/\",\"logo\":{\"@type\":\"ImageObject\",\"inLanguage\":\"sl-SI\",\"@id\":\"https:\\\/\\\/novice.si\\\/page\\\/#\\\/schema\\\/logo\\\/image\\\/\",\"url\":\"https:\\\/\\\/novice.si\\\/page\\\/wp-content\\\/uploads\\\/2023\\\/03\\\/novice_si.png\",\"contentUrl\":\"https:\\\/\\\/novice.si\\\/page\\\/wp-content\\\/uploads\\\/2023\\\/03\\\/novice_si.png\",\"width\":576,\"height\":200,\"caption\":\"Novice.si\"},\"image\":{\"@id\":\"https:\\\/\\\/novice.si\\\/page\\\/#\\\/schema\\\/logo\\\/image\\\/\"}},{\"@type\":\"Person\",\"@id\":\"https:\\\/\\\/novice.si\\\/page\\\/#\\\/schema\\\/person\\\/51903923b50fefb075bc1cd24fe4d065\",\"name\":\"Uredni\u0161tvo Celjana\",\"image\":{\"@type\":\"ImageObject\",\"inLanguage\":\"sl-SI\",\"@id\":\"https:\\\/\\\/secure.gravatar.com\\\/avatar\\\/b516f102aa90b53619e09722b8ea56721c99bfcb4f1035f9b333d99f52330226?s=96&d=mm&r=g\",\"url\":\"https:\\\/\\\/secure.gravatar.com\\\/avatar\\\/b516f102aa90b53619e09722b8ea56721c99bfcb4f1035f9b333d99f52330226?s=96&d=mm&r=g\",\"contentUrl\":\"https:\\\/\\\/secure.gravatar.com\\\/avatar\\\/b516f102aa90b53619e09722b8ea56721c99bfcb4f1035f9b333d99f52330226?s=96&d=mm&r=g\",\"caption\":\"Uredni\u0161tvo Celjana\"},\"url\":\"https:\\\/\\\/novice.si\\\/page\\\/author\\\/nejc\\\/\"}]}<\/script>\n<!-- \/ Yoast SEO plugin. -->","yoast_head_json":{"title":"V Slovenskih Konjicah drevi pogovorni ve\u010der z makedonskim pisateljem Vladimirjem Jankovskim - Novice.si","robots":{"index":"index","follow":"follow","max-snippet":"max-snippet:-1","max-image-preview":"max-image-preview:large","max-video-preview":"max-video-preview:-1"},"canonical":"https:\/\/novice.si\/page\/v-slovenskih-konjicah-drevi-pogovorni-vecer-z-makedonskim-pisateljem-vladimirjem-jankovskim\/","og_locale":"sl_SI","og_type":"article","og_title":"V Slovenskih Konjicah drevi pogovorni ve\u010der z makedonskim pisateljem Vladimirjem Jankovskim - Novice.si","og_description":"V Slovenskih Konjicah bo drevi mednarodna \u010dajanka, pogovorni ve\u010der z ve\u010dkrat nagrajenim makedonskim pisateljem, prevajalcem in urednikom Vladimirjem Jankovskim. Pogovor, ki bo potekal v srbohrva\u0161kem jeziku v prostorih Doma kulture, bo vodila in prevajala pisateljica Adriana Ku\u010di. Govorila bosta o njegovi v sloven\u0161\u010dino prevedeni knjigi Skrite \u017eelje, nemirna potovanja,\u00a0ki je to leto iz\u0161la pri zalo\u017ebi [&hellip;]","og_url":"https:\/\/novice.si\/page\/v-slovenskih-konjicah-drevi-pogovorni-vecer-z-makedonskim-pisateljem-vladimirjem-jankovskim\/","og_site_name":"Novice.si","article_published_time":"2023-10-11T10:21:51+00:00","article_modified_time":"2023-10-11T10:32:09+00:00","og_image":[{"width":768,"height":512,"url":"https:\/\/novice.si\/page\/wp-content\/uploads\/2023\/10\/Vladimir-Jankovski-01_portret-credits-Sasho-Dimovski-768x512-1.jpg","type":"image\/jpeg"}],"author":"Uredni\u0161tvo Celjana","twitter_card":"summary_large_image","twitter_misc":{"Written by":"Uredni\u0161tvo Celjana","Est. reading time":"2 minuti"},"schema":{"@context":"https:\/\/schema.org","@graph":[{"@type":"Article","@id":"https:\/\/novice.si\/page\/v-slovenskih-konjicah-drevi-pogovorni-vecer-z-makedonskim-pisateljem-vladimirjem-jankovskim\/#article","isPartOf":{"@id":"https:\/\/novice.si\/page\/v-slovenskih-konjicah-drevi-pogovorni-vecer-z-makedonskim-pisateljem-vladimirjem-jankovskim\/"},"author":{"name":"Uredni\u0161tvo Celjana","@id":"https:\/\/novice.si\/page\/#\/schema\/person\/51903923b50fefb075bc1cd24fe4d065"},"headline":"V Slovenskih Konjicah drevi pogovorni ve\u010der z makedonskim pisateljem Vladimirjem Jankovskim","datePublished":"2023-10-11T10:21:51+00:00","dateModified":"2023-10-11T10:32:09+00:00","mainEntityOfPage":{"@id":"https:\/\/novice.si\/page\/v-slovenskih-konjicah-drevi-pogovorni-vecer-z-makedonskim-pisateljem-vladimirjem-jankovskim\/"},"wordCount":314,"publisher":{"@id":"https:\/\/novice.si\/page\/#organization"},"image":{"@id":"https:\/\/novice.si\/page\/v-slovenskih-konjicah-drevi-pogovorni-vecer-z-makedonskim-pisateljem-vladimirjem-jankovskim\/#primaryimage"},"thumbnailUrl":"https:\/\/novice.si\/page\/wp-content\/uploads\/2023\/10\/Vladimir-Jankovski-01_portret-credits-Sasho-Dimovski-768x512-1.jpg","articleSection":["Aktualno","\u010casopisi","Konji\u0161ko","Radio Rogla"],"inLanguage":"sl-SI"},{"@type":"WebPage","@id":"https:\/\/novice.si\/page\/v-slovenskih-konjicah-drevi-pogovorni-vecer-z-makedonskim-pisateljem-vladimirjem-jankovskim\/","url":"https:\/\/novice.si\/page\/v-slovenskih-konjicah-drevi-pogovorni-vecer-z-makedonskim-pisateljem-vladimirjem-jankovskim\/","name":"V Slovenskih Konjicah drevi pogovorni ve\u010der z makedonskim pisateljem Vladimirjem Jankovskim - Novice.si","isPartOf":{"@id":"https:\/\/novice.si\/page\/#website"},"primaryImageOfPage":{"@id":"https:\/\/novice.si\/page\/v-slovenskih-konjicah-drevi-pogovorni-vecer-z-makedonskim-pisateljem-vladimirjem-jankovskim\/#primaryimage"},"image":{"@id":"https:\/\/novice.si\/page\/v-slovenskih-konjicah-drevi-pogovorni-vecer-z-makedonskim-pisateljem-vladimirjem-jankovskim\/#primaryimage"},"thumbnailUrl":"https:\/\/novice.si\/page\/wp-content\/uploads\/2023\/10\/Vladimir-Jankovski-01_portret-credits-Sasho-Dimovski-768x512-1.jpg","datePublished":"2023-10-11T10:21:51+00:00","dateModified":"2023-10-11T10:32:09+00:00","breadcrumb":{"@id":"https:\/\/novice.si\/page\/v-slovenskih-konjicah-drevi-pogovorni-vecer-z-makedonskim-pisateljem-vladimirjem-jankovskim\/#breadcrumb"},"inLanguage":"sl-SI","potentialAction":[{"@type":"ReadAction","target":["https:\/\/novice.si\/page\/v-slovenskih-konjicah-drevi-pogovorni-vecer-z-makedonskim-pisateljem-vladimirjem-jankovskim\/"]}]},{"@type":"ImageObject","inLanguage":"sl-SI","@id":"https:\/\/novice.si\/page\/v-slovenskih-konjicah-drevi-pogovorni-vecer-z-makedonskim-pisateljem-vladimirjem-jankovskim\/#primaryimage","url":"https:\/\/novice.si\/page\/wp-content\/uploads\/2023\/10\/Vladimir-Jankovski-01_portret-credits-Sasho-Dimovski-768x512-1.jpg","contentUrl":"https:\/\/novice.si\/page\/wp-content\/uploads\/2023\/10\/Vladimir-Jankovski-01_portret-credits-Sasho-Dimovski-768x512-1.jpg","width":768,"height":512},{"@type":"BreadcrumbList","@id":"https:\/\/novice.si\/page\/v-slovenskih-konjicah-drevi-pogovorni-vecer-z-makedonskim-pisateljem-vladimirjem-jankovskim\/#breadcrumb","itemListElement":[{"@type":"ListItem","position":1,"name":"Home","item":"https:\/\/novice.si\/page\/"},{"@type":"ListItem","position":2,"name":"V Slovenskih Konjicah drevi pogovorni ve\u010der z makedonskim pisateljem Vladimirjem Jankovskim"}]},{"@type":"WebSite","@id":"https:\/\/novice.si\/page\/#website","url":"https:\/\/novice.si\/page\/","name":"Novice.si","description":"","publisher":{"@id":"https:\/\/novice.si\/page\/#organization"},"potentialAction":[{"@type":"SearchAction","target":{"@type":"EntryPoint","urlTemplate":"https:\/\/novice.si\/page\/?s={search_term_string}"},"query-input":{"@type":"PropertyValueSpecification","valueRequired":true,"valueName":"search_term_string"}}],"inLanguage":"sl-SI"},{"@type":"Organization","@id":"https:\/\/novice.si\/page\/#organization","name":"Novice.si","url":"https:\/\/novice.si\/page\/","logo":{"@type":"ImageObject","inLanguage":"sl-SI","@id":"https:\/\/novice.si\/page\/#\/schema\/logo\/image\/","url":"https:\/\/novice.si\/page\/wp-content\/uploads\/2023\/03\/novice_si.png","contentUrl":"https:\/\/novice.si\/page\/wp-content\/uploads\/2023\/03\/novice_si.png","width":576,"height":200,"caption":"Novice.si"},"image":{"@id":"https:\/\/novice.si\/page\/#\/schema\/logo\/image\/"}},{"@type":"Person","@id":"https:\/\/novice.si\/page\/#\/schema\/person\/51903923b50fefb075bc1cd24fe4d065","name":"Uredni\u0161tvo Celjana","image":{"@type":"ImageObject","inLanguage":"sl-SI","@id":"https:\/\/secure.gravatar.com\/avatar\/b516f102aa90b53619e09722b8ea56721c99bfcb4f1035f9b333d99f52330226?s=96&d=mm&r=g","url":"https:\/\/secure.gravatar.com\/avatar\/b516f102aa90b53619e09722b8ea56721c99bfcb4f1035f9b333d99f52330226?s=96&d=mm&r=g","contentUrl":"https:\/\/secure.gravatar.com\/avatar\/b516f102aa90b53619e09722b8ea56721c99bfcb4f1035f9b333d99f52330226?s=96&d=mm&r=g","caption":"Uredni\u0161tvo Celjana"},"url":"https:\/\/novice.si\/page\/author\/nejc\/"}]}},"_links":{"self":[{"href":"https:\/\/novice.si\/page\/wp-json\/wp\/v2\/posts\/168305","targetHints":{"allow":["GET"]}}],"collection":[{"href":"https:\/\/novice.si\/page\/wp-json\/wp\/v2\/posts"}],"about":[{"href":"https:\/\/novice.si\/page\/wp-json\/wp\/v2\/types\/post"}],"author":[{"embeddable":true,"href":"https:\/\/novice.si\/page\/wp-json\/wp\/v2\/users\/12"}],"replies":[{"embeddable":true,"href":"https:\/\/novice.si\/page\/wp-json\/wp\/v2\/comments?post=168305"}],"version-history":[{"count":6,"href":"https:\/\/novice.si\/page\/wp-json\/wp\/v2\/posts\/168305\/revisions"}],"predecessor-version":[{"id":168313,"href":"https:\/\/novice.si\/page\/wp-json\/wp\/v2\/posts\/168305\/revisions\/168313"}],"wp:featuredmedia":[{"embeddable":true,"href":"https:\/\/novice.si\/page\/wp-json\/wp\/v2\/media\/168306"}],"wp:attachment":[{"href":"https:\/\/novice.si\/page\/wp-json\/wp\/v2\/media?parent=168305"}],"wp:term":[{"taxonomy":"category","embeddable":true,"href":"https:\/\/novice.si\/page\/wp-json\/wp\/v2\/categories?post=168305"},{"taxonomy":"post_tag","embeddable":true,"href":"https:\/\/novice.si\/page\/wp-json\/wp\/v2\/tags?post=168305"}],"curies":[{"name":"wp","href":"https:\/\/api.w.org\/{rel}","templated":true}]}}