{"id":168291,"date":"2023-10-11T10:47:36","date_gmt":"2023-10-11T08:47:36","guid":{"rendered":"https:\/\/novice.si\/page\/?p=168291"},"modified":"2023-10-11T10:47:36","modified_gmt":"2023-10-11T08:47:36","slug":"marjan-kampus-delo-v-razredu-je-tisto-kar-bom-pogresal","status":"publish","type":"post","link":"https:\/\/novice.si\/page\/marjan-kampus-delo-v-razredu-je-tisto-kar-bom-pogresal\/","title":{"rendered":"Marjan Kampu\u0161: Delo v razredu je tisto, kar bom pogre\u0161al"},"content":{"rendered":"<p>Marjan Kampu\u0161 je priljubljen profesor na Srednji \u0161oli Slovenska Bistrica (S\u0160SB), ki je septembra na ravnateljskem stol\u010dku nadomestil dolgoletno ravnateljico Ivo Pu\u010dnik Ozimi\u010d.<\/p>\n<p><strong>Septembra ste prevzeli ravnateljevanje na S\u0160SB. S tem je S\u0160SB prvi\u010d od njene ustanovitve dobila novo vodstvo. Bo novo vodstvo v delovanje \u0161ole prineslo kak\u0161ne novosti? <\/strong><\/p>\n<p>Zavedam se, koga sem nadomestil in v kako velike \u010devlje sem stopil. Menim, da mora biti vsaka novost dobro premi\u0161ljena, predvsem pa mora izhajati iz \u017eelja, realnih potreb in vizije vseh dele\u017enikov. Naloga ravnatelja je, da to usklajuje. Dosedanji ukrepi so za\u010drtani v smeri zavedanja, da naj \u0161ola \u0161e bolj nagrajuje trud, prizadevnost in po\u0161teno delo. Pri tem moramo biti dosledni in \u010dlove\u0161ki hkrati.<\/p>\n<p><strong>Kak\u0161en je bil prvi mesec ravnateljevanja \u2013 bi lahko rekli, da je bil po va\u0161ih pri\u010dakovanjih?<\/strong><\/p>\n<p>Zelo pester. K sre\u010di sem imel pretekli dve leti, ko sem opravljal funkcijo pomo\u010dnika ravnateljice, dober vpogled v to, kar me \u010daka. Kljub temu je bilo potrebno postoriti marsikatero administrativno nalogo, \u00bbpostaviti\u00ab novo \u0161olsko leto, predvsem pa veliko sestankovati. V veliko pomo\u010d je pomo\u010dnica ravnatelja, prof. Ur\u0161ka Kru\u0161i\u010d in ostali sodelavci, na katere se lahko zanesem, spremembo v vodstvu sprejemajo z razumevanjem.<\/p>\n<p><img loading=\"lazy\" decoding=\"async\" class=\"alignnone size-medium wp-image-168302\" src=\"https:\/\/novice.si\/page\/wp-content\/uploads\/2023\/10\/Slika1-600x416.jpg\" alt=\"\" width=\"600\" height=\"416\" srcset=\"https:\/\/novice.si\/page\/wp-content\/uploads\/2023\/10\/Slika1-600x416.jpg 600w, https:\/\/novice.si\/page\/wp-content\/uploads\/2023\/10\/Slika1-768x533.jpg 768w, https:\/\/novice.si\/page\/wp-content\/uploads\/2023\/10\/Slika1-100x70.jpg 100w, https:\/\/novice.si\/page\/wp-content\/uploads\/2023\/10\/Slika1-218x150.jpg 218w, https:\/\/novice.si\/page\/wp-content\/uploads\/2023\/10\/Slika1-696x483.jpg 696w, https:\/\/novice.si\/page\/wp-content\/uploads\/2023\/10\/Slika1-606x420.jpg 606w, https:\/\/novice.si\/page\/wp-content\/uploads\/2023\/10\/Slika1-24x17.jpg 24w, https:\/\/novice.si\/page\/wp-content\/uploads\/2023\/10\/Slika1-36x25.jpg 36w, https:\/\/novice.si\/page\/wp-content\/uploads\/2023\/10\/Slika1-48x33.jpg 48w, https:\/\/novice.si\/page\/wp-content\/uploads\/2023\/10\/Slika1.jpg 940w\" sizes=\"auto, (max-width: 600px) 100vw, 600px\" \/><\/p>\n<p><strong>Med dijaki ste zelo priljubljeni, ker ste tako <em>\u010dlove\u0161ki<\/em>. Kaj vas dela tak\u0161nega oz. se za to zavestno trudite vsak dan znova? Nenazadnje v dana\u0161njih \u010dasih biti profesor, pedagog, ni lahka naloga \u2026<\/strong><\/p>\n<p>Ob prvem vpra\u0161anju se vedno spomnim na besede pokojnega ravnatelja I. gimnazije v Mariboru, ki je neko\u010d dejal, da dobrega profesorja ne naredi\u0161, dober profesor se rodi. O\u010ditno mi je poklic profesorja pisan na ko\u017eo. V razredu sem se zmeraj po\u010dutil zelo dobro, predvsem zaradi energije, ki ti jo dajo dijaki. Biti profesor neko\u010d in danes je po mojem prepri\u010danju bila in bo enako odgovorna in zahtevna naloga. V tem poklicu se je potrebno vedno znova prilagajati, izobra\u017eevati in iti v korak s \u010dasom z razmerami in okoli\u0161\u010dinami, ki nas obdajajo. Ne glede na to, koliko si star in v katerem desetletju ali stoletju pou\u010duje\u0161.<\/p>\n<p><strong>Dobri dve desetletji je va\u0161e delovno mesto bilo razred, bili ste obdani z dijaki \u2026 Zdaj bo tega manj, a ve\u010d papirologije. Kako se boste soo\u010dili s tem, vam bo to ugajalo? In kako boste ohranjali stik z dijaki?<\/strong><\/p>\n<p>Zagotovo je delo v razredu tisto, kar bom pogre\u0161al. Zaradi prvega leta ravnateljevanja sem se zavestno odlo\u010dil, da ne bom pou\u010deval v nobenem oddelku. Bom pa skrbel za to, da dijake obi\u0161\u010dem v razredu, si vzamem \u010das za njih na hodniku, vrata moje pisarne imajo zmeraj odprta. Papirologija ni ravno podro\u010dje, ki bi me razveseljevalo. Jo je pa potrebno urediti brez odloga, hitro in u\u010dinkovito.<\/p>\n<p>&nbsp;<\/p>\n<p>Ve\u010d o mag. Marjanu Kampu\u0161u pa v aktualni oktobrski \u0161tevilki Bistri\u0161kih novic. (A. S.)<\/p>\n","protected":false},"excerpt":{"rendered":"<p>Marjan Kampu\u0161 je priljubljen profesor na Srednji \u0161oli Slovenska Bistrica (S\u0160SB), ki je septembra na ravnateljskem stol\u010dku nadomestil dolgoletno ravnateljico Ivo Pu\u010dnik Ozimi\u010d. Septembra ste prevzeli ravnateljevanje na S\u0160SB. S tem je S\u0160SB prvi\u010d od njene ustanovitve dobila novo vodstvo. Bo novo vodstvo v delovanje \u0161ole prineslo kak\u0161ne novosti? Zavedam se, koga sem nadomestil in [&hellip;]<\/p>\n","protected":false},"author":12,"featured_media":168302,"comment_status":"closed","ping_status":"closed","sticky":false,"template":"","format":"standard","meta":{"footnotes":""},"categories":[14,32],"tags":[17342,5091,10356],"class_list":{"0":"post-168291","1":"post","2":"type-post","3":"status-publish","4":"format-standard","5":"has-post-thumbnail","7":"category-aktualno","8":"category-bistrisko","9":"tag-marjan-kampus","10":"tag-srednja-sola-slovenska-bistrica","11":"tag-sssb"},"yoast_head":"<!-- This site is optimized with the Yoast SEO plugin v27.4 - https:\/\/yoast.com\/product\/yoast-seo-wordpress\/ -->\n<title>Marjan Kampu\u0161: Delo v razredu je tisto, kar bom pogre\u0161al - Novice.si<\/title>\n<meta name=\"robots\" content=\"index, follow, max-snippet:-1, max-image-preview:large, max-video-preview:-1\" \/>\n<link rel=\"canonical\" href=\"https:\/\/novice.si\/page\/marjan-kampus-delo-v-razredu-je-tisto-kar-bom-pogresal\/\" \/>\n<meta property=\"og:locale\" content=\"sl_SI\" \/>\n<meta property=\"og:type\" content=\"article\" \/>\n<meta property=\"og:title\" content=\"Marjan Kampu\u0161: Delo v razredu je tisto, kar bom pogre\u0161al - Novice.si\" \/>\n<meta property=\"og:description\" content=\"Marjan Kampu\u0161 je priljubljen profesor na Srednji \u0161oli Slovenska Bistrica (S\u0160SB), ki je septembra na ravnateljskem stol\u010dku nadomestil dolgoletno ravnateljico Ivo Pu\u010dnik Ozimi\u010d. Septembra ste prevzeli ravnateljevanje na S\u0160SB. S tem je S\u0160SB prvi\u010d od njene ustanovitve dobila novo vodstvo. Bo novo vodstvo v delovanje \u0161ole prineslo kak\u0161ne novosti? Zavedam se, koga sem nadomestil in [&hellip;]\" \/>\n<meta property=\"og:url\" content=\"https:\/\/novice.si\/page\/marjan-kampus-delo-v-razredu-je-tisto-kar-bom-pogresal\/\" \/>\n<meta property=\"og:site_name\" content=\"Novice.si\" \/>\n<meta property=\"article:published_time\" content=\"2023-10-11T08:47:36+00:00\" \/>\n<meta property=\"og:image\" content=\"https:\/\/novice.si\/page\/wp-content\/uploads\/2023\/10\/Slika1.jpg\" \/>\n\t<meta property=\"og:image:width\" content=\"940\" \/>\n\t<meta property=\"og:image:height\" content=\"652\" \/>\n\t<meta property=\"og:image:type\" content=\"image\/jpeg\" \/>\n<meta name=\"author\" content=\"Uredni\u0161tvo Celjana\" \/>\n<meta name=\"twitter:card\" content=\"summary_large_image\" \/>\n<meta name=\"twitter:label1\" content=\"Written by\" \/>\n\t<meta name=\"twitter:data1\" content=\"Uredni\u0161tvo Celjana\" \/>\n\t<meta name=\"twitter:label2\" content=\"Est. reading time\" \/>\n\t<meta name=\"twitter:data2\" content=\"3 minute\" \/>\n<script type=\"application\/ld+json\" class=\"yoast-schema-graph\">{\"@context\":\"https:\\\/\\\/schema.org\",\"@graph\":[{\"@type\":\"Article\",\"@id\":\"https:\\\/\\\/novice.si\\\/page\\\/marjan-kampus-delo-v-razredu-je-tisto-kar-bom-pogresal\\\/#article\",\"isPartOf\":{\"@id\":\"https:\\\/\\\/novice.si\\\/page\\\/marjan-kampus-delo-v-razredu-je-tisto-kar-bom-pogresal\\\/\"},\"author\":{\"name\":\"Uredni\u0161tvo Celjana\",\"@id\":\"https:\\\/\\\/novice.si\\\/page\\\/#\\\/schema\\\/person\\\/51903923b50fefb075bc1cd24fe4d065\"},\"headline\":\"Marjan Kampu\u0161: Delo v razredu je tisto, kar bom pogre\u0161al\",\"datePublished\":\"2023-10-11T08:47:36+00:00\",\"mainEntityOfPage\":{\"@id\":\"https:\\\/\\\/novice.si\\\/page\\\/marjan-kampus-delo-v-razredu-je-tisto-kar-bom-pogresal\\\/\"},\"wordCount\":496,\"publisher\":{\"@id\":\"https:\\\/\\\/novice.si\\\/page\\\/#organization\"},\"image\":{\"@id\":\"https:\\\/\\\/novice.si\\\/page\\\/marjan-kampus-delo-v-razredu-je-tisto-kar-bom-pogresal\\\/#primaryimage\"},\"thumbnailUrl\":\"https:\\\/\\\/novice.si\\\/page\\\/wp-content\\\/uploads\\\/2023\\\/10\\\/Slika1.jpg\",\"keywords\":[\"marjan Kampu\u0161\",\"Srednja \u0161ola Slovenska Bistrica\",\"S\u0160SB\"],\"articleSection\":[\"Aktualno\",\"Bistri\u0161ko\"],\"inLanguage\":\"sl-SI\"},{\"@type\":\"WebPage\",\"@id\":\"https:\\\/\\\/novice.si\\\/page\\\/marjan-kampus-delo-v-razredu-je-tisto-kar-bom-pogresal\\\/\",\"url\":\"https:\\\/\\\/novice.si\\\/page\\\/marjan-kampus-delo-v-razredu-je-tisto-kar-bom-pogresal\\\/\",\"name\":\"Marjan Kampu\u0161: Delo v razredu je tisto, kar bom pogre\u0161al - Novice.si\",\"isPartOf\":{\"@id\":\"https:\\\/\\\/novice.si\\\/page\\\/#website\"},\"primaryImageOfPage\":{\"@id\":\"https:\\\/\\\/novice.si\\\/page\\\/marjan-kampus-delo-v-razredu-je-tisto-kar-bom-pogresal\\\/#primaryimage\"},\"image\":{\"@id\":\"https:\\\/\\\/novice.si\\\/page\\\/marjan-kampus-delo-v-razredu-je-tisto-kar-bom-pogresal\\\/#primaryimage\"},\"thumbnailUrl\":\"https:\\\/\\\/novice.si\\\/page\\\/wp-content\\\/uploads\\\/2023\\\/10\\\/Slika1.jpg\",\"datePublished\":\"2023-10-11T08:47:36+00:00\",\"breadcrumb\":{\"@id\":\"https:\\\/\\\/novice.si\\\/page\\\/marjan-kampus-delo-v-razredu-je-tisto-kar-bom-pogresal\\\/#breadcrumb\"},\"inLanguage\":\"sl-SI\",\"potentialAction\":[{\"@type\":\"ReadAction\",\"target\":[\"https:\\\/\\\/novice.si\\\/page\\\/marjan-kampus-delo-v-razredu-je-tisto-kar-bom-pogresal\\\/\"]}]},{\"@type\":\"ImageObject\",\"inLanguage\":\"sl-SI\",\"@id\":\"https:\\\/\\\/novice.si\\\/page\\\/marjan-kampus-delo-v-razredu-je-tisto-kar-bom-pogresal\\\/#primaryimage\",\"url\":\"https:\\\/\\\/novice.si\\\/page\\\/wp-content\\\/uploads\\\/2023\\\/10\\\/Slika1.jpg\",\"contentUrl\":\"https:\\\/\\\/novice.si\\\/page\\\/wp-content\\\/uploads\\\/2023\\\/10\\\/Slika1.jpg\",\"width\":940,\"height\":652},{\"@type\":\"BreadcrumbList\",\"@id\":\"https:\\\/\\\/novice.si\\\/page\\\/marjan-kampus-delo-v-razredu-je-tisto-kar-bom-pogresal\\\/#breadcrumb\",\"itemListElement\":[{\"@type\":\"ListItem\",\"position\":1,\"name\":\"Home\",\"item\":\"https:\\\/\\\/novice.si\\\/page\\\/\"},{\"@type\":\"ListItem\",\"position\":2,\"name\":\"Marjan Kampu\u0161: Delo v razredu je tisto, kar bom pogre\u0161al\"}]},{\"@type\":\"WebSite\",\"@id\":\"https:\\\/\\\/novice.si\\\/page\\\/#website\",\"url\":\"https:\\\/\\\/novice.si\\\/page\\\/\",\"name\":\"Novice.si\",\"description\":\"\",\"publisher\":{\"@id\":\"https:\\\/\\\/novice.si\\\/page\\\/#organization\"},\"potentialAction\":[{\"@type\":\"SearchAction\",\"target\":{\"@type\":\"EntryPoint\",\"urlTemplate\":\"https:\\\/\\\/novice.si\\\/page\\\/?s={search_term_string}\"},\"query-input\":{\"@type\":\"PropertyValueSpecification\",\"valueRequired\":true,\"valueName\":\"search_term_string\"}}],\"inLanguage\":\"sl-SI\"},{\"@type\":\"Organization\",\"@id\":\"https:\\\/\\\/novice.si\\\/page\\\/#organization\",\"name\":\"Novice.si\",\"url\":\"https:\\\/\\\/novice.si\\\/page\\\/\",\"logo\":{\"@type\":\"ImageObject\",\"inLanguage\":\"sl-SI\",\"@id\":\"https:\\\/\\\/novice.si\\\/page\\\/#\\\/schema\\\/logo\\\/image\\\/\",\"url\":\"https:\\\/\\\/novice.si\\\/page\\\/wp-content\\\/uploads\\\/2023\\\/03\\\/novice_si.png\",\"contentUrl\":\"https:\\\/\\\/novice.si\\\/page\\\/wp-content\\\/uploads\\\/2023\\\/03\\\/novice_si.png\",\"width\":576,\"height\":200,\"caption\":\"Novice.si\"},\"image\":{\"@id\":\"https:\\\/\\\/novice.si\\\/page\\\/#\\\/schema\\\/logo\\\/image\\\/\"}},{\"@type\":\"Person\",\"@id\":\"https:\\\/\\\/novice.si\\\/page\\\/#\\\/schema\\\/person\\\/51903923b50fefb075bc1cd24fe4d065\",\"name\":\"Uredni\u0161tvo Celjana\",\"image\":{\"@type\":\"ImageObject\",\"inLanguage\":\"sl-SI\",\"@id\":\"https:\\\/\\\/secure.gravatar.com\\\/avatar\\\/b516f102aa90b53619e09722b8ea56721c99bfcb4f1035f9b333d99f52330226?s=96&d=mm&r=g\",\"url\":\"https:\\\/\\\/secure.gravatar.com\\\/avatar\\\/b516f102aa90b53619e09722b8ea56721c99bfcb4f1035f9b333d99f52330226?s=96&d=mm&r=g\",\"contentUrl\":\"https:\\\/\\\/secure.gravatar.com\\\/avatar\\\/b516f102aa90b53619e09722b8ea56721c99bfcb4f1035f9b333d99f52330226?s=96&d=mm&r=g\",\"caption\":\"Uredni\u0161tvo Celjana\"},\"url\":\"https:\\\/\\\/novice.si\\\/page\\\/author\\\/nejc\\\/\"}]}<\/script>\n<!-- \/ Yoast SEO plugin. -->","yoast_head_json":{"title":"Marjan Kampu\u0161: Delo v razredu je tisto, kar bom pogre\u0161al - Novice.si","robots":{"index":"index","follow":"follow","max-snippet":"max-snippet:-1","max-image-preview":"max-image-preview:large","max-video-preview":"max-video-preview:-1"},"canonical":"https:\/\/novice.si\/page\/marjan-kampus-delo-v-razredu-je-tisto-kar-bom-pogresal\/","og_locale":"sl_SI","og_type":"article","og_title":"Marjan Kampu\u0161: Delo v razredu je tisto, kar bom pogre\u0161al - Novice.si","og_description":"Marjan Kampu\u0161 je priljubljen profesor na Srednji \u0161oli Slovenska Bistrica (S\u0160SB), ki je septembra na ravnateljskem stol\u010dku nadomestil dolgoletno ravnateljico Ivo Pu\u010dnik Ozimi\u010d. Septembra ste prevzeli ravnateljevanje na S\u0160SB. S tem je S\u0160SB prvi\u010d od njene ustanovitve dobila novo vodstvo. Bo novo vodstvo v delovanje \u0161ole prineslo kak\u0161ne novosti? Zavedam se, koga sem nadomestil in [&hellip;]","og_url":"https:\/\/novice.si\/page\/marjan-kampus-delo-v-razredu-je-tisto-kar-bom-pogresal\/","og_site_name":"Novice.si","article_published_time":"2023-10-11T08:47:36+00:00","og_image":[{"width":940,"height":652,"url":"https:\/\/novice.si\/page\/wp-content\/uploads\/2023\/10\/Slika1.jpg","type":"image\/jpeg"}],"author":"Uredni\u0161tvo Celjana","twitter_card":"summary_large_image","twitter_misc":{"Written by":"Uredni\u0161tvo Celjana","Est. reading time":"3 minute"},"schema":{"@context":"https:\/\/schema.org","@graph":[{"@type":"Article","@id":"https:\/\/novice.si\/page\/marjan-kampus-delo-v-razredu-je-tisto-kar-bom-pogresal\/#article","isPartOf":{"@id":"https:\/\/novice.si\/page\/marjan-kampus-delo-v-razredu-je-tisto-kar-bom-pogresal\/"},"author":{"name":"Uredni\u0161tvo Celjana","@id":"https:\/\/novice.si\/page\/#\/schema\/person\/51903923b50fefb075bc1cd24fe4d065"},"headline":"Marjan Kampu\u0161: Delo v razredu je tisto, kar bom pogre\u0161al","datePublished":"2023-10-11T08:47:36+00:00","mainEntityOfPage":{"@id":"https:\/\/novice.si\/page\/marjan-kampus-delo-v-razredu-je-tisto-kar-bom-pogresal\/"},"wordCount":496,"publisher":{"@id":"https:\/\/novice.si\/page\/#organization"},"image":{"@id":"https:\/\/novice.si\/page\/marjan-kampus-delo-v-razredu-je-tisto-kar-bom-pogresal\/#primaryimage"},"thumbnailUrl":"https:\/\/novice.si\/page\/wp-content\/uploads\/2023\/10\/Slika1.jpg","keywords":["marjan Kampu\u0161","Srednja \u0161ola Slovenska Bistrica","S\u0160SB"],"articleSection":["Aktualno","Bistri\u0161ko"],"inLanguage":"sl-SI"},{"@type":"WebPage","@id":"https:\/\/novice.si\/page\/marjan-kampus-delo-v-razredu-je-tisto-kar-bom-pogresal\/","url":"https:\/\/novice.si\/page\/marjan-kampus-delo-v-razredu-je-tisto-kar-bom-pogresal\/","name":"Marjan Kampu\u0161: Delo v razredu je tisto, kar bom pogre\u0161al - Novice.si","isPartOf":{"@id":"https:\/\/novice.si\/page\/#website"},"primaryImageOfPage":{"@id":"https:\/\/novice.si\/page\/marjan-kampus-delo-v-razredu-je-tisto-kar-bom-pogresal\/#primaryimage"},"image":{"@id":"https:\/\/novice.si\/page\/marjan-kampus-delo-v-razredu-je-tisto-kar-bom-pogresal\/#primaryimage"},"thumbnailUrl":"https:\/\/novice.si\/page\/wp-content\/uploads\/2023\/10\/Slika1.jpg","datePublished":"2023-10-11T08:47:36+00:00","breadcrumb":{"@id":"https:\/\/novice.si\/page\/marjan-kampus-delo-v-razredu-je-tisto-kar-bom-pogresal\/#breadcrumb"},"inLanguage":"sl-SI","potentialAction":[{"@type":"ReadAction","target":["https:\/\/novice.si\/page\/marjan-kampus-delo-v-razredu-je-tisto-kar-bom-pogresal\/"]}]},{"@type":"ImageObject","inLanguage":"sl-SI","@id":"https:\/\/novice.si\/page\/marjan-kampus-delo-v-razredu-je-tisto-kar-bom-pogresal\/#primaryimage","url":"https:\/\/novice.si\/page\/wp-content\/uploads\/2023\/10\/Slika1.jpg","contentUrl":"https:\/\/novice.si\/page\/wp-content\/uploads\/2023\/10\/Slika1.jpg","width":940,"height":652},{"@type":"BreadcrumbList","@id":"https:\/\/novice.si\/page\/marjan-kampus-delo-v-razredu-je-tisto-kar-bom-pogresal\/#breadcrumb","itemListElement":[{"@type":"ListItem","position":1,"name":"Home","item":"https:\/\/novice.si\/page\/"},{"@type":"ListItem","position":2,"name":"Marjan Kampu\u0161: Delo v razredu je tisto, kar bom pogre\u0161al"}]},{"@type":"WebSite","@id":"https:\/\/novice.si\/page\/#website","url":"https:\/\/novice.si\/page\/","name":"Novice.si","description":"","publisher":{"@id":"https:\/\/novice.si\/page\/#organization"},"potentialAction":[{"@type":"SearchAction","target":{"@type":"EntryPoint","urlTemplate":"https:\/\/novice.si\/page\/?s={search_term_string}"},"query-input":{"@type":"PropertyValueSpecification","valueRequired":true,"valueName":"search_term_string"}}],"inLanguage":"sl-SI"},{"@type":"Organization","@id":"https:\/\/novice.si\/page\/#organization","name":"Novice.si","url":"https:\/\/novice.si\/page\/","logo":{"@type":"ImageObject","inLanguage":"sl-SI","@id":"https:\/\/novice.si\/page\/#\/schema\/logo\/image\/","url":"https:\/\/novice.si\/page\/wp-content\/uploads\/2023\/03\/novice_si.png","contentUrl":"https:\/\/novice.si\/page\/wp-content\/uploads\/2023\/03\/novice_si.png","width":576,"height":200,"caption":"Novice.si"},"image":{"@id":"https:\/\/novice.si\/page\/#\/schema\/logo\/image\/"}},{"@type":"Person","@id":"https:\/\/novice.si\/page\/#\/schema\/person\/51903923b50fefb075bc1cd24fe4d065","name":"Uredni\u0161tvo Celjana","image":{"@type":"ImageObject","inLanguage":"sl-SI","@id":"https:\/\/secure.gravatar.com\/avatar\/b516f102aa90b53619e09722b8ea56721c99bfcb4f1035f9b333d99f52330226?s=96&d=mm&r=g","url":"https:\/\/secure.gravatar.com\/avatar\/b516f102aa90b53619e09722b8ea56721c99bfcb4f1035f9b333d99f52330226?s=96&d=mm&r=g","contentUrl":"https:\/\/secure.gravatar.com\/avatar\/b516f102aa90b53619e09722b8ea56721c99bfcb4f1035f9b333d99f52330226?s=96&d=mm&r=g","caption":"Uredni\u0161tvo Celjana"},"url":"https:\/\/novice.si\/page\/author\/nejc\/"}]}},"_links":{"self":[{"href":"https:\/\/novice.si\/page\/wp-json\/wp\/v2\/posts\/168291","targetHints":{"allow":["GET"]}}],"collection":[{"href":"https:\/\/novice.si\/page\/wp-json\/wp\/v2\/posts"}],"about":[{"href":"https:\/\/novice.si\/page\/wp-json\/wp\/v2\/types\/post"}],"author":[{"embeddable":true,"href":"https:\/\/novice.si\/page\/wp-json\/wp\/v2\/users\/12"}],"replies":[{"embeddable":true,"href":"https:\/\/novice.si\/page\/wp-json\/wp\/v2\/comments?post=168291"}],"version-history":[{"count":1,"href":"https:\/\/novice.si\/page\/wp-json\/wp\/v2\/posts\/168291\/revisions"}],"predecessor-version":[{"id":168304,"href":"https:\/\/novice.si\/page\/wp-json\/wp\/v2\/posts\/168291\/revisions\/168304"}],"wp:featuredmedia":[{"embeddable":true,"href":"https:\/\/novice.si\/page\/wp-json\/wp\/v2\/media\/168302"}],"wp:attachment":[{"href":"https:\/\/novice.si\/page\/wp-json\/wp\/v2\/media?parent=168291"}],"wp:term":[{"taxonomy":"category","embeddable":true,"href":"https:\/\/novice.si\/page\/wp-json\/wp\/v2\/categories?post=168291"},{"taxonomy":"post_tag","embeddable":true,"href":"https:\/\/novice.si\/page\/wp-json\/wp\/v2\/tags?post=168291"}],"curies":[{"name":"wp","href":"https:\/\/api.w.org\/{rel}","templated":true}]}}