{"id":168287,"date":"2023-10-11T10:38:16","date_gmt":"2023-10-11T08:38:16","guid":{"rendered":"https:\/\/novice.si\/page\/?p=168287"},"modified":"2023-10-11T10:41:56","modified_gmt":"2023-10-11T08:41:56","slug":"kultura-literatura-veronikini-nagrajenki-iva-jevtic-in-miriam-drev","status":"publish","type":"post","link":"https:\/\/novice.si\/page\/kultura-literatura-veronikini-nagrajenki-iva-jevtic-in-miriam-drev\/","title":{"rendered":"KULTURA LITERATURA Veronikini nagrajenki Iva Jevti\u0107 in Miriam Drev o mo\u010di poezije"},"content":{"rendered":"<p><strong>Veronikino nagrado za najbolj\u0161o pesni\u0161ko zbirko leta sta konec avgusta v Celju prejeli pesnici Miriam Drev za zbirko Zdravljenje prednikov in Iva Jevti\u0107 za pesni\u0161ko zbirko Milost.<\/strong><\/p>\n<p>Z avtoricama nagrajenih del so v septembrskih rubrikah Kultura literatura govorili na Radiu Rogla.<br \/>\nPrisluhnete lahko spodaj.<\/p>\n<h3><strong>Iva Jevti\u0107, zbirka Milost:<\/strong><\/h3>\n<figure id=\"attachment_168292\" aria-describedby=\"caption-attachment-168292\" style=\"width: 413px\" class=\"wp-caption aligncenter\"><img loading=\"lazy\" decoding=\"async\" class=\" wp-image-168292\" src=\"https:\/\/novice.si\/page\/wp-content\/uploads\/2023\/10\/IvaJevtic-F-Taj-Kosmac-600x400.jpg\" alt=\"\" width=\"413\" height=\"275\" srcset=\"https:\/\/novice.si\/page\/wp-content\/uploads\/2023\/10\/IvaJevtic-F-Taj-Kosmac-600x400.jpg 600w, https:\/\/novice.si\/page\/wp-content\/uploads\/2023\/10\/IvaJevtic-F-Taj-Kosmac-1024x683.jpg 1024w, https:\/\/novice.si\/page\/wp-content\/uploads\/2023\/10\/IvaJevtic-F-Taj-Kosmac-768x512.jpg 768w, https:\/\/novice.si\/page\/wp-content\/uploads\/2023\/10\/IvaJevtic-F-Taj-Kosmac-1536x1025.jpg 1536w, https:\/\/novice.si\/page\/wp-content\/uploads\/2023\/10\/IvaJevtic-F-Taj-Kosmac-2048x1366.jpg 2048w, https:\/\/novice.si\/page\/wp-content\/uploads\/2023\/10\/IvaJevtic-F-Taj-Kosmac-696x464.jpg 696w, https:\/\/novice.si\/page\/wp-content\/uploads\/2023\/10\/IvaJevtic-F-Taj-Kosmac-1068x712.jpg 1068w, https:\/\/novice.si\/page\/wp-content\/uploads\/2023\/10\/IvaJevtic-F-Taj-Kosmac-630x420.jpg 630w, https:\/\/novice.si\/page\/wp-content\/uploads\/2023\/10\/IvaJevtic-F-Taj-Kosmac-1920x1281.jpg 1920w, https:\/\/novice.si\/page\/wp-content\/uploads\/2023\/10\/IvaJevtic-F-Taj-Kosmac-24x16.jpg 24w, https:\/\/novice.si\/page\/wp-content\/uploads\/2023\/10\/IvaJevtic-F-Taj-Kosmac-36x24.jpg 36w, https:\/\/novice.si\/page\/wp-content\/uploads\/2023\/10\/IvaJevtic-F-Taj-Kosmac-48x32.jpg 48w\" sizes=\"auto, (max-width: 413px) 100vw, 413px\" \/><figcaption id=\"caption-attachment-168292\" class=\"wp-caption-text\">Foto: Taj Kosma\u010d<\/figcaption><\/figure>\n<audio class=\"wp-audio-shortcode\" id=\"audio-168287-1\" preload=\"none\" style=\"width: 100%;\" controls=\"controls\"><source type=\"audio\/mpeg\" src=\"https:\/\/novice.si\/page\/wp-content\/uploads\/2023\/10\/Kultura-literatura-0709-krajse.mp3?_=1\" \/><a href=\"https:\/\/novice.si\/page\/wp-content\/uploads\/2023\/10\/Kultura-literatura-0709-krajse.mp3\">https:\/\/novice.si\/page\/wp-content\/uploads\/2023\/10\/Kultura-literatura-0709-krajse.mp3<\/a><\/audio>\n<p>&nbsp;<\/p>\n<h3><strong>Miriam Drev, zbirka Zdravljenje prednikov:<\/strong><\/h3>\n<figure id=\"attachment_168294\" aria-describedby=\"caption-attachment-168294\" style=\"width: 246px\" class=\"wp-caption aligncenter\"><img loading=\"lazy\" decoding=\"async\" class=\"wp-image-168294\" src=\"https:\/\/novice.si\/page\/wp-content\/uploads\/2023\/10\/miriamDrevF-AlenkaSlavinec-400x600.jpg\" alt=\"\" width=\"246\" height=\"369\" srcset=\"https:\/\/novice.si\/page\/wp-content\/uploads\/2023\/10\/miriamDrevF-AlenkaSlavinec-400x600.jpg 400w, https:\/\/novice.si\/page\/wp-content\/uploads\/2023\/10\/miriamDrevF-AlenkaSlavinec-683x1024.jpg 683w, https:\/\/novice.si\/page\/wp-content\/uploads\/2023\/10\/miriamDrevF-AlenkaSlavinec-768x1152.jpg 768w, https:\/\/novice.si\/page\/wp-content\/uploads\/2023\/10\/miriamDrevF-AlenkaSlavinec-1024x1536.jpg 1024w, https:\/\/novice.si\/page\/wp-content\/uploads\/2023\/10\/miriamDrevF-AlenkaSlavinec-1365x2048.jpg 1365w, https:\/\/novice.si\/page\/wp-content\/uploads\/2023\/10\/miriamDrevF-AlenkaSlavinec-696x1044.jpg 696w, https:\/\/novice.si\/page\/wp-content\/uploads\/2023\/10\/miriamDrevF-AlenkaSlavinec-1068x1602.jpg 1068w, https:\/\/novice.si\/page\/wp-content\/uploads\/2023\/10\/miriamDrevF-AlenkaSlavinec-280x420.jpg 280w, https:\/\/novice.si\/page\/wp-content\/uploads\/2023\/10\/miriamDrevF-AlenkaSlavinec-1920x2880.jpg 1920w, https:\/\/novice.si\/page\/wp-content\/uploads\/2023\/10\/miriamDrevF-AlenkaSlavinec-16x24.jpg 16w, https:\/\/novice.si\/page\/wp-content\/uploads\/2023\/10\/miriamDrevF-AlenkaSlavinec-24x36.jpg 24w, https:\/\/novice.si\/page\/wp-content\/uploads\/2023\/10\/miriamDrevF-AlenkaSlavinec-32x48.jpg 32w, https:\/\/novice.si\/page\/wp-content\/uploads\/2023\/10\/miriamDrevF-AlenkaSlavinec-scaled.jpg 1707w\" sizes=\"auto, (max-width: 246px) 100vw, 246px\" \/><figcaption id=\"caption-attachment-168294\" class=\"wp-caption-text\">Foto: Alenka Slavinec<\/figcaption><\/figure>\n<audio class=\"wp-audio-shortcode\" id=\"audio-168287-2\" preload=\"none\" style=\"width: 100%;\" controls=\"controls\"><source type=\"audio\/mpeg\" src=\"https:\/\/novice.si\/page\/wp-content\/uploads\/2023\/10\/Kultura-literatura-2109-krajse.mp3?_=2\" \/><a href=\"https:\/\/novice.si\/page\/wp-content\/uploads\/2023\/10\/Kultura-literatura-2109-krajse.mp3\">https:\/\/novice.si\/page\/wp-content\/uploads\/2023\/10\/Kultura-literatura-2109-krajse.mp3<\/a><\/audio>\n<p>&nbsp;<\/p>\n<p>Na Veronikinem ve\u010deru poezije so zlatnik poezije za \u017eivljenjski pesni\u0161ki opus in ustvarjalno \u017elahtnjenje slovenskega jezika podelili <strong>Silvani Paletti<\/strong>, nagrado mala Veronika za najbolj\u0161o dija\u0161ko pesem pa <strong>Doroteji Dreven\u0161ek<\/strong>.<\/p>\n<h3><em><strong>Rubrika Kultura literatura, posve\u010dena literaturi in literatom, zlasti z obmo\u010dja \u0160tajerske, je na Radiu Rogla na sporedu vsak \u010detrtek ob 17.20.\u00a0<\/strong><\/em><\/h3>\n<p>(Nina Krobat, Radio Rogla)<\/p>\n<p>&nbsp;<\/p>\n","protected":false},"excerpt":{"rendered":"<p>Veronikino nagrado za najbolj\u0161o pesni\u0161ko zbirko leta sta konec avgusta v Celju prejeli pesnici Miriam Drev za zbirko Zdravljenje prednikov in Iva Jevti\u0107 za pesni\u0161ko zbirko Milost. Z avtoricama nagrajenih del so v septembrskih rubrikah Kultura literatura govorili na Radiu Rogla. Prisluhnete lahko spodaj. Iva Jevti\u0107, zbirka Milost: &nbsp; Miriam Drev, zbirka Zdravljenje prednikov: &nbsp; [&hellip;]<\/p>\n","protected":false},"author":12,"featured_media":168297,"comment_status":"closed","ping_status":"closed","sticky":false,"template":"","format":"standard","meta":{"footnotes":""},"categories":[14,868,142,17,15,16,141,3108],"tags":[18892,10056,18893,18894,498],"class_list":{"0":"post-168287","1":"post","2":"type-post","3":"status-publish","4":"format-standard","5":"has-post-thumbnail","7":"category-aktualno","8":"category-casopisi","9":"category-celjan","10":"category-celjsko","11":"category-druzabno","12":"category-konjisko","13":"category-novice","14":"category-radio-rogla","15":"tag-iva-jevtic","16":"tag-literatura","17":"tag-miriam-drev","18":"tag-radioro-rogla","19":"tag-veronikina-nagrada"},"yoast_head":"<!-- This site is optimized with the Yoast SEO plugin v27.4 - https:\/\/yoast.com\/product\/yoast-seo-wordpress\/ -->\n<title>KULTURA LITERATURA Veronikini nagrajenki Iva Jevti\u0107 in Miriam Drev o mo\u010di poezije - Novice.si<\/title>\n<meta name=\"robots\" content=\"index, follow, max-snippet:-1, max-image-preview:large, max-video-preview:-1\" \/>\n<link rel=\"canonical\" href=\"https:\/\/novice.si\/page\/kultura-literatura-veronikini-nagrajenki-iva-jevtic-in-miriam-drev\/\" \/>\n<meta property=\"og:locale\" content=\"sl_SI\" \/>\n<meta property=\"og:type\" content=\"article\" \/>\n<meta property=\"og:title\" content=\"KULTURA LITERATURA Veronikini nagrajenki Iva Jevti\u0107 in Miriam Drev o mo\u010di poezije - Novice.si\" \/>\n<meta property=\"og:description\" content=\"Veronikino nagrado za najbolj\u0161o pesni\u0161ko zbirko leta sta konec avgusta v Celju prejeli pesnici Miriam Drev za zbirko Zdravljenje prednikov in Iva Jevti\u0107 za pesni\u0161ko zbirko Milost. Z avtoricama nagrajenih del so v septembrskih rubrikah Kultura literatura govorili na Radiu Rogla. Prisluhnete lahko spodaj. Iva Jevti\u0107, zbirka Milost: &nbsp; Miriam Drev, zbirka Zdravljenje prednikov: &nbsp; [&hellip;]\" \/>\n<meta property=\"og:url\" content=\"https:\/\/novice.si\/page\/kultura-literatura-veronikini-nagrajenki-iva-jevtic-in-miriam-drev\/\" \/>\n<meta property=\"og:site_name\" content=\"Novice.si\" \/>\n<meta property=\"article:published_time\" content=\"2023-10-11T08:38:16+00:00\" \/>\n<meta property=\"article:modified_time\" content=\"2023-10-11T08:41:56+00:00\" \/>\n<meta property=\"og:image\" content=\"https:\/\/novice.si\/page\/wp-content\/uploads\/2023\/10\/Izdelek-brez-naslova-9.jpg\" \/>\n\t<meta property=\"og:image:width\" content=\"2000\" \/>\n\t<meta property=\"og:image:height\" content=\"1600\" \/>\n\t<meta property=\"og:image:type\" content=\"image\/jpeg\" \/>\n<meta name=\"author\" content=\"Uredni\u0161tvo Celjana\" \/>\n<meta name=\"twitter:card\" content=\"summary_large_image\" \/>\n<meta name=\"twitter:label1\" content=\"Written by\" \/>\n\t<meta name=\"twitter:data1\" content=\"Uredni\u0161tvo Celjana\" \/>\n\t<meta name=\"twitter:label2\" content=\"Est. reading time\" \/>\n\t<meta name=\"twitter:data2\" content=\"2 minuti\" \/>\n<script type=\"application\/ld+json\" class=\"yoast-schema-graph\">{\"@context\":\"https:\\\/\\\/schema.org\",\"@graph\":[{\"@type\":\"Article\",\"@id\":\"https:\\\/\\\/novice.si\\\/page\\\/kultura-literatura-veronikini-nagrajenki-iva-jevtic-in-miriam-drev\\\/#article\",\"isPartOf\":{\"@id\":\"https:\\\/\\\/novice.si\\\/page\\\/kultura-literatura-veronikini-nagrajenki-iva-jevtic-in-miriam-drev\\\/\"},\"author\":{\"name\":\"Uredni\u0161tvo Celjana\",\"@id\":\"https:\\\/\\\/novice.si\\\/page\\\/#\\\/schema\\\/person\\\/51903923b50fefb075bc1cd24fe4d065\"},\"headline\":\"KULTURA LITERATURA Veronikini nagrajenki Iva Jevti\u0107 in Miriam Drev o mo\u010di poezije\",\"datePublished\":\"2023-10-11T08:38:16+00:00\",\"dateModified\":\"2023-10-11T08:41:56+00:00\",\"mainEntityOfPage\":{\"@id\":\"https:\\\/\\\/novice.si\\\/page\\\/kultura-literatura-veronikini-nagrajenki-iva-jevtic-in-miriam-drev\\\/\"},\"wordCount\":176,\"publisher\":{\"@id\":\"https:\\\/\\\/novice.si\\\/page\\\/#organization\"},\"image\":{\"@id\":\"https:\\\/\\\/novice.si\\\/page\\\/kultura-literatura-veronikini-nagrajenki-iva-jevtic-in-miriam-drev\\\/#primaryimage\"},\"thumbnailUrl\":\"https:\\\/\\\/novice.si\\\/page\\\/wp-content\\\/uploads\\\/2023\\\/10\\\/Izdelek-brez-naslova-9.jpg\",\"keywords\":[\"iva jevti\u0107\",\"literatura\",\"miriam drev\",\"radioro rogla\",\"Veronikina nagrada\"],\"articleSection\":[\"Aktualno\",\"\u010casopisi\",\"Celjan\",\"Celjsko\",\"Dru\u017eabno\",\"Konji\u0161ko\",\"Novice\",\"Radio Rogla\"],\"inLanguage\":\"sl-SI\"},{\"@type\":\"WebPage\",\"@id\":\"https:\\\/\\\/novice.si\\\/page\\\/kultura-literatura-veronikini-nagrajenki-iva-jevtic-in-miriam-drev\\\/\",\"url\":\"https:\\\/\\\/novice.si\\\/page\\\/kultura-literatura-veronikini-nagrajenki-iva-jevtic-in-miriam-drev\\\/\",\"name\":\"KULTURA LITERATURA Veronikini nagrajenki Iva Jevti\u0107 in Miriam Drev o mo\u010di poezije - Novice.si\",\"isPartOf\":{\"@id\":\"https:\\\/\\\/novice.si\\\/page\\\/#website\"},\"primaryImageOfPage\":{\"@id\":\"https:\\\/\\\/novice.si\\\/page\\\/kultura-literatura-veronikini-nagrajenki-iva-jevtic-in-miriam-drev\\\/#primaryimage\"},\"image\":{\"@id\":\"https:\\\/\\\/novice.si\\\/page\\\/kultura-literatura-veronikini-nagrajenki-iva-jevtic-in-miriam-drev\\\/#primaryimage\"},\"thumbnailUrl\":\"https:\\\/\\\/novice.si\\\/page\\\/wp-content\\\/uploads\\\/2023\\\/10\\\/Izdelek-brez-naslova-9.jpg\",\"datePublished\":\"2023-10-11T08:38:16+00:00\",\"dateModified\":\"2023-10-11T08:41:56+00:00\",\"breadcrumb\":{\"@id\":\"https:\\\/\\\/novice.si\\\/page\\\/kultura-literatura-veronikini-nagrajenki-iva-jevtic-in-miriam-drev\\\/#breadcrumb\"},\"inLanguage\":\"sl-SI\",\"potentialAction\":[{\"@type\":\"ReadAction\",\"target\":[\"https:\\\/\\\/novice.si\\\/page\\\/kultura-literatura-veronikini-nagrajenki-iva-jevtic-in-miriam-drev\\\/\"]}]},{\"@type\":\"ImageObject\",\"inLanguage\":\"sl-SI\",\"@id\":\"https:\\\/\\\/novice.si\\\/page\\\/kultura-literatura-veronikini-nagrajenki-iva-jevtic-in-miriam-drev\\\/#primaryimage\",\"url\":\"https:\\\/\\\/novice.si\\\/page\\\/wp-content\\\/uploads\\\/2023\\\/10\\\/Izdelek-brez-naslova-9.jpg\",\"contentUrl\":\"https:\\\/\\\/novice.si\\\/page\\\/wp-content\\\/uploads\\\/2023\\\/10\\\/Izdelek-brez-naslova-9.jpg\",\"width\":2000,\"height\":1600},{\"@type\":\"BreadcrumbList\",\"@id\":\"https:\\\/\\\/novice.si\\\/page\\\/kultura-literatura-veronikini-nagrajenki-iva-jevtic-in-miriam-drev\\\/#breadcrumb\",\"itemListElement\":[{\"@type\":\"ListItem\",\"position\":1,\"name\":\"Home\",\"item\":\"https:\\\/\\\/novice.si\\\/page\\\/\"},{\"@type\":\"ListItem\",\"position\":2,\"name\":\"KULTURA LITERATURA Veronikini nagrajenki Iva Jevti\u0107 in Miriam Drev o mo\u010di poezije\"}]},{\"@type\":\"WebSite\",\"@id\":\"https:\\\/\\\/novice.si\\\/page\\\/#website\",\"url\":\"https:\\\/\\\/novice.si\\\/page\\\/\",\"name\":\"Novice.si\",\"description\":\"\",\"publisher\":{\"@id\":\"https:\\\/\\\/novice.si\\\/page\\\/#organization\"},\"potentialAction\":[{\"@type\":\"SearchAction\",\"target\":{\"@type\":\"EntryPoint\",\"urlTemplate\":\"https:\\\/\\\/novice.si\\\/page\\\/?s={search_term_string}\"},\"query-input\":{\"@type\":\"PropertyValueSpecification\",\"valueRequired\":true,\"valueName\":\"search_term_string\"}}],\"inLanguage\":\"sl-SI\"},{\"@type\":\"Organization\",\"@id\":\"https:\\\/\\\/novice.si\\\/page\\\/#organization\",\"name\":\"Novice.si\",\"url\":\"https:\\\/\\\/novice.si\\\/page\\\/\",\"logo\":{\"@type\":\"ImageObject\",\"inLanguage\":\"sl-SI\",\"@id\":\"https:\\\/\\\/novice.si\\\/page\\\/#\\\/schema\\\/logo\\\/image\\\/\",\"url\":\"https:\\\/\\\/novice.si\\\/page\\\/wp-content\\\/uploads\\\/2023\\\/03\\\/novice_si.png\",\"contentUrl\":\"https:\\\/\\\/novice.si\\\/page\\\/wp-content\\\/uploads\\\/2023\\\/03\\\/novice_si.png\",\"width\":576,\"height\":200,\"caption\":\"Novice.si\"},\"image\":{\"@id\":\"https:\\\/\\\/novice.si\\\/page\\\/#\\\/schema\\\/logo\\\/image\\\/\"}},{\"@type\":\"Person\",\"@id\":\"https:\\\/\\\/novice.si\\\/page\\\/#\\\/schema\\\/person\\\/51903923b50fefb075bc1cd24fe4d065\",\"name\":\"Uredni\u0161tvo Celjana\",\"image\":{\"@type\":\"ImageObject\",\"inLanguage\":\"sl-SI\",\"@id\":\"https:\\\/\\\/secure.gravatar.com\\\/avatar\\\/b516f102aa90b53619e09722b8ea56721c99bfcb4f1035f9b333d99f52330226?s=96&d=mm&r=g\",\"url\":\"https:\\\/\\\/secure.gravatar.com\\\/avatar\\\/b516f102aa90b53619e09722b8ea56721c99bfcb4f1035f9b333d99f52330226?s=96&d=mm&r=g\",\"contentUrl\":\"https:\\\/\\\/secure.gravatar.com\\\/avatar\\\/b516f102aa90b53619e09722b8ea56721c99bfcb4f1035f9b333d99f52330226?s=96&d=mm&r=g\",\"caption\":\"Uredni\u0161tvo Celjana\"},\"url\":\"https:\\\/\\\/novice.si\\\/page\\\/author\\\/nejc\\\/\"}]}<\/script>\n<!-- \/ Yoast SEO plugin. -->","yoast_head_json":{"title":"KULTURA LITERATURA Veronikini nagrajenki Iva Jevti\u0107 in Miriam Drev o mo\u010di poezije - Novice.si","robots":{"index":"index","follow":"follow","max-snippet":"max-snippet:-1","max-image-preview":"max-image-preview:large","max-video-preview":"max-video-preview:-1"},"canonical":"https:\/\/novice.si\/page\/kultura-literatura-veronikini-nagrajenki-iva-jevtic-in-miriam-drev\/","og_locale":"sl_SI","og_type":"article","og_title":"KULTURA LITERATURA Veronikini nagrajenki Iva Jevti\u0107 in Miriam Drev o mo\u010di poezije - Novice.si","og_description":"Veronikino nagrado za najbolj\u0161o pesni\u0161ko zbirko leta sta konec avgusta v Celju prejeli pesnici Miriam Drev za zbirko Zdravljenje prednikov in Iva Jevti\u0107 za pesni\u0161ko zbirko Milost. Z avtoricama nagrajenih del so v septembrskih rubrikah Kultura literatura govorili na Radiu Rogla. Prisluhnete lahko spodaj. Iva Jevti\u0107, zbirka Milost: &nbsp; Miriam Drev, zbirka Zdravljenje prednikov: &nbsp; [&hellip;]","og_url":"https:\/\/novice.si\/page\/kultura-literatura-veronikini-nagrajenki-iva-jevtic-in-miriam-drev\/","og_site_name":"Novice.si","article_published_time":"2023-10-11T08:38:16+00:00","article_modified_time":"2023-10-11T08:41:56+00:00","og_image":[{"width":2000,"height":1600,"url":"https:\/\/novice.si\/page\/wp-content\/uploads\/2023\/10\/Izdelek-brez-naslova-9.jpg","type":"image\/jpeg"}],"author":"Uredni\u0161tvo Celjana","twitter_card":"summary_large_image","twitter_misc":{"Written by":"Uredni\u0161tvo Celjana","Est. reading time":"2 minuti"},"schema":{"@context":"https:\/\/schema.org","@graph":[{"@type":"Article","@id":"https:\/\/novice.si\/page\/kultura-literatura-veronikini-nagrajenki-iva-jevtic-in-miriam-drev\/#article","isPartOf":{"@id":"https:\/\/novice.si\/page\/kultura-literatura-veronikini-nagrajenki-iva-jevtic-in-miriam-drev\/"},"author":{"name":"Uredni\u0161tvo Celjana","@id":"https:\/\/novice.si\/page\/#\/schema\/person\/51903923b50fefb075bc1cd24fe4d065"},"headline":"KULTURA LITERATURA Veronikini nagrajenki Iva Jevti\u0107 in Miriam Drev o mo\u010di poezije","datePublished":"2023-10-11T08:38:16+00:00","dateModified":"2023-10-11T08:41:56+00:00","mainEntityOfPage":{"@id":"https:\/\/novice.si\/page\/kultura-literatura-veronikini-nagrajenki-iva-jevtic-in-miriam-drev\/"},"wordCount":176,"publisher":{"@id":"https:\/\/novice.si\/page\/#organization"},"image":{"@id":"https:\/\/novice.si\/page\/kultura-literatura-veronikini-nagrajenki-iva-jevtic-in-miriam-drev\/#primaryimage"},"thumbnailUrl":"https:\/\/novice.si\/page\/wp-content\/uploads\/2023\/10\/Izdelek-brez-naslova-9.jpg","keywords":["iva jevti\u0107","literatura","miriam drev","radioro rogla","Veronikina nagrada"],"articleSection":["Aktualno","\u010casopisi","Celjan","Celjsko","Dru\u017eabno","Konji\u0161ko","Novice","Radio Rogla"],"inLanguage":"sl-SI"},{"@type":"WebPage","@id":"https:\/\/novice.si\/page\/kultura-literatura-veronikini-nagrajenki-iva-jevtic-in-miriam-drev\/","url":"https:\/\/novice.si\/page\/kultura-literatura-veronikini-nagrajenki-iva-jevtic-in-miriam-drev\/","name":"KULTURA LITERATURA Veronikini nagrajenki Iva Jevti\u0107 in Miriam Drev o mo\u010di poezije - Novice.si","isPartOf":{"@id":"https:\/\/novice.si\/page\/#website"},"primaryImageOfPage":{"@id":"https:\/\/novice.si\/page\/kultura-literatura-veronikini-nagrajenki-iva-jevtic-in-miriam-drev\/#primaryimage"},"image":{"@id":"https:\/\/novice.si\/page\/kultura-literatura-veronikini-nagrajenki-iva-jevtic-in-miriam-drev\/#primaryimage"},"thumbnailUrl":"https:\/\/novice.si\/page\/wp-content\/uploads\/2023\/10\/Izdelek-brez-naslova-9.jpg","datePublished":"2023-10-11T08:38:16+00:00","dateModified":"2023-10-11T08:41:56+00:00","breadcrumb":{"@id":"https:\/\/novice.si\/page\/kultura-literatura-veronikini-nagrajenki-iva-jevtic-in-miriam-drev\/#breadcrumb"},"inLanguage":"sl-SI","potentialAction":[{"@type":"ReadAction","target":["https:\/\/novice.si\/page\/kultura-literatura-veronikini-nagrajenki-iva-jevtic-in-miriam-drev\/"]}]},{"@type":"ImageObject","inLanguage":"sl-SI","@id":"https:\/\/novice.si\/page\/kultura-literatura-veronikini-nagrajenki-iva-jevtic-in-miriam-drev\/#primaryimage","url":"https:\/\/novice.si\/page\/wp-content\/uploads\/2023\/10\/Izdelek-brez-naslova-9.jpg","contentUrl":"https:\/\/novice.si\/page\/wp-content\/uploads\/2023\/10\/Izdelek-brez-naslova-9.jpg","width":2000,"height":1600},{"@type":"BreadcrumbList","@id":"https:\/\/novice.si\/page\/kultura-literatura-veronikini-nagrajenki-iva-jevtic-in-miriam-drev\/#breadcrumb","itemListElement":[{"@type":"ListItem","position":1,"name":"Home","item":"https:\/\/novice.si\/page\/"},{"@type":"ListItem","position":2,"name":"KULTURA LITERATURA Veronikini nagrajenki Iva Jevti\u0107 in Miriam Drev o mo\u010di poezije"}]},{"@type":"WebSite","@id":"https:\/\/novice.si\/page\/#website","url":"https:\/\/novice.si\/page\/","name":"Novice.si","description":"","publisher":{"@id":"https:\/\/novice.si\/page\/#organization"},"potentialAction":[{"@type":"SearchAction","target":{"@type":"EntryPoint","urlTemplate":"https:\/\/novice.si\/page\/?s={search_term_string}"},"query-input":{"@type":"PropertyValueSpecification","valueRequired":true,"valueName":"search_term_string"}}],"inLanguage":"sl-SI"},{"@type":"Organization","@id":"https:\/\/novice.si\/page\/#organization","name":"Novice.si","url":"https:\/\/novice.si\/page\/","logo":{"@type":"ImageObject","inLanguage":"sl-SI","@id":"https:\/\/novice.si\/page\/#\/schema\/logo\/image\/","url":"https:\/\/novice.si\/page\/wp-content\/uploads\/2023\/03\/novice_si.png","contentUrl":"https:\/\/novice.si\/page\/wp-content\/uploads\/2023\/03\/novice_si.png","width":576,"height":200,"caption":"Novice.si"},"image":{"@id":"https:\/\/novice.si\/page\/#\/schema\/logo\/image\/"}},{"@type":"Person","@id":"https:\/\/novice.si\/page\/#\/schema\/person\/51903923b50fefb075bc1cd24fe4d065","name":"Uredni\u0161tvo Celjana","image":{"@type":"ImageObject","inLanguage":"sl-SI","@id":"https:\/\/secure.gravatar.com\/avatar\/b516f102aa90b53619e09722b8ea56721c99bfcb4f1035f9b333d99f52330226?s=96&d=mm&r=g","url":"https:\/\/secure.gravatar.com\/avatar\/b516f102aa90b53619e09722b8ea56721c99bfcb4f1035f9b333d99f52330226?s=96&d=mm&r=g","contentUrl":"https:\/\/secure.gravatar.com\/avatar\/b516f102aa90b53619e09722b8ea56721c99bfcb4f1035f9b333d99f52330226?s=96&d=mm&r=g","caption":"Uredni\u0161tvo Celjana"},"url":"https:\/\/novice.si\/page\/author\/nejc\/"}]}},"_links":{"self":[{"href":"https:\/\/novice.si\/page\/wp-json\/wp\/v2\/posts\/168287","targetHints":{"allow":["GET"]}}],"collection":[{"href":"https:\/\/novice.si\/page\/wp-json\/wp\/v2\/posts"}],"about":[{"href":"https:\/\/novice.si\/page\/wp-json\/wp\/v2\/types\/post"}],"author":[{"embeddable":true,"href":"https:\/\/novice.si\/page\/wp-json\/wp\/v2\/users\/12"}],"replies":[{"embeddable":true,"href":"https:\/\/novice.si\/page\/wp-json\/wp\/v2\/comments?post=168287"}],"version-history":[{"count":8,"href":"https:\/\/novice.si\/page\/wp-json\/wp\/v2\/posts\/168287\/revisions"}],"predecessor-version":[{"id":168303,"href":"https:\/\/novice.si\/page\/wp-json\/wp\/v2\/posts\/168287\/revisions\/168303"}],"wp:featuredmedia":[{"embeddable":true,"href":"https:\/\/novice.si\/page\/wp-json\/wp\/v2\/media\/168297"}],"wp:attachment":[{"href":"https:\/\/novice.si\/page\/wp-json\/wp\/v2\/media?parent=168287"}],"wp:term":[{"taxonomy":"category","embeddable":true,"href":"https:\/\/novice.si\/page\/wp-json\/wp\/v2\/categories?post=168287"},{"taxonomy":"post_tag","embeddable":true,"href":"https:\/\/novice.si\/page\/wp-json\/wp\/v2\/tags?post=168287"}],"curies":[{"name":"wp","href":"https:\/\/api.w.org\/{rel}","templated":true}]}}