{"id":168277,"date":"2023-10-11T12:34:46","date_gmt":"2023-10-11T10:34:46","guid":{"rendered":"https:\/\/novice.si\/page\/?p=168277"},"modified":"2023-10-10T14:36:19","modified_gmt":"2023-10-10T12:36:19","slug":"logistika-kupila-objekt-nekdanje-ekonomske-sole","status":"publish","type":"post","link":"https:\/\/novice.si\/page\/logistika-kupila-objekt-nekdanje-ekonomske-sole\/","title":{"rendered":"Logistika kupila objekt nekdanje Ekonomske \u0161ole"},"content":{"rendered":"<p><em><strong><img loading=\"lazy\" decoding=\"async\" class=\" wp-image-168278 alignright\" src=\"https:\/\/novice.si\/page\/wp-content\/uploads\/2023\/10\/izpostavljeno-seja-1187-foto-moc-600x450.jpg\" alt=\"\" width=\"487\" height=\"365\" srcset=\"https:\/\/novice.si\/page\/wp-content\/uploads\/2023\/10\/izpostavljeno-seja-1187-foto-moc-600x450.jpg 600w, https:\/\/novice.si\/page\/wp-content\/uploads\/2023\/10\/izpostavljeno-seja-1187-foto-moc-1024x768.jpg 1024w, https:\/\/novice.si\/page\/wp-content\/uploads\/2023\/10\/izpostavljeno-seja-1187-foto-moc-768x576.jpg 768w, https:\/\/novice.si\/page\/wp-content\/uploads\/2023\/10\/izpostavljeno-seja-1187-foto-moc-1536x1152.jpg 1536w, https:\/\/novice.si\/page\/wp-content\/uploads\/2023\/10\/izpostavljeno-seja-1187-foto-moc-80x60.jpg 80w, https:\/\/novice.si\/page\/wp-content\/uploads\/2023\/10\/izpostavljeno-seja-1187-foto-moc-265x198.jpg 265w, https:\/\/novice.si\/page\/wp-content\/uploads\/2023\/10\/izpostavljeno-seja-1187-foto-moc-696x522.jpg 696w, https:\/\/novice.si\/page\/wp-content\/uploads\/2023\/10\/izpostavljeno-seja-1187-foto-moc-1068x801.jpg 1068w, https:\/\/novice.si\/page\/wp-content\/uploads\/2023\/10\/izpostavljeno-seja-1187-foto-moc-560x420.jpg 560w, https:\/\/novice.si\/page\/wp-content\/uploads\/2023\/10\/izpostavljeno-seja-1187-foto-moc-1920x1440.jpg 1920w, https:\/\/novice.si\/page\/wp-content\/uploads\/2023\/10\/izpostavljeno-seja-1187-foto-moc-24x18.jpg 24w, https:\/\/novice.si\/page\/wp-content\/uploads\/2023\/10\/izpostavljeno-seja-1187-foto-moc-36x27.jpg 36w, https:\/\/novice.si\/page\/wp-content\/uploads\/2023\/10\/izpostavljeno-seja-1187-foto-moc-48x36.jpg 48w, https:\/\/novice.si\/page\/wp-content\/uploads\/2023\/10\/izpostavljeno-seja-1187-foto-moc.jpg 2000w\" sizes=\"auto, (max-width: 487px) 100vw, 487px\" \/>Prodaja.<\/strong> MOC in Fakulteta za logistiko UM sta se dogovorili za prodajno ceno 1.595.000 \u20ac.<\/em><\/p>\n<p><em><strong>Poplave.<\/strong> Rebalans prora\u010duna bo na novembrski seji.<\/em><\/p>\n<p>Celjski mestni svetniki so se prej\u0161nji teden sestali na \u0161esti redni seji, prvi po poletnih po\u010ditnicah. Uvodoma je \u017eupan Mestne ob\u010dine Celje, Matija Kova\u010d, svetnike seznanil z vrednostjo \u0161kode po poletnih neurjih in poplavah.<\/p>\n<p>Kot je dejal, je bilo po neurjih prijavljenih \u0161kodnih primerov za 2,5 milijona evrov, od tega na javni ob\u010dinski infrastrukturi pribli\u017eno 733 tiso\u010d evrov. Po poplavah pa \u0161koda zna\u0161a ve\u010d kot 12 milijonov evrov, pri \u010demer na javni ob\u010dinski infrastrukturi, skupaj s stro\u0161ki intervencij, zna\u0161a ve\u010d kot 3,2 milijona evrov. Mestna ob\u010dina Celje bo na podlagi teh podatkov pripravila rebalans ob\u010dinskega prora\u010duna, ki ga bo mestni svet obravnaval na novembrski seji.<\/p>\n<p><strong>Fakulteta za logistiko prihaja v mestno jedro<\/strong><\/p>\n<p>Med bolj zanimivimi to\u010dkami dnevnega reda je bila zagotovo prodaja stavbe Ekonomske \u0161ole Celje Fakulteti za logistiko Univerze v Mariboru. Kot je bilo sli\u0161ati na seji, to pomeni veliko pridobitev za mestno jedro, saj je ta stavba \u017ee leta samevala, kar se je poznalo tudi na utripu in ureditvi tega dela mestnega jedra. Novej\u0161i del objekta bo po na\u010drtih Univerze v Mariboru namenjen \u0161tudentom, starej\u0161i del pa za strokovne slu\u017ebe fakultete, dekanat, knji\u017enico in podobno.<\/p>\n<p>S to ureditvijo in pa ob dejstvu, da \u017ee poteka prenova Kajuhovega doma, bo ta kare pridobil povsem novo podobo in prispeval k revitalizaciji mestnega jedra. Spomnimo, da je Mestna ob\u010dina Celje stavbo Ekonomske \u0161ole Celje pridobila z menjalno pogodbo z dr\u017eavo, kar so se trudili dose\u010di \u017ee v prej\u0161njem sestavu ob\u010dinske oblasti. Po pogajanjih v minulih dneh sta MOC in Fakulteta za logistiko UM dogovorili prodajno ceno 1.595.000 \u20ac. O drugih to\u010dkah, ki so bile na dnevnem redu, pa si preberite v aktualnem Celjanu.<\/p>\n","protected":false},"excerpt":{"rendered":"<p>Prodaja. MOC in Fakulteta za logistiko UM sta se dogovorili za prodajno ceno 1.595.000 \u20ac. Poplave. Rebalans prora\u010duna bo na novembrski seji. Celjski mestni svetniki so se prej\u0161nji teden sestali na \u0161esti redni seji, prvi po poletnih po\u010ditnicah. Uvodoma je \u017eupan Mestne ob\u010dine Celje, Matija Kova\u010d, svetnike seznanil z vrednostjo \u0161kode po poletnih neurjih in [&hellip;]<\/p>\n","protected":false},"author":55,"featured_media":168278,"comment_status":"closed","ping_status":"closed","sticky":false,"template":"","format":"standard","meta":{"footnotes":""},"categories":[14,142,17],"tags":[],"class_list":{"0":"post-168277","1":"post","2":"type-post","3":"status-publish","4":"format-standard","5":"has-post-thumbnail","7":"category-aktualno","8":"category-celjan","9":"category-celjsko"},"yoast_head":"<!-- This site is optimized with the Yoast SEO plugin v27.4 - https:\/\/yoast.com\/product\/yoast-seo-wordpress\/ -->\n<title>Logistika kupila objekt nekdanje Ekonomske \u0161ole - Novice.si<\/title>\n<meta name=\"robots\" content=\"index, follow, max-snippet:-1, max-image-preview:large, max-video-preview:-1\" \/>\n<link rel=\"canonical\" href=\"https:\/\/novice.si\/page\/logistika-kupila-objekt-nekdanje-ekonomske-sole\/\" \/>\n<meta property=\"og:locale\" content=\"sl_SI\" \/>\n<meta property=\"og:type\" content=\"article\" \/>\n<meta property=\"og:title\" content=\"Logistika kupila objekt nekdanje Ekonomske \u0161ole - Novice.si\" \/>\n<meta property=\"og:description\" content=\"Prodaja. MOC in Fakulteta za logistiko UM sta se dogovorili za prodajno ceno 1.595.000 \u20ac. Poplave. Rebalans prora\u010duna bo na novembrski seji. Celjski mestni svetniki so se prej\u0161nji teden sestali na \u0161esti redni seji, prvi po poletnih po\u010ditnicah. Uvodoma je \u017eupan Mestne ob\u010dine Celje, Matija Kova\u010d, svetnike seznanil z vrednostjo \u0161kode po poletnih neurjih in [&hellip;]\" \/>\n<meta property=\"og:url\" content=\"https:\/\/novice.si\/page\/logistika-kupila-objekt-nekdanje-ekonomske-sole\/\" \/>\n<meta property=\"og:site_name\" content=\"Novice.si\" \/>\n<meta property=\"article:published_time\" content=\"2023-10-11T10:34:46+00:00\" \/>\n<meta property=\"og:image\" content=\"https:\/\/novice.si\/page\/wp-content\/uploads\/2023\/10\/izpostavljeno-seja-1187-foto-moc.jpg\" \/>\n\t<meta property=\"og:image:width\" content=\"2000\" \/>\n\t<meta property=\"og:image:height\" content=\"1500\" \/>\n\t<meta property=\"og:image:type\" content=\"image\/jpeg\" \/>\n<meta name=\"author\" content=\"Uredni\u0161tvo Celjana\" \/>\n<meta name=\"twitter:card\" content=\"summary_large_image\" \/>\n<meta name=\"twitter:label1\" content=\"Written by\" \/>\n\t<meta name=\"twitter:data1\" content=\"Uredni\u0161tvo Celjana\" \/>\n\t<meta name=\"twitter:label2\" content=\"Est. reading time\" \/>\n\t<meta name=\"twitter:data2\" content=\"2 minuti\" \/>\n<script type=\"application\/ld+json\" class=\"yoast-schema-graph\">{\"@context\":\"https:\\\/\\\/schema.org\",\"@graph\":[{\"@type\":\"Article\",\"@id\":\"https:\\\/\\\/novice.si\\\/page\\\/logistika-kupila-objekt-nekdanje-ekonomske-sole\\\/#article\",\"isPartOf\":{\"@id\":\"https:\\\/\\\/novice.si\\\/page\\\/logistika-kupila-objekt-nekdanje-ekonomske-sole\\\/\"},\"author\":{\"name\":\"Uredni\u0161tvo Celjana\",\"@id\":\"https:\\\/\\\/novice.si\\\/page\\\/#\\\/schema\\\/person\\\/a49f233ef2777ec7b2e8d0662325bb48\"},\"headline\":\"Logistika kupila objekt nekdanje Ekonomske \u0161ole\",\"datePublished\":\"2023-10-11T10:34:46+00:00\",\"mainEntityOfPage\":{\"@id\":\"https:\\\/\\\/novice.si\\\/page\\\/logistika-kupila-objekt-nekdanje-ekonomske-sole\\\/\"},\"wordCount\":318,\"publisher\":{\"@id\":\"https:\\\/\\\/novice.si\\\/page\\\/#organization\"},\"image\":{\"@id\":\"https:\\\/\\\/novice.si\\\/page\\\/logistika-kupila-objekt-nekdanje-ekonomske-sole\\\/#primaryimage\"},\"thumbnailUrl\":\"https:\\\/\\\/novice.si\\\/page\\\/wp-content\\\/uploads\\\/2023\\\/10\\\/izpostavljeno-seja-1187-foto-moc.jpg\",\"articleSection\":[\"Aktualno\",\"Celjan\",\"Celjsko\"],\"inLanguage\":\"sl-SI\"},{\"@type\":\"WebPage\",\"@id\":\"https:\\\/\\\/novice.si\\\/page\\\/logistika-kupila-objekt-nekdanje-ekonomske-sole\\\/\",\"url\":\"https:\\\/\\\/novice.si\\\/page\\\/logistika-kupila-objekt-nekdanje-ekonomske-sole\\\/\",\"name\":\"Logistika kupila objekt nekdanje Ekonomske \u0161ole - Novice.si\",\"isPartOf\":{\"@id\":\"https:\\\/\\\/novice.si\\\/page\\\/#website\"},\"primaryImageOfPage\":{\"@id\":\"https:\\\/\\\/novice.si\\\/page\\\/logistika-kupila-objekt-nekdanje-ekonomske-sole\\\/#primaryimage\"},\"image\":{\"@id\":\"https:\\\/\\\/novice.si\\\/page\\\/logistika-kupila-objekt-nekdanje-ekonomske-sole\\\/#primaryimage\"},\"thumbnailUrl\":\"https:\\\/\\\/novice.si\\\/page\\\/wp-content\\\/uploads\\\/2023\\\/10\\\/izpostavljeno-seja-1187-foto-moc.jpg\",\"datePublished\":\"2023-10-11T10:34:46+00:00\",\"breadcrumb\":{\"@id\":\"https:\\\/\\\/novice.si\\\/page\\\/logistika-kupila-objekt-nekdanje-ekonomske-sole\\\/#breadcrumb\"},\"inLanguage\":\"sl-SI\",\"potentialAction\":[{\"@type\":\"ReadAction\",\"target\":[\"https:\\\/\\\/novice.si\\\/page\\\/logistika-kupila-objekt-nekdanje-ekonomske-sole\\\/\"]}]},{\"@type\":\"ImageObject\",\"inLanguage\":\"sl-SI\",\"@id\":\"https:\\\/\\\/novice.si\\\/page\\\/logistika-kupila-objekt-nekdanje-ekonomske-sole\\\/#primaryimage\",\"url\":\"https:\\\/\\\/novice.si\\\/page\\\/wp-content\\\/uploads\\\/2023\\\/10\\\/izpostavljeno-seja-1187-foto-moc.jpg\",\"contentUrl\":\"https:\\\/\\\/novice.si\\\/page\\\/wp-content\\\/uploads\\\/2023\\\/10\\\/izpostavljeno-seja-1187-foto-moc.jpg\",\"width\":2000,\"height\":1500},{\"@type\":\"BreadcrumbList\",\"@id\":\"https:\\\/\\\/novice.si\\\/page\\\/logistika-kupila-objekt-nekdanje-ekonomske-sole\\\/#breadcrumb\",\"itemListElement\":[{\"@type\":\"ListItem\",\"position\":1,\"name\":\"Home\",\"item\":\"https:\\\/\\\/novice.si\\\/page\\\/\"},{\"@type\":\"ListItem\",\"position\":2,\"name\":\"Logistika kupila objekt nekdanje Ekonomske \u0161ole\"}]},{\"@type\":\"WebSite\",\"@id\":\"https:\\\/\\\/novice.si\\\/page\\\/#website\",\"url\":\"https:\\\/\\\/novice.si\\\/page\\\/\",\"name\":\"Novice.si\",\"description\":\"\",\"publisher\":{\"@id\":\"https:\\\/\\\/novice.si\\\/page\\\/#organization\"},\"potentialAction\":[{\"@type\":\"SearchAction\",\"target\":{\"@type\":\"EntryPoint\",\"urlTemplate\":\"https:\\\/\\\/novice.si\\\/page\\\/?s={search_term_string}\"},\"query-input\":{\"@type\":\"PropertyValueSpecification\",\"valueRequired\":true,\"valueName\":\"search_term_string\"}}],\"inLanguage\":\"sl-SI\"},{\"@type\":\"Organization\",\"@id\":\"https:\\\/\\\/novice.si\\\/page\\\/#organization\",\"name\":\"Novice.si\",\"url\":\"https:\\\/\\\/novice.si\\\/page\\\/\",\"logo\":{\"@type\":\"ImageObject\",\"inLanguage\":\"sl-SI\",\"@id\":\"https:\\\/\\\/novice.si\\\/page\\\/#\\\/schema\\\/logo\\\/image\\\/\",\"url\":\"https:\\\/\\\/novice.si\\\/page\\\/wp-content\\\/uploads\\\/2023\\\/03\\\/novice_si.png\",\"contentUrl\":\"https:\\\/\\\/novice.si\\\/page\\\/wp-content\\\/uploads\\\/2023\\\/03\\\/novice_si.png\",\"width\":576,\"height\":200,\"caption\":\"Novice.si\"},\"image\":{\"@id\":\"https:\\\/\\\/novice.si\\\/page\\\/#\\\/schema\\\/logo\\\/image\\\/\"}},{\"@type\":\"Person\",\"@id\":\"https:\\\/\\\/novice.si\\\/page\\\/#\\\/schema\\\/person\\\/a49f233ef2777ec7b2e8d0662325bb48\",\"name\":\"Uredni\u0161tvo Celjana\",\"image\":{\"@type\":\"ImageObject\",\"inLanguage\":\"sl-SI\",\"@id\":\"https:\\\/\\\/secure.gravatar.com\\\/avatar\\\/7f7863e616af8f92806c638dd1db3f1a238d83d1cc2ec3100afc06fbb7eb303f?s=96&d=mm&r=g\",\"url\":\"https:\\\/\\\/secure.gravatar.com\\\/avatar\\\/7f7863e616af8f92806c638dd1db3f1a238d83d1cc2ec3100afc06fbb7eb303f?s=96&d=mm&r=g\",\"contentUrl\":\"https:\\\/\\\/secure.gravatar.com\\\/avatar\\\/7f7863e616af8f92806c638dd1db3f1a238d83d1cc2ec3100afc06fbb7eb303f?s=96&d=mm&r=g\",\"caption\":\"Uredni\u0161tvo Celjana\"},\"url\":\"https:\\\/\\\/novice.si\\\/page\\\/author\\\/maja\\\/\"}]}<\/script>\n<!-- \/ Yoast SEO plugin. -->","yoast_head_json":{"title":"Logistika kupila objekt nekdanje Ekonomske \u0161ole - Novice.si","robots":{"index":"index","follow":"follow","max-snippet":"max-snippet:-1","max-image-preview":"max-image-preview:large","max-video-preview":"max-video-preview:-1"},"canonical":"https:\/\/novice.si\/page\/logistika-kupila-objekt-nekdanje-ekonomske-sole\/","og_locale":"sl_SI","og_type":"article","og_title":"Logistika kupila objekt nekdanje Ekonomske \u0161ole - Novice.si","og_description":"Prodaja. MOC in Fakulteta za logistiko UM sta se dogovorili za prodajno ceno 1.595.000 \u20ac. Poplave. Rebalans prora\u010duna bo na novembrski seji. Celjski mestni svetniki so se prej\u0161nji teden sestali na \u0161esti redni seji, prvi po poletnih po\u010ditnicah. Uvodoma je \u017eupan Mestne ob\u010dine Celje, Matija Kova\u010d, svetnike seznanil z vrednostjo \u0161kode po poletnih neurjih in [&hellip;]","og_url":"https:\/\/novice.si\/page\/logistika-kupila-objekt-nekdanje-ekonomske-sole\/","og_site_name":"Novice.si","article_published_time":"2023-10-11T10:34:46+00:00","og_image":[{"width":2000,"height":1500,"url":"https:\/\/novice.si\/page\/wp-content\/uploads\/2023\/10\/izpostavljeno-seja-1187-foto-moc.jpg","type":"image\/jpeg"}],"author":"Uredni\u0161tvo Celjana","twitter_card":"summary_large_image","twitter_misc":{"Written by":"Uredni\u0161tvo Celjana","Est. reading time":"2 minuti"},"schema":{"@context":"https:\/\/schema.org","@graph":[{"@type":"Article","@id":"https:\/\/novice.si\/page\/logistika-kupila-objekt-nekdanje-ekonomske-sole\/#article","isPartOf":{"@id":"https:\/\/novice.si\/page\/logistika-kupila-objekt-nekdanje-ekonomske-sole\/"},"author":{"name":"Uredni\u0161tvo Celjana","@id":"https:\/\/novice.si\/page\/#\/schema\/person\/a49f233ef2777ec7b2e8d0662325bb48"},"headline":"Logistika kupila objekt nekdanje Ekonomske \u0161ole","datePublished":"2023-10-11T10:34:46+00:00","mainEntityOfPage":{"@id":"https:\/\/novice.si\/page\/logistika-kupila-objekt-nekdanje-ekonomske-sole\/"},"wordCount":318,"publisher":{"@id":"https:\/\/novice.si\/page\/#organization"},"image":{"@id":"https:\/\/novice.si\/page\/logistika-kupila-objekt-nekdanje-ekonomske-sole\/#primaryimage"},"thumbnailUrl":"https:\/\/novice.si\/page\/wp-content\/uploads\/2023\/10\/izpostavljeno-seja-1187-foto-moc.jpg","articleSection":["Aktualno","Celjan","Celjsko"],"inLanguage":"sl-SI"},{"@type":"WebPage","@id":"https:\/\/novice.si\/page\/logistika-kupila-objekt-nekdanje-ekonomske-sole\/","url":"https:\/\/novice.si\/page\/logistika-kupila-objekt-nekdanje-ekonomske-sole\/","name":"Logistika kupila objekt nekdanje Ekonomske \u0161ole - Novice.si","isPartOf":{"@id":"https:\/\/novice.si\/page\/#website"},"primaryImageOfPage":{"@id":"https:\/\/novice.si\/page\/logistika-kupila-objekt-nekdanje-ekonomske-sole\/#primaryimage"},"image":{"@id":"https:\/\/novice.si\/page\/logistika-kupila-objekt-nekdanje-ekonomske-sole\/#primaryimage"},"thumbnailUrl":"https:\/\/novice.si\/page\/wp-content\/uploads\/2023\/10\/izpostavljeno-seja-1187-foto-moc.jpg","datePublished":"2023-10-11T10:34:46+00:00","breadcrumb":{"@id":"https:\/\/novice.si\/page\/logistika-kupila-objekt-nekdanje-ekonomske-sole\/#breadcrumb"},"inLanguage":"sl-SI","potentialAction":[{"@type":"ReadAction","target":["https:\/\/novice.si\/page\/logistika-kupila-objekt-nekdanje-ekonomske-sole\/"]}]},{"@type":"ImageObject","inLanguage":"sl-SI","@id":"https:\/\/novice.si\/page\/logistika-kupila-objekt-nekdanje-ekonomske-sole\/#primaryimage","url":"https:\/\/novice.si\/page\/wp-content\/uploads\/2023\/10\/izpostavljeno-seja-1187-foto-moc.jpg","contentUrl":"https:\/\/novice.si\/page\/wp-content\/uploads\/2023\/10\/izpostavljeno-seja-1187-foto-moc.jpg","width":2000,"height":1500},{"@type":"BreadcrumbList","@id":"https:\/\/novice.si\/page\/logistika-kupila-objekt-nekdanje-ekonomske-sole\/#breadcrumb","itemListElement":[{"@type":"ListItem","position":1,"name":"Home","item":"https:\/\/novice.si\/page\/"},{"@type":"ListItem","position":2,"name":"Logistika kupila objekt nekdanje Ekonomske \u0161ole"}]},{"@type":"WebSite","@id":"https:\/\/novice.si\/page\/#website","url":"https:\/\/novice.si\/page\/","name":"Novice.si","description":"","publisher":{"@id":"https:\/\/novice.si\/page\/#organization"},"potentialAction":[{"@type":"SearchAction","target":{"@type":"EntryPoint","urlTemplate":"https:\/\/novice.si\/page\/?s={search_term_string}"},"query-input":{"@type":"PropertyValueSpecification","valueRequired":true,"valueName":"search_term_string"}}],"inLanguage":"sl-SI"},{"@type":"Organization","@id":"https:\/\/novice.si\/page\/#organization","name":"Novice.si","url":"https:\/\/novice.si\/page\/","logo":{"@type":"ImageObject","inLanguage":"sl-SI","@id":"https:\/\/novice.si\/page\/#\/schema\/logo\/image\/","url":"https:\/\/novice.si\/page\/wp-content\/uploads\/2023\/03\/novice_si.png","contentUrl":"https:\/\/novice.si\/page\/wp-content\/uploads\/2023\/03\/novice_si.png","width":576,"height":200,"caption":"Novice.si"},"image":{"@id":"https:\/\/novice.si\/page\/#\/schema\/logo\/image\/"}},{"@type":"Person","@id":"https:\/\/novice.si\/page\/#\/schema\/person\/a49f233ef2777ec7b2e8d0662325bb48","name":"Uredni\u0161tvo Celjana","image":{"@type":"ImageObject","inLanguage":"sl-SI","@id":"https:\/\/secure.gravatar.com\/avatar\/7f7863e616af8f92806c638dd1db3f1a238d83d1cc2ec3100afc06fbb7eb303f?s=96&d=mm&r=g","url":"https:\/\/secure.gravatar.com\/avatar\/7f7863e616af8f92806c638dd1db3f1a238d83d1cc2ec3100afc06fbb7eb303f?s=96&d=mm&r=g","contentUrl":"https:\/\/secure.gravatar.com\/avatar\/7f7863e616af8f92806c638dd1db3f1a238d83d1cc2ec3100afc06fbb7eb303f?s=96&d=mm&r=g","caption":"Uredni\u0161tvo Celjana"},"url":"https:\/\/novice.si\/page\/author\/maja\/"}]}},"_links":{"self":[{"href":"https:\/\/novice.si\/page\/wp-json\/wp\/v2\/posts\/168277","targetHints":{"allow":["GET"]}}],"collection":[{"href":"https:\/\/novice.si\/page\/wp-json\/wp\/v2\/posts"}],"about":[{"href":"https:\/\/novice.si\/page\/wp-json\/wp\/v2\/types\/post"}],"author":[{"embeddable":true,"href":"https:\/\/novice.si\/page\/wp-json\/wp\/v2\/users\/55"}],"replies":[{"embeddable":true,"href":"https:\/\/novice.si\/page\/wp-json\/wp\/v2\/comments?post=168277"}],"version-history":[{"count":1,"href":"https:\/\/novice.si\/page\/wp-json\/wp\/v2\/posts\/168277\/revisions"}],"predecessor-version":[{"id":168279,"href":"https:\/\/novice.si\/page\/wp-json\/wp\/v2\/posts\/168277\/revisions\/168279"}],"wp:featuredmedia":[{"embeddable":true,"href":"https:\/\/novice.si\/page\/wp-json\/wp\/v2\/media\/168278"}],"wp:attachment":[{"href":"https:\/\/novice.si\/page\/wp-json\/wp\/v2\/media?parent=168277"}],"wp:term":[{"taxonomy":"category","embeddable":true,"href":"https:\/\/novice.si\/page\/wp-json\/wp\/v2\/categories?post=168277"},{"taxonomy":"post_tag","embeddable":true,"href":"https:\/\/novice.si\/page\/wp-json\/wp\/v2\/tags?post=168277"}],"curies":[{"name":"wp","href":"https:\/\/api.w.org\/{rel}","templated":true}]}}