{"id":168258,"date":"2023-10-09T11:49:31","date_gmt":"2023-10-09T09:49:31","guid":{"rendered":"https:\/\/novice.si\/page\/?p=168258"},"modified":"2023-10-09T21:54:59","modified_gmt":"2023-10-09T19:54:59","slug":"tudi-na-keblju-odlocen-ne-vetrnicam-na-pohorju","status":"publish","type":"post","link":"https:\/\/novice.si\/page\/tudi-na-keblju-odlocen-ne-vetrnicam-na-pohorju\/","title":{"rendered":"Tudi na Keblju odlo\u010den NE vetrnicam na Pohorju"},"content":{"rendered":"<p>Tudi <strong>krajani Keblja<\/strong> so se v\u010deraj, 8. oktobra, na zboru krajanov izrekli proti vetrnim elektrarnam na Pohorju. In to soglasno.<br \/>\nPredstavniki investitorjev, podjetja Energija na veter, so na zboru predstavili na\u010drtovani projekt. A na Keblju tovrstne nalo\u017ebe ne \u017eelijo. \u00bbNa glasovanju smo bili soglasni, izrekli smo se proti vetrnicam in sprejeli smo sklep, da izrecno nasprotujemo postavitvi vetrnih elektrarn na obmo\u010dju KS Kebelj in Pohorja, torej na obmo\u010dju Areha in Treh kraljev,\u00ab pravi predsednik KS Kebelj <strong>Rok Grm. <\/strong><\/p>\n<p>Na obmo\u010dju te krajevne skupnosti je predvidenih vsaj 21 vetrnih elektrarn. Da gre za vro\u010do problematiko, ka\u017ee dobro obiskan zbor. <em>\u00bbPri\u0161lo je okoli 250 ljudi, od tega okoli 160 krajanov, ki so kasneje soglasno glasovali proti vetrnicam,\u00ab<\/em> pove Grm. Investitorju o\u010ditajo, da so pri\u0161li s pojasnili o nalo\u017ebi komaj zdaj, namesto pred petimi leti. In \u0161e to na povabilo krajanov. <em>\u00bbNe da bi nas kdo kaj vpra\u0161al, so hoteli postaviti vetrnice. Ampak mi smo Pohorci. \u010ce ho\u010de\u0161 vzeti, bo\u0161 moral preko nas. Ne odstopamo od svojega stali\u0161\u010da, ne damo kar tako svoje zemlje!\u00ab<\/em> dodaja predsednik KS Kebelj.<\/p>\n<p>Predivoma bodo projekt predstavili tudi na zboru krajanov, ki bo prihodnjo nedeljo, 15. oktobra, <strong>na \u0160martnem na Pohorju.<\/strong><\/p>\n\r\n                <style type=\"text\/css\">\r\n                    \r\n                    #tdi_1  .td-doubleSlider-2 .td-item1 {\r\n                        background: url(https:\/\/novice.si\/page\/wp-content\/uploads\/2023\/10\/385888972_1403807753865535_9155084312099544994_n_2-80x60.jpg) 0 0 no-repeat;\r\n                    }\r\n                    #tdi_1  .td-doubleSlider-2 .td-item2 {\r\n                        background: url(https:\/\/novice.si\/page\/wp-content\/uploads\/2023\/10\/IMG_8975_2-80x60.jpg) 0 0 no-repeat;\r\n                    }\r\n                    #tdi_1  .td-doubleSlider-2 .td-item3 {\r\n                        background: url(https:\/\/novice.si\/page\/wp-content\/uploads\/2023\/10\/IMG_8986_2-80x60.jpg) 0 0 no-repeat;\r\n                    }\r\n                    #tdi_1  .td-doubleSlider-2 .td-item4 {\r\n                        background: url(https:\/\/novice.si\/page\/wp-content\/uploads\/2023\/10\/IMG_9001_2-80x60.jpg) 0 0 no-repeat;\r\n                    }\r\n                    #tdi_1  .td-doubleSlider-2 .td-item5 {\r\n                        background: url(https:\/\/novice.si\/page\/wp-content\/uploads\/2023\/10\/IMG_9003_2-80x60.jpg) 0 0 no-repeat;\r\n                    }\r\n                    #tdi_1  .td-doubleSlider-2 .td-item6 {\r\n                        background: url(https:\/\/novice.si\/page\/wp-content\/uploads\/2023\/10\/IMG_89721_2-80x60.jpg) 0 0 no-repeat;\r\n                    }\r\n                <\/style>\r\n\r\n                <div id=\"tdi_1\" class=\"td-gallery td-slide-on-2-columns\">\r\n                    <div class=\"post_td_gallery\">\r\n                        <div class=\"td-gallery-slide-top\">\r\n                           <div class=\"td-gallery-title\"><\/div>\r\n\r\n                            <div class=\"td-gallery-controls-wrapper\">\r\n                                <div class=\"td-gallery-slide-count\"><span class=\"td-gallery-slide-item-focus\">1<\/span> od 6<\/div>\r\n                                <div class=\"td-gallery-slide-prev-next-but\">\r\n                                    <i class = \"td-icon-left doubleSliderPrevButton\"><\/i>\r\n                                    <i class = \"td-icon-right doubleSliderNextButton\"><\/i>\r\n                                <\/div>\r\n                            <\/div>\r\n                        <\/div>\r\n\r\n                        <div class = \"td-doubleSlider-1 \">\r\n                            <div class = \"td-slider\">\r\n                                \r\n                    <div class = \"td-slide-item td-item1\">\r\n                        <figure class=\"td-slide-galery-figure td-slide-popup-gallery\">\r\n                            <a class=\"slide-gallery-image-link\" href=\"https:\/\/novice.si\/page\/wp-content\/uploads\/2023\/10\/385888972_1403807753865535_9155084312099544994_n_2.jpg\" title=\"385888972_1403807753865535_9155084312099544994_n_2\"  data-caption=\"Na zboru krajanov na Keblju so bili v\u010deraj enotno proti vetrnim elektrarnam.\"  data-description=\"\" data-gallery>\r\n                                <img decoding=\"async\" src=\"https:\/\/novice.si\/page\/wp-content\/uploads\/2023\/10\/385888972_1403807753865535_9155084312099544994_n_2-573x420.jpg\" srcset=\"https:\/\/novice.si\/page\/wp-content\/uploads\/2023\/10\/385888972_1403807753865535_9155084312099544994_n_2-573x420.jpg 573w, https:\/\/novice.si\/page\/wp-content\/uploads\/2023\/10\/385888972_1403807753865535_9155084312099544994_n_2-600x440.jpg 600w, https:\/\/novice.si\/page\/wp-content\/uploads\/2023\/10\/385888972_1403807753865535_9155084312099544994_n_2-768x563.jpg 768w, https:\/\/novice.si\/page\/wp-content\/uploads\/2023\/10\/385888972_1403807753865535_9155084312099544994_n_2-80x60.jpg 80w, https:\/\/novice.si\/page\/wp-content\/uploads\/2023\/10\/385888972_1403807753865535_9155084312099544994_n_2-696x510.jpg 696w, https:\/\/novice.si\/page\/wp-content\/uploads\/2023\/10\/385888972_1403807753865535_9155084312099544994_n_2-24x18.jpg 24w, https:\/\/novice.si\/page\/wp-content\/uploads\/2023\/10\/385888972_1403807753865535_9155084312099544994_n_2-36x26.jpg 36w, https:\/\/novice.si\/page\/wp-content\/uploads\/2023\/10\/385888972_1403807753865535_9155084312099544994_n_2-48x35.jpg 48w, https:\/\/novice.si\/page\/wp-content\/uploads\/2023\/10\/385888972_1403807753865535_9155084312099544994_n_2.jpg 955w\" sizes=\"(max-width: 573px) 100vw, 573px\" alt=\"\">\r\n                            <\/a>\r\n                            <figcaption class = \"td-slide-caption td-gallery-slide-content\"><div class = \"td-gallery-slide-copywrite\">Na zboru krajanov na Keblju so bili v\u010deraj enotno proti vetrnim elektrarnam.<\/div><\/figcaption>\r\n                        <\/figure>\r\n                    <\/div>\r\n                    <div class = \"td-slide-item td-item2\">\r\n                        <figure class=\"td-slide-galery-figure td-slide-popup-gallery\">\r\n                            <a class=\"slide-gallery-image-link\" href=\"https:\/\/novice.si\/page\/wp-content\/uploads\/2023\/10\/IMG_8975_2.jpg\" title=\"IMG_8975_2\"  data-caption=\"Na protestnem shodu na Treh kraljih  28. septembra.\"  data-description=\"\" data-gallery>\r\n                                <img decoding=\"async\" src=\"https:\/\/novice.si\/page\/wp-content\/uploads\/2023\/10\/IMG_8975_2-560x420.jpg\" srcset=\"https:\/\/novice.si\/page\/wp-content\/uploads\/2023\/10\/IMG_8975_2-560x420.jpg 560w, https:\/\/novice.si\/page\/wp-content\/uploads\/2023\/10\/IMG_8975_2-600x450.jpg 600w, https:\/\/novice.si\/page\/wp-content\/uploads\/2023\/10\/IMG_8975_2-768x576.jpg 768w, https:\/\/novice.si\/page\/wp-content\/uploads\/2023\/10\/IMG_8975_2-80x60.jpg 80w, https:\/\/novice.si\/page\/wp-content\/uploads\/2023\/10\/IMG_8975_2-265x198.jpg 265w, https:\/\/novice.si\/page\/wp-content\/uploads\/2023\/10\/IMG_8975_2-696x522.jpg 696w, https:\/\/novice.si\/page\/wp-content\/uploads\/2023\/10\/IMG_8975_2-24x18.jpg 24w, https:\/\/novice.si\/page\/wp-content\/uploads\/2023\/10\/IMG_8975_2-36x27.jpg 36w, https:\/\/novice.si\/page\/wp-content\/uploads\/2023\/10\/IMG_8975_2-48x36.jpg 48w, https:\/\/novice.si\/page\/wp-content\/uploads\/2023\/10\/IMG_8975_2.jpg 933w\" sizes=\"(max-width: 560px) 100vw, 560px\" alt=\"\">\r\n                            <\/a>\r\n                            <figcaption class = \"td-slide-caption td-gallery-slide-content\"><div class = \"td-gallery-slide-copywrite\">Na protestnem shodu na Treh kraljih  28. septembra.<\/div><\/figcaption>\r\n                        <\/figure>\r\n                    <\/div>\r\n                    <div class = \"td-slide-item td-item3\">\r\n                        <figure class=\"td-slide-galery-figure td-slide-popup-gallery\">\r\n                            <a class=\"slide-gallery-image-link\" href=\"https:\/\/novice.si\/page\/wp-content\/uploads\/2023\/10\/IMG_8986_2.jpg\" title=\"IMG_8986_2\"  data-caption=\"Tudi na Tinju so krajani proti, poudarja predsednik. \"  data-description=\"\" data-gallery>\r\n                                <img decoding=\"async\" src=\"https:\/\/novice.si\/page\/wp-content\/uploads\/2023\/10\/IMG_8986_2-560x420.jpg\" srcset=\"https:\/\/novice.si\/page\/wp-content\/uploads\/2023\/10\/IMG_8986_2-560x420.jpg 560w, https:\/\/novice.si\/page\/wp-content\/uploads\/2023\/10\/IMG_8986_2-600x450.jpg 600w, https:\/\/novice.si\/page\/wp-content\/uploads\/2023\/10\/IMG_8986_2-768x576.jpg 768w, https:\/\/novice.si\/page\/wp-content\/uploads\/2023\/10\/IMG_8986_2-80x60.jpg 80w, https:\/\/novice.si\/page\/wp-content\/uploads\/2023\/10\/IMG_8986_2-265x198.jpg 265w, https:\/\/novice.si\/page\/wp-content\/uploads\/2023\/10\/IMG_8986_2-696x522.jpg 696w, https:\/\/novice.si\/page\/wp-content\/uploads\/2023\/10\/IMG_8986_2-24x18.jpg 24w, https:\/\/novice.si\/page\/wp-content\/uploads\/2023\/10\/IMG_8986_2-36x27.jpg 36w, https:\/\/novice.si\/page\/wp-content\/uploads\/2023\/10\/IMG_8986_2-48x36.jpg 48w, https:\/\/novice.si\/page\/wp-content\/uploads\/2023\/10\/IMG_8986_2.jpg 933w\" sizes=\"(max-width: 560px) 100vw, 560px\" alt=\"\">\r\n                            <\/a>\r\n                            <figcaption class = \"td-slide-caption td-gallery-slide-content\"><div class = \"td-gallery-slide-copywrite\">Tudi na Tinju so krajani proti, poudarja predsednik. <\/div><\/figcaption>\r\n                        <\/figure>\r\n                    <\/div>\r\n                    <div class = \"td-slide-item td-item4\">\r\n                        <figure class=\"td-slide-galery-figure td-slide-popup-gallery\">\r\n                            <a class=\"slide-gallery-image-link\" href=\"https:\/\/novice.si\/page\/wp-content\/uploads\/2023\/10\/IMG_9001_2.jpg\" title=\"IMG_9001_2\"  data-caption=\"Na predstavitvi projekta: tudi Mitja Herti\u0161, direktor podjetja Energija na veter\"  data-description=\"\" data-gallery>\r\n                                <img decoding=\"async\" src=\"https:\/\/novice.si\/page\/wp-content\/uploads\/2023\/10\/IMG_9001_2-560x420.jpg\" srcset=\"https:\/\/novice.si\/page\/wp-content\/uploads\/2023\/10\/IMG_9001_2-560x420.jpg 560w, https:\/\/novice.si\/page\/wp-content\/uploads\/2023\/10\/IMG_9001_2-600x450.jpg 600w, https:\/\/novice.si\/page\/wp-content\/uploads\/2023\/10\/IMG_9001_2-768x576.jpg 768w, https:\/\/novice.si\/page\/wp-content\/uploads\/2023\/10\/IMG_9001_2-80x60.jpg 80w, https:\/\/novice.si\/page\/wp-content\/uploads\/2023\/10\/IMG_9001_2-265x198.jpg 265w, https:\/\/novice.si\/page\/wp-content\/uploads\/2023\/10\/IMG_9001_2-696x522.jpg 696w, https:\/\/novice.si\/page\/wp-content\/uploads\/2023\/10\/IMG_9001_2-24x18.jpg 24w, https:\/\/novice.si\/page\/wp-content\/uploads\/2023\/10\/IMG_9001_2-36x27.jpg 36w, https:\/\/novice.si\/page\/wp-content\/uploads\/2023\/10\/IMG_9001_2-48x36.jpg 48w, https:\/\/novice.si\/page\/wp-content\/uploads\/2023\/10\/IMG_9001_2.jpg 933w\" sizes=\"(max-width: 560px) 100vw, 560px\" alt=\"\">\r\n                            <\/a>\r\n                            <figcaption class = \"td-slide-caption td-gallery-slide-content\"><div class = \"td-gallery-slide-copywrite\">Na predstavitvi projekta: tudi Mitja Herti\u0161, direktor podjetja Energija na veter<\/div><\/figcaption>\r\n                        <\/figure>\r\n                    <\/div>\r\n                    <div class = \"td-slide-item td-item5\">\r\n                        <figure class=\"td-slide-galery-figure td-slide-popup-gallery\">\r\n                            <a class=\"slide-gallery-image-link\" href=\"https:\/\/novice.si\/page\/wp-content\/uploads\/2023\/10\/IMG_9003_2.jpg\" title=\"IMG_9003_2\"  data-caption=\"Dru\u017eba Energija na veter je predstavila nalo\u017ebo\"  data-description=\"\" data-gallery>\r\n                                <img decoding=\"async\" src=\"https:\/\/novice.si\/page\/wp-content\/uploads\/2023\/10\/IMG_9003_2-560x420.jpg\" srcset=\"https:\/\/novice.si\/page\/wp-content\/uploads\/2023\/10\/IMG_9003_2-560x420.jpg 560w, https:\/\/novice.si\/page\/wp-content\/uploads\/2023\/10\/IMG_9003_2-600x450.jpg 600w, https:\/\/novice.si\/page\/wp-content\/uploads\/2023\/10\/IMG_9003_2-768x576.jpg 768w, https:\/\/novice.si\/page\/wp-content\/uploads\/2023\/10\/IMG_9003_2-80x60.jpg 80w, https:\/\/novice.si\/page\/wp-content\/uploads\/2023\/10\/IMG_9003_2-265x198.jpg 265w, https:\/\/novice.si\/page\/wp-content\/uploads\/2023\/10\/IMG_9003_2-696x522.jpg 696w, https:\/\/novice.si\/page\/wp-content\/uploads\/2023\/10\/IMG_9003_2-24x18.jpg 24w, https:\/\/novice.si\/page\/wp-content\/uploads\/2023\/10\/IMG_9003_2-36x27.jpg 36w, https:\/\/novice.si\/page\/wp-content\/uploads\/2023\/10\/IMG_9003_2-48x36.jpg 48w, https:\/\/novice.si\/page\/wp-content\/uploads\/2023\/10\/IMG_9003_2.jpg 933w\" sizes=\"(max-width: 560px) 100vw, 560px\" alt=\"\">\r\n                            <\/a>\r\n                            <figcaption class = \"td-slide-caption td-gallery-slide-content\"><div class = \"td-gallery-slide-copywrite\">Dru\u017eba Energija na veter je predstavila nalo\u017ebo<\/div><\/figcaption>\r\n                        <\/figure>\r\n                    <\/div>\r\n                    <div class = \"td-slide-item td-item6\">\r\n                        <figure class=\"td-slide-galery-figure td-slide-popup-gallery\">\r\n                            <a class=\"slide-gallery-image-link\" href=\"https:\/\/novice.si\/page\/wp-content\/uploads\/2023\/10\/IMG_89721_2.jpg\" title=\"IMG_89721_2\"  data-caption=\"Transparenti ob cesti do Treh kraljev \"  data-description=\"\" data-gallery>\r\n                                <img decoding=\"async\" src=\"https:\/\/novice.si\/page\/wp-content\/uploads\/2023\/10\/IMG_89721_2-586x420.jpg\" srcset=\"https:\/\/novice.si\/page\/wp-content\/uploads\/2023\/10\/IMG_89721_2-586x420.jpg 586w, https:\/\/novice.si\/page\/wp-content\/uploads\/2023\/10\/IMG_89721_2-600x430.jpg 600w, https:\/\/novice.si\/page\/wp-content\/uploads\/2023\/10\/IMG_89721_2-768x551.jpg 768w, https:\/\/novice.si\/page\/wp-content\/uploads\/2023\/10\/IMG_89721_2-696x499.jpg 696w, https:\/\/novice.si\/page\/wp-content\/uploads\/2023\/10\/IMG_89721_2-24x17.jpg 24w, https:\/\/novice.si\/page\/wp-content\/uploads\/2023\/10\/IMG_89721_2-36x26.jpg 36w, https:\/\/novice.si\/page\/wp-content\/uploads\/2023\/10\/IMG_89721_2-48x34.jpg 48w, https:\/\/novice.si\/page\/wp-content\/uploads\/2023\/10\/IMG_89721_2.jpg 976w\" sizes=\"(max-width: 586px) 100vw, 586px\" alt=\"\">\r\n                            <\/a>\r\n                            <figcaption class = \"td-slide-caption td-gallery-slide-content\"><div class = \"td-gallery-slide-copywrite\">Transparenti ob cesti do Treh kraljev <\/div><\/figcaption>\r\n                        <\/figure>\r\n                    <\/div>\r\n                            <\/div>\r\n                        <\/div>\r\n\r\n                        <div class = \"td-doubleSlider-2\">\r\n                            <div class = \"td-slider\">\r\n                                \r\n                    <div class = \"td-button td-item1\">\r\n                        <div class = \"td-border\"><\/div>\r\n                    <\/div>\r\n                    <div class = \"td-button td-item2\">\r\n                        <div class = \"td-border\"><\/div>\r\n                    <\/div>\r\n                    <div class = \"td-button td-item3\">\r\n                        <div class = \"td-border\"><\/div>\r\n                    <\/div>\r\n                    <div class = \"td-button td-item4\">\r\n                        <div class = \"td-border\"><\/div>\r\n                    <\/div>\r\n                    <div class = \"td-button td-item5\">\r\n                        <div class = \"td-border\"><\/div>\r\n                    <\/div>\r\n                    <div class = \"td-button td-item6\">\r\n                        <div class = \"td-border\"><\/div>\r\n                    <\/div>\r\n                            <\/div>\r\n                        <\/div>\r\n\r\n                    <\/div>\r\n\r\n                <\/div>\r\n                \n<p><strong>Investitorji z na\u010drti pred javnost<\/strong><\/p>\n<p>Kot je znano namerava dru\u017eba <strong><em>Energija na veter<\/em><\/strong> na obmo\u010dju Rogle, Treh kraljev in Areha postaviti 56 vetrnic, ki bodo visoke kar 200 metrov, nazivna mo\u010d celotnega vetrnega parka naj bi bila 196 mW.<br \/>\nKonec septembra so investicijo predstavili na Treh kraljih. Vetrne\u00a0elektrarne na Pohorju naj ne bi imele posebnih negativnih vplivov na okolje in \u017eivljenje ljudi, je med drugim poudarila <strong>Jana Habjan<\/strong> in dodala, da so pripravljeni na vse nadaljnje pogovore z lokalnim prebivalstvom: \u00bb<em>Na\u0161a edina namera je, da delujemo v dobrobit dru\u017ebe kot celote. Da delujemo v smeri vseh smernic po zelenem prehodu, po obnovljivih virih energije, tudi iz vetra, ki jih potrebujemo vsi, k \u010demur smo se zavezali v Sloveniji in svetu. Na drugi stani tudi, da najdemo dobrobit za krajane, za tiste, ki \u017eivijo na in pod Pohorjem. Da se za njih zagotovijo prednosti, da se zagotovi cenej\u0161a elektri\u010dna energija, za najbli\u017eje tudi brezpla\u010dna el. energija, da se zagotovi mo\u017enost dodatne cestne in druge infrastrukture, ki je potrebna za nadaljnji razvoj Pohorja.\u00ab<\/em><\/p>\n<p><strong>Upajo na razumnej\u0161e odlo\u010ditve krajanov<\/strong><\/p>\n<p>O\u010ditek, da investitor sku\u0161a z drobljenjem projekta zaobiti zakonodajo, zavra\u010dajo, Jana Habjan trdi, da delujejo skladno z zakoni.<br \/>\nPohorje so izbrali na podlagi vseh kriterijev, ki so jih presojali, dodaja Habjan: <em>\u00bbPrvi je veter, ki je bil izmerjen ter potrjen kot odli\u010den in primeren. Klju\u010den segment je to, da imamo mo\u017enost priklopa oz. prevzema vse proizvedene elektri\u010dne energije v omre\u017eje. Lokacija na Pohorju je edina, ki lahko tak\u0161no nazivno mo\u010d prenese. Tu sta v obeh dolinah tudi na voljo dva RTP-ja, ki omogo\u010data tovrsten prevzem. Z Elesom je \u017ee sklenjen dogovor v zvezi s tem.\u00ab <\/em><\/p>\n<p><strong>Koliko bi stal celoten projekt?<\/strong><\/p>\n<p>Gradbeno dovoljenje za postavitev vetrnic je v procesu pridobivanja, nadalje pojasnijo. Lastnik ve\u010dine zemlji\u0161\u010d, kjer naj bi stale, je dr\u017eava. Vrednost celotne investicije je ocenjena na <strong>250 do 300 milijonov evrov<\/strong>; za vseh 56 vetrnih elektrarn, kablovod, cestne povezave, prenovo RTP \u2026 Projekt vodi podjetje Energija na veter, katerega kon\u010dni in dejanski lastnik je <strong>Mitja Herti\u0161<\/strong> \u2013 pojasni Habjan in tudi, da so sredi septembra \u017ee bili na sre\u010danju z eno od bank, ki je pripravljena financirati ta projekt.<\/p>\n<p><strong>Bodo upo\u0161tevali mnenje krajanov? <\/strong><em>\u00bbZ vsako KS smo se pripravljeni posebej pogovarjat o vsaki posamezni vetrni elektrarni. Klju\u010dno je, da se upo\u0161teva krajane, da so oni tisti, ki sprejmejo to investicijo v svoje okolje, ki sprejmejo tudi vse prednosti, ki jih ta investicija ponuja,\u00ab<\/em> je med drugim zagotovila Jana Habjan.<\/p>\n<p>Toda nasprotovanj je vse ve\u010d; mnogo krajanov, tudi v <strong><em>Civilni iniciativi ZA Pohorje brez vetrnih elektrarn<\/em><\/strong><em>,<\/em> vztrajno ponavljajo: \u00bbTega tu ne bomo dovolili!\u00ab<\/p>\n<p><strong>&#8216;Tace stran od Pohorja&#8217;<\/strong><\/p>\n<p>Civilna iniciativa je s protestnim shodom na Treh kraljih odlo\u010dno nasprotovala projektu. Postavili so transparente ob cesti do Treh kraljev in na travniku pod tamkaj\u0161njo cerkvijo, kjer je potekal shod. Na njem se je zbralo okoli sto protestnikov. Ve\u010d govornikov je opozorilo na po njihovem sporno nalo\u017ebo in posledice za naravo, \u017eivljenje na Pohorju.<\/p>\n<p>Tudi v <strong>Krajevni skupnosti Tinje<\/strong> so se na zboru krajanov v septembru soglasno odlo\u010dili, da vetrnic ne \u017eelijo.<\/p>\n<p><strong>Poziv ministrstvu<\/strong><\/p>\n<p>Ob\u010dinski svet <strong>Ob\u010dine Slovenska Bistrica<\/strong> je na septembrski seji izglasoval sklep, s katerim pozivajo upravni organ &#8211; Ministrstvo za naravne vire in prostor, ki vodi so pozvali, <strong>da ustavi <\/strong>(integralni)<strong> postopek za izdajo gradbenega dovoljenja<\/strong> za 35 vetrnih elektrarn na obmo\u010dju Treh kraljev in Areha. Hkrati so ministrstvo pozvali, da ustavi tudi vse ostale morebitne postopke ume\u0161\u010danja vetrnih elektrarn na Pohorje, ki so v teku ali so na\u010drtovane.\u00a0(B. Petelin\u0161ek)<\/p>\n<p>&nbsp;<\/p>\n","protected":false},"excerpt":{"rendered":"<p>Tudi krajani Keblja so se v\u010deraj, 8. oktobra, na zboru krajanov izrekli proti vetrnim elektrarnam na Pohorju. In to soglasno. Predstavniki investitorjev, podjetja Energija na veter, so na zboru predstavili na\u010drtovani projekt. A na Keblju tovrstne nalo\u017ebe ne \u017eelijo. \u00bbNa glasovanju smo bili soglasni, izrekli smo se proti vetrnicam in sprejeli smo sklep, da izrecno [&hellip;]<\/p>\n","protected":false},"author":8,"featured_media":168261,"comment_status":"closed","ping_status":"closed","sticky":false,"template":"","format":"standard","meta":{"footnotes":""},"categories":[14,32],"tags":[18019,5210,9746,639,6878],"class_list":{"0":"post-168258","1":"post","2":"type-post","3":"status-publish","4":"format-standard","5":"has-post-thumbnail","7":"category-aktualno","8":"category-bistrisko","9":"tag-energija-na-veter","10":"tag-kebelj","11":"tag-tinje","12":"tag-trije-kralji","13":"tag-vetrne-elektrarne"},"yoast_head":"<!-- This site is optimized with the Yoast SEO plugin v27.4 - https:\/\/yoast.com\/product\/yoast-seo-wordpress\/ -->\n<title>Tudi na Keblju odlo\u010den NE vetrnicam na Pohorju - Novice.si<\/title>\n<meta name=\"robots\" content=\"index, follow, max-snippet:-1, max-image-preview:large, max-video-preview:-1\" \/>\n<link rel=\"canonical\" href=\"https:\/\/novice.si\/page\/tudi-na-keblju-odlocen-ne-vetrnicam-na-pohorju\/\" \/>\n<meta property=\"og:locale\" content=\"sl_SI\" \/>\n<meta property=\"og:type\" content=\"article\" \/>\n<meta property=\"og:title\" content=\"Tudi na Keblju odlo\u010den NE vetrnicam na Pohorju - Novice.si\" \/>\n<meta property=\"og:description\" content=\"Tudi krajani Keblja so se v\u010deraj, 8. oktobra, na zboru krajanov izrekli proti vetrnim elektrarnam na Pohorju. In to soglasno. Predstavniki investitorjev, podjetja Energija na veter, so na zboru predstavili na\u010drtovani projekt. A na Keblju tovrstne nalo\u017ebe ne \u017eelijo. \u00bbNa glasovanju smo bili soglasni, izrekli smo se proti vetrnicam in sprejeli smo sklep, da izrecno [&hellip;]\" \/>\n<meta property=\"og:url\" content=\"https:\/\/novice.si\/page\/tudi-na-keblju-odlocen-ne-vetrnicam-na-pohorju\/\" \/>\n<meta property=\"og:site_name\" content=\"Novice.si\" \/>\n<meta property=\"article:published_time\" content=\"2023-10-09T09:49:31+00:00\" \/>\n<meta property=\"article:modified_time\" content=\"2023-10-09T19:54:59+00:00\" \/>\n<meta property=\"og:image\" content=\"https:\/\/novice.si\/page\/wp-content\/uploads\/2023\/10\/IMG_8986_2.jpg\" \/>\n\t<meta property=\"og:image:width\" content=\"933\" \/>\n\t<meta property=\"og:image:height\" content=\"700\" \/>\n\t<meta property=\"og:image:type\" content=\"image\/jpeg\" \/>\n<meta name=\"author\" content=\"Uredni\u0161tvo Bistri\u0161kih novic\" \/>\n<meta name=\"twitter:card\" content=\"summary_large_image\" \/>\n<meta name=\"twitter:label1\" content=\"Written by\" \/>\n\t<meta name=\"twitter:data1\" content=\"Uredni\u0161tvo Bistri\u0161kih novic\" \/>\n\t<meta name=\"twitter:label2\" content=\"Est. reading time\" \/>\n\t<meta name=\"twitter:data2\" content=\"5 minut\" \/>\n<script type=\"application\/ld+json\" class=\"yoast-schema-graph\">{\"@context\":\"https:\\\/\\\/schema.org\",\"@graph\":[{\"@type\":\"Article\",\"@id\":\"https:\\\/\\\/novice.si\\\/page\\\/tudi-na-keblju-odlocen-ne-vetrnicam-na-pohorju\\\/#article\",\"isPartOf\":{\"@id\":\"https:\\\/\\\/novice.si\\\/page\\\/tudi-na-keblju-odlocen-ne-vetrnicam-na-pohorju\\\/\"},\"author\":{\"name\":\"Uredni\u0161tvo Bistri\u0161kih novic\",\"@id\":\"https:\\\/\\\/novice.si\\\/page\\\/#\\\/schema\\\/person\\\/96b32396deedcde3f7f776c306b4be21\"},\"headline\":\"Tudi na Keblju odlo\u010den NE vetrnicam na Pohorju\",\"datePublished\":\"2023-10-09T09:49:31+00:00\",\"dateModified\":\"2023-10-09T19:54:59+00:00\",\"mainEntityOfPage\":{\"@id\":\"https:\\\/\\\/novice.si\\\/page\\\/tudi-na-keblju-odlocen-ne-vetrnicam-na-pohorju\\\/\"},\"wordCount\":831,\"publisher\":{\"@id\":\"https:\\\/\\\/novice.si\\\/page\\\/#organization\"},\"image\":{\"@id\":\"https:\\\/\\\/novice.si\\\/page\\\/tudi-na-keblju-odlocen-ne-vetrnicam-na-pohorju\\\/#primaryimage\"},\"thumbnailUrl\":\"https:\\\/\\\/novice.si\\\/page\\\/wp-content\\\/uploads\\\/2023\\\/10\\\/IMG_8986_2.jpg\",\"keywords\":[\"energija na veter\",\"Kebelj\",\"tinje\",\"Trije Kralji\",\"vetrne elektrarne\"],\"articleSection\":[\"Aktualno\",\"Bistri\u0161ko\"],\"inLanguage\":\"sl-SI\"},{\"@type\":\"WebPage\",\"@id\":\"https:\\\/\\\/novice.si\\\/page\\\/tudi-na-keblju-odlocen-ne-vetrnicam-na-pohorju\\\/\",\"url\":\"https:\\\/\\\/novice.si\\\/page\\\/tudi-na-keblju-odlocen-ne-vetrnicam-na-pohorju\\\/\",\"name\":\"Tudi na Keblju odlo\u010den NE vetrnicam na Pohorju - Novice.si\",\"isPartOf\":{\"@id\":\"https:\\\/\\\/novice.si\\\/page\\\/#website\"},\"primaryImageOfPage\":{\"@id\":\"https:\\\/\\\/novice.si\\\/page\\\/tudi-na-keblju-odlocen-ne-vetrnicam-na-pohorju\\\/#primaryimage\"},\"image\":{\"@id\":\"https:\\\/\\\/novice.si\\\/page\\\/tudi-na-keblju-odlocen-ne-vetrnicam-na-pohorju\\\/#primaryimage\"},\"thumbnailUrl\":\"https:\\\/\\\/novice.si\\\/page\\\/wp-content\\\/uploads\\\/2023\\\/10\\\/IMG_8986_2.jpg\",\"datePublished\":\"2023-10-09T09:49:31+00:00\",\"dateModified\":\"2023-10-09T19:54:59+00:00\",\"breadcrumb\":{\"@id\":\"https:\\\/\\\/novice.si\\\/page\\\/tudi-na-keblju-odlocen-ne-vetrnicam-na-pohorju\\\/#breadcrumb\"},\"inLanguage\":\"sl-SI\",\"potentialAction\":[{\"@type\":\"ReadAction\",\"target\":[\"https:\\\/\\\/novice.si\\\/page\\\/tudi-na-keblju-odlocen-ne-vetrnicam-na-pohorju\\\/\"]}]},{\"@type\":\"ImageObject\",\"inLanguage\":\"sl-SI\",\"@id\":\"https:\\\/\\\/novice.si\\\/page\\\/tudi-na-keblju-odlocen-ne-vetrnicam-na-pohorju\\\/#primaryimage\",\"url\":\"https:\\\/\\\/novice.si\\\/page\\\/wp-content\\\/uploads\\\/2023\\\/10\\\/IMG_8986_2.jpg\",\"contentUrl\":\"https:\\\/\\\/novice.si\\\/page\\\/wp-content\\\/uploads\\\/2023\\\/10\\\/IMG_8986_2.jpg\",\"width\":933,\"height\":700,\"caption\":\"Tudi na Tinju so krajani proti, poudarja predsednik.\"},{\"@type\":\"BreadcrumbList\",\"@id\":\"https:\\\/\\\/novice.si\\\/page\\\/tudi-na-keblju-odlocen-ne-vetrnicam-na-pohorju\\\/#breadcrumb\",\"itemListElement\":[{\"@type\":\"ListItem\",\"position\":1,\"name\":\"Home\",\"item\":\"https:\\\/\\\/novice.si\\\/page\\\/\"},{\"@type\":\"ListItem\",\"position\":2,\"name\":\"Tudi na Keblju odlo\u010den NE vetrnicam na Pohorju\"}]},{\"@type\":\"WebSite\",\"@id\":\"https:\\\/\\\/novice.si\\\/page\\\/#website\",\"url\":\"https:\\\/\\\/novice.si\\\/page\\\/\",\"name\":\"Novice.si\",\"description\":\"\",\"publisher\":{\"@id\":\"https:\\\/\\\/novice.si\\\/page\\\/#organization\"},\"potentialAction\":[{\"@type\":\"SearchAction\",\"target\":{\"@type\":\"EntryPoint\",\"urlTemplate\":\"https:\\\/\\\/novice.si\\\/page\\\/?s={search_term_string}\"},\"query-input\":{\"@type\":\"PropertyValueSpecification\",\"valueRequired\":true,\"valueName\":\"search_term_string\"}}],\"inLanguage\":\"sl-SI\"},{\"@type\":\"Organization\",\"@id\":\"https:\\\/\\\/novice.si\\\/page\\\/#organization\",\"name\":\"Novice.si\",\"url\":\"https:\\\/\\\/novice.si\\\/page\\\/\",\"logo\":{\"@type\":\"ImageObject\",\"inLanguage\":\"sl-SI\",\"@id\":\"https:\\\/\\\/novice.si\\\/page\\\/#\\\/schema\\\/logo\\\/image\\\/\",\"url\":\"https:\\\/\\\/novice.si\\\/page\\\/wp-content\\\/uploads\\\/2023\\\/03\\\/novice_si.png\",\"contentUrl\":\"https:\\\/\\\/novice.si\\\/page\\\/wp-content\\\/uploads\\\/2023\\\/03\\\/novice_si.png\",\"width\":576,\"height\":200,\"caption\":\"Novice.si\"},\"image\":{\"@id\":\"https:\\\/\\\/novice.si\\\/page\\\/#\\\/schema\\\/logo\\\/image\\\/\"}},{\"@type\":\"Person\",\"@id\":\"https:\\\/\\\/novice.si\\\/page\\\/#\\\/schema\\\/person\\\/96b32396deedcde3f7f776c306b4be21\",\"name\":\"Uredni\u0161tvo Bistri\u0161kih novic\",\"image\":{\"@type\":\"ImageObject\",\"inLanguage\":\"sl-SI\",\"@id\":\"https:\\\/\\\/secure.gravatar.com\\\/avatar\\\/26c56c4b10cdb3a21e86442e5f2845a4eafdd0f3605def77ec6cff4aaef32ea4?s=96&d=mm&r=g\",\"url\":\"https:\\\/\\\/secure.gravatar.com\\\/avatar\\\/26c56c4b10cdb3a21e86442e5f2845a4eafdd0f3605def77ec6cff4aaef32ea4?s=96&d=mm&r=g\",\"contentUrl\":\"https:\\\/\\\/secure.gravatar.com\\\/avatar\\\/26c56c4b10cdb3a21e86442e5f2845a4eafdd0f3605def77ec6cff4aaef32ea4?s=96&d=mm&r=g\",\"caption\":\"Uredni\u0161tvo Bistri\u0161kih novic\"},\"url\":\"https:\\\/\\\/novice.si\\\/page\\\/author\\\/bojana\\\/\"}]}<\/script>\n<!-- \/ Yoast SEO plugin. -->","yoast_head_json":{"title":"Tudi na Keblju odlo\u010den NE vetrnicam na Pohorju - Novice.si","robots":{"index":"index","follow":"follow","max-snippet":"max-snippet:-1","max-image-preview":"max-image-preview:large","max-video-preview":"max-video-preview:-1"},"canonical":"https:\/\/novice.si\/page\/tudi-na-keblju-odlocen-ne-vetrnicam-na-pohorju\/","og_locale":"sl_SI","og_type":"article","og_title":"Tudi na Keblju odlo\u010den NE vetrnicam na Pohorju - Novice.si","og_description":"Tudi krajani Keblja so se v\u010deraj, 8. oktobra, na zboru krajanov izrekli proti vetrnim elektrarnam na Pohorju. In to soglasno. Predstavniki investitorjev, podjetja Energija na veter, so na zboru predstavili na\u010drtovani projekt. A na Keblju tovrstne nalo\u017ebe ne \u017eelijo. \u00bbNa glasovanju smo bili soglasni, izrekli smo se proti vetrnicam in sprejeli smo sklep, da izrecno [&hellip;]","og_url":"https:\/\/novice.si\/page\/tudi-na-keblju-odlocen-ne-vetrnicam-na-pohorju\/","og_site_name":"Novice.si","article_published_time":"2023-10-09T09:49:31+00:00","article_modified_time":"2023-10-09T19:54:59+00:00","og_image":[{"width":933,"height":700,"url":"https:\/\/novice.si\/page\/wp-content\/uploads\/2023\/10\/IMG_8986_2.jpg","type":"image\/jpeg"}],"author":"Uredni\u0161tvo Bistri\u0161kih novic","twitter_card":"summary_large_image","twitter_misc":{"Written by":"Uredni\u0161tvo Bistri\u0161kih novic","Est. reading time":"5 minut"},"schema":{"@context":"https:\/\/schema.org","@graph":[{"@type":"Article","@id":"https:\/\/novice.si\/page\/tudi-na-keblju-odlocen-ne-vetrnicam-na-pohorju\/#article","isPartOf":{"@id":"https:\/\/novice.si\/page\/tudi-na-keblju-odlocen-ne-vetrnicam-na-pohorju\/"},"author":{"name":"Uredni\u0161tvo Bistri\u0161kih novic","@id":"https:\/\/novice.si\/page\/#\/schema\/person\/96b32396deedcde3f7f776c306b4be21"},"headline":"Tudi na Keblju odlo\u010den NE vetrnicam na Pohorju","datePublished":"2023-10-09T09:49:31+00:00","dateModified":"2023-10-09T19:54:59+00:00","mainEntityOfPage":{"@id":"https:\/\/novice.si\/page\/tudi-na-keblju-odlocen-ne-vetrnicam-na-pohorju\/"},"wordCount":831,"publisher":{"@id":"https:\/\/novice.si\/page\/#organization"},"image":{"@id":"https:\/\/novice.si\/page\/tudi-na-keblju-odlocen-ne-vetrnicam-na-pohorju\/#primaryimage"},"thumbnailUrl":"https:\/\/novice.si\/page\/wp-content\/uploads\/2023\/10\/IMG_8986_2.jpg","keywords":["energija na veter","Kebelj","tinje","Trije Kralji","vetrne elektrarne"],"articleSection":["Aktualno","Bistri\u0161ko"],"inLanguage":"sl-SI"},{"@type":"WebPage","@id":"https:\/\/novice.si\/page\/tudi-na-keblju-odlocen-ne-vetrnicam-na-pohorju\/","url":"https:\/\/novice.si\/page\/tudi-na-keblju-odlocen-ne-vetrnicam-na-pohorju\/","name":"Tudi na Keblju odlo\u010den NE vetrnicam na Pohorju - Novice.si","isPartOf":{"@id":"https:\/\/novice.si\/page\/#website"},"primaryImageOfPage":{"@id":"https:\/\/novice.si\/page\/tudi-na-keblju-odlocen-ne-vetrnicam-na-pohorju\/#primaryimage"},"image":{"@id":"https:\/\/novice.si\/page\/tudi-na-keblju-odlocen-ne-vetrnicam-na-pohorju\/#primaryimage"},"thumbnailUrl":"https:\/\/novice.si\/page\/wp-content\/uploads\/2023\/10\/IMG_8986_2.jpg","datePublished":"2023-10-09T09:49:31+00:00","dateModified":"2023-10-09T19:54:59+00:00","breadcrumb":{"@id":"https:\/\/novice.si\/page\/tudi-na-keblju-odlocen-ne-vetrnicam-na-pohorju\/#breadcrumb"},"inLanguage":"sl-SI","potentialAction":[{"@type":"ReadAction","target":["https:\/\/novice.si\/page\/tudi-na-keblju-odlocen-ne-vetrnicam-na-pohorju\/"]}]},{"@type":"ImageObject","inLanguage":"sl-SI","@id":"https:\/\/novice.si\/page\/tudi-na-keblju-odlocen-ne-vetrnicam-na-pohorju\/#primaryimage","url":"https:\/\/novice.si\/page\/wp-content\/uploads\/2023\/10\/IMG_8986_2.jpg","contentUrl":"https:\/\/novice.si\/page\/wp-content\/uploads\/2023\/10\/IMG_8986_2.jpg","width":933,"height":700,"caption":"Tudi na Tinju so krajani proti, poudarja predsednik."},{"@type":"BreadcrumbList","@id":"https:\/\/novice.si\/page\/tudi-na-keblju-odlocen-ne-vetrnicam-na-pohorju\/#breadcrumb","itemListElement":[{"@type":"ListItem","position":1,"name":"Home","item":"https:\/\/novice.si\/page\/"},{"@type":"ListItem","position":2,"name":"Tudi na Keblju odlo\u010den NE vetrnicam na Pohorju"}]},{"@type":"WebSite","@id":"https:\/\/novice.si\/page\/#website","url":"https:\/\/novice.si\/page\/","name":"Novice.si","description":"","publisher":{"@id":"https:\/\/novice.si\/page\/#organization"},"potentialAction":[{"@type":"SearchAction","target":{"@type":"EntryPoint","urlTemplate":"https:\/\/novice.si\/page\/?s={search_term_string}"},"query-input":{"@type":"PropertyValueSpecification","valueRequired":true,"valueName":"search_term_string"}}],"inLanguage":"sl-SI"},{"@type":"Organization","@id":"https:\/\/novice.si\/page\/#organization","name":"Novice.si","url":"https:\/\/novice.si\/page\/","logo":{"@type":"ImageObject","inLanguage":"sl-SI","@id":"https:\/\/novice.si\/page\/#\/schema\/logo\/image\/","url":"https:\/\/novice.si\/page\/wp-content\/uploads\/2023\/03\/novice_si.png","contentUrl":"https:\/\/novice.si\/page\/wp-content\/uploads\/2023\/03\/novice_si.png","width":576,"height":200,"caption":"Novice.si"},"image":{"@id":"https:\/\/novice.si\/page\/#\/schema\/logo\/image\/"}},{"@type":"Person","@id":"https:\/\/novice.si\/page\/#\/schema\/person\/96b32396deedcde3f7f776c306b4be21","name":"Uredni\u0161tvo Bistri\u0161kih novic","image":{"@type":"ImageObject","inLanguage":"sl-SI","@id":"https:\/\/secure.gravatar.com\/avatar\/26c56c4b10cdb3a21e86442e5f2845a4eafdd0f3605def77ec6cff4aaef32ea4?s=96&d=mm&r=g","url":"https:\/\/secure.gravatar.com\/avatar\/26c56c4b10cdb3a21e86442e5f2845a4eafdd0f3605def77ec6cff4aaef32ea4?s=96&d=mm&r=g","contentUrl":"https:\/\/secure.gravatar.com\/avatar\/26c56c4b10cdb3a21e86442e5f2845a4eafdd0f3605def77ec6cff4aaef32ea4?s=96&d=mm&r=g","caption":"Uredni\u0161tvo Bistri\u0161kih novic"},"url":"https:\/\/novice.si\/page\/author\/bojana\/"}]}},"_links":{"self":[{"href":"https:\/\/novice.si\/page\/wp-json\/wp\/v2\/posts\/168258","targetHints":{"allow":["GET"]}}],"collection":[{"href":"https:\/\/novice.si\/page\/wp-json\/wp\/v2\/posts"}],"about":[{"href":"https:\/\/novice.si\/page\/wp-json\/wp\/v2\/types\/post"}],"author":[{"embeddable":true,"href":"https:\/\/novice.si\/page\/wp-json\/wp\/v2\/users\/8"}],"replies":[{"embeddable":true,"href":"https:\/\/novice.si\/page\/wp-json\/wp\/v2\/comments?post=168258"}],"version-history":[{"count":1,"href":"https:\/\/novice.si\/page\/wp-json\/wp\/v2\/posts\/168258\/revisions"}],"predecessor-version":[{"id":168265,"href":"https:\/\/novice.si\/page\/wp-json\/wp\/v2\/posts\/168258\/revisions\/168265"}],"wp:featuredmedia":[{"embeddable":true,"href":"https:\/\/novice.si\/page\/wp-json\/wp\/v2\/media\/168261"}],"wp:attachment":[{"href":"https:\/\/novice.si\/page\/wp-json\/wp\/v2\/media?parent=168258"}],"wp:term":[{"taxonomy":"category","embeddable":true,"href":"https:\/\/novice.si\/page\/wp-json\/wp\/v2\/categories?post=168258"},{"taxonomy":"post_tag","embeddable":true,"href":"https:\/\/novice.si\/page\/wp-json\/wp\/v2\/tags?post=168258"}],"curies":[{"name":"wp","href":"https:\/\/api.w.org\/{rel}","templated":true}]}}