{"id":168248,"date":"2023-10-09T08:27:48","date_gmt":"2023-10-09T06:27:48","guid":{"rendered":"https:\/\/novice.si\/page\/?p=168248"},"modified":"2023-10-09T08:27:48","modified_gmt":"2023-10-09T06:27:48","slug":"sentjur-predsednik-kgz-grajal-evropsko-kmetijsko-politiko","status":"publish","type":"post","link":"https:\/\/novice.si\/page\/sentjur-predsednik-kgz-grajal-evropsko-kmetijsko-politiko\/","title":{"rendered":"\u0160ENTJUR Predsednik KGZ grajal evropsko kmetijsko politiko"},"content":{"rendered":"<p>Slom in Ponikva sta v\u010deraj gostila dvajseti shod slovenskih kmetov, kjer so znova izpostavili pomen pridelave slovenske hrane.<\/p>\n<p><img loading=\"lazy\" decoding=\"async\" class=\"wp-image-168251 alignleft\" src=\"https:\/\/novice.si\/page\/wp-content\/uploads\/2023\/10\/Roman-Zveglic-2-600x333.png\" alt=\"\" width=\"375\" height=\"208\" srcset=\"https:\/\/novice.si\/page\/wp-content\/uploads\/2023\/10\/Roman-Zveglic-2-600x333.png 600w, https:\/\/novice.si\/page\/wp-content\/uploads\/2023\/10\/Roman-Zveglic-2-768x427.png 768w, https:\/\/novice.si\/page\/wp-content\/uploads\/2023\/10\/Roman-Zveglic-2-696x385.png 696w, https:\/\/novice.si\/page\/wp-content\/uploads\/2023\/10\/Roman-Zveglic-2-756x420.png 756w, https:\/\/novice.si\/page\/wp-content\/uploads\/2023\/10\/Roman-Zveglic-2-24x13.png 24w, https:\/\/novice.si\/page\/wp-content\/uploads\/2023\/10\/Roman-Zveglic-2-36x20.png 36w, https:\/\/novice.si\/page\/wp-content\/uploads\/2023\/10\/Roman-Zveglic-2-48x27.png 48w, https:\/\/novice.si\/page\/wp-content\/uploads\/2023\/10\/Roman-Zveglic-2.png 907w\" sizes=\"auto, (max-width: 375px) 100vw, 375px\" \/><\/p>\n<p>Predsednik Kmetijsko gozdarske zbornice <strong>Roman \u017dvegli\u010d<\/strong> je grajal evropsko kmetijsko politiko, ki je po njegovem zelo nenaklonjena \u017eivinoreji, obregnil se je tudi ob ekstremne okoljske omejitve pri uporabi sredstev za varstvo rastlin. Predloge Evropske komisije je ozna\u010dil za kratkovidne, nelogi\u010dne, ne\u017eivljenjske in \u0161kodljive za prihodnost Evrope, katere jedro so tudi kmetje.<\/p>\n<p>\u00bbPovzro\u010dijo lahko, da bomo od prese\u017ekov hrane v Evropi pre\u0161li na pomanjkanje. Odprava<img loading=\"lazy\" decoding=\"async\" class=\" wp-image-168252 alignright\" src=\"https:\/\/novice.si\/page\/wp-content\/uploads\/2023\/10\/kmetija-600x394.jpg\" alt=\"\" width=\"330\" height=\"217\" srcset=\"https:\/\/novice.si\/page\/wp-content\/uploads\/2023\/10\/kmetija-600x394.jpg 600w, https:\/\/novice.si\/page\/wp-content\/uploads\/2023\/10\/kmetija-1024x673.jpg 1024w, https:\/\/novice.si\/page\/wp-content\/uploads\/2023\/10\/kmetija-768x505.jpg 768w, https:\/\/novice.si\/page\/wp-content\/uploads\/2023\/10\/kmetija-1536x1009.jpg 1536w, https:\/\/novice.si\/page\/wp-content\/uploads\/2023\/10\/kmetija-2048x1346.jpg 2048w, https:\/\/novice.si\/page\/wp-content\/uploads\/2023\/10\/kmetija-696x457.jpg 696w, https:\/\/novice.si\/page\/wp-content\/uploads\/2023\/10\/kmetija-741x486.jpg 741w, https:\/\/novice.si\/page\/wp-content\/uploads\/2023\/10\/kmetija-1068x702.jpg 1068w, https:\/\/novice.si\/page\/wp-content\/uploads\/2023\/10\/kmetija-639x420.jpg 639w, https:\/\/novice.si\/page\/wp-content\/uploads\/2023\/10\/kmetija-1920x1262.jpg 1920w, https:\/\/novice.si\/page\/wp-content\/uploads\/2023\/10\/kmetija-24x16.jpg 24w, https:\/\/novice.si\/page\/wp-content\/uploads\/2023\/10\/kmetija-36x24.jpg 36w, https:\/\/novice.si\/page\/wp-content\/uploads\/2023\/10\/kmetija-48x32.jpg 48w\" sizes=\"auto, (max-width: 330px) 100vw, 330px\" \/> lakote in standard kmetov je bil razlog za nastanek skupne evropske kmetijske politike\u00ab, pravi \u017dvegli\u010d, ki je \u0161e dejal, da so kmetovalci s svojo opremo med prvimi prisko\u010dili na pomo\u010d ob nedavni ujmi, dasiravno so jim nekateri \u0161e spomladi o\u010ditali, kako velike traktorje imajo, toda z njimi so zdaj pomagali re\u0161evati.<\/p>\n<p>P\u0160<\/p>\n","protected":false},"excerpt":{"rendered":"<p>Slom in Ponikva sta v\u010deraj gostila dvajseti shod slovenskih kmetov, kjer so znova izpostavili pomen pridelave slovenske hrane. Predsednik Kmetijsko gozdarske zbornice Roman \u017dvegli\u010d je grajal evropsko kmetijsko politiko, ki je po njegovem zelo nenaklonjena \u017eivinoreji, obregnil se je tudi ob ekstremne okoljske omejitve pri uporabi sredstev za varstvo rastlin. Predloge Evropske komisije je ozna\u010dil [&hellip;]<\/p>\n","protected":false},"author":33,"featured_media":168249,"comment_status":"closed","ping_status":"closed","sticky":false,"template":"","format":"standard","meta":{"footnotes":""},"categories":[57],"tags":[18890,18889,1230,18888,6341,18887],"class_list":{"0":"post-168248","1":"post","2":"type-post","3":"status-publish","4":"format-standard","5":"has-post-thumbnail","7":"category-sentjursko","8":"tag-evropska-kmetijska-politika","9":"tag-kgz","10":"tag-ponikva","11":"tag-roman-zveglic","12":"tag-slom","13":"tag-vseslovenski-shod-kmetov"},"yoast_head":"<!-- This site is optimized with the Yoast SEO plugin v27.4 - https:\/\/yoast.com\/product\/yoast-seo-wordpress\/ -->\n<title>\u0160ENTJUR Predsednik KGZ grajal evropsko kmetijsko politiko - Novice.si<\/title>\n<meta name=\"robots\" content=\"index, follow, max-snippet:-1, max-image-preview:large, max-video-preview:-1\" \/>\n<link rel=\"canonical\" href=\"https:\/\/novice.si\/page\/sentjur-predsednik-kgz-grajal-evropsko-kmetijsko-politiko\/\" \/>\n<meta property=\"og:locale\" content=\"sl_SI\" \/>\n<meta property=\"og:type\" content=\"article\" \/>\n<meta property=\"og:title\" content=\"\u0160ENTJUR Predsednik KGZ grajal evropsko kmetijsko politiko - Novice.si\" \/>\n<meta property=\"og:description\" content=\"Slom in Ponikva sta v\u010deraj gostila dvajseti shod slovenskih kmetov, kjer so znova izpostavili pomen pridelave slovenske hrane. Predsednik Kmetijsko gozdarske zbornice Roman \u017dvegli\u010d je grajal evropsko kmetijsko politiko, ki je po njegovem zelo nenaklonjena \u017eivinoreji, obregnil se je tudi ob ekstremne okoljske omejitve pri uporabi sredstev za varstvo rastlin. Predloge Evropske komisije je ozna\u010dil [&hellip;]\" \/>\n<meta property=\"og:url\" content=\"https:\/\/novice.si\/page\/sentjur-predsednik-kgz-grajal-evropsko-kmetijsko-politiko\/\" \/>\n<meta property=\"og:site_name\" content=\"Novice.si\" \/>\n<meta property=\"article:published_time\" content=\"2023-10-09T06:27:48+00:00\" \/>\n<meta property=\"og:image\" content=\"https:\/\/novice.si\/page\/wp-content\/uploads\/2023\/10\/Roman-Zveglic-3.png\" \/>\n\t<meta property=\"og:image:width\" content=\"846\" \/>\n\t<meta property=\"og:image:height\" content=\"462\" \/>\n\t<meta property=\"og:image:type\" content=\"image\/png\" \/>\n<meta name=\"author\" content=\"Uredni\u0161tvo Celjana\" \/>\n<meta name=\"twitter:card\" content=\"summary_large_image\" \/>\n<meta name=\"twitter:label1\" content=\"Written by\" \/>\n\t<meta name=\"twitter:data1\" content=\"Uredni\u0161tvo Celjana\" \/>\n\t<meta name=\"twitter:label2\" content=\"Est. reading time\" \/>\n\t<meta name=\"twitter:data2\" content=\"2 minuti\" \/>\n<script type=\"application\/ld+json\" class=\"yoast-schema-graph\">{\"@context\":\"https:\\\/\\\/schema.org\",\"@graph\":[{\"@type\":\"Article\",\"@id\":\"https:\\\/\\\/novice.si\\\/page\\\/sentjur-predsednik-kgz-grajal-evropsko-kmetijsko-politiko\\\/#article\",\"isPartOf\":{\"@id\":\"https:\\\/\\\/novice.si\\\/page\\\/sentjur-predsednik-kgz-grajal-evropsko-kmetijsko-politiko\\\/\"},\"author\":{\"name\":\"Uredni\u0161tvo Celjana\",\"@id\":\"https:\\\/\\\/novice.si\\\/page\\\/#\\\/schema\\\/person\\\/57f25c9642a9541c7349c65d32032c3e\"},\"headline\":\"\u0160ENTJUR Predsednik KGZ grajal evropsko kmetijsko politiko\",\"datePublished\":\"2023-10-09T06:27:48+00:00\",\"mainEntityOfPage\":{\"@id\":\"https:\\\/\\\/novice.si\\\/page\\\/sentjur-predsednik-kgz-grajal-evropsko-kmetijsko-politiko\\\/\"},\"wordCount\":151,\"publisher\":{\"@id\":\"https:\\\/\\\/novice.si\\\/page\\\/#organization\"},\"image\":{\"@id\":\"https:\\\/\\\/novice.si\\\/page\\\/sentjur-predsednik-kgz-grajal-evropsko-kmetijsko-politiko\\\/#primaryimage\"},\"thumbnailUrl\":\"https:\\\/\\\/novice.si\\\/page\\\/wp-content\\\/uploads\\\/2023\\\/10\\\/Roman-Zveglic-3.png\",\"keywords\":[\"evropska kmetijska politika\",\"KGZ\",\"Ponikva\",\"roman \u017evegli\u010d\",\"Slom\",\"vseslovenski shod kmetov\"],\"articleSection\":[\"\u0160entjursko\"],\"inLanguage\":\"sl-SI\"},{\"@type\":\"WebPage\",\"@id\":\"https:\\\/\\\/novice.si\\\/page\\\/sentjur-predsednik-kgz-grajal-evropsko-kmetijsko-politiko\\\/\",\"url\":\"https:\\\/\\\/novice.si\\\/page\\\/sentjur-predsednik-kgz-grajal-evropsko-kmetijsko-politiko\\\/\",\"name\":\"\u0160ENTJUR Predsednik KGZ grajal evropsko kmetijsko politiko - Novice.si\",\"isPartOf\":{\"@id\":\"https:\\\/\\\/novice.si\\\/page\\\/#website\"},\"primaryImageOfPage\":{\"@id\":\"https:\\\/\\\/novice.si\\\/page\\\/sentjur-predsednik-kgz-grajal-evropsko-kmetijsko-politiko\\\/#primaryimage\"},\"image\":{\"@id\":\"https:\\\/\\\/novice.si\\\/page\\\/sentjur-predsednik-kgz-grajal-evropsko-kmetijsko-politiko\\\/#primaryimage\"},\"thumbnailUrl\":\"https:\\\/\\\/novice.si\\\/page\\\/wp-content\\\/uploads\\\/2023\\\/10\\\/Roman-Zveglic-3.png\",\"datePublished\":\"2023-10-09T06:27:48+00:00\",\"breadcrumb\":{\"@id\":\"https:\\\/\\\/novice.si\\\/page\\\/sentjur-predsednik-kgz-grajal-evropsko-kmetijsko-politiko\\\/#breadcrumb\"},\"inLanguage\":\"sl-SI\",\"potentialAction\":[{\"@type\":\"ReadAction\",\"target\":[\"https:\\\/\\\/novice.si\\\/page\\\/sentjur-predsednik-kgz-grajal-evropsko-kmetijsko-politiko\\\/\"]}]},{\"@type\":\"ImageObject\",\"inLanguage\":\"sl-SI\",\"@id\":\"https:\\\/\\\/novice.si\\\/page\\\/sentjur-predsednik-kgz-grajal-evropsko-kmetijsko-politiko\\\/#primaryimage\",\"url\":\"https:\\\/\\\/novice.si\\\/page\\\/wp-content\\\/uploads\\\/2023\\\/10\\\/Roman-Zveglic-3.png\",\"contentUrl\":\"https:\\\/\\\/novice.si\\\/page\\\/wp-content\\\/uploads\\\/2023\\\/10\\\/Roman-Zveglic-3.png\",\"width\":846,\"height\":462},{\"@type\":\"BreadcrumbList\",\"@id\":\"https:\\\/\\\/novice.si\\\/page\\\/sentjur-predsednik-kgz-grajal-evropsko-kmetijsko-politiko\\\/#breadcrumb\",\"itemListElement\":[{\"@type\":\"ListItem\",\"position\":1,\"name\":\"Home\",\"item\":\"https:\\\/\\\/novice.si\\\/page\\\/\"},{\"@type\":\"ListItem\",\"position\":2,\"name\":\"\u0160ENTJUR Predsednik KGZ grajal evropsko kmetijsko politiko\"}]},{\"@type\":\"WebSite\",\"@id\":\"https:\\\/\\\/novice.si\\\/page\\\/#website\",\"url\":\"https:\\\/\\\/novice.si\\\/page\\\/\",\"name\":\"Novice.si\",\"description\":\"\",\"publisher\":{\"@id\":\"https:\\\/\\\/novice.si\\\/page\\\/#organization\"},\"potentialAction\":[{\"@type\":\"SearchAction\",\"target\":{\"@type\":\"EntryPoint\",\"urlTemplate\":\"https:\\\/\\\/novice.si\\\/page\\\/?s={search_term_string}\"},\"query-input\":{\"@type\":\"PropertyValueSpecification\",\"valueRequired\":true,\"valueName\":\"search_term_string\"}}],\"inLanguage\":\"sl-SI\"},{\"@type\":\"Organization\",\"@id\":\"https:\\\/\\\/novice.si\\\/page\\\/#organization\",\"name\":\"Novice.si\",\"url\":\"https:\\\/\\\/novice.si\\\/page\\\/\",\"logo\":{\"@type\":\"ImageObject\",\"inLanguage\":\"sl-SI\",\"@id\":\"https:\\\/\\\/novice.si\\\/page\\\/#\\\/schema\\\/logo\\\/image\\\/\",\"url\":\"https:\\\/\\\/novice.si\\\/page\\\/wp-content\\\/uploads\\\/2023\\\/03\\\/novice_si.png\",\"contentUrl\":\"https:\\\/\\\/novice.si\\\/page\\\/wp-content\\\/uploads\\\/2023\\\/03\\\/novice_si.png\",\"width\":576,\"height\":200,\"caption\":\"Novice.si\"},\"image\":{\"@id\":\"https:\\\/\\\/novice.si\\\/page\\\/#\\\/schema\\\/logo\\\/image\\\/\"}},{\"@type\":\"Person\",\"@id\":\"https:\\\/\\\/novice.si\\\/page\\\/#\\\/schema\\\/person\\\/57f25c9642a9541c7349c65d32032c3e\",\"name\":\"Uredni\u0161tvo Celjana\",\"image\":{\"@type\":\"ImageObject\",\"inLanguage\":\"sl-SI\",\"@id\":\"https:\\\/\\\/secure.gravatar.com\\\/avatar\\\/78e52bc4279b65f6df6345e0ef0f7b792d361361f230cf4ffecfe0afe6d5629c?s=96&d=mm&r=g\",\"url\":\"https:\\\/\\\/secure.gravatar.com\\\/avatar\\\/78e52bc4279b65f6df6345e0ef0f7b792d361361f230cf4ffecfe0afe6d5629c?s=96&d=mm&r=g\",\"contentUrl\":\"https:\\\/\\\/secure.gravatar.com\\\/avatar\\\/78e52bc4279b65f6df6345e0ef0f7b792d361361f230cf4ffecfe0afe6d5629c?s=96&d=mm&r=g\",\"caption\":\"Uredni\u0161tvo Celjana\"},\"url\":\"https:\\\/\\\/novice.si\\\/page\\\/author\\\/primoz\\\/\"}]}<\/script>\n<!-- \/ Yoast SEO plugin. -->","yoast_head_json":{"title":"\u0160ENTJUR Predsednik KGZ grajal evropsko kmetijsko politiko - Novice.si","robots":{"index":"index","follow":"follow","max-snippet":"max-snippet:-1","max-image-preview":"max-image-preview:large","max-video-preview":"max-video-preview:-1"},"canonical":"https:\/\/novice.si\/page\/sentjur-predsednik-kgz-grajal-evropsko-kmetijsko-politiko\/","og_locale":"sl_SI","og_type":"article","og_title":"\u0160ENTJUR Predsednik KGZ grajal evropsko kmetijsko politiko - Novice.si","og_description":"Slom in Ponikva sta v\u010deraj gostila dvajseti shod slovenskih kmetov, kjer so znova izpostavili pomen pridelave slovenske hrane. Predsednik Kmetijsko gozdarske zbornice Roman \u017dvegli\u010d je grajal evropsko kmetijsko politiko, ki je po njegovem zelo nenaklonjena \u017eivinoreji, obregnil se je tudi ob ekstremne okoljske omejitve pri uporabi sredstev za varstvo rastlin. Predloge Evropske komisije je ozna\u010dil [&hellip;]","og_url":"https:\/\/novice.si\/page\/sentjur-predsednik-kgz-grajal-evropsko-kmetijsko-politiko\/","og_site_name":"Novice.si","article_published_time":"2023-10-09T06:27:48+00:00","og_image":[{"width":846,"height":462,"url":"https:\/\/novice.si\/page\/wp-content\/uploads\/2023\/10\/Roman-Zveglic-3.png","type":"image\/png"}],"author":"Uredni\u0161tvo Celjana","twitter_card":"summary_large_image","twitter_misc":{"Written by":"Uredni\u0161tvo Celjana","Est. reading time":"2 minuti"},"schema":{"@context":"https:\/\/schema.org","@graph":[{"@type":"Article","@id":"https:\/\/novice.si\/page\/sentjur-predsednik-kgz-grajal-evropsko-kmetijsko-politiko\/#article","isPartOf":{"@id":"https:\/\/novice.si\/page\/sentjur-predsednik-kgz-grajal-evropsko-kmetijsko-politiko\/"},"author":{"name":"Uredni\u0161tvo Celjana","@id":"https:\/\/novice.si\/page\/#\/schema\/person\/57f25c9642a9541c7349c65d32032c3e"},"headline":"\u0160ENTJUR Predsednik KGZ grajal evropsko kmetijsko politiko","datePublished":"2023-10-09T06:27:48+00:00","mainEntityOfPage":{"@id":"https:\/\/novice.si\/page\/sentjur-predsednik-kgz-grajal-evropsko-kmetijsko-politiko\/"},"wordCount":151,"publisher":{"@id":"https:\/\/novice.si\/page\/#organization"},"image":{"@id":"https:\/\/novice.si\/page\/sentjur-predsednik-kgz-grajal-evropsko-kmetijsko-politiko\/#primaryimage"},"thumbnailUrl":"https:\/\/novice.si\/page\/wp-content\/uploads\/2023\/10\/Roman-Zveglic-3.png","keywords":["evropska kmetijska politika","KGZ","Ponikva","roman \u017evegli\u010d","Slom","vseslovenski shod kmetov"],"articleSection":["\u0160entjursko"],"inLanguage":"sl-SI"},{"@type":"WebPage","@id":"https:\/\/novice.si\/page\/sentjur-predsednik-kgz-grajal-evropsko-kmetijsko-politiko\/","url":"https:\/\/novice.si\/page\/sentjur-predsednik-kgz-grajal-evropsko-kmetijsko-politiko\/","name":"\u0160ENTJUR Predsednik KGZ grajal evropsko kmetijsko politiko - Novice.si","isPartOf":{"@id":"https:\/\/novice.si\/page\/#website"},"primaryImageOfPage":{"@id":"https:\/\/novice.si\/page\/sentjur-predsednik-kgz-grajal-evropsko-kmetijsko-politiko\/#primaryimage"},"image":{"@id":"https:\/\/novice.si\/page\/sentjur-predsednik-kgz-grajal-evropsko-kmetijsko-politiko\/#primaryimage"},"thumbnailUrl":"https:\/\/novice.si\/page\/wp-content\/uploads\/2023\/10\/Roman-Zveglic-3.png","datePublished":"2023-10-09T06:27:48+00:00","breadcrumb":{"@id":"https:\/\/novice.si\/page\/sentjur-predsednik-kgz-grajal-evropsko-kmetijsko-politiko\/#breadcrumb"},"inLanguage":"sl-SI","potentialAction":[{"@type":"ReadAction","target":["https:\/\/novice.si\/page\/sentjur-predsednik-kgz-grajal-evropsko-kmetijsko-politiko\/"]}]},{"@type":"ImageObject","inLanguage":"sl-SI","@id":"https:\/\/novice.si\/page\/sentjur-predsednik-kgz-grajal-evropsko-kmetijsko-politiko\/#primaryimage","url":"https:\/\/novice.si\/page\/wp-content\/uploads\/2023\/10\/Roman-Zveglic-3.png","contentUrl":"https:\/\/novice.si\/page\/wp-content\/uploads\/2023\/10\/Roman-Zveglic-3.png","width":846,"height":462},{"@type":"BreadcrumbList","@id":"https:\/\/novice.si\/page\/sentjur-predsednik-kgz-grajal-evropsko-kmetijsko-politiko\/#breadcrumb","itemListElement":[{"@type":"ListItem","position":1,"name":"Home","item":"https:\/\/novice.si\/page\/"},{"@type":"ListItem","position":2,"name":"\u0160ENTJUR Predsednik KGZ grajal evropsko kmetijsko politiko"}]},{"@type":"WebSite","@id":"https:\/\/novice.si\/page\/#website","url":"https:\/\/novice.si\/page\/","name":"Novice.si","description":"","publisher":{"@id":"https:\/\/novice.si\/page\/#organization"},"potentialAction":[{"@type":"SearchAction","target":{"@type":"EntryPoint","urlTemplate":"https:\/\/novice.si\/page\/?s={search_term_string}"},"query-input":{"@type":"PropertyValueSpecification","valueRequired":true,"valueName":"search_term_string"}}],"inLanguage":"sl-SI"},{"@type":"Organization","@id":"https:\/\/novice.si\/page\/#organization","name":"Novice.si","url":"https:\/\/novice.si\/page\/","logo":{"@type":"ImageObject","inLanguage":"sl-SI","@id":"https:\/\/novice.si\/page\/#\/schema\/logo\/image\/","url":"https:\/\/novice.si\/page\/wp-content\/uploads\/2023\/03\/novice_si.png","contentUrl":"https:\/\/novice.si\/page\/wp-content\/uploads\/2023\/03\/novice_si.png","width":576,"height":200,"caption":"Novice.si"},"image":{"@id":"https:\/\/novice.si\/page\/#\/schema\/logo\/image\/"}},{"@type":"Person","@id":"https:\/\/novice.si\/page\/#\/schema\/person\/57f25c9642a9541c7349c65d32032c3e","name":"Uredni\u0161tvo Celjana","image":{"@type":"ImageObject","inLanguage":"sl-SI","@id":"https:\/\/secure.gravatar.com\/avatar\/78e52bc4279b65f6df6345e0ef0f7b792d361361f230cf4ffecfe0afe6d5629c?s=96&d=mm&r=g","url":"https:\/\/secure.gravatar.com\/avatar\/78e52bc4279b65f6df6345e0ef0f7b792d361361f230cf4ffecfe0afe6d5629c?s=96&d=mm&r=g","contentUrl":"https:\/\/secure.gravatar.com\/avatar\/78e52bc4279b65f6df6345e0ef0f7b792d361361f230cf4ffecfe0afe6d5629c?s=96&d=mm&r=g","caption":"Uredni\u0161tvo Celjana"},"url":"https:\/\/novice.si\/page\/author\/primoz\/"}]}},"_links":{"self":[{"href":"https:\/\/novice.si\/page\/wp-json\/wp\/v2\/posts\/168248","targetHints":{"allow":["GET"]}}],"collection":[{"href":"https:\/\/novice.si\/page\/wp-json\/wp\/v2\/posts"}],"about":[{"href":"https:\/\/novice.si\/page\/wp-json\/wp\/v2\/types\/post"}],"author":[{"embeddable":true,"href":"https:\/\/novice.si\/page\/wp-json\/wp\/v2\/users\/33"}],"replies":[{"embeddable":true,"href":"https:\/\/novice.si\/page\/wp-json\/wp\/v2\/comments?post=168248"}],"version-history":[{"count":1,"href":"https:\/\/novice.si\/page\/wp-json\/wp\/v2\/posts\/168248\/revisions"}],"predecessor-version":[{"id":168253,"href":"https:\/\/novice.si\/page\/wp-json\/wp\/v2\/posts\/168248\/revisions\/168253"}],"wp:featuredmedia":[{"embeddable":true,"href":"https:\/\/novice.si\/page\/wp-json\/wp\/v2\/media\/168249"}],"wp:attachment":[{"href":"https:\/\/novice.si\/page\/wp-json\/wp\/v2\/media?parent=168248"}],"wp:term":[{"taxonomy":"category","embeddable":true,"href":"https:\/\/novice.si\/page\/wp-json\/wp\/v2\/categories?post=168248"},{"taxonomy":"post_tag","embeddable":true,"href":"https:\/\/novice.si\/page\/wp-json\/wp\/v2\/tags?post=168248"}],"curies":[{"name":"wp","href":"https:\/\/api.w.org\/{rel}","templated":true}]}}