{"id":168237,"date":"2023-10-08T21:53:14","date_gmt":"2023-10-08T19:53:14","guid":{"rendered":"https:\/\/novice.si\/page\/?p=168237"},"modified":"2023-10-08T22:45:12","modified_gmt":"2023-10-08T20:45:12","slug":"konjicanka-kira-navdusila-na-hrvasekem-supertalentu","status":"publish","type":"post","link":"https:\/\/novice.si\/page\/konjicanka-kira-navdusila-na-hrvasekem-supertalentu\/","title":{"rendered":"Konji\u010danka Kira navdu\u0161ila na hrva\u0161kem Supertalentu"},"content":{"rendered":"<p>Stoje\u010de ovacije ob\u010dinstva in navdu\u0161ena komisija. Nocoj je na hrva\u0161kem Supertalentu nastopila mlada Konji\u010danka Kira \u0160truc Juri\u010dki. V enem najbolj gledanih televizijskih \u0161ovov\u00a0 na sosednjem Hrva\u0161kem je Kira prepri\u010dala strokovno komisijo in od sodnikov prejela \u0161tirikrat DA.<br \/>\nKira je povedala, da ima ob nastopih obi\u010dajno tremo, a so jo \u017eiranti spodbujali, da zanjo ni potrebe, saj ima glas celo &#8216;lep\u0161i kot Adel&#8217;, je rekla ena od \u017eirantk.<\/p>\n<p>Del Kirinega nastopa:<\/p>\n<p><iframe loading=\"lazy\" style=\"border: none; overflow: hidden;\" src=\"https:\/\/www.facebook.com\/plugins\/video.php?height=314&amp;href=https%3A%2F%2Fwww.facebook.com%2Fsupertalent.novatv.hr%2Fvideos%2F1738716503239474%2F&amp;show_text=true&amp;width=560&amp;t=0\" width=\"560\" height=\"429\" frameborder=\"0\" scrolling=\"no\" allowfullscreen=\"allowfullscreen\"><\/iframe><\/p>\n<p>Kiro \u0160truc Juri\u010dki lokalno \u017ee nekaj let poznamo kot enega najbolj obetajo\u010dih mladih vokalov. Za njenimi nastopi je tudi vrsta let u\u010denja vokalnih tehnik\u00a0 v Glasbeni \u0161oli Slovenske Konjice pri Andreji Obrul in pri zasebnih u\u010diteljih petja. Na mnogih glasbenih tekmovanjih so njene izvedbe nagrajene, najbolj ponosna pa je na prvo v svoji skupini z lanskega (2022) mednarodnega pevskega festivala Fens v Kopru.<br \/>\nKira je dijakinja 3. letnika Gimnazije Slovenske Konjice, prihaja pa iz Spodnjih Prelog pri Slovenskih Konjicah.<br \/>\nDober vokal je Kira verjetno podedovala, saj je v \u0161ir\u0161i dru\u017eini nekaj odli\u010dnih pevcev.<\/p>\n<p>&nbsp;<\/p>\n","protected":false},"excerpt":{"rendered":"<p>Stoje\u010de ovacije ob\u010dinstva in navdu\u0161ena komisija. Nocoj je na hrva\u0161kem Supertalentu nastopila mlada Konji\u010danka Kira \u0160truc Juri\u010dki. V enem najbolj gledanih televizijskih \u0161ovov\u00a0 na sosednjem Hrva\u0161kem je Kira prepri\u010dala strokovno komisijo in od sodnikov prejela \u0161tirikrat DA. Kira je povedala, da ima ob nastopih obi\u010dajno tremo, a so jo \u017eiranti spodbujali, da zanjo ni potrebe, [&hellip;]<\/p>\n","protected":false},"author":5,"featured_media":168241,"comment_status":"closed","ping_status":"closed","sticky":false,"template":"","format":"standard","meta":{"footnotes":""},"categories":[14,16],"tags":[16784,18886],"class_list":{"0":"post-168237","1":"post","2":"type-post","3":"status-publish","4":"format-standard","5":"has-post-thumbnail","7":"category-aktualno","8":"category-konjisko","9":"tag-kira-struc-juricki","10":"tag-supertalent-hrvaska-202023"},"yoast_head":"<!-- This site is optimized with the Yoast SEO plugin v27.4 - https:\/\/yoast.com\/product\/yoast-seo-wordpress\/ -->\n<title>Konji\u010danka Kira navdu\u0161ila na hrva\u0161kem Supertalentu - Novice.si<\/title>\n<meta name=\"robots\" content=\"index, follow, max-snippet:-1, max-image-preview:large, max-video-preview:-1\" \/>\n<link rel=\"canonical\" href=\"https:\/\/novice.si\/page\/konjicanka-kira-navdusila-na-hrvasekem-supertalentu\/\" \/>\n<meta property=\"og:locale\" content=\"sl_SI\" \/>\n<meta property=\"og:type\" content=\"article\" \/>\n<meta property=\"og:title\" content=\"Konji\u010danka Kira navdu\u0161ila na hrva\u0161kem Supertalentu - Novice.si\" \/>\n<meta property=\"og:description\" content=\"Stoje\u010de ovacije ob\u010dinstva in navdu\u0161ena komisija. Nocoj je na hrva\u0161kem Supertalentu nastopila mlada Konji\u010danka Kira \u0160truc Juri\u010dki. V enem najbolj gledanih televizijskih \u0161ovov\u00a0 na sosednjem Hrva\u0161kem je Kira prepri\u010dala strokovno komisijo in od sodnikov prejela \u0161tirikrat DA. Kira je povedala, da ima ob nastopih obi\u010dajno tremo, a so jo \u017eiranti spodbujali, da zanjo ni potrebe, [&hellip;]\" \/>\n<meta property=\"og:url\" content=\"https:\/\/novice.si\/page\/konjicanka-kira-navdusila-na-hrvasekem-supertalentu\/\" \/>\n<meta property=\"og:site_name\" content=\"Novice.si\" \/>\n<meta property=\"article:published_time\" content=\"2023-10-08T19:53:14+00:00\" \/>\n<meta property=\"article:modified_time\" content=\"2023-10-08T20:45:12+00:00\" \/>\n<meta property=\"og:image\" content=\"https:\/\/novice.si\/page\/wp-content\/uploads\/2023\/10\/kira.jpg\" \/>\n\t<meta property=\"og:image:width\" content=\"526\" \/>\n\t<meta property=\"og:image:height\" content=\"526\" \/>\n\t<meta property=\"og:image:type\" content=\"image\/jpeg\" \/>\n<meta name=\"author\" content=\"Uredni\u0161tvo Radia Rogla\" \/>\n<meta name=\"twitter:card\" content=\"summary_large_image\" \/>\n<meta name=\"twitter:label1\" content=\"Written by\" \/>\n\t<meta name=\"twitter:data1\" content=\"Uredni\u0161tvo Radia Rogla\" \/>\n\t<meta name=\"twitter:label2\" content=\"Est. reading time\" \/>\n\t<meta name=\"twitter:data2\" content=\"1 minuta\" \/>\n<script type=\"application\/ld+json\" class=\"yoast-schema-graph\">{\"@context\":\"https:\\\/\\\/schema.org\",\"@graph\":[{\"@type\":\"Article\",\"@id\":\"https:\\\/\\\/novice.si\\\/page\\\/konjicanka-kira-navdusila-na-hrvasekem-supertalentu\\\/#article\",\"isPartOf\":{\"@id\":\"https:\\\/\\\/novice.si\\\/page\\\/konjicanka-kira-navdusila-na-hrvasekem-supertalentu\\\/\"},\"author\":{\"name\":\"Uredni\u0161tvo Radia Rogla\",\"@id\":\"https:\\\/\\\/novice.si\\\/page\\\/#\\\/schema\\\/person\\\/25f5278da029e7b6f1e1c5653d7152a6\"},\"headline\":\"Konji\u010danka Kira navdu\u0161ila na hrva\u0161kem Supertalentu\",\"datePublished\":\"2023-10-08T19:53:14+00:00\",\"dateModified\":\"2023-10-08T20:45:12+00:00\",\"mainEntityOfPage\":{\"@id\":\"https:\\\/\\\/novice.si\\\/page\\\/konjicanka-kira-navdusila-na-hrvasekem-supertalentu\\\/\"},\"wordCount\":188,\"publisher\":{\"@id\":\"https:\\\/\\\/novice.si\\\/page\\\/#organization\"},\"image\":{\"@id\":\"https:\\\/\\\/novice.si\\\/page\\\/konjicanka-kira-navdusila-na-hrvasekem-supertalentu\\\/#primaryimage\"},\"thumbnailUrl\":\"https:\\\/\\\/novice.si\\\/page\\\/wp-content\\\/uploads\\\/2023\\\/10\\\/kira.jpg\",\"keywords\":[\"kira \u0161truc juri\u010dki\",\"Supertalent Hrva\u0161ka 202023\"],\"articleSection\":[\"Aktualno\",\"Konji\u0161ko\"],\"inLanguage\":\"sl-SI\"},{\"@type\":\"WebPage\",\"@id\":\"https:\\\/\\\/novice.si\\\/page\\\/konjicanka-kira-navdusila-na-hrvasekem-supertalentu\\\/\",\"url\":\"https:\\\/\\\/novice.si\\\/page\\\/konjicanka-kira-navdusila-na-hrvasekem-supertalentu\\\/\",\"name\":\"Konji\u010danka Kira navdu\u0161ila na hrva\u0161kem Supertalentu - Novice.si\",\"isPartOf\":{\"@id\":\"https:\\\/\\\/novice.si\\\/page\\\/#website\"},\"primaryImageOfPage\":{\"@id\":\"https:\\\/\\\/novice.si\\\/page\\\/konjicanka-kira-navdusila-na-hrvasekem-supertalentu\\\/#primaryimage\"},\"image\":{\"@id\":\"https:\\\/\\\/novice.si\\\/page\\\/konjicanka-kira-navdusila-na-hrvasekem-supertalentu\\\/#primaryimage\"},\"thumbnailUrl\":\"https:\\\/\\\/novice.si\\\/page\\\/wp-content\\\/uploads\\\/2023\\\/10\\\/kira.jpg\",\"datePublished\":\"2023-10-08T19:53:14+00:00\",\"dateModified\":\"2023-10-08T20:45:12+00:00\",\"breadcrumb\":{\"@id\":\"https:\\\/\\\/novice.si\\\/page\\\/konjicanka-kira-navdusila-na-hrvasekem-supertalentu\\\/#breadcrumb\"},\"inLanguage\":\"sl-SI\",\"potentialAction\":[{\"@type\":\"ReadAction\",\"target\":[\"https:\\\/\\\/novice.si\\\/page\\\/konjicanka-kira-navdusila-na-hrvasekem-supertalentu\\\/\"]}]},{\"@type\":\"ImageObject\",\"inLanguage\":\"sl-SI\",\"@id\":\"https:\\\/\\\/novice.si\\\/page\\\/konjicanka-kira-navdusila-na-hrvasekem-supertalentu\\\/#primaryimage\",\"url\":\"https:\\\/\\\/novice.si\\\/page\\\/wp-content\\\/uploads\\\/2023\\\/10\\\/kira.jpg\",\"contentUrl\":\"https:\\\/\\\/novice.si\\\/page\\\/wp-content\\\/uploads\\\/2023\\\/10\\\/kira.jpg\",\"width\":526,\"height\":526},{\"@type\":\"BreadcrumbList\",\"@id\":\"https:\\\/\\\/novice.si\\\/page\\\/konjicanka-kira-navdusila-na-hrvasekem-supertalentu\\\/#breadcrumb\",\"itemListElement\":[{\"@type\":\"ListItem\",\"position\":1,\"name\":\"Home\",\"item\":\"https:\\\/\\\/novice.si\\\/page\\\/\"},{\"@type\":\"ListItem\",\"position\":2,\"name\":\"Konji\u010danka Kira navdu\u0161ila na hrva\u0161kem Supertalentu\"}]},{\"@type\":\"WebSite\",\"@id\":\"https:\\\/\\\/novice.si\\\/page\\\/#website\",\"url\":\"https:\\\/\\\/novice.si\\\/page\\\/\",\"name\":\"Novice.si\",\"description\":\"\",\"publisher\":{\"@id\":\"https:\\\/\\\/novice.si\\\/page\\\/#organization\"},\"potentialAction\":[{\"@type\":\"SearchAction\",\"target\":{\"@type\":\"EntryPoint\",\"urlTemplate\":\"https:\\\/\\\/novice.si\\\/page\\\/?s={search_term_string}\"},\"query-input\":{\"@type\":\"PropertyValueSpecification\",\"valueRequired\":true,\"valueName\":\"search_term_string\"}}],\"inLanguage\":\"sl-SI\"},{\"@type\":\"Organization\",\"@id\":\"https:\\\/\\\/novice.si\\\/page\\\/#organization\",\"name\":\"Novice.si\",\"url\":\"https:\\\/\\\/novice.si\\\/page\\\/\",\"logo\":{\"@type\":\"ImageObject\",\"inLanguage\":\"sl-SI\",\"@id\":\"https:\\\/\\\/novice.si\\\/page\\\/#\\\/schema\\\/logo\\\/image\\\/\",\"url\":\"https:\\\/\\\/novice.si\\\/page\\\/wp-content\\\/uploads\\\/2023\\\/03\\\/novice_si.png\",\"contentUrl\":\"https:\\\/\\\/novice.si\\\/page\\\/wp-content\\\/uploads\\\/2023\\\/03\\\/novice_si.png\",\"width\":576,\"height\":200,\"caption\":\"Novice.si\"},\"image\":{\"@id\":\"https:\\\/\\\/novice.si\\\/page\\\/#\\\/schema\\\/logo\\\/image\\\/\"}},{\"@type\":\"Person\",\"@id\":\"https:\\\/\\\/novice.si\\\/page\\\/#\\\/schema\\\/person\\\/25f5278da029e7b6f1e1c5653d7152a6\",\"name\":\"Uredni\u0161tvo Radia Rogla\",\"image\":{\"@type\":\"ImageObject\",\"inLanguage\":\"sl-SI\",\"@id\":\"https:\\\/\\\/secure.gravatar.com\\\/avatar\\\/eade8259eacc27e89cb0948c57c4cbe46b0f16ea634156f167415ac94c5b03e3?s=96&d=mm&r=g\",\"url\":\"https:\\\/\\\/secure.gravatar.com\\\/avatar\\\/eade8259eacc27e89cb0948c57c4cbe46b0f16ea634156f167415ac94c5b03e3?s=96&d=mm&r=g\",\"contentUrl\":\"https:\\\/\\\/secure.gravatar.com\\\/avatar\\\/eade8259eacc27e89cb0948c57c4cbe46b0f16ea634156f167415ac94c5b03e3?s=96&d=mm&r=g\",\"caption\":\"Uredni\u0161tvo Radia Rogla\"},\"url\":\"https:\\\/\\\/novice.si\\\/page\\\/author\\\/valerija\\\/\"}]}<\/script>\n<!-- \/ Yoast SEO plugin. -->","yoast_head_json":{"title":"Konji\u010danka Kira navdu\u0161ila na hrva\u0161kem Supertalentu - Novice.si","robots":{"index":"index","follow":"follow","max-snippet":"max-snippet:-1","max-image-preview":"max-image-preview:large","max-video-preview":"max-video-preview:-1"},"canonical":"https:\/\/novice.si\/page\/konjicanka-kira-navdusila-na-hrvasekem-supertalentu\/","og_locale":"sl_SI","og_type":"article","og_title":"Konji\u010danka Kira navdu\u0161ila na hrva\u0161kem Supertalentu - Novice.si","og_description":"Stoje\u010de ovacije ob\u010dinstva in navdu\u0161ena komisija. Nocoj je na hrva\u0161kem Supertalentu nastopila mlada Konji\u010danka Kira \u0160truc Juri\u010dki. V enem najbolj gledanih televizijskih \u0161ovov\u00a0 na sosednjem Hrva\u0161kem je Kira prepri\u010dala strokovno komisijo in od sodnikov prejela \u0161tirikrat DA. Kira je povedala, da ima ob nastopih obi\u010dajno tremo, a so jo \u017eiranti spodbujali, da zanjo ni potrebe, [&hellip;]","og_url":"https:\/\/novice.si\/page\/konjicanka-kira-navdusila-na-hrvasekem-supertalentu\/","og_site_name":"Novice.si","article_published_time":"2023-10-08T19:53:14+00:00","article_modified_time":"2023-10-08T20:45:12+00:00","og_image":[{"width":526,"height":526,"url":"https:\/\/novice.si\/page\/wp-content\/uploads\/2023\/10\/kira.jpg","type":"image\/jpeg"}],"author":"Uredni\u0161tvo Radia Rogla","twitter_card":"summary_large_image","twitter_misc":{"Written by":"Uredni\u0161tvo Radia Rogla","Est. reading time":"1 minuta"},"schema":{"@context":"https:\/\/schema.org","@graph":[{"@type":"Article","@id":"https:\/\/novice.si\/page\/konjicanka-kira-navdusila-na-hrvasekem-supertalentu\/#article","isPartOf":{"@id":"https:\/\/novice.si\/page\/konjicanka-kira-navdusila-na-hrvasekem-supertalentu\/"},"author":{"name":"Uredni\u0161tvo Radia Rogla","@id":"https:\/\/novice.si\/page\/#\/schema\/person\/25f5278da029e7b6f1e1c5653d7152a6"},"headline":"Konji\u010danka Kira navdu\u0161ila na hrva\u0161kem Supertalentu","datePublished":"2023-10-08T19:53:14+00:00","dateModified":"2023-10-08T20:45:12+00:00","mainEntityOfPage":{"@id":"https:\/\/novice.si\/page\/konjicanka-kira-navdusila-na-hrvasekem-supertalentu\/"},"wordCount":188,"publisher":{"@id":"https:\/\/novice.si\/page\/#organization"},"image":{"@id":"https:\/\/novice.si\/page\/konjicanka-kira-navdusila-na-hrvasekem-supertalentu\/#primaryimage"},"thumbnailUrl":"https:\/\/novice.si\/page\/wp-content\/uploads\/2023\/10\/kira.jpg","keywords":["kira \u0161truc juri\u010dki","Supertalent Hrva\u0161ka 202023"],"articleSection":["Aktualno","Konji\u0161ko"],"inLanguage":"sl-SI"},{"@type":"WebPage","@id":"https:\/\/novice.si\/page\/konjicanka-kira-navdusila-na-hrvasekem-supertalentu\/","url":"https:\/\/novice.si\/page\/konjicanka-kira-navdusila-na-hrvasekem-supertalentu\/","name":"Konji\u010danka Kira navdu\u0161ila na hrva\u0161kem Supertalentu - Novice.si","isPartOf":{"@id":"https:\/\/novice.si\/page\/#website"},"primaryImageOfPage":{"@id":"https:\/\/novice.si\/page\/konjicanka-kira-navdusila-na-hrvasekem-supertalentu\/#primaryimage"},"image":{"@id":"https:\/\/novice.si\/page\/konjicanka-kira-navdusila-na-hrvasekem-supertalentu\/#primaryimage"},"thumbnailUrl":"https:\/\/novice.si\/page\/wp-content\/uploads\/2023\/10\/kira.jpg","datePublished":"2023-10-08T19:53:14+00:00","dateModified":"2023-10-08T20:45:12+00:00","breadcrumb":{"@id":"https:\/\/novice.si\/page\/konjicanka-kira-navdusila-na-hrvasekem-supertalentu\/#breadcrumb"},"inLanguage":"sl-SI","potentialAction":[{"@type":"ReadAction","target":["https:\/\/novice.si\/page\/konjicanka-kira-navdusila-na-hrvasekem-supertalentu\/"]}]},{"@type":"ImageObject","inLanguage":"sl-SI","@id":"https:\/\/novice.si\/page\/konjicanka-kira-navdusila-na-hrvasekem-supertalentu\/#primaryimage","url":"https:\/\/novice.si\/page\/wp-content\/uploads\/2023\/10\/kira.jpg","contentUrl":"https:\/\/novice.si\/page\/wp-content\/uploads\/2023\/10\/kira.jpg","width":526,"height":526},{"@type":"BreadcrumbList","@id":"https:\/\/novice.si\/page\/konjicanka-kira-navdusila-na-hrvasekem-supertalentu\/#breadcrumb","itemListElement":[{"@type":"ListItem","position":1,"name":"Home","item":"https:\/\/novice.si\/page\/"},{"@type":"ListItem","position":2,"name":"Konji\u010danka Kira navdu\u0161ila na hrva\u0161kem Supertalentu"}]},{"@type":"WebSite","@id":"https:\/\/novice.si\/page\/#website","url":"https:\/\/novice.si\/page\/","name":"Novice.si","description":"","publisher":{"@id":"https:\/\/novice.si\/page\/#organization"},"potentialAction":[{"@type":"SearchAction","target":{"@type":"EntryPoint","urlTemplate":"https:\/\/novice.si\/page\/?s={search_term_string}"},"query-input":{"@type":"PropertyValueSpecification","valueRequired":true,"valueName":"search_term_string"}}],"inLanguage":"sl-SI"},{"@type":"Organization","@id":"https:\/\/novice.si\/page\/#organization","name":"Novice.si","url":"https:\/\/novice.si\/page\/","logo":{"@type":"ImageObject","inLanguage":"sl-SI","@id":"https:\/\/novice.si\/page\/#\/schema\/logo\/image\/","url":"https:\/\/novice.si\/page\/wp-content\/uploads\/2023\/03\/novice_si.png","contentUrl":"https:\/\/novice.si\/page\/wp-content\/uploads\/2023\/03\/novice_si.png","width":576,"height":200,"caption":"Novice.si"},"image":{"@id":"https:\/\/novice.si\/page\/#\/schema\/logo\/image\/"}},{"@type":"Person","@id":"https:\/\/novice.si\/page\/#\/schema\/person\/25f5278da029e7b6f1e1c5653d7152a6","name":"Uredni\u0161tvo Radia Rogla","image":{"@type":"ImageObject","inLanguage":"sl-SI","@id":"https:\/\/secure.gravatar.com\/avatar\/eade8259eacc27e89cb0948c57c4cbe46b0f16ea634156f167415ac94c5b03e3?s=96&d=mm&r=g","url":"https:\/\/secure.gravatar.com\/avatar\/eade8259eacc27e89cb0948c57c4cbe46b0f16ea634156f167415ac94c5b03e3?s=96&d=mm&r=g","contentUrl":"https:\/\/secure.gravatar.com\/avatar\/eade8259eacc27e89cb0948c57c4cbe46b0f16ea634156f167415ac94c5b03e3?s=96&d=mm&r=g","caption":"Uredni\u0161tvo Radia Rogla"},"url":"https:\/\/novice.si\/page\/author\/valerija\/"}]}},"_links":{"self":[{"href":"https:\/\/novice.si\/page\/wp-json\/wp\/v2\/posts\/168237","targetHints":{"allow":["GET"]}}],"collection":[{"href":"https:\/\/novice.si\/page\/wp-json\/wp\/v2\/posts"}],"about":[{"href":"https:\/\/novice.si\/page\/wp-json\/wp\/v2\/types\/post"}],"author":[{"embeddable":true,"href":"https:\/\/novice.si\/page\/wp-json\/wp\/v2\/users\/5"}],"replies":[{"embeddable":true,"href":"https:\/\/novice.si\/page\/wp-json\/wp\/v2\/comments?post=168237"}],"version-history":[{"count":7,"href":"https:\/\/novice.si\/page\/wp-json\/wp\/v2\/posts\/168237\/revisions"}],"predecessor-version":[{"id":168247,"href":"https:\/\/novice.si\/page\/wp-json\/wp\/v2\/posts\/168237\/revisions\/168247"}],"wp:featuredmedia":[{"embeddable":true,"href":"https:\/\/novice.si\/page\/wp-json\/wp\/v2\/media\/168241"}],"wp:attachment":[{"href":"https:\/\/novice.si\/page\/wp-json\/wp\/v2\/media?parent=168237"}],"wp:term":[{"taxonomy":"category","embeddable":true,"href":"https:\/\/novice.si\/page\/wp-json\/wp\/v2\/categories?post=168237"},{"taxonomy":"post_tag","embeddable":true,"href":"https:\/\/novice.si\/page\/wp-json\/wp\/v2\/tags?post=168237"}],"curies":[{"name":"wp","href":"https:\/\/api.w.org\/{rel}","templated":true}]}}