{"id":168227,"date":"2023-10-06T15:17:37","date_gmt":"2023-10-06T13:17:37","guid":{"rendered":"https:\/\/novice.si\/page\/?p=168227"},"modified":"2023-10-06T15:18:35","modified_gmt":"2023-10-06T13:18:35","slug":"vojnik-posebno-priznanje-gz-vojnik-dobrna","status":"publish","type":"post","link":"https:\/\/novice.si\/page\/vojnik-posebno-priznanje-gz-vojnik-dobrna\/","title":{"rendered":"VOJNIK Posebno priznanje GZ Vojnik-Dobrna"},"content":{"rendered":"<p>Vojni\u0161ka ob\u010dina ob svojem prazniku tokrat ni podelila Zlatega grba, temve\u010d je tega <img loading=\"lazy\" decoding=\"async\" class=\"wp-image-168228 alignleft\" src=\"https:\/\/novice.si\/page\/wp-content\/uploads\/2023\/10\/obcinski-nagrajenci-vojnik2-600x400.jpg\" alt=\"\" width=\"363\" height=\"242\" srcset=\"https:\/\/novice.si\/page\/wp-content\/uploads\/2023\/10\/obcinski-nagrajenci-vojnik2-600x400.jpg 600w, https:\/\/novice.si\/page\/wp-content\/uploads\/2023\/10\/obcinski-nagrajenci-vojnik2-768x512.jpg 768w, https:\/\/novice.si\/page\/wp-content\/uploads\/2023\/10\/obcinski-nagrajenci-vojnik2-696x464.jpg 696w, https:\/\/novice.si\/page\/wp-content\/uploads\/2023\/10\/obcinski-nagrajenci-vojnik2-630x420.jpg 630w, https:\/\/novice.si\/page\/wp-content\/uploads\/2023\/10\/obcinski-nagrajenci-vojnik2-24x16.jpg 24w, https:\/\/novice.si\/page\/wp-content\/uploads\/2023\/10\/obcinski-nagrajenci-vojnik2-36x24.jpg 36w, https:\/\/novice.si\/page\/wp-content\/uploads\/2023\/10\/obcinski-nagrajenci-vojnik2-48x32.jpg 48w, https:\/\/novice.si\/page\/wp-content\/uploads\/2023\/10\/obcinski-nagrajenci-vojnik2.jpg 1024w\" sizes=\"auto, (max-width: 363px) 100vw, 363px\" \/>nadomestila s posebnim priznanjem, ki si ga je prislu\u017eila Gasilska zveza Vojnik-Dobrna. Podelili so ji ga za dolgoletno, predano in aktivno delovanje ve\u010d kot 1350 gasilcev in \u010dlanov.<\/p>\n<p>Prejemnika srebrnega grba sta <strong>Lidija Eler Jazbin\u0161ek<\/strong> in Zdravstvena postaja Vojnik, bronasti grb je \u0161el v roke vojni\u0161kemu vinogradni\u0161kemu dru\u0161tvu, <strong>Nata\u0161i Kova\u010di\u010d Sto\u017eir<\/strong> in <strong>Zdenku Vrenku<\/strong>.<\/p>\n<p>Na slavnostni seji vojni\u0161kega ob\u010dinskega sveta so potrdili \u0161e mandat novemu ob\u010dinskemu svetniku <strong>Egidiju \u010cretniku<\/strong> iz SDS. Nadomestil je predhodnika <strong>Branka Podgor\u0161ka<\/strong>, ki je v za\u010detku septembra odstopil.<\/p>\n<p>(P\u0160)<\/p>\n","protected":false},"excerpt":{"rendered":"<p>Vojni\u0161ka ob\u010dina ob svojem prazniku tokrat ni podelila Zlatega grba, temve\u010d je tega nadomestila s posebnim priznanjem, ki si ga je prislu\u017eila Gasilska zveza Vojnik-Dobrna. Podelili so ji ga za dolgoletno, predano in aktivno delovanje ve\u010d kot 1350 gasilcev in \u010dlanov. Prejemnika srebrnega grba sta Lidija Eler Jazbin\u0161ek in Zdravstvena postaja Vojnik, bronasti grb je [&hellip;]<\/p>\n","protected":false},"author":33,"featured_media":168229,"comment_status":"closed","ping_status":"closed","sticky":false,"template":"","format":"standard","meta":{"footnotes":""},"categories":[17],"tags":[18879,18882,945,5917,18880,18881],"class_list":{"0":"post-168227","1":"post","2":"type-post","3":"status-publish","4":"format-standard","5":"has-post-thumbnail","7":"category-celjsko","8":"tag-gasilska-zveza-vojnik-dobrna","9":"tag-nadomestni-obcinski-svetnik","10":"tag-obcina-vojnik","11":"tag-obcinska-priznanja","12":"tag-posebno-priznanje","13":"tag-srebrni-in-bronasti-grb"},"yoast_head":"<!-- This site is optimized with the Yoast SEO plugin v27.4 - https:\/\/yoast.com\/product\/yoast-seo-wordpress\/ -->\n<title>VOJNIK Posebno priznanje GZ Vojnik-Dobrna - Novice.si<\/title>\n<meta name=\"robots\" content=\"index, follow, max-snippet:-1, max-image-preview:large, max-video-preview:-1\" \/>\n<link rel=\"canonical\" href=\"https:\/\/novice.si\/page\/vojnik-posebno-priznanje-gz-vojnik-dobrna\/\" \/>\n<meta property=\"og:locale\" content=\"sl_SI\" \/>\n<meta property=\"og:type\" content=\"article\" \/>\n<meta property=\"og:title\" content=\"VOJNIK Posebno priznanje GZ Vojnik-Dobrna - Novice.si\" \/>\n<meta property=\"og:description\" content=\"Vojni\u0161ka ob\u010dina ob svojem prazniku tokrat ni podelila Zlatega grba, temve\u010d je tega nadomestila s posebnim priznanjem, ki si ga je prislu\u017eila Gasilska zveza Vojnik-Dobrna. Podelili so ji ga za dolgoletno, predano in aktivno delovanje ve\u010d kot 1350 gasilcev in \u010dlanov. Prejemnika srebrnega grba sta Lidija Eler Jazbin\u0161ek in Zdravstvena postaja Vojnik, bronasti grb je [&hellip;]\" \/>\n<meta property=\"og:url\" content=\"https:\/\/novice.si\/page\/vojnik-posebno-priznanje-gz-vojnik-dobrna\/\" \/>\n<meta property=\"og:site_name\" content=\"Novice.si\" \/>\n<meta property=\"article:published_time\" content=\"2023-10-06T13:17:37+00:00\" \/>\n<meta property=\"article:modified_time\" content=\"2023-10-06T13:18:35+00:00\" \/>\n<meta property=\"og:image\" content=\"https:\/\/novice.si\/page\/wp-content\/uploads\/2023\/10\/obcinski-nagrajenci-vojnik.jpg\" \/>\n\t<meta property=\"og:image:width\" content=\"1024\" \/>\n\t<meta property=\"og:image:height\" content=\"683\" \/>\n\t<meta property=\"og:image:type\" content=\"image\/jpeg\" \/>\n<meta name=\"author\" content=\"Uredni\u0161tvo Celjana\" \/>\n<meta name=\"twitter:card\" content=\"summary_large_image\" \/>\n<meta name=\"twitter:label1\" content=\"Written by\" \/>\n\t<meta name=\"twitter:data1\" content=\"Uredni\u0161tvo Celjana\" \/>\n\t<meta name=\"twitter:label2\" content=\"Est. reading time\" \/>\n\t<meta name=\"twitter:data2\" content=\"1 minuta\" \/>\n<script type=\"application\/ld+json\" class=\"yoast-schema-graph\">{\"@context\":\"https:\\\/\\\/schema.org\",\"@graph\":[{\"@type\":\"Article\",\"@id\":\"https:\\\/\\\/novice.si\\\/page\\\/vojnik-posebno-priznanje-gz-vojnik-dobrna\\\/#article\",\"isPartOf\":{\"@id\":\"https:\\\/\\\/novice.si\\\/page\\\/vojnik-posebno-priznanje-gz-vojnik-dobrna\\\/\"},\"author\":{\"name\":\"Uredni\u0161tvo Celjana\",\"@id\":\"https:\\\/\\\/novice.si\\\/page\\\/#\\\/schema\\\/person\\\/57f25c9642a9541c7349c65d32032c3e\"},\"headline\":\"VOJNIK Posebno priznanje GZ Vojnik-Dobrna\",\"datePublished\":\"2023-10-06T13:17:37+00:00\",\"dateModified\":\"2023-10-06T13:18:35+00:00\",\"mainEntityOfPage\":{\"@id\":\"https:\\\/\\\/novice.si\\\/page\\\/vojnik-posebno-priznanje-gz-vojnik-dobrna\\\/\"},\"wordCount\":115,\"publisher\":{\"@id\":\"https:\\\/\\\/novice.si\\\/page\\\/#organization\"},\"image\":{\"@id\":\"https:\\\/\\\/novice.si\\\/page\\\/vojnik-posebno-priznanje-gz-vojnik-dobrna\\\/#primaryimage\"},\"thumbnailUrl\":\"https:\\\/\\\/novice.si\\\/page\\\/wp-content\\\/uploads\\\/2023\\\/10\\\/obcinski-nagrajenci-vojnik.jpg\",\"keywords\":[\"gasilska zveza vojnik dobrna\",\"nadomestni ob\u010dinski svetnik\",\"ob\u010dina Vojnik\",\"ob\u010dinska priznanja\",\"posebno priznanje\",\"srebrni in bronasti grb\"],\"articleSection\":[\"Celjsko\"],\"inLanguage\":\"sl-SI\"},{\"@type\":\"WebPage\",\"@id\":\"https:\\\/\\\/novice.si\\\/page\\\/vojnik-posebno-priznanje-gz-vojnik-dobrna\\\/\",\"url\":\"https:\\\/\\\/novice.si\\\/page\\\/vojnik-posebno-priznanje-gz-vojnik-dobrna\\\/\",\"name\":\"VOJNIK Posebno priznanje GZ Vojnik-Dobrna - Novice.si\",\"isPartOf\":{\"@id\":\"https:\\\/\\\/novice.si\\\/page\\\/#website\"},\"primaryImageOfPage\":{\"@id\":\"https:\\\/\\\/novice.si\\\/page\\\/vojnik-posebno-priznanje-gz-vojnik-dobrna\\\/#primaryimage\"},\"image\":{\"@id\":\"https:\\\/\\\/novice.si\\\/page\\\/vojnik-posebno-priznanje-gz-vojnik-dobrna\\\/#primaryimage\"},\"thumbnailUrl\":\"https:\\\/\\\/novice.si\\\/page\\\/wp-content\\\/uploads\\\/2023\\\/10\\\/obcinski-nagrajenci-vojnik.jpg\",\"datePublished\":\"2023-10-06T13:17:37+00:00\",\"dateModified\":\"2023-10-06T13:18:35+00:00\",\"breadcrumb\":{\"@id\":\"https:\\\/\\\/novice.si\\\/page\\\/vojnik-posebno-priznanje-gz-vojnik-dobrna\\\/#breadcrumb\"},\"inLanguage\":\"sl-SI\",\"potentialAction\":[{\"@type\":\"ReadAction\",\"target\":[\"https:\\\/\\\/novice.si\\\/page\\\/vojnik-posebno-priznanje-gz-vojnik-dobrna\\\/\"]}]},{\"@type\":\"ImageObject\",\"inLanguage\":\"sl-SI\",\"@id\":\"https:\\\/\\\/novice.si\\\/page\\\/vojnik-posebno-priznanje-gz-vojnik-dobrna\\\/#primaryimage\",\"url\":\"https:\\\/\\\/novice.si\\\/page\\\/wp-content\\\/uploads\\\/2023\\\/10\\\/obcinski-nagrajenci-vojnik.jpg\",\"contentUrl\":\"https:\\\/\\\/novice.si\\\/page\\\/wp-content\\\/uploads\\\/2023\\\/10\\\/obcinski-nagrajenci-vojnik.jpg\",\"width\":1024,\"height\":683},{\"@type\":\"BreadcrumbList\",\"@id\":\"https:\\\/\\\/novice.si\\\/page\\\/vojnik-posebno-priznanje-gz-vojnik-dobrna\\\/#breadcrumb\",\"itemListElement\":[{\"@type\":\"ListItem\",\"position\":1,\"name\":\"Home\",\"item\":\"https:\\\/\\\/novice.si\\\/page\\\/\"},{\"@type\":\"ListItem\",\"position\":2,\"name\":\"VOJNIK Posebno priznanje GZ Vojnik-Dobrna\"}]},{\"@type\":\"WebSite\",\"@id\":\"https:\\\/\\\/novice.si\\\/page\\\/#website\",\"url\":\"https:\\\/\\\/novice.si\\\/page\\\/\",\"name\":\"Novice.si\",\"description\":\"\",\"publisher\":{\"@id\":\"https:\\\/\\\/novice.si\\\/page\\\/#organization\"},\"potentialAction\":[{\"@type\":\"SearchAction\",\"target\":{\"@type\":\"EntryPoint\",\"urlTemplate\":\"https:\\\/\\\/novice.si\\\/page\\\/?s={search_term_string}\"},\"query-input\":{\"@type\":\"PropertyValueSpecification\",\"valueRequired\":true,\"valueName\":\"search_term_string\"}}],\"inLanguage\":\"sl-SI\"},{\"@type\":\"Organization\",\"@id\":\"https:\\\/\\\/novice.si\\\/page\\\/#organization\",\"name\":\"Novice.si\",\"url\":\"https:\\\/\\\/novice.si\\\/page\\\/\",\"logo\":{\"@type\":\"ImageObject\",\"inLanguage\":\"sl-SI\",\"@id\":\"https:\\\/\\\/novice.si\\\/page\\\/#\\\/schema\\\/logo\\\/image\\\/\",\"url\":\"https:\\\/\\\/novice.si\\\/page\\\/wp-content\\\/uploads\\\/2023\\\/03\\\/novice_si.png\",\"contentUrl\":\"https:\\\/\\\/novice.si\\\/page\\\/wp-content\\\/uploads\\\/2023\\\/03\\\/novice_si.png\",\"width\":576,\"height\":200,\"caption\":\"Novice.si\"},\"image\":{\"@id\":\"https:\\\/\\\/novice.si\\\/page\\\/#\\\/schema\\\/logo\\\/image\\\/\"}},{\"@type\":\"Person\",\"@id\":\"https:\\\/\\\/novice.si\\\/page\\\/#\\\/schema\\\/person\\\/57f25c9642a9541c7349c65d32032c3e\",\"name\":\"Uredni\u0161tvo Celjana\",\"image\":{\"@type\":\"ImageObject\",\"inLanguage\":\"sl-SI\",\"@id\":\"https:\\\/\\\/secure.gravatar.com\\\/avatar\\\/78e52bc4279b65f6df6345e0ef0f7b792d361361f230cf4ffecfe0afe6d5629c?s=96&d=mm&r=g\",\"url\":\"https:\\\/\\\/secure.gravatar.com\\\/avatar\\\/78e52bc4279b65f6df6345e0ef0f7b792d361361f230cf4ffecfe0afe6d5629c?s=96&d=mm&r=g\",\"contentUrl\":\"https:\\\/\\\/secure.gravatar.com\\\/avatar\\\/78e52bc4279b65f6df6345e0ef0f7b792d361361f230cf4ffecfe0afe6d5629c?s=96&d=mm&r=g\",\"caption\":\"Uredni\u0161tvo Celjana\"},\"url\":\"https:\\\/\\\/novice.si\\\/page\\\/author\\\/primoz\\\/\"}]}<\/script>\n<!-- \/ Yoast SEO plugin. -->","yoast_head_json":{"title":"VOJNIK Posebno priznanje GZ Vojnik-Dobrna - Novice.si","robots":{"index":"index","follow":"follow","max-snippet":"max-snippet:-1","max-image-preview":"max-image-preview:large","max-video-preview":"max-video-preview:-1"},"canonical":"https:\/\/novice.si\/page\/vojnik-posebno-priznanje-gz-vojnik-dobrna\/","og_locale":"sl_SI","og_type":"article","og_title":"VOJNIK Posebno priznanje GZ Vojnik-Dobrna - Novice.si","og_description":"Vojni\u0161ka ob\u010dina ob svojem prazniku tokrat ni podelila Zlatega grba, temve\u010d je tega nadomestila s posebnim priznanjem, ki si ga je prislu\u017eila Gasilska zveza Vojnik-Dobrna. Podelili so ji ga za dolgoletno, predano in aktivno delovanje ve\u010d kot 1350 gasilcev in \u010dlanov. Prejemnika srebrnega grba sta Lidija Eler Jazbin\u0161ek in Zdravstvena postaja Vojnik, bronasti grb je [&hellip;]","og_url":"https:\/\/novice.si\/page\/vojnik-posebno-priznanje-gz-vojnik-dobrna\/","og_site_name":"Novice.si","article_published_time":"2023-10-06T13:17:37+00:00","article_modified_time":"2023-10-06T13:18:35+00:00","og_image":[{"width":1024,"height":683,"url":"https:\/\/novice.si\/page\/wp-content\/uploads\/2023\/10\/obcinski-nagrajenci-vojnik.jpg","type":"image\/jpeg"}],"author":"Uredni\u0161tvo Celjana","twitter_card":"summary_large_image","twitter_misc":{"Written by":"Uredni\u0161tvo Celjana","Est. reading time":"1 minuta"},"schema":{"@context":"https:\/\/schema.org","@graph":[{"@type":"Article","@id":"https:\/\/novice.si\/page\/vojnik-posebno-priznanje-gz-vojnik-dobrna\/#article","isPartOf":{"@id":"https:\/\/novice.si\/page\/vojnik-posebno-priznanje-gz-vojnik-dobrna\/"},"author":{"name":"Uredni\u0161tvo Celjana","@id":"https:\/\/novice.si\/page\/#\/schema\/person\/57f25c9642a9541c7349c65d32032c3e"},"headline":"VOJNIK Posebno priznanje GZ Vojnik-Dobrna","datePublished":"2023-10-06T13:17:37+00:00","dateModified":"2023-10-06T13:18:35+00:00","mainEntityOfPage":{"@id":"https:\/\/novice.si\/page\/vojnik-posebno-priznanje-gz-vojnik-dobrna\/"},"wordCount":115,"publisher":{"@id":"https:\/\/novice.si\/page\/#organization"},"image":{"@id":"https:\/\/novice.si\/page\/vojnik-posebno-priznanje-gz-vojnik-dobrna\/#primaryimage"},"thumbnailUrl":"https:\/\/novice.si\/page\/wp-content\/uploads\/2023\/10\/obcinski-nagrajenci-vojnik.jpg","keywords":["gasilska zveza vojnik dobrna","nadomestni ob\u010dinski svetnik","ob\u010dina Vojnik","ob\u010dinska priznanja","posebno priznanje","srebrni in bronasti grb"],"articleSection":["Celjsko"],"inLanguage":"sl-SI"},{"@type":"WebPage","@id":"https:\/\/novice.si\/page\/vojnik-posebno-priznanje-gz-vojnik-dobrna\/","url":"https:\/\/novice.si\/page\/vojnik-posebno-priznanje-gz-vojnik-dobrna\/","name":"VOJNIK Posebno priznanje GZ Vojnik-Dobrna - Novice.si","isPartOf":{"@id":"https:\/\/novice.si\/page\/#website"},"primaryImageOfPage":{"@id":"https:\/\/novice.si\/page\/vojnik-posebno-priznanje-gz-vojnik-dobrna\/#primaryimage"},"image":{"@id":"https:\/\/novice.si\/page\/vojnik-posebno-priznanje-gz-vojnik-dobrna\/#primaryimage"},"thumbnailUrl":"https:\/\/novice.si\/page\/wp-content\/uploads\/2023\/10\/obcinski-nagrajenci-vojnik.jpg","datePublished":"2023-10-06T13:17:37+00:00","dateModified":"2023-10-06T13:18:35+00:00","breadcrumb":{"@id":"https:\/\/novice.si\/page\/vojnik-posebno-priznanje-gz-vojnik-dobrna\/#breadcrumb"},"inLanguage":"sl-SI","potentialAction":[{"@type":"ReadAction","target":["https:\/\/novice.si\/page\/vojnik-posebno-priznanje-gz-vojnik-dobrna\/"]}]},{"@type":"ImageObject","inLanguage":"sl-SI","@id":"https:\/\/novice.si\/page\/vojnik-posebno-priznanje-gz-vojnik-dobrna\/#primaryimage","url":"https:\/\/novice.si\/page\/wp-content\/uploads\/2023\/10\/obcinski-nagrajenci-vojnik.jpg","contentUrl":"https:\/\/novice.si\/page\/wp-content\/uploads\/2023\/10\/obcinski-nagrajenci-vojnik.jpg","width":1024,"height":683},{"@type":"BreadcrumbList","@id":"https:\/\/novice.si\/page\/vojnik-posebno-priznanje-gz-vojnik-dobrna\/#breadcrumb","itemListElement":[{"@type":"ListItem","position":1,"name":"Home","item":"https:\/\/novice.si\/page\/"},{"@type":"ListItem","position":2,"name":"VOJNIK Posebno priznanje GZ Vojnik-Dobrna"}]},{"@type":"WebSite","@id":"https:\/\/novice.si\/page\/#website","url":"https:\/\/novice.si\/page\/","name":"Novice.si","description":"","publisher":{"@id":"https:\/\/novice.si\/page\/#organization"},"potentialAction":[{"@type":"SearchAction","target":{"@type":"EntryPoint","urlTemplate":"https:\/\/novice.si\/page\/?s={search_term_string}"},"query-input":{"@type":"PropertyValueSpecification","valueRequired":true,"valueName":"search_term_string"}}],"inLanguage":"sl-SI"},{"@type":"Organization","@id":"https:\/\/novice.si\/page\/#organization","name":"Novice.si","url":"https:\/\/novice.si\/page\/","logo":{"@type":"ImageObject","inLanguage":"sl-SI","@id":"https:\/\/novice.si\/page\/#\/schema\/logo\/image\/","url":"https:\/\/novice.si\/page\/wp-content\/uploads\/2023\/03\/novice_si.png","contentUrl":"https:\/\/novice.si\/page\/wp-content\/uploads\/2023\/03\/novice_si.png","width":576,"height":200,"caption":"Novice.si"},"image":{"@id":"https:\/\/novice.si\/page\/#\/schema\/logo\/image\/"}},{"@type":"Person","@id":"https:\/\/novice.si\/page\/#\/schema\/person\/57f25c9642a9541c7349c65d32032c3e","name":"Uredni\u0161tvo Celjana","image":{"@type":"ImageObject","inLanguage":"sl-SI","@id":"https:\/\/secure.gravatar.com\/avatar\/78e52bc4279b65f6df6345e0ef0f7b792d361361f230cf4ffecfe0afe6d5629c?s=96&d=mm&r=g","url":"https:\/\/secure.gravatar.com\/avatar\/78e52bc4279b65f6df6345e0ef0f7b792d361361f230cf4ffecfe0afe6d5629c?s=96&d=mm&r=g","contentUrl":"https:\/\/secure.gravatar.com\/avatar\/78e52bc4279b65f6df6345e0ef0f7b792d361361f230cf4ffecfe0afe6d5629c?s=96&d=mm&r=g","caption":"Uredni\u0161tvo Celjana"},"url":"https:\/\/novice.si\/page\/author\/primoz\/"}]}},"_links":{"self":[{"href":"https:\/\/novice.si\/page\/wp-json\/wp\/v2\/posts\/168227","targetHints":{"allow":["GET"]}}],"collection":[{"href":"https:\/\/novice.si\/page\/wp-json\/wp\/v2\/posts"}],"about":[{"href":"https:\/\/novice.si\/page\/wp-json\/wp\/v2\/types\/post"}],"author":[{"embeddable":true,"href":"https:\/\/novice.si\/page\/wp-json\/wp\/v2\/users\/33"}],"replies":[{"embeddable":true,"href":"https:\/\/novice.si\/page\/wp-json\/wp\/v2\/comments?post=168227"}],"version-history":[{"count":2,"href":"https:\/\/novice.si\/page\/wp-json\/wp\/v2\/posts\/168227\/revisions"}],"predecessor-version":[{"id":168231,"href":"https:\/\/novice.si\/page\/wp-json\/wp\/v2\/posts\/168227\/revisions\/168231"}],"wp:featuredmedia":[{"embeddable":true,"href":"https:\/\/novice.si\/page\/wp-json\/wp\/v2\/media\/168229"}],"wp:attachment":[{"href":"https:\/\/novice.si\/page\/wp-json\/wp\/v2\/media?parent=168227"}],"wp:term":[{"taxonomy":"category","embeddable":true,"href":"https:\/\/novice.si\/page\/wp-json\/wp\/v2\/categories?post=168227"},{"taxonomy":"post_tag","embeddable":true,"href":"https:\/\/novice.si\/page\/wp-json\/wp\/v2\/tags?post=168227"}],"curies":[{"name":"wp","href":"https:\/\/api.w.org\/{rel}","templated":true}]}}