{"id":168191,"date":"2023-10-06T08:58:44","date_gmt":"2023-10-06T06:58:44","guid":{"rendered":"https:\/\/novice.si\/page\/?p=168191"},"modified":"2023-10-06T08:58:44","modified_gmt":"2023-10-06T06:58:44","slug":"tudi-oplotniski-obcinski-svetniki-proti-gradnji-vetrnic-na-pohorju","status":"publish","type":"post","link":"https:\/\/novice.si\/page\/tudi-oplotniski-obcinski-svetniki-proti-gradnji-vetrnic-na-pohorju\/","title":{"rendered":"Tudi oplotni\u0161ki ob\u010dinski svetniki proti gradnji vetrnic na Pohorju"},"content":{"rendered":"<p><strong>Tudi oplotni\u0161ki ob\u010dinski svetniki so se na zadnji seji soglasno izrekli proti gradnji vetrnih elektrarn na Pohorju. <\/strong><\/p>\n<p>Kot je znano, \u017eeli investitor na obmo\u010dju Areha in Treh kraljev postaviti 35 vetrnih elektrarn, tudi v bli\u017eini vodnih virov na Treh kraljih, ki napajajo prebivalce Oplotnice, La\u010dne Gore in Oko\u0161ke Gore.<\/p>\n<p><img loading=\"lazy\" decoding=\"async\" class=\"wp-image-168194 alignleft\" src=\"https:\/\/novice.si\/page\/wp-content\/uploads\/2023\/10\/viber_image_2023-10-06_08-48-17-020-600x338.jpg\" alt=\"\" width=\"238\" height=\"134\" srcset=\"https:\/\/novice.si\/page\/wp-content\/uploads\/2023\/10\/viber_image_2023-10-06_08-48-17-020-600x338.jpg 600w, https:\/\/novice.si\/page\/wp-content\/uploads\/2023\/10\/viber_image_2023-10-06_08-48-17-020-1024x576.jpg 1024w, https:\/\/novice.si\/page\/wp-content\/uploads\/2023\/10\/viber_image_2023-10-06_08-48-17-020-768x432.jpg 768w, https:\/\/novice.si\/page\/wp-content\/uploads\/2023\/10\/viber_image_2023-10-06_08-48-17-020-1536x864.jpg 1536w, https:\/\/novice.si\/page\/wp-content\/uploads\/2023\/10\/viber_image_2023-10-06_08-48-17-020-696x392.jpg 696w, https:\/\/novice.si\/page\/wp-content\/uploads\/2023\/10\/viber_image_2023-10-06_08-48-17-020-1068x601.jpg 1068w, https:\/\/novice.si\/page\/wp-content\/uploads\/2023\/10\/viber_image_2023-10-06_08-48-17-020-747x420.jpg 747w, https:\/\/novice.si\/page\/wp-content\/uploads\/2023\/10\/viber_image_2023-10-06_08-48-17-020-24x14.jpg 24w, https:\/\/novice.si\/page\/wp-content\/uploads\/2023\/10\/viber_image_2023-10-06_08-48-17-020-36x20.jpg 36w, https:\/\/novice.si\/page\/wp-content\/uploads\/2023\/10\/viber_image_2023-10-06_08-48-17-020-48x27.jpg 48w, https:\/\/novice.si\/page\/wp-content\/uploads\/2023\/10\/viber_image_2023-10-06_08-48-17-020.jpg 1600w\" sizes=\"auto, (max-width: 238px) 100vw, 238px\" \/><br \/>\nRazloge, zakaj se izre\u010di proti, je oplotni\u0161kim svetnikom na ponedeljkovi seji predstavil <strong>Drago Mahorko<\/strong> iz Civilne iniciative ZA Pohorje brez vetrnih elektrarn:<\/p>\n<audio class=\"wp-audio-shortcode\" id=\"audio-168191-1\" preload=\"none\" style=\"width: 100%;\" controls=\"controls\"><source type=\"audio\/mpeg\" src=\"https:\/\/novice.si\/page\/wp-content\/uploads\/2023\/10\/mahorko-0410.mp3?_=1\" \/><a href=\"https:\/\/novice.si\/page\/wp-content\/uploads\/2023\/10\/mahorko-0410.mp3\">https:\/\/novice.si\/page\/wp-content\/uploads\/2023\/10\/mahorko-0410.mp3<\/a><\/audio>\n<p>Da je treba zavarovati vodne vire in ohraniti Pohorje, kot je, je poudaril tudi \u017eupan Oplotnice <strong>Matja\u017e Orter<\/strong>:<\/p>\n<audio class=\"wp-audio-shortcode\" id=\"audio-168191-2\" preload=\"none\" style=\"width: 100%;\" controls=\"controls\"><source type=\"audio\/mpeg\" src=\"https:\/\/novice.si\/page\/wp-content\/uploads\/2023\/10\/orter-0410.mp3?_=2\" \/><a href=\"https:\/\/novice.si\/page\/wp-content\/uploads\/2023\/10\/orter-0410.mp3\">https:\/\/novice.si\/page\/wp-content\/uploads\/2023\/10\/orter-0410.mp3<\/a><\/audio>\n<p>Dalj\u0161i prispevek o tej temi preberite v tiskani izdaji lokalnega \u010dasopisa NOVICE.<br \/>\n(NK)<\/p>\n<p><img loading=\"lazy\" decoding=\"async\" class=\"alignnone size-medium wp-image-168195\" src=\"https:\/\/novice.si\/page\/wp-content\/uploads\/2023\/10\/viber_image_2023-10-06_08-48-16-991-600x338.jpg\" alt=\"\" width=\"600\" height=\"338\" srcset=\"https:\/\/novice.si\/page\/wp-content\/uploads\/2023\/10\/viber_image_2023-10-06_08-48-16-991-600x338.jpg 600w, https:\/\/novice.si\/page\/wp-content\/uploads\/2023\/10\/viber_image_2023-10-06_08-48-16-991-1024x576.jpg 1024w, https:\/\/novice.si\/page\/wp-content\/uploads\/2023\/10\/viber_image_2023-10-06_08-48-16-991-768x432.jpg 768w, https:\/\/novice.si\/page\/wp-content\/uploads\/2023\/10\/viber_image_2023-10-06_08-48-16-991-1536x864.jpg 1536w, https:\/\/novice.si\/page\/wp-content\/uploads\/2023\/10\/viber_image_2023-10-06_08-48-16-991-696x392.jpg 696w, https:\/\/novice.si\/page\/wp-content\/uploads\/2023\/10\/viber_image_2023-10-06_08-48-16-991-1068x601.jpg 1068w, https:\/\/novice.si\/page\/wp-content\/uploads\/2023\/10\/viber_image_2023-10-06_08-48-16-991-747x420.jpg 747w, https:\/\/novice.si\/page\/wp-content\/uploads\/2023\/10\/viber_image_2023-10-06_08-48-16-991-24x14.jpg 24w, https:\/\/novice.si\/page\/wp-content\/uploads\/2023\/10\/viber_image_2023-10-06_08-48-16-991-36x20.jpg 36w, https:\/\/novice.si\/page\/wp-content\/uploads\/2023\/10\/viber_image_2023-10-06_08-48-16-991-48x27.jpg 48w, https:\/\/novice.si\/page\/wp-content\/uploads\/2023\/10\/viber_image_2023-10-06_08-48-16-991.jpg 1600w\" sizes=\"auto, (max-width: 600px) 100vw, 600px\" \/><\/p>\n<p>&nbsp;<\/p>\n","protected":false},"excerpt":{"rendered":"<p>Tudi oplotni\u0161ki ob\u010dinski svetniki so se na zadnji seji soglasno izrekli proti gradnji vetrnih elektrarn na Pohorju. Kot je znano, \u017eeli investitor na obmo\u010dju Areha in Treh kraljev postaviti 35 vetrnih elektrarn, tudi v bli\u017eini vodnih virov na Treh kraljih, ki napajajo prebivalce Oplotnice, La\u010dne Gore in Oko\u0161ke Gore. Razloge, zakaj se izre\u010di proti, je [&hellip;]<\/p>\n","protected":false},"author":12,"featured_media":168195,"comment_status":"closed","ping_status":"closed","sticky":false,"template":"","format":"standard","meta":{"footnotes":""},"categories":[14,858,32,868,16,141,3108],"tags":[18877],"class_list":{"0":"post-168191","1":"post","2":"type-post","3":"status-publish","4":"format-standard","5":"has-post-thumbnail","7":"category-aktualno","8":"category-bistriske-novice","9":"category-bistrisko","10":"category-casopisi","11":"category-konjisko","12":"category-novice","13":"category-radio-rogla","14":"tag-vetrne-elektrarne-pohorje"},"yoast_head":"<!-- This site is optimized with the Yoast SEO plugin v27.4 - https:\/\/yoast.com\/product\/yoast-seo-wordpress\/ -->\n<title>Tudi oplotni\u0161ki ob\u010dinski svetniki proti gradnji vetrnic na Pohorju - Novice.si<\/title>\n<meta name=\"robots\" content=\"index, follow, max-snippet:-1, max-image-preview:large, max-video-preview:-1\" \/>\n<link rel=\"canonical\" href=\"https:\/\/novice.si\/page\/tudi-oplotniski-obcinski-svetniki-proti-gradnji-vetrnic-na-pohorju\/\" \/>\n<meta property=\"og:locale\" content=\"sl_SI\" \/>\n<meta property=\"og:type\" content=\"article\" \/>\n<meta property=\"og:title\" content=\"Tudi oplotni\u0161ki ob\u010dinski svetniki proti gradnji vetrnic na Pohorju - Novice.si\" \/>\n<meta property=\"og:description\" content=\"Tudi oplotni\u0161ki ob\u010dinski svetniki so se na zadnji seji soglasno izrekli proti gradnji vetrnih elektrarn na Pohorju. Kot je znano, \u017eeli investitor na obmo\u010dju Areha in Treh kraljev postaviti 35 vetrnih elektrarn, tudi v bli\u017eini vodnih virov na Treh kraljih, ki napajajo prebivalce Oplotnice, La\u010dne Gore in Oko\u0161ke Gore. Razloge, zakaj se izre\u010di proti, je [&hellip;]\" \/>\n<meta property=\"og:url\" content=\"https:\/\/novice.si\/page\/tudi-oplotniski-obcinski-svetniki-proti-gradnji-vetrnic-na-pohorju\/\" \/>\n<meta property=\"og:site_name\" content=\"Novice.si\" \/>\n<meta property=\"article:published_time\" content=\"2023-10-06T06:58:44+00:00\" \/>\n<meta property=\"og:image\" content=\"https:\/\/novice.si\/page\/wp-content\/uploads\/2023\/10\/viber_image_2023-10-06_08-48-16-991.jpg\" \/>\n\t<meta property=\"og:image:width\" content=\"1600\" \/>\n\t<meta property=\"og:image:height\" content=\"900\" \/>\n\t<meta property=\"og:image:type\" content=\"image\/jpeg\" \/>\n<meta name=\"author\" content=\"Uredni\u0161tvo Celjana\" \/>\n<meta name=\"twitter:card\" content=\"summary_large_image\" \/>\n<meta name=\"twitter:label1\" content=\"Written by\" \/>\n\t<meta name=\"twitter:data1\" content=\"Uredni\u0161tvo Celjana\" \/>\n\t<meta name=\"twitter:label2\" content=\"Est. reading time\" \/>\n\t<meta name=\"twitter:data2\" content=\"1 minuta\" \/>\n<script type=\"application\/ld+json\" class=\"yoast-schema-graph\">{\"@context\":\"https:\\\/\\\/schema.org\",\"@graph\":[{\"@type\":\"Article\",\"@id\":\"https:\\\/\\\/novice.si\\\/page\\\/tudi-oplotniski-obcinski-svetniki-proti-gradnji-vetrnic-na-pohorju\\\/#article\",\"isPartOf\":{\"@id\":\"https:\\\/\\\/novice.si\\\/page\\\/tudi-oplotniski-obcinski-svetniki-proti-gradnji-vetrnic-na-pohorju\\\/\"},\"author\":{\"name\":\"Uredni\u0161tvo Celjana\",\"@id\":\"https:\\\/\\\/novice.si\\\/page\\\/#\\\/schema\\\/person\\\/51903923b50fefb075bc1cd24fe4d065\"},\"headline\":\"Tudi oplotni\u0161ki ob\u010dinski svetniki proti gradnji vetrnic na Pohorju\",\"datePublished\":\"2023-10-06T06:58:44+00:00\",\"mainEntityOfPage\":{\"@id\":\"https:\\\/\\\/novice.si\\\/page\\\/tudi-oplotniski-obcinski-svetniki-proti-gradnji-vetrnic-na-pohorju\\\/\"},\"wordCount\":144,\"publisher\":{\"@id\":\"https:\\\/\\\/novice.si\\\/page\\\/#organization\"},\"image\":{\"@id\":\"https:\\\/\\\/novice.si\\\/page\\\/tudi-oplotniski-obcinski-svetniki-proti-gradnji-vetrnic-na-pohorju\\\/#primaryimage\"},\"thumbnailUrl\":\"https:\\\/\\\/novice.si\\\/page\\\/wp-content\\\/uploads\\\/2023\\\/10\\\/viber_image_2023-10-06_08-48-16-991.jpg\",\"keywords\":[\"vetrne elektrarne pohorje\"],\"articleSection\":[\"Aktualno\",\"Bistri\u0161ke Novice\",\"Bistri\u0161ko\",\"\u010casopisi\",\"Konji\u0161ko\",\"Novice\",\"Radio Rogla\"],\"inLanguage\":\"sl-SI\"},{\"@type\":\"WebPage\",\"@id\":\"https:\\\/\\\/novice.si\\\/page\\\/tudi-oplotniski-obcinski-svetniki-proti-gradnji-vetrnic-na-pohorju\\\/\",\"url\":\"https:\\\/\\\/novice.si\\\/page\\\/tudi-oplotniski-obcinski-svetniki-proti-gradnji-vetrnic-na-pohorju\\\/\",\"name\":\"Tudi oplotni\u0161ki ob\u010dinski svetniki proti gradnji vetrnic na Pohorju - Novice.si\",\"isPartOf\":{\"@id\":\"https:\\\/\\\/novice.si\\\/page\\\/#website\"},\"primaryImageOfPage\":{\"@id\":\"https:\\\/\\\/novice.si\\\/page\\\/tudi-oplotniski-obcinski-svetniki-proti-gradnji-vetrnic-na-pohorju\\\/#primaryimage\"},\"image\":{\"@id\":\"https:\\\/\\\/novice.si\\\/page\\\/tudi-oplotniski-obcinski-svetniki-proti-gradnji-vetrnic-na-pohorju\\\/#primaryimage\"},\"thumbnailUrl\":\"https:\\\/\\\/novice.si\\\/page\\\/wp-content\\\/uploads\\\/2023\\\/10\\\/viber_image_2023-10-06_08-48-16-991.jpg\",\"datePublished\":\"2023-10-06T06:58:44+00:00\",\"breadcrumb\":{\"@id\":\"https:\\\/\\\/novice.si\\\/page\\\/tudi-oplotniski-obcinski-svetniki-proti-gradnji-vetrnic-na-pohorju\\\/#breadcrumb\"},\"inLanguage\":\"sl-SI\",\"potentialAction\":[{\"@type\":\"ReadAction\",\"target\":[\"https:\\\/\\\/novice.si\\\/page\\\/tudi-oplotniski-obcinski-svetniki-proti-gradnji-vetrnic-na-pohorju\\\/\"]}]},{\"@type\":\"ImageObject\",\"inLanguage\":\"sl-SI\",\"@id\":\"https:\\\/\\\/novice.si\\\/page\\\/tudi-oplotniski-obcinski-svetniki-proti-gradnji-vetrnic-na-pohorju\\\/#primaryimage\",\"url\":\"https:\\\/\\\/novice.si\\\/page\\\/wp-content\\\/uploads\\\/2023\\\/10\\\/viber_image_2023-10-06_08-48-16-991.jpg\",\"contentUrl\":\"https:\\\/\\\/novice.si\\\/page\\\/wp-content\\\/uploads\\\/2023\\\/10\\\/viber_image_2023-10-06_08-48-16-991.jpg\",\"width\":1600,\"height\":900},{\"@type\":\"BreadcrumbList\",\"@id\":\"https:\\\/\\\/novice.si\\\/page\\\/tudi-oplotniski-obcinski-svetniki-proti-gradnji-vetrnic-na-pohorju\\\/#breadcrumb\",\"itemListElement\":[{\"@type\":\"ListItem\",\"position\":1,\"name\":\"Home\",\"item\":\"https:\\\/\\\/novice.si\\\/page\\\/\"},{\"@type\":\"ListItem\",\"position\":2,\"name\":\"Tudi oplotni\u0161ki ob\u010dinski svetniki proti gradnji vetrnic na Pohorju\"}]},{\"@type\":\"WebSite\",\"@id\":\"https:\\\/\\\/novice.si\\\/page\\\/#website\",\"url\":\"https:\\\/\\\/novice.si\\\/page\\\/\",\"name\":\"Novice.si\",\"description\":\"\",\"publisher\":{\"@id\":\"https:\\\/\\\/novice.si\\\/page\\\/#organization\"},\"potentialAction\":[{\"@type\":\"SearchAction\",\"target\":{\"@type\":\"EntryPoint\",\"urlTemplate\":\"https:\\\/\\\/novice.si\\\/page\\\/?s={search_term_string}\"},\"query-input\":{\"@type\":\"PropertyValueSpecification\",\"valueRequired\":true,\"valueName\":\"search_term_string\"}}],\"inLanguage\":\"sl-SI\"},{\"@type\":\"Organization\",\"@id\":\"https:\\\/\\\/novice.si\\\/page\\\/#organization\",\"name\":\"Novice.si\",\"url\":\"https:\\\/\\\/novice.si\\\/page\\\/\",\"logo\":{\"@type\":\"ImageObject\",\"inLanguage\":\"sl-SI\",\"@id\":\"https:\\\/\\\/novice.si\\\/page\\\/#\\\/schema\\\/logo\\\/image\\\/\",\"url\":\"https:\\\/\\\/novice.si\\\/page\\\/wp-content\\\/uploads\\\/2023\\\/03\\\/novice_si.png\",\"contentUrl\":\"https:\\\/\\\/novice.si\\\/page\\\/wp-content\\\/uploads\\\/2023\\\/03\\\/novice_si.png\",\"width\":576,\"height\":200,\"caption\":\"Novice.si\"},\"image\":{\"@id\":\"https:\\\/\\\/novice.si\\\/page\\\/#\\\/schema\\\/logo\\\/image\\\/\"}},{\"@type\":\"Person\",\"@id\":\"https:\\\/\\\/novice.si\\\/page\\\/#\\\/schema\\\/person\\\/51903923b50fefb075bc1cd24fe4d065\",\"name\":\"Uredni\u0161tvo Celjana\",\"image\":{\"@type\":\"ImageObject\",\"inLanguage\":\"sl-SI\",\"@id\":\"https:\\\/\\\/secure.gravatar.com\\\/avatar\\\/b516f102aa90b53619e09722b8ea56721c99bfcb4f1035f9b333d99f52330226?s=96&d=mm&r=g\",\"url\":\"https:\\\/\\\/secure.gravatar.com\\\/avatar\\\/b516f102aa90b53619e09722b8ea56721c99bfcb4f1035f9b333d99f52330226?s=96&d=mm&r=g\",\"contentUrl\":\"https:\\\/\\\/secure.gravatar.com\\\/avatar\\\/b516f102aa90b53619e09722b8ea56721c99bfcb4f1035f9b333d99f52330226?s=96&d=mm&r=g\",\"caption\":\"Uredni\u0161tvo Celjana\"},\"url\":\"https:\\\/\\\/novice.si\\\/page\\\/author\\\/nejc\\\/\"}]}<\/script>\n<!-- \/ Yoast SEO plugin. -->","yoast_head_json":{"title":"Tudi oplotni\u0161ki ob\u010dinski svetniki proti gradnji vetrnic na Pohorju - Novice.si","robots":{"index":"index","follow":"follow","max-snippet":"max-snippet:-1","max-image-preview":"max-image-preview:large","max-video-preview":"max-video-preview:-1"},"canonical":"https:\/\/novice.si\/page\/tudi-oplotniski-obcinski-svetniki-proti-gradnji-vetrnic-na-pohorju\/","og_locale":"sl_SI","og_type":"article","og_title":"Tudi oplotni\u0161ki ob\u010dinski svetniki proti gradnji vetrnic na Pohorju - Novice.si","og_description":"Tudi oplotni\u0161ki ob\u010dinski svetniki so se na zadnji seji soglasno izrekli proti gradnji vetrnih elektrarn na Pohorju. Kot je znano, \u017eeli investitor na obmo\u010dju Areha in Treh kraljev postaviti 35 vetrnih elektrarn, tudi v bli\u017eini vodnih virov na Treh kraljih, ki napajajo prebivalce Oplotnice, La\u010dne Gore in Oko\u0161ke Gore. Razloge, zakaj se izre\u010di proti, je [&hellip;]","og_url":"https:\/\/novice.si\/page\/tudi-oplotniski-obcinski-svetniki-proti-gradnji-vetrnic-na-pohorju\/","og_site_name":"Novice.si","article_published_time":"2023-10-06T06:58:44+00:00","og_image":[{"width":1600,"height":900,"url":"https:\/\/novice.si\/page\/wp-content\/uploads\/2023\/10\/viber_image_2023-10-06_08-48-16-991.jpg","type":"image\/jpeg"}],"author":"Uredni\u0161tvo Celjana","twitter_card":"summary_large_image","twitter_misc":{"Written by":"Uredni\u0161tvo Celjana","Est. reading time":"1 minuta"},"schema":{"@context":"https:\/\/schema.org","@graph":[{"@type":"Article","@id":"https:\/\/novice.si\/page\/tudi-oplotniski-obcinski-svetniki-proti-gradnji-vetrnic-na-pohorju\/#article","isPartOf":{"@id":"https:\/\/novice.si\/page\/tudi-oplotniski-obcinski-svetniki-proti-gradnji-vetrnic-na-pohorju\/"},"author":{"name":"Uredni\u0161tvo Celjana","@id":"https:\/\/novice.si\/page\/#\/schema\/person\/51903923b50fefb075bc1cd24fe4d065"},"headline":"Tudi oplotni\u0161ki ob\u010dinski svetniki proti gradnji vetrnic na Pohorju","datePublished":"2023-10-06T06:58:44+00:00","mainEntityOfPage":{"@id":"https:\/\/novice.si\/page\/tudi-oplotniski-obcinski-svetniki-proti-gradnji-vetrnic-na-pohorju\/"},"wordCount":144,"publisher":{"@id":"https:\/\/novice.si\/page\/#organization"},"image":{"@id":"https:\/\/novice.si\/page\/tudi-oplotniski-obcinski-svetniki-proti-gradnji-vetrnic-na-pohorju\/#primaryimage"},"thumbnailUrl":"https:\/\/novice.si\/page\/wp-content\/uploads\/2023\/10\/viber_image_2023-10-06_08-48-16-991.jpg","keywords":["vetrne elektrarne pohorje"],"articleSection":["Aktualno","Bistri\u0161ke Novice","Bistri\u0161ko","\u010casopisi","Konji\u0161ko","Novice","Radio Rogla"],"inLanguage":"sl-SI"},{"@type":"WebPage","@id":"https:\/\/novice.si\/page\/tudi-oplotniski-obcinski-svetniki-proti-gradnji-vetrnic-na-pohorju\/","url":"https:\/\/novice.si\/page\/tudi-oplotniski-obcinski-svetniki-proti-gradnji-vetrnic-na-pohorju\/","name":"Tudi oplotni\u0161ki ob\u010dinski svetniki proti gradnji vetrnic na Pohorju - Novice.si","isPartOf":{"@id":"https:\/\/novice.si\/page\/#website"},"primaryImageOfPage":{"@id":"https:\/\/novice.si\/page\/tudi-oplotniski-obcinski-svetniki-proti-gradnji-vetrnic-na-pohorju\/#primaryimage"},"image":{"@id":"https:\/\/novice.si\/page\/tudi-oplotniski-obcinski-svetniki-proti-gradnji-vetrnic-na-pohorju\/#primaryimage"},"thumbnailUrl":"https:\/\/novice.si\/page\/wp-content\/uploads\/2023\/10\/viber_image_2023-10-06_08-48-16-991.jpg","datePublished":"2023-10-06T06:58:44+00:00","breadcrumb":{"@id":"https:\/\/novice.si\/page\/tudi-oplotniski-obcinski-svetniki-proti-gradnji-vetrnic-na-pohorju\/#breadcrumb"},"inLanguage":"sl-SI","potentialAction":[{"@type":"ReadAction","target":["https:\/\/novice.si\/page\/tudi-oplotniski-obcinski-svetniki-proti-gradnji-vetrnic-na-pohorju\/"]}]},{"@type":"ImageObject","inLanguage":"sl-SI","@id":"https:\/\/novice.si\/page\/tudi-oplotniski-obcinski-svetniki-proti-gradnji-vetrnic-na-pohorju\/#primaryimage","url":"https:\/\/novice.si\/page\/wp-content\/uploads\/2023\/10\/viber_image_2023-10-06_08-48-16-991.jpg","contentUrl":"https:\/\/novice.si\/page\/wp-content\/uploads\/2023\/10\/viber_image_2023-10-06_08-48-16-991.jpg","width":1600,"height":900},{"@type":"BreadcrumbList","@id":"https:\/\/novice.si\/page\/tudi-oplotniski-obcinski-svetniki-proti-gradnji-vetrnic-na-pohorju\/#breadcrumb","itemListElement":[{"@type":"ListItem","position":1,"name":"Home","item":"https:\/\/novice.si\/page\/"},{"@type":"ListItem","position":2,"name":"Tudi oplotni\u0161ki ob\u010dinski svetniki proti gradnji vetrnic na Pohorju"}]},{"@type":"WebSite","@id":"https:\/\/novice.si\/page\/#website","url":"https:\/\/novice.si\/page\/","name":"Novice.si","description":"","publisher":{"@id":"https:\/\/novice.si\/page\/#organization"},"potentialAction":[{"@type":"SearchAction","target":{"@type":"EntryPoint","urlTemplate":"https:\/\/novice.si\/page\/?s={search_term_string}"},"query-input":{"@type":"PropertyValueSpecification","valueRequired":true,"valueName":"search_term_string"}}],"inLanguage":"sl-SI"},{"@type":"Organization","@id":"https:\/\/novice.si\/page\/#organization","name":"Novice.si","url":"https:\/\/novice.si\/page\/","logo":{"@type":"ImageObject","inLanguage":"sl-SI","@id":"https:\/\/novice.si\/page\/#\/schema\/logo\/image\/","url":"https:\/\/novice.si\/page\/wp-content\/uploads\/2023\/03\/novice_si.png","contentUrl":"https:\/\/novice.si\/page\/wp-content\/uploads\/2023\/03\/novice_si.png","width":576,"height":200,"caption":"Novice.si"},"image":{"@id":"https:\/\/novice.si\/page\/#\/schema\/logo\/image\/"}},{"@type":"Person","@id":"https:\/\/novice.si\/page\/#\/schema\/person\/51903923b50fefb075bc1cd24fe4d065","name":"Uredni\u0161tvo Celjana","image":{"@type":"ImageObject","inLanguage":"sl-SI","@id":"https:\/\/secure.gravatar.com\/avatar\/b516f102aa90b53619e09722b8ea56721c99bfcb4f1035f9b333d99f52330226?s=96&d=mm&r=g","url":"https:\/\/secure.gravatar.com\/avatar\/b516f102aa90b53619e09722b8ea56721c99bfcb4f1035f9b333d99f52330226?s=96&d=mm&r=g","contentUrl":"https:\/\/secure.gravatar.com\/avatar\/b516f102aa90b53619e09722b8ea56721c99bfcb4f1035f9b333d99f52330226?s=96&d=mm&r=g","caption":"Uredni\u0161tvo Celjana"},"url":"https:\/\/novice.si\/page\/author\/nejc\/"}]}},"_links":{"self":[{"href":"https:\/\/novice.si\/page\/wp-json\/wp\/v2\/posts\/168191","targetHints":{"allow":["GET"]}}],"collection":[{"href":"https:\/\/novice.si\/page\/wp-json\/wp\/v2\/posts"}],"about":[{"href":"https:\/\/novice.si\/page\/wp-json\/wp\/v2\/types\/post"}],"author":[{"embeddable":true,"href":"https:\/\/novice.si\/page\/wp-json\/wp\/v2\/users\/12"}],"replies":[{"embeddable":true,"href":"https:\/\/novice.si\/page\/wp-json\/wp\/v2\/comments?post=168191"}],"version-history":[{"count":2,"href":"https:\/\/novice.si\/page\/wp-json\/wp\/v2\/posts\/168191\/revisions"}],"predecessor-version":[{"id":168197,"href":"https:\/\/novice.si\/page\/wp-json\/wp\/v2\/posts\/168191\/revisions\/168197"}],"wp:featuredmedia":[{"embeddable":true,"href":"https:\/\/novice.si\/page\/wp-json\/wp\/v2\/media\/168195"}],"wp:attachment":[{"href":"https:\/\/novice.si\/page\/wp-json\/wp\/v2\/media?parent=168191"}],"wp:term":[{"taxonomy":"category","embeddable":true,"href":"https:\/\/novice.si\/page\/wp-json\/wp\/v2\/categories?post=168191"},{"taxonomy":"post_tag","embeddable":true,"href":"https:\/\/novice.si\/page\/wp-json\/wp\/v2\/tags?post=168191"}],"curies":[{"name":"wp","href":"https:\/\/api.w.org\/{rel}","templated":true}]}}