{"id":168188,"date":"2023-10-06T08:50:05","date_gmt":"2023-10-06T06:50:05","guid":{"rendered":"https:\/\/novice.si\/page\/?p=168188"},"modified":"2023-10-06T08:50:05","modified_gmt":"2023-10-06T06:50:05","slug":"vitanje-svetniki-potrdili-rebalans-proracuna-razprava-o-vodovodu-zdravstvu","status":"publish","type":"post","link":"https:\/\/novice.si\/page\/vitanje-svetniki-potrdili-rebalans-proracuna-razprava-o-vodovodu-zdravstvu\/","title":{"rendered":"VITANJE Svetniki potrdili rebalans prora\u010duna, razprava o vodovodu, zdravstvu, &#8230;"},"content":{"rendered":"<p><strong>Na seji ob\u010dinskega sveta prej\u0161nji \u010detrtek so vitanjski ob\u010dinski svetniki potrdili rebalans prora\u010duna, govorili pa so tudi o vodovodu, zdravstvu, prometni varnosti, &#8230;<\/strong><\/p>\n<p><img loading=\"lazy\" decoding=\"async\" class=\"wp-image-168189 alignleft\" src=\"https:\/\/novice.si\/page\/wp-content\/uploads\/2023\/10\/viber_image_2023-10-06_08-48-17-269-600x338.jpg\" alt=\"\" width=\"385\" height=\"217\" srcset=\"https:\/\/novice.si\/page\/wp-content\/uploads\/2023\/10\/viber_image_2023-10-06_08-48-17-269-600x338.jpg 600w, https:\/\/novice.si\/page\/wp-content\/uploads\/2023\/10\/viber_image_2023-10-06_08-48-17-269-1024x576.jpg 1024w, https:\/\/novice.si\/page\/wp-content\/uploads\/2023\/10\/viber_image_2023-10-06_08-48-17-269-768x432.jpg 768w, https:\/\/novice.si\/page\/wp-content\/uploads\/2023\/10\/viber_image_2023-10-06_08-48-17-269-1536x864.jpg 1536w, https:\/\/novice.si\/page\/wp-content\/uploads\/2023\/10\/viber_image_2023-10-06_08-48-17-269-696x392.jpg 696w, https:\/\/novice.si\/page\/wp-content\/uploads\/2023\/10\/viber_image_2023-10-06_08-48-17-269-1068x601.jpg 1068w, https:\/\/novice.si\/page\/wp-content\/uploads\/2023\/10\/viber_image_2023-10-06_08-48-17-269-747x420.jpg 747w, https:\/\/novice.si\/page\/wp-content\/uploads\/2023\/10\/viber_image_2023-10-06_08-48-17-269-24x14.jpg 24w, https:\/\/novice.si\/page\/wp-content\/uploads\/2023\/10\/viber_image_2023-10-06_08-48-17-269-36x20.jpg 36w, https:\/\/novice.si\/page\/wp-content\/uploads\/2023\/10\/viber_image_2023-10-06_08-48-17-269-48x27.jpg 48w, https:\/\/novice.si\/page\/wp-content\/uploads\/2023\/10\/viber_image_2023-10-06_08-48-17-269.jpg 1600w\" sizes=\"auto, (max-width: 385px) 100vw, 385px\" \/>Svetniki so ob\u010dinski upravi pri\u017egali zeleno lu\u010d za nadaljnje aktivnosti v smeri \u0161iritve programa splo\u0161ne medicine v vitanjskem zdravstvenem domu.<br \/>\nSprejeli so rebalans prora\u010duna. Dr\u017eavni denar, ki naj bi ga letos prejeli za izgradnjo vodovodov Vitanje in Brezen, namre\u010d pri\u010dakujejo v prihodnjem letu, prav tako bodo prihodnje leto sku\u0161ali pridobiti dr\u017eavni denar za \u0161portni park, so pa dodali novi projekt Pot belega kamna. Pribli\u017eno 100 tiso\u010d evrov so z rebalansom namenili sanaciji po zadnjih neurjih \u2013 predvidena je tudi sanacija plazu ob lokalni cesti Stenica \u2013 Sv. Vid.<br \/>\nOb\u010dinska uprava je svetnike seznanila s potekom projekta raz\u0161iritve vodovoda, o \u010demer smo \u017ee pisali. Nekaj pomislekov nalo\u017eba zbuja tudi med svetniki, denimo, kako bo s financiranjem sekundarnih vodov, kako bo nalo\u017eba vplivala na polo\u017enice ob\u010danov, pa tudi, zakaj je bilo javno naro\u010dilo za izbor izvajalca ponovljeno.<br \/>\nDalj\u0161i prispevek s seje ob\u010dinskega sveta lahko preberete v tiskanih NOVICAH, ki so iz\u0161le v\u010deraj.<br \/>\n(NK)<\/p>\n<p>&nbsp;<\/p>\n","protected":false},"excerpt":{"rendered":"<p>Na seji ob\u010dinskega sveta prej\u0161nji \u010detrtek so vitanjski ob\u010dinski svetniki potrdili rebalans prora\u010duna, govorili pa so tudi o vodovodu, zdravstvu, prometni varnosti, &#8230; Svetniki so ob\u010dinski upravi pri\u017egali zeleno lu\u010d za nadaljnje aktivnosti v smeri \u0161iritve programa splo\u0161ne medicine v vitanjskem zdravstvenem domu. Sprejeli so rebalans prora\u010duna. Dr\u017eavni denar, ki naj bi ga letos prejeli [&hellip;]<\/p>\n","protected":false},"author":12,"featured_media":168189,"comment_status":"closed","ping_status":"closed","sticky":false,"template":"","format":"standard","meta":{"footnotes":""},"categories":[14,868,16,141],"tags":[],"class_list":{"0":"post-168188","1":"post","2":"type-post","3":"status-publish","4":"format-standard","5":"has-post-thumbnail","7":"category-aktualno","8":"category-casopisi","9":"category-konjisko","10":"category-novice"},"yoast_head":"<!-- This site is optimized with the Yoast SEO plugin v27.4 - https:\/\/yoast.com\/product\/yoast-seo-wordpress\/ -->\n<title>VITANJE Svetniki potrdili rebalans prora\u010duna, razprava o vodovodu, zdravstvu, ... - Novice.si<\/title>\n<meta name=\"robots\" content=\"index, follow, max-snippet:-1, max-image-preview:large, max-video-preview:-1\" \/>\n<link rel=\"canonical\" href=\"https:\/\/novice.si\/page\/vitanje-svetniki-potrdili-rebalans-proracuna-razprava-o-vodovodu-zdravstvu\/\" \/>\n<meta property=\"og:locale\" content=\"sl_SI\" \/>\n<meta property=\"og:type\" content=\"article\" \/>\n<meta property=\"og:title\" content=\"VITANJE Svetniki potrdili rebalans prora\u010duna, razprava o vodovodu, zdravstvu, ... - Novice.si\" \/>\n<meta property=\"og:description\" content=\"Na seji ob\u010dinskega sveta prej\u0161nji \u010detrtek so vitanjski ob\u010dinski svetniki potrdili rebalans prora\u010duna, govorili pa so tudi o vodovodu, zdravstvu, prometni varnosti, &#8230; Svetniki so ob\u010dinski upravi pri\u017egali zeleno lu\u010d za nadaljnje aktivnosti v smeri \u0161iritve programa splo\u0161ne medicine v vitanjskem zdravstvenem domu. Sprejeli so rebalans prora\u010duna. Dr\u017eavni denar, ki naj bi ga letos prejeli [&hellip;]\" \/>\n<meta property=\"og:url\" content=\"https:\/\/novice.si\/page\/vitanje-svetniki-potrdili-rebalans-proracuna-razprava-o-vodovodu-zdravstvu\/\" \/>\n<meta property=\"og:site_name\" content=\"Novice.si\" \/>\n<meta property=\"article:published_time\" content=\"2023-10-06T06:50:05+00:00\" \/>\n<meta property=\"og:image\" content=\"https:\/\/novice.si\/page\/wp-content\/uploads\/2023\/10\/viber_image_2023-10-06_08-48-17-269.jpg\" \/>\n\t<meta property=\"og:image:width\" content=\"1600\" \/>\n\t<meta property=\"og:image:height\" content=\"900\" \/>\n\t<meta property=\"og:image:type\" content=\"image\/jpeg\" \/>\n<meta name=\"author\" content=\"Uredni\u0161tvo Celjana\" \/>\n<meta name=\"twitter:card\" content=\"summary_large_image\" \/>\n<meta name=\"twitter:label1\" content=\"Written by\" \/>\n\t<meta name=\"twitter:data1\" content=\"Uredni\u0161tvo Celjana\" \/>\n\t<meta name=\"twitter:label2\" content=\"Est. reading time\" \/>\n\t<meta name=\"twitter:data2\" content=\"2 minuti\" \/>\n<script type=\"application\/ld+json\" class=\"yoast-schema-graph\">{\"@context\":\"https:\\\/\\\/schema.org\",\"@graph\":[{\"@type\":\"Article\",\"@id\":\"https:\\\/\\\/novice.si\\\/page\\\/vitanje-svetniki-potrdili-rebalans-proracuna-razprava-o-vodovodu-zdravstvu\\\/#article\",\"isPartOf\":{\"@id\":\"https:\\\/\\\/novice.si\\\/page\\\/vitanje-svetniki-potrdili-rebalans-proracuna-razprava-o-vodovodu-zdravstvu\\\/\"},\"author\":{\"name\":\"Uredni\u0161tvo Celjana\",\"@id\":\"https:\\\/\\\/novice.si\\\/page\\\/#\\\/schema\\\/person\\\/51903923b50fefb075bc1cd24fe4d065\"},\"headline\":\"VITANJE Svetniki potrdili rebalans prora\u010duna, razprava o vodovodu, zdravstvu, &#8230;\",\"datePublished\":\"2023-10-06T06:50:05+00:00\",\"mainEntityOfPage\":{\"@id\":\"https:\\\/\\\/novice.si\\\/page\\\/vitanje-svetniki-potrdili-rebalans-proracuna-razprava-o-vodovodu-zdravstvu\\\/\"},\"wordCount\":205,\"publisher\":{\"@id\":\"https:\\\/\\\/novice.si\\\/page\\\/#organization\"},\"image\":{\"@id\":\"https:\\\/\\\/novice.si\\\/page\\\/vitanje-svetniki-potrdili-rebalans-proracuna-razprava-o-vodovodu-zdravstvu\\\/#primaryimage\"},\"thumbnailUrl\":\"https:\\\/\\\/novice.si\\\/page\\\/wp-content\\\/uploads\\\/2023\\\/10\\\/viber_image_2023-10-06_08-48-17-269.jpg\",\"articleSection\":[\"Aktualno\",\"\u010casopisi\",\"Konji\u0161ko\",\"Novice\"],\"inLanguage\":\"sl-SI\"},{\"@type\":\"WebPage\",\"@id\":\"https:\\\/\\\/novice.si\\\/page\\\/vitanje-svetniki-potrdili-rebalans-proracuna-razprava-o-vodovodu-zdravstvu\\\/\",\"url\":\"https:\\\/\\\/novice.si\\\/page\\\/vitanje-svetniki-potrdili-rebalans-proracuna-razprava-o-vodovodu-zdravstvu\\\/\",\"name\":\"VITANJE Svetniki potrdili rebalans prora\u010duna, razprava o vodovodu, zdravstvu, ... - Novice.si\",\"isPartOf\":{\"@id\":\"https:\\\/\\\/novice.si\\\/page\\\/#website\"},\"primaryImageOfPage\":{\"@id\":\"https:\\\/\\\/novice.si\\\/page\\\/vitanje-svetniki-potrdili-rebalans-proracuna-razprava-o-vodovodu-zdravstvu\\\/#primaryimage\"},\"image\":{\"@id\":\"https:\\\/\\\/novice.si\\\/page\\\/vitanje-svetniki-potrdili-rebalans-proracuna-razprava-o-vodovodu-zdravstvu\\\/#primaryimage\"},\"thumbnailUrl\":\"https:\\\/\\\/novice.si\\\/page\\\/wp-content\\\/uploads\\\/2023\\\/10\\\/viber_image_2023-10-06_08-48-17-269.jpg\",\"datePublished\":\"2023-10-06T06:50:05+00:00\",\"breadcrumb\":{\"@id\":\"https:\\\/\\\/novice.si\\\/page\\\/vitanje-svetniki-potrdili-rebalans-proracuna-razprava-o-vodovodu-zdravstvu\\\/#breadcrumb\"},\"inLanguage\":\"sl-SI\",\"potentialAction\":[{\"@type\":\"ReadAction\",\"target\":[\"https:\\\/\\\/novice.si\\\/page\\\/vitanje-svetniki-potrdili-rebalans-proracuna-razprava-o-vodovodu-zdravstvu\\\/\"]}]},{\"@type\":\"ImageObject\",\"inLanguage\":\"sl-SI\",\"@id\":\"https:\\\/\\\/novice.si\\\/page\\\/vitanje-svetniki-potrdili-rebalans-proracuna-razprava-o-vodovodu-zdravstvu\\\/#primaryimage\",\"url\":\"https:\\\/\\\/novice.si\\\/page\\\/wp-content\\\/uploads\\\/2023\\\/10\\\/viber_image_2023-10-06_08-48-17-269.jpg\",\"contentUrl\":\"https:\\\/\\\/novice.si\\\/page\\\/wp-content\\\/uploads\\\/2023\\\/10\\\/viber_image_2023-10-06_08-48-17-269.jpg\",\"width\":1600,\"height\":900},{\"@type\":\"BreadcrumbList\",\"@id\":\"https:\\\/\\\/novice.si\\\/page\\\/vitanje-svetniki-potrdili-rebalans-proracuna-razprava-o-vodovodu-zdravstvu\\\/#breadcrumb\",\"itemListElement\":[{\"@type\":\"ListItem\",\"position\":1,\"name\":\"Home\",\"item\":\"https:\\\/\\\/novice.si\\\/page\\\/\"},{\"@type\":\"ListItem\",\"position\":2,\"name\":\"VITANJE Svetniki potrdili rebalans prora\u010duna, razprava o vodovodu, zdravstvu, &#8230;\"}]},{\"@type\":\"WebSite\",\"@id\":\"https:\\\/\\\/novice.si\\\/page\\\/#website\",\"url\":\"https:\\\/\\\/novice.si\\\/page\\\/\",\"name\":\"Novice.si\",\"description\":\"\",\"publisher\":{\"@id\":\"https:\\\/\\\/novice.si\\\/page\\\/#organization\"},\"potentialAction\":[{\"@type\":\"SearchAction\",\"target\":{\"@type\":\"EntryPoint\",\"urlTemplate\":\"https:\\\/\\\/novice.si\\\/page\\\/?s={search_term_string}\"},\"query-input\":{\"@type\":\"PropertyValueSpecification\",\"valueRequired\":true,\"valueName\":\"search_term_string\"}}],\"inLanguage\":\"sl-SI\"},{\"@type\":\"Organization\",\"@id\":\"https:\\\/\\\/novice.si\\\/page\\\/#organization\",\"name\":\"Novice.si\",\"url\":\"https:\\\/\\\/novice.si\\\/page\\\/\",\"logo\":{\"@type\":\"ImageObject\",\"inLanguage\":\"sl-SI\",\"@id\":\"https:\\\/\\\/novice.si\\\/page\\\/#\\\/schema\\\/logo\\\/image\\\/\",\"url\":\"https:\\\/\\\/novice.si\\\/page\\\/wp-content\\\/uploads\\\/2023\\\/03\\\/novice_si.png\",\"contentUrl\":\"https:\\\/\\\/novice.si\\\/page\\\/wp-content\\\/uploads\\\/2023\\\/03\\\/novice_si.png\",\"width\":576,\"height\":200,\"caption\":\"Novice.si\"},\"image\":{\"@id\":\"https:\\\/\\\/novice.si\\\/page\\\/#\\\/schema\\\/logo\\\/image\\\/\"}},{\"@type\":\"Person\",\"@id\":\"https:\\\/\\\/novice.si\\\/page\\\/#\\\/schema\\\/person\\\/51903923b50fefb075bc1cd24fe4d065\",\"name\":\"Uredni\u0161tvo Celjana\",\"image\":{\"@type\":\"ImageObject\",\"inLanguage\":\"sl-SI\",\"@id\":\"https:\\\/\\\/secure.gravatar.com\\\/avatar\\\/b516f102aa90b53619e09722b8ea56721c99bfcb4f1035f9b333d99f52330226?s=96&d=mm&r=g\",\"url\":\"https:\\\/\\\/secure.gravatar.com\\\/avatar\\\/b516f102aa90b53619e09722b8ea56721c99bfcb4f1035f9b333d99f52330226?s=96&d=mm&r=g\",\"contentUrl\":\"https:\\\/\\\/secure.gravatar.com\\\/avatar\\\/b516f102aa90b53619e09722b8ea56721c99bfcb4f1035f9b333d99f52330226?s=96&d=mm&r=g\",\"caption\":\"Uredni\u0161tvo Celjana\"},\"url\":\"https:\\\/\\\/novice.si\\\/page\\\/author\\\/nejc\\\/\"}]}<\/script>\n<!-- \/ Yoast SEO plugin. -->","yoast_head_json":{"title":"VITANJE Svetniki potrdili rebalans prora\u010duna, razprava o vodovodu, zdravstvu, ... - Novice.si","robots":{"index":"index","follow":"follow","max-snippet":"max-snippet:-1","max-image-preview":"max-image-preview:large","max-video-preview":"max-video-preview:-1"},"canonical":"https:\/\/novice.si\/page\/vitanje-svetniki-potrdili-rebalans-proracuna-razprava-o-vodovodu-zdravstvu\/","og_locale":"sl_SI","og_type":"article","og_title":"VITANJE Svetniki potrdili rebalans prora\u010duna, razprava o vodovodu, zdravstvu, ... - Novice.si","og_description":"Na seji ob\u010dinskega sveta prej\u0161nji \u010detrtek so vitanjski ob\u010dinski svetniki potrdili rebalans prora\u010duna, govorili pa so tudi o vodovodu, zdravstvu, prometni varnosti, &#8230; Svetniki so ob\u010dinski upravi pri\u017egali zeleno lu\u010d za nadaljnje aktivnosti v smeri \u0161iritve programa splo\u0161ne medicine v vitanjskem zdravstvenem domu. Sprejeli so rebalans prora\u010duna. Dr\u017eavni denar, ki naj bi ga letos prejeli [&hellip;]","og_url":"https:\/\/novice.si\/page\/vitanje-svetniki-potrdili-rebalans-proracuna-razprava-o-vodovodu-zdravstvu\/","og_site_name":"Novice.si","article_published_time":"2023-10-06T06:50:05+00:00","og_image":[{"width":1600,"height":900,"url":"https:\/\/novice.si\/page\/wp-content\/uploads\/2023\/10\/viber_image_2023-10-06_08-48-17-269.jpg","type":"image\/jpeg"}],"author":"Uredni\u0161tvo Celjana","twitter_card":"summary_large_image","twitter_misc":{"Written by":"Uredni\u0161tvo Celjana","Est. reading time":"2 minuti"},"schema":{"@context":"https:\/\/schema.org","@graph":[{"@type":"Article","@id":"https:\/\/novice.si\/page\/vitanje-svetniki-potrdili-rebalans-proracuna-razprava-o-vodovodu-zdravstvu\/#article","isPartOf":{"@id":"https:\/\/novice.si\/page\/vitanje-svetniki-potrdili-rebalans-proracuna-razprava-o-vodovodu-zdravstvu\/"},"author":{"name":"Uredni\u0161tvo Celjana","@id":"https:\/\/novice.si\/page\/#\/schema\/person\/51903923b50fefb075bc1cd24fe4d065"},"headline":"VITANJE Svetniki potrdili rebalans prora\u010duna, razprava o vodovodu, zdravstvu, &#8230;","datePublished":"2023-10-06T06:50:05+00:00","mainEntityOfPage":{"@id":"https:\/\/novice.si\/page\/vitanje-svetniki-potrdili-rebalans-proracuna-razprava-o-vodovodu-zdravstvu\/"},"wordCount":205,"publisher":{"@id":"https:\/\/novice.si\/page\/#organization"},"image":{"@id":"https:\/\/novice.si\/page\/vitanje-svetniki-potrdili-rebalans-proracuna-razprava-o-vodovodu-zdravstvu\/#primaryimage"},"thumbnailUrl":"https:\/\/novice.si\/page\/wp-content\/uploads\/2023\/10\/viber_image_2023-10-06_08-48-17-269.jpg","articleSection":["Aktualno","\u010casopisi","Konji\u0161ko","Novice"],"inLanguage":"sl-SI"},{"@type":"WebPage","@id":"https:\/\/novice.si\/page\/vitanje-svetniki-potrdili-rebalans-proracuna-razprava-o-vodovodu-zdravstvu\/","url":"https:\/\/novice.si\/page\/vitanje-svetniki-potrdili-rebalans-proracuna-razprava-o-vodovodu-zdravstvu\/","name":"VITANJE Svetniki potrdili rebalans prora\u010duna, razprava o vodovodu, zdravstvu, ... - Novice.si","isPartOf":{"@id":"https:\/\/novice.si\/page\/#website"},"primaryImageOfPage":{"@id":"https:\/\/novice.si\/page\/vitanje-svetniki-potrdili-rebalans-proracuna-razprava-o-vodovodu-zdravstvu\/#primaryimage"},"image":{"@id":"https:\/\/novice.si\/page\/vitanje-svetniki-potrdili-rebalans-proracuna-razprava-o-vodovodu-zdravstvu\/#primaryimage"},"thumbnailUrl":"https:\/\/novice.si\/page\/wp-content\/uploads\/2023\/10\/viber_image_2023-10-06_08-48-17-269.jpg","datePublished":"2023-10-06T06:50:05+00:00","breadcrumb":{"@id":"https:\/\/novice.si\/page\/vitanje-svetniki-potrdili-rebalans-proracuna-razprava-o-vodovodu-zdravstvu\/#breadcrumb"},"inLanguage":"sl-SI","potentialAction":[{"@type":"ReadAction","target":["https:\/\/novice.si\/page\/vitanje-svetniki-potrdili-rebalans-proracuna-razprava-o-vodovodu-zdravstvu\/"]}]},{"@type":"ImageObject","inLanguage":"sl-SI","@id":"https:\/\/novice.si\/page\/vitanje-svetniki-potrdili-rebalans-proracuna-razprava-o-vodovodu-zdravstvu\/#primaryimage","url":"https:\/\/novice.si\/page\/wp-content\/uploads\/2023\/10\/viber_image_2023-10-06_08-48-17-269.jpg","contentUrl":"https:\/\/novice.si\/page\/wp-content\/uploads\/2023\/10\/viber_image_2023-10-06_08-48-17-269.jpg","width":1600,"height":900},{"@type":"BreadcrumbList","@id":"https:\/\/novice.si\/page\/vitanje-svetniki-potrdili-rebalans-proracuna-razprava-o-vodovodu-zdravstvu\/#breadcrumb","itemListElement":[{"@type":"ListItem","position":1,"name":"Home","item":"https:\/\/novice.si\/page\/"},{"@type":"ListItem","position":2,"name":"VITANJE Svetniki potrdili rebalans prora\u010duna, razprava o vodovodu, zdravstvu, &#8230;"}]},{"@type":"WebSite","@id":"https:\/\/novice.si\/page\/#website","url":"https:\/\/novice.si\/page\/","name":"Novice.si","description":"","publisher":{"@id":"https:\/\/novice.si\/page\/#organization"},"potentialAction":[{"@type":"SearchAction","target":{"@type":"EntryPoint","urlTemplate":"https:\/\/novice.si\/page\/?s={search_term_string}"},"query-input":{"@type":"PropertyValueSpecification","valueRequired":true,"valueName":"search_term_string"}}],"inLanguage":"sl-SI"},{"@type":"Organization","@id":"https:\/\/novice.si\/page\/#organization","name":"Novice.si","url":"https:\/\/novice.si\/page\/","logo":{"@type":"ImageObject","inLanguage":"sl-SI","@id":"https:\/\/novice.si\/page\/#\/schema\/logo\/image\/","url":"https:\/\/novice.si\/page\/wp-content\/uploads\/2023\/03\/novice_si.png","contentUrl":"https:\/\/novice.si\/page\/wp-content\/uploads\/2023\/03\/novice_si.png","width":576,"height":200,"caption":"Novice.si"},"image":{"@id":"https:\/\/novice.si\/page\/#\/schema\/logo\/image\/"}},{"@type":"Person","@id":"https:\/\/novice.si\/page\/#\/schema\/person\/51903923b50fefb075bc1cd24fe4d065","name":"Uredni\u0161tvo Celjana","image":{"@type":"ImageObject","inLanguage":"sl-SI","@id":"https:\/\/secure.gravatar.com\/avatar\/b516f102aa90b53619e09722b8ea56721c99bfcb4f1035f9b333d99f52330226?s=96&d=mm&r=g","url":"https:\/\/secure.gravatar.com\/avatar\/b516f102aa90b53619e09722b8ea56721c99bfcb4f1035f9b333d99f52330226?s=96&d=mm&r=g","contentUrl":"https:\/\/secure.gravatar.com\/avatar\/b516f102aa90b53619e09722b8ea56721c99bfcb4f1035f9b333d99f52330226?s=96&d=mm&r=g","caption":"Uredni\u0161tvo Celjana"},"url":"https:\/\/novice.si\/page\/author\/nejc\/"}]}},"_links":{"self":[{"href":"https:\/\/novice.si\/page\/wp-json\/wp\/v2\/posts\/168188","targetHints":{"allow":["GET"]}}],"collection":[{"href":"https:\/\/novice.si\/page\/wp-json\/wp\/v2\/posts"}],"about":[{"href":"https:\/\/novice.si\/page\/wp-json\/wp\/v2\/types\/post"}],"author":[{"embeddable":true,"href":"https:\/\/novice.si\/page\/wp-json\/wp\/v2\/users\/12"}],"replies":[{"embeddable":true,"href":"https:\/\/novice.si\/page\/wp-json\/wp\/v2\/comments?post=168188"}],"version-history":[{"count":1,"href":"https:\/\/novice.si\/page\/wp-json\/wp\/v2\/posts\/168188\/revisions"}],"predecessor-version":[{"id":168190,"href":"https:\/\/novice.si\/page\/wp-json\/wp\/v2\/posts\/168188\/revisions\/168190"}],"wp:featuredmedia":[{"embeddable":true,"href":"https:\/\/novice.si\/page\/wp-json\/wp\/v2\/media\/168189"}],"wp:attachment":[{"href":"https:\/\/novice.si\/page\/wp-json\/wp\/v2\/media?parent=168188"}],"wp:term":[{"taxonomy":"category","embeddable":true,"href":"https:\/\/novice.si\/page\/wp-json\/wp\/v2\/categories?post=168188"},{"taxonomy":"post_tag","embeddable":true,"href":"https:\/\/novice.si\/page\/wp-json\/wp\/v2\/tags?post=168188"}],"curies":[{"name":"wp","href":"https:\/\/api.w.org\/{rel}","templated":true}]}}