{"id":168186,"date":"2023-10-06T08:41:22","date_gmt":"2023-10-06T06:41:22","guid":{"rendered":"https:\/\/novice.si\/page\/?p=168186"},"modified":"2023-10-06T08:41:22","modified_gmt":"2023-10-06T06:41:22","slug":"brezposelnost-na-konjiskem-zreskem-in-vitanjskem-se-je-znova-znizala","status":"publish","type":"post","link":"https:\/\/novice.si\/page\/brezposelnost-na-konjiskem-zreskem-in-vitanjskem-se-je-znova-znizala\/","title":{"rendered":"Brezposelnost na Konji\u0161kem, Zre\u0161kem in Vitanjskem se je znova zni\u017eala"},"content":{"rendered":"<p><strong>Na Uradu za delo Slovenske Konjice, to je v konji\u0161ki, zre\u0161ki in vitanjski ob\u010dini, je bila konec avgusta 801 registrirana brezposelna oseba, kar je dober odstotek manj kot konec leto\u0161njega julija in obenem skoraj 13 odstotkov manj kot lani ta \u010das, ka\u017eejo podatki Zavoda za zaposlovanje.<\/strong><\/p>\n<p>Na ravni celotne dr\u017eave se je brezposelnost konec avgusta sicer malenkost zvi\u0161ala, prav tako pri\u010dakujemo, da bodo \u0161tevilke povsod znova narasle v oktobru in novembru, ko na trg dela vstopajo nekdanji dijaki in \u0161tudentje.<\/p>\n<p><strong>Letos se je zaposlilo 355 ljudi <\/strong><br \/>\nNa Urad za delo Slovenske Konjice se je v prvih osmih mesecih tega leta na novo prijavilo 417 oseb. Med novo prijavljenimi je bilo 223 oseb, ki se jim je izteklo delovno razmerje za dolo\u010den \u010das, prese\u017enih delavcev je bilo 50, 27 iskalcev prve zaposlitve, pri \u0161estih osebah pa je \u0161lo za ste\u010daj podjetja. V enakem obdobju je bilo na Uradu za delo Slov. Konjice iz evidence brezpo-selnih odjavljenih 509 oseb \u2013 od teh 355 zaradi nove zaposlitve.<br \/>\nStopnja registrirane brezposelnosti ostaja bolj ali manj enaka in je na Uradu za delo Slov. Konjice zna\u0161ala slabih 6 odstotkov, kar je nekaj nad dr\u017eavnim povpre\u010djem.<br \/>\nOb koncu avgusta je bil povpre\u010dni \u010das brezposelnosti 35,5 mesecev oziroma skoraj tri leta.<\/p>\n<p><strong>Koga i\u0161\u010dejo delodoajalci?<\/strong><br \/>\nNa obmo\u010dju konji\u0161ke, zre\u0161ke in vitanjske ob\u010dine je bilo v za\u010detku tega tedna preko Zavoda za zaposlovanje skupaj na voljo 63 delovnih mest.<br \/>\n\u0160e vedno najve\u010d novih slu\u017eb na tem obmo\u010dju ponuja zre\u0161ki Unior &#8230; Ve\u010d in podrobneje o aktualnih slu\u017ebah na Konji\u0161kem, Zre\u0161kem in Vitanjskem pa v tiskani izdaji lokalnega \u010dasopisa NOVICE.<br \/>\n(NK)<\/p>\n<p>&nbsp;<\/p>\n","protected":false},"excerpt":{"rendered":"<p>Na Uradu za delo Slovenske Konjice, to je v konji\u0161ki, zre\u0161ki in vitanjski ob\u010dini, je bila konec avgusta 801 registrirana brezposelna oseba, kar je dober odstotek manj kot konec leto\u0161njega julija in obenem skoraj 13 odstotkov manj kot lani ta \u010das, ka\u017eejo podatki Zavoda za zaposlovanje. Na ravni celotne dr\u017eave se je brezposelnost konec avgusta [&hellip;]<\/p>\n","protected":false},"author":12,"featured_media":158584,"comment_status":"closed","ping_status":"closed","sticky":false,"template":"","format":"standard","meta":{"footnotes":""},"categories":[14,868,16,141,3108],"tags":[],"class_list":{"0":"post-168186","1":"post","2":"type-post","3":"status-publish","4":"format-standard","5":"has-post-thumbnail","7":"category-aktualno","8":"category-casopisi","9":"category-konjisko","10":"category-novice","11":"category-radio-rogla"},"yoast_head":"<!-- This site is optimized with the Yoast SEO plugin v27.4 - https:\/\/yoast.com\/product\/yoast-seo-wordpress\/ -->\n<title>Brezposelnost na Konji\u0161kem, Zre\u0161kem in Vitanjskem se je znova zni\u017eala - Novice.si<\/title>\n<meta name=\"robots\" content=\"index, follow, max-snippet:-1, max-image-preview:large, max-video-preview:-1\" \/>\n<link rel=\"canonical\" href=\"https:\/\/novice.si\/page\/brezposelnost-na-konjiskem-zreskem-in-vitanjskem-se-je-znova-znizala\/\" \/>\n<meta property=\"og:locale\" content=\"sl_SI\" \/>\n<meta property=\"og:type\" content=\"article\" \/>\n<meta property=\"og:title\" content=\"Brezposelnost na Konji\u0161kem, Zre\u0161kem in Vitanjskem se je znova zni\u017eala - Novice.si\" \/>\n<meta property=\"og:description\" content=\"Na Uradu za delo Slovenske Konjice, to je v konji\u0161ki, zre\u0161ki in vitanjski ob\u010dini, je bila konec avgusta 801 registrirana brezposelna oseba, kar je dober odstotek manj kot konec leto\u0161njega julija in obenem skoraj 13 odstotkov manj kot lani ta \u010das, ka\u017eejo podatki Zavoda za zaposlovanje. Na ravni celotne dr\u017eave se je brezposelnost konec avgusta [&hellip;]\" \/>\n<meta property=\"og:url\" content=\"https:\/\/novice.si\/page\/brezposelnost-na-konjiskem-zreskem-in-vitanjskem-se-je-znova-znizala\/\" \/>\n<meta property=\"og:site_name\" content=\"Novice.si\" \/>\n<meta property=\"article:published_time\" content=\"2023-10-06T06:41:22+00:00\" \/>\n<meta property=\"og:image\" content=\"https:\/\/novice.si\/page\/wp-content\/uploads\/2023\/01\/unior.jpg\" \/>\n\t<meta property=\"og:image:width\" content=\"2000\" \/>\n\t<meta property=\"og:image:height\" content=\"1500\" \/>\n\t<meta property=\"og:image:type\" content=\"image\/jpeg\" \/>\n<meta name=\"author\" content=\"Uredni\u0161tvo Celjana\" \/>\n<meta name=\"twitter:card\" content=\"summary_large_image\" \/>\n<meta name=\"twitter:label1\" content=\"Written by\" \/>\n\t<meta name=\"twitter:data1\" content=\"Uredni\u0161tvo Celjana\" \/>\n\t<meta name=\"twitter:label2\" content=\"Est. reading time\" \/>\n\t<meta name=\"twitter:data2\" content=\"2 minuti\" \/>\n<script type=\"application\/ld+json\" class=\"yoast-schema-graph\">{\"@context\":\"https:\\\/\\\/schema.org\",\"@graph\":[{\"@type\":\"Article\",\"@id\":\"https:\\\/\\\/novice.si\\\/page\\\/brezposelnost-na-konjiskem-zreskem-in-vitanjskem-se-je-znova-znizala\\\/#article\",\"isPartOf\":{\"@id\":\"https:\\\/\\\/novice.si\\\/page\\\/brezposelnost-na-konjiskem-zreskem-in-vitanjskem-se-je-znova-znizala\\\/\"},\"author\":{\"name\":\"Uredni\u0161tvo Celjana\",\"@id\":\"https:\\\/\\\/novice.si\\\/page\\\/#\\\/schema\\\/person\\\/51903923b50fefb075bc1cd24fe4d065\"},\"headline\":\"Brezposelnost na Konji\u0161kem, Zre\u0161kem in Vitanjskem se je znova zni\u017eala\",\"datePublished\":\"2023-10-06T06:41:22+00:00\",\"mainEntityOfPage\":{\"@id\":\"https:\\\/\\\/novice.si\\\/page\\\/brezposelnost-na-konjiskem-zreskem-in-vitanjskem-se-je-znova-znizala\\\/\"},\"wordCount\":288,\"publisher\":{\"@id\":\"https:\\\/\\\/novice.si\\\/page\\\/#organization\"},\"image\":{\"@id\":\"https:\\\/\\\/novice.si\\\/page\\\/brezposelnost-na-konjiskem-zreskem-in-vitanjskem-se-je-znova-znizala\\\/#primaryimage\"},\"thumbnailUrl\":\"https:\\\/\\\/novice.si\\\/page\\\/wp-content\\\/uploads\\\/2023\\\/01\\\/unior.jpg\",\"articleSection\":[\"Aktualno\",\"\u010casopisi\",\"Konji\u0161ko\",\"Novice\",\"Radio Rogla\"],\"inLanguage\":\"sl-SI\"},{\"@type\":\"WebPage\",\"@id\":\"https:\\\/\\\/novice.si\\\/page\\\/brezposelnost-na-konjiskem-zreskem-in-vitanjskem-se-je-znova-znizala\\\/\",\"url\":\"https:\\\/\\\/novice.si\\\/page\\\/brezposelnost-na-konjiskem-zreskem-in-vitanjskem-se-je-znova-znizala\\\/\",\"name\":\"Brezposelnost na Konji\u0161kem, Zre\u0161kem in Vitanjskem se je znova zni\u017eala - Novice.si\",\"isPartOf\":{\"@id\":\"https:\\\/\\\/novice.si\\\/page\\\/#website\"},\"primaryImageOfPage\":{\"@id\":\"https:\\\/\\\/novice.si\\\/page\\\/brezposelnost-na-konjiskem-zreskem-in-vitanjskem-se-je-znova-znizala\\\/#primaryimage\"},\"image\":{\"@id\":\"https:\\\/\\\/novice.si\\\/page\\\/brezposelnost-na-konjiskem-zreskem-in-vitanjskem-se-je-znova-znizala\\\/#primaryimage\"},\"thumbnailUrl\":\"https:\\\/\\\/novice.si\\\/page\\\/wp-content\\\/uploads\\\/2023\\\/01\\\/unior.jpg\",\"datePublished\":\"2023-10-06T06:41:22+00:00\",\"breadcrumb\":{\"@id\":\"https:\\\/\\\/novice.si\\\/page\\\/brezposelnost-na-konjiskem-zreskem-in-vitanjskem-se-je-znova-znizala\\\/#breadcrumb\"},\"inLanguage\":\"sl-SI\",\"potentialAction\":[{\"@type\":\"ReadAction\",\"target\":[\"https:\\\/\\\/novice.si\\\/page\\\/brezposelnost-na-konjiskem-zreskem-in-vitanjskem-se-je-znova-znizala\\\/\"]}]},{\"@type\":\"ImageObject\",\"inLanguage\":\"sl-SI\",\"@id\":\"https:\\\/\\\/novice.si\\\/page\\\/brezposelnost-na-konjiskem-zreskem-in-vitanjskem-se-je-znova-znizala\\\/#primaryimage\",\"url\":\"https:\\\/\\\/novice.si\\\/page\\\/wp-content\\\/uploads\\\/2023\\\/01\\\/unior.jpg\",\"contentUrl\":\"https:\\\/\\\/novice.si\\\/page\\\/wp-content\\\/uploads\\\/2023\\\/01\\\/unior.jpg\",\"width\":2000,\"height\":1500},{\"@type\":\"BreadcrumbList\",\"@id\":\"https:\\\/\\\/novice.si\\\/page\\\/brezposelnost-na-konjiskem-zreskem-in-vitanjskem-se-je-znova-znizala\\\/#breadcrumb\",\"itemListElement\":[{\"@type\":\"ListItem\",\"position\":1,\"name\":\"Home\",\"item\":\"https:\\\/\\\/novice.si\\\/page\\\/\"},{\"@type\":\"ListItem\",\"position\":2,\"name\":\"Brezposelnost na Konji\u0161kem, Zre\u0161kem in Vitanjskem se je znova zni\u017eala\"}]},{\"@type\":\"WebSite\",\"@id\":\"https:\\\/\\\/novice.si\\\/page\\\/#website\",\"url\":\"https:\\\/\\\/novice.si\\\/page\\\/\",\"name\":\"Novice.si\",\"description\":\"\",\"publisher\":{\"@id\":\"https:\\\/\\\/novice.si\\\/page\\\/#organization\"},\"potentialAction\":[{\"@type\":\"SearchAction\",\"target\":{\"@type\":\"EntryPoint\",\"urlTemplate\":\"https:\\\/\\\/novice.si\\\/page\\\/?s={search_term_string}\"},\"query-input\":{\"@type\":\"PropertyValueSpecification\",\"valueRequired\":true,\"valueName\":\"search_term_string\"}}],\"inLanguage\":\"sl-SI\"},{\"@type\":\"Organization\",\"@id\":\"https:\\\/\\\/novice.si\\\/page\\\/#organization\",\"name\":\"Novice.si\",\"url\":\"https:\\\/\\\/novice.si\\\/page\\\/\",\"logo\":{\"@type\":\"ImageObject\",\"inLanguage\":\"sl-SI\",\"@id\":\"https:\\\/\\\/novice.si\\\/page\\\/#\\\/schema\\\/logo\\\/image\\\/\",\"url\":\"https:\\\/\\\/novice.si\\\/page\\\/wp-content\\\/uploads\\\/2023\\\/03\\\/novice_si.png\",\"contentUrl\":\"https:\\\/\\\/novice.si\\\/page\\\/wp-content\\\/uploads\\\/2023\\\/03\\\/novice_si.png\",\"width\":576,\"height\":200,\"caption\":\"Novice.si\"},\"image\":{\"@id\":\"https:\\\/\\\/novice.si\\\/page\\\/#\\\/schema\\\/logo\\\/image\\\/\"}},{\"@type\":\"Person\",\"@id\":\"https:\\\/\\\/novice.si\\\/page\\\/#\\\/schema\\\/person\\\/51903923b50fefb075bc1cd24fe4d065\",\"name\":\"Uredni\u0161tvo Celjana\",\"image\":{\"@type\":\"ImageObject\",\"inLanguage\":\"sl-SI\",\"@id\":\"https:\\\/\\\/secure.gravatar.com\\\/avatar\\\/b516f102aa90b53619e09722b8ea56721c99bfcb4f1035f9b333d99f52330226?s=96&d=mm&r=g\",\"url\":\"https:\\\/\\\/secure.gravatar.com\\\/avatar\\\/b516f102aa90b53619e09722b8ea56721c99bfcb4f1035f9b333d99f52330226?s=96&d=mm&r=g\",\"contentUrl\":\"https:\\\/\\\/secure.gravatar.com\\\/avatar\\\/b516f102aa90b53619e09722b8ea56721c99bfcb4f1035f9b333d99f52330226?s=96&d=mm&r=g\",\"caption\":\"Uredni\u0161tvo Celjana\"},\"url\":\"https:\\\/\\\/novice.si\\\/page\\\/author\\\/nejc\\\/\"}]}<\/script>\n<!-- \/ Yoast SEO plugin. -->","yoast_head_json":{"title":"Brezposelnost na Konji\u0161kem, Zre\u0161kem in Vitanjskem se je znova zni\u017eala - Novice.si","robots":{"index":"index","follow":"follow","max-snippet":"max-snippet:-1","max-image-preview":"max-image-preview:large","max-video-preview":"max-video-preview:-1"},"canonical":"https:\/\/novice.si\/page\/brezposelnost-na-konjiskem-zreskem-in-vitanjskem-se-je-znova-znizala\/","og_locale":"sl_SI","og_type":"article","og_title":"Brezposelnost na Konji\u0161kem, Zre\u0161kem in Vitanjskem se je znova zni\u017eala - Novice.si","og_description":"Na Uradu za delo Slovenske Konjice, to je v konji\u0161ki, zre\u0161ki in vitanjski ob\u010dini, je bila konec avgusta 801 registrirana brezposelna oseba, kar je dober odstotek manj kot konec leto\u0161njega julija in obenem skoraj 13 odstotkov manj kot lani ta \u010das, ka\u017eejo podatki Zavoda za zaposlovanje. Na ravni celotne dr\u017eave se je brezposelnost konec avgusta [&hellip;]","og_url":"https:\/\/novice.si\/page\/brezposelnost-na-konjiskem-zreskem-in-vitanjskem-se-je-znova-znizala\/","og_site_name":"Novice.si","article_published_time":"2023-10-06T06:41:22+00:00","og_image":[{"width":2000,"height":1500,"url":"https:\/\/novice.si\/page\/wp-content\/uploads\/2023\/01\/unior.jpg","type":"image\/jpeg"}],"author":"Uredni\u0161tvo Celjana","twitter_card":"summary_large_image","twitter_misc":{"Written by":"Uredni\u0161tvo Celjana","Est. reading time":"2 minuti"},"schema":{"@context":"https:\/\/schema.org","@graph":[{"@type":"Article","@id":"https:\/\/novice.si\/page\/brezposelnost-na-konjiskem-zreskem-in-vitanjskem-se-je-znova-znizala\/#article","isPartOf":{"@id":"https:\/\/novice.si\/page\/brezposelnost-na-konjiskem-zreskem-in-vitanjskem-se-je-znova-znizala\/"},"author":{"name":"Uredni\u0161tvo Celjana","@id":"https:\/\/novice.si\/page\/#\/schema\/person\/51903923b50fefb075bc1cd24fe4d065"},"headline":"Brezposelnost na Konji\u0161kem, Zre\u0161kem in Vitanjskem se je znova zni\u017eala","datePublished":"2023-10-06T06:41:22+00:00","mainEntityOfPage":{"@id":"https:\/\/novice.si\/page\/brezposelnost-na-konjiskem-zreskem-in-vitanjskem-se-je-znova-znizala\/"},"wordCount":288,"publisher":{"@id":"https:\/\/novice.si\/page\/#organization"},"image":{"@id":"https:\/\/novice.si\/page\/brezposelnost-na-konjiskem-zreskem-in-vitanjskem-se-je-znova-znizala\/#primaryimage"},"thumbnailUrl":"https:\/\/novice.si\/page\/wp-content\/uploads\/2023\/01\/unior.jpg","articleSection":["Aktualno","\u010casopisi","Konji\u0161ko","Novice","Radio Rogla"],"inLanguage":"sl-SI"},{"@type":"WebPage","@id":"https:\/\/novice.si\/page\/brezposelnost-na-konjiskem-zreskem-in-vitanjskem-se-je-znova-znizala\/","url":"https:\/\/novice.si\/page\/brezposelnost-na-konjiskem-zreskem-in-vitanjskem-se-je-znova-znizala\/","name":"Brezposelnost na Konji\u0161kem, Zre\u0161kem in Vitanjskem se je znova zni\u017eala - Novice.si","isPartOf":{"@id":"https:\/\/novice.si\/page\/#website"},"primaryImageOfPage":{"@id":"https:\/\/novice.si\/page\/brezposelnost-na-konjiskem-zreskem-in-vitanjskem-se-je-znova-znizala\/#primaryimage"},"image":{"@id":"https:\/\/novice.si\/page\/brezposelnost-na-konjiskem-zreskem-in-vitanjskem-se-je-znova-znizala\/#primaryimage"},"thumbnailUrl":"https:\/\/novice.si\/page\/wp-content\/uploads\/2023\/01\/unior.jpg","datePublished":"2023-10-06T06:41:22+00:00","breadcrumb":{"@id":"https:\/\/novice.si\/page\/brezposelnost-na-konjiskem-zreskem-in-vitanjskem-se-je-znova-znizala\/#breadcrumb"},"inLanguage":"sl-SI","potentialAction":[{"@type":"ReadAction","target":["https:\/\/novice.si\/page\/brezposelnost-na-konjiskem-zreskem-in-vitanjskem-se-je-znova-znizala\/"]}]},{"@type":"ImageObject","inLanguage":"sl-SI","@id":"https:\/\/novice.si\/page\/brezposelnost-na-konjiskem-zreskem-in-vitanjskem-se-je-znova-znizala\/#primaryimage","url":"https:\/\/novice.si\/page\/wp-content\/uploads\/2023\/01\/unior.jpg","contentUrl":"https:\/\/novice.si\/page\/wp-content\/uploads\/2023\/01\/unior.jpg","width":2000,"height":1500},{"@type":"BreadcrumbList","@id":"https:\/\/novice.si\/page\/brezposelnost-na-konjiskem-zreskem-in-vitanjskem-se-je-znova-znizala\/#breadcrumb","itemListElement":[{"@type":"ListItem","position":1,"name":"Home","item":"https:\/\/novice.si\/page\/"},{"@type":"ListItem","position":2,"name":"Brezposelnost na Konji\u0161kem, Zre\u0161kem in Vitanjskem se je znova zni\u017eala"}]},{"@type":"WebSite","@id":"https:\/\/novice.si\/page\/#website","url":"https:\/\/novice.si\/page\/","name":"Novice.si","description":"","publisher":{"@id":"https:\/\/novice.si\/page\/#organization"},"potentialAction":[{"@type":"SearchAction","target":{"@type":"EntryPoint","urlTemplate":"https:\/\/novice.si\/page\/?s={search_term_string}"},"query-input":{"@type":"PropertyValueSpecification","valueRequired":true,"valueName":"search_term_string"}}],"inLanguage":"sl-SI"},{"@type":"Organization","@id":"https:\/\/novice.si\/page\/#organization","name":"Novice.si","url":"https:\/\/novice.si\/page\/","logo":{"@type":"ImageObject","inLanguage":"sl-SI","@id":"https:\/\/novice.si\/page\/#\/schema\/logo\/image\/","url":"https:\/\/novice.si\/page\/wp-content\/uploads\/2023\/03\/novice_si.png","contentUrl":"https:\/\/novice.si\/page\/wp-content\/uploads\/2023\/03\/novice_si.png","width":576,"height":200,"caption":"Novice.si"},"image":{"@id":"https:\/\/novice.si\/page\/#\/schema\/logo\/image\/"}},{"@type":"Person","@id":"https:\/\/novice.si\/page\/#\/schema\/person\/51903923b50fefb075bc1cd24fe4d065","name":"Uredni\u0161tvo Celjana","image":{"@type":"ImageObject","inLanguage":"sl-SI","@id":"https:\/\/secure.gravatar.com\/avatar\/b516f102aa90b53619e09722b8ea56721c99bfcb4f1035f9b333d99f52330226?s=96&d=mm&r=g","url":"https:\/\/secure.gravatar.com\/avatar\/b516f102aa90b53619e09722b8ea56721c99bfcb4f1035f9b333d99f52330226?s=96&d=mm&r=g","contentUrl":"https:\/\/secure.gravatar.com\/avatar\/b516f102aa90b53619e09722b8ea56721c99bfcb4f1035f9b333d99f52330226?s=96&d=mm&r=g","caption":"Uredni\u0161tvo Celjana"},"url":"https:\/\/novice.si\/page\/author\/nejc\/"}]}},"_links":{"self":[{"href":"https:\/\/novice.si\/page\/wp-json\/wp\/v2\/posts\/168186","targetHints":{"allow":["GET"]}}],"collection":[{"href":"https:\/\/novice.si\/page\/wp-json\/wp\/v2\/posts"}],"about":[{"href":"https:\/\/novice.si\/page\/wp-json\/wp\/v2\/types\/post"}],"author":[{"embeddable":true,"href":"https:\/\/novice.si\/page\/wp-json\/wp\/v2\/users\/12"}],"replies":[{"embeddable":true,"href":"https:\/\/novice.si\/page\/wp-json\/wp\/v2\/comments?post=168186"}],"version-history":[{"count":1,"href":"https:\/\/novice.si\/page\/wp-json\/wp\/v2\/posts\/168186\/revisions"}],"predecessor-version":[{"id":168187,"href":"https:\/\/novice.si\/page\/wp-json\/wp\/v2\/posts\/168186\/revisions\/168187"}],"wp:featuredmedia":[{"embeddable":true,"href":"https:\/\/novice.si\/page\/wp-json\/wp\/v2\/media\/158584"}],"wp:attachment":[{"href":"https:\/\/novice.si\/page\/wp-json\/wp\/v2\/media?parent=168186"}],"wp:term":[{"taxonomy":"category","embeddable":true,"href":"https:\/\/novice.si\/page\/wp-json\/wp\/v2\/categories?post=168186"},{"taxonomy":"post_tag","embeddable":true,"href":"https:\/\/novice.si\/page\/wp-json\/wp\/v2\/tags?post=168186"}],"curies":[{"name":"wp","href":"https:\/\/api.w.org\/{rel}","templated":true}]}}