{"id":168123,"date":"2023-10-05T14:10:10","date_gmt":"2023-10-05T12:10:10","guid":{"rendered":"https:\/\/novice.si\/page\/?p=168123"},"modified":"2023-10-04T14:13:05","modified_gmt":"2023-10-04T12:13:05","slug":"celeiapark-ze-dolgo-ni-vec-hisa-strahov","status":"publish","type":"post","link":"https:\/\/novice.si\/page\/celeiapark-ze-dolgo-ni-vec-hisa-strahov\/","title":{"rendered":"Celeiapark \u017ee dolgo ni ve\u010d hi\u0161a strahov"},"content":{"rendered":"<p><em><strong><img loading=\"lazy\" decoding=\"async\" class=\" wp-image-168124 alignright\" src=\"https:\/\/novice.si\/page\/wp-content\/uploads\/2023\/10\/izpostavljeno-celeiapark-1185-foto-uros-urlep-600x400.jpg\" alt=\"Celeiapark\" width=\"476\" height=\"317\" srcset=\"https:\/\/novice.si\/page\/wp-content\/uploads\/2023\/10\/izpostavljeno-celeiapark-1185-foto-uros-urlep-600x400.jpg 600w, https:\/\/novice.si\/page\/wp-content\/uploads\/2023\/10\/izpostavljeno-celeiapark-1185-foto-uros-urlep-1024x682.jpg 1024w, https:\/\/novice.si\/page\/wp-content\/uploads\/2023\/10\/izpostavljeno-celeiapark-1185-foto-uros-urlep-768x512.jpg 768w, https:\/\/novice.si\/page\/wp-content\/uploads\/2023\/10\/izpostavljeno-celeiapark-1185-foto-uros-urlep-1536x1024.jpg 1536w, https:\/\/novice.si\/page\/wp-content\/uploads\/2023\/10\/izpostavljeno-celeiapark-1185-foto-uros-urlep-696x464.jpg 696w, https:\/\/novice.si\/page\/wp-content\/uploads\/2023\/10\/izpostavljeno-celeiapark-1185-foto-uros-urlep-1068x712.jpg 1068w, https:\/\/novice.si\/page\/wp-content\/uploads\/2023\/10\/izpostavljeno-celeiapark-1185-foto-uros-urlep-630x420.jpg 630w, https:\/\/novice.si\/page\/wp-content\/uploads\/2023\/10\/izpostavljeno-celeiapark-1185-foto-uros-urlep-24x16.jpg 24w, https:\/\/novice.si\/page\/wp-content\/uploads\/2023\/10\/izpostavljeno-celeiapark-1185-foto-uros-urlep-36x24.jpg 36w, https:\/\/novice.si\/page\/wp-content\/uploads\/2023\/10\/izpostavljeno-celeiapark-1185-foto-uros-urlep-48x32.jpg 48w, https:\/\/novice.si\/page\/wp-content\/uploads\/2023\/10\/izpostavljeno-celeiapark-1185-foto-uros-urlep.jpg 1772w\" sizes=\"auto, (max-width: 476px) 100vw, 476px\" \/>Danes.<\/strong> Trenutno so skoraj vsi lokali zapolnjeni s prete\u017eno storitveno dejavnostjo.<\/em><\/p>\n<p><em><strong>Pred leti.<\/strong> Zaradi &#8216;mrtve&#8217; lokacije in s tem povezanih previsokih stro\u0161kov poslovanja so pred leti \u0161tevilni Celeiapark zapustili.<\/em><\/p>\n<p>\u0160tevilni Celjani so na na\u0161e vpra\u0161anje, kako se jim zdi Celeiapark na A\u0161ker\u010devi ulici v Celju odgovorili, da objekt od svojega odprtja nikoli ni za\u017eivel kot bi moral. Hi\u0161a strahov, je bilo sli\u0161ati od nekaterih. Pa to dr\u017ei ali gre za neko splo\u0161no prepri\u010danje, splo\u0161no zmoto? Preverili smo na terenu.<\/p>\n<p>Za\u010detki so bili te\u017eki, priznava upravnica <strong>Tamara Gregorn<\/strong> iz podjetja Bufo Eko, vendar se je stanje izbolj\u0161alo. V objektu je sedaj ve\u010d kot 20 lastnikov lokalov in letno, pravi upravnica, ustvarijo okrog 25 milijonov evrov prometa.<\/p>\n<p><strong>Kaj pravijo tisti, ki si kruh slu\u017eijo v objektu?<\/strong><\/p>\n<p>Najve\u010dji del, 65 %, v objektu predstavlja gara\u017ena hi\u0161a. Kot pravi <strong>Robert Hostnik<\/strong> iz dru\u017ebe ZPO Celje, je bila njihova parkirna hi\u0161a prvotno projektirana, da bodo v objekt prihajali dnevni obiskovalci oz. ve\u010d le teh.<\/p>\n<p>\u00bbObjekt je bil projektiran kot eden kvalitetnej\u0161ih. Ko pa je bil zgrajen, so prostore prodajali komurkoli, ki je to \u017eelel, brez celotne vizije objekta. Obisk se sedaj rahlo povi\u0161uje, \u0161e posebej zaradi ukinjanja parkirnih mest v mestnem jedru (kolesarske poti), vremenskih pojavov (mo\u010dne nevihte) ter izdaje cenovno ugodnih dovolilnic za prebivalce starega mestnega jedra. Primerjalno, Interspar ima upravljanje objekta centralizirano in dolo\u010deno je, koga \u017eelijo v objektu, da bo ta nudil raznovrstnost,\u00ab zaklju\u010di Hostnik.<\/p>\n<p><strong>Storitvene dejavnosti<\/strong><\/p>\n<p>\u00bbCeleiapark je danes v zelo dobri kondiciji, za kar smo zaslu\u017eni predvsem izvajalci, ki imamo storitveno dejavnost. Ko smo potrdili novega upravnika, so se zadeve za\u010dele pozitivno odvijati, investiramo v infrastrukturo, optimiziramo stro\u0161ke, skrbimo, da se zapu\u0161\u010deni poslovni prostori prebujajo, v glavnem s pozitivno energijo stremimo v razvoj centra,\u00ab je pojasnil <strong>Matic Fabjan<\/strong>, dr. med., Medical Group Fabjan. Ob tem \u0161e doda, da namen centra ne bo ve\u010d primarni (trgovsko-trgovinski), za kar je bil center na\u010drtovan, saj so se vse prodajalne s kak\u0161no izjemo iz centra mesta selile v trgovske centre na v obrobju.<\/p>\n<p>Seveda tudi danes \u0161e obstajajo nekatere te\u017eave, mnenja pa so deljena. Ve\u010d o tem lahko tako preberete v aktualnem Celjanu, kjer smo Celeiapark postavili v osrednjo temo.<\/p>\n","protected":false},"excerpt":{"rendered":"<p>Danes. Trenutno so skoraj vsi lokali zapolnjeni s prete\u017eno storitveno dejavnostjo. Pred leti. Zaradi &#8216;mrtve&#8217; lokacije in s tem povezanih previsokih stro\u0161kov poslovanja so pred leti \u0161tevilni Celeiapark zapustili. \u0160tevilni Celjani so na na\u0161e vpra\u0161anje, kako se jim zdi Celeiapark na A\u0161ker\u010devi ulici v Celju odgovorili, da objekt od svojega odprtja nikoli ni za\u017eivel kot [&hellip;]<\/p>\n","protected":false},"author":55,"featured_media":168124,"comment_status":"closed","ping_status":"closed","sticky":false,"template":"","format":"standard","meta":{"footnotes":""},"categories":[14,142,17],"tags":[],"class_list":{"0":"post-168123","1":"post","2":"type-post","3":"status-publish","4":"format-standard","5":"has-post-thumbnail","7":"category-aktualno","8":"category-celjan","9":"category-celjsko"},"yoast_head":"<!-- This site is optimized with the Yoast SEO plugin v27.4 - https:\/\/yoast.com\/product\/yoast-seo-wordpress\/ -->\n<title>Celeiapark \u017ee dolgo ni ve\u010d hi\u0161a strahov - Novice.si<\/title>\n<meta name=\"robots\" content=\"index, follow, max-snippet:-1, max-image-preview:large, max-video-preview:-1\" \/>\n<link rel=\"canonical\" href=\"https:\/\/novice.si\/page\/celeiapark-ze-dolgo-ni-vec-hisa-strahov\/\" \/>\n<meta property=\"og:locale\" content=\"sl_SI\" \/>\n<meta property=\"og:type\" content=\"article\" \/>\n<meta property=\"og:title\" content=\"Celeiapark \u017ee dolgo ni ve\u010d hi\u0161a strahov - Novice.si\" \/>\n<meta property=\"og:description\" content=\"Danes. Trenutno so skoraj vsi lokali zapolnjeni s prete\u017eno storitveno dejavnostjo. Pred leti. Zaradi &#8216;mrtve&#8217; lokacije in s tem povezanih previsokih stro\u0161kov poslovanja so pred leti \u0161tevilni Celeiapark zapustili. \u0160tevilni Celjani so na na\u0161e vpra\u0161anje, kako se jim zdi Celeiapark na A\u0161ker\u010devi ulici v Celju odgovorili, da objekt od svojega odprtja nikoli ni za\u017eivel kot [&hellip;]\" \/>\n<meta property=\"og:url\" content=\"https:\/\/novice.si\/page\/celeiapark-ze-dolgo-ni-vec-hisa-strahov\/\" \/>\n<meta property=\"og:site_name\" content=\"Novice.si\" \/>\n<meta property=\"article:published_time\" content=\"2023-10-05T12:10:10+00:00\" \/>\n<meta property=\"og:image\" content=\"https:\/\/novice.si\/page\/wp-content\/uploads\/2023\/10\/izpostavljeno-celeiapark-1185-foto-uros-urlep.jpg\" \/>\n\t<meta property=\"og:image:width\" content=\"1772\" \/>\n\t<meta property=\"og:image:height\" content=\"1181\" \/>\n\t<meta property=\"og:image:type\" content=\"image\/jpeg\" \/>\n<meta name=\"author\" content=\"Uredni\u0161tvo Celjana\" \/>\n<meta name=\"twitter:card\" content=\"summary_large_image\" \/>\n<meta name=\"twitter:label1\" content=\"Written by\" \/>\n\t<meta name=\"twitter:data1\" content=\"Uredni\u0161tvo Celjana\" \/>\n\t<meta name=\"twitter:label2\" content=\"Est. reading time\" \/>\n\t<meta name=\"twitter:data2\" content=\"3 minute\" \/>\n<script type=\"application\/ld+json\" class=\"yoast-schema-graph\">{\"@context\":\"https:\\\/\\\/schema.org\",\"@graph\":[{\"@type\":\"Article\",\"@id\":\"https:\\\/\\\/novice.si\\\/page\\\/celeiapark-ze-dolgo-ni-vec-hisa-strahov\\\/#article\",\"isPartOf\":{\"@id\":\"https:\\\/\\\/novice.si\\\/page\\\/celeiapark-ze-dolgo-ni-vec-hisa-strahov\\\/\"},\"author\":{\"name\":\"Uredni\u0161tvo Celjana\",\"@id\":\"https:\\\/\\\/novice.si\\\/page\\\/#\\\/schema\\\/person\\\/a49f233ef2777ec7b2e8d0662325bb48\"},\"headline\":\"Celeiapark \u017ee dolgo ni ve\u010d hi\u0161a strahov\",\"datePublished\":\"2023-10-05T12:10:10+00:00\",\"mainEntityOfPage\":{\"@id\":\"https:\\\/\\\/novice.si\\\/page\\\/celeiapark-ze-dolgo-ni-vec-hisa-strahov\\\/\"},\"wordCount\":394,\"publisher\":{\"@id\":\"https:\\\/\\\/novice.si\\\/page\\\/#organization\"},\"image\":{\"@id\":\"https:\\\/\\\/novice.si\\\/page\\\/celeiapark-ze-dolgo-ni-vec-hisa-strahov\\\/#primaryimage\"},\"thumbnailUrl\":\"https:\\\/\\\/novice.si\\\/page\\\/wp-content\\\/uploads\\\/2023\\\/10\\\/izpostavljeno-celeiapark-1185-foto-uros-urlep.jpg\",\"articleSection\":[\"Aktualno\",\"Celjan\",\"Celjsko\"],\"inLanguage\":\"sl-SI\"},{\"@type\":\"WebPage\",\"@id\":\"https:\\\/\\\/novice.si\\\/page\\\/celeiapark-ze-dolgo-ni-vec-hisa-strahov\\\/\",\"url\":\"https:\\\/\\\/novice.si\\\/page\\\/celeiapark-ze-dolgo-ni-vec-hisa-strahov\\\/\",\"name\":\"Celeiapark \u017ee dolgo ni ve\u010d hi\u0161a strahov - Novice.si\",\"isPartOf\":{\"@id\":\"https:\\\/\\\/novice.si\\\/page\\\/#website\"},\"primaryImageOfPage\":{\"@id\":\"https:\\\/\\\/novice.si\\\/page\\\/celeiapark-ze-dolgo-ni-vec-hisa-strahov\\\/#primaryimage\"},\"image\":{\"@id\":\"https:\\\/\\\/novice.si\\\/page\\\/celeiapark-ze-dolgo-ni-vec-hisa-strahov\\\/#primaryimage\"},\"thumbnailUrl\":\"https:\\\/\\\/novice.si\\\/page\\\/wp-content\\\/uploads\\\/2023\\\/10\\\/izpostavljeno-celeiapark-1185-foto-uros-urlep.jpg\",\"datePublished\":\"2023-10-05T12:10:10+00:00\",\"breadcrumb\":{\"@id\":\"https:\\\/\\\/novice.si\\\/page\\\/celeiapark-ze-dolgo-ni-vec-hisa-strahov\\\/#breadcrumb\"},\"inLanguage\":\"sl-SI\",\"potentialAction\":[{\"@type\":\"ReadAction\",\"target\":[\"https:\\\/\\\/novice.si\\\/page\\\/celeiapark-ze-dolgo-ni-vec-hisa-strahov\\\/\"]}]},{\"@type\":\"ImageObject\",\"inLanguage\":\"sl-SI\",\"@id\":\"https:\\\/\\\/novice.si\\\/page\\\/celeiapark-ze-dolgo-ni-vec-hisa-strahov\\\/#primaryimage\",\"url\":\"https:\\\/\\\/novice.si\\\/page\\\/wp-content\\\/uploads\\\/2023\\\/10\\\/izpostavljeno-celeiapark-1185-foto-uros-urlep.jpg\",\"contentUrl\":\"https:\\\/\\\/novice.si\\\/page\\\/wp-content\\\/uploads\\\/2023\\\/10\\\/izpostavljeno-celeiapark-1185-foto-uros-urlep.jpg\",\"width\":1772,\"height\":1181,\"caption\":\"Celeiapark\"},{\"@type\":\"BreadcrumbList\",\"@id\":\"https:\\\/\\\/novice.si\\\/page\\\/celeiapark-ze-dolgo-ni-vec-hisa-strahov\\\/#breadcrumb\",\"itemListElement\":[{\"@type\":\"ListItem\",\"position\":1,\"name\":\"Home\",\"item\":\"https:\\\/\\\/novice.si\\\/page\\\/\"},{\"@type\":\"ListItem\",\"position\":2,\"name\":\"Celeiapark \u017ee dolgo ni ve\u010d hi\u0161a strahov\"}]},{\"@type\":\"WebSite\",\"@id\":\"https:\\\/\\\/novice.si\\\/page\\\/#website\",\"url\":\"https:\\\/\\\/novice.si\\\/page\\\/\",\"name\":\"Novice.si\",\"description\":\"\",\"publisher\":{\"@id\":\"https:\\\/\\\/novice.si\\\/page\\\/#organization\"},\"potentialAction\":[{\"@type\":\"SearchAction\",\"target\":{\"@type\":\"EntryPoint\",\"urlTemplate\":\"https:\\\/\\\/novice.si\\\/page\\\/?s={search_term_string}\"},\"query-input\":{\"@type\":\"PropertyValueSpecification\",\"valueRequired\":true,\"valueName\":\"search_term_string\"}}],\"inLanguage\":\"sl-SI\"},{\"@type\":\"Organization\",\"@id\":\"https:\\\/\\\/novice.si\\\/page\\\/#organization\",\"name\":\"Novice.si\",\"url\":\"https:\\\/\\\/novice.si\\\/page\\\/\",\"logo\":{\"@type\":\"ImageObject\",\"inLanguage\":\"sl-SI\",\"@id\":\"https:\\\/\\\/novice.si\\\/page\\\/#\\\/schema\\\/logo\\\/image\\\/\",\"url\":\"https:\\\/\\\/novice.si\\\/page\\\/wp-content\\\/uploads\\\/2023\\\/03\\\/novice_si.png\",\"contentUrl\":\"https:\\\/\\\/novice.si\\\/page\\\/wp-content\\\/uploads\\\/2023\\\/03\\\/novice_si.png\",\"width\":576,\"height\":200,\"caption\":\"Novice.si\"},\"image\":{\"@id\":\"https:\\\/\\\/novice.si\\\/page\\\/#\\\/schema\\\/logo\\\/image\\\/\"}},{\"@type\":\"Person\",\"@id\":\"https:\\\/\\\/novice.si\\\/page\\\/#\\\/schema\\\/person\\\/a49f233ef2777ec7b2e8d0662325bb48\",\"name\":\"Uredni\u0161tvo Celjana\",\"image\":{\"@type\":\"ImageObject\",\"inLanguage\":\"sl-SI\",\"@id\":\"https:\\\/\\\/secure.gravatar.com\\\/avatar\\\/7f7863e616af8f92806c638dd1db3f1a238d83d1cc2ec3100afc06fbb7eb303f?s=96&d=mm&r=g\",\"url\":\"https:\\\/\\\/secure.gravatar.com\\\/avatar\\\/7f7863e616af8f92806c638dd1db3f1a238d83d1cc2ec3100afc06fbb7eb303f?s=96&d=mm&r=g\",\"contentUrl\":\"https:\\\/\\\/secure.gravatar.com\\\/avatar\\\/7f7863e616af8f92806c638dd1db3f1a238d83d1cc2ec3100afc06fbb7eb303f?s=96&d=mm&r=g\",\"caption\":\"Uredni\u0161tvo Celjana\"},\"url\":\"https:\\\/\\\/novice.si\\\/page\\\/author\\\/maja\\\/\"}]}<\/script>\n<!-- \/ Yoast SEO plugin. -->","yoast_head_json":{"title":"Celeiapark \u017ee dolgo ni ve\u010d hi\u0161a strahov - Novice.si","robots":{"index":"index","follow":"follow","max-snippet":"max-snippet:-1","max-image-preview":"max-image-preview:large","max-video-preview":"max-video-preview:-1"},"canonical":"https:\/\/novice.si\/page\/celeiapark-ze-dolgo-ni-vec-hisa-strahov\/","og_locale":"sl_SI","og_type":"article","og_title":"Celeiapark \u017ee dolgo ni ve\u010d hi\u0161a strahov - Novice.si","og_description":"Danes. Trenutno so skoraj vsi lokali zapolnjeni s prete\u017eno storitveno dejavnostjo. Pred leti. Zaradi &#8216;mrtve&#8217; lokacije in s tem povezanih previsokih stro\u0161kov poslovanja so pred leti \u0161tevilni Celeiapark zapustili. \u0160tevilni Celjani so na na\u0161e vpra\u0161anje, kako se jim zdi Celeiapark na A\u0161ker\u010devi ulici v Celju odgovorili, da objekt od svojega odprtja nikoli ni za\u017eivel kot [&hellip;]","og_url":"https:\/\/novice.si\/page\/celeiapark-ze-dolgo-ni-vec-hisa-strahov\/","og_site_name":"Novice.si","article_published_time":"2023-10-05T12:10:10+00:00","og_image":[{"width":1772,"height":1181,"url":"https:\/\/novice.si\/page\/wp-content\/uploads\/2023\/10\/izpostavljeno-celeiapark-1185-foto-uros-urlep.jpg","type":"image\/jpeg"}],"author":"Uredni\u0161tvo Celjana","twitter_card":"summary_large_image","twitter_misc":{"Written by":"Uredni\u0161tvo Celjana","Est. reading time":"3 minute"},"schema":{"@context":"https:\/\/schema.org","@graph":[{"@type":"Article","@id":"https:\/\/novice.si\/page\/celeiapark-ze-dolgo-ni-vec-hisa-strahov\/#article","isPartOf":{"@id":"https:\/\/novice.si\/page\/celeiapark-ze-dolgo-ni-vec-hisa-strahov\/"},"author":{"name":"Uredni\u0161tvo Celjana","@id":"https:\/\/novice.si\/page\/#\/schema\/person\/a49f233ef2777ec7b2e8d0662325bb48"},"headline":"Celeiapark \u017ee dolgo ni ve\u010d hi\u0161a strahov","datePublished":"2023-10-05T12:10:10+00:00","mainEntityOfPage":{"@id":"https:\/\/novice.si\/page\/celeiapark-ze-dolgo-ni-vec-hisa-strahov\/"},"wordCount":394,"publisher":{"@id":"https:\/\/novice.si\/page\/#organization"},"image":{"@id":"https:\/\/novice.si\/page\/celeiapark-ze-dolgo-ni-vec-hisa-strahov\/#primaryimage"},"thumbnailUrl":"https:\/\/novice.si\/page\/wp-content\/uploads\/2023\/10\/izpostavljeno-celeiapark-1185-foto-uros-urlep.jpg","articleSection":["Aktualno","Celjan","Celjsko"],"inLanguage":"sl-SI"},{"@type":"WebPage","@id":"https:\/\/novice.si\/page\/celeiapark-ze-dolgo-ni-vec-hisa-strahov\/","url":"https:\/\/novice.si\/page\/celeiapark-ze-dolgo-ni-vec-hisa-strahov\/","name":"Celeiapark \u017ee dolgo ni ve\u010d hi\u0161a strahov - Novice.si","isPartOf":{"@id":"https:\/\/novice.si\/page\/#website"},"primaryImageOfPage":{"@id":"https:\/\/novice.si\/page\/celeiapark-ze-dolgo-ni-vec-hisa-strahov\/#primaryimage"},"image":{"@id":"https:\/\/novice.si\/page\/celeiapark-ze-dolgo-ni-vec-hisa-strahov\/#primaryimage"},"thumbnailUrl":"https:\/\/novice.si\/page\/wp-content\/uploads\/2023\/10\/izpostavljeno-celeiapark-1185-foto-uros-urlep.jpg","datePublished":"2023-10-05T12:10:10+00:00","breadcrumb":{"@id":"https:\/\/novice.si\/page\/celeiapark-ze-dolgo-ni-vec-hisa-strahov\/#breadcrumb"},"inLanguage":"sl-SI","potentialAction":[{"@type":"ReadAction","target":["https:\/\/novice.si\/page\/celeiapark-ze-dolgo-ni-vec-hisa-strahov\/"]}]},{"@type":"ImageObject","inLanguage":"sl-SI","@id":"https:\/\/novice.si\/page\/celeiapark-ze-dolgo-ni-vec-hisa-strahov\/#primaryimage","url":"https:\/\/novice.si\/page\/wp-content\/uploads\/2023\/10\/izpostavljeno-celeiapark-1185-foto-uros-urlep.jpg","contentUrl":"https:\/\/novice.si\/page\/wp-content\/uploads\/2023\/10\/izpostavljeno-celeiapark-1185-foto-uros-urlep.jpg","width":1772,"height":1181,"caption":"Celeiapark"},{"@type":"BreadcrumbList","@id":"https:\/\/novice.si\/page\/celeiapark-ze-dolgo-ni-vec-hisa-strahov\/#breadcrumb","itemListElement":[{"@type":"ListItem","position":1,"name":"Home","item":"https:\/\/novice.si\/page\/"},{"@type":"ListItem","position":2,"name":"Celeiapark \u017ee dolgo ni ve\u010d hi\u0161a strahov"}]},{"@type":"WebSite","@id":"https:\/\/novice.si\/page\/#website","url":"https:\/\/novice.si\/page\/","name":"Novice.si","description":"","publisher":{"@id":"https:\/\/novice.si\/page\/#organization"},"potentialAction":[{"@type":"SearchAction","target":{"@type":"EntryPoint","urlTemplate":"https:\/\/novice.si\/page\/?s={search_term_string}"},"query-input":{"@type":"PropertyValueSpecification","valueRequired":true,"valueName":"search_term_string"}}],"inLanguage":"sl-SI"},{"@type":"Organization","@id":"https:\/\/novice.si\/page\/#organization","name":"Novice.si","url":"https:\/\/novice.si\/page\/","logo":{"@type":"ImageObject","inLanguage":"sl-SI","@id":"https:\/\/novice.si\/page\/#\/schema\/logo\/image\/","url":"https:\/\/novice.si\/page\/wp-content\/uploads\/2023\/03\/novice_si.png","contentUrl":"https:\/\/novice.si\/page\/wp-content\/uploads\/2023\/03\/novice_si.png","width":576,"height":200,"caption":"Novice.si"},"image":{"@id":"https:\/\/novice.si\/page\/#\/schema\/logo\/image\/"}},{"@type":"Person","@id":"https:\/\/novice.si\/page\/#\/schema\/person\/a49f233ef2777ec7b2e8d0662325bb48","name":"Uredni\u0161tvo Celjana","image":{"@type":"ImageObject","inLanguage":"sl-SI","@id":"https:\/\/secure.gravatar.com\/avatar\/7f7863e616af8f92806c638dd1db3f1a238d83d1cc2ec3100afc06fbb7eb303f?s=96&d=mm&r=g","url":"https:\/\/secure.gravatar.com\/avatar\/7f7863e616af8f92806c638dd1db3f1a238d83d1cc2ec3100afc06fbb7eb303f?s=96&d=mm&r=g","contentUrl":"https:\/\/secure.gravatar.com\/avatar\/7f7863e616af8f92806c638dd1db3f1a238d83d1cc2ec3100afc06fbb7eb303f?s=96&d=mm&r=g","caption":"Uredni\u0161tvo Celjana"},"url":"https:\/\/novice.si\/page\/author\/maja\/"}]}},"_links":{"self":[{"href":"https:\/\/novice.si\/page\/wp-json\/wp\/v2\/posts\/168123","targetHints":{"allow":["GET"]}}],"collection":[{"href":"https:\/\/novice.si\/page\/wp-json\/wp\/v2\/posts"}],"about":[{"href":"https:\/\/novice.si\/page\/wp-json\/wp\/v2\/types\/post"}],"author":[{"embeddable":true,"href":"https:\/\/novice.si\/page\/wp-json\/wp\/v2\/users\/55"}],"replies":[{"embeddable":true,"href":"https:\/\/novice.si\/page\/wp-json\/wp\/v2\/comments?post=168123"}],"version-history":[{"count":1,"href":"https:\/\/novice.si\/page\/wp-json\/wp\/v2\/posts\/168123\/revisions"}],"predecessor-version":[{"id":168125,"href":"https:\/\/novice.si\/page\/wp-json\/wp\/v2\/posts\/168123\/revisions\/168125"}],"wp:featuredmedia":[{"embeddable":true,"href":"https:\/\/novice.si\/page\/wp-json\/wp\/v2\/media\/168124"}],"wp:attachment":[{"href":"https:\/\/novice.si\/page\/wp-json\/wp\/v2\/media?parent=168123"}],"wp:term":[{"taxonomy":"category","embeddable":true,"href":"https:\/\/novice.si\/page\/wp-json\/wp\/v2\/categories?post=168123"},{"taxonomy":"post_tag","embeddable":true,"href":"https:\/\/novice.si\/page\/wp-json\/wp\/v2\/tags?post=168123"}],"curies":[{"name":"wp","href":"https:\/\/api.w.org\/{rel}","templated":true}]}}