{"id":168120,"date":"2023-10-05T12:07:48","date_gmt":"2023-10-05T10:07:48","guid":{"rendered":"https:\/\/novice.si\/page\/?p=168120"},"modified":"2023-10-04T14:09:59","modified_gmt":"2023-10-04T12:09:59","slug":"sporocilo-miru-pomembnejse-kot-kadarkoli","status":"publish","type":"post","link":"https:\/\/novice.si\/page\/sporocilo-miru-pomembnejse-kot-kadarkoli\/","title":{"rendered":"Sporo\u010dilo miru pomembnej\u0161e kot kadarkoli"},"content":{"rendered":"<p><em><strong><img loading=\"lazy\" decoding=\"async\" class=\" wp-image-168121 alignright\" src=\"https:\/\/novice.si\/page\/wp-content\/uploads\/2023\/10\/CZ_Ptice-miru1--600x400.jpg\" alt=\"Pozdrav ptic miru\" width=\"495\" height=\"330\" srcset=\"https:\/\/novice.si\/page\/wp-content\/uploads\/2023\/10\/CZ_Ptice-miru1--600x400.jpg 600w, https:\/\/novice.si\/page\/wp-content\/uploads\/2023\/10\/CZ_Ptice-miru1--1024x683.jpg 1024w, https:\/\/novice.si\/page\/wp-content\/uploads\/2023\/10\/CZ_Ptice-miru1--768x512.jpg 768w, https:\/\/novice.si\/page\/wp-content\/uploads\/2023\/10\/CZ_Ptice-miru1--1536x1024.jpg 1536w, https:\/\/novice.si\/page\/wp-content\/uploads\/2023\/10\/CZ_Ptice-miru1--696x464.jpg 696w, https:\/\/novice.si\/page\/wp-content\/uploads\/2023\/10\/CZ_Ptice-miru1--1068x712.jpg 1068w, https:\/\/novice.si\/page\/wp-content\/uploads\/2023\/10\/CZ_Ptice-miru1--630x420.jpg 630w, https:\/\/novice.si\/page\/wp-content\/uploads\/2023\/10\/CZ_Ptice-miru1--24x16.jpg 24w, https:\/\/novice.si\/page\/wp-content\/uploads\/2023\/10\/CZ_Ptice-miru1--36x24.jpg 36w, https:\/\/novice.si\/page\/wp-content\/uploads\/2023\/10\/CZ_Ptice-miru1--48x32.jpg 48w, https:\/\/novice.si\/page\/wp-content\/uploads\/2023\/10\/CZ_Ptice-miru1-.jpg 1920w\" sizes=\"auto, (max-width: 495px) 100vw, 495px\" \/>Pozdrav ptic miru.<\/strong> U\u010denci Osnovne \u0161ole Lava, njihovi u\u010ditelji in star\u0161i so z aktivnostmi, usmerjenimi v mir, osebno zadovoljstvo, ravnovesje in ekrane znova naredili korak naprej.<\/em><\/p>\n<p>V okviru osrednjega dogodka Pozdrav ptic miru, ki je potekal minuli vikend, je v sredi\u0161\u010du mesta sodelovalo vseh 495 u\u010dencev Osnovne \u0161ole Lava in prav tako vsi strokovni delavci \u0161ole. \u00bbV \u0161oli so ostali le prvo\u0161olci ter njihovi star\u0161i, ki so dopoldne pre\u017eiveli ustvarjalno in zanimivo ter se posvetili drug drugemu s temo miru,\u00ab pove ravnateljica, mag. <strong>Marijana Kolenko<\/strong>.<\/p>\n<p>Vse aktivnosti so bile usmerjene k razmi\u0161ljanju o miru, osebnem zadovoljstvu, ravnovesju, ekranih (vseh vrst) \u2013 kaj nam prina\u0161ajo, kaj nam jemljejo ter v povezavi z mirom. \u0160ola je v poslanici zapisala: \u201cGradimo bolj\u0161i svet za \u010dloveka prihodnosti. Odprimo srce, prisluhnimo drug drugemu in bodimo pristni, saj tega umetna inteligenca ne zmore.\u201d<\/p>\n<p>Ve\u010d o dogodku in sami osrednji temi pa vas \u010daka v aktualni \u0161tevilki \u010dasopisa Celjan.<\/p>\n","protected":false},"excerpt":{"rendered":"<p>Pozdrav ptic miru. U\u010denci Osnovne \u0161ole Lava, njihovi u\u010ditelji in star\u0161i so z aktivnostmi, usmerjenimi v mir, osebno zadovoljstvo, ravnovesje in ekrane znova naredili korak naprej. V okviru osrednjega dogodka Pozdrav ptic miru, ki je potekal minuli vikend, je v sredi\u0161\u010du mesta sodelovalo vseh 495 u\u010dencev Osnovne \u0161ole Lava in prav tako vsi strokovni delavci [&hellip;]<\/p>\n","protected":false},"author":55,"featured_media":168121,"comment_status":"closed","ping_status":"closed","sticky":false,"template":"","format":"standard","meta":{"footnotes":""},"categories":[14,142,17],"tags":[],"class_list":{"0":"post-168120","1":"post","2":"type-post","3":"status-publish","4":"format-standard","5":"has-post-thumbnail","7":"category-aktualno","8":"category-celjan","9":"category-celjsko"},"yoast_head":"<!-- This site is optimized with the Yoast SEO plugin v27.4 - https:\/\/yoast.com\/product\/yoast-seo-wordpress\/ -->\n<title>Sporo\u010dilo miru pomembnej\u0161e kot kadarkoli - Novice.si<\/title>\n<meta name=\"robots\" content=\"index, follow, max-snippet:-1, max-image-preview:large, max-video-preview:-1\" \/>\n<link rel=\"canonical\" href=\"https:\/\/novice.si\/page\/sporocilo-miru-pomembnejse-kot-kadarkoli\/\" \/>\n<meta property=\"og:locale\" content=\"sl_SI\" \/>\n<meta property=\"og:type\" content=\"article\" \/>\n<meta property=\"og:title\" content=\"Sporo\u010dilo miru pomembnej\u0161e kot kadarkoli - Novice.si\" \/>\n<meta property=\"og:description\" content=\"Pozdrav ptic miru. U\u010denci Osnovne \u0161ole Lava, njihovi u\u010ditelji in star\u0161i so z aktivnostmi, usmerjenimi v mir, osebno zadovoljstvo, ravnovesje in ekrane znova naredili korak naprej. V okviru osrednjega dogodka Pozdrav ptic miru, ki je potekal minuli vikend, je v sredi\u0161\u010du mesta sodelovalo vseh 495 u\u010dencev Osnovne \u0161ole Lava in prav tako vsi strokovni delavci [&hellip;]\" \/>\n<meta property=\"og:url\" content=\"https:\/\/novice.si\/page\/sporocilo-miru-pomembnejse-kot-kadarkoli\/\" \/>\n<meta property=\"og:site_name\" content=\"Novice.si\" \/>\n<meta property=\"article:published_time\" content=\"2023-10-05T10:07:48+00:00\" \/>\n<meta property=\"og:image\" content=\"https:\/\/novice.si\/page\/wp-content\/uploads\/2023\/10\/CZ_Ptice-miru1-.jpg\" \/>\n\t<meta property=\"og:image:width\" content=\"1920\" \/>\n\t<meta property=\"og:image:height\" content=\"1280\" \/>\n\t<meta property=\"og:image:type\" content=\"image\/jpeg\" \/>\n<meta name=\"author\" content=\"Uredni\u0161tvo Celjana\" \/>\n<meta name=\"twitter:card\" content=\"summary_large_image\" \/>\n<meta name=\"twitter:label1\" content=\"Written by\" \/>\n\t<meta name=\"twitter:data1\" content=\"Uredni\u0161tvo Celjana\" \/>\n\t<meta name=\"twitter:label2\" content=\"Est. reading time\" \/>\n\t<meta name=\"twitter:data2\" content=\"2 minuti\" \/>\n<script type=\"application\/ld+json\" class=\"yoast-schema-graph\">{\"@context\":\"https:\\\/\\\/schema.org\",\"@graph\":[{\"@type\":\"Article\",\"@id\":\"https:\\\/\\\/novice.si\\\/page\\\/sporocilo-miru-pomembnejse-kot-kadarkoli\\\/#article\",\"isPartOf\":{\"@id\":\"https:\\\/\\\/novice.si\\\/page\\\/sporocilo-miru-pomembnejse-kot-kadarkoli\\\/\"},\"author\":{\"name\":\"Uredni\u0161tvo Celjana\",\"@id\":\"https:\\\/\\\/novice.si\\\/page\\\/#\\\/schema\\\/person\\\/a49f233ef2777ec7b2e8d0662325bb48\"},\"headline\":\"Sporo\u010dilo miru pomembnej\u0161e kot kadarkoli\",\"datePublished\":\"2023-10-05T10:07:48+00:00\",\"mainEntityOfPage\":{\"@id\":\"https:\\\/\\\/novice.si\\\/page\\\/sporocilo-miru-pomembnejse-kot-kadarkoli\\\/\"},\"wordCount\":168,\"publisher\":{\"@id\":\"https:\\\/\\\/novice.si\\\/page\\\/#organization\"},\"image\":{\"@id\":\"https:\\\/\\\/novice.si\\\/page\\\/sporocilo-miru-pomembnejse-kot-kadarkoli\\\/#primaryimage\"},\"thumbnailUrl\":\"https:\\\/\\\/novice.si\\\/page\\\/wp-content\\\/uploads\\\/2023\\\/10\\\/CZ_Ptice-miru1-.jpg\",\"articleSection\":[\"Aktualno\",\"Celjan\",\"Celjsko\"],\"inLanguage\":\"sl-SI\"},{\"@type\":\"WebPage\",\"@id\":\"https:\\\/\\\/novice.si\\\/page\\\/sporocilo-miru-pomembnejse-kot-kadarkoli\\\/\",\"url\":\"https:\\\/\\\/novice.si\\\/page\\\/sporocilo-miru-pomembnejse-kot-kadarkoli\\\/\",\"name\":\"Sporo\u010dilo miru pomembnej\u0161e kot kadarkoli - Novice.si\",\"isPartOf\":{\"@id\":\"https:\\\/\\\/novice.si\\\/page\\\/#website\"},\"primaryImageOfPage\":{\"@id\":\"https:\\\/\\\/novice.si\\\/page\\\/sporocilo-miru-pomembnejse-kot-kadarkoli\\\/#primaryimage\"},\"image\":{\"@id\":\"https:\\\/\\\/novice.si\\\/page\\\/sporocilo-miru-pomembnejse-kot-kadarkoli\\\/#primaryimage\"},\"thumbnailUrl\":\"https:\\\/\\\/novice.si\\\/page\\\/wp-content\\\/uploads\\\/2023\\\/10\\\/CZ_Ptice-miru1-.jpg\",\"datePublished\":\"2023-10-05T10:07:48+00:00\",\"breadcrumb\":{\"@id\":\"https:\\\/\\\/novice.si\\\/page\\\/sporocilo-miru-pomembnejse-kot-kadarkoli\\\/#breadcrumb\"},\"inLanguage\":\"sl-SI\",\"potentialAction\":[{\"@type\":\"ReadAction\",\"target\":[\"https:\\\/\\\/novice.si\\\/page\\\/sporocilo-miru-pomembnejse-kot-kadarkoli\\\/\"]}]},{\"@type\":\"ImageObject\",\"inLanguage\":\"sl-SI\",\"@id\":\"https:\\\/\\\/novice.si\\\/page\\\/sporocilo-miru-pomembnejse-kot-kadarkoli\\\/#primaryimage\",\"url\":\"https:\\\/\\\/novice.si\\\/page\\\/wp-content\\\/uploads\\\/2023\\\/10\\\/CZ_Ptice-miru1-.jpg\",\"contentUrl\":\"https:\\\/\\\/novice.si\\\/page\\\/wp-content\\\/uploads\\\/2023\\\/10\\\/CZ_Ptice-miru1-.jpg\",\"width\":1920,\"height\":1280,\"caption\":\"Pozdrav ptic miru\"},{\"@type\":\"BreadcrumbList\",\"@id\":\"https:\\\/\\\/novice.si\\\/page\\\/sporocilo-miru-pomembnejse-kot-kadarkoli\\\/#breadcrumb\",\"itemListElement\":[{\"@type\":\"ListItem\",\"position\":1,\"name\":\"Home\",\"item\":\"https:\\\/\\\/novice.si\\\/page\\\/\"},{\"@type\":\"ListItem\",\"position\":2,\"name\":\"Sporo\u010dilo miru pomembnej\u0161e kot kadarkoli\"}]},{\"@type\":\"WebSite\",\"@id\":\"https:\\\/\\\/novice.si\\\/page\\\/#website\",\"url\":\"https:\\\/\\\/novice.si\\\/page\\\/\",\"name\":\"Novice.si\",\"description\":\"\",\"publisher\":{\"@id\":\"https:\\\/\\\/novice.si\\\/page\\\/#organization\"},\"potentialAction\":[{\"@type\":\"SearchAction\",\"target\":{\"@type\":\"EntryPoint\",\"urlTemplate\":\"https:\\\/\\\/novice.si\\\/page\\\/?s={search_term_string}\"},\"query-input\":{\"@type\":\"PropertyValueSpecification\",\"valueRequired\":true,\"valueName\":\"search_term_string\"}}],\"inLanguage\":\"sl-SI\"},{\"@type\":\"Organization\",\"@id\":\"https:\\\/\\\/novice.si\\\/page\\\/#organization\",\"name\":\"Novice.si\",\"url\":\"https:\\\/\\\/novice.si\\\/page\\\/\",\"logo\":{\"@type\":\"ImageObject\",\"inLanguage\":\"sl-SI\",\"@id\":\"https:\\\/\\\/novice.si\\\/page\\\/#\\\/schema\\\/logo\\\/image\\\/\",\"url\":\"https:\\\/\\\/novice.si\\\/page\\\/wp-content\\\/uploads\\\/2023\\\/03\\\/novice_si.png\",\"contentUrl\":\"https:\\\/\\\/novice.si\\\/page\\\/wp-content\\\/uploads\\\/2023\\\/03\\\/novice_si.png\",\"width\":576,\"height\":200,\"caption\":\"Novice.si\"},\"image\":{\"@id\":\"https:\\\/\\\/novice.si\\\/page\\\/#\\\/schema\\\/logo\\\/image\\\/\"}},{\"@type\":\"Person\",\"@id\":\"https:\\\/\\\/novice.si\\\/page\\\/#\\\/schema\\\/person\\\/a49f233ef2777ec7b2e8d0662325bb48\",\"name\":\"Uredni\u0161tvo Celjana\",\"image\":{\"@type\":\"ImageObject\",\"inLanguage\":\"sl-SI\",\"@id\":\"https:\\\/\\\/secure.gravatar.com\\\/avatar\\\/7f7863e616af8f92806c638dd1db3f1a238d83d1cc2ec3100afc06fbb7eb303f?s=96&d=mm&r=g\",\"url\":\"https:\\\/\\\/secure.gravatar.com\\\/avatar\\\/7f7863e616af8f92806c638dd1db3f1a238d83d1cc2ec3100afc06fbb7eb303f?s=96&d=mm&r=g\",\"contentUrl\":\"https:\\\/\\\/secure.gravatar.com\\\/avatar\\\/7f7863e616af8f92806c638dd1db3f1a238d83d1cc2ec3100afc06fbb7eb303f?s=96&d=mm&r=g\",\"caption\":\"Uredni\u0161tvo Celjana\"},\"url\":\"https:\\\/\\\/novice.si\\\/page\\\/author\\\/maja\\\/\"}]}<\/script>\n<!-- \/ Yoast SEO plugin. -->","yoast_head_json":{"title":"Sporo\u010dilo miru pomembnej\u0161e kot kadarkoli - Novice.si","robots":{"index":"index","follow":"follow","max-snippet":"max-snippet:-1","max-image-preview":"max-image-preview:large","max-video-preview":"max-video-preview:-1"},"canonical":"https:\/\/novice.si\/page\/sporocilo-miru-pomembnejse-kot-kadarkoli\/","og_locale":"sl_SI","og_type":"article","og_title":"Sporo\u010dilo miru pomembnej\u0161e kot kadarkoli - Novice.si","og_description":"Pozdrav ptic miru. U\u010denci Osnovne \u0161ole Lava, njihovi u\u010ditelji in star\u0161i so z aktivnostmi, usmerjenimi v mir, osebno zadovoljstvo, ravnovesje in ekrane znova naredili korak naprej. V okviru osrednjega dogodka Pozdrav ptic miru, ki je potekal minuli vikend, je v sredi\u0161\u010du mesta sodelovalo vseh 495 u\u010dencev Osnovne \u0161ole Lava in prav tako vsi strokovni delavci [&hellip;]","og_url":"https:\/\/novice.si\/page\/sporocilo-miru-pomembnejse-kot-kadarkoli\/","og_site_name":"Novice.si","article_published_time":"2023-10-05T10:07:48+00:00","og_image":[{"width":1920,"height":1280,"url":"https:\/\/novice.si\/page\/wp-content\/uploads\/2023\/10\/CZ_Ptice-miru1-.jpg","type":"image\/jpeg"}],"author":"Uredni\u0161tvo Celjana","twitter_card":"summary_large_image","twitter_misc":{"Written by":"Uredni\u0161tvo Celjana","Est. reading time":"2 minuti"},"schema":{"@context":"https:\/\/schema.org","@graph":[{"@type":"Article","@id":"https:\/\/novice.si\/page\/sporocilo-miru-pomembnejse-kot-kadarkoli\/#article","isPartOf":{"@id":"https:\/\/novice.si\/page\/sporocilo-miru-pomembnejse-kot-kadarkoli\/"},"author":{"name":"Uredni\u0161tvo Celjana","@id":"https:\/\/novice.si\/page\/#\/schema\/person\/a49f233ef2777ec7b2e8d0662325bb48"},"headline":"Sporo\u010dilo miru pomembnej\u0161e kot kadarkoli","datePublished":"2023-10-05T10:07:48+00:00","mainEntityOfPage":{"@id":"https:\/\/novice.si\/page\/sporocilo-miru-pomembnejse-kot-kadarkoli\/"},"wordCount":168,"publisher":{"@id":"https:\/\/novice.si\/page\/#organization"},"image":{"@id":"https:\/\/novice.si\/page\/sporocilo-miru-pomembnejse-kot-kadarkoli\/#primaryimage"},"thumbnailUrl":"https:\/\/novice.si\/page\/wp-content\/uploads\/2023\/10\/CZ_Ptice-miru1-.jpg","articleSection":["Aktualno","Celjan","Celjsko"],"inLanguage":"sl-SI"},{"@type":"WebPage","@id":"https:\/\/novice.si\/page\/sporocilo-miru-pomembnejse-kot-kadarkoli\/","url":"https:\/\/novice.si\/page\/sporocilo-miru-pomembnejse-kot-kadarkoli\/","name":"Sporo\u010dilo miru pomembnej\u0161e kot kadarkoli - Novice.si","isPartOf":{"@id":"https:\/\/novice.si\/page\/#website"},"primaryImageOfPage":{"@id":"https:\/\/novice.si\/page\/sporocilo-miru-pomembnejse-kot-kadarkoli\/#primaryimage"},"image":{"@id":"https:\/\/novice.si\/page\/sporocilo-miru-pomembnejse-kot-kadarkoli\/#primaryimage"},"thumbnailUrl":"https:\/\/novice.si\/page\/wp-content\/uploads\/2023\/10\/CZ_Ptice-miru1-.jpg","datePublished":"2023-10-05T10:07:48+00:00","breadcrumb":{"@id":"https:\/\/novice.si\/page\/sporocilo-miru-pomembnejse-kot-kadarkoli\/#breadcrumb"},"inLanguage":"sl-SI","potentialAction":[{"@type":"ReadAction","target":["https:\/\/novice.si\/page\/sporocilo-miru-pomembnejse-kot-kadarkoli\/"]}]},{"@type":"ImageObject","inLanguage":"sl-SI","@id":"https:\/\/novice.si\/page\/sporocilo-miru-pomembnejse-kot-kadarkoli\/#primaryimage","url":"https:\/\/novice.si\/page\/wp-content\/uploads\/2023\/10\/CZ_Ptice-miru1-.jpg","contentUrl":"https:\/\/novice.si\/page\/wp-content\/uploads\/2023\/10\/CZ_Ptice-miru1-.jpg","width":1920,"height":1280,"caption":"Pozdrav ptic miru"},{"@type":"BreadcrumbList","@id":"https:\/\/novice.si\/page\/sporocilo-miru-pomembnejse-kot-kadarkoli\/#breadcrumb","itemListElement":[{"@type":"ListItem","position":1,"name":"Home","item":"https:\/\/novice.si\/page\/"},{"@type":"ListItem","position":2,"name":"Sporo\u010dilo miru pomembnej\u0161e kot kadarkoli"}]},{"@type":"WebSite","@id":"https:\/\/novice.si\/page\/#website","url":"https:\/\/novice.si\/page\/","name":"Novice.si","description":"","publisher":{"@id":"https:\/\/novice.si\/page\/#organization"},"potentialAction":[{"@type":"SearchAction","target":{"@type":"EntryPoint","urlTemplate":"https:\/\/novice.si\/page\/?s={search_term_string}"},"query-input":{"@type":"PropertyValueSpecification","valueRequired":true,"valueName":"search_term_string"}}],"inLanguage":"sl-SI"},{"@type":"Organization","@id":"https:\/\/novice.si\/page\/#organization","name":"Novice.si","url":"https:\/\/novice.si\/page\/","logo":{"@type":"ImageObject","inLanguage":"sl-SI","@id":"https:\/\/novice.si\/page\/#\/schema\/logo\/image\/","url":"https:\/\/novice.si\/page\/wp-content\/uploads\/2023\/03\/novice_si.png","contentUrl":"https:\/\/novice.si\/page\/wp-content\/uploads\/2023\/03\/novice_si.png","width":576,"height":200,"caption":"Novice.si"},"image":{"@id":"https:\/\/novice.si\/page\/#\/schema\/logo\/image\/"}},{"@type":"Person","@id":"https:\/\/novice.si\/page\/#\/schema\/person\/a49f233ef2777ec7b2e8d0662325bb48","name":"Uredni\u0161tvo Celjana","image":{"@type":"ImageObject","inLanguage":"sl-SI","@id":"https:\/\/secure.gravatar.com\/avatar\/7f7863e616af8f92806c638dd1db3f1a238d83d1cc2ec3100afc06fbb7eb303f?s=96&d=mm&r=g","url":"https:\/\/secure.gravatar.com\/avatar\/7f7863e616af8f92806c638dd1db3f1a238d83d1cc2ec3100afc06fbb7eb303f?s=96&d=mm&r=g","contentUrl":"https:\/\/secure.gravatar.com\/avatar\/7f7863e616af8f92806c638dd1db3f1a238d83d1cc2ec3100afc06fbb7eb303f?s=96&d=mm&r=g","caption":"Uredni\u0161tvo Celjana"},"url":"https:\/\/novice.si\/page\/author\/maja\/"}]}},"_links":{"self":[{"href":"https:\/\/novice.si\/page\/wp-json\/wp\/v2\/posts\/168120","targetHints":{"allow":["GET"]}}],"collection":[{"href":"https:\/\/novice.si\/page\/wp-json\/wp\/v2\/posts"}],"about":[{"href":"https:\/\/novice.si\/page\/wp-json\/wp\/v2\/types\/post"}],"author":[{"embeddable":true,"href":"https:\/\/novice.si\/page\/wp-json\/wp\/v2\/users\/55"}],"replies":[{"embeddable":true,"href":"https:\/\/novice.si\/page\/wp-json\/wp\/v2\/comments?post=168120"}],"version-history":[{"count":1,"href":"https:\/\/novice.si\/page\/wp-json\/wp\/v2\/posts\/168120\/revisions"}],"predecessor-version":[{"id":168122,"href":"https:\/\/novice.si\/page\/wp-json\/wp\/v2\/posts\/168120\/revisions\/168122"}],"wp:featuredmedia":[{"embeddable":true,"href":"https:\/\/novice.si\/page\/wp-json\/wp\/v2\/media\/168121"}],"wp:attachment":[{"href":"https:\/\/novice.si\/page\/wp-json\/wp\/v2\/media?parent=168120"}],"wp:term":[{"taxonomy":"category","embeddable":true,"href":"https:\/\/novice.si\/page\/wp-json\/wp\/v2\/categories?post=168120"},{"taxonomy":"post_tag","embeddable":true,"href":"https:\/\/novice.si\/page\/wp-json\/wp\/v2\/tags?post=168120"}],"curies":[{"name":"wp","href":"https:\/\/api.w.org\/{rel}","templated":true}]}}