{"id":168069,"date":"2023-10-02T19:20:25","date_gmt":"2023-10-02T17:20:25","guid":{"rendered":"https:\/\/novice.si\/page\/?p=168069"},"modified":"2023-10-03T13:25:54","modified_gmt":"2023-10-03T11:25:54","slug":"nogometasi-maribora-ostali-brez-trenerja","status":"publish","type":"post","link":"https:\/\/novice.si\/page\/nogometasi-maribora-ostali-brez-trenerja\/","title":{"rendered":"Nogometa\u0161i Maribora ostali brez trenerja"},"content":{"rendered":"<p><img loading=\"lazy\" decoding=\"async\" class=\"alignnone size-medium wp-image-168070\" src=\"https:\/\/novice.si\/page\/wp-content\/uploads\/2023\/10\/krznar-damir-600x400.jpg\" alt=\"\" width=\"600\" height=\"400\" srcset=\"https:\/\/novice.si\/page\/wp-content\/uploads\/2023\/10\/krznar-damir-600x400.jpg 600w, https:\/\/novice.si\/page\/wp-content\/uploads\/2023\/10\/krznar-damir-1024x683.jpg 1024w, https:\/\/novice.si\/page\/wp-content\/uploads\/2023\/10\/krznar-damir-768x512.jpg 768w, https:\/\/novice.si\/page\/wp-content\/uploads\/2023\/10\/krznar-damir-696x464.jpg 696w, https:\/\/novice.si\/page\/wp-content\/uploads\/2023\/10\/krznar-damir-1068x712.jpg 1068w, https:\/\/novice.si\/page\/wp-content\/uploads\/2023\/10\/krznar-damir-630x420.jpg 630w, https:\/\/novice.si\/page\/wp-content\/uploads\/2023\/10\/krznar-damir-24x16.jpg 24w, https:\/\/novice.si\/page\/wp-content\/uploads\/2023\/10\/krznar-damir-36x24.jpg 36w, https:\/\/novice.si\/page\/wp-content\/uploads\/2023\/10\/krznar-damir-48x32.jpg 48w, https:\/\/novice.si\/page\/wp-content\/uploads\/2023\/10\/krznar-damir.jpg 1405w\" sizes=\"auto, (max-width: 600px) 100vw, 600px\" \/>Neprepri\u010dljive predstave nogometa\u0161ev Maribora so odnesle trenerja <strong>Damirja Krznarja<\/strong>. Sodu je izbil dno nedeljski poraz 16-kratnih slovenskih prvakov v Kidri\u010devem. Tudi sicer pa so Maribor\u010dani po desetih odigranih krogih \u0161ele na petem mestu prvoliga\u0161ke lestvice, za vodilnim Celjem pa zaostajajo devet to\u010dk. Krznar je Maribor\u010dane prevzel lani sredi avgusta, njegovega naslednika, ki bo v prihodnje vodil ekipo iz Ljudskega vrta, pa \u0161e niso sporo\u010dili.<br \/>\nFoto: Danilo Vezjak<\/p>\n","protected":false},"excerpt":{"rendered":"<p>Neprepri\u010dljive predstave nogometa\u0161ev Maribora so odnesle trenerja Damirja Krznarja. Sodu je izbil dno nedeljski poraz 16-kratnih slovenskih prvakov v Kidri\u010devem. Tudi sicer pa so Maribor\u010dani po desetih odigranih krogih \u0161ele na petem mestu prvoliga\u0161ke lestvice, za vodilnim Celjem pa zaostajajo devet to\u010dk. Krznar je Maribor\u010dane prevzel lani sredi avgusta, njegovega naslednika, ki bo v prihodnje [&hellip;]<\/p>\n","protected":false},"author":7,"featured_media":168070,"comment_status":"closed","ping_status":"closed","sticky":false,"template":"","format":"standard","meta":{"footnotes":""},"categories":[14,68],"tags":[18856,131],"class_list":{"0":"post-168069","1":"post","2":"type-post","3":"status-publish","4":"format-standard","5":"has-post-thumbnail","7":"category-aktualno","8":"category-sport","9":"tag-damir-krznar","10":"tag-nk-maribor"},"yoast_head":"<!-- This site is optimized with the Yoast SEO plugin v27.4 - https:\/\/yoast.com\/product\/yoast-seo-wordpress\/ -->\n<title>Nogometa\u0161i Maribora ostali brez trenerja - Novice.si<\/title>\n<meta name=\"robots\" content=\"index, follow, max-snippet:-1, max-image-preview:large, max-video-preview:-1\" \/>\n<link rel=\"canonical\" href=\"https:\/\/novice.si\/page\/nogometasi-maribora-ostali-brez-trenerja\/\" \/>\n<meta property=\"og:locale\" content=\"sl_SI\" \/>\n<meta property=\"og:type\" content=\"article\" \/>\n<meta property=\"og:title\" content=\"Nogometa\u0161i Maribora ostali brez trenerja - Novice.si\" \/>\n<meta property=\"og:description\" content=\"Neprepri\u010dljive predstave nogometa\u0161ev Maribora so odnesle trenerja Damirja Krznarja. Sodu je izbil dno nedeljski poraz 16-kratnih slovenskih prvakov v Kidri\u010devem. Tudi sicer pa so Maribor\u010dani po desetih odigranih krogih \u0161ele na petem mestu prvoliga\u0161ke lestvice, za vodilnim Celjem pa zaostajajo devet to\u010dk. Krznar je Maribor\u010dane prevzel lani sredi avgusta, njegovega naslednika, ki bo v prihodnje [&hellip;]\" \/>\n<meta property=\"og:url\" content=\"https:\/\/novice.si\/page\/nogometasi-maribora-ostali-brez-trenerja\/\" \/>\n<meta property=\"og:site_name\" content=\"Novice.si\" \/>\n<meta property=\"article:published_time\" content=\"2023-10-02T17:20:25+00:00\" \/>\n<meta property=\"article:modified_time\" content=\"2023-10-03T11:25:54+00:00\" \/>\n<meta property=\"og:image\" content=\"https:\/\/novice.si\/page\/wp-content\/uploads\/2023\/10\/krznar-damir.jpg\" \/>\n\t<meta property=\"og:image:width\" content=\"1405\" \/>\n\t<meta property=\"og:image:height\" content=\"937\" \/>\n\t<meta property=\"og:image:type\" content=\"image\/jpeg\" \/>\n<meta name=\"author\" content=\"Uredni\u0161tvo Novic\" \/>\n<meta name=\"twitter:card\" content=\"summary_large_image\" \/>\n<meta name=\"twitter:label1\" content=\"Written by\" \/>\n\t<meta name=\"twitter:data1\" content=\"Uredni\u0161tvo Novic\" \/>\n\t<meta name=\"twitter:label2\" content=\"Est. reading time\" \/>\n\t<meta name=\"twitter:data2\" content=\"1 minuta\" \/>\n<script type=\"application\/ld+json\" class=\"yoast-schema-graph\">{\"@context\":\"https:\\\/\\\/schema.org\",\"@graph\":[{\"@type\":\"Article\",\"@id\":\"https:\\\/\\\/novice.si\\\/page\\\/nogometasi-maribora-ostali-brez-trenerja\\\/#article\",\"isPartOf\":{\"@id\":\"https:\\\/\\\/novice.si\\\/page\\\/nogometasi-maribora-ostali-brez-trenerja\\\/\"},\"author\":{\"name\":\"Uredni\u0161tvo Novic\",\"@id\":\"https:\\\/\\\/novice.si\\\/page\\\/#\\\/schema\\\/person\\\/a877dbb8680d441357ce27663beb35ca\"},\"headline\":\"Nogometa\u0161i Maribora ostali brez trenerja\",\"datePublished\":\"2023-10-02T17:20:25+00:00\",\"dateModified\":\"2023-10-03T11:25:54+00:00\",\"mainEntityOfPage\":{\"@id\":\"https:\\\/\\\/novice.si\\\/page\\\/nogometasi-maribora-ostali-brez-trenerja\\\/\"},\"wordCount\":81,\"publisher\":{\"@id\":\"https:\\\/\\\/novice.si\\\/page\\\/#organization\"},\"image\":{\"@id\":\"https:\\\/\\\/novice.si\\\/page\\\/nogometasi-maribora-ostali-brez-trenerja\\\/#primaryimage\"},\"thumbnailUrl\":\"https:\\\/\\\/novice.si\\\/page\\\/wp-content\\\/uploads\\\/2023\\\/10\\\/krznar-damir.jpg\",\"keywords\":[\"Damir Krznar\",\"Nk Maribor\"],\"articleSection\":[\"Aktualno\",\"\u0160port\"],\"inLanguage\":\"sl-SI\"},{\"@type\":\"WebPage\",\"@id\":\"https:\\\/\\\/novice.si\\\/page\\\/nogometasi-maribora-ostali-brez-trenerja\\\/\",\"url\":\"https:\\\/\\\/novice.si\\\/page\\\/nogometasi-maribora-ostali-brez-trenerja\\\/\",\"name\":\"Nogometa\u0161i Maribora ostali brez trenerja - Novice.si\",\"isPartOf\":{\"@id\":\"https:\\\/\\\/novice.si\\\/page\\\/#website\"},\"primaryImageOfPage\":{\"@id\":\"https:\\\/\\\/novice.si\\\/page\\\/nogometasi-maribora-ostali-brez-trenerja\\\/#primaryimage\"},\"image\":{\"@id\":\"https:\\\/\\\/novice.si\\\/page\\\/nogometasi-maribora-ostali-brez-trenerja\\\/#primaryimage\"},\"thumbnailUrl\":\"https:\\\/\\\/novice.si\\\/page\\\/wp-content\\\/uploads\\\/2023\\\/10\\\/krznar-damir.jpg\",\"datePublished\":\"2023-10-02T17:20:25+00:00\",\"dateModified\":\"2023-10-03T11:25:54+00:00\",\"breadcrumb\":{\"@id\":\"https:\\\/\\\/novice.si\\\/page\\\/nogometasi-maribora-ostali-brez-trenerja\\\/#breadcrumb\"},\"inLanguage\":\"sl-SI\",\"potentialAction\":[{\"@type\":\"ReadAction\",\"target\":[\"https:\\\/\\\/novice.si\\\/page\\\/nogometasi-maribora-ostali-brez-trenerja\\\/\"]}]},{\"@type\":\"ImageObject\",\"inLanguage\":\"sl-SI\",\"@id\":\"https:\\\/\\\/novice.si\\\/page\\\/nogometasi-maribora-ostali-brez-trenerja\\\/#primaryimage\",\"url\":\"https:\\\/\\\/novice.si\\\/page\\\/wp-content\\\/uploads\\\/2023\\\/10\\\/krznar-damir.jpg\",\"contentUrl\":\"https:\\\/\\\/novice.si\\\/page\\\/wp-content\\\/uploads\\\/2023\\\/10\\\/krznar-damir.jpg\",\"width\":1405,\"height\":937},{\"@type\":\"BreadcrumbList\",\"@id\":\"https:\\\/\\\/novice.si\\\/page\\\/nogometasi-maribora-ostali-brez-trenerja\\\/#breadcrumb\",\"itemListElement\":[{\"@type\":\"ListItem\",\"position\":1,\"name\":\"Home\",\"item\":\"https:\\\/\\\/novice.si\\\/page\\\/\"},{\"@type\":\"ListItem\",\"position\":2,\"name\":\"Nogometa\u0161i Maribora ostali brez trenerja\"}]},{\"@type\":\"WebSite\",\"@id\":\"https:\\\/\\\/novice.si\\\/page\\\/#website\",\"url\":\"https:\\\/\\\/novice.si\\\/page\\\/\",\"name\":\"Novice.si\",\"description\":\"\",\"publisher\":{\"@id\":\"https:\\\/\\\/novice.si\\\/page\\\/#organization\"},\"potentialAction\":[{\"@type\":\"SearchAction\",\"target\":{\"@type\":\"EntryPoint\",\"urlTemplate\":\"https:\\\/\\\/novice.si\\\/page\\\/?s={search_term_string}\"},\"query-input\":{\"@type\":\"PropertyValueSpecification\",\"valueRequired\":true,\"valueName\":\"search_term_string\"}}],\"inLanguage\":\"sl-SI\"},{\"@type\":\"Organization\",\"@id\":\"https:\\\/\\\/novice.si\\\/page\\\/#organization\",\"name\":\"Novice.si\",\"url\":\"https:\\\/\\\/novice.si\\\/page\\\/\",\"logo\":{\"@type\":\"ImageObject\",\"inLanguage\":\"sl-SI\",\"@id\":\"https:\\\/\\\/novice.si\\\/page\\\/#\\\/schema\\\/logo\\\/image\\\/\",\"url\":\"https:\\\/\\\/novice.si\\\/page\\\/wp-content\\\/uploads\\\/2023\\\/03\\\/novice_si.png\",\"contentUrl\":\"https:\\\/\\\/novice.si\\\/page\\\/wp-content\\\/uploads\\\/2023\\\/03\\\/novice_si.png\",\"width\":576,\"height\":200,\"caption\":\"Novice.si\"},\"image\":{\"@id\":\"https:\\\/\\\/novice.si\\\/page\\\/#\\\/schema\\\/logo\\\/image\\\/\"}},{\"@type\":\"Person\",\"@id\":\"https:\\\/\\\/novice.si\\\/page\\\/#\\\/schema\\\/person\\\/a877dbb8680d441357ce27663beb35ca\",\"name\":\"Uredni\u0161tvo Novic\",\"image\":{\"@type\":\"ImageObject\",\"inLanguage\":\"sl-SI\",\"@id\":\"https:\\\/\\\/secure.gravatar.com\\\/avatar\\\/f19c0ae874706cc9ba19d2f6da5f74a5a5ee7674f283fed29ce0ad16a9f1893e?s=96&d=mm&r=g\",\"url\":\"https:\\\/\\\/secure.gravatar.com\\\/avatar\\\/f19c0ae874706cc9ba19d2f6da5f74a5a5ee7674f283fed29ce0ad16a9f1893e?s=96&d=mm&r=g\",\"contentUrl\":\"https:\\\/\\\/secure.gravatar.com\\\/avatar\\\/f19c0ae874706cc9ba19d2f6da5f74a5a5ee7674f283fed29ce0ad16a9f1893e?s=96&d=mm&r=g\",\"caption\":\"Uredni\u0161tvo Novic\"},\"url\":\"https:\\\/\\\/novice.si\\\/page\\\/author\\\/jure\\\/\"}]}<\/script>\n<!-- \/ Yoast SEO plugin. -->","yoast_head_json":{"title":"Nogometa\u0161i Maribora ostali brez trenerja - Novice.si","robots":{"index":"index","follow":"follow","max-snippet":"max-snippet:-1","max-image-preview":"max-image-preview:large","max-video-preview":"max-video-preview:-1"},"canonical":"https:\/\/novice.si\/page\/nogometasi-maribora-ostali-brez-trenerja\/","og_locale":"sl_SI","og_type":"article","og_title":"Nogometa\u0161i Maribora ostali brez trenerja - Novice.si","og_description":"Neprepri\u010dljive predstave nogometa\u0161ev Maribora so odnesle trenerja Damirja Krznarja. Sodu je izbil dno nedeljski poraz 16-kratnih slovenskih prvakov v Kidri\u010devem. Tudi sicer pa so Maribor\u010dani po desetih odigranih krogih \u0161ele na petem mestu prvoliga\u0161ke lestvice, za vodilnim Celjem pa zaostajajo devet to\u010dk. Krznar je Maribor\u010dane prevzel lani sredi avgusta, njegovega naslednika, ki bo v prihodnje [&hellip;]","og_url":"https:\/\/novice.si\/page\/nogometasi-maribora-ostali-brez-trenerja\/","og_site_name":"Novice.si","article_published_time":"2023-10-02T17:20:25+00:00","article_modified_time":"2023-10-03T11:25:54+00:00","og_image":[{"width":1405,"height":937,"url":"https:\/\/novice.si\/page\/wp-content\/uploads\/2023\/10\/krznar-damir.jpg","type":"image\/jpeg"}],"author":"Uredni\u0161tvo Novic","twitter_card":"summary_large_image","twitter_misc":{"Written by":"Uredni\u0161tvo Novic","Est. reading time":"1 minuta"},"schema":{"@context":"https:\/\/schema.org","@graph":[{"@type":"Article","@id":"https:\/\/novice.si\/page\/nogometasi-maribora-ostali-brez-trenerja\/#article","isPartOf":{"@id":"https:\/\/novice.si\/page\/nogometasi-maribora-ostali-brez-trenerja\/"},"author":{"name":"Uredni\u0161tvo Novic","@id":"https:\/\/novice.si\/page\/#\/schema\/person\/a877dbb8680d441357ce27663beb35ca"},"headline":"Nogometa\u0161i Maribora ostali brez trenerja","datePublished":"2023-10-02T17:20:25+00:00","dateModified":"2023-10-03T11:25:54+00:00","mainEntityOfPage":{"@id":"https:\/\/novice.si\/page\/nogometasi-maribora-ostali-brez-trenerja\/"},"wordCount":81,"publisher":{"@id":"https:\/\/novice.si\/page\/#organization"},"image":{"@id":"https:\/\/novice.si\/page\/nogometasi-maribora-ostali-brez-trenerja\/#primaryimage"},"thumbnailUrl":"https:\/\/novice.si\/page\/wp-content\/uploads\/2023\/10\/krznar-damir.jpg","keywords":["Damir Krznar","Nk Maribor"],"articleSection":["Aktualno","\u0160port"],"inLanguage":"sl-SI"},{"@type":"WebPage","@id":"https:\/\/novice.si\/page\/nogometasi-maribora-ostali-brez-trenerja\/","url":"https:\/\/novice.si\/page\/nogometasi-maribora-ostali-brez-trenerja\/","name":"Nogometa\u0161i Maribora ostali brez trenerja - Novice.si","isPartOf":{"@id":"https:\/\/novice.si\/page\/#website"},"primaryImageOfPage":{"@id":"https:\/\/novice.si\/page\/nogometasi-maribora-ostali-brez-trenerja\/#primaryimage"},"image":{"@id":"https:\/\/novice.si\/page\/nogometasi-maribora-ostali-brez-trenerja\/#primaryimage"},"thumbnailUrl":"https:\/\/novice.si\/page\/wp-content\/uploads\/2023\/10\/krznar-damir.jpg","datePublished":"2023-10-02T17:20:25+00:00","dateModified":"2023-10-03T11:25:54+00:00","breadcrumb":{"@id":"https:\/\/novice.si\/page\/nogometasi-maribora-ostali-brez-trenerja\/#breadcrumb"},"inLanguage":"sl-SI","potentialAction":[{"@type":"ReadAction","target":["https:\/\/novice.si\/page\/nogometasi-maribora-ostali-brez-trenerja\/"]}]},{"@type":"ImageObject","inLanguage":"sl-SI","@id":"https:\/\/novice.si\/page\/nogometasi-maribora-ostali-brez-trenerja\/#primaryimage","url":"https:\/\/novice.si\/page\/wp-content\/uploads\/2023\/10\/krznar-damir.jpg","contentUrl":"https:\/\/novice.si\/page\/wp-content\/uploads\/2023\/10\/krznar-damir.jpg","width":1405,"height":937},{"@type":"BreadcrumbList","@id":"https:\/\/novice.si\/page\/nogometasi-maribora-ostali-brez-trenerja\/#breadcrumb","itemListElement":[{"@type":"ListItem","position":1,"name":"Home","item":"https:\/\/novice.si\/page\/"},{"@type":"ListItem","position":2,"name":"Nogometa\u0161i Maribora ostali brez trenerja"}]},{"@type":"WebSite","@id":"https:\/\/novice.si\/page\/#website","url":"https:\/\/novice.si\/page\/","name":"Novice.si","description":"","publisher":{"@id":"https:\/\/novice.si\/page\/#organization"},"potentialAction":[{"@type":"SearchAction","target":{"@type":"EntryPoint","urlTemplate":"https:\/\/novice.si\/page\/?s={search_term_string}"},"query-input":{"@type":"PropertyValueSpecification","valueRequired":true,"valueName":"search_term_string"}}],"inLanguage":"sl-SI"},{"@type":"Organization","@id":"https:\/\/novice.si\/page\/#organization","name":"Novice.si","url":"https:\/\/novice.si\/page\/","logo":{"@type":"ImageObject","inLanguage":"sl-SI","@id":"https:\/\/novice.si\/page\/#\/schema\/logo\/image\/","url":"https:\/\/novice.si\/page\/wp-content\/uploads\/2023\/03\/novice_si.png","contentUrl":"https:\/\/novice.si\/page\/wp-content\/uploads\/2023\/03\/novice_si.png","width":576,"height":200,"caption":"Novice.si"},"image":{"@id":"https:\/\/novice.si\/page\/#\/schema\/logo\/image\/"}},{"@type":"Person","@id":"https:\/\/novice.si\/page\/#\/schema\/person\/a877dbb8680d441357ce27663beb35ca","name":"Uredni\u0161tvo Novic","image":{"@type":"ImageObject","inLanguage":"sl-SI","@id":"https:\/\/secure.gravatar.com\/avatar\/f19c0ae874706cc9ba19d2f6da5f74a5a5ee7674f283fed29ce0ad16a9f1893e?s=96&d=mm&r=g","url":"https:\/\/secure.gravatar.com\/avatar\/f19c0ae874706cc9ba19d2f6da5f74a5a5ee7674f283fed29ce0ad16a9f1893e?s=96&d=mm&r=g","contentUrl":"https:\/\/secure.gravatar.com\/avatar\/f19c0ae874706cc9ba19d2f6da5f74a5a5ee7674f283fed29ce0ad16a9f1893e?s=96&d=mm&r=g","caption":"Uredni\u0161tvo Novic"},"url":"https:\/\/novice.si\/page\/author\/jure\/"}]}},"_links":{"self":[{"href":"https:\/\/novice.si\/page\/wp-json\/wp\/v2\/posts\/168069","targetHints":{"allow":["GET"]}}],"collection":[{"href":"https:\/\/novice.si\/page\/wp-json\/wp\/v2\/posts"}],"about":[{"href":"https:\/\/novice.si\/page\/wp-json\/wp\/v2\/types\/post"}],"author":[{"embeddable":true,"href":"https:\/\/novice.si\/page\/wp-json\/wp\/v2\/users\/7"}],"replies":[{"embeddable":true,"href":"https:\/\/novice.si\/page\/wp-json\/wp\/v2\/comments?post=168069"}],"version-history":[{"count":1,"href":"https:\/\/novice.si\/page\/wp-json\/wp\/v2\/posts\/168069\/revisions"}],"predecessor-version":[{"id":168071,"href":"https:\/\/novice.si\/page\/wp-json\/wp\/v2\/posts\/168069\/revisions\/168071"}],"wp:featuredmedia":[{"embeddable":true,"href":"https:\/\/novice.si\/page\/wp-json\/wp\/v2\/media\/168070"}],"wp:attachment":[{"href":"https:\/\/novice.si\/page\/wp-json\/wp\/v2\/media?parent=168069"}],"wp:term":[{"taxonomy":"category","embeddable":true,"href":"https:\/\/novice.si\/page\/wp-json\/wp\/v2\/categories?post=168069"},{"taxonomy":"post_tag","embeddable":true,"href":"https:\/\/novice.si\/page\/wp-json\/wp\/v2\/tags?post=168069"}],"curies":[{"name":"wp","href":"https:\/\/api.w.org\/{rel}","templated":true}]}}