{"id":168059,"date":"2023-10-01T21:20:21","date_gmt":"2023-10-01T19:20:21","guid":{"rendered":"https:\/\/novice.si\/page\/?p=168059"},"modified":"2023-10-01T21:20:21","modified_gmt":"2023-10-01T19:20:21","slug":"jazz-in-dobro-vino-v-zrecah","status":"publish","type":"post","link":"https:\/\/novice.si\/page\/jazz-in-dobro-vino-v-zrecah\/","title":{"rendered":"Jazz in dobro vino v Zre\u010dah"},"content":{"rendered":"<p>\u00bbTo je neverjetno. \u010cetrtek zve\u010der in na tej \u010dudoviti terasi zbranih toliko ljubiteljev jazza. Tega ni nikjer v Sloveniji,\u00ab tako je dogajanje v Zre\u010dah komentiral <strong>Tomi Puri\u010d.<\/strong> Lahko je bil zadovoljen, saj so mu zbrani po vsaki pesmi namenili res glasen aplavz, pa tudi dejansko je bila terasa Kavarne \u010crni kos na zre\u0161ki Sre\u010dni plo\u0161\u010dadi polna pravih ljubiteljev jazza.<\/p>\n<p>TOMI PURICH TRIO je zasedba izjemnih diplomiranih glasbenikov v klasi\u010dnem jazz triu, z njimi pa je v Zre\u010dah nastopila \u0161e vokalistka Ne\u017ea Okorn.<\/p>\n<p>Ve\u010der je bil poseben tudi zato, ker je doma\u010di mladi vinar <strong>Miha Zalo\u017enik<\/strong> prav te dni odprl pet let star barik modre frankinje Red Lips in prines el vino na degustacijo. Odslej se ga bo pilo v Kavarni \u010crni kos, polnjeno pa je tudi v steklenice pri Vinih Zalo\u017enik.<\/p>\n<p>Za jazz v Zre\u010dah so ob Kavarni \u010crni kos poskrbeli: MKUD Kladivo 11, KUD Vladko Mohori\u010d, fontana Wine Van in galerija Atelje MS. Opogumljeni z dobrim odzivom so napovedali, da \u0161e kdaj.<\/p>\n<figure id=\"attachment_168061\" aria-describedby=\"caption-attachment-168061\" style=\"width: 600px\" class=\"wp-caption alignnone\"><img loading=\"lazy\" decoding=\"async\" class=\"wp-image-168061 size-medium\" src=\"https:\/\/novice.si\/page\/wp-content\/uploads\/2023\/10\/IMG_4452-pomans-600x450.jpg\" alt=\"\" width=\"600\" height=\"450\" srcset=\"https:\/\/novice.si\/page\/wp-content\/uploads\/2023\/10\/IMG_4452-pomans-600x450.jpg 600w, https:\/\/novice.si\/page\/wp-content\/uploads\/2023\/10\/IMG_4452-pomans-1024x768.jpg 1024w, https:\/\/novice.si\/page\/wp-content\/uploads\/2023\/10\/IMG_4452-pomans-768x576.jpg 768w, https:\/\/novice.si\/page\/wp-content\/uploads\/2023\/10\/IMG_4452-pomans-80x60.jpg 80w, https:\/\/novice.si\/page\/wp-content\/uploads\/2023\/10\/IMG_4452-pomans-265x198.jpg 265w, https:\/\/novice.si\/page\/wp-content\/uploads\/2023\/10\/IMG_4452-pomans-696x522.jpg 696w, https:\/\/novice.si\/page\/wp-content\/uploads\/2023\/10\/IMG_4452-pomans-560x420.jpg 560w, https:\/\/novice.si\/page\/wp-content\/uploads\/2023\/10\/IMG_4452-pomans-24x18.jpg 24w, https:\/\/novice.si\/page\/wp-content\/uploads\/2023\/10\/IMG_4452-pomans-36x27.jpg 36w, https:\/\/novice.si\/page\/wp-content\/uploads\/2023\/10\/IMG_4452-pomans-48x36.jpg 48w, https:\/\/novice.si\/page\/wp-content\/uploads\/2023\/10\/IMG_4452-pomans.jpg 1032w\" sizes=\"auto, (max-width: 600px) 100vw, 600px\" \/><figcaption id=\"caption-attachment-168061\" class=\"wp-caption-text\">TOMI PURICH TRIO je na zre\u0161kem odru po\u017eel bu\u010dne aplavze.<\/figcaption><\/figure>\n<figure id=\"attachment_168060\" aria-describedby=\"caption-attachment-168060\" style=\"width: 235px\" class=\"wp-caption alignnone\"><img loading=\"lazy\" decoding=\"async\" class=\"wp-image-168060\" src=\"https:\/\/novice.si\/page\/wp-content\/uploads\/2023\/10\/zaloznik-150x150.jpg\" alt=\"\" width=\"235\" height=\"294\" srcset=\"https:\/\/novice.si\/page\/wp-content\/uploads\/2023\/10\/zaloznik-480x600.jpg 480w, https:\/\/novice.si\/page\/wp-content\/uploads\/2023\/10\/zaloznik-696x870.jpg 696w, https:\/\/novice.si\/page\/wp-content\/uploads\/2023\/10\/zaloznik-336x420.jpg 336w, https:\/\/novice.si\/page\/wp-content\/uploads\/2023\/10\/zaloznik-19x24.jpg 19w, https:\/\/novice.si\/page\/wp-content\/uploads\/2023\/10\/zaloznik-29x36.jpg 29w, https:\/\/novice.si\/page\/wp-content\/uploads\/2023\/10\/zaloznik-38x48.jpg 38w, https:\/\/novice.si\/page\/wp-content\/uploads\/2023\/10\/zaloznik.jpg 768w\" sizes=\"auto, (max-width: 235px) 100vw, 235px\" \/><figcaption id=\"caption-attachment-168060\" class=\"wp-caption-text\">Vina Zalo\u017enik so predstavila novo edicijo barika Red Lips.<\/figcaption><\/figure>\n","protected":false},"excerpt":{"rendered":"<p>\u00bbTo je neverjetno. \u010cetrtek zve\u010der in na tej \u010dudoviti terasi zbranih toliko ljubiteljev jazza. Tega ni nikjer v Sloveniji,\u00ab tako je dogajanje v Zre\u010dah komentiral Tomi Puri\u010d. Lahko je bil zadovoljen, saj so mu zbrani po vsaki pesmi namenili res glasen aplavz, pa tudi dejansko je bila terasa Kavarne \u010crni kos na zre\u0161ki Sre\u010dni plo\u0161\u010dadi [&hellip;]<\/p>\n","protected":false},"author":5,"featured_media":168061,"comment_status":"closed","ping_status":"closed","sticky":false,"template":"","format":"standard","meta":{"footnotes":""},"categories":[14,16],"tags":[16549,18852,18851],"class_list":{"0":"post-168059","1":"post","2":"type-post","3":"status-publish","4":"format-standard","5":"has-post-thumbnail","7":"category-aktualno","8":"category-konjisko","9":"tag-srecna-ploscad","10":"tag-tomi-purich-trio-zrece","11":"tag-vina-zaloznik"},"yoast_head":"<!-- This site is optimized with the Yoast SEO plugin v27.4 - https:\/\/yoast.com\/product\/yoast-seo-wordpress\/ -->\n<title>Jazz in dobro vino v Zre\u010dah - Novice.si<\/title>\n<meta name=\"robots\" content=\"index, follow, max-snippet:-1, max-image-preview:large, max-video-preview:-1\" \/>\n<link rel=\"canonical\" href=\"https:\/\/novice.si\/page\/jazz-in-dobro-vino-v-zrecah\/\" \/>\n<meta property=\"og:locale\" content=\"sl_SI\" \/>\n<meta property=\"og:type\" content=\"article\" \/>\n<meta property=\"og:title\" content=\"Jazz in dobro vino v Zre\u010dah - Novice.si\" \/>\n<meta property=\"og:description\" content=\"\u00bbTo je neverjetno. \u010cetrtek zve\u010der in na tej \u010dudoviti terasi zbranih toliko ljubiteljev jazza. Tega ni nikjer v Sloveniji,\u00ab tako je dogajanje v Zre\u010dah komentiral Tomi Puri\u010d. Lahko je bil zadovoljen, saj so mu zbrani po vsaki pesmi namenili res glasen aplavz, pa tudi dejansko je bila terasa Kavarne \u010crni kos na zre\u0161ki Sre\u010dni plo\u0161\u010dadi [&hellip;]\" \/>\n<meta property=\"og:url\" content=\"https:\/\/novice.si\/page\/jazz-in-dobro-vino-v-zrecah\/\" \/>\n<meta property=\"og:site_name\" content=\"Novice.si\" \/>\n<meta property=\"article:published_time\" content=\"2023-10-01T19:20:21+00:00\" \/>\n<meta property=\"og:image\" content=\"https:\/\/novice.si\/page\/wp-content\/uploads\/2023\/10\/IMG_4452-pomans.jpg\" \/>\n\t<meta property=\"og:image:width\" content=\"1032\" \/>\n\t<meta property=\"og:image:height\" content=\"774\" \/>\n\t<meta property=\"og:image:type\" content=\"image\/jpeg\" \/>\n<meta name=\"author\" content=\"Uredni\u0161tvo Radia Rogla\" \/>\n<meta name=\"twitter:card\" content=\"summary_large_image\" \/>\n<meta name=\"twitter:label1\" content=\"Written by\" \/>\n\t<meta name=\"twitter:data1\" content=\"Uredni\u0161tvo Radia Rogla\" \/>\n\t<meta name=\"twitter:label2\" content=\"Est. reading time\" \/>\n\t<meta name=\"twitter:data2\" content=\"2 minuti\" \/>\n<script type=\"application\/ld+json\" class=\"yoast-schema-graph\">{\"@context\":\"https:\\\/\\\/schema.org\",\"@graph\":[{\"@type\":\"Article\",\"@id\":\"https:\\\/\\\/novice.si\\\/page\\\/jazz-in-dobro-vino-v-zrecah\\\/#article\",\"isPartOf\":{\"@id\":\"https:\\\/\\\/novice.si\\\/page\\\/jazz-in-dobro-vino-v-zrecah\\\/\"},\"author\":{\"name\":\"Uredni\u0161tvo Radia Rogla\",\"@id\":\"https:\\\/\\\/novice.si\\\/page\\\/#\\\/schema\\\/person\\\/25f5278da029e7b6f1e1c5653d7152a6\"},\"headline\":\"Jazz in dobro vino v Zre\u010dah\",\"datePublished\":\"2023-10-01T19:20:21+00:00\",\"mainEntityOfPage\":{\"@id\":\"https:\\\/\\\/novice.si\\\/page\\\/jazz-in-dobro-vino-v-zrecah\\\/\"},\"wordCount\":219,\"publisher\":{\"@id\":\"https:\\\/\\\/novice.si\\\/page\\\/#organization\"},\"image\":{\"@id\":\"https:\\\/\\\/novice.si\\\/page\\\/jazz-in-dobro-vino-v-zrecah\\\/#primaryimage\"},\"thumbnailUrl\":\"https:\\\/\\\/novice.si\\\/page\\\/wp-content\\\/uploads\\\/2023\\\/10\\\/IMG_4452-pomans.jpg\",\"keywords\":[\"sre\u010dna plo\u0161\u010dad\",\"TOMI PURICH TRIO; Zre\u010de\",\"Vina Zalo\u017enik\"],\"articleSection\":[\"Aktualno\",\"Konji\u0161ko\"],\"inLanguage\":\"sl-SI\"},{\"@type\":\"WebPage\",\"@id\":\"https:\\\/\\\/novice.si\\\/page\\\/jazz-in-dobro-vino-v-zrecah\\\/\",\"url\":\"https:\\\/\\\/novice.si\\\/page\\\/jazz-in-dobro-vino-v-zrecah\\\/\",\"name\":\"Jazz in dobro vino v Zre\u010dah - Novice.si\",\"isPartOf\":{\"@id\":\"https:\\\/\\\/novice.si\\\/page\\\/#website\"},\"primaryImageOfPage\":{\"@id\":\"https:\\\/\\\/novice.si\\\/page\\\/jazz-in-dobro-vino-v-zrecah\\\/#primaryimage\"},\"image\":{\"@id\":\"https:\\\/\\\/novice.si\\\/page\\\/jazz-in-dobro-vino-v-zrecah\\\/#primaryimage\"},\"thumbnailUrl\":\"https:\\\/\\\/novice.si\\\/page\\\/wp-content\\\/uploads\\\/2023\\\/10\\\/IMG_4452-pomans.jpg\",\"datePublished\":\"2023-10-01T19:20:21+00:00\",\"breadcrumb\":{\"@id\":\"https:\\\/\\\/novice.si\\\/page\\\/jazz-in-dobro-vino-v-zrecah\\\/#breadcrumb\"},\"inLanguage\":\"sl-SI\",\"potentialAction\":[{\"@type\":\"ReadAction\",\"target\":[\"https:\\\/\\\/novice.si\\\/page\\\/jazz-in-dobro-vino-v-zrecah\\\/\"]}]},{\"@type\":\"ImageObject\",\"inLanguage\":\"sl-SI\",\"@id\":\"https:\\\/\\\/novice.si\\\/page\\\/jazz-in-dobro-vino-v-zrecah\\\/#primaryimage\",\"url\":\"https:\\\/\\\/novice.si\\\/page\\\/wp-content\\\/uploads\\\/2023\\\/10\\\/IMG_4452-pomans.jpg\",\"contentUrl\":\"https:\\\/\\\/novice.si\\\/page\\\/wp-content\\\/uploads\\\/2023\\\/10\\\/IMG_4452-pomans.jpg\",\"width\":1032,\"height\":774},{\"@type\":\"BreadcrumbList\",\"@id\":\"https:\\\/\\\/novice.si\\\/page\\\/jazz-in-dobro-vino-v-zrecah\\\/#breadcrumb\",\"itemListElement\":[{\"@type\":\"ListItem\",\"position\":1,\"name\":\"Home\",\"item\":\"https:\\\/\\\/novice.si\\\/page\\\/\"},{\"@type\":\"ListItem\",\"position\":2,\"name\":\"Jazz in dobro vino v Zre\u010dah\"}]},{\"@type\":\"WebSite\",\"@id\":\"https:\\\/\\\/novice.si\\\/page\\\/#website\",\"url\":\"https:\\\/\\\/novice.si\\\/page\\\/\",\"name\":\"Novice.si\",\"description\":\"\",\"publisher\":{\"@id\":\"https:\\\/\\\/novice.si\\\/page\\\/#organization\"},\"potentialAction\":[{\"@type\":\"SearchAction\",\"target\":{\"@type\":\"EntryPoint\",\"urlTemplate\":\"https:\\\/\\\/novice.si\\\/page\\\/?s={search_term_string}\"},\"query-input\":{\"@type\":\"PropertyValueSpecification\",\"valueRequired\":true,\"valueName\":\"search_term_string\"}}],\"inLanguage\":\"sl-SI\"},{\"@type\":\"Organization\",\"@id\":\"https:\\\/\\\/novice.si\\\/page\\\/#organization\",\"name\":\"Novice.si\",\"url\":\"https:\\\/\\\/novice.si\\\/page\\\/\",\"logo\":{\"@type\":\"ImageObject\",\"inLanguage\":\"sl-SI\",\"@id\":\"https:\\\/\\\/novice.si\\\/page\\\/#\\\/schema\\\/logo\\\/image\\\/\",\"url\":\"https:\\\/\\\/novice.si\\\/page\\\/wp-content\\\/uploads\\\/2023\\\/03\\\/novice_si.png\",\"contentUrl\":\"https:\\\/\\\/novice.si\\\/page\\\/wp-content\\\/uploads\\\/2023\\\/03\\\/novice_si.png\",\"width\":576,\"height\":200,\"caption\":\"Novice.si\"},\"image\":{\"@id\":\"https:\\\/\\\/novice.si\\\/page\\\/#\\\/schema\\\/logo\\\/image\\\/\"}},{\"@type\":\"Person\",\"@id\":\"https:\\\/\\\/novice.si\\\/page\\\/#\\\/schema\\\/person\\\/25f5278da029e7b6f1e1c5653d7152a6\",\"name\":\"Uredni\u0161tvo Radia Rogla\",\"image\":{\"@type\":\"ImageObject\",\"inLanguage\":\"sl-SI\",\"@id\":\"https:\\\/\\\/secure.gravatar.com\\\/avatar\\\/eade8259eacc27e89cb0948c57c4cbe46b0f16ea634156f167415ac94c5b03e3?s=96&d=mm&r=g\",\"url\":\"https:\\\/\\\/secure.gravatar.com\\\/avatar\\\/eade8259eacc27e89cb0948c57c4cbe46b0f16ea634156f167415ac94c5b03e3?s=96&d=mm&r=g\",\"contentUrl\":\"https:\\\/\\\/secure.gravatar.com\\\/avatar\\\/eade8259eacc27e89cb0948c57c4cbe46b0f16ea634156f167415ac94c5b03e3?s=96&d=mm&r=g\",\"caption\":\"Uredni\u0161tvo Radia Rogla\"},\"url\":\"https:\\\/\\\/novice.si\\\/page\\\/author\\\/valerija\\\/\"}]}<\/script>\n<!-- \/ Yoast SEO plugin. -->","yoast_head_json":{"title":"Jazz in dobro vino v Zre\u010dah - Novice.si","robots":{"index":"index","follow":"follow","max-snippet":"max-snippet:-1","max-image-preview":"max-image-preview:large","max-video-preview":"max-video-preview:-1"},"canonical":"https:\/\/novice.si\/page\/jazz-in-dobro-vino-v-zrecah\/","og_locale":"sl_SI","og_type":"article","og_title":"Jazz in dobro vino v Zre\u010dah - Novice.si","og_description":"\u00bbTo je neverjetno. \u010cetrtek zve\u010der in na tej \u010dudoviti terasi zbranih toliko ljubiteljev jazza. Tega ni nikjer v Sloveniji,\u00ab tako je dogajanje v Zre\u010dah komentiral Tomi Puri\u010d. Lahko je bil zadovoljen, saj so mu zbrani po vsaki pesmi namenili res glasen aplavz, pa tudi dejansko je bila terasa Kavarne \u010crni kos na zre\u0161ki Sre\u010dni plo\u0161\u010dadi [&hellip;]","og_url":"https:\/\/novice.si\/page\/jazz-in-dobro-vino-v-zrecah\/","og_site_name":"Novice.si","article_published_time":"2023-10-01T19:20:21+00:00","og_image":[{"width":1032,"height":774,"url":"https:\/\/novice.si\/page\/wp-content\/uploads\/2023\/10\/IMG_4452-pomans.jpg","type":"image\/jpeg"}],"author":"Uredni\u0161tvo Radia Rogla","twitter_card":"summary_large_image","twitter_misc":{"Written by":"Uredni\u0161tvo Radia Rogla","Est. reading time":"2 minuti"},"schema":{"@context":"https:\/\/schema.org","@graph":[{"@type":"Article","@id":"https:\/\/novice.si\/page\/jazz-in-dobro-vino-v-zrecah\/#article","isPartOf":{"@id":"https:\/\/novice.si\/page\/jazz-in-dobro-vino-v-zrecah\/"},"author":{"name":"Uredni\u0161tvo Radia Rogla","@id":"https:\/\/novice.si\/page\/#\/schema\/person\/25f5278da029e7b6f1e1c5653d7152a6"},"headline":"Jazz in dobro vino v Zre\u010dah","datePublished":"2023-10-01T19:20:21+00:00","mainEntityOfPage":{"@id":"https:\/\/novice.si\/page\/jazz-in-dobro-vino-v-zrecah\/"},"wordCount":219,"publisher":{"@id":"https:\/\/novice.si\/page\/#organization"},"image":{"@id":"https:\/\/novice.si\/page\/jazz-in-dobro-vino-v-zrecah\/#primaryimage"},"thumbnailUrl":"https:\/\/novice.si\/page\/wp-content\/uploads\/2023\/10\/IMG_4452-pomans.jpg","keywords":["sre\u010dna plo\u0161\u010dad","TOMI PURICH TRIO; Zre\u010de","Vina Zalo\u017enik"],"articleSection":["Aktualno","Konji\u0161ko"],"inLanguage":"sl-SI"},{"@type":"WebPage","@id":"https:\/\/novice.si\/page\/jazz-in-dobro-vino-v-zrecah\/","url":"https:\/\/novice.si\/page\/jazz-in-dobro-vino-v-zrecah\/","name":"Jazz in dobro vino v Zre\u010dah - Novice.si","isPartOf":{"@id":"https:\/\/novice.si\/page\/#website"},"primaryImageOfPage":{"@id":"https:\/\/novice.si\/page\/jazz-in-dobro-vino-v-zrecah\/#primaryimage"},"image":{"@id":"https:\/\/novice.si\/page\/jazz-in-dobro-vino-v-zrecah\/#primaryimage"},"thumbnailUrl":"https:\/\/novice.si\/page\/wp-content\/uploads\/2023\/10\/IMG_4452-pomans.jpg","datePublished":"2023-10-01T19:20:21+00:00","breadcrumb":{"@id":"https:\/\/novice.si\/page\/jazz-in-dobro-vino-v-zrecah\/#breadcrumb"},"inLanguage":"sl-SI","potentialAction":[{"@type":"ReadAction","target":["https:\/\/novice.si\/page\/jazz-in-dobro-vino-v-zrecah\/"]}]},{"@type":"ImageObject","inLanguage":"sl-SI","@id":"https:\/\/novice.si\/page\/jazz-in-dobro-vino-v-zrecah\/#primaryimage","url":"https:\/\/novice.si\/page\/wp-content\/uploads\/2023\/10\/IMG_4452-pomans.jpg","contentUrl":"https:\/\/novice.si\/page\/wp-content\/uploads\/2023\/10\/IMG_4452-pomans.jpg","width":1032,"height":774},{"@type":"BreadcrumbList","@id":"https:\/\/novice.si\/page\/jazz-in-dobro-vino-v-zrecah\/#breadcrumb","itemListElement":[{"@type":"ListItem","position":1,"name":"Home","item":"https:\/\/novice.si\/page\/"},{"@type":"ListItem","position":2,"name":"Jazz in dobro vino v Zre\u010dah"}]},{"@type":"WebSite","@id":"https:\/\/novice.si\/page\/#website","url":"https:\/\/novice.si\/page\/","name":"Novice.si","description":"","publisher":{"@id":"https:\/\/novice.si\/page\/#organization"},"potentialAction":[{"@type":"SearchAction","target":{"@type":"EntryPoint","urlTemplate":"https:\/\/novice.si\/page\/?s={search_term_string}"},"query-input":{"@type":"PropertyValueSpecification","valueRequired":true,"valueName":"search_term_string"}}],"inLanguage":"sl-SI"},{"@type":"Organization","@id":"https:\/\/novice.si\/page\/#organization","name":"Novice.si","url":"https:\/\/novice.si\/page\/","logo":{"@type":"ImageObject","inLanguage":"sl-SI","@id":"https:\/\/novice.si\/page\/#\/schema\/logo\/image\/","url":"https:\/\/novice.si\/page\/wp-content\/uploads\/2023\/03\/novice_si.png","contentUrl":"https:\/\/novice.si\/page\/wp-content\/uploads\/2023\/03\/novice_si.png","width":576,"height":200,"caption":"Novice.si"},"image":{"@id":"https:\/\/novice.si\/page\/#\/schema\/logo\/image\/"}},{"@type":"Person","@id":"https:\/\/novice.si\/page\/#\/schema\/person\/25f5278da029e7b6f1e1c5653d7152a6","name":"Uredni\u0161tvo Radia Rogla","image":{"@type":"ImageObject","inLanguage":"sl-SI","@id":"https:\/\/secure.gravatar.com\/avatar\/eade8259eacc27e89cb0948c57c4cbe46b0f16ea634156f167415ac94c5b03e3?s=96&d=mm&r=g","url":"https:\/\/secure.gravatar.com\/avatar\/eade8259eacc27e89cb0948c57c4cbe46b0f16ea634156f167415ac94c5b03e3?s=96&d=mm&r=g","contentUrl":"https:\/\/secure.gravatar.com\/avatar\/eade8259eacc27e89cb0948c57c4cbe46b0f16ea634156f167415ac94c5b03e3?s=96&d=mm&r=g","caption":"Uredni\u0161tvo Radia Rogla"},"url":"https:\/\/novice.si\/page\/author\/valerija\/"}]}},"_links":{"self":[{"href":"https:\/\/novice.si\/page\/wp-json\/wp\/v2\/posts\/168059","targetHints":{"allow":["GET"]}}],"collection":[{"href":"https:\/\/novice.si\/page\/wp-json\/wp\/v2\/posts"}],"about":[{"href":"https:\/\/novice.si\/page\/wp-json\/wp\/v2\/types\/post"}],"author":[{"embeddable":true,"href":"https:\/\/novice.si\/page\/wp-json\/wp\/v2\/users\/5"}],"replies":[{"embeddable":true,"href":"https:\/\/novice.si\/page\/wp-json\/wp\/v2\/comments?post=168059"}],"version-history":[{"count":1,"href":"https:\/\/novice.si\/page\/wp-json\/wp\/v2\/posts\/168059\/revisions"}],"predecessor-version":[{"id":168062,"href":"https:\/\/novice.si\/page\/wp-json\/wp\/v2\/posts\/168059\/revisions\/168062"}],"wp:featuredmedia":[{"embeddable":true,"href":"https:\/\/novice.si\/page\/wp-json\/wp\/v2\/media\/168061"}],"wp:attachment":[{"href":"https:\/\/novice.si\/page\/wp-json\/wp\/v2\/media?parent=168059"}],"wp:term":[{"taxonomy":"category","embeddable":true,"href":"https:\/\/novice.si\/page\/wp-json\/wp\/v2\/categories?post=168059"},{"taxonomy":"post_tag","embeddable":true,"href":"https:\/\/novice.si\/page\/wp-json\/wp\/v2\/tags?post=168059"}],"curies":[{"name":"wp","href":"https:\/\/api.w.org\/{rel}","templated":true}]}}