{"id":168045,"date":"2023-10-01T10:13:21","date_gmt":"2023-10-01T08:13:21","guid":{"rendered":"https:\/\/novice.si\/page\/?p=168045"},"modified":"2023-10-01T10:13:21","modified_gmt":"2023-10-01T08:13:21","slug":"celjski-hokejisti-so-vpisali-prvo-zmago-v-ahl","status":"publish","type":"post","link":"https:\/\/novice.si\/page\/celjski-hokejisti-so-vpisali-prvo-zmago-v-ahl\/","title":{"rendered":"Celjski hokejisti so vpisali prvo zmago v AHL!"},"content":{"rendered":"<p><img loading=\"lazy\" decoding=\"async\" class=\"alignnone size-medium wp-image-168047\" src=\"https:\/\/novice.si\/page\/wp-content\/uploads\/2023\/10\/hokej-celje2-foto-Facebook-600x392.jpg\" alt=\"\" width=\"600\" height=\"392\" srcset=\"https:\/\/novice.si\/page\/wp-content\/uploads\/2023\/10\/hokej-celje2-foto-Facebook-600x392.jpg 600w, https:\/\/novice.si\/page\/wp-content\/uploads\/2023\/10\/hokej-celje2-foto-Facebook-1024x669.jpg 1024w, https:\/\/novice.si\/page\/wp-content\/uploads\/2023\/10\/hokej-celje2-foto-Facebook-768x502.jpg 768w, https:\/\/novice.si\/page\/wp-content\/uploads\/2023\/10\/hokej-celje2-foto-Facebook-696x455.jpg 696w, https:\/\/novice.si\/page\/wp-content\/uploads\/2023\/10\/hokej-celje2-foto-Facebook-1068x698.jpg 1068w, https:\/\/novice.si\/page\/wp-content\/uploads\/2023\/10\/hokej-celje2-foto-Facebook-642x420.jpg 642w, https:\/\/novice.si\/page\/wp-content\/uploads\/2023\/10\/hokej-celje2-foto-Facebook-24x16.jpg 24w, https:\/\/novice.si\/page\/wp-content\/uploads\/2023\/10\/hokej-celje2-foto-Facebook-36x24.jpg 36w, https:\/\/novice.si\/page\/wp-content\/uploads\/2023\/10\/hokej-celje2-foto-Facebook-48x31.jpg 48w, https:\/\/novice.si\/page\/wp-content\/uploads\/2023\/10\/hokej-celje2-foto-Facebook.jpg 1499w\" sizes=\"auto, (max-width: 600px) 100vw, 600px\" \/><br \/>\nNa peti tekmi v Alpski hokejski ligi (AHL) so celjski hokejisti vpisali prvo zmago. Zgodovinski dose\u017eek jim je uspel sino\u010di, ko so na doma\u010dem ledu s 4:3 premagali avstrijski EHC Lustenau. Za HK RST-Pellet Celje so zadetke dosegli <strong>Nik Grahut, Mikus Mintauti\u0161kis<\/strong> in dva <strong>Jure Sotlar<\/strong>. &#8220;Ni pravih besed, ki bi opisale to veselje. Zato ne bomo dolgovezili in povedali le, da smo danes neizmerno ponosni na to ekipo,&#8221; so takoj po celjski zmagi zapisali na Facebook profilu kluba, kjer so se med drugim za podporo zahvalili tudi navija\u010dem in \u017eupanu <strong>Matiji Kova\u010du<\/strong>, ki je podelil nagradi za najbolj\u0161a igralca tekme. Naslednja tekma celjsko zasedbo \u010daka v 6. oktobra, ko bodo gostili Bregenzerwald. (Jure Mernik)<br \/>\nFoto Facebook<\/p>\n<p>Preberite tudi:<br \/>\nZgodovinski tekmi za celjski hokej, prvi doma\u010di v AHL<br \/>\n<a href=\"https:\/\/novice.si\/page\/zgodovinski-tekmi-za-celjski-hokej-prvi-domaci-v-ahl\/\">https:\/\/novice.si\/page\/zgodovinski-tekmi-za-celjski-hokej-prvi-domaci-v-ahl\/<\/a><\/p>\n","protected":false},"excerpt":{"rendered":"<p>Na peti tekmi v Alpski hokejski ligi (AHL) so celjski hokejisti vpisali prvo zmago. Zgodovinski dose\u017eek jim je uspel sino\u010di, ko so na doma\u010dem ledu s 4:3 premagali avstrijski EHC Lustenau. Za HK RST-Pellet Celje so zadetke dosegli Nik Grahut, Mikus Mintauti\u0161kis in dva Jure Sotlar. &#8220;Ni pravih besed, ki bi opisale to veselje. Zato [&hellip;]<\/p>\n","protected":false},"author":7,"featured_media":168047,"comment_status":"closed","ping_status":"closed","sticky":false,"template":"","format":"standard","meta":{"footnotes":""},"categories":[14,17,68],"tags":[17209,17847],"class_list":{"0":"post-168045","1":"post","2":"type-post","3":"status-publish","4":"format-standard","5":"has-post-thumbnail","7":"category-aktualno","8":"category-celjsko","9":"category-sport","10":"tag-alpska-hokejska-liga","11":"tag-hk-rst-pellet-celje"},"yoast_head":"<!-- This site is optimized with the Yoast SEO plugin v27.4 - https:\/\/yoast.com\/product\/yoast-seo-wordpress\/ -->\n<title>Celjski hokejisti so vpisali prvo zmago v AHL! - Novice.si<\/title>\n<meta name=\"robots\" content=\"index, follow, max-snippet:-1, max-image-preview:large, max-video-preview:-1\" \/>\n<link rel=\"canonical\" href=\"https:\/\/novice.si\/page\/celjski-hokejisti-so-vpisali-prvo-zmago-v-ahl\/\" \/>\n<meta property=\"og:locale\" content=\"sl_SI\" \/>\n<meta property=\"og:type\" content=\"article\" \/>\n<meta property=\"og:title\" content=\"Celjski hokejisti so vpisali prvo zmago v AHL! - Novice.si\" \/>\n<meta property=\"og:description\" content=\"Na peti tekmi v Alpski hokejski ligi (AHL) so celjski hokejisti vpisali prvo zmago. Zgodovinski dose\u017eek jim je uspel sino\u010di, ko so na doma\u010dem ledu s 4:3 premagali avstrijski EHC Lustenau. Za HK RST-Pellet Celje so zadetke dosegli Nik Grahut, Mikus Mintauti\u0161kis in dva Jure Sotlar. &#8220;Ni pravih besed, ki bi opisale to veselje. Zato [&hellip;]\" \/>\n<meta property=\"og:url\" content=\"https:\/\/novice.si\/page\/celjski-hokejisti-so-vpisali-prvo-zmago-v-ahl\/\" \/>\n<meta property=\"og:site_name\" content=\"Novice.si\" \/>\n<meta property=\"article:published_time\" content=\"2023-10-01T08:13:21+00:00\" \/>\n<meta property=\"og:image\" content=\"https:\/\/novice.si\/page\/wp-content\/uploads\/2023\/10\/hokej-celje2-foto-Facebook.jpg\" \/>\n\t<meta property=\"og:image:width\" content=\"1499\" \/>\n\t<meta property=\"og:image:height\" content=\"980\" \/>\n\t<meta property=\"og:image:type\" content=\"image\/jpeg\" \/>\n<meta name=\"author\" content=\"Uredni\u0161tvo Novic\" \/>\n<meta name=\"twitter:card\" content=\"summary_large_image\" \/>\n<meta name=\"twitter:label1\" content=\"Written by\" \/>\n\t<meta name=\"twitter:data1\" content=\"Uredni\u0161tvo Novic\" \/>\n\t<meta name=\"twitter:label2\" content=\"Est. reading time\" \/>\n\t<meta name=\"twitter:data2\" content=\"1 minuta\" \/>\n<script type=\"application\/ld+json\" class=\"yoast-schema-graph\">{\"@context\":\"https:\\\/\\\/schema.org\",\"@graph\":[{\"@type\":\"Article\",\"@id\":\"https:\\\/\\\/novice.si\\\/page\\\/celjski-hokejisti-so-vpisali-prvo-zmago-v-ahl\\\/#article\",\"isPartOf\":{\"@id\":\"https:\\\/\\\/novice.si\\\/page\\\/celjski-hokejisti-so-vpisali-prvo-zmago-v-ahl\\\/\"},\"author\":{\"name\":\"Uredni\u0161tvo Novic\",\"@id\":\"https:\\\/\\\/novice.si\\\/page\\\/#\\\/schema\\\/person\\\/a877dbb8680d441357ce27663beb35ca\"},\"headline\":\"Celjski hokejisti so vpisali prvo zmago v AHL!\",\"datePublished\":\"2023-10-01T08:13:21+00:00\",\"mainEntityOfPage\":{\"@id\":\"https:\\\/\\\/novice.si\\\/page\\\/celjski-hokejisti-so-vpisali-prvo-zmago-v-ahl\\\/\"},\"wordCount\":147,\"publisher\":{\"@id\":\"https:\\\/\\\/novice.si\\\/page\\\/#organization\"},\"image\":{\"@id\":\"https:\\\/\\\/novice.si\\\/page\\\/celjski-hokejisti-so-vpisali-prvo-zmago-v-ahl\\\/#primaryimage\"},\"thumbnailUrl\":\"https:\\\/\\\/novice.si\\\/page\\\/wp-content\\\/uploads\\\/2023\\\/10\\\/hokej-celje2-foto-Facebook.jpg\",\"keywords\":[\"Alpska hokejska liga\",\"HK RST-Pellet Celje\"],\"articleSection\":[\"Aktualno\",\"Celjsko\",\"\u0160port\"],\"inLanguage\":\"sl-SI\"},{\"@type\":\"WebPage\",\"@id\":\"https:\\\/\\\/novice.si\\\/page\\\/celjski-hokejisti-so-vpisali-prvo-zmago-v-ahl\\\/\",\"url\":\"https:\\\/\\\/novice.si\\\/page\\\/celjski-hokejisti-so-vpisali-prvo-zmago-v-ahl\\\/\",\"name\":\"Celjski hokejisti so vpisali prvo zmago v AHL! - Novice.si\",\"isPartOf\":{\"@id\":\"https:\\\/\\\/novice.si\\\/page\\\/#website\"},\"primaryImageOfPage\":{\"@id\":\"https:\\\/\\\/novice.si\\\/page\\\/celjski-hokejisti-so-vpisali-prvo-zmago-v-ahl\\\/#primaryimage\"},\"image\":{\"@id\":\"https:\\\/\\\/novice.si\\\/page\\\/celjski-hokejisti-so-vpisali-prvo-zmago-v-ahl\\\/#primaryimage\"},\"thumbnailUrl\":\"https:\\\/\\\/novice.si\\\/page\\\/wp-content\\\/uploads\\\/2023\\\/10\\\/hokej-celje2-foto-Facebook.jpg\",\"datePublished\":\"2023-10-01T08:13:21+00:00\",\"breadcrumb\":{\"@id\":\"https:\\\/\\\/novice.si\\\/page\\\/celjski-hokejisti-so-vpisali-prvo-zmago-v-ahl\\\/#breadcrumb\"},\"inLanguage\":\"sl-SI\",\"potentialAction\":[{\"@type\":\"ReadAction\",\"target\":[\"https:\\\/\\\/novice.si\\\/page\\\/celjski-hokejisti-so-vpisali-prvo-zmago-v-ahl\\\/\"]}]},{\"@type\":\"ImageObject\",\"inLanguage\":\"sl-SI\",\"@id\":\"https:\\\/\\\/novice.si\\\/page\\\/celjski-hokejisti-so-vpisali-prvo-zmago-v-ahl\\\/#primaryimage\",\"url\":\"https:\\\/\\\/novice.si\\\/page\\\/wp-content\\\/uploads\\\/2023\\\/10\\\/hokej-celje2-foto-Facebook.jpg\",\"contentUrl\":\"https:\\\/\\\/novice.si\\\/page\\\/wp-content\\\/uploads\\\/2023\\\/10\\\/hokej-celje2-foto-Facebook.jpg\",\"width\":1499,\"height\":980},{\"@type\":\"BreadcrumbList\",\"@id\":\"https:\\\/\\\/novice.si\\\/page\\\/celjski-hokejisti-so-vpisali-prvo-zmago-v-ahl\\\/#breadcrumb\",\"itemListElement\":[{\"@type\":\"ListItem\",\"position\":1,\"name\":\"Home\",\"item\":\"https:\\\/\\\/novice.si\\\/page\\\/\"},{\"@type\":\"ListItem\",\"position\":2,\"name\":\"Celjski hokejisti so vpisali prvo zmago v AHL!\"}]},{\"@type\":\"WebSite\",\"@id\":\"https:\\\/\\\/novice.si\\\/page\\\/#website\",\"url\":\"https:\\\/\\\/novice.si\\\/page\\\/\",\"name\":\"Novice.si\",\"description\":\"\",\"publisher\":{\"@id\":\"https:\\\/\\\/novice.si\\\/page\\\/#organization\"},\"potentialAction\":[{\"@type\":\"SearchAction\",\"target\":{\"@type\":\"EntryPoint\",\"urlTemplate\":\"https:\\\/\\\/novice.si\\\/page\\\/?s={search_term_string}\"},\"query-input\":{\"@type\":\"PropertyValueSpecification\",\"valueRequired\":true,\"valueName\":\"search_term_string\"}}],\"inLanguage\":\"sl-SI\"},{\"@type\":\"Organization\",\"@id\":\"https:\\\/\\\/novice.si\\\/page\\\/#organization\",\"name\":\"Novice.si\",\"url\":\"https:\\\/\\\/novice.si\\\/page\\\/\",\"logo\":{\"@type\":\"ImageObject\",\"inLanguage\":\"sl-SI\",\"@id\":\"https:\\\/\\\/novice.si\\\/page\\\/#\\\/schema\\\/logo\\\/image\\\/\",\"url\":\"https:\\\/\\\/novice.si\\\/page\\\/wp-content\\\/uploads\\\/2023\\\/03\\\/novice_si.png\",\"contentUrl\":\"https:\\\/\\\/novice.si\\\/page\\\/wp-content\\\/uploads\\\/2023\\\/03\\\/novice_si.png\",\"width\":576,\"height\":200,\"caption\":\"Novice.si\"},\"image\":{\"@id\":\"https:\\\/\\\/novice.si\\\/page\\\/#\\\/schema\\\/logo\\\/image\\\/\"}},{\"@type\":\"Person\",\"@id\":\"https:\\\/\\\/novice.si\\\/page\\\/#\\\/schema\\\/person\\\/a877dbb8680d441357ce27663beb35ca\",\"name\":\"Uredni\u0161tvo Novic\",\"image\":{\"@type\":\"ImageObject\",\"inLanguage\":\"sl-SI\",\"@id\":\"https:\\\/\\\/secure.gravatar.com\\\/avatar\\\/f19c0ae874706cc9ba19d2f6da5f74a5a5ee7674f283fed29ce0ad16a9f1893e?s=96&d=mm&r=g\",\"url\":\"https:\\\/\\\/secure.gravatar.com\\\/avatar\\\/f19c0ae874706cc9ba19d2f6da5f74a5a5ee7674f283fed29ce0ad16a9f1893e?s=96&d=mm&r=g\",\"contentUrl\":\"https:\\\/\\\/secure.gravatar.com\\\/avatar\\\/f19c0ae874706cc9ba19d2f6da5f74a5a5ee7674f283fed29ce0ad16a9f1893e?s=96&d=mm&r=g\",\"caption\":\"Uredni\u0161tvo Novic\"},\"url\":\"https:\\\/\\\/novice.si\\\/page\\\/author\\\/jure\\\/\"}]}<\/script>\n<!-- \/ Yoast SEO plugin. -->","yoast_head_json":{"title":"Celjski hokejisti so vpisali prvo zmago v AHL! - Novice.si","robots":{"index":"index","follow":"follow","max-snippet":"max-snippet:-1","max-image-preview":"max-image-preview:large","max-video-preview":"max-video-preview:-1"},"canonical":"https:\/\/novice.si\/page\/celjski-hokejisti-so-vpisali-prvo-zmago-v-ahl\/","og_locale":"sl_SI","og_type":"article","og_title":"Celjski hokejisti so vpisali prvo zmago v AHL! - Novice.si","og_description":"Na peti tekmi v Alpski hokejski ligi (AHL) so celjski hokejisti vpisali prvo zmago. Zgodovinski dose\u017eek jim je uspel sino\u010di, ko so na doma\u010dem ledu s 4:3 premagali avstrijski EHC Lustenau. Za HK RST-Pellet Celje so zadetke dosegli Nik Grahut, Mikus Mintauti\u0161kis in dva Jure Sotlar. &#8220;Ni pravih besed, ki bi opisale to veselje. Zato [&hellip;]","og_url":"https:\/\/novice.si\/page\/celjski-hokejisti-so-vpisali-prvo-zmago-v-ahl\/","og_site_name":"Novice.si","article_published_time":"2023-10-01T08:13:21+00:00","og_image":[{"width":1499,"height":980,"url":"https:\/\/novice.si\/page\/wp-content\/uploads\/2023\/10\/hokej-celje2-foto-Facebook.jpg","type":"image\/jpeg"}],"author":"Uredni\u0161tvo Novic","twitter_card":"summary_large_image","twitter_misc":{"Written by":"Uredni\u0161tvo Novic","Est. reading time":"1 minuta"},"schema":{"@context":"https:\/\/schema.org","@graph":[{"@type":"Article","@id":"https:\/\/novice.si\/page\/celjski-hokejisti-so-vpisali-prvo-zmago-v-ahl\/#article","isPartOf":{"@id":"https:\/\/novice.si\/page\/celjski-hokejisti-so-vpisali-prvo-zmago-v-ahl\/"},"author":{"name":"Uredni\u0161tvo Novic","@id":"https:\/\/novice.si\/page\/#\/schema\/person\/a877dbb8680d441357ce27663beb35ca"},"headline":"Celjski hokejisti so vpisali prvo zmago v AHL!","datePublished":"2023-10-01T08:13:21+00:00","mainEntityOfPage":{"@id":"https:\/\/novice.si\/page\/celjski-hokejisti-so-vpisali-prvo-zmago-v-ahl\/"},"wordCount":147,"publisher":{"@id":"https:\/\/novice.si\/page\/#organization"},"image":{"@id":"https:\/\/novice.si\/page\/celjski-hokejisti-so-vpisali-prvo-zmago-v-ahl\/#primaryimage"},"thumbnailUrl":"https:\/\/novice.si\/page\/wp-content\/uploads\/2023\/10\/hokej-celje2-foto-Facebook.jpg","keywords":["Alpska hokejska liga","HK RST-Pellet Celje"],"articleSection":["Aktualno","Celjsko","\u0160port"],"inLanguage":"sl-SI"},{"@type":"WebPage","@id":"https:\/\/novice.si\/page\/celjski-hokejisti-so-vpisali-prvo-zmago-v-ahl\/","url":"https:\/\/novice.si\/page\/celjski-hokejisti-so-vpisali-prvo-zmago-v-ahl\/","name":"Celjski hokejisti so vpisali prvo zmago v AHL! - Novice.si","isPartOf":{"@id":"https:\/\/novice.si\/page\/#website"},"primaryImageOfPage":{"@id":"https:\/\/novice.si\/page\/celjski-hokejisti-so-vpisali-prvo-zmago-v-ahl\/#primaryimage"},"image":{"@id":"https:\/\/novice.si\/page\/celjski-hokejisti-so-vpisali-prvo-zmago-v-ahl\/#primaryimage"},"thumbnailUrl":"https:\/\/novice.si\/page\/wp-content\/uploads\/2023\/10\/hokej-celje2-foto-Facebook.jpg","datePublished":"2023-10-01T08:13:21+00:00","breadcrumb":{"@id":"https:\/\/novice.si\/page\/celjski-hokejisti-so-vpisali-prvo-zmago-v-ahl\/#breadcrumb"},"inLanguage":"sl-SI","potentialAction":[{"@type":"ReadAction","target":["https:\/\/novice.si\/page\/celjski-hokejisti-so-vpisali-prvo-zmago-v-ahl\/"]}]},{"@type":"ImageObject","inLanguage":"sl-SI","@id":"https:\/\/novice.si\/page\/celjski-hokejisti-so-vpisali-prvo-zmago-v-ahl\/#primaryimage","url":"https:\/\/novice.si\/page\/wp-content\/uploads\/2023\/10\/hokej-celje2-foto-Facebook.jpg","contentUrl":"https:\/\/novice.si\/page\/wp-content\/uploads\/2023\/10\/hokej-celje2-foto-Facebook.jpg","width":1499,"height":980},{"@type":"BreadcrumbList","@id":"https:\/\/novice.si\/page\/celjski-hokejisti-so-vpisali-prvo-zmago-v-ahl\/#breadcrumb","itemListElement":[{"@type":"ListItem","position":1,"name":"Home","item":"https:\/\/novice.si\/page\/"},{"@type":"ListItem","position":2,"name":"Celjski hokejisti so vpisali prvo zmago v AHL!"}]},{"@type":"WebSite","@id":"https:\/\/novice.si\/page\/#website","url":"https:\/\/novice.si\/page\/","name":"Novice.si","description":"","publisher":{"@id":"https:\/\/novice.si\/page\/#organization"},"potentialAction":[{"@type":"SearchAction","target":{"@type":"EntryPoint","urlTemplate":"https:\/\/novice.si\/page\/?s={search_term_string}"},"query-input":{"@type":"PropertyValueSpecification","valueRequired":true,"valueName":"search_term_string"}}],"inLanguage":"sl-SI"},{"@type":"Organization","@id":"https:\/\/novice.si\/page\/#organization","name":"Novice.si","url":"https:\/\/novice.si\/page\/","logo":{"@type":"ImageObject","inLanguage":"sl-SI","@id":"https:\/\/novice.si\/page\/#\/schema\/logo\/image\/","url":"https:\/\/novice.si\/page\/wp-content\/uploads\/2023\/03\/novice_si.png","contentUrl":"https:\/\/novice.si\/page\/wp-content\/uploads\/2023\/03\/novice_si.png","width":576,"height":200,"caption":"Novice.si"},"image":{"@id":"https:\/\/novice.si\/page\/#\/schema\/logo\/image\/"}},{"@type":"Person","@id":"https:\/\/novice.si\/page\/#\/schema\/person\/a877dbb8680d441357ce27663beb35ca","name":"Uredni\u0161tvo Novic","image":{"@type":"ImageObject","inLanguage":"sl-SI","@id":"https:\/\/secure.gravatar.com\/avatar\/f19c0ae874706cc9ba19d2f6da5f74a5a5ee7674f283fed29ce0ad16a9f1893e?s=96&d=mm&r=g","url":"https:\/\/secure.gravatar.com\/avatar\/f19c0ae874706cc9ba19d2f6da5f74a5a5ee7674f283fed29ce0ad16a9f1893e?s=96&d=mm&r=g","contentUrl":"https:\/\/secure.gravatar.com\/avatar\/f19c0ae874706cc9ba19d2f6da5f74a5a5ee7674f283fed29ce0ad16a9f1893e?s=96&d=mm&r=g","caption":"Uredni\u0161tvo Novic"},"url":"https:\/\/novice.si\/page\/author\/jure\/"}]}},"_links":{"self":[{"href":"https:\/\/novice.si\/page\/wp-json\/wp\/v2\/posts\/168045","targetHints":{"allow":["GET"]}}],"collection":[{"href":"https:\/\/novice.si\/page\/wp-json\/wp\/v2\/posts"}],"about":[{"href":"https:\/\/novice.si\/page\/wp-json\/wp\/v2\/types\/post"}],"author":[{"embeddable":true,"href":"https:\/\/novice.si\/page\/wp-json\/wp\/v2\/users\/7"}],"replies":[{"embeddable":true,"href":"https:\/\/novice.si\/page\/wp-json\/wp\/v2\/comments?post=168045"}],"version-history":[{"count":1,"href":"https:\/\/novice.si\/page\/wp-json\/wp\/v2\/posts\/168045\/revisions"}],"predecessor-version":[{"id":168048,"href":"https:\/\/novice.si\/page\/wp-json\/wp\/v2\/posts\/168045\/revisions\/168048"}],"wp:featuredmedia":[{"embeddable":true,"href":"https:\/\/novice.si\/page\/wp-json\/wp\/v2\/media\/168047"}],"wp:attachment":[{"href":"https:\/\/novice.si\/page\/wp-json\/wp\/v2\/media?parent=168045"}],"wp:term":[{"taxonomy":"category","embeddable":true,"href":"https:\/\/novice.si\/page\/wp-json\/wp\/v2\/categories?post=168045"},{"taxonomy":"post_tag","embeddable":true,"href":"https:\/\/novice.si\/page\/wp-json\/wp\/v2\/tags?post=168045"}],"curies":[{"name":"wp","href":"https:\/\/api.w.org\/{rel}","templated":true}]}}