{"id":167977,"date":"2023-09-30T12:33:06","date_gmt":"2023-09-30T10:33:06","guid":{"rendered":"https:\/\/novice.si\/page\/?p=167977"},"modified":"2023-09-30T12:33:06","modified_gmt":"2023-09-30T10:33:06","slug":"nova-vodja-konjiskega-centra-za-krepitev-zdravja-je-katarina-verhovsek","status":"publish","type":"post","link":"https:\/\/novice.si\/page\/nova-vodja-konjiskega-centra-za-krepitev-zdravja-je-katarina-verhovsek\/","title":{"rendered":"Nova vodja konji\u0161kega Centra za krepitev zdravja je Katarina Verhov\u0161ek"},"content":{"rendered":"<figure id=\"attachment_167978\" aria-describedby=\"caption-attachment-167978\" style=\"width: 600px\" class=\"wp-caption alignnone\"><img loading=\"lazy\" decoding=\"async\" class=\"wp-image-167978 size-medium\" src=\"https:\/\/novice.si\/page\/wp-content\/uploads\/2023\/09\/center-za-krepitev-zdravja_resize-600x450.jpg\" alt=\"\" width=\"600\" height=\"450\" srcset=\"https:\/\/novice.si\/page\/wp-content\/uploads\/2023\/09\/center-za-krepitev-zdravja_resize-600x450.jpg 600w, https:\/\/novice.si\/page\/wp-content\/uploads\/2023\/09\/center-za-krepitev-zdravja_resize-768x576.jpg 768w, https:\/\/novice.si\/page\/wp-content\/uploads\/2023\/09\/center-za-krepitev-zdravja_resize-80x60.jpg 80w, https:\/\/novice.si\/page\/wp-content\/uploads\/2023\/09\/center-za-krepitev-zdravja_resize-265x198.jpg 265w, https:\/\/novice.si\/page\/wp-content\/uploads\/2023\/09\/center-za-krepitev-zdravja_resize-696x522.jpg 696w, https:\/\/novice.si\/page\/wp-content\/uploads\/2023\/09\/center-za-krepitev-zdravja_resize-560x420.jpg 560w, https:\/\/novice.si\/page\/wp-content\/uploads\/2023\/09\/center-za-krepitev-zdravja_resize-24x18.jpg 24w, https:\/\/novice.si\/page\/wp-content\/uploads\/2023\/09\/center-za-krepitev-zdravja_resize-36x27.jpg 36w, https:\/\/novice.si\/page\/wp-content\/uploads\/2023\/09\/center-za-krepitev-zdravja_resize-48x36.jpg 48w, https:\/\/novice.si\/page\/wp-content\/uploads\/2023\/09\/center-za-krepitev-zdravja_resize.jpg 800w\" sizes=\"auto, (max-width: 600px) 100vw, 600px\" \/><figcaption id=\"caption-attachment-167978\" class=\"wp-caption-text\">V konji\u0161kem Centru za krepitev zdravja je deset zaposlenih.<\/figcaption><\/figure>\n<p>Vodenje Centra za krepitev zdravja (CKZ), ki v konji\u0161kem Zdravstvenem domu deluje \u017ee od leta 2018, je s septembrom prevzela <strong>Katarina Verhov\u0161ek<\/strong>. Ta v omenjenem centru, ki se je prej imenoval Zdravstveno vzgojni center, dela \u017ee \u0161est let. Preden je prevzela novo funkcijo, pa je izvajala preventivne delavnice za odrasle in vzgojo za zdravje otrok in mladostnikov na \u0161olah. &#8220;Delo po zadnjih kadrovskih spremembah poteka nemoteno. Organizacija dela je ostala nespremenjena,&#8221; je povedala Verhov\u0161kova, ki je na \u010delu deset\u010dlanske ekipe. Programi centra so sicer dolo\u010deni s strani ZZZS-ja in NIJZ-ja in za zdaj ostajajo nespremenjeni. Se pa vseskozi vklju\u010dujejo v lokalno skupnost in se sproti prilagajajo potrebam uporabnikov. Ve\u010d informacij je objavljenih tudi na spletni strani Zdravstvenega doma, pod zavihkom Center za krepitev zdravja. (Jure Mernik)<\/p>\n","protected":false},"excerpt":{"rendered":"<p>Vodenje Centra za krepitev zdravja (CKZ), ki v konji\u0161kem Zdravstvenem domu deluje \u017ee od leta 2018, je s septembrom prevzela Katarina Verhov\u0161ek. Ta v omenjenem centru, ki se je prej imenoval Zdravstveno vzgojni center, dela \u017ee \u0161est let. Preden je prevzela novo funkcijo, pa je izvajala preventivne delavnice za odrasle in vzgojo za zdravje otrok [&hellip;]<\/p>\n","protected":false},"author":7,"featured_media":167979,"comment_status":"closed","ping_status":"closed","sticky":false,"template":"","format":"standard","meta":{"footnotes":""},"categories":[14,16],"tags":[6318,18837],"class_list":{"0":"post-167977","1":"post","2":"type-post","3":"status-publish","4":"format-standard","5":"has-post-thumbnail","7":"category-aktualno","8":"category-konjisko","9":"tag-center-za-krepitev-zdravje","10":"tag-katarina-verhovsek"},"yoast_head":"<!-- This site is optimized with the Yoast SEO plugin v27.4 - https:\/\/yoast.com\/product\/yoast-seo-wordpress\/ -->\n<title>Nova vodja konji\u0161kega Centra za krepitev zdravja je Katarina Verhov\u0161ek - Novice.si<\/title>\n<meta name=\"robots\" content=\"index, follow, max-snippet:-1, max-image-preview:large, max-video-preview:-1\" \/>\n<link rel=\"canonical\" href=\"https:\/\/novice.si\/page\/nova-vodja-konjiskega-centra-za-krepitev-zdravja-je-katarina-verhovsek\/\" \/>\n<meta property=\"og:locale\" content=\"sl_SI\" \/>\n<meta property=\"og:type\" content=\"article\" \/>\n<meta property=\"og:title\" content=\"Nova vodja konji\u0161kega Centra za krepitev zdravja je Katarina Verhov\u0161ek - Novice.si\" \/>\n<meta property=\"og:description\" content=\"Vodenje Centra za krepitev zdravja (CKZ), ki v konji\u0161kem Zdravstvenem domu deluje \u017ee od leta 2018, je s septembrom prevzela Katarina Verhov\u0161ek. Ta v omenjenem centru, ki se je prej imenoval Zdravstveno vzgojni center, dela \u017ee \u0161est let. Preden je prevzela novo funkcijo, pa je izvajala preventivne delavnice za odrasle in vzgojo za zdravje otrok [&hellip;]\" \/>\n<meta property=\"og:url\" content=\"https:\/\/novice.si\/page\/nova-vodja-konjiskega-centra-za-krepitev-zdravja-je-katarina-verhovsek\/\" \/>\n<meta property=\"og:site_name\" content=\"Novice.si\" \/>\n<meta property=\"article:published_time\" content=\"2023-09-30T10:33:06+00:00\" \/>\n<meta property=\"og:image\" content=\"https:\/\/novice.si\/page\/wp-content\/uploads\/2023\/09\/verhovsek-katarina-2023-2_resize.jpg\" \/>\n\t<meta property=\"og:image:width\" content=\"798\" \/>\n\t<meta property=\"og:image:height\" content=\"600\" \/>\n\t<meta property=\"og:image:type\" content=\"image\/jpeg\" \/>\n<meta name=\"author\" content=\"Uredni\u0161tvo Novic\" \/>\n<meta name=\"twitter:card\" content=\"summary_large_image\" \/>\n<meta name=\"twitter:label1\" content=\"Written by\" \/>\n\t<meta name=\"twitter:data1\" content=\"Uredni\u0161tvo Novic\" \/>\n\t<meta name=\"twitter:label2\" content=\"Est. reading time\" \/>\n\t<meta name=\"twitter:data2\" content=\"1 minuta\" \/>\n<script type=\"application\/ld+json\" class=\"yoast-schema-graph\">{\"@context\":\"https:\\\/\\\/schema.org\",\"@graph\":[{\"@type\":\"Article\",\"@id\":\"https:\\\/\\\/novice.si\\\/page\\\/nova-vodja-konjiskega-centra-za-krepitev-zdravja-je-katarina-verhovsek\\\/#article\",\"isPartOf\":{\"@id\":\"https:\\\/\\\/novice.si\\\/page\\\/nova-vodja-konjiskega-centra-za-krepitev-zdravja-je-katarina-verhovsek\\\/\"},\"author\":{\"name\":\"Uredni\u0161tvo Novic\",\"@id\":\"https:\\\/\\\/novice.si\\\/page\\\/#\\\/schema\\\/person\\\/a877dbb8680d441357ce27663beb35ca\"},\"headline\":\"Nova vodja konji\u0161kega Centra za krepitev zdravja je Katarina Verhov\u0161ek\",\"datePublished\":\"2023-09-30T10:33:06+00:00\",\"mainEntityOfPage\":{\"@id\":\"https:\\\/\\\/novice.si\\\/page\\\/nova-vodja-konjiskega-centra-za-krepitev-zdravja-je-katarina-verhovsek\\\/\"},\"wordCount\":160,\"publisher\":{\"@id\":\"https:\\\/\\\/novice.si\\\/page\\\/#organization\"},\"image\":{\"@id\":\"https:\\\/\\\/novice.si\\\/page\\\/nova-vodja-konjiskega-centra-za-krepitev-zdravja-je-katarina-verhovsek\\\/#primaryimage\"},\"thumbnailUrl\":\"https:\\\/\\\/novice.si\\\/page\\\/wp-content\\\/uploads\\\/2023\\\/09\\\/verhovsek-katarina-2023-2_resize.jpg\",\"keywords\":[\"Center za krepitev zdravje\",\"Katarina Verhov\u0161ek\"],\"articleSection\":[\"Aktualno\",\"Konji\u0161ko\"],\"inLanguage\":\"sl-SI\"},{\"@type\":\"WebPage\",\"@id\":\"https:\\\/\\\/novice.si\\\/page\\\/nova-vodja-konjiskega-centra-za-krepitev-zdravja-je-katarina-verhovsek\\\/\",\"url\":\"https:\\\/\\\/novice.si\\\/page\\\/nova-vodja-konjiskega-centra-za-krepitev-zdravja-je-katarina-verhovsek\\\/\",\"name\":\"Nova vodja konji\u0161kega Centra za krepitev zdravja je Katarina Verhov\u0161ek - Novice.si\",\"isPartOf\":{\"@id\":\"https:\\\/\\\/novice.si\\\/page\\\/#website\"},\"primaryImageOfPage\":{\"@id\":\"https:\\\/\\\/novice.si\\\/page\\\/nova-vodja-konjiskega-centra-za-krepitev-zdravja-je-katarina-verhovsek\\\/#primaryimage\"},\"image\":{\"@id\":\"https:\\\/\\\/novice.si\\\/page\\\/nova-vodja-konjiskega-centra-za-krepitev-zdravja-je-katarina-verhovsek\\\/#primaryimage\"},\"thumbnailUrl\":\"https:\\\/\\\/novice.si\\\/page\\\/wp-content\\\/uploads\\\/2023\\\/09\\\/verhovsek-katarina-2023-2_resize.jpg\",\"datePublished\":\"2023-09-30T10:33:06+00:00\",\"breadcrumb\":{\"@id\":\"https:\\\/\\\/novice.si\\\/page\\\/nova-vodja-konjiskega-centra-za-krepitev-zdravja-je-katarina-verhovsek\\\/#breadcrumb\"},\"inLanguage\":\"sl-SI\",\"potentialAction\":[{\"@type\":\"ReadAction\",\"target\":[\"https:\\\/\\\/novice.si\\\/page\\\/nova-vodja-konjiskega-centra-za-krepitev-zdravja-je-katarina-verhovsek\\\/\"]}]},{\"@type\":\"ImageObject\",\"inLanguage\":\"sl-SI\",\"@id\":\"https:\\\/\\\/novice.si\\\/page\\\/nova-vodja-konjiskega-centra-za-krepitev-zdravja-je-katarina-verhovsek\\\/#primaryimage\",\"url\":\"https:\\\/\\\/novice.si\\\/page\\\/wp-content\\\/uploads\\\/2023\\\/09\\\/verhovsek-katarina-2023-2_resize.jpg\",\"contentUrl\":\"https:\\\/\\\/novice.si\\\/page\\\/wp-content\\\/uploads\\\/2023\\\/09\\\/verhovsek-katarina-2023-2_resize.jpg\",\"width\":798,\"height\":600},{\"@type\":\"BreadcrumbList\",\"@id\":\"https:\\\/\\\/novice.si\\\/page\\\/nova-vodja-konjiskega-centra-za-krepitev-zdravja-je-katarina-verhovsek\\\/#breadcrumb\",\"itemListElement\":[{\"@type\":\"ListItem\",\"position\":1,\"name\":\"Home\",\"item\":\"https:\\\/\\\/novice.si\\\/page\\\/\"},{\"@type\":\"ListItem\",\"position\":2,\"name\":\"Nova vodja konji\u0161kega Centra za krepitev zdravja je Katarina Verhov\u0161ek\"}]},{\"@type\":\"WebSite\",\"@id\":\"https:\\\/\\\/novice.si\\\/page\\\/#website\",\"url\":\"https:\\\/\\\/novice.si\\\/page\\\/\",\"name\":\"Novice.si\",\"description\":\"\",\"publisher\":{\"@id\":\"https:\\\/\\\/novice.si\\\/page\\\/#organization\"},\"potentialAction\":[{\"@type\":\"SearchAction\",\"target\":{\"@type\":\"EntryPoint\",\"urlTemplate\":\"https:\\\/\\\/novice.si\\\/page\\\/?s={search_term_string}\"},\"query-input\":{\"@type\":\"PropertyValueSpecification\",\"valueRequired\":true,\"valueName\":\"search_term_string\"}}],\"inLanguage\":\"sl-SI\"},{\"@type\":\"Organization\",\"@id\":\"https:\\\/\\\/novice.si\\\/page\\\/#organization\",\"name\":\"Novice.si\",\"url\":\"https:\\\/\\\/novice.si\\\/page\\\/\",\"logo\":{\"@type\":\"ImageObject\",\"inLanguage\":\"sl-SI\",\"@id\":\"https:\\\/\\\/novice.si\\\/page\\\/#\\\/schema\\\/logo\\\/image\\\/\",\"url\":\"https:\\\/\\\/novice.si\\\/page\\\/wp-content\\\/uploads\\\/2023\\\/03\\\/novice_si.png\",\"contentUrl\":\"https:\\\/\\\/novice.si\\\/page\\\/wp-content\\\/uploads\\\/2023\\\/03\\\/novice_si.png\",\"width\":576,\"height\":200,\"caption\":\"Novice.si\"},\"image\":{\"@id\":\"https:\\\/\\\/novice.si\\\/page\\\/#\\\/schema\\\/logo\\\/image\\\/\"}},{\"@type\":\"Person\",\"@id\":\"https:\\\/\\\/novice.si\\\/page\\\/#\\\/schema\\\/person\\\/a877dbb8680d441357ce27663beb35ca\",\"name\":\"Uredni\u0161tvo Novic\",\"image\":{\"@type\":\"ImageObject\",\"inLanguage\":\"sl-SI\",\"@id\":\"https:\\\/\\\/secure.gravatar.com\\\/avatar\\\/f19c0ae874706cc9ba19d2f6da5f74a5a5ee7674f283fed29ce0ad16a9f1893e?s=96&d=mm&r=g\",\"url\":\"https:\\\/\\\/secure.gravatar.com\\\/avatar\\\/f19c0ae874706cc9ba19d2f6da5f74a5a5ee7674f283fed29ce0ad16a9f1893e?s=96&d=mm&r=g\",\"contentUrl\":\"https:\\\/\\\/secure.gravatar.com\\\/avatar\\\/f19c0ae874706cc9ba19d2f6da5f74a5a5ee7674f283fed29ce0ad16a9f1893e?s=96&d=mm&r=g\",\"caption\":\"Uredni\u0161tvo Novic\"},\"url\":\"https:\\\/\\\/novice.si\\\/page\\\/author\\\/jure\\\/\"}]}<\/script>\n<!-- \/ Yoast SEO plugin. -->","yoast_head_json":{"title":"Nova vodja konji\u0161kega Centra za krepitev zdravja je Katarina Verhov\u0161ek - Novice.si","robots":{"index":"index","follow":"follow","max-snippet":"max-snippet:-1","max-image-preview":"max-image-preview:large","max-video-preview":"max-video-preview:-1"},"canonical":"https:\/\/novice.si\/page\/nova-vodja-konjiskega-centra-za-krepitev-zdravja-je-katarina-verhovsek\/","og_locale":"sl_SI","og_type":"article","og_title":"Nova vodja konji\u0161kega Centra za krepitev zdravja je Katarina Verhov\u0161ek - Novice.si","og_description":"Vodenje Centra za krepitev zdravja (CKZ), ki v konji\u0161kem Zdravstvenem domu deluje \u017ee od leta 2018, je s septembrom prevzela Katarina Verhov\u0161ek. Ta v omenjenem centru, ki se je prej imenoval Zdravstveno vzgojni center, dela \u017ee \u0161est let. Preden je prevzela novo funkcijo, pa je izvajala preventivne delavnice za odrasle in vzgojo za zdravje otrok [&hellip;]","og_url":"https:\/\/novice.si\/page\/nova-vodja-konjiskega-centra-za-krepitev-zdravja-je-katarina-verhovsek\/","og_site_name":"Novice.si","article_published_time":"2023-09-30T10:33:06+00:00","og_image":[{"width":798,"height":600,"url":"https:\/\/novice.si\/page\/wp-content\/uploads\/2023\/09\/verhovsek-katarina-2023-2_resize.jpg","type":"image\/jpeg"}],"author":"Uredni\u0161tvo Novic","twitter_card":"summary_large_image","twitter_misc":{"Written by":"Uredni\u0161tvo Novic","Est. reading time":"1 minuta"},"schema":{"@context":"https:\/\/schema.org","@graph":[{"@type":"Article","@id":"https:\/\/novice.si\/page\/nova-vodja-konjiskega-centra-za-krepitev-zdravja-je-katarina-verhovsek\/#article","isPartOf":{"@id":"https:\/\/novice.si\/page\/nova-vodja-konjiskega-centra-za-krepitev-zdravja-je-katarina-verhovsek\/"},"author":{"name":"Uredni\u0161tvo Novic","@id":"https:\/\/novice.si\/page\/#\/schema\/person\/a877dbb8680d441357ce27663beb35ca"},"headline":"Nova vodja konji\u0161kega Centra za krepitev zdravja je Katarina Verhov\u0161ek","datePublished":"2023-09-30T10:33:06+00:00","mainEntityOfPage":{"@id":"https:\/\/novice.si\/page\/nova-vodja-konjiskega-centra-za-krepitev-zdravja-je-katarina-verhovsek\/"},"wordCount":160,"publisher":{"@id":"https:\/\/novice.si\/page\/#organization"},"image":{"@id":"https:\/\/novice.si\/page\/nova-vodja-konjiskega-centra-za-krepitev-zdravja-je-katarina-verhovsek\/#primaryimage"},"thumbnailUrl":"https:\/\/novice.si\/page\/wp-content\/uploads\/2023\/09\/verhovsek-katarina-2023-2_resize.jpg","keywords":["Center za krepitev zdravje","Katarina Verhov\u0161ek"],"articleSection":["Aktualno","Konji\u0161ko"],"inLanguage":"sl-SI"},{"@type":"WebPage","@id":"https:\/\/novice.si\/page\/nova-vodja-konjiskega-centra-za-krepitev-zdravja-je-katarina-verhovsek\/","url":"https:\/\/novice.si\/page\/nova-vodja-konjiskega-centra-za-krepitev-zdravja-je-katarina-verhovsek\/","name":"Nova vodja konji\u0161kega Centra za krepitev zdravja je Katarina Verhov\u0161ek - Novice.si","isPartOf":{"@id":"https:\/\/novice.si\/page\/#website"},"primaryImageOfPage":{"@id":"https:\/\/novice.si\/page\/nova-vodja-konjiskega-centra-za-krepitev-zdravja-je-katarina-verhovsek\/#primaryimage"},"image":{"@id":"https:\/\/novice.si\/page\/nova-vodja-konjiskega-centra-za-krepitev-zdravja-je-katarina-verhovsek\/#primaryimage"},"thumbnailUrl":"https:\/\/novice.si\/page\/wp-content\/uploads\/2023\/09\/verhovsek-katarina-2023-2_resize.jpg","datePublished":"2023-09-30T10:33:06+00:00","breadcrumb":{"@id":"https:\/\/novice.si\/page\/nova-vodja-konjiskega-centra-za-krepitev-zdravja-je-katarina-verhovsek\/#breadcrumb"},"inLanguage":"sl-SI","potentialAction":[{"@type":"ReadAction","target":["https:\/\/novice.si\/page\/nova-vodja-konjiskega-centra-za-krepitev-zdravja-je-katarina-verhovsek\/"]}]},{"@type":"ImageObject","inLanguage":"sl-SI","@id":"https:\/\/novice.si\/page\/nova-vodja-konjiskega-centra-za-krepitev-zdravja-je-katarina-verhovsek\/#primaryimage","url":"https:\/\/novice.si\/page\/wp-content\/uploads\/2023\/09\/verhovsek-katarina-2023-2_resize.jpg","contentUrl":"https:\/\/novice.si\/page\/wp-content\/uploads\/2023\/09\/verhovsek-katarina-2023-2_resize.jpg","width":798,"height":600},{"@type":"BreadcrumbList","@id":"https:\/\/novice.si\/page\/nova-vodja-konjiskega-centra-za-krepitev-zdravja-je-katarina-verhovsek\/#breadcrumb","itemListElement":[{"@type":"ListItem","position":1,"name":"Home","item":"https:\/\/novice.si\/page\/"},{"@type":"ListItem","position":2,"name":"Nova vodja konji\u0161kega Centra za krepitev zdravja je Katarina Verhov\u0161ek"}]},{"@type":"WebSite","@id":"https:\/\/novice.si\/page\/#website","url":"https:\/\/novice.si\/page\/","name":"Novice.si","description":"","publisher":{"@id":"https:\/\/novice.si\/page\/#organization"},"potentialAction":[{"@type":"SearchAction","target":{"@type":"EntryPoint","urlTemplate":"https:\/\/novice.si\/page\/?s={search_term_string}"},"query-input":{"@type":"PropertyValueSpecification","valueRequired":true,"valueName":"search_term_string"}}],"inLanguage":"sl-SI"},{"@type":"Organization","@id":"https:\/\/novice.si\/page\/#organization","name":"Novice.si","url":"https:\/\/novice.si\/page\/","logo":{"@type":"ImageObject","inLanguage":"sl-SI","@id":"https:\/\/novice.si\/page\/#\/schema\/logo\/image\/","url":"https:\/\/novice.si\/page\/wp-content\/uploads\/2023\/03\/novice_si.png","contentUrl":"https:\/\/novice.si\/page\/wp-content\/uploads\/2023\/03\/novice_si.png","width":576,"height":200,"caption":"Novice.si"},"image":{"@id":"https:\/\/novice.si\/page\/#\/schema\/logo\/image\/"}},{"@type":"Person","@id":"https:\/\/novice.si\/page\/#\/schema\/person\/a877dbb8680d441357ce27663beb35ca","name":"Uredni\u0161tvo Novic","image":{"@type":"ImageObject","inLanguage":"sl-SI","@id":"https:\/\/secure.gravatar.com\/avatar\/f19c0ae874706cc9ba19d2f6da5f74a5a5ee7674f283fed29ce0ad16a9f1893e?s=96&d=mm&r=g","url":"https:\/\/secure.gravatar.com\/avatar\/f19c0ae874706cc9ba19d2f6da5f74a5a5ee7674f283fed29ce0ad16a9f1893e?s=96&d=mm&r=g","contentUrl":"https:\/\/secure.gravatar.com\/avatar\/f19c0ae874706cc9ba19d2f6da5f74a5a5ee7674f283fed29ce0ad16a9f1893e?s=96&d=mm&r=g","caption":"Uredni\u0161tvo Novic"},"url":"https:\/\/novice.si\/page\/author\/jure\/"}]}},"_links":{"self":[{"href":"https:\/\/novice.si\/page\/wp-json\/wp\/v2\/posts\/167977","targetHints":{"allow":["GET"]}}],"collection":[{"href":"https:\/\/novice.si\/page\/wp-json\/wp\/v2\/posts"}],"about":[{"href":"https:\/\/novice.si\/page\/wp-json\/wp\/v2\/types\/post"}],"author":[{"embeddable":true,"href":"https:\/\/novice.si\/page\/wp-json\/wp\/v2\/users\/7"}],"replies":[{"embeddable":true,"href":"https:\/\/novice.si\/page\/wp-json\/wp\/v2\/comments?post=167977"}],"version-history":[{"count":1,"href":"https:\/\/novice.si\/page\/wp-json\/wp\/v2\/posts\/167977\/revisions"}],"predecessor-version":[{"id":167980,"href":"https:\/\/novice.si\/page\/wp-json\/wp\/v2\/posts\/167977\/revisions\/167980"}],"wp:featuredmedia":[{"embeddable":true,"href":"https:\/\/novice.si\/page\/wp-json\/wp\/v2\/media\/167979"}],"wp:attachment":[{"href":"https:\/\/novice.si\/page\/wp-json\/wp\/v2\/media?parent=167977"}],"wp:term":[{"taxonomy":"category","embeddable":true,"href":"https:\/\/novice.si\/page\/wp-json\/wp\/v2\/categories?post=167977"},{"taxonomy":"post_tag","embeddable":true,"href":"https:\/\/novice.si\/page\/wp-json\/wp\/v2\/tags?post=167977"}],"curies":[{"name":"wp","href":"https:\/\/api.w.org\/{rel}","templated":true}]}}