{"id":167881,"date":"2023-09-27T13:19:30","date_gmt":"2023-09-27T11:19:30","guid":{"rendered":"https:\/\/novice.si\/page\/?p=167881"},"modified":"2023-09-27T13:19:30","modified_gmt":"2023-09-27T11:19:30","slug":"iva-pucnik-ozimic-na-prihodnost-srednjega-solstva-na-bistriskem-gledam-z-zaupanjem-in-optimizmom","status":"publish","type":"post","link":"https:\/\/novice.si\/page\/iva-pucnik-ozimic-na-prihodnost-srednjega-solstva-na-bistriskem-gledam-z-zaupanjem-in-optimizmom\/","title":{"rendered":"Iva Pu\u010dnik Ozimi\u010d: Na prihodnost srednjega \u0161olstva na Bistri\u0161kem gledam z zaupanjem in optimizmom"},"content":{"rendered":"<p><strong>Iva Pu\u010dnik Ozimi\u010d<\/strong> je do za\u010detka leto\u0161njega \u0161olskega leta bila ravnateljica Srednje \u0161ole Slovenska Bistrica (S\u0160SB) in to vse od njene ustanovitve pred 24 leti. Vpra\u0161ali smo jo, kako gleda na prihodnost srednjega \u0161olstva na Bistri\u0161kem, pa tudi kaj bo po\u010dela sedaj, ko odhaja v pokoj \u2026<\/p>\n<div id='gallery-1' class='gallery galleryid-167881 gallery-columns-3 gallery-size-thumbnail'><figure class='gallery-item'>\n\t\t\t<div class='gallery-icon landscape'>\n\t\t\t\t<a href='https:\/\/novice.si\/page\/iva-pucnik-ozimic-na-prihodnost-srednjega-solstva-na-bistriskem-gledam-z-zaupanjem-in-optimizmom\/slika1-43\/'><img loading=\"lazy\" decoding=\"async\" width=\"150\" height=\"150\" src=\"https:\/\/novice.si\/page\/wp-content\/uploads\/2023\/09\/Slika1-1-150x150.jpg\" class=\"attachment-thumbnail size-thumbnail\" alt=\"\" \/><\/a>\n\t\t\t<\/div><\/figure>\n\t\t<\/div>\n\n<p><strong>Bili ste prva in do zdaj edina ravnateljica S\u0160SB. Na bistri\u0161kem srednje\u0161olskem izobra\u017eevanju ste pustili mo\u010dan pe\u010dat \u2026 Ga ob\u010dutite? <\/strong><\/p>\n<p>Pomembno je, da imamo, po dalj\u0161i prekinitvi v 80-ih letih, Bistri\u010dani spet samostojno srednjo \u0161olo. Vesela sem, da je S\u0160SB postala dobra in prepoznavna izobra\u017eevalna mo\u017enost. Do sedaj se je zvrstilo 24 generacij, vsaka z ve\u010d-sto dijaki, kar je ogromen potencial in seveda ogromno znanstev. Veliko dijakov sre\u010dujem in hkrati vem, da mnogih \u017eal ve\u010d ne prepoznam, saj se mladi hitro spreminjajo, jaz pa tudi z leti \u2026<\/p>\n<p><strong>Kako gledate na prihodnost srednjega \u0161olstva na Bistri\u0161kem? <\/strong><\/p>\n<p>Na prihodnost gledam z zaupanjem in optimizmom. \u0160olo odlikuje dober in zavzet kolektiv z dobro kulturo sodelovanja in odli\u010dnimi pogoji za delo. Je tudi pomemben dejavnik in kadrovski potencial za okolje.<\/p>\n<p><strong>Za vami je mnogo let ravnateljevanja, v tem \u010dasu je pri\u0161lo do \u0161tevilnih sprememb \u2026 \u010cesa ne boste nikoli pozabili?<\/strong><\/p>\n<p>Najve\u010dja sprememba je gotovo razvoj digitalne tehnologije in njen vpliv na procese u\u010denja, pa tudi na socialno dinamiko med mladimi. Sicer pa izgradnja novih prostorov in potem vedno znova uvedba kak\u0161nega novega izobra\u017eevalnega programa. Za\u010deli smo s programom ekonomski tehnik in trgovec, velik zalogaj je bila uvedba gimnazijskega programa, kasneje smo v gimnazijskem programu uvedli \u0161e \u0161portni oddelek, ki pa je \u017eal potem ugasnil. Nato pa \u0161e uvedba programa metalur\u0161ki tehnik, ki pa zahteva precej dodatne opreme, ki nam jo je financiralo podjetje Impol. Zdaj pa smo ravno v fazi izgradnje prizidka za ve\u010djo in bolj\u0161o opremljeno delavni\u0161ko u\u010dilnico za metalur\u0161ke tehnike. Gradnja se pri\u010dne septembra. Prizidek se bo lahko za\u010del uporabljati z naslednjim \u0161olskim letom.<\/p>\n<p><strong>Trenutno je pred nami neko novo obdobje, obdobje umetne inteligence. Kako gledate vi na to? Bo to \u0161olskemu sistemu v korist ali obratno?<\/strong><\/p>\n<p>Uh, te\u017eko vpra\u0161anje \u2026 Ta hip to \u0161e te\u017eko presojam, saj je vpliv tovrstnih orodij na \u0161olski sistem \u0161e dokaj sve\u017e (\u010deprav se tematike na \u0161oli \u017ee lotevamo), u\u010dinki pa seveda \u0161e neraziskani. Ob\u010dutek pa imam, da bo vpliv dvojen: izobra\u017eevanje se bo lahko do dolo\u010dene mere razbremenilo faktografije (u\u010denja dolo\u010denih podatkov), a ne bo smelo zanemarjati poznavanja dolo\u010denih zakonitosti in temeljnih znanj \u0161olajo\u010dih, ki bodo njihova nujna orientacija za presojanje in nadgradnjo umetno-inteligen\u010dnih produktov. Prisotnost umetne inteligence bo zahtevalo spremembe v didakti\u010dnih sistemih, vse do vrednotenja znanja. Pojavljajo se tudi vpra\u0161anja, kaj bo prinesel spopad velikih tehnolo\u0161kih podjetij za prevlado na tem podro\u010dju in ali bodo v tej pri\u010dakovani tekmi dovolj pozorni na morebitna tveganja, ki jih bodo te storitve prina\u0161ale? Bo prevladala odgovornost, se bo dalo izogniti manipulacijam oziroma kako jih sploh prepoznavati in nadzirati \u2026?<\/p>\n<p><strong>V teh letih ste zaposlenim in dijakom lahko predali marsikaj \u2026 Pa vendar, ste se tudi vi v teh letih kaj nau\u010dili od dijakov? <\/strong><\/p>\n<p>Nenehno in veliko sem se nau\u010dila od njih, iz njihovega mladostnega optimizma, njihove pripravljenosti za sodelovanje, iz njihovih pripomb in predlogov \u2026 Hvale\u017ena sem bila za vsako \u00bbpostavljanje ogledala\u00ab, saj je to osnova za dobro skupno delo. Pogosto sem bila prijetno presene\u010dena tudi, kako dijaki cenijo prizadevno delo u\u010diteljev in to tudi izrazijo \u2026<\/p>\n<p><strong>Ste v \u010dasu va\u0161ega ravnateljevanja uresni\u010dili vse va\u0161e cilje? <\/strong><\/p>\n<p>V 24-ih letih smo dosegli veliko ciljev. Res pa to ni nikoli kon\u010dano delo \u2026 Cilji se vedno oblikujejo na nivoju \u0161ole in pomembno je, da so oblikovani skupaj z vsemi zaposlenimi. Seveda pa so v precej\u0161nji soodvisnosti od izobra\u017eevalne politike dr\u017eave. Zadnje mesece mi misli be\u017eijo k stvarem, ki bi jih morda \u0161e lahko izpeljali, pa jih nismo \u2026 Lahko bi recimo zaklju\u010dili razmislek o morebitni uvedbi vi\u0161je\u0161olskega izobra\u017eevalnega programa, recimo metalurgije ali \u00bbproizvodne\u00ab informatike. A enkrat je pa\u010d potrebno zaklju\u010diti.<\/p>\n<p><strong>Sklepam, da ste v slu\u017ebo radi hodili? Pa vendarle ni zmeraj vse lahko \u2026<\/strong><\/p>\n<p>Res sem rada hodila v slu\u017ebo. Ni pa bilo vedno lahko. Najte\u017eje je bilo za\u010detno obdobje, ko smo imeli veliko te\u017eav z zagotavljanjem primernih prostorov in hkrati s prizadevanji za novogradnjo. Marca 2005 smo se preselili v novo zgradbo in takrat je postalo mnogo la\u017eje, saj smo bili vsi zbrani pod eno streho. Pred tem smo bili v prostorih Ljudske univerze. Z razvojem \u0161ole smo gostovali \u0161e drugod, v biv\u0161i poslovni stavbi Mercatorja, v Zavodu za \u0161port v sejni sobi, njihove \u0161portne prostore smo uporabljali za \u0161portno vzgojo, ob\u010dasno tudi v glasbeni \u0161oli, pa tudi v gasilskem domu \u2026 Laboratorijske vaje s podro\u010dja naravoslovja smo opravljali na mariborskih \u0161olah. Takrat je bilo res logisti\u010dno naporno in brez teh novih prostorskih mo\u017enosti bi lahko bil obstoj \u0161ole ogro\u017een.<\/p>\n<p><strong>Kmalu odhajate v pokoj \u2026 Kaj boste po\u010deli?<\/strong><\/p>\n<p>Oh, veliko je stvari, za katere bom kon\u010dno imela ve\u010d \u010dasa. Ve\u010d branja in prepotrebnega gibanja, dru\u017eenja z vnuki in mojo razveseljivo vitalno mamo, tudi kak\u0161no potovanje, dokler bo \u0161e kaj energije za to \u2026 Potovanja so moja kar velika \u017eelja.<\/p>\n<p>&nbsp;<\/p>\n<p>Intervju je v celoti objavljen v septembrski \u0161tevilki Bistri\u0161kih novic. (A. Sobo\u010dan)<\/p>\n","protected":false},"excerpt":{"rendered":"<p>Iva Pu\u010dnik Ozimi\u010d je do za\u010detka leto\u0161njega \u0161olskega leta bila ravnateljica Srednje \u0161ole Slovenska Bistrica (S\u0160SB) in to vse od njene ustanovitve pred 24 leti. Vpra\u0161ali smo jo, kako gleda na prihodnost srednjega \u0161olstva na Bistri\u0161kem, pa tudi kaj bo po\u010dela sedaj, ko odhaja v pokoj \u2026 Bili ste prva in do zdaj edina ravnateljica [&hellip;]<\/p>\n","protected":false},"author":12,"featured_media":167882,"comment_status":"closed","ping_status":"closed","sticky":false,"template":"","format":"standard","meta":{"footnotes":""},"categories":[14,32],"tags":[7949,10356],"class_list":{"0":"post-167881","1":"post","2":"type-post","3":"status-publish","4":"format-standard","5":"has-post-thumbnail","7":"category-aktualno","8":"category-bistrisko","9":"tag-iva-pucnik-ozimic","10":"tag-sssb"},"yoast_head":"<!-- This site is optimized with the Yoast SEO plugin v27.4 - https:\/\/yoast.com\/product\/yoast-seo-wordpress\/ -->\n<title>Iva Pu\u010dnik Ozimi\u010d: Na prihodnost srednjega \u0161olstva na Bistri\u0161kem gledam z zaupanjem in optimizmom - Novice.si<\/title>\n<meta name=\"robots\" content=\"index, follow, max-snippet:-1, max-image-preview:large, max-video-preview:-1\" \/>\n<link rel=\"canonical\" href=\"https:\/\/novice.si\/page\/iva-pucnik-ozimic-na-prihodnost-srednjega-solstva-na-bistriskem-gledam-z-zaupanjem-in-optimizmom\/\" \/>\n<meta property=\"og:locale\" content=\"sl_SI\" \/>\n<meta property=\"og:type\" content=\"article\" \/>\n<meta property=\"og:title\" content=\"Iva Pu\u010dnik Ozimi\u010d: Na prihodnost srednjega \u0161olstva na Bistri\u0161kem gledam z zaupanjem in optimizmom - Novice.si\" \/>\n<meta property=\"og:description\" content=\"Iva Pu\u010dnik Ozimi\u010d je do za\u010detka leto\u0161njega \u0161olskega leta bila ravnateljica Srednje \u0161ole Slovenska Bistrica (S\u0160SB) in to vse od njene ustanovitve pred 24 leti. Vpra\u0161ali smo jo, kako gleda na prihodnost srednjega \u0161olstva na Bistri\u0161kem, pa tudi kaj bo po\u010dela sedaj, ko odhaja v pokoj \u2026 Bili ste prva in do zdaj edina ravnateljica [&hellip;]\" \/>\n<meta property=\"og:url\" content=\"https:\/\/novice.si\/page\/iva-pucnik-ozimic-na-prihodnost-srednjega-solstva-na-bistriskem-gledam-z-zaupanjem-in-optimizmom\/\" \/>\n<meta property=\"og:site_name\" content=\"Novice.si\" \/>\n<meta property=\"article:published_time\" content=\"2023-09-27T11:19:30+00:00\" \/>\n<meta property=\"og:image\" content=\"https:\/\/novice.si\/page\/wp-content\/uploads\/2023\/09\/Slika1-1.jpg\" \/>\n\t<meta property=\"og:image:width\" content=\"378\" \/>\n\t<meta property=\"og:image:height\" content=\"252\" \/>\n\t<meta property=\"og:image:type\" content=\"image\/jpeg\" \/>\n<meta name=\"author\" content=\"Uredni\u0161tvo Celjana\" \/>\n<meta name=\"twitter:card\" content=\"summary_large_image\" \/>\n<meta name=\"twitter:label1\" content=\"Written by\" \/>\n\t<meta name=\"twitter:data1\" content=\"Uredni\u0161tvo Celjana\" \/>\n\t<meta name=\"twitter:label2\" content=\"Est. reading time\" \/>\n\t<meta name=\"twitter:data2\" content=\"5 minut\" \/>\n<script type=\"application\/ld+json\" class=\"yoast-schema-graph\">{\"@context\":\"https:\\\/\\\/schema.org\",\"@graph\":[{\"@type\":\"Article\",\"@id\":\"https:\\\/\\\/novice.si\\\/page\\\/iva-pucnik-ozimic-na-prihodnost-srednjega-solstva-na-bistriskem-gledam-z-zaupanjem-in-optimizmom\\\/#article\",\"isPartOf\":{\"@id\":\"https:\\\/\\\/novice.si\\\/page\\\/iva-pucnik-ozimic-na-prihodnost-srednjega-solstva-na-bistriskem-gledam-z-zaupanjem-in-optimizmom\\\/\"},\"author\":{\"name\":\"Uredni\u0161tvo Celjana\",\"@id\":\"https:\\\/\\\/novice.si\\\/page\\\/#\\\/schema\\\/person\\\/51903923b50fefb075bc1cd24fe4d065\"},\"headline\":\"Iva Pu\u010dnik Ozimi\u010d: Na prihodnost srednjega \u0161olstva na Bistri\u0161kem gledam z zaupanjem in optimizmom\",\"datePublished\":\"2023-09-27T11:19:30+00:00\",\"mainEntityOfPage\":{\"@id\":\"https:\\\/\\\/novice.si\\\/page\\\/iva-pucnik-ozimic-na-prihodnost-srednjega-solstva-na-bistriskem-gledam-z-zaupanjem-in-optimizmom\\\/\"},\"wordCount\":934,\"publisher\":{\"@id\":\"https:\\\/\\\/novice.si\\\/page\\\/#organization\"},\"image\":{\"@id\":\"https:\\\/\\\/novice.si\\\/page\\\/iva-pucnik-ozimic-na-prihodnost-srednjega-solstva-na-bistriskem-gledam-z-zaupanjem-in-optimizmom\\\/#primaryimage\"},\"thumbnailUrl\":\"https:\\\/\\\/novice.si\\\/page\\\/wp-content\\\/uploads\\\/2023\\\/09\\\/Slika1-1.jpg\",\"keywords\":[\"Iva Pu\u010dnik Ozimi\u010d\",\"S\u0160SB\"],\"articleSection\":[\"Aktualno\",\"Bistri\u0161ko\"],\"inLanguage\":\"sl-SI\"},{\"@type\":\"WebPage\",\"@id\":\"https:\\\/\\\/novice.si\\\/page\\\/iva-pucnik-ozimic-na-prihodnost-srednjega-solstva-na-bistriskem-gledam-z-zaupanjem-in-optimizmom\\\/\",\"url\":\"https:\\\/\\\/novice.si\\\/page\\\/iva-pucnik-ozimic-na-prihodnost-srednjega-solstva-na-bistriskem-gledam-z-zaupanjem-in-optimizmom\\\/\",\"name\":\"Iva Pu\u010dnik Ozimi\u010d: Na prihodnost srednjega \u0161olstva na Bistri\u0161kem gledam z zaupanjem in optimizmom - Novice.si\",\"isPartOf\":{\"@id\":\"https:\\\/\\\/novice.si\\\/page\\\/#website\"},\"primaryImageOfPage\":{\"@id\":\"https:\\\/\\\/novice.si\\\/page\\\/iva-pucnik-ozimic-na-prihodnost-srednjega-solstva-na-bistriskem-gledam-z-zaupanjem-in-optimizmom\\\/#primaryimage\"},\"image\":{\"@id\":\"https:\\\/\\\/novice.si\\\/page\\\/iva-pucnik-ozimic-na-prihodnost-srednjega-solstva-na-bistriskem-gledam-z-zaupanjem-in-optimizmom\\\/#primaryimage\"},\"thumbnailUrl\":\"https:\\\/\\\/novice.si\\\/page\\\/wp-content\\\/uploads\\\/2023\\\/09\\\/Slika1-1.jpg\",\"datePublished\":\"2023-09-27T11:19:30+00:00\",\"breadcrumb\":{\"@id\":\"https:\\\/\\\/novice.si\\\/page\\\/iva-pucnik-ozimic-na-prihodnost-srednjega-solstva-na-bistriskem-gledam-z-zaupanjem-in-optimizmom\\\/#breadcrumb\"},\"inLanguage\":\"sl-SI\",\"potentialAction\":[{\"@type\":\"ReadAction\",\"target\":[\"https:\\\/\\\/novice.si\\\/page\\\/iva-pucnik-ozimic-na-prihodnost-srednjega-solstva-na-bistriskem-gledam-z-zaupanjem-in-optimizmom\\\/\"]}]},{\"@type\":\"ImageObject\",\"inLanguage\":\"sl-SI\",\"@id\":\"https:\\\/\\\/novice.si\\\/page\\\/iva-pucnik-ozimic-na-prihodnost-srednjega-solstva-na-bistriskem-gledam-z-zaupanjem-in-optimizmom\\\/#primaryimage\",\"url\":\"https:\\\/\\\/novice.si\\\/page\\\/wp-content\\\/uploads\\\/2023\\\/09\\\/Slika1-1.jpg\",\"contentUrl\":\"https:\\\/\\\/novice.si\\\/page\\\/wp-content\\\/uploads\\\/2023\\\/09\\\/Slika1-1.jpg\",\"width\":378,\"height\":252},{\"@type\":\"BreadcrumbList\",\"@id\":\"https:\\\/\\\/novice.si\\\/page\\\/iva-pucnik-ozimic-na-prihodnost-srednjega-solstva-na-bistriskem-gledam-z-zaupanjem-in-optimizmom\\\/#breadcrumb\",\"itemListElement\":[{\"@type\":\"ListItem\",\"position\":1,\"name\":\"Home\",\"item\":\"https:\\\/\\\/novice.si\\\/page\\\/\"},{\"@type\":\"ListItem\",\"position\":2,\"name\":\"Iva Pu\u010dnik Ozimi\u010d: Na prihodnost srednjega \u0161olstva na Bistri\u0161kem gledam z zaupanjem in optimizmom\"}]},{\"@type\":\"WebSite\",\"@id\":\"https:\\\/\\\/novice.si\\\/page\\\/#website\",\"url\":\"https:\\\/\\\/novice.si\\\/page\\\/\",\"name\":\"Novice.si\",\"description\":\"\",\"publisher\":{\"@id\":\"https:\\\/\\\/novice.si\\\/page\\\/#organization\"},\"potentialAction\":[{\"@type\":\"SearchAction\",\"target\":{\"@type\":\"EntryPoint\",\"urlTemplate\":\"https:\\\/\\\/novice.si\\\/page\\\/?s={search_term_string}\"},\"query-input\":{\"@type\":\"PropertyValueSpecification\",\"valueRequired\":true,\"valueName\":\"search_term_string\"}}],\"inLanguage\":\"sl-SI\"},{\"@type\":\"Organization\",\"@id\":\"https:\\\/\\\/novice.si\\\/page\\\/#organization\",\"name\":\"Novice.si\",\"url\":\"https:\\\/\\\/novice.si\\\/page\\\/\",\"logo\":{\"@type\":\"ImageObject\",\"inLanguage\":\"sl-SI\",\"@id\":\"https:\\\/\\\/novice.si\\\/page\\\/#\\\/schema\\\/logo\\\/image\\\/\",\"url\":\"https:\\\/\\\/novice.si\\\/page\\\/wp-content\\\/uploads\\\/2023\\\/03\\\/novice_si.png\",\"contentUrl\":\"https:\\\/\\\/novice.si\\\/page\\\/wp-content\\\/uploads\\\/2023\\\/03\\\/novice_si.png\",\"width\":576,\"height\":200,\"caption\":\"Novice.si\"},\"image\":{\"@id\":\"https:\\\/\\\/novice.si\\\/page\\\/#\\\/schema\\\/logo\\\/image\\\/\"}},{\"@type\":\"Person\",\"@id\":\"https:\\\/\\\/novice.si\\\/page\\\/#\\\/schema\\\/person\\\/51903923b50fefb075bc1cd24fe4d065\",\"name\":\"Uredni\u0161tvo Celjana\",\"image\":{\"@type\":\"ImageObject\",\"inLanguage\":\"sl-SI\",\"@id\":\"https:\\\/\\\/secure.gravatar.com\\\/avatar\\\/b516f102aa90b53619e09722b8ea56721c99bfcb4f1035f9b333d99f52330226?s=96&d=mm&r=g\",\"url\":\"https:\\\/\\\/secure.gravatar.com\\\/avatar\\\/b516f102aa90b53619e09722b8ea56721c99bfcb4f1035f9b333d99f52330226?s=96&d=mm&r=g\",\"contentUrl\":\"https:\\\/\\\/secure.gravatar.com\\\/avatar\\\/b516f102aa90b53619e09722b8ea56721c99bfcb4f1035f9b333d99f52330226?s=96&d=mm&r=g\",\"caption\":\"Uredni\u0161tvo Celjana\"},\"url\":\"https:\\\/\\\/novice.si\\\/page\\\/author\\\/nejc\\\/\"}]}<\/script>\n<!-- \/ Yoast SEO plugin. -->","yoast_head_json":{"title":"Iva Pu\u010dnik Ozimi\u010d: Na prihodnost srednjega \u0161olstva na Bistri\u0161kem gledam z zaupanjem in optimizmom - Novice.si","robots":{"index":"index","follow":"follow","max-snippet":"max-snippet:-1","max-image-preview":"max-image-preview:large","max-video-preview":"max-video-preview:-1"},"canonical":"https:\/\/novice.si\/page\/iva-pucnik-ozimic-na-prihodnost-srednjega-solstva-na-bistriskem-gledam-z-zaupanjem-in-optimizmom\/","og_locale":"sl_SI","og_type":"article","og_title":"Iva Pu\u010dnik Ozimi\u010d: Na prihodnost srednjega \u0161olstva na Bistri\u0161kem gledam z zaupanjem in optimizmom - Novice.si","og_description":"Iva Pu\u010dnik Ozimi\u010d je do za\u010detka leto\u0161njega \u0161olskega leta bila ravnateljica Srednje \u0161ole Slovenska Bistrica (S\u0160SB) in to vse od njene ustanovitve pred 24 leti. Vpra\u0161ali smo jo, kako gleda na prihodnost srednjega \u0161olstva na Bistri\u0161kem, pa tudi kaj bo po\u010dela sedaj, ko odhaja v pokoj \u2026 Bili ste prva in do zdaj edina ravnateljica [&hellip;]","og_url":"https:\/\/novice.si\/page\/iva-pucnik-ozimic-na-prihodnost-srednjega-solstva-na-bistriskem-gledam-z-zaupanjem-in-optimizmom\/","og_site_name":"Novice.si","article_published_time":"2023-09-27T11:19:30+00:00","og_image":[{"width":378,"height":252,"url":"https:\/\/novice.si\/page\/wp-content\/uploads\/2023\/09\/Slika1-1.jpg","type":"image\/jpeg"}],"author":"Uredni\u0161tvo Celjana","twitter_card":"summary_large_image","twitter_misc":{"Written by":"Uredni\u0161tvo Celjana","Est. reading time":"5 minut"},"schema":{"@context":"https:\/\/schema.org","@graph":[{"@type":"Article","@id":"https:\/\/novice.si\/page\/iva-pucnik-ozimic-na-prihodnost-srednjega-solstva-na-bistriskem-gledam-z-zaupanjem-in-optimizmom\/#article","isPartOf":{"@id":"https:\/\/novice.si\/page\/iva-pucnik-ozimic-na-prihodnost-srednjega-solstva-na-bistriskem-gledam-z-zaupanjem-in-optimizmom\/"},"author":{"name":"Uredni\u0161tvo Celjana","@id":"https:\/\/novice.si\/page\/#\/schema\/person\/51903923b50fefb075bc1cd24fe4d065"},"headline":"Iva Pu\u010dnik Ozimi\u010d: Na prihodnost srednjega \u0161olstva na Bistri\u0161kem gledam z zaupanjem in optimizmom","datePublished":"2023-09-27T11:19:30+00:00","mainEntityOfPage":{"@id":"https:\/\/novice.si\/page\/iva-pucnik-ozimic-na-prihodnost-srednjega-solstva-na-bistriskem-gledam-z-zaupanjem-in-optimizmom\/"},"wordCount":934,"publisher":{"@id":"https:\/\/novice.si\/page\/#organization"},"image":{"@id":"https:\/\/novice.si\/page\/iva-pucnik-ozimic-na-prihodnost-srednjega-solstva-na-bistriskem-gledam-z-zaupanjem-in-optimizmom\/#primaryimage"},"thumbnailUrl":"https:\/\/novice.si\/page\/wp-content\/uploads\/2023\/09\/Slika1-1.jpg","keywords":["Iva Pu\u010dnik Ozimi\u010d","S\u0160SB"],"articleSection":["Aktualno","Bistri\u0161ko"],"inLanguage":"sl-SI"},{"@type":"WebPage","@id":"https:\/\/novice.si\/page\/iva-pucnik-ozimic-na-prihodnost-srednjega-solstva-na-bistriskem-gledam-z-zaupanjem-in-optimizmom\/","url":"https:\/\/novice.si\/page\/iva-pucnik-ozimic-na-prihodnost-srednjega-solstva-na-bistriskem-gledam-z-zaupanjem-in-optimizmom\/","name":"Iva Pu\u010dnik Ozimi\u010d: Na prihodnost srednjega \u0161olstva na Bistri\u0161kem gledam z zaupanjem in optimizmom - Novice.si","isPartOf":{"@id":"https:\/\/novice.si\/page\/#website"},"primaryImageOfPage":{"@id":"https:\/\/novice.si\/page\/iva-pucnik-ozimic-na-prihodnost-srednjega-solstva-na-bistriskem-gledam-z-zaupanjem-in-optimizmom\/#primaryimage"},"image":{"@id":"https:\/\/novice.si\/page\/iva-pucnik-ozimic-na-prihodnost-srednjega-solstva-na-bistriskem-gledam-z-zaupanjem-in-optimizmom\/#primaryimage"},"thumbnailUrl":"https:\/\/novice.si\/page\/wp-content\/uploads\/2023\/09\/Slika1-1.jpg","datePublished":"2023-09-27T11:19:30+00:00","breadcrumb":{"@id":"https:\/\/novice.si\/page\/iva-pucnik-ozimic-na-prihodnost-srednjega-solstva-na-bistriskem-gledam-z-zaupanjem-in-optimizmom\/#breadcrumb"},"inLanguage":"sl-SI","potentialAction":[{"@type":"ReadAction","target":["https:\/\/novice.si\/page\/iva-pucnik-ozimic-na-prihodnost-srednjega-solstva-na-bistriskem-gledam-z-zaupanjem-in-optimizmom\/"]}]},{"@type":"ImageObject","inLanguage":"sl-SI","@id":"https:\/\/novice.si\/page\/iva-pucnik-ozimic-na-prihodnost-srednjega-solstva-na-bistriskem-gledam-z-zaupanjem-in-optimizmom\/#primaryimage","url":"https:\/\/novice.si\/page\/wp-content\/uploads\/2023\/09\/Slika1-1.jpg","contentUrl":"https:\/\/novice.si\/page\/wp-content\/uploads\/2023\/09\/Slika1-1.jpg","width":378,"height":252},{"@type":"BreadcrumbList","@id":"https:\/\/novice.si\/page\/iva-pucnik-ozimic-na-prihodnost-srednjega-solstva-na-bistriskem-gledam-z-zaupanjem-in-optimizmom\/#breadcrumb","itemListElement":[{"@type":"ListItem","position":1,"name":"Home","item":"https:\/\/novice.si\/page\/"},{"@type":"ListItem","position":2,"name":"Iva Pu\u010dnik Ozimi\u010d: Na prihodnost srednjega \u0161olstva na Bistri\u0161kem gledam z zaupanjem in optimizmom"}]},{"@type":"WebSite","@id":"https:\/\/novice.si\/page\/#website","url":"https:\/\/novice.si\/page\/","name":"Novice.si","description":"","publisher":{"@id":"https:\/\/novice.si\/page\/#organization"},"potentialAction":[{"@type":"SearchAction","target":{"@type":"EntryPoint","urlTemplate":"https:\/\/novice.si\/page\/?s={search_term_string}"},"query-input":{"@type":"PropertyValueSpecification","valueRequired":true,"valueName":"search_term_string"}}],"inLanguage":"sl-SI"},{"@type":"Organization","@id":"https:\/\/novice.si\/page\/#organization","name":"Novice.si","url":"https:\/\/novice.si\/page\/","logo":{"@type":"ImageObject","inLanguage":"sl-SI","@id":"https:\/\/novice.si\/page\/#\/schema\/logo\/image\/","url":"https:\/\/novice.si\/page\/wp-content\/uploads\/2023\/03\/novice_si.png","contentUrl":"https:\/\/novice.si\/page\/wp-content\/uploads\/2023\/03\/novice_si.png","width":576,"height":200,"caption":"Novice.si"},"image":{"@id":"https:\/\/novice.si\/page\/#\/schema\/logo\/image\/"}},{"@type":"Person","@id":"https:\/\/novice.si\/page\/#\/schema\/person\/51903923b50fefb075bc1cd24fe4d065","name":"Uredni\u0161tvo Celjana","image":{"@type":"ImageObject","inLanguage":"sl-SI","@id":"https:\/\/secure.gravatar.com\/avatar\/b516f102aa90b53619e09722b8ea56721c99bfcb4f1035f9b333d99f52330226?s=96&d=mm&r=g","url":"https:\/\/secure.gravatar.com\/avatar\/b516f102aa90b53619e09722b8ea56721c99bfcb4f1035f9b333d99f52330226?s=96&d=mm&r=g","contentUrl":"https:\/\/secure.gravatar.com\/avatar\/b516f102aa90b53619e09722b8ea56721c99bfcb4f1035f9b333d99f52330226?s=96&d=mm&r=g","caption":"Uredni\u0161tvo Celjana"},"url":"https:\/\/novice.si\/page\/author\/nejc\/"}]}},"_links":{"self":[{"href":"https:\/\/novice.si\/page\/wp-json\/wp\/v2\/posts\/167881","targetHints":{"allow":["GET"]}}],"collection":[{"href":"https:\/\/novice.si\/page\/wp-json\/wp\/v2\/posts"}],"about":[{"href":"https:\/\/novice.si\/page\/wp-json\/wp\/v2\/types\/post"}],"author":[{"embeddable":true,"href":"https:\/\/novice.si\/page\/wp-json\/wp\/v2\/users\/12"}],"replies":[{"embeddable":true,"href":"https:\/\/novice.si\/page\/wp-json\/wp\/v2\/comments?post=167881"}],"version-history":[{"count":1,"href":"https:\/\/novice.si\/page\/wp-json\/wp\/v2\/posts\/167881\/revisions"}],"predecessor-version":[{"id":167883,"href":"https:\/\/novice.si\/page\/wp-json\/wp\/v2\/posts\/167881\/revisions\/167883"}],"wp:featuredmedia":[{"embeddable":true,"href":"https:\/\/novice.si\/page\/wp-json\/wp\/v2\/media\/167882"}],"wp:attachment":[{"href":"https:\/\/novice.si\/page\/wp-json\/wp\/v2\/media?parent=167881"}],"wp:term":[{"taxonomy":"category","embeddable":true,"href":"https:\/\/novice.si\/page\/wp-json\/wp\/v2\/categories?post=167881"},{"taxonomy":"post_tag","embeddable":true,"href":"https:\/\/novice.si\/page\/wp-json\/wp\/v2\/tags?post=167881"}],"curies":[{"name":"wp","href":"https:\/\/api.w.org\/{rel}","templated":true}]}}