{"id":167856,"date":"2023-09-27T10:46:12","date_gmt":"2023-09-27T08:46:12","guid":{"rendered":"https:\/\/novice.si\/page\/?p=167856"},"modified":"2023-09-26T19:48:03","modified_gmt":"2023-09-26T17:48:03","slug":"celjska-obcina-v-obnovo-pomembnih-spomenikov-kulturne-dediscine","status":"publish","type":"post","link":"https:\/\/novice.si\/page\/celjska-obcina-v-obnovo-pomembnih-spomenikov-kulturne-dediscine\/","title":{"rendered":"Celjska ob\u010dina v obnovo pomembnih spomenikov kulturne dedi\u0161\u010dine"},"content":{"rendered":"<p><em><strong><img loading=\"lazy\" decoding=\"async\" class=\" wp-image-167857 alignleft\" src=\"https:\/\/novice.si\/page\/wp-content\/uploads\/2023\/09\/Cz-obnova-spomenikov-600x450.jpg\" alt=\"obnova\" width=\"500\" height=\"375\" srcset=\"https:\/\/novice.si\/page\/wp-content\/uploads\/2023\/09\/Cz-obnova-spomenikov-600x450.jpg 600w, https:\/\/novice.si\/page\/wp-content\/uploads\/2023\/09\/Cz-obnova-spomenikov-1024x768.jpg 1024w, https:\/\/novice.si\/page\/wp-content\/uploads\/2023\/09\/Cz-obnova-spomenikov-768x576.jpg 768w, https:\/\/novice.si\/page\/wp-content\/uploads\/2023\/09\/Cz-obnova-spomenikov-80x60.jpg 80w, https:\/\/novice.si\/page\/wp-content\/uploads\/2023\/09\/Cz-obnova-spomenikov-265x198.jpg 265w, https:\/\/novice.si\/page\/wp-content\/uploads\/2023\/09\/Cz-obnova-spomenikov-696x522.jpg 696w, https:\/\/novice.si\/page\/wp-content\/uploads\/2023\/09\/Cz-obnova-spomenikov-1068x801.jpg 1068w, https:\/\/novice.si\/page\/wp-content\/uploads\/2023\/09\/Cz-obnova-spomenikov-560x420.jpg 560w, https:\/\/novice.si\/page\/wp-content\/uploads\/2023\/09\/Cz-obnova-spomenikov-24x18.jpg 24w, https:\/\/novice.si\/page\/wp-content\/uploads\/2023\/09\/Cz-obnova-spomenikov-36x27.jpg 36w, https:\/\/novice.si\/page\/wp-content\/uploads\/2023\/09\/Cz-obnova-spomenikov-48x36.jpg 48w, https:\/\/novice.si\/page\/wp-content\/uploads\/2023\/09\/Cz-obnova-spomenikov.jpg 1452w\" sizes=\"auto, (max-width: 500px) 100vw, 500px\" \/>Obnova.<\/strong> Letos celjska ob\u010dina na\u010drtuje izvedbo del za vgradnjo dvigala in zagotovitev univerzalne dostopnosti objekta ter izvedbo dela strojnice za prezra\u010devanje objekta.<\/em><\/p>\n<p>Celjska ob\u010dina je pri\u010dela s 1,5 milijona evrov vredno prenovo Stare grofije, nadaljevala bo s prenovo Starega gradu in se obenem lotila tudi ureditve Grajske poti. Projekti bodo obogatili kulturno in turisti\u010dno ponudbo mesta ter hkrati poskrbeli za ohranitev bogate zgodovinske in umetni\u0161ke zapu\u0161\u010dine, so sporo\u010dili z ob\u010dine.<\/p>\n<p>V sklopu prenove Stare grofije si \u017eeli ob\u010dina vzpostaviti prostor za prikaz najdbe izjemnega pomena, anti\u010dne vile s freskami. Obnova vklju\u010duje izgradnjo zunanjega dvigala in strojnice za klimatizacijo razstavnih prostorov, finalizacijo podzemnega objekta za za\u0161\u010dito arheolo\u0161kih ostalin, osvetlitev arkadnih hodnikov in obnovo fasade, je poro\u010dala Slovenska tiskovna agencija.<\/p>\n<p><strong>Ve\u010dina del prihodnje leto<\/strong><\/p>\n<p>Letos celjska ob\u010dina na\u010drtuje izvedbo del za vgradnjo dvigala in zagotovitev univerzalne dostopnosti objekta ter izvedbo dela strojnice za prezra\u010devanje objekta. Ve\u010dina ostalih del, vezanih na obnovo fasadnega ovoja in vzpostavitev novega razstavnega prostora ter klimatskih pogojev za prikaz anti\u010dnih fresk, pa je na\u010drtovana prihodnje leto. Ve\u010d o obnovah pa v aktualnem Celjanu, ki vas \u017ee \u010daka na prodajnih mestih.<\/p>\n","protected":false},"excerpt":{"rendered":"<p>Obnova. Letos celjska ob\u010dina na\u010drtuje izvedbo del za vgradnjo dvigala in zagotovitev univerzalne dostopnosti objekta ter izvedbo dela strojnice za prezra\u010devanje objekta. Celjska ob\u010dina je pri\u010dela s 1,5 milijona evrov vredno prenovo Stare grofije, nadaljevala bo s prenovo Starega gradu in se obenem lotila tudi ureditve Grajske poti. Projekti bodo obogatili kulturno in turisti\u010dno ponudbo [&hellip;]<\/p>\n","protected":false},"author":55,"featured_media":167857,"comment_status":"closed","ping_status":"closed","sticky":false,"template":"","format":"standard","meta":{"footnotes":""},"categories":[14,142,17],"tags":[],"class_list":{"0":"post-167856","1":"post","2":"type-post","3":"status-publish","4":"format-standard","5":"has-post-thumbnail","7":"category-aktualno","8":"category-celjan","9":"category-celjsko"},"yoast_head":"<!-- This site is optimized with the Yoast SEO plugin v27.4 - https:\/\/yoast.com\/product\/yoast-seo-wordpress\/ -->\n<title>Celjska ob\u010dina v obnovo pomembnih spomenikov kulturne dedi\u0161\u010dine - Novice.si<\/title>\n<meta name=\"robots\" content=\"index, follow, max-snippet:-1, max-image-preview:large, max-video-preview:-1\" \/>\n<link rel=\"canonical\" href=\"https:\/\/novice.si\/page\/celjska-obcina-v-obnovo-pomembnih-spomenikov-kulturne-dediscine\/\" \/>\n<meta property=\"og:locale\" content=\"sl_SI\" \/>\n<meta property=\"og:type\" content=\"article\" \/>\n<meta property=\"og:title\" content=\"Celjska ob\u010dina v obnovo pomembnih spomenikov kulturne dedi\u0161\u010dine - Novice.si\" \/>\n<meta property=\"og:description\" content=\"Obnova. Letos celjska ob\u010dina na\u010drtuje izvedbo del za vgradnjo dvigala in zagotovitev univerzalne dostopnosti objekta ter izvedbo dela strojnice za prezra\u010devanje objekta. Celjska ob\u010dina je pri\u010dela s 1,5 milijona evrov vredno prenovo Stare grofije, nadaljevala bo s prenovo Starega gradu in se obenem lotila tudi ureditve Grajske poti. Projekti bodo obogatili kulturno in turisti\u010dno ponudbo [&hellip;]\" \/>\n<meta property=\"og:url\" content=\"https:\/\/novice.si\/page\/celjska-obcina-v-obnovo-pomembnih-spomenikov-kulturne-dediscine\/\" \/>\n<meta property=\"og:site_name\" content=\"Novice.si\" \/>\n<meta property=\"article:published_time\" content=\"2023-09-27T08:46:12+00:00\" \/>\n<meta property=\"og:image\" content=\"https:\/\/novice.si\/page\/wp-content\/uploads\/2023\/09\/Cz-obnova-spomenikov.jpg\" \/>\n\t<meta property=\"og:image:width\" content=\"1452\" \/>\n\t<meta property=\"og:image:height\" content=\"1089\" \/>\n\t<meta property=\"og:image:type\" content=\"image\/jpeg\" \/>\n<meta name=\"author\" content=\"Uredni\u0161tvo Celjana\" \/>\n<meta name=\"twitter:card\" content=\"summary_large_image\" \/>\n<meta name=\"twitter:label1\" content=\"Written by\" \/>\n\t<meta name=\"twitter:data1\" content=\"Uredni\u0161tvo Celjana\" \/>\n\t<meta name=\"twitter:label2\" content=\"Est. reading time\" \/>\n\t<meta name=\"twitter:data2\" content=\"2 minuti\" \/>\n<script type=\"application\/ld+json\" class=\"yoast-schema-graph\">{\"@context\":\"https:\\\/\\\/schema.org\",\"@graph\":[{\"@type\":\"Article\",\"@id\":\"https:\\\/\\\/novice.si\\\/page\\\/celjska-obcina-v-obnovo-pomembnih-spomenikov-kulturne-dediscine\\\/#article\",\"isPartOf\":{\"@id\":\"https:\\\/\\\/novice.si\\\/page\\\/celjska-obcina-v-obnovo-pomembnih-spomenikov-kulturne-dediscine\\\/\"},\"author\":{\"name\":\"Uredni\u0161tvo Celjana\",\"@id\":\"https:\\\/\\\/novice.si\\\/page\\\/#\\\/schema\\\/person\\\/a49f233ef2777ec7b2e8d0662325bb48\"},\"headline\":\"Celjska ob\u010dina v obnovo pomembnih spomenikov kulturne dedi\u0161\u010dine\",\"datePublished\":\"2023-09-27T08:46:12+00:00\",\"mainEntityOfPage\":{\"@id\":\"https:\\\/\\\/novice.si\\\/page\\\/celjska-obcina-v-obnovo-pomembnih-spomenikov-kulturne-dediscine\\\/\"},\"wordCount\":214,\"publisher\":{\"@id\":\"https:\\\/\\\/novice.si\\\/page\\\/#organization\"},\"image\":{\"@id\":\"https:\\\/\\\/novice.si\\\/page\\\/celjska-obcina-v-obnovo-pomembnih-spomenikov-kulturne-dediscine\\\/#primaryimage\"},\"thumbnailUrl\":\"https:\\\/\\\/novice.si\\\/page\\\/wp-content\\\/uploads\\\/2023\\\/09\\\/Cz-obnova-spomenikov.jpg\",\"articleSection\":[\"Aktualno\",\"Celjan\",\"Celjsko\"],\"inLanguage\":\"sl-SI\"},{\"@type\":\"WebPage\",\"@id\":\"https:\\\/\\\/novice.si\\\/page\\\/celjska-obcina-v-obnovo-pomembnih-spomenikov-kulturne-dediscine\\\/\",\"url\":\"https:\\\/\\\/novice.si\\\/page\\\/celjska-obcina-v-obnovo-pomembnih-spomenikov-kulturne-dediscine\\\/\",\"name\":\"Celjska ob\u010dina v obnovo pomembnih spomenikov kulturne dedi\u0161\u010dine - Novice.si\",\"isPartOf\":{\"@id\":\"https:\\\/\\\/novice.si\\\/page\\\/#website\"},\"primaryImageOfPage\":{\"@id\":\"https:\\\/\\\/novice.si\\\/page\\\/celjska-obcina-v-obnovo-pomembnih-spomenikov-kulturne-dediscine\\\/#primaryimage\"},\"image\":{\"@id\":\"https:\\\/\\\/novice.si\\\/page\\\/celjska-obcina-v-obnovo-pomembnih-spomenikov-kulturne-dediscine\\\/#primaryimage\"},\"thumbnailUrl\":\"https:\\\/\\\/novice.si\\\/page\\\/wp-content\\\/uploads\\\/2023\\\/09\\\/Cz-obnova-spomenikov.jpg\",\"datePublished\":\"2023-09-27T08:46:12+00:00\",\"breadcrumb\":{\"@id\":\"https:\\\/\\\/novice.si\\\/page\\\/celjska-obcina-v-obnovo-pomembnih-spomenikov-kulturne-dediscine\\\/#breadcrumb\"},\"inLanguage\":\"sl-SI\",\"potentialAction\":[{\"@type\":\"ReadAction\",\"target\":[\"https:\\\/\\\/novice.si\\\/page\\\/celjska-obcina-v-obnovo-pomembnih-spomenikov-kulturne-dediscine\\\/\"]}]},{\"@type\":\"ImageObject\",\"inLanguage\":\"sl-SI\",\"@id\":\"https:\\\/\\\/novice.si\\\/page\\\/celjska-obcina-v-obnovo-pomembnih-spomenikov-kulturne-dediscine\\\/#primaryimage\",\"url\":\"https:\\\/\\\/novice.si\\\/page\\\/wp-content\\\/uploads\\\/2023\\\/09\\\/Cz-obnova-spomenikov.jpg\",\"contentUrl\":\"https:\\\/\\\/novice.si\\\/page\\\/wp-content\\\/uploads\\\/2023\\\/09\\\/Cz-obnova-spomenikov.jpg\",\"width\":1452,\"height\":1089,\"caption\":\"obnova\"},{\"@type\":\"BreadcrumbList\",\"@id\":\"https:\\\/\\\/novice.si\\\/page\\\/celjska-obcina-v-obnovo-pomembnih-spomenikov-kulturne-dediscine\\\/#breadcrumb\",\"itemListElement\":[{\"@type\":\"ListItem\",\"position\":1,\"name\":\"Home\",\"item\":\"https:\\\/\\\/novice.si\\\/page\\\/\"},{\"@type\":\"ListItem\",\"position\":2,\"name\":\"Celjska ob\u010dina v obnovo pomembnih spomenikov kulturne dedi\u0161\u010dine\"}]},{\"@type\":\"WebSite\",\"@id\":\"https:\\\/\\\/novice.si\\\/page\\\/#website\",\"url\":\"https:\\\/\\\/novice.si\\\/page\\\/\",\"name\":\"Novice.si\",\"description\":\"\",\"publisher\":{\"@id\":\"https:\\\/\\\/novice.si\\\/page\\\/#organization\"},\"potentialAction\":[{\"@type\":\"SearchAction\",\"target\":{\"@type\":\"EntryPoint\",\"urlTemplate\":\"https:\\\/\\\/novice.si\\\/page\\\/?s={search_term_string}\"},\"query-input\":{\"@type\":\"PropertyValueSpecification\",\"valueRequired\":true,\"valueName\":\"search_term_string\"}}],\"inLanguage\":\"sl-SI\"},{\"@type\":\"Organization\",\"@id\":\"https:\\\/\\\/novice.si\\\/page\\\/#organization\",\"name\":\"Novice.si\",\"url\":\"https:\\\/\\\/novice.si\\\/page\\\/\",\"logo\":{\"@type\":\"ImageObject\",\"inLanguage\":\"sl-SI\",\"@id\":\"https:\\\/\\\/novice.si\\\/page\\\/#\\\/schema\\\/logo\\\/image\\\/\",\"url\":\"https:\\\/\\\/novice.si\\\/page\\\/wp-content\\\/uploads\\\/2023\\\/03\\\/novice_si.png\",\"contentUrl\":\"https:\\\/\\\/novice.si\\\/page\\\/wp-content\\\/uploads\\\/2023\\\/03\\\/novice_si.png\",\"width\":576,\"height\":200,\"caption\":\"Novice.si\"},\"image\":{\"@id\":\"https:\\\/\\\/novice.si\\\/page\\\/#\\\/schema\\\/logo\\\/image\\\/\"}},{\"@type\":\"Person\",\"@id\":\"https:\\\/\\\/novice.si\\\/page\\\/#\\\/schema\\\/person\\\/a49f233ef2777ec7b2e8d0662325bb48\",\"name\":\"Uredni\u0161tvo Celjana\",\"image\":{\"@type\":\"ImageObject\",\"inLanguage\":\"sl-SI\",\"@id\":\"https:\\\/\\\/secure.gravatar.com\\\/avatar\\\/7f7863e616af8f92806c638dd1db3f1a238d83d1cc2ec3100afc06fbb7eb303f?s=96&d=mm&r=g\",\"url\":\"https:\\\/\\\/secure.gravatar.com\\\/avatar\\\/7f7863e616af8f92806c638dd1db3f1a238d83d1cc2ec3100afc06fbb7eb303f?s=96&d=mm&r=g\",\"contentUrl\":\"https:\\\/\\\/secure.gravatar.com\\\/avatar\\\/7f7863e616af8f92806c638dd1db3f1a238d83d1cc2ec3100afc06fbb7eb303f?s=96&d=mm&r=g\",\"caption\":\"Uredni\u0161tvo Celjana\"},\"url\":\"https:\\\/\\\/novice.si\\\/page\\\/author\\\/maja\\\/\"}]}<\/script>\n<!-- \/ Yoast SEO plugin. -->","yoast_head_json":{"title":"Celjska ob\u010dina v obnovo pomembnih spomenikov kulturne dedi\u0161\u010dine - Novice.si","robots":{"index":"index","follow":"follow","max-snippet":"max-snippet:-1","max-image-preview":"max-image-preview:large","max-video-preview":"max-video-preview:-1"},"canonical":"https:\/\/novice.si\/page\/celjska-obcina-v-obnovo-pomembnih-spomenikov-kulturne-dediscine\/","og_locale":"sl_SI","og_type":"article","og_title":"Celjska ob\u010dina v obnovo pomembnih spomenikov kulturne dedi\u0161\u010dine - Novice.si","og_description":"Obnova. Letos celjska ob\u010dina na\u010drtuje izvedbo del za vgradnjo dvigala in zagotovitev univerzalne dostopnosti objekta ter izvedbo dela strojnice za prezra\u010devanje objekta. Celjska ob\u010dina je pri\u010dela s 1,5 milijona evrov vredno prenovo Stare grofije, nadaljevala bo s prenovo Starega gradu in se obenem lotila tudi ureditve Grajske poti. Projekti bodo obogatili kulturno in turisti\u010dno ponudbo [&hellip;]","og_url":"https:\/\/novice.si\/page\/celjska-obcina-v-obnovo-pomembnih-spomenikov-kulturne-dediscine\/","og_site_name":"Novice.si","article_published_time":"2023-09-27T08:46:12+00:00","og_image":[{"width":1452,"height":1089,"url":"https:\/\/novice.si\/page\/wp-content\/uploads\/2023\/09\/Cz-obnova-spomenikov.jpg","type":"image\/jpeg"}],"author":"Uredni\u0161tvo Celjana","twitter_card":"summary_large_image","twitter_misc":{"Written by":"Uredni\u0161tvo Celjana","Est. reading time":"2 minuti"},"schema":{"@context":"https:\/\/schema.org","@graph":[{"@type":"Article","@id":"https:\/\/novice.si\/page\/celjska-obcina-v-obnovo-pomembnih-spomenikov-kulturne-dediscine\/#article","isPartOf":{"@id":"https:\/\/novice.si\/page\/celjska-obcina-v-obnovo-pomembnih-spomenikov-kulturne-dediscine\/"},"author":{"name":"Uredni\u0161tvo Celjana","@id":"https:\/\/novice.si\/page\/#\/schema\/person\/a49f233ef2777ec7b2e8d0662325bb48"},"headline":"Celjska ob\u010dina v obnovo pomembnih spomenikov kulturne dedi\u0161\u010dine","datePublished":"2023-09-27T08:46:12+00:00","mainEntityOfPage":{"@id":"https:\/\/novice.si\/page\/celjska-obcina-v-obnovo-pomembnih-spomenikov-kulturne-dediscine\/"},"wordCount":214,"publisher":{"@id":"https:\/\/novice.si\/page\/#organization"},"image":{"@id":"https:\/\/novice.si\/page\/celjska-obcina-v-obnovo-pomembnih-spomenikov-kulturne-dediscine\/#primaryimage"},"thumbnailUrl":"https:\/\/novice.si\/page\/wp-content\/uploads\/2023\/09\/Cz-obnova-spomenikov.jpg","articleSection":["Aktualno","Celjan","Celjsko"],"inLanguage":"sl-SI"},{"@type":"WebPage","@id":"https:\/\/novice.si\/page\/celjska-obcina-v-obnovo-pomembnih-spomenikov-kulturne-dediscine\/","url":"https:\/\/novice.si\/page\/celjska-obcina-v-obnovo-pomembnih-spomenikov-kulturne-dediscine\/","name":"Celjska ob\u010dina v obnovo pomembnih spomenikov kulturne dedi\u0161\u010dine - Novice.si","isPartOf":{"@id":"https:\/\/novice.si\/page\/#website"},"primaryImageOfPage":{"@id":"https:\/\/novice.si\/page\/celjska-obcina-v-obnovo-pomembnih-spomenikov-kulturne-dediscine\/#primaryimage"},"image":{"@id":"https:\/\/novice.si\/page\/celjska-obcina-v-obnovo-pomembnih-spomenikov-kulturne-dediscine\/#primaryimage"},"thumbnailUrl":"https:\/\/novice.si\/page\/wp-content\/uploads\/2023\/09\/Cz-obnova-spomenikov.jpg","datePublished":"2023-09-27T08:46:12+00:00","breadcrumb":{"@id":"https:\/\/novice.si\/page\/celjska-obcina-v-obnovo-pomembnih-spomenikov-kulturne-dediscine\/#breadcrumb"},"inLanguage":"sl-SI","potentialAction":[{"@type":"ReadAction","target":["https:\/\/novice.si\/page\/celjska-obcina-v-obnovo-pomembnih-spomenikov-kulturne-dediscine\/"]}]},{"@type":"ImageObject","inLanguage":"sl-SI","@id":"https:\/\/novice.si\/page\/celjska-obcina-v-obnovo-pomembnih-spomenikov-kulturne-dediscine\/#primaryimage","url":"https:\/\/novice.si\/page\/wp-content\/uploads\/2023\/09\/Cz-obnova-spomenikov.jpg","contentUrl":"https:\/\/novice.si\/page\/wp-content\/uploads\/2023\/09\/Cz-obnova-spomenikov.jpg","width":1452,"height":1089,"caption":"obnova"},{"@type":"BreadcrumbList","@id":"https:\/\/novice.si\/page\/celjska-obcina-v-obnovo-pomembnih-spomenikov-kulturne-dediscine\/#breadcrumb","itemListElement":[{"@type":"ListItem","position":1,"name":"Home","item":"https:\/\/novice.si\/page\/"},{"@type":"ListItem","position":2,"name":"Celjska ob\u010dina v obnovo pomembnih spomenikov kulturne dedi\u0161\u010dine"}]},{"@type":"WebSite","@id":"https:\/\/novice.si\/page\/#website","url":"https:\/\/novice.si\/page\/","name":"Novice.si","description":"","publisher":{"@id":"https:\/\/novice.si\/page\/#organization"},"potentialAction":[{"@type":"SearchAction","target":{"@type":"EntryPoint","urlTemplate":"https:\/\/novice.si\/page\/?s={search_term_string}"},"query-input":{"@type":"PropertyValueSpecification","valueRequired":true,"valueName":"search_term_string"}}],"inLanguage":"sl-SI"},{"@type":"Organization","@id":"https:\/\/novice.si\/page\/#organization","name":"Novice.si","url":"https:\/\/novice.si\/page\/","logo":{"@type":"ImageObject","inLanguage":"sl-SI","@id":"https:\/\/novice.si\/page\/#\/schema\/logo\/image\/","url":"https:\/\/novice.si\/page\/wp-content\/uploads\/2023\/03\/novice_si.png","contentUrl":"https:\/\/novice.si\/page\/wp-content\/uploads\/2023\/03\/novice_si.png","width":576,"height":200,"caption":"Novice.si"},"image":{"@id":"https:\/\/novice.si\/page\/#\/schema\/logo\/image\/"}},{"@type":"Person","@id":"https:\/\/novice.si\/page\/#\/schema\/person\/a49f233ef2777ec7b2e8d0662325bb48","name":"Uredni\u0161tvo Celjana","image":{"@type":"ImageObject","inLanguage":"sl-SI","@id":"https:\/\/secure.gravatar.com\/avatar\/7f7863e616af8f92806c638dd1db3f1a238d83d1cc2ec3100afc06fbb7eb303f?s=96&d=mm&r=g","url":"https:\/\/secure.gravatar.com\/avatar\/7f7863e616af8f92806c638dd1db3f1a238d83d1cc2ec3100afc06fbb7eb303f?s=96&d=mm&r=g","contentUrl":"https:\/\/secure.gravatar.com\/avatar\/7f7863e616af8f92806c638dd1db3f1a238d83d1cc2ec3100afc06fbb7eb303f?s=96&d=mm&r=g","caption":"Uredni\u0161tvo Celjana"},"url":"https:\/\/novice.si\/page\/author\/maja\/"}]}},"_links":{"self":[{"href":"https:\/\/novice.si\/page\/wp-json\/wp\/v2\/posts\/167856","targetHints":{"allow":["GET"]}}],"collection":[{"href":"https:\/\/novice.si\/page\/wp-json\/wp\/v2\/posts"}],"about":[{"href":"https:\/\/novice.si\/page\/wp-json\/wp\/v2\/types\/post"}],"author":[{"embeddable":true,"href":"https:\/\/novice.si\/page\/wp-json\/wp\/v2\/users\/55"}],"replies":[{"embeddable":true,"href":"https:\/\/novice.si\/page\/wp-json\/wp\/v2\/comments?post=167856"}],"version-history":[{"count":1,"href":"https:\/\/novice.si\/page\/wp-json\/wp\/v2\/posts\/167856\/revisions"}],"predecessor-version":[{"id":167858,"href":"https:\/\/novice.si\/page\/wp-json\/wp\/v2\/posts\/167856\/revisions\/167858"}],"wp:featuredmedia":[{"embeddable":true,"href":"https:\/\/novice.si\/page\/wp-json\/wp\/v2\/media\/167857"}],"wp:attachment":[{"href":"https:\/\/novice.si\/page\/wp-json\/wp\/v2\/media?parent=167856"}],"wp:term":[{"taxonomy":"category","embeddable":true,"href":"https:\/\/novice.si\/page\/wp-json\/wp\/v2\/categories?post=167856"},{"taxonomy":"post_tag","embeddable":true,"href":"https:\/\/novice.si\/page\/wp-json\/wp\/v2\/tags?post=167856"}],"curies":[{"name":"wp","href":"https:\/\/api.w.org\/{rel}","templated":true}]}}