{"id":167832,"date":"2023-09-25T17:58:03","date_gmt":"2023-09-25T15:58:03","guid":{"rendered":"https:\/\/novice.si\/page\/?p=167832"},"modified":"2023-09-25T17:58:03","modified_gmt":"2023-09-25T15:58:03","slug":"vojnik-pognali-mik-ov-institut-dr-petra-novaka","status":"publish","type":"post","link":"https:\/\/novice.si\/page\/vojnik-pognali-mik-ov-institut-dr-petra-novaka\/","title":{"rendered":"VOJNIK Pognali MIK-ov in\u0161titut dr. Petra Novaka"},"content":{"rendered":"<p><img loading=\"lazy\" decoding=\"async\" class=\"wp-image-167833 alignleft\" src=\"https:\/\/novice.si\/page\/wp-content\/uploads\/2023\/09\/Institut-vojnik-1-600x450.jpg\" alt=\"\" width=\"304\" height=\"228\" srcset=\"https:\/\/novice.si\/page\/wp-content\/uploads\/2023\/09\/Institut-vojnik-1-600x450.jpg 600w, https:\/\/novice.si\/page\/wp-content\/uploads\/2023\/09\/Institut-vojnik-1-1024x768.jpg 1024w, https:\/\/novice.si\/page\/wp-content\/uploads\/2023\/09\/Institut-vojnik-1-768x576.jpg 768w, https:\/\/novice.si\/page\/wp-content\/uploads\/2023\/09\/Institut-vojnik-1-1536x1152.jpg 1536w, https:\/\/novice.si\/page\/wp-content\/uploads\/2023\/09\/Institut-vojnik-1-2048x1536.jpg 2048w, https:\/\/novice.si\/page\/wp-content\/uploads\/2023\/09\/Institut-vojnik-1-80x60.jpg 80w, https:\/\/novice.si\/page\/wp-content\/uploads\/2023\/09\/Institut-vojnik-1-265x198.jpg 265w, https:\/\/novice.si\/page\/wp-content\/uploads\/2023\/09\/Institut-vojnik-1-696x522.jpg 696w, https:\/\/novice.si\/page\/wp-content\/uploads\/2023\/09\/Institut-vojnik-1-1068x801.jpg 1068w, https:\/\/novice.si\/page\/wp-content\/uploads\/2023\/09\/Institut-vojnik-1-560x420.jpg 560w, https:\/\/novice.si\/page\/wp-content\/uploads\/2023\/09\/Institut-vojnik-1-1920x1440.jpg 1920w, https:\/\/novice.si\/page\/wp-content\/uploads\/2023\/09\/Institut-vojnik-1-24x18.jpg 24w, https:\/\/novice.si\/page\/wp-content\/uploads\/2023\/09\/Institut-vojnik-1-36x27.jpg 36w, https:\/\/novice.si\/page\/wp-content\/uploads\/2023\/09\/Institut-vojnik-1-48x36.jpg 48w\" sizes=\"auto, (max-width: 304px) 100vw, 304px\" \/> V Vojniku so popoldne slovesno odprli In\u0161titut dr. <strong>Petra Novaka<\/strong>, ki ga je postavilo podjetje MIK. V njem bodo \u0161e MIK-ov razvojni center in proizvodnja prezra\u010devalnih sistemov Mikrovent.<\/p>\n<p>Nalo\u017eba je neuradno presegla 21 milijonov evrov, z njo pa se odpira ve\u010d kot sto visokokvalificiranih delovnih mest. Vodila ga bo direktorica <strong>Branka Viltru\u017enik<\/strong>.<\/p>\n<p>\u00bbInovacija je gonilo napredka. Skozi leta smo si prizadevali postati vodilni na podro\u010dju raziskav in inovacij ter poiskati kakovostne in sodobne re\u0161itve. Danes lahko re\u010dem, da smo dosegli ta cilj\u00ab, je prepri\u010dan direktor MIK <strong>Franci Pliber\u0161ek<\/strong>.<\/p>\n<p><img loading=\"lazy\" decoding=\"async\" class=\"wp-image-167834 alignright\" src=\"https:\/\/novice.si\/page\/wp-content\/uploads\/2023\/09\/Institut-vojnik-7-600x450.jpg\" alt=\"\" width=\"312\" height=\"234\" srcset=\"https:\/\/novice.si\/page\/wp-content\/uploads\/2023\/09\/Institut-vojnik-7-600x450.jpg 600w, https:\/\/novice.si\/page\/wp-content\/uploads\/2023\/09\/Institut-vojnik-7-1024x768.jpg 1024w, https:\/\/novice.si\/page\/wp-content\/uploads\/2023\/09\/Institut-vojnik-7-768x576.jpg 768w, https:\/\/novice.si\/page\/wp-content\/uploads\/2023\/09\/Institut-vojnik-7-1536x1152.jpg 1536w, https:\/\/novice.si\/page\/wp-content\/uploads\/2023\/09\/Institut-vojnik-7-2048x1536.jpg 2048w, https:\/\/novice.si\/page\/wp-content\/uploads\/2023\/09\/Institut-vojnik-7-80x60.jpg 80w, https:\/\/novice.si\/page\/wp-content\/uploads\/2023\/09\/Institut-vojnik-7-265x198.jpg 265w, https:\/\/novice.si\/page\/wp-content\/uploads\/2023\/09\/Institut-vojnik-7-696x522.jpg 696w, https:\/\/novice.si\/page\/wp-content\/uploads\/2023\/09\/Institut-vojnik-7-1068x801.jpg 1068w, https:\/\/novice.si\/page\/wp-content\/uploads\/2023\/09\/Institut-vojnik-7-560x420.jpg 560w, https:\/\/novice.si\/page\/wp-content\/uploads\/2023\/09\/Institut-vojnik-7-1920x1440.jpg 1920w, https:\/\/novice.si\/page\/wp-content\/uploads\/2023\/09\/Institut-vojnik-7-24x18.jpg 24w, https:\/\/novice.si\/page\/wp-content\/uploads\/2023\/09\/Institut-vojnik-7-36x27.jpg 36w, https:\/\/novice.si\/page\/wp-content\/uploads\/2023\/09\/Institut-vojnik-7-48x36.jpg 48w\" sizes=\"auto, (max-width: 312px) 100vw, 312px\" \/><\/p>\n<p>\u00bbTo je prilo\u017enost za najbolj inovativne mlade kadre, da ostanejo v Sloveniji. Podjetja, ki se mo\u010dno zavedajo pomena vlaganja v razvoj, zaposlene in vse bolj tudi v zeleni trajnostni\u00a0prehod, so hrbtenica na\u0161ega gospodarstva in pomemben zaposlovalec v mnogih lokalnih okoljih\u00ab, pa je na dana\u0161nji otvoritvi med drugim dejala predsednica dr\u017eave dr. <strong>Nata\u0161a Pirc Musar<\/strong>.<\/p>\n<p>P\u0160<\/p>\n","protected":false},"excerpt":{"rendered":"<p>V Vojniku so popoldne slovesno odprli In\u0161titut dr. Petra Novaka, ki ga je postavilo podjetje MIK. V njem bodo \u0161e MIK-ov razvojni center in proizvodnja prezra\u010devalnih sistemov Mikrovent. Nalo\u017eba je neuradno presegla 21 milijonov evrov, z njo pa se odpira ve\u010d kot sto visokokvalificiranih delovnih mest. Vodila ga bo direktorica Branka Viltru\u017enik. \u00bbInovacija je gonilo [&hellip;]<\/p>\n","protected":false},"author":33,"featured_media":167833,"comment_status":"closed","ping_status":"closed","sticky":false,"template":"","format":"standard","meta":{"footnotes":""},"categories":[17],"tags":[13606,18794,18795,7347,4320],"class_list":{"0":"post-167832","1":"post","2":"type-post","3":"status-publish","4":"format-standard","5":"has-post-thumbnail","7":"category-celjsko","8":"tag-franci-plibersek","9":"tag-institut-dr-petra-novaka","10":"tag-mik-vojnik","11":"tag-natasa-pirc-musar","12":"tag-otvoritev"},"yoast_head":"<!-- This site is optimized with the Yoast SEO plugin v27.4 - https:\/\/yoast.com\/product\/yoast-seo-wordpress\/ -->\n<title>VOJNIK Pognali MIK-ov in\u0161titut dr. Petra Novaka - Novice.si<\/title>\n<meta name=\"robots\" content=\"index, follow, max-snippet:-1, max-image-preview:large, max-video-preview:-1\" \/>\n<link rel=\"canonical\" href=\"https:\/\/novice.si\/page\/vojnik-pognali-mik-ov-institut-dr-petra-novaka\/\" \/>\n<meta property=\"og:locale\" content=\"sl_SI\" \/>\n<meta property=\"og:type\" content=\"article\" \/>\n<meta property=\"og:title\" content=\"VOJNIK Pognali MIK-ov in\u0161titut dr. Petra Novaka - Novice.si\" \/>\n<meta property=\"og:description\" content=\"V Vojniku so popoldne slovesno odprli In\u0161titut dr. Petra Novaka, ki ga je postavilo podjetje MIK. V njem bodo \u0161e MIK-ov razvojni center in proizvodnja prezra\u010devalnih sistemov Mikrovent. Nalo\u017eba je neuradno presegla 21 milijonov evrov, z njo pa se odpira ve\u010d kot sto visokokvalificiranih delovnih mest. Vodila ga bo direktorica Branka Viltru\u017enik. \u00bbInovacija je gonilo [&hellip;]\" \/>\n<meta property=\"og:url\" content=\"https:\/\/novice.si\/page\/vojnik-pognali-mik-ov-institut-dr-petra-novaka\/\" \/>\n<meta property=\"og:site_name\" content=\"Novice.si\" \/>\n<meta property=\"article:published_time\" content=\"2023-09-25T15:58:03+00:00\" \/>\n<meta property=\"og:image\" content=\"https:\/\/novice.si\/page\/wp-content\/uploads\/2023\/09\/Institut-vojnik-1-scaled.jpg\" \/>\n\t<meta property=\"og:image:width\" content=\"2560\" \/>\n\t<meta property=\"og:image:height\" content=\"1920\" \/>\n\t<meta property=\"og:image:type\" content=\"image\/jpeg\" \/>\n<meta name=\"author\" content=\"Uredni\u0161tvo Celjana\" \/>\n<meta name=\"twitter:card\" content=\"summary_large_image\" \/>\n<meta name=\"twitter:label1\" content=\"Written by\" \/>\n\t<meta name=\"twitter:data1\" content=\"Uredni\u0161tvo Celjana\" \/>\n\t<meta name=\"twitter:label2\" content=\"Est. reading time\" \/>\n\t<meta name=\"twitter:data2\" content=\"2 minuti\" \/>\n<script type=\"application\/ld+json\" class=\"yoast-schema-graph\">{\"@context\":\"https:\\\/\\\/schema.org\",\"@graph\":[{\"@type\":\"Article\",\"@id\":\"https:\\\/\\\/novice.si\\\/page\\\/vojnik-pognali-mik-ov-institut-dr-petra-novaka\\\/#article\",\"isPartOf\":{\"@id\":\"https:\\\/\\\/novice.si\\\/page\\\/vojnik-pognali-mik-ov-institut-dr-petra-novaka\\\/\"},\"author\":{\"name\":\"Uredni\u0161tvo Celjana\",\"@id\":\"https:\\\/\\\/novice.si\\\/page\\\/#\\\/schema\\\/person\\\/57f25c9642a9541c7349c65d32032c3e\"},\"headline\":\"VOJNIK Pognali MIK-ov in\u0161titut dr. Petra Novaka\",\"datePublished\":\"2023-09-25T15:58:03+00:00\",\"mainEntityOfPage\":{\"@id\":\"https:\\\/\\\/novice.si\\\/page\\\/vojnik-pognali-mik-ov-institut-dr-petra-novaka\\\/\"},\"wordCount\":166,\"publisher\":{\"@id\":\"https:\\\/\\\/novice.si\\\/page\\\/#organization\"},\"image\":{\"@id\":\"https:\\\/\\\/novice.si\\\/page\\\/vojnik-pognali-mik-ov-institut-dr-petra-novaka\\\/#primaryimage\"},\"thumbnailUrl\":\"https:\\\/\\\/novice.si\\\/page\\\/wp-content\\\/uploads\\\/2023\\\/09\\\/Institut-vojnik-1-scaled.jpg\",\"keywords\":[\"Franci Pliber\u0161ek\",\"in\u0161titut dr. Petra Novaka\",\"MIK Vojnik\",\"Nata\u0161a Pirc Musar\",\"otvoritev\"],\"articleSection\":[\"Celjsko\"],\"inLanguage\":\"sl-SI\"},{\"@type\":\"WebPage\",\"@id\":\"https:\\\/\\\/novice.si\\\/page\\\/vojnik-pognali-mik-ov-institut-dr-petra-novaka\\\/\",\"url\":\"https:\\\/\\\/novice.si\\\/page\\\/vojnik-pognali-mik-ov-institut-dr-petra-novaka\\\/\",\"name\":\"VOJNIK Pognali MIK-ov in\u0161titut dr. Petra Novaka - Novice.si\",\"isPartOf\":{\"@id\":\"https:\\\/\\\/novice.si\\\/page\\\/#website\"},\"primaryImageOfPage\":{\"@id\":\"https:\\\/\\\/novice.si\\\/page\\\/vojnik-pognali-mik-ov-institut-dr-petra-novaka\\\/#primaryimage\"},\"image\":{\"@id\":\"https:\\\/\\\/novice.si\\\/page\\\/vojnik-pognali-mik-ov-institut-dr-petra-novaka\\\/#primaryimage\"},\"thumbnailUrl\":\"https:\\\/\\\/novice.si\\\/page\\\/wp-content\\\/uploads\\\/2023\\\/09\\\/Institut-vojnik-1-scaled.jpg\",\"datePublished\":\"2023-09-25T15:58:03+00:00\",\"breadcrumb\":{\"@id\":\"https:\\\/\\\/novice.si\\\/page\\\/vojnik-pognali-mik-ov-institut-dr-petra-novaka\\\/#breadcrumb\"},\"inLanguage\":\"sl-SI\",\"potentialAction\":[{\"@type\":\"ReadAction\",\"target\":[\"https:\\\/\\\/novice.si\\\/page\\\/vojnik-pognali-mik-ov-institut-dr-petra-novaka\\\/\"]}]},{\"@type\":\"ImageObject\",\"inLanguage\":\"sl-SI\",\"@id\":\"https:\\\/\\\/novice.si\\\/page\\\/vojnik-pognali-mik-ov-institut-dr-petra-novaka\\\/#primaryimage\",\"url\":\"https:\\\/\\\/novice.si\\\/page\\\/wp-content\\\/uploads\\\/2023\\\/09\\\/Institut-vojnik-1-scaled.jpg\",\"contentUrl\":\"https:\\\/\\\/novice.si\\\/page\\\/wp-content\\\/uploads\\\/2023\\\/09\\\/Institut-vojnik-1-scaled.jpg\",\"width\":2560,\"height\":1920},{\"@type\":\"BreadcrumbList\",\"@id\":\"https:\\\/\\\/novice.si\\\/page\\\/vojnik-pognali-mik-ov-institut-dr-petra-novaka\\\/#breadcrumb\",\"itemListElement\":[{\"@type\":\"ListItem\",\"position\":1,\"name\":\"Home\",\"item\":\"https:\\\/\\\/novice.si\\\/page\\\/\"},{\"@type\":\"ListItem\",\"position\":2,\"name\":\"VOJNIK Pognali MIK-ov in\u0161titut dr. Petra Novaka\"}]},{\"@type\":\"WebSite\",\"@id\":\"https:\\\/\\\/novice.si\\\/page\\\/#website\",\"url\":\"https:\\\/\\\/novice.si\\\/page\\\/\",\"name\":\"Novice.si\",\"description\":\"\",\"publisher\":{\"@id\":\"https:\\\/\\\/novice.si\\\/page\\\/#organization\"},\"potentialAction\":[{\"@type\":\"SearchAction\",\"target\":{\"@type\":\"EntryPoint\",\"urlTemplate\":\"https:\\\/\\\/novice.si\\\/page\\\/?s={search_term_string}\"},\"query-input\":{\"@type\":\"PropertyValueSpecification\",\"valueRequired\":true,\"valueName\":\"search_term_string\"}}],\"inLanguage\":\"sl-SI\"},{\"@type\":\"Organization\",\"@id\":\"https:\\\/\\\/novice.si\\\/page\\\/#organization\",\"name\":\"Novice.si\",\"url\":\"https:\\\/\\\/novice.si\\\/page\\\/\",\"logo\":{\"@type\":\"ImageObject\",\"inLanguage\":\"sl-SI\",\"@id\":\"https:\\\/\\\/novice.si\\\/page\\\/#\\\/schema\\\/logo\\\/image\\\/\",\"url\":\"https:\\\/\\\/novice.si\\\/page\\\/wp-content\\\/uploads\\\/2023\\\/03\\\/novice_si.png\",\"contentUrl\":\"https:\\\/\\\/novice.si\\\/page\\\/wp-content\\\/uploads\\\/2023\\\/03\\\/novice_si.png\",\"width\":576,\"height\":200,\"caption\":\"Novice.si\"},\"image\":{\"@id\":\"https:\\\/\\\/novice.si\\\/page\\\/#\\\/schema\\\/logo\\\/image\\\/\"}},{\"@type\":\"Person\",\"@id\":\"https:\\\/\\\/novice.si\\\/page\\\/#\\\/schema\\\/person\\\/57f25c9642a9541c7349c65d32032c3e\",\"name\":\"Uredni\u0161tvo Celjana\",\"image\":{\"@type\":\"ImageObject\",\"inLanguage\":\"sl-SI\",\"@id\":\"https:\\\/\\\/secure.gravatar.com\\\/avatar\\\/78e52bc4279b65f6df6345e0ef0f7b792d361361f230cf4ffecfe0afe6d5629c?s=96&d=mm&r=g\",\"url\":\"https:\\\/\\\/secure.gravatar.com\\\/avatar\\\/78e52bc4279b65f6df6345e0ef0f7b792d361361f230cf4ffecfe0afe6d5629c?s=96&d=mm&r=g\",\"contentUrl\":\"https:\\\/\\\/secure.gravatar.com\\\/avatar\\\/78e52bc4279b65f6df6345e0ef0f7b792d361361f230cf4ffecfe0afe6d5629c?s=96&d=mm&r=g\",\"caption\":\"Uredni\u0161tvo Celjana\"},\"url\":\"https:\\\/\\\/novice.si\\\/page\\\/author\\\/primoz\\\/\"}]}<\/script>\n<!-- \/ Yoast SEO plugin. -->","yoast_head_json":{"title":"VOJNIK Pognali MIK-ov in\u0161titut dr. Petra Novaka - Novice.si","robots":{"index":"index","follow":"follow","max-snippet":"max-snippet:-1","max-image-preview":"max-image-preview:large","max-video-preview":"max-video-preview:-1"},"canonical":"https:\/\/novice.si\/page\/vojnik-pognali-mik-ov-institut-dr-petra-novaka\/","og_locale":"sl_SI","og_type":"article","og_title":"VOJNIK Pognali MIK-ov in\u0161titut dr. Petra Novaka - Novice.si","og_description":"V Vojniku so popoldne slovesno odprli In\u0161titut dr. Petra Novaka, ki ga je postavilo podjetje MIK. V njem bodo \u0161e MIK-ov razvojni center in proizvodnja prezra\u010devalnih sistemov Mikrovent. Nalo\u017eba je neuradno presegla 21 milijonov evrov, z njo pa se odpira ve\u010d kot sto visokokvalificiranih delovnih mest. Vodila ga bo direktorica Branka Viltru\u017enik. \u00bbInovacija je gonilo [&hellip;]","og_url":"https:\/\/novice.si\/page\/vojnik-pognali-mik-ov-institut-dr-petra-novaka\/","og_site_name":"Novice.si","article_published_time":"2023-09-25T15:58:03+00:00","og_image":[{"width":2560,"height":1920,"url":"https:\/\/novice.si\/page\/wp-content\/uploads\/2023\/09\/Institut-vojnik-1-scaled.jpg","type":"image\/jpeg"}],"author":"Uredni\u0161tvo Celjana","twitter_card":"summary_large_image","twitter_misc":{"Written by":"Uredni\u0161tvo Celjana","Est. reading time":"2 minuti"},"schema":{"@context":"https:\/\/schema.org","@graph":[{"@type":"Article","@id":"https:\/\/novice.si\/page\/vojnik-pognali-mik-ov-institut-dr-petra-novaka\/#article","isPartOf":{"@id":"https:\/\/novice.si\/page\/vojnik-pognali-mik-ov-institut-dr-petra-novaka\/"},"author":{"name":"Uredni\u0161tvo Celjana","@id":"https:\/\/novice.si\/page\/#\/schema\/person\/57f25c9642a9541c7349c65d32032c3e"},"headline":"VOJNIK Pognali MIK-ov in\u0161titut dr. Petra Novaka","datePublished":"2023-09-25T15:58:03+00:00","mainEntityOfPage":{"@id":"https:\/\/novice.si\/page\/vojnik-pognali-mik-ov-institut-dr-petra-novaka\/"},"wordCount":166,"publisher":{"@id":"https:\/\/novice.si\/page\/#organization"},"image":{"@id":"https:\/\/novice.si\/page\/vojnik-pognali-mik-ov-institut-dr-petra-novaka\/#primaryimage"},"thumbnailUrl":"https:\/\/novice.si\/page\/wp-content\/uploads\/2023\/09\/Institut-vojnik-1-scaled.jpg","keywords":["Franci Pliber\u0161ek","in\u0161titut dr. Petra Novaka","MIK Vojnik","Nata\u0161a Pirc Musar","otvoritev"],"articleSection":["Celjsko"],"inLanguage":"sl-SI"},{"@type":"WebPage","@id":"https:\/\/novice.si\/page\/vojnik-pognali-mik-ov-institut-dr-petra-novaka\/","url":"https:\/\/novice.si\/page\/vojnik-pognali-mik-ov-institut-dr-petra-novaka\/","name":"VOJNIK Pognali MIK-ov in\u0161titut dr. Petra Novaka - Novice.si","isPartOf":{"@id":"https:\/\/novice.si\/page\/#website"},"primaryImageOfPage":{"@id":"https:\/\/novice.si\/page\/vojnik-pognali-mik-ov-institut-dr-petra-novaka\/#primaryimage"},"image":{"@id":"https:\/\/novice.si\/page\/vojnik-pognali-mik-ov-institut-dr-petra-novaka\/#primaryimage"},"thumbnailUrl":"https:\/\/novice.si\/page\/wp-content\/uploads\/2023\/09\/Institut-vojnik-1-scaled.jpg","datePublished":"2023-09-25T15:58:03+00:00","breadcrumb":{"@id":"https:\/\/novice.si\/page\/vojnik-pognali-mik-ov-institut-dr-petra-novaka\/#breadcrumb"},"inLanguage":"sl-SI","potentialAction":[{"@type":"ReadAction","target":["https:\/\/novice.si\/page\/vojnik-pognali-mik-ov-institut-dr-petra-novaka\/"]}]},{"@type":"ImageObject","inLanguage":"sl-SI","@id":"https:\/\/novice.si\/page\/vojnik-pognali-mik-ov-institut-dr-petra-novaka\/#primaryimage","url":"https:\/\/novice.si\/page\/wp-content\/uploads\/2023\/09\/Institut-vojnik-1-scaled.jpg","contentUrl":"https:\/\/novice.si\/page\/wp-content\/uploads\/2023\/09\/Institut-vojnik-1-scaled.jpg","width":2560,"height":1920},{"@type":"BreadcrumbList","@id":"https:\/\/novice.si\/page\/vojnik-pognali-mik-ov-institut-dr-petra-novaka\/#breadcrumb","itemListElement":[{"@type":"ListItem","position":1,"name":"Home","item":"https:\/\/novice.si\/page\/"},{"@type":"ListItem","position":2,"name":"VOJNIK Pognali MIK-ov in\u0161titut dr. Petra Novaka"}]},{"@type":"WebSite","@id":"https:\/\/novice.si\/page\/#website","url":"https:\/\/novice.si\/page\/","name":"Novice.si","description":"","publisher":{"@id":"https:\/\/novice.si\/page\/#organization"},"potentialAction":[{"@type":"SearchAction","target":{"@type":"EntryPoint","urlTemplate":"https:\/\/novice.si\/page\/?s={search_term_string}"},"query-input":{"@type":"PropertyValueSpecification","valueRequired":true,"valueName":"search_term_string"}}],"inLanguage":"sl-SI"},{"@type":"Organization","@id":"https:\/\/novice.si\/page\/#organization","name":"Novice.si","url":"https:\/\/novice.si\/page\/","logo":{"@type":"ImageObject","inLanguage":"sl-SI","@id":"https:\/\/novice.si\/page\/#\/schema\/logo\/image\/","url":"https:\/\/novice.si\/page\/wp-content\/uploads\/2023\/03\/novice_si.png","contentUrl":"https:\/\/novice.si\/page\/wp-content\/uploads\/2023\/03\/novice_si.png","width":576,"height":200,"caption":"Novice.si"},"image":{"@id":"https:\/\/novice.si\/page\/#\/schema\/logo\/image\/"}},{"@type":"Person","@id":"https:\/\/novice.si\/page\/#\/schema\/person\/57f25c9642a9541c7349c65d32032c3e","name":"Uredni\u0161tvo Celjana","image":{"@type":"ImageObject","inLanguage":"sl-SI","@id":"https:\/\/secure.gravatar.com\/avatar\/78e52bc4279b65f6df6345e0ef0f7b792d361361f230cf4ffecfe0afe6d5629c?s=96&d=mm&r=g","url":"https:\/\/secure.gravatar.com\/avatar\/78e52bc4279b65f6df6345e0ef0f7b792d361361f230cf4ffecfe0afe6d5629c?s=96&d=mm&r=g","contentUrl":"https:\/\/secure.gravatar.com\/avatar\/78e52bc4279b65f6df6345e0ef0f7b792d361361f230cf4ffecfe0afe6d5629c?s=96&d=mm&r=g","caption":"Uredni\u0161tvo Celjana"},"url":"https:\/\/novice.si\/page\/author\/primoz\/"}]}},"_links":{"self":[{"href":"https:\/\/novice.si\/page\/wp-json\/wp\/v2\/posts\/167832","targetHints":{"allow":["GET"]}}],"collection":[{"href":"https:\/\/novice.si\/page\/wp-json\/wp\/v2\/posts"}],"about":[{"href":"https:\/\/novice.si\/page\/wp-json\/wp\/v2\/types\/post"}],"author":[{"embeddable":true,"href":"https:\/\/novice.si\/page\/wp-json\/wp\/v2\/users\/33"}],"replies":[{"embeddable":true,"href":"https:\/\/novice.si\/page\/wp-json\/wp\/v2\/comments?post=167832"}],"version-history":[{"count":1,"href":"https:\/\/novice.si\/page\/wp-json\/wp\/v2\/posts\/167832\/revisions"}],"predecessor-version":[{"id":167836,"href":"https:\/\/novice.si\/page\/wp-json\/wp\/v2\/posts\/167832\/revisions\/167836"}],"wp:featuredmedia":[{"embeddable":true,"href":"https:\/\/novice.si\/page\/wp-json\/wp\/v2\/media\/167833"}],"wp:attachment":[{"href":"https:\/\/novice.si\/page\/wp-json\/wp\/v2\/media?parent=167832"}],"wp:term":[{"taxonomy":"category","embeddable":true,"href":"https:\/\/novice.si\/page\/wp-json\/wp\/v2\/categories?post=167832"},{"taxonomy":"post_tag","embeddable":true,"href":"https:\/\/novice.si\/page\/wp-json\/wp\/v2\/tags?post=167832"}],"curies":[{"name":"wp","href":"https:\/\/api.w.org\/{rel}","templated":true}]}}