{"id":167818,"date":"2023-09-25T11:29:30","date_gmt":"2023-09-25T09:29:30","guid":{"rendered":"https:\/\/novice.si\/page\/?p=167818"},"modified":"2023-09-25T11:29:30","modified_gmt":"2023-09-25T09:29:30","slug":"danes-zacetek-velikega-jadralskega-izziva-na-katerem-sodeluje-bistrican-uros-krasevac","status":"publish","type":"post","link":"https:\/\/novice.si\/page\/danes-zacetek-velikega-jadralskega-izziva-na-katerem-sodeluje-bistrican-uros-krasevac\/","title":{"rendered":"Danes za\u010detek velikega jadralskega izziva, na katerem sodeluje Bistri\u010dan Uro\u0161 Kra\u0161evac"},"content":{"rendered":"<p>Popoldne ob 13.30 bo za\u010detek velikega jadralskega izziva, na katerem sodeluje <strong>Uro\u0161 Kra\u0161evac iz Slovenske Bistrice.<\/strong> S 6,5 metra veliko jadrnico se bo sam podal \u010dez Atlantik. Na barki bo pre\u017eivel ve\u010d kot mesec dni in pri tem ne bo imel stika z zunanjim svetom \u2026<\/p>\n<p><strong>Uro\u0161 Kra\u0161evac <\/strong>je \u0161ele \u010detrti Slovenec, ki se je kvalificiral na eno najzahtevnej\u0161ih solo oceanskih jadralskih regat \u2013 MiniTransat. Gre za \u010dezatlantsko regato na najmanj\u0161ih oceanskih jadrnicah (velikih le 6,5 metra), ki poteka vsaki dve leti. Predstavlja izjemen jadralski izziv in velja kot odsko\u010dna deska v profesionalne tekmovalne vode na ve\u010djih oceanskih jadrnicah. Vsak stik z zunanjim svetom je med regato prepovedan. Jadralci lahko uporabljajo samo tiste informacije, ki prihajajo prek radijskih valov, torej jadrajo brez modernih satelitskih slik ali GPS navigacije.<\/p>\n<p>Start 24. izvedbe regate naj bi bil 24. septembra 2023, a so ga organizatorji zaradi premo\u010dnih vetrov prestavili na danes ob 13.30.<br \/>\nNa regato se je uvrstilo 90 jadralcev, ki so si to \u010dast morali prislu\u017eiti s trdim delom in jadralnimi uspehi v preteklih dveh letih. Uro\u0161 je \u0161ele \u010detrti Slovenec, ki se podaja na to preizku\u0161njo.\u00a0V naslednjem mesecu in pol bo prejadral <strong>4050 navti\u010dnih milj<\/strong> (6517 km). Prvi del regate poteka od francoskega <strong>Les Sables d&#8217;Olonne do Santa Cruza de la Palma<\/strong> na Kanarskih otokih in bo po predvidevanjih (odvisno od vremenskih razmer) trajal kak teden ali dva. V drugi etapi pa se bodo jadralci iz Santa Cruza de la Palma podali \u010dez Atlantik do <strong>Saint Fran\u00e7oisa na Guadeloupu.<\/strong><\/p>\n\r\n                <style type=\"text\/css\">\r\n                    \r\n                    #tdi_1  .td-doubleSlider-2 .td-item1 {\r\n                        background: url(https:\/\/novice.si\/page\/wp-content\/uploads\/2023\/09\/Uros-on-Seascape_2-80x60.jpg) 0 0 no-repeat;\r\n                    }\r\n                    #tdi_1  .td-doubleSlider-2 .td-item2 {\r\n                        background: url(https:\/\/novice.si\/page\/wp-content\/uploads\/2023\/09\/ASHIKAsailing_minitransat-01_2-80x60.jpg) 0 0 no-repeat;\r\n                    }\r\n                    #tdi_1  .td-doubleSlider-2 .td-item3 {\r\n                        background: url(https:\/\/novice.si\/page\/wp-content\/uploads\/2023\/09\/Uros-K1_2-80x60.jpg) 0 0 no-repeat;\r\n                    }\r\n                <\/style>\r\n\r\n                <div id=\"tdi_1\" class=\"td-gallery td-slide-on-2-columns\">\r\n                    <div class=\"post_td_gallery\">\r\n                        <div class=\"td-gallery-slide-top\">\r\n                           <div class=\"td-gallery-title\"><\/div>\r\n\r\n                            <div class=\"td-gallery-controls-wrapper\">\r\n                                <div class=\"td-gallery-slide-count\"><span class=\"td-gallery-slide-item-focus\">1<\/span> od 3<\/div>\r\n                                <div class=\"td-gallery-slide-prev-next-but\">\r\n                                    <i class = \"td-icon-left doubleSliderPrevButton\"><\/i>\r\n                                    <i class = \"td-icon-right doubleSliderNextButton\"><\/i>\r\n                                <\/div>\r\n                            <\/div>\r\n                        <\/div>\r\n\r\n                        <div class = \"td-doubleSlider-1 \">\r\n                            <div class = \"td-slider\">\r\n                                \r\n                    <div class = \"td-slide-item td-item1\">\r\n                        <figure class=\"td-slide-galery-figure td-slide-popup-gallery\">\r\n                            <a class=\"slide-gallery-image-link\" href=\"https:\/\/novice.si\/page\/wp-content\/uploads\/2023\/09\/Uros-on-Seascape_2.jpg\" title=\"Uros on Seascape_2\"  data-caption=\"Uro\u0161 na \u0161portni jadrnici slovenskega podjetja Seascape\"  data-description=\"\" data-gallery>\r\n                                <img decoding=\"async\" src=\"https:\/\/novice.si\/page\/wp-content\/uploads\/2023\/09\/Uros-on-Seascape_2-631x420.jpg\" srcset=\"https:\/\/novice.si\/page\/wp-content\/uploads\/2023\/09\/Uros-on-Seascape_2-631x420.jpg 631w, https:\/\/novice.si\/page\/wp-content\/uploads\/2023\/09\/Uros-on-Seascape_2-600x400.jpg 600w, https:\/\/novice.si\/page\/wp-content\/uploads\/2023\/09\/Uros-on-Seascape_2-768x511.jpg 768w, https:\/\/novice.si\/page\/wp-content\/uploads\/2023\/09\/Uros-on-Seascape_2-696x464.jpg 696w, https:\/\/novice.si\/page\/wp-content\/uploads\/2023\/09\/Uros-on-Seascape_2-24x16.jpg 24w, https:\/\/novice.si\/page\/wp-content\/uploads\/2023\/09\/Uros-on-Seascape_2-36x24.jpg 36w, https:\/\/novice.si\/page\/wp-content\/uploads\/2023\/09\/Uros-on-Seascape_2-48x32.jpg 48w, https:\/\/novice.si\/page\/wp-content\/uploads\/2023\/09\/Uros-on-Seascape_2.jpg 1000w\" sizes=\"(max-width: 631px) 100vw, 631px\" alt=\"\">\r\n                            <\/a>\r\n                            <figcaption class = \"td-slide-caption td-gallery-slide-content\"><div class = \"td-gallery-slide-copywrite\">Uro\u0161 na \u0161portni jadrnici slovenskega podjetja Seascape<\/div><\/figcaption>\r\n                        <\/figure>\r\n                    <\/div>\r\n                    <div class = \"td-slide-item td-item2\">\r\n                        <figure class=\"td-slide-galery-figure td-slide-popup-gallery\">\r\n                            <a class=\"slide-gallery-image-link\" href=\"https:\/\/novice.si\/page\/wp-content\/uploads\/2023\/09\/ASHIKAsailing_minitransat-01_2.jpg\" title=\"ASHIKAsailing_minitransat-01_2\"  data-caption=\"Na regati bo potrebno premagati 4050 navti\u010dnih milj oceana, v dveh etapah. Uro\u0161, mirno morje in ugoden veter! Dr\u017eimo pesti!\"  data-description=\"\" data-gallery>\r\n                                <img decoding=\"async\" src=\"https:\/\/novice.si\/page\/wp-content\/uploads\/2023\/09\/ASHIKAsailing_minitransat-01_2-647x420.jpg\" srcset=\"https:\/\/novice.si\/page\/wp-content\/uploads\/2023\/09\/ASHIKAsailing_minitransat-01_2-647x420.jpg 647w, https:\/\/novice.si\/page\/wp-content\/uploads\/2023\/09\/ASHIKAsailing_minitransat-01_2-600x389.jpg 600w, https:\/\/novice.si\/page\/wp-content\/uploads\/2023\/09\/ASHIKAsailing_minitransat-01_2-768x498.jpg 768w, https:\/\/novice.si\/page\/wp-content\/uploads\/2023\/09\/ASHIKAsailing_minitransat-01_2-696x452.jpg 696w, https:\/\/novice.si\/page\/wp-content\/uploads\/2023\/09\/ASHIKAsailing_minitransat-01_2-24x16.jpg 24w, https:\/\/novice.si\/page\/wp-content\/uploads\/2023\/09\/ASHIKAsailing_minitransat-01_2-36x23.jpg 36w, https:\/\/novice.si\/page\/wp-content\/uploads\/2023\/09\/ASHIKAsailing_minitransat-01_2-48x31.jpg 48w, https:\/\/novice.si\/page\/wp-content\/uploads\/2023\/09\/ASHIKAsailing_minitransat-01_2.jpg 1000w\" sizes=\"(max-width: 647px) 100vw, 647px\" alt=\"\">\r\n                            <\/a>\r\n                            <figcaption class = \"td-slide-caption td-gallery-slide-content\"><div class = \"td-gallery-slide-copywrite\">Na regati bo potrebno premagati 4050 navti\u010dnih milj oceana, v dveh etapah. Uro\u0161, mirno morje in ugoden veter! Dr\u017eimo pesti!<\/div><\/figcaption>\r\n                        <\/figure>\r\n                    <\/div>\r\n                    <div class = \"td-slide-item td-item3\">\r\n                        <figure class=\"td-slide-galery-figure td-slide-popup-gallery\">\r\n                            <a class=\"slide-gallery-image-link\" href=\"https:\/\/novice.si\/page\/wp-content\/uploads\/2023\/09\/Uros-K1_2.jpg\" title=\"Uros K1_2\"  data-caption=\"\"  data-description=\"\" data-gallery>\r\n                                <img decoding=\"async\" src=\"https:\/\/novice.si\/page\/wp-content\/uploads\/2023\/09\/Uros-K1_2-684x420.jpg\" srcset=\"https:\/\/novice.si\/page\/wp-content\/uploads\/2023\/09\/Uros-K1_2-684x420.jpg 684w, https:\/\/novice.si\/page\/wp-content\/uploads\/2023\/09\/Uros-K1_2-600x368.jpg 600w, https:\/\/novice.si\/page\/wp-content\/uploads\/2023\/09\/Uros-K1_2-768x472.jpg 768w, https:\/\/novice.si\/page\/wp-content\/uploads\/2023\/09\/Uros-K1_2-356x220.jpg 356w, https:\/\/novice.si\/page\/wp-content\/uploads\/2023\/09\/Uros-K1_2-696x427.jpg 696w, https:\/\/novice.si\/page\/wp-content\/uploads\/2023\/09\/Uros-K1_2-24x15.jpg 24w, https:\/\/novice.si\/page\/wp-content\/uploads\/2023\/09\/Uros-K1_2-36x22.jpg 36w, https:\/\/novice.si\/page\/wp-content\/uploads\/2023\/09\/Uros-K1_2-48x29.jpg 48w, https:\/\/novice.si\/page\/wp-content\/uploads\/2023\/09\/Uros-K1_2.jpg 1000w\" sizes=\"(max-width: 684px) 100vw, 684px\" alt=\"\">\r\n                            <\/a>\r\n                            \r\n                        <\/figure>\r\n                    <\/div>\r\n                            <\/div>\r\n                        <\/div>\r\n\r\n                        <div class = \"td-doubleSlider-2\">\r\n                            <div class = \"td-slider\">\r\n                                \r\n                    <div class = \"td-button td-item1\">\r\n                        <div class = \"td-border\"><\/div>\r\n                    <\/div>\r\n                    <div class = \"td-button td-item2\">\r\n                        <div class = \"td-border\"><\/div>\r\n                    <\/div>\r\n                    <div class = \"td-button td-item3\">\r\n                        <div class = \"td-border\"><\/div>\r\n                    <\/div>\r\n                            <\/div>\r\n                        <\/div>\r\n\r\n                    <\/div>\r\n\r\n                <\/div>\r\n                \n<p><strong>O Uro\u0161u<br \/>\n<\/strong>Uro\u0161 je vsestranski \u0161portnik, diplomant Fakultete za \u0161port. Po obdobju tekmovanja v olimpijskih razredih je postal trener pri Jadralni zvezi Slovenije. Kmalu je ugotovil, da \u0161e ni pripravljen kon\u010dati s premagovanjem svojih izzivov, zato je, kot pravi trmast \u201cPohorc\u201d, na\u0161el poslanstvo najvi\u0161je na zahtevnostni lestvici <em>\u2013<\/em> v solo oceanskem jadranju.<\/p>\n<p><strong>Neverjetni izzivi<br \/>\n<\/strong>V dveh letih od te usodne odlo\u010ditve je s svojo sestro Maru\u0161o Kra\u0161evac postal Guinnesov svetovni rekorder v jadranju, evropski podprvak v solo jadranju, prejadral Jadran po dolgem in po\u010dez ter dosegel nepri\u010dakovano veliko zmag in ostalih dobrih rezultatov na regatah francoske jadralne scene, ki velja za zibelko oceanskega jadranja.<br \/>\nS pomo\u010djo \u0161vicarskega kluba <em>Ashika Sailing<\/em>, ki je bil ustanovljen za ta namen, in s podporo vodilnega svetovnega proizvajalca \u0161portnih jadrnic, slovenskega podjetja <em>Seascape<\/em>, se je uspe\u0161no kvalificiral na eno izmed najbolj zahtevnih solo oceanskih regat \u2013 Mini Transat. (B.P.)<\/p>\n","protected":false},"excerpt":{"rendered":"<p>Popoldne ob 13.30 bo za\u010detek velikega jadralskega izziva, na katerem sodeluje Uro\u0161 Kra\u0161evac iz Slovenske Bistrice. S 6,5 metra veliko jadrnico se bo sam podal \u010dez Atlantik. Na barki bo pre\u017eivel ve\u010d kot mesec dni in pri tem ne bo imel stika z zunanjim svetom \u2026 Uro\u0161 Kra\u0161evac je \u0161ele \u010detrti Slovenec, ki se je [&hellip;]<\/p>\n","protected":false},"author":8,"featured_media":167821,"comment_status":"closed","ping_status":"closed","sticky":false,"template":"","format":"standard","meta":{"footnotes":""},"categories":[14,32],"tags":[10426,18790,18789,18788],"class_list":{"0":"post-167818","1":"post","2":"type-post","3":"status-publish","4":"format-standard","5":"has-post-thumbnail","7":"category-aktualno","8":"category-bistrisko","9":"tag-jadranje","10":"tag-jadrnica","11":"tag-mini-transat","12":"tag-uros-krasevac"},"yoast_head":"<!-- This site is optimized with the Yoast SEO plugin v27.4 - https:\/\/yoast.com\/product\/yoast-seo-wordpress\/ -->\n<title>Danes za\u010detek velikega jadralskega izziva, na katerem sodeluje Bistri\u010dan Uro\u0161 Kra\u0161evac - Novice.si<\/title>\n<meta name=\"robots\" content=\"index, follow, max-snippet:-1, max-image-preview:large, max-video-preview:-1\" \/>\n<link rel=\"canonical\" href=\"https:\/\/novice.si\/page\/danes-zacetek-velikega-jadralskega-izziva-na-katerem-sodeluje-bistrican-uros-krasevac\/\" \/>\n<meta property=\"og:locale\" content=\"sl_SI\" \/>\n<meta property=\"og:type\" content=\"article\" \/>\n<meta property=\"og:title\" content=\"Danes za\u010detek velikega jadralskega izziva, na katerem sodeluje Bistri\u010dan Uro\u0161 Kra\u0161evac - Novice.si\" \/>\n<meta property=\"og:description\" content=\"Popoldne ob 13.30 bo za\u010detek velikega jadralskega izziva, na katerem sodeluje Uro\u0161 Kra\u0161evac iz Slovenske Bistrice. S 6,5 metra veliko jadrnico se bo sam podal \u010dez Atlantik. Na barki bo pre\u017eivel ve\u010d kot mesec dni in pri tem ne bo imel stika z zunanjim svetom \u2026 Uro\u0161 Kra\u0161evac je \u0161ele \u010detrti Slovenec, ki se je [&hellip;]\" \/>\n<meta property=\"og:url\" content=\"https:\/\/novice.si\/page\/danes-zacetek-velikega-jadralskega-izziva-na-katerem-sodeluje-bistrican-uros-krasevac\/\" \/>\n<meta property=\"og:site_name\" content=\"Novice.si\" \/>\n<meta property=\"article:published_time\" content=\"2023-09-25T09:29:30+00:00\" \/>\n<meta property=\"og:image\" content=\"https:\/\/novice.si\/page\/wp-content\/uploads\/2023\/09\/Uros-on-Seascape_2.jpg\" \/>\n\t<meta property=\"og:image:width\" content=\"1000\" \/>\n\t<meta property=\"og:image:height\" content=\"666\" \/>\n\t<meta property=\"og:image:type\" content=\"image\/jpeg\" \/>\n<meta name=\"author\" content=\"Uredni\u0161tvo Bistri\u0161kih novic\" \/>\n<meta name=\"twitter:card\" content=\"summary_large_image\" \/>\n<meta name=\"twitter:label1\" content=\"Written by\" \/>\n\t<meta name=\"twitter:data1\" content=\"Uredni\u0161tvo Bistri\u0161kih novic\" \/>\n\t<meta name=\"twitter:label2\" content=\"Est. reading time\" \/>\n\t<meta name=\"twitter:data2\" content=\"3 minute\" \/>\n<script type=\"application\/ld+json\" class=\"yoast-schema-graph\">{\"@context\":\"https:\\\/\\\/schema.org\",\"@graph\":[{\"@type\":\"Article\",\"@id\":\"https:\\\/\\\/novice.si\\\/page\\\/danes-zacetek-velikega-jadralskega-izziva-na-katerem-sodeluje-bistrican-uros-krasevac\\\/#article\",\"isPartOf\":{\"@id\":\"https:\\\/\\\/novice.si\\\/page\\\/danes-zacetek-velikega-jadralskega-izziva-na-katerem-sodeluje-bistrican-uros-krasevac\\\/\"},\"author\":{\"name\":\"Uredni\u0161tvo Bistri\u0161kih novic\",\"@id\":\"https:\\\/\\\/novice.si\\\/page\\\/#\\\/schema\\\/person\\\/96b32396deedcde3f7f776c306b4be21\"},\"headline\":\"Danes za\u010detek velikega jadralskega izziva, na katerem sodeluje Bistri\u010dan Uro\u0161 Kra\u0161evac\",\"datePublished\":\"2023-09-25T09:29:30+00:00\",\"mainEntityOfPage\":{\"@id\":\"https:\\\/\\\/novice.si\\\/page\\\/danes-zacetek-velikega-jadralskega-izziva-na-katerem-sodeluje-bistrican-uros-krasevac\\\/\"},\"wordCount\":429,\"publisher\":{\"@id\":\"https:\\\/\\\/novice.si\\\/page\\\/#organization\"},\"image\":{\"@id\":\"https:\\\/\\\/novice.si\\\/page\\\/danes-zacetek-velikega-jadralskega-izziva-na-katerem-sodeluje-bistrican-uros-krasevac\\\/#primaryimage\"},\"thumbnailUrl\":\"https:\\\/\\\/novice.si\\\/page\\\/wp-content\\\/uploads\\\/2023\\\/09\\\/Uros-on-Seascape_2.jpg\",\"keywords\":[\"jadranje\",\"jadrnica\",\"Mini Transat\",\"Uro\u0161 Kra\u0161evac\"],\"articleSection\":[\"Aktualno\",\"Bistri\u0161ko\"],\"inLanguage\":\"sl-SI\"},{\"@type\":\"WebPage\",\"@id\":\"https:\\\/\\\/novice.si\\\/page\\\/danes-zacetek-velikega-jadralskega-izziva-na-katerem-sodeluje-bistrican-uros-krasevac\\\/\",\"url\":\"https:\\\/\\\/novice.si\\\/page\\\/danes-zacetek-velikega-jadralskega-izziva-na-katerem-sodeluje-bistrican-uros-krasevac\\\/\",\"name\":\"Danes za\u010detek velikega jadralskega izziva, na katerem sodeluje Bistri\u010dan Uro\u0161 Kra\u0161evac - Novice.si\",\"isPartOf\":{\"@id\":\"https:\\\/\\\/novice.si\\\/page\\\/#website\"},\"primaryImageOfPage\":{\"@id\":\"https:\\\/\\\/novice.si\\\/page\\\/danes-zacetek-velikega-jadralskega-izziva-na-katerem-sodeluje-bistrican-uros-krasevac\\\/#primaryimage\"},\"image\":{\"@id\":\"https:\\\/\\\/novice.si\\\/page\\\/danes-zacetek-velikega-jadralskega-izziva-na-katerem-sodeluje-bistrican-uros-krasevac\\\/#primaryimage\"},\"thumbnailUrl\":\"https:\\\/\\\/novice.si\\\/page\\\/wp-content\\\/uploads\\\/2023\\\/09\\\/Uros-on-Seascape_2.jpg\",\"datePublished\":\"2023-09-25T09:29:30+00:00\",\"breadcrumb\":{\"@id\":\"https:\\\/\\\/novice.si\\\/page\\\/danes-zacetek-velikega-jadralskega-izziva-na-katerem-sodeluje-bistrican-uros-krasevac\\\/#breadcrumb\"},\"inLanguage\":\"sl-SI\",\"potentialAction\":[{\"@type\":\"ReadAction\",\"target\":[\"https:\\\/\\\/novice.si\\\/page\\\/danes-zacetek-velikega-jadralskega-izziva-na-katerem-sodeluje-bistrican-uros-krasevac\\\/\"]}]},{\"@type\":\"ImageObject\",\"inLanguage\":\"sl-SI\",\"@id\":\"https:\\\/\\\/novice.si\\\/page\\\/danes-zacetek-velikega-jadralskega-izziva-na-katerem-sodeluje-bistrican-uros-krasevac\\\/#primaryimage\",\"url\":\"https:\\\/\\\/novice.si\\\/page\\\/wp-content\\\/uploads\\\/2023\\\/09\\\/Uros-on-Seascape_2.jpg\",\"contentUrl\":\"https:\\\/\\\/novice.si\\\/page\\\/wp-content\\\/uploads\\\/2023\\\/09\\\/Uros-on-Seascape_2.jpg\",\"width\":1000,\"height\":666,\"caption\":\"Uro\u0161 na \u0161portni jadrnici slovenskega podjetja Seascape\"},{\"@type\":\"BreadcrumbList\",\"@id\":\"https:\\\/\\\/novice.si\\\/page\\\/danes-zacetek-velikega-jadralskega-izziva-na-katerem-sodeluje-bistrican-uros-krasevac\\\/#breadcrumb\",\"itemListElement\":[{\"@type\":\"ListItem\",\"position\":1,\"name\":\"Home\",\"item\":\"https:\\\/\\\/novice.si\\\/page\\\/\"},{\"@type\":\"ListItem\",\"position\":2,\"name\":\"Danes za\u010detek velikega jadralskega izziva, na katerem sodeluje Bistri\u010dan Uro\u0161 Kra\u0161evac\"}]},{\"@type\":\"WebSite\",\"@id\":\"https:\\\/\\\/novice.si\\\/page\\\/#website\",\"url\":\"https:\\\/\\\/novice.si\\\/page\\\/\",\"name\":\"Novice.si\",\"description\":\"\",\"publisher\":{\"@id\":\"https:\\\/\\\/novice.si\\\/page\\\/#organization\"},\"potentialAction\":[{\"@type\":\"SearchAction\",\"target\":{\"@type\":\"EntryPoint\",\"urlTemplate\":\"https:\\\/\\\/novice.si\\\/page\\\/?s={search_term_string}\"},\"query-input\":{\"@type\":\"PropertyValueSpecification\",\"valueRequired\":true,\"valueName\":\"search_term_string\"}}],\"inLanguage\":\"sl-SI\"},{\"@type\":\"Organization\",\"@id\":\"https:\\\/\\\/novice.si\\\/page\\\/#organization\",\"name\":\"Novice.si\",\"url\":\"https:\\\/\\\/novice.si\\\/page\\\/\",\"logo\":{\"@type\":\"ImageObject\",\"inLanguage\":\"sl-SI\",\"@id\":\"https:\\\/\\\/novice.si\\\/page\\\/#\\\/schema\\\/logo\\\/image\\\/\",\"url\":\"https:\\\/\\\/novice.si\\\/page\\\/wp-content\\\/uploads\\\/2023\\\/03\\\/novice_si.png\",\"contentUrl\":\"https:\\\/\\\/novice.si\\\/page\\\/wp-content\\\/uploads\\\/2023\\\/03\\\/novice_si.png\",\"width\":576,\"height\":200,\"caption\":\"Novice.si\"},\"image\":{\"@id\":\"https:\\\/\\\/novice.si\\\/page\\\/#\\\/schema\\\/logo\\\/image\\\/\"}},{\"@type\":\"Person\",\"@id\":\"https:\\\/\\\/novice.si\\\/page\\\/#\\\/schema\\\/person\\\/96b32396deedcde3f7f776c306b4be21\",\"name\":\"Uredni\u0161tvo Bistri\u0161kih novic\",\"image\":{\"@type\":\"ImageObject\",\"inLanguage\":\"sl-SI\",\"@id\":\"https:\\\/\\\/secure.gravatar.com\\\/avatar\\\/26c56c4b10cdb3a21e86442e5f2845a4eafdd0f3605def77ec6cff4aaef32ea4?s=96&d=mm&r=g\",\"url\":\"https:\\\/\\\/secure.gravatar.com\\\/avatar\\\/26c56c4b10cdb3a21e86442e5f2845a4eafdd0f3605def77ec6cff4aaef32ea4?s=96&d=mm&r=g\",\"contentUrl\":\"https:\\\/\\\/secure.gravatar.com\\\/avatar\\\/26c56c4b10cdb3a21e86442e5f2845a4eafdd0f3605def77ec6cff4aaef32ea4?s=96&d=mm&r=g\",\"caption\":\"Uredni\u0161tvo Bistri\u0161kih novic\"},\"url\":\"https:\\\/\\\/novice.si\\\/page\\\/author\\\/bojana\\\/\"}]}<\/script>\n<!-- \/ Yoast SEO plugin. -->","yoast_head_json":{"title":"Danes za\u010detek velikega jadralskega izziva, na katerem sodeluje Bistri\u010dan Uro\u0161 Kra\u0161evac - Novice.si","robots":{"index":"index","follow":"follow","max-snippet":"max-snippet:-1","max-image-preview":"max-image-preview:large","max-video-preview":"max-video-preview:-1"},"canonical":"https:\/\/novice.si\/page\/danes-zacetek-velikega-jadralskega-izziva-na-katerem-sodeluje-bistrican-uros-krasevac\/","og_locale":"sl_SI","og_type":"article","og_title":"Danes za\u010detek velikega jadralskega izziva, na katerem sodeluje Bistri\u010dan Uro\u0161 Kra\u0161evac - Novice.si","og_description":"Popoldne ob 13.30 bo za\u010detek velikega jadralskega izziva, na katerem sodeluje Uro\u0161 Kra\u0161evac iz Slovenske Bistrice. S 6,5 metra veliko jadrnico se bo sam podal \u010dez Atlantik. Na barki bo pre\u017eivel ve\u010d kot mesec dni in pri tem ne bo imel stika z zunanjim svetom \u2026 Uro\u0161 Kra\u0161evac je \u0161ele \u010detrti Slovenec, ki se je [&hellip;]","og_url":"https:\/\/novice.si\/page\/danes-zacetek-velikega-jadralskega-izziva-na-katerem-sodeluje-bistrican-uros-krasevac\/","og_site_name":"Novice.si","article_published_time":"2023-09-25T09:29:30+00:00","og_image":[{"width":1000,"height":666,"url":"https:\/\/novice.si\/page\/wp-content\/uploads\/2023\/09\/Uros-on-Seascape_2.jpg","type":"image\/jpeg"}],"author":"Uredni\u0161tvo Bistri\u0161kih novic","twitter_card":"summary_large_image","twitter_misc":{"Written by":"Uredni\u0161tvo Bistri\u0161kih novic","Est. reading time":"3 minute"},"schema":{"@context":"https:\/\/schema.org","@graph":[{"@type":"Article","@id":"https:\/\/novice.si\/page\/danes-zacetek-velikega-jadralskega-izziva-na-katerem-sodeluje-bistrican-uros-krasevac\/#article","isPartOf":{"@id":"https:\/\/novice.si\/page\/danes-zacetek-velikega-jadralskega-izziva-na-katerem-sodeluje-bistrican-uros-krasevac\/"},"author":{"name":"Uredni\u0161tvo Bistri\u0161kih novic","@id":"https:\/\/novice.si\/page\/#\/schema\/person\/96b32396deedcde3f7f776c306b4be21"},"headline":"Danes za\u010detek velikega jadralskega izziva, na katerem sodeluje Bistri\u010dan Uro\u0161 Kra\u0161evac","datePublished":"2023-09-25T09:29:30+00:00","mainEntityOfPage":{"@id":"https:\/\/novice.si\/page\/danes-zacetek-velikega-jadralskega-izziva-na-katerem-sodeluje-bistrican-uros-krasevac\/"},"wordCount":429,"publisher":{"@id":"https:\/\/novice.si\/page\/#organization"},"image":{"@id":"https:\/\/novice.si\/page\/danes-zacetek-velikega-jadralskega-izziva-na-katerem-sodeluje-bistrican-uros-krasevac\/#primaryimage"},"thumbnailUrl":"https:\/\/novice.si\/page\/wp-content\/uploads\/2023\/09\/Uros-on-Seascape_2.jpg","keywords":["jadranje","jadrnica","Mini Transat","Uro\u0161 Kra\u0161evac"],"articleSection":["Aktualno","Bistri\u0161ko"],"inLanguage":"sl-SI"},{"@type":"WebPage","@id":"https:\/\/novice.si\/page\/danes-zacetek-velikega-jadralskega-izziva-na-katerem-sodeluje-bistrican-uros-krasevac\/","url":"https:\/\/novice.si\/page\/danes-zacetek-velikega-jadralskega-izziva-na-katerem-sodeluje-bistrican-uros-krasevac\/","name":"Danes za\u010detek velikega jadralskega izziva, na katerem sodeluje Bistri\u010dan Uro\u0161 Kra\u0161evac - Novice.si","isPartOf":{"@id":"https:\/\/novice.si\/page\/#website"},"primaryImageOfPage":{"@id":"https:\/\/novice.si\/page\/danes-zacetek-velikega-jadralskega-izziva-na-katerem-sodeluje-bistrican-uros-krasevac\/#primaryimage"},"image":{"@id":"https:\/\/novice.si\/page\/danes-zacetek-velikega-jadralskega-izziva-na-katerem-sodeluje-bistrican-uros-krasevac\/#primaryimage"},"thumbnailUrl":"https:\/\/novice.si\/page\/wp-content\/uploads\/2023\/09\/Uros-on-Seascape_2.jpg","datePublished":"2023-09-25T09:29:30+00:00","breadcrumb":{"@id":"https:\/\/novice.si\/page\/danes-zacetek-velikega-jadralskega-izziva-na-katerem-sodeluje-bistrican-uros-krasevac\/#breadcrumb"},"inLanguage":"sl-SI","potentialAction":[{"@type":"ReadAction","target":["https:\/\/novice.si\/page\/danes-zacetek-velikega-jadralskega-izziva-na-katerem-sodeluje-bistrican-uros-krasevac\/"]}]},{"@type":"ImageObject","inLanguage":"sl-SI","@id":"https:\/\/novice.si\/page\/danes-zacetek-velikega-jadralskega-izziva-na-katerem-sodeluje-bistrican-uros-krasevac\/#primaryimage","url":"https:\/\/novice.si\/page\/wp-content\/uploads\/2023\/09\/Uros-on-Seascape_2.jpg","contentUrl":"https:\/\/novice.si\/page\/wp-content\/uploads\/2023\/09\/Uros-on-Seascape_2.jpg","width":1000,"height":666,"caption":"Uro\u0161 na \u0161portni jadrnici slovenskega podjetja Seascape"},{"@type":"BreadcrumbList","@id":"https:\/\/novice.si\/page\/danes-zacetek-velikega-jadralskega-izziva-na-katerem-sodeluje-bistrican-uros-krasevac\/#breadcrumb","itemListElement":[{"@type":"ListItem","position":1,"name":"Home","item":"https:\/\/novice.si\/page\/"},{"@type":"ListItem","position":2,"name":"Danes za\u010detek velikega jadralskega izziva, na katerem sodeluje Bistri\u010dan Uro\u0161 Kra\u0161evac"}]},{"@type":"WebSite","@id":"https:\/\/novice.si\/page\/#website","url":"https:\/\/novice.si\/page\/","name":"Novice.si","description":"","publisher":{"@id":"https:\/\/novice.si\/page\/#organization"},"potentialAction":[{"@type":"SearchAction","target":{"@type":"EntryPoint","urlTemplate":"https:\/\/novice.si\/page\/?s={search_term_string}"},"query-input":{"@type":"PropertyValueSpecification","valueRequired":true,"valueName":"search_term_string"}}],"inLanguage":"sl-SI"},{"@type":"Organization","@id":"https:\/\/novice.si\/page\/#organization","name":"Novice.si","url":"https:\/\/novice.si\/page\/","logo":{"@type":"ImageObject","inLanguage":"sl-SI","@id":"https:\/\/novice.si\/page\/#\/schema\/logo\/image\/","url":"https:\/\/novice.si\/page\/wp-content\/uploads\/2023\/03\/novice_si.png","contentUrl":"https:\/\/novice.si\/page\/wp-content\/uploads\/2023\/03\/novice_si.png","width":576,"height":200,"caption":"Novice.si"},"image":{"@id":"https:\/\/novice.si\/page\/#\/schema\/logo\/image\/"}},{"@type":"Person","@id":"https:\/\/novice.si\/page\/#\/schema\/person\/96b32396deedcde3f7f776c306b4be21","name":"Uredni\u0161tvo Bistri\u0161kih novic","image":{"@type":"ImageObject","inLanguage":"sl-SI","@id":"https:\/\/secure.gravatar.com\/avatar\/26c56c4b10cdb3a21e86442e5f2845a4eafdd0f3605def77ec6cff4aaef32ea4?s=96&d=mm&r=g","url":"https:\/\/secure.gravatar.com\/avatar\/26c56c4b10cdb3a21e86442e5f2845a4eafdd0f3605def77ec6cff4aaef32ea4?s=96&d=mm&r=g","contentUrl":"https:\/\/secure.gravatar.com\/avatar\/26c56c4b10cdb3a21e86442e5f2845a4eafdd0f3605def77ec6cff4aaef32ea4?s=96&d=mm&r=g","caption":"Uredni\u0161tvo Bistri\u0161kih novic"},"url":"https:\/\/novice.si\/page\/author\/bojana\/"}]}},"_links":{"self":[{"href":"https:\/\/novice.si\/page\/wp-json\/wp\/v2\/posts\/167818","targetHints":{"allow":["GET"]}}],"collection":[{"href":"https:\/\/novice.si\/page\/wp-json\/wp\/v2\/posts"}],"about":[{"href":"https:\/\/novice.si\/page\/wp-json\/wp\/v2\/types\/post"}],"author":[{"embeddable":true,"href":"https:\/\/novice.si\/page\/wp-json\/wp\/v2\/users\/8"}],"replies":[{"embeddable":true,"href":"https:\/\/novice.si\/page\/wp-json\/wp\/v2\/comments?post=167818"}],"version-history":[{"count":1,"href":"https:\/\/novice.si\/page\/wp-json\/wp\/v2\/posts\/167818\/revisions"}],"predecessor-version":[{"id":167822,"href":"https:\/\/novice.si\/page\/wp-json\/wp\/v2\/posts\/167818\/revisions\/167822"}],"wp:featuredmedia":[{"embeddable":true,"href":"https:\/\/novice.si\/page\/wp-json\/wp\/v2\/media\/167821"}],"wp:attachment":[{"href":"https:\/\/novice.si\/page\/wp-json\/wp\/v2\/media?parent=167818"}],"wp:term":[{"taxonomy":"category","embeddable":true,"href":"https:\/\/novice.si\/page\/wp-json\/wp\/v2\/categories?post=167818"},{"taxonomy":"post_tag","embeddable":true,"href":"https:\/\/novice.si\/page\/wp-json\/wp\/v2\/tags?post=167818"}],"curies":[{"name":"wp","href":"https:\/\/api.w.org\/{rel}","templated":true}]}}