{"id":167569,"date":"2023-09-21T09:32:40","date_gmt":"2023-09-21T07:32:40","guid":{"rendered":"https:\/\/novice.si\/page\/?p=167569"},"modified":"2023-09-22T09:54:22","modified_gmt":"2023-09-22T07:54:22","slug":"konjiski-maraton-obeta-se-nov-praznik-sporta-teka","status":"publish","type":"post","link":"https:\/\/novice.si\/page\/konjiski-maraton-obeta-se-nov-praznik-sporta-teka\/","title":{"rendered":"Konji\u0161ki maraton: obeta se nov praznik \u0161porta\/teka"},"content":{"rendered":"<p><img loading=\"lazy\" decoding=\"async\" class=\"size-medium wp-image-167570\" src=\"https:\/\/novice.si\/page\/wp-content\/uploads\/2023\/09\/konjiski-maraton-najava-600x400.jpg\" alt=\"\" width=\"600\" height=\"400\" srcset=\"https:\/\/novice.si\/page\/wp-content\/uploads\/2023\/09\/konjiski-maraton-najava-600x400.jpg 600w, https:\/\/novice.si\/page\/wp-content\/uploads\/2023\/09\/konjiski-maraton-najava-1024x683.jpg 1024w, https:\/\/novice.si\/page\/wp-content\/uploads\/2023\/09\/konjiski-maraton-najava-768x512.jpg 768w, https:\/\/novice.si\/page\/wp-content\/uploads\/2023\/09\/konjiski-maraton-najava-1536x1024.jpg 1536w, https:\/\/novice.si\/page\/wp-content\/uploads\/2023\/09\/konjiski-maraton-najava-696x464.jpg 696w, https:\/\/novice.si\/page\/wp-content\/uploads\/2023\/09\/konjiski-maraton-najava-1068x712.jpg 1068w, https:\/\/novice.si\/page\/wp-content\/uploads\/2023\/09\/konjiski-maraton-najava-630x420.jpg 630w, https:\/\/novice.si\/page\/wp-content\/uploads\/2023\/09\/konjiski-maraton-najava-24x16.jpg 24w, https:\/\/novice.si\/page\/wp-content\/uploads\/2023\/09\/konjiski-maraton-najava-36x24.jpg 36w, https:\/\/novice.si\/page\/wp-content\/uploads\/2023\/09\/konjiski-maraton-najava-48x32.jpg 48w, https:\/\/novice.si\/page\/wp-content\/uploads\/2023\/09\/konjiski-maraton-najava.jpg 1600w\" sizes=\"auto, (max-width: 600px) 100vw, 600px\" \/><\/p>\n<p>Zadnja septembrska nedelja bo na Konji\u0161kem in Zre\u0161kem \u017ee tradicionalno postregla s \u0161portnim oz. teka\u0161kim praznikom. 11. Konji\u0161ki maraton bo letos torej le en dan po dnevu slovenskega \u0161porta, dr\u017eavnem prazniku, ki so ga na pobudo Olimpijskega komiteja Slovenije uvedli leta 2020.<br \/>\nUigrana ekipa Konji\u0161kega maratona se v teh dneh v popolnosti posve\u010da sami izvedbi dogodka. Pred dnevi so opravili raz\u0161irjen kolegij z vodjami prostovoljnih skupin, se sestali z delegatom Atletske zveze Slovenije in sodniki. &#8220;\u017delimo pripraviti tekmovanje na tako visokem nivoju, kot so teka\u010di in vsi ostali navajeni iz prej\u0161njih let. Verjamem, da nam bo s pomo\u010djo prostovoljcev to tudi uspelo,&#8221; je nekaj dni pred maratonom optimisti\u010den predsednik organizacijskega odbora <strong>Anton Noner<\/strong>.<br \/>\nPrijave na tokratni maraton so sicer \u017ee nekaj \u010dasa zaprte, saj je polnih vseh 1.500 mest na startu. Teka\u010dice in teka\u010di bodo tudi tokrat tekli na 21, 10 in 5 kilometrov. &#8217;10-ka&#8217; bo znova \u0161tela tudi za dr\u017eavno prvenstvo v cestnem teku. Dan pred maratonom in na dan dogodka pa bodo sprejemali \u0161e prijave za Tek \u0161olarjev in Konji\u010dkov tek.<br \/>\nMed prijavljenimi teka\u010dicami in teka\u010di se jih je najve\u010d odlo\u010dilo za nastop na 10-kilometrski trasi, in sicer 48 odstotkov. Od teh jih bo 109 teklo na dr\u017eavnem prvenstvu. Na 5 kilometrov se jih je prijavilo 36 odstotkov, na 21 kilometrov pa 16 odstotkov. Prijavljenih je ve\u010d \u017eensk kot mo\u0161kih \u2013 56 odstotkov \u017eensk in 44 odstotkov mo\u0161kih. Najve\u010d jih bo pri\u0161lo iz celjske (55 odstotkov) in mariborske (23 odstotkov) regije. Poleg Slovencev bodo tekli \u0161e teka\u010dice in teka\u010di iz Avstrije, Hrva\u0161ke, Indije, Luksemburga, Nem\u010dije in Ukrajine. (Jure Mernik)<br \/>\nFoto: arhiv Konji\u0161ki maraton<\/p>\n","protected":false},"excerpt":{"rendered":"<p>Zadnja septembrska nedelja bo na Konji\u0161kem in Zre\u0161kem \u017ee tradicionalno postregla s \u0161portnim oz. teka\u0161kim praznikom. 11. Konji\u0161ki maraton bo letos torej le en dan po dnevu slovenskega \u0161porta, dr\u017eavnem prazniku, ki so ga na pobudo Olimpijskega komiteja Slovenije uvedli leta 2020. Uigrana ekipa Konji\u0161kega maratona se v teh dneh v popolnosti posve\u010da sami izvedbi [&hellip;]<\/p>\n","protected":false},"author":7,"featured_media":167570,"comment_status":"closed","ping_status":"closed","sticky":false,"template":"","format":"standard","meta":{"footnotes":""},"categories":[14,16,68],"tags":[351],"class_list":{"0":"post-167569","1":"post","2":"type-post","3":"status-publish","4":"format-standard","5":"has-post-thumbnail","7":"category-aktualno","8":"category-konjisko","9":"category-sport","10":"tag-konjiski-maraton"},"yoast_head":"<!-- This site is optimized with the Yoast SEO plugin v27.4 - https:\/\/yoast.com\/product\/yoast-seo-wordpress\/ -->\n<title>Konji\u0161ki maraton: obeta se nov praznik \u0161porta\/teka - Novice.si<\/title>\n<meta name=\"robots\" content=\"index, follow, max-snippet:-1, max-image-preview:large, max-video-preview:-1\" \/>\n<link rel=\"canonical\" href=\"https:\/\/novice.si\/page\/konjiski-maraton-obeta-se-nov-praznik-sporta-teka\/\" \/>\n<meta property=\"og:locale\" content=\"sl_SI\" \/>\n<meta property=\"og:type\" content=\"article\" \/>\n<meta property=\"og:title\" content=\"Konji\u0161ki maraton: obeta se nov praznik \u0161porta\/teka - Novice.si\" \/>\n<meta property=\"og:description\" content=\"Zadnja septembrska nedelja bo na Konji\u0161kem in Zre\u0161kem \u017ee tradicionalno postregla s \u0161portnim oz. teka\u0161kim praznikom. 11. Konji\u0161ki maraton bo letos torej le en dan po dnevu slovenskega \u0161porta, dr\u017eavnem prazniku, ki so ga na pobudo Olimpijskega komiteja Slovenije uvedli leta 2020. Uigrana ekipa Konji\u0161kega maratona se v teh dneh v popolnosti posve\u010da sami izvedbi [&hellip;]\" \/>\n<meta property=\"og:url\" content=\"https:\/\/novice.si\/page\/konjiski-maraton-obeta-se-nov-praznik-sporta-teka\/\" \/>\n<meta property=\"og:site_name\" content=\"Novice.si\" \/>\n<meta property=\"article:published_time\" content=\"2023-09-21T07:32:40+00:00\" \/>\n<meta property=\"article:modified_time\" content=\"2023-09-22T07:54:22+00:00\" \/>\n<meta property=\"og:image\" content=\"https:\/\/novice.si\/page\/wp-content\/uploads\/2023\/09\/konjiski-maraton-najava.jpg\" \/>\n\t<meta property=\"og:image:width\" content=\"1600\" \/>\n\t<meta property=\"og:image:height\" content=\"1067\" \/>\n\t<meta property=\"og:image:type\" content=\"image\/jpeg\" \/>\n<meta name=\"author\" content=\"Uredni\u0161tvo Novic\" \/>\n<meta name=\"twitter:card\" content=\"summary_large_image\" \/>\n<meta name=\"twitter:label1\" content=\"Written by\" \/>\n\t<meta name=\"twitter:data1\" content=\"Uredni\u0161tvo Novic\" \/>\n\t<meta name=\"twitter:label2\" content=\"Est. reading time\" \/>\n\t<meta name=\"twitter:data2\" content=\"2 minuti\" \/>\n<script type=\"application\/ld+json\" class=\"yoast-schema-graph\">{\"@context\":\"https:\\\/\\\/schema.org\",\"@graph\":[{\"@type\":\"Article\",\"@id\":\"https:\\\/\\\/novice.si\\\/page\\\/konjiski-maraton-obeta-se-nov-praznik-sporta-teka\\\/#article\",\"isPartOf\":{\"@id\":\"https:\\\/\\\/novice.si\\\/page\\\/konjiski-maraton-obeta-se-nov-praznik-sporta-teka\\\/\"},\"author\":{\"name\":\"Uredni\u0161tvo Novic\",\"@id\":\"https:\\\/\\\/novice.si\\\/page\\\/#\\\/schema\\\/person\\\/a877dbb8680d441357ce27663beb35ca\"},\"headline\":\"Konji\u0161ki maraton: obeta se nov praznik \u0161porta\\\/teka\",\"datePublished\":\"2023-09-21T07:32:40+00:00\",\"dateModified\":\"2023-09-22T07:54:22+00:00\",\"mainEntityOfPage\":{\"@id\":\"https:\\\/\\\/novice.si\\\/page\\\/konjiski-maraton-obeta-se-nov-praznik-sporta-teka\\\/\"},\"wordCount\":286,\"publisher\":{\"@id\":\"https:\\\/\\\/novice.si\\\/page\\\/#organization\"},\"image\":{\"@id\":\"https:\\\/\\\/novice.si\\\/page\\\/konjiski-maraton-obeta-se-nov-praznik-sporta-teka\\\/#primaryimage\"},\"thumbnailUrl\":\"https:\\\/\\\/novice.si\\\/page\\\/wp-content\\\/uploads\\\/2023\\\/09\\\/konjiski-maraton-najava.jpg\",\"keywords\":[\"Konji\u0161ki maraton\"],\"articleSection\":[\"Aktualno\",\"Konji\u0161ko\",\"\u0160port\"],\"inLanguage\":\"sl-SI\"},{\"@type\":\"WebPage\",\"@id\":\"https:\\\/\\\/novice.si\\\/page\\\/konjiski-maraton-obeta-se-nov-praznik-sporta-teka\\\/\",\"url\":\"https:\\\/\\\/novice.si\\\/page\\\/konjiski-maraton-obeta-se-nov-praznik-sporta-teka\\\/\",\"name\":\"Konji\u0161ki maraton: obeta se nov praznik \u0161porta\\\/teka - Novice.si\",\"isPartOf\":{\"@id\":\"https:\\\/\\\/novice.si\\\/page\\\/#website\"},\"primaryImageOfPage\":{\"@id\":\"https:\\\/\\\/novice.si\\\/page\\\/konjiski-maraton-obeta-se-nov-praznik-sporta-teka\\\/#primaryimage\"},\"image\":{\"@id\":\"https:\\\/\\\/novice.si\\\/page\\\/konjiski-maraton-obeta-se-nov-praznik-sporta-teka\\\/#primaryimage\"},\"thumbnailUrl\":\"https:\\\/\\\/novice.si\\\/page\\\/wp-content\\\/uploads\\\/2023\\\/09\\\/konjiski-maraton-najava.jpg\",\"datePublished\":\"2023-09-21T07:32:40+00:00\",\"dateModified\":\"2023-09-22T07:54:22+00:00\",\"breadcrumb\":{\"@id\":\"https:\\\/\\\/novice.si\\\/page\\\/konjiski-maraton-obeta-se-nov-praznik-sporta-teka\\\/#breadcrumb\"},\"inLanguage\":\"sl-SI\",\"potentialAction\":[{\"@type\":\"ReadAction\",\"target\":[\"https:\\\/\\\/novice.si\\\/page\\\/konjiski-maraton-obeta-se-nov-praznik-sporta-teka\\\/\"]}]},{\"@type\":\"ImageObject\",\"inLanguage\":\"sl-SI\",\"@id\":\"https:\\\/\\\/novice.si\\\/page\\\/konjiski-maraton-obeta-se-nov-praznik-sporta-teka\\\/#primaryimage\",\"url\":\"https:\\\/\\\/novice.si\\\/page\\\/wp-content\\\/uploads\\\/2023\\\/09\\\/konjiski-maraton-najava.jpg\",\"contentUrl\":\"https:\\\/\\\/novice.si\\\/page\\\/wp-content\\\/uploads\\\/2023\\\/09\\\/konjiski-maraton-najava.jpg\",\"width\":1600,\"height\":1067,\"caption\":\"10. Konjiski maraton 2022 \\\/ 10th Konjice Marathon 2022, 25.9.2022 Slovenske Konjice, Slovenia. Photo by Vid Ponikvar \\\/ Sportida\"},{\"@type\":\"BreadcrumbList\",\"@id\":\"https:\\\/\\\/novice.si\\\/page\\\/konjiski-maraton-obeta-se-nov-praznik-sporta-teka\\\/#breadcrumb\",\"itemListElement\":[{\"@type\":\"ListItem\",\"position\":1,\"name\":\"Home\",\"item\":\"https:\\\/\\\/novice.si\\\/page\\\/\"},{\"@type\":\"ListItem\",\"position\":2,\"name\":\"Konji\u0161ki maraton: obeta se nov praznik \u0161porta\\\/teka\"}]},{\"@type\":\"WebSite\",\"@id\":\"https:\\\/\\\/novice.si\\\/page\\\/#website\",\"url\":\"https:\\\/\\\/novice.si\\\/page\\\/\",\"name\":\"Novice.si\",\"description\":\"\",\"publisher\":{\"@id\":\"https:\\\/\\\/novice.si\\\/page\\\/#organization\"},\"potentialAction\":[{\"@type\":\"SearchAction\",\"target\":{\"@type\":\"EntryPoint\",\"urlTemplate\":\"https:\\\/\\\/novice.si\\\/page\\\/?s={search_term_string}\"},\"query-input\":{\"@type\":\"PropertyValueSpecification\",\"valueRequired\":true,\"valueName\":\"search_term_string\"}}],\"inLanguage\":\"sl-SI\"},{\"@type\":\"Organization\",\"@id\":\"https:\\\/\\\/novice.si\\\/page\\\/#organization\",\"name\":\"Novice.si\",\"url\":\"https:\\\/\\\/novice.si\\\/page\\\/\",\"logo\":{\"@type\":\"ImageObject\",\"inLanguage\":\"sl-SI\",\"@id\":\"https:\\\/\\\/novice.si\\\/page\\\/#\\\/schema\\\/logo\\\/image\\\/\",\"url\":\"https:\\\/\\\/novice.si\\\/page\\\/wp-content\\\/uploads\\\/2023\\\/03\\\/novice_si.png\",\"contentUrl\":\"https:\\\/\\\/novice.si\\\/page\\\/wp-content\\\/uploads\\\/2023\\\/03\\\/novice_si.png\",\"width\":576,\"height\":200,\"caption\":\"Novice.si\"},\"image\":{\"@id\":\"https:\\\/\\\/novice.si\\\/page\\\/#\\\/schema\\\/logo\\\/image\\\/\"}},{\"@type\":\"Person\",\"@id\":\"https:\\\/\\\/novice.si\\\/page\\\/#\\\/schema\\\/person\\\/a877dbb8680d441357ce27663beb35ca\",\"name\":\"Uredni\u0161tvo Novic\",\"image\":{\"@type\":\"ImageObject\",\"inLanguage\":\"sl-SI\",\"@id\":\"https:\\\/\\\/secure.gravatar.com\\\/avatar\\\/f19c0ae874706cc9ba19d2f6da5f74a5a5ee7674f283fed29ce0ad16a9f1893e?s=96&d=mm&r=g\",\"url\":\"https:\\\/\\\/secure.gravatar.com\\\/avatar\\\/f19c0ae874706cc9ba19d2f6da5f74a5a5ee7674f283fed29ce0ad16a9f1893e?s=96&d=mm&r=g\",\"contentUrl\":\"https:\\\/\\\/secure.gravatar.com\\\/avatar\\\/f19c0ae874706cc9ba19d2f6da5f74a5a5ee7674f283fed29ce0ad16a9f1893e?s=96&d=mm&r=g\",\"caption\":\"Uredni\u0161tvo Novic\"},\"url\":\"https:\\\/\\\/novice.si\\\/page\\\/author\\\/jure\\\/\"}]}<\/script>\n<!-- \/ Yoast SEO plugin. -->","yoast_head_json":{"title":"Konji\u0161ki maraton: obeta se nov praznik \u0161porta\/teka - Novice.si","robots":{"index":"index","follow":"follow","max-snippet":"max-snippet:-1","max-image-preview":"max-image-preview:large","max-video-preview":"max-video-preview:-1"},"canonical":"https:\/\/novice.si\/page\/konjiski-maraton-obeta-se-nov-praznik-sporta-teka\/","og_locale":"sl_SI","og_type":"article","og_title":"Konji\u0161ki maraton: obeta se nov praznik \u0161porta\/teka - Novice.si","og_description":"Zadnja septembrska nedelja bo na Konji\u0161kem in Zre\u0161kem \u017ee tradicionalno postregla s \u0161portnim oz. teka\u0161kim praznikom. 11. Konji\u0161ki maraton bo letos torej le en dan po dnevu slovenskega \u0161porta, dr\u017eavnem prazniku, ki so ga na pobudo Olimpijskega komiteja Slovenije uvedli leta 2020. Uigrana ekipa Konji\u0161kega maratona se v teh dneh v popolnosti posve\u010da sami izvedbi [&hellip;]","og_url":"https:\/\/novice.si\/page\/konjiski-maraton-obeta-se-nov-praznik-sporta-teka\/","og_site_name":"Novice.si","article_published_time":"2023-09-21T07:32:40+00:00","article_modified_time":"2023-09-22T07:54:22+00:00","og_image":[{"width":1600,"height":1067,"url":"https:\/\/novice.si\/page\/wp-content\/uploads\/2023\/09\/konjiski-maraton-najava.jpg","type":"image\/jpeg"}],"author":"Uredni\u0161tvo Novic","twitter_card":"summary_large_image","twitter_misc":{"Written by":"Uredni\u0161tvo Novic","Est. reading time":"2 minuti"},"schema":{"@context":"https:\/\/schema.org","@graph":[{"@type":"Article","@id":"https:\/\/novice.si\/page\/konjiski-maraton-obeta-se-nov-praznik-sporta-teka\/#article","isPartOf":{"@id":"https:\/\/novice.si\/page\/konjiski-maraton-obeta-se-nov-praznik-sporta-teka\/"},"author":{"name":"Uredni\u0161tvo Novic","@id":"https:\/\/novice.si\/page\/#\/schema\/person\/a877dbb8680d441357ce27663beb35ca"},"headline":"Konji\u0161ki maraton: obeta se nov praznik \u0161porta\/teka","datePublished":"2023-09-21T07:32:40+00:00","dateModified":"2023-09-22T07:54:22+00:00","mainEntityOfPage":{"@id":"https:\/\/novice.si\/page\/konjiski-maraton-obeta-se-nov-praznik-sporta-teka\/"},"wordCount":286,"publisher":{"@id":"https:\/\/novice.si\/page\/#organization"},"image":{"@id":"https:\/\/novice.si\/page\/konjiski-maraton-obeta-se-nov-praznik-sporta-teka\/#primaryimage"},"thumbnailUrl":"https:\/\/novice.si\/page\/wp-content\/uploads\/2023\/09\/konjiski-maraton-najava.jpg","keywords":["Konji\u0161ki maraton"],"articleSection":["Aktualno","Konji\u0161ko","\u0160port"],"inLanguage":"sl-SI"},{"@type":"WebPage","@id":"https:\/\/novice.si\/page\/konjiski-maraton-obeta-se-nov-praznik-sporta-teka\/","url":"https:\/\/novice.si\/page\/konjiski-maraton-obeta-se-nov-praznik-sporta-teka\/","name":"Konji\u0161ki maraton: obeta se nov praznik \u0161porta\/teka - Novice.si","isPartOf":{"@id":"https:\/\/novice.si\/page\/#website"},"primaryImageOfPage":{"@id":"https:\/\/novice.si\/page\/konjiski-maraton-obeta-se-nov-praznik-sporta-teka\/#primaryimage"},"image":{"@id":"https:\/\/novice.si\/page\/konjiski-maraton-obeta-se-nov-praznik-sporta-teka\/#primaryimage"},"thumbnailUrl":"https:\/\/novice.si\/page\/wp-content\/uploads\/2023\/09\/konjiski-maraton-najava.jpg","datePublished":"2023-09-21T07:32:40+00:00","dateModified":"2023-09-22T07:54:22+00:00","breadcrumb":{"@id":"https:\/\/novice.si\/page\/konjiski-maraton-obeta-se-nov-praznik-sporta-teka\/#breadcrumb"},"inLanguage":"sl-SI","potentialAction":[{"@type":"ReadAction","target":["https:\/\/novice.si\/page\/konjiski-maraton-obeta-se-nov-praznik-sporta-teka\/"]}]},{"@type":"ImageObject","inLanguage":"sl-SI","@id":"https:\/\/novice.si\/page\/konjiski-maraton-obeta-se-nov-praznik-sporta-teka\/#primaryimage","url":"https:\/\/novice.si\/page\/wp-content\/uploads\/2023\/09\/konjiski-maraton-najava.jpg","contentUrl":"https:\/\/novice.si\/page\/wp-content\/uploads\/2023\/09\/konjiski-maraton-najava.jpg","width":1600,"height":1067,"caption":"10. Konjiski maraton 2022 \/ 10th Konjice Marathon 2022, 25.9.2022 Slovenske Konjice, Slovenia. Photo by Vid Ponikvar \/ Sportida"},{"@type":"BreadcrumbList","@id":"https:\/\/novice.si\/page\/konjiski-maraton-obeta-se-nov-praznik-sporta-teka\/#breadcrumb","itemListElement":[{"@type":"ListItem","position":1,"name":"Home","item":"https:\/\/novice.si\/page\/"},{"@type":"ListItem","position":2,"name":"Konji\u0161ki maraton: obeta se nov praznik \u0161porta\/teka"}]},{"@type":"WebSite","@id":"https:\/\/novice.si\/page\/#website","url":"https:\/\/novice.si\/page\/","name":"Novice.si","description":"","publisher":{"@id":"https:\/\/novice.si\/page\/#organization"},"potentialAction":[{"@type":"SearchAction","target":{"@type":"EntryPoint","urlTemplate":"https:\/\/novice.si\/page\/?s={search_term_string}"},"query-input":{"@type":"PropertyValueSpecification","valueRequired":true,"valueName":"search_term_string"}}],"inLanguage":"sl-SI"},{"@type":"Organization","@id":"https:\/\/novice.si\/page\/#organization","name":"Novice.si","url":"https:\/\/novice.si\/page\/","logo":{"@type":"ImageObject","inLanguage":"sl-SI","@id":"https:\/\/novice.si\/page\/#\/schema\/logo\/image\/","url":"https:\/\/novice.si\/page\/wp-content\/uploads\/2023\/03\/novice_si.png","contentUrl":"https:\/\/novice.si\/page\/wp-content\/uploads\/2023\/03\/novice_si.png","width":576,"height":200,"caption":"Novice.si"},"image":{"@id":"https:\/\/novice.si\/page\/#\/schema\/logo\/image\/"}},{"@type":"Person","@id":"https:\/\/novice.si\/page\/#\/schema\/person\/a877dbb8680d441357ce27663beb35ca","name":"Uredni\u0161tvo Novic","image":{"@type":"ImageObject","inLanguage":"sl-SI","@id":"https:\/\/secure.gravatar.com\/avatar\/f19c0ae874706cc9ba19d2f6da5f74a5a5ee7674f283fed29ce0ad16a9f1893e?s=96&d=mm&r=g","url":"https:\/\/secure.gravatar.com\/avatar\/f19c0ae874706cc9ba19d2f6da5f74a5a5ee7674f283fed29ce0ad16a9f1893e?s=96&d=mm&r=g","contentUrl":"https:\/\/secure.gravatar.com\/avatar\/f19c0ae874706cc9ba19d2f6da5f74a5a5ee7674f283fed29ce0ad16a9f1893e?s=96&d=mm&r=g","caption":"Uredni\u0161tvo Novic"},"url":"https:\/\/novice.si\/page\/author\/jure\/"}]}},"_links":{"self":[{"href":"https:\/\/novice.si\/page\/wp-json\/wp\/v2\/posts\/167569","targetHints":{"allow":["GET"]}}],"collection":[{"href":"https:\/\/novice.si\/page\/wp-json\/wp\/v2\/posts"}],"about":[{"href":"https:\/\/novice.si\/page\/wp-json\/wp\/v2\/types\/post"}],"author":[{"embeddable":true,"href":"https:\/\/novice.si\/page\/wp-json\/wp\/v2\/users\/7"}],"replies":[{"embeddable":true,"href":"https:\/\/novice.si\/page\/wp-json\/wp\/v2\/comments?post=167569"}],"version-history":[{"count":1,"href":"https:\/\/novice.si\/page\/wp-json\/wp\/v2\/posts\/167569\/revisions"}],"predecessor-version":[{"id":167571,"href":"https:\/\/novice.si\/page\/wp-json\/wp\/v2\/posts\/167569\/revisions\/167571"}],"wp:featuredmedia":[{"embeddable":true,"href":"https:\/\/novice.si\/page\/wp-json\/wp\/v2\/media\/167570"}],"wp:attachment":[{"href":"https:\/\/novice.si\/page\/wp-json\/wp\/v2\/media?parent=167569"}],"wp:term":[{"taxonomy":"category","embeddable":true,"href":"https:\/\/novice.si\/page\/wp-json\/wp\/v2\/categories?post=167569"},{"taxonomy":"post_tag","embeddable":true,"href":"https:\/\/novice.si\/page\/wp-json\/wp\/v2\/tags?post=167569"}],"curies":[{"name":"wp","href":"https:\/\/api.w.org\/{rel}","templated":true}]}}