{"id":167544,"date":"2023-09-20T13:57:07","date_gmt":"2023-09-20T11:57:07","guid":{"rendered":"https:\/\/novice.si\/page\/?p=167544"},"modified":"2023-09-20T13:57:07","modified_gmt":"2023-09-20T11:57:07","slug":"umrl-alojz-groleger-dolgoletni-poveljnik-teritorialne-obrambe-slovenske-konjice","status":"publish","type":"post","link":"https:\/\/novice.si\/page\/umrl-alojz-groleger-dolgoletni-poveljnik-teritorialne-obrambe-slovenske-konjice\/","title":{"rendered":"Umrl Alojz Groleger, dolgoletni poveljnik Teritorialne obrambe Slovenske Konjice"},"content":{"rendered":"<figure id=\"attachment_167545\" aria-describedby=\"caption-attachment-167545\" style=\"width: 600px\" class=\"wp-caption alignnone\"><img loading=\"lazy\" decoding=\"async\" class=\"wp-image-167545 size-medium\" src=\"https:\/\/novice.si\/page\/wp-content\/uploads\/2023\/09\/umrl-groleger-600x600.png\" alt=\"Alojz Groleger\" width=\"600\" height=\"600\" srcset=\"https:\/\/novice.si\/page\/wp-content\/uploads\/2023\/09\/umrl-groleger-600x600.png 600w, https:\/\/novice.si\/page\/wp-content\/uploads\/2023\/09\/umrl-groleger-1024x1024.png 1024w, https:\/\/novice.si\/page\/wp-content\/uploads\/2023\/09\/umrl-groleger-150x150.png 150w, https:\/\/novice.si\/page\/wp-content\/uploads\/2023\/09\/umrl-groleger-768x768.png 768w, https:\/\/novice.si\/page\/wp-content\/uploads\/2023\/09\/umrl-groleger-696x696.png 696w, https:\/\/novice.si\/page\/wp-content\/uploads\/2023\/09\/umrl-groleger-1068x1068.png 1068w, https:\/\/novice.si\/page\/wp-content\/uploads\/2023\/09\/umrl-groleger-420x420.png 420w, https:\/\/novice.si\/page\/wp-content\/uploads\/2023\/09\/umrl-groleger-24x24.png 24w, https:\/\/novice.si\/page\/wp-content\/uploads\/2023\/09\/umrl-groleger-36x36.png 36w, https:\/\/novice.si\/page\/wp-content\/uploads\/2023\/09\/umrl-groleger-48x48.png 48w, https:\/\/novice.si\/page\/wp-content\/uploads\/2023\/09\/umrl-groleger.png 1080w\" sizes=\"auto, (max-width: 600px) 100vw, 600px\" \/><figcaption id=\"caption-attachment-167545\" class=\"wp-caption-text\">Alojz Groleger<\/figcaption><\/figure>\n<p>Obmo\u010dno zdru\u017eenje veteranov Slov. Konjice je sporo\u010dilo, da je umrl dolgoletni poveljnik Teritorialne obrambe Slovenske Konjice in \u010dlan predsedstva zdru\u017eenja vojnih veteranov Slovenske Konjice, veteran vojne za Slovenijo, Konji\u010dan Alojz Groleger.<br \/>\nBil je v o\u017eji skupini tistih, ki so se na Konji\u0161kem uprli ukazu republi\u0161kega \u0161taba za teritorialno obrambo o predaji oro\u017eja, streliva in materialno-tehni\u010dnih sredstvih v objekte Jugoslovanske ljudske armade. Za zelo pogumno dejanje v tistih \u010dasih in kasnej\u0161e delovanje je prejel tudi ve\u010d odlikovanj, med drugim je nosilec zlate medalje Slovenske vojske.<\/p>\n","protected":false},"excerpt":{"rendered":"<p>Obmo\u010dno zdru\u017eenje veteranov Slov. Konjice je sporo\u010dilo, da je umrl dolgoletni poveljnik Teritorialne obrambe Slovenske Konjice in \u010dlan predsedstva zdru\u017eenja vojnih veteranov Slovenske Konjice, veteran vojne za Slovenijo, Konji\u010dan Alojz Groleger. Bil je v o\u017eji skupini tistih, ki so se na Konji\u0161kem uprli ukazu republi\u0161kega \u0161taba za teritorialno obrambo o predaji oro\u017eja, streliva in materialno-tehni\u010dnih [&hellip;]<\/p>\n","protected":false},"author":5,"featured_media":167545,"comment_status":"closed","ping_status":"closed","sticky":false,"template":"","format":"standard","meta":{"footnotes":""},"categories":[14,16],"tags":[18737],"class_list":{"0":"post-167544","1":"post","2":"type-post","3":"status-publish","4":"format-standard","5":"has-post-thumbnail","7":"category-aktualno","8":"category-konjisko","9":"tag-alojz-groleger"},"yoast_head":"<!-- This site is optimized with the Yoast SEO plugin v27.4 - https:\/\/yoast.com\/product\/yoast-seo-wordpress\/ -->\n<title>Umrl Alojz Groleger, dolgoletni poveljnik Teritorialne obrambe Slovenske Konjice - Novice.si<\/title>\n<meta name=\"robots\" content=\"index, follow, max-snippet:-1, max-image-preview:large, max-video-preview:-1\" \/>\n<link rel=\"canonical\" href=\"https:\/\/novice.si\/page\/umrl-alojz-groleger-dolgoletni-poveljnik-teritorialne-obrambe-slovenske-konjice\/\" \/>\n<meta property=\"og:locale\" content=\"sl_SI\" \/>\n<meta property=\"og:type\" content=\"article\" \/>\n<meta property=\"og:title\" content=\"Umrl Alojz Groleger, dolgoletni poveljnik Teritorialne obrambe Slovenske Konjice - Novice.si\" \/>\n<meta property=\"og:description\" content=\"Obmo\u010dno zdru\u017eenje veteranov Slov. Konjice je sporo\u010dilo, da je umrl dolgoletni poveljnik Teritorialne obrambe Slovenske Konjice in \u010dlan predsedstva zdru\u017eenja vojnih veteranov Slovenske Konjice, veteran vojne za Slovenijo, Konji\u010dan Alojz Groleger. Bil je v o\u017eji skupini tistih, ki so se na Konji\u0161kem uprli ukazu republi\u0161kega \u0161taba za teritorialno obrambo o predaji oro\u017eja, streliva in materialno-tehni\u010dnih [&hellip;]\" \/>\n<meta property=\"og:url\" content=\"https:\/\/novice.si\/page\/umrl-alojz-groleger-dolgoletni-poveljnik-teritorialne-obrambe-slovenske-konjice\/\" \/>\n<meta property=\"og:site_name\" content=\"Novice.si\" \/>\n<meta property=\"article:published_time\" content=\"2023-09-20T11:57:07+00:00\" \/>\n<meta property=\"og:image\" content=\"https:\/\/novice.si\/page\/wp-content\/uploads\/2023\/09\/umrl-groleger.png\" \/>\n\t<meta property=\"og:image:width\" content=\"1080\" \/>\n\t<meta property=\"og:image:height\" content=\"1080\" \/>\n\t<meta property=\"og:image:type\" content=\"image\/png\" \/>\n<meta name=\"author\" content=\"Uredni\u0161tvo Radia Rogla\" \/>\n<meta name=\"twitter:card\" content=\"summary_large_image\" \/>\n<meta name=\"twitter:label1\" content=\"Written by\" \/>\n\t<meta name=\"twitter:data1\" content=\"Uredni\u0161tvo Radia Rogla\" \/>\n\t<meta name=\"twitter:label2\" content=\"Est. reading time\" \/>\n\t<meta name=\"twitter:data2\" content=\"1 minuta\" \/>\n<script type=\"application\/ld+json\" class=\"yoast-schema-graph\">{\"@context\":\"https:\\\/\\\/schema.org\",\"@graph\":[{\"@type\":\"Article\",\"@id\":\"https:\\\/\\\/novice.si\\\/page\\\/umrl-alojz-groleger-dolgoletni-poveljnik-teritorialne-obrambe-slovenske-konjice\\\/#article\",\"isPartOf\":{\"@id\":\"https:\\\/\\\/novice.si\\\/page\\\/umrl-alojz-groleger-dolgoletni-poveljnik-teritorialne-obrambe-slovenske-konjice\\\/\"},\"author\":{\"name\":\"Uredni\u0161tvo Radia Rogla\",\"@id\":\"https:\\\/\\\/novice.si\\\/page\\\/#\\\/schema\\\/person\\\/25f5278da029e7b6f1e1c5653d7152a6\"},\"headline\":\"Umrl Alojz Groleger, dolgoletni poveljnik Teritorialne obrambe Slovenske Konjice\",\"datePublished\":\"2023-09-20T11:57:07+00:00\",\"mainEntityOfPage\":{\"@id\":\"https:\\\/\\\/novice.si\\\/page\\\/umrl-alojz-groleger-dolgoletni-poveljnik-teritorialne-obrambe-slovenske-konjice\\\/\"},\"wordCount\":113,\"publisher\":{\"@id\":\"https:\\\/\\\/novice.si\\\/page\\\/#organization\"},\"image\":{\"@id\":\"https:\\\/\\\/novice.si\\\/page\\\/umrl-alojz-groleger-dolgoletni-poveljnik-teritorialne-obrambe-slovenske-konjice\\\/#primaryimage\"},\"thumbnailUrl\":\"https:\\\/\\\/novice.si\\\/page\\\/wp-content\\\/uploads\\\/2023\\\/09\\\/umrl-groleger.png\",\"keywords\":[\"alojz groleger\"],\"articleSection\":[\"Aktualno\",\"Konji\u0161ko\"],\"inLanguage\":\"sl-SI\"},{\"@type\":\"WebPage\",\"@id\":\"https:\\\/\\\/novice.si\\\/page\\\/umrl-alojz-groleger-dolgoletni-poveljnik-teritorialne-obrambe-slovenske-konjice\\\/\",\"url\":\"https:\\\/\\\/novice.si\\\/page\\\/umrl-alojz-groleger-dolgoletni-poveljnik-teritorialne-obrambe-slovenske-konjice\\\/\",\"name\":\"Umrl Alojz Groleger, dolgoletni poveljnik Teritorialne obrambe Slovenske Konjice - Novice.si\",\"isPartOf\":{\"@id\":\"https:\\\/\\\/novice.si\\\/page\\\/#website\"},\"primaryImageOfPage\":{\"@id\":\"https:\\\/\\\/novice.si\\\/page\\\/umrl-alojz-groleger-dolgoletni-poveljnik-teritorialne-obrambe-slovenske-konjice\\\/#primaryimage\"},\"image\":{\"@id\":\"https:\\\/\\\/novice.si\\\/page\\\/umrl-alojz-groleger-dolgoletni-poveljnik-teritorialne-obrambe-slovenske-konjice\\\/#primaryimage\"},\"thumbnailUrl\":\"https:\\\/\\\/novice.si\\\/page\\\/wp-content\\\/uploads\\\/2023\\\/09\\\/umrl-groleger.png\",\"datePublished\":\"2023-09-20T11:57:07+00:00\",\"breadcrumb\":{\"@id\":\"https:\\\/\\\/novice.si\\\/page\\\/umrl-alojz-groleger-dolgoletni-poveljnik-teritorialne-obrambe-slovenske-konjice\\\/#breadcrumb\"},\"inLanguage\":\"sl-SI\",\"potentialAction\":[{\"@type\":\"ReadAction\",\"target\":[\"https:\\\/\\\/novice.si\\\/page\\\/umrl-alojz-groleger-dolgoletni-poveljnik-teritorialne-obrambe-slovenske-konjice\\\/\"]}]},{\"@type\":\"ImageObject\",\"inLanguage\":\"sl-SI\",\"@id\":\"https:\\\/\\\/novice.si\\\/page\\\/umrl-alojz-groleger-dolgoletni-poveljnik-teritorialne-obrambe-slovenske-konjice\\\/#primaryimage\",\"url\":\"https:\\\/\\\/novice.si\\\/page\\\/wp-content\\\/uploads\\\/2023\\\/09\\\/umrl-groleger.png\",\"contentUrl\":\"https:\\\/\\\/novice.si\\\/page\\\/wp-content\\\/uploads\\\/2023\\\/09\\\/umrl-groleger.png\",\"width\":1080,\"height\":1080},{\"@type\":\"BreadcrumbList\",\"@id\":\"https:\\\/\\\/novice.si\\\/page\\\/umrl-alojz-groleger-dolgoletni-poveljnik-teritorialne-obrambe-slovenske-konjice\\\/#breadcrumb\",\"itemListElement\":[{\"@type\":\"ListItem\",\"position\":1,\"name\":\"Home\",\"item\":\"https:\\\/\\\/novice.si\\\/page\\\/\"},{\"@type\":\"ListItem\",\"position\":2,\"name\":\"Umrl Alojz Groleger, dolgoletni poveljnik Teritorialne obrambe Slovenske Konjice\"}]},{\"@type\":\"WebSite\",\"@id\":\"https:\\\/\\\/novice.si\\\/page\\\/#website\",\"url\":\"https:\\\/\\\/novice.si\\\/page\\\/\",\"name\":\"Novice.si\",\"description\":\"\",\"publisher\":{\"@id\":\"https:\\\/\\\/novice.si\\\/page\\\/#organization\"},\"potentialAction\":[{\"@type\":\"SearchAction\",\"target\":{\"@type\":\"EntryPoint\",\"urlTemplate\":\"https:\\\/\\\/novice.si\\\/page\\\/?s={search_term_string}\"},\"query-input\":{\"@type\":\"PropertyValueSpecification\",\"valueRequired\":true,\"valueName\":\"search_term_string\"}}],\"inLanguage\":\"sl-SI\"},{\"@type\":\"Organization\",\"@id\":\"https:\\\/\\\/novice.si\\\/page\\\/#organization\",\"name\":\"Novice.si\",\"url\":\"https:\\\/\\\/novice.si\\\/page\\\/\",\"logo\":{\"@type\":\"ImageObject\",\"inLanguage\":\"sl-SI\",\"@id\":\"https:\\\/\\\/novice.si\\\/page\\\/#\\\/schema\\\/logo\\\/image\\\/\",\"url\":\"https:\\\/\\\/novice.si\\\/page\\\/wp-content\\\/uploads\\\/2023\\\/03\\\/novice_si.png\",\"contentUrl\":\"https:\\\/\\\/novice.si\\\/page\\\/wp-content\\\/uploads\\\/2023\\\/03\\\/novice_si.png\",\"width\":576,\"height\":200,\"caption\":\"Novice.si\"},\"image\":{\"@id\":\"https:\\\/\\\/novice.si\\\/page\\\/#\\\/schema\\\/logo\\\/image\\\/\"}},{\"@type\":\"Person\",\"@id\":\"https:\\\/\\\/novice.si\\\/page\\\/#\\\/schema\\\/person\\\/25f5278da029e7b6f1e1c5653d7152a6\",\"name\":\"Uredni\u0161tvo Radia Rogla\",\"image\":{\"@type\":\"ImageObject\",\"inLanguage\":\"sl-SI\",\"@id\":\"https:\\\/\\\/secure.gravatar.com\\\/avatar\\\/eade8259eacc27e89cb0948c57c4cbe46b0f16ea634156f167415ac94c5b03e3?s=96&d=mm&r=g\",\"url\":\"https:\\\/\\\/secure.gravatar.com\\\/avatar\\\/eade8259eacc27e89cb0948c57c4cbe46b0f16ea634156f167415ac94c5b03e3?s=96&d=mm&r=g\",\"contentUrl\":\"https:\\\/\\\/secure.gravatar.com\\\/avatar\\\/eade8259eacc27e89cb0948c57c4cbe46b0f16ea634156f167415ac94c5b03e3?s=96&d=mm&r=g\",\"caption\":\"Uredni\u0161tvo Radia Rogla\"},\"url\":\"https:\\\/\\\/novice.si\\\/page\\\/author\\\/valerija\\\/\"}]}<\/script>\n<!-- \/ Yoast SEO plugin. -->","yoast_head_json":{"title":"Umrl Alojz Groleger, dolgoletni poveljnik Teritorialne obrambe Slovenske Konjice - Novice.si","robots":{"index":"index","follow":"follow","max-snippet":"max-snippet:-1","max-image-preview":"max-image-preview:large","max-video-preview":"max-video-preview:-1"},"canonical":"https:\/\/novice.si\/page\/umrl-alojz-groleger-dolgoletni-poveljnik-teritorialne-obrambe-slovenske-konjice\/","og_locale":"sl_SI","og_type":"article","og_title":"Umrl Alojz Groleger, dolgoletni poveljnik Teritorialne obrambe Slovenske Konjice - Novice.si","og_description":"Obmo\u010dno zdru\u017eenje veteranov Slov. Konjice je sporo\u010dilo, da je umrl dolgoletni poveljnik Teritorialne obrambe Slovenske Konjice in \u010dlan predsedstva zdru\u017eenja vojnih veteranov Slovenske Konjice, veteran vojne za Slovenijo, Konji\u010dan Alojz Groleger. Bil je v o\u017eji skupini tistih, ki so se na Konji\u0161kem uprli ukazu republi\u0161kega \u0161taba za teritorialno obrambo o predaji oro\u017eja, streliva in materialno-tehni\u010dnih [&hellip;]","og_url":"https:\/\/novice.si\/page\/umrl-alojz-groleger-dolgoletni-poveljnik-teritorialne-obrambe-slovenske-konjice\/","og_site_name":"Novice.si","article_published_time":"2023-09-20T11:57:07+00:00","og_image":[{"width":1080,"height":1080,"url":"https:\/\/novice.si\/page\/wp-content\/uploads\/2023\/09\/umrl-groleger.png","type":"image\/png"}],"author":"Uredni\u0161tvo Radia Rogla","twitter_card":"summary_large_image","twitter_misc":{"Written by":"Uredni\u0161tvo Radia Rogla","Est. reading time":"1 minuta"},"schema":{"@context":"https:\/\/schema.org","@graph":[{"@type":"Article","@id":"https:\/\/novice.si\/page\/umrl-alojz-groleger-dolgoletni-poveljnik-teritorialne-obrambe-slovenske-konjice\/#article","isPartOf":{"@id":"https:\/\/novice.si\/page\/umrl-alojz-groleger-dolgoletni-poveljnik-teritorialne-obrambe-slovenske-konjice\/"},"author":{"name":"Uredni\u0161tvo Radia Rogla","@id":"https:\/\/novice.si\/page\/#\/schema\/person\/25f5278da029e7b6f1e1c5653d7152a6"},"headline":"Umrl Alojz Groleger, dolgoletni poveljnik Teritorialne obrambe Slovenske Konjice","datePublished":"2023-09-20T11:57:07+00:00","mainEntityOfPage":{"@id":"https:\/\/novice.si\/page\/umrl-alojz-groleger-dolgoletni-poveljnik-teritorialne-obrambe-slovenske-konjice\/"},"wordCount":113,"publisher":{"@id":"https:\/\/novice.si\/page\/#organization"},"image":{"@id":"https:\/\/novice.si\/page\/umrl-alojz-groleger-dolgoletni-poveljnik-teritorialne-obrambe-slovenske-konjice\/#primaryimage"},"thumbnailUrl":"https:\/\/novice.si\/page\/wp-content\/uploads\/2023\/09\/umrl-groleger.png","keywords":["alojz groleger"],"articleSection":["Aktualno","Konji\u0161ko"],"inLanguage":"sl-SI"},{"@type":"WebPage","@id":"https:\/\/novice.si\/page\/umrl-alojz-groleger-dolgoletni-poveljnik-teritorialne-obrambe-slovenske-konjice\/","url":"https:\/\/novice.si\/page\/umrl-alojz-groleger-dolgoletni-poveljnik-teritorialne-obrambe-slovenske-konjice\/","name":"Umrl Alojz Groleger, dolgoletni poveljnik Teritorialne obrambe Slovenske Konjice - Novice.si","isPartOf":{"@id":"https:\/\/novice.si\/page\/#website"},"primaryImageOfPage":{"@id":"https:\/\/novice.si\/page\/umrl-alojz-groleger-dolgoletni-poveljnik-teritorialne-obrambe-slovenske-konjice\/#primaryimage"},"image":{"@id":"https:\/\/novice.si\/page\/umrl-alojz-groleger-dolgoletni-poveljnik-teritorialne-obrambe-slovenske-konjice\/#primaryimage"},"thumbnailUrl":"https:\/\/novice.si\/page\/wp-content\/uploads\/2023\/09\/umrl-groleger.png","datePublished":"2023-09-20T11:57:07+00:00","breadcrumb":{"@id":"https:\/\/novice.si\/page\/umrl-alojz-groleger-dolgoletni-poveljnik-teritorialne-obrambe-slovenske-konjice\/#breadcrumb"},"inLanguage":"sl-SI","potentialAction":[{"@type":"ReadAction","target":["https:\/\/novice.si\/page\/umrl-alojz-groleger-dolgoletni-poveljnik-teritorialne-obrambe-slovenske-konjice\/"]}]},{"@type":"ImageObject","inLanguage":"sl-SI","@id":"https:\/\/novice.si\/page\/umrl-alojz-groleger-dolgoletni-poveljnik-teritorialne-obrambe-slovenske-konjice\/#primaryimage","url":"https:\/\/novice.si\/page\/wp-content\/uploads\/2023\/09\/umrl-groleger.png","contentUrl":"https:\/\/novice.si\/page\/wp-content\/uploads\/2023\/09\/umrl-groleger.png","width":1080,"height":1080},{"@type":"BreadcrumbList","@id":"https:\/\/novice.si\/page\/umrl-alojz-groleger-dolgoletni-poveljnik-teritorialne-obrambe-slovenske-konjice\/#breadcrumb","itemListElement":[{"@type":"ListItem","position":1,"name":"Home","item":"https:\/\/novice.si\/page\/"},{"@type":"ListItem","position":2,"name":"Umrl Alojz Groleger, dolgoletni poveljnik Teritorialne obrambe Slovenske Konjice"}]},{"@type":"WebSite","@id":"https:\/\/novice.si\/page\/#website","url":"https:\/\/novice.si\/page\/","name":"Novice.si","description":"","publisher":{"@id":"https:\/\/novice.si\/page\/#organization"},"potentialAction":[{"@type":"SearchAction","target":{"@type":"EntryPoint","urlTemplate":"https:\/\/novice.si\/page\/?s={search_term_string}"},"query-input":{"@type":"PropertyValueSpecification","valueRequired":true,"valueName":"search_term_string"}}],"inLanguage":"sl-SI"},{"@type":"Organization","@id":"https:\/\/novice.si\/page\/#organization","name":"Novice.si","url":"https:\/\/novice.si\/page\/","logo":{"@type":"ImageObject","inLanguage":"sl-SI","@id":"https:\/\/novice.si\/page\/#\/schema\/logo\/image\/","url":"https:\/\/novice.si\/page\/wp-content\/uploads\/2023\/03\/novice_si.png","contentUrl":"https:\/\/novice.si\/page\/wp-content\/uploads\/2023\/03\/novice_si.png","width":576,"height":200,"caption":"Novice.si"},"image":{"@id":"https:\/\/novice.si\/page\/#\/schema\/logo\/image\/"}},{"@type":"Person","@id":"https:\/\/novice.si\/page\/#\/schema\/person\/25f5278da029e7b6f1e1c5653d7152a6","name":"Uredni\u0161tvo Radia Rogla","image":{"@type":"ImageObject","inLanguage":"sl-SI","@id":"https:\/\/secure.gravatar.com\/avatar\/eade8259eacc27e89cb0948c57c4cbe46b0f16ea634156f167415ac94c5b03e3?s=96&d=mm&r=g","url":"https:\/\/secure.gravatar.com\/avatar\/eade8259eacc27e89cb0948c57c4cbe46b0f16ea634156f167415ac94c5b03e3?s=96&d=mm&r=g","contentUrl":"https:\/\/secure.gravatar.com\/avatar\/eade8259eacc27e89cb0948c57c4cbe46b0f16ea634156f167415ac94c5b03e3?s=96&d=mm&r=g","caption":"Uredni\u0161tvo Radia Rogla"},"url":"https:\/\/novice.si\/page\/author\/valerija\/"}]}},"_links":{"self":[{"href":"https:\/\/novice.si\/page\/wp-json\/wp\/v2\/posts\/167544","targetHints":{"allow":["GET"]}}],"collection":[{"href":"https:\/\/novice.si\/page\/wp-json\/wp\/v2\/posts"}],"about":[{"href":"https:\/\/novice.si\/page\/wp-json\/wp\/v2\/types\/post"}],"author":[{"embeddable":true,"href":"https:\/\/novice.si\/page\/wp-json\/wp\/v2\/users\/5"}],"replies":[{"embeddable":true,"href":"https:\/\/novice.si\/page\/wp-json\/wp\/v2\/comments?post=167544"}],"version-history":[{"count":1,"href":"https:\/\/novice.si\/page\/wp-json\/wp\/v2\/posts\/167544\/revisions"}],"predecessor-version":[{"id":167546,"href":"https:\/\/novice.si\/page\/wp-json\/wp\/v2\/posts\/167544\/revisions\/167546"}],"wp:featuredmedia":[{"embeddable":true,"href":"https:\/\/novice.si\/page\/wp-json\/wp\/v2\/media\/167545"}],"wp:attachment":[{"href":"https:\/\/novice.si\/page\/wp-json\/wp\/v2\/media?parent=167544"}],"wp:term":[{"taxonomy":"category","embeddable":true,"href":"https:\/\/novice.si\/page\/wp-json\/wp\/v2\/categories?post=167544"},{"taxonomy":"post_tag","embeddable":true,"href":"https:\/\/novice.si\/page\/wp-json\/wp\/v2\/tags?post=167544"}],"curies":[{"name":"wp","href":"https:\/\/api.w.org\/{rel}","templated":true}]}}