{"id":167537,"date":"2023-09-21T10:18:43","date_gmt":"2023-09-21T08:18:43","guid":{"rendered":"https:\/\/novice.si\/page\/?p=167537"},"modified":"2023-09-22T06:05:29","modified_gmt":"2023-09-22T04:05:29","slug":"tudi-studentje-vse-raje-prihajajo-v-celje","status":"publish","type":"post","link":"https:\/\/novice.si\/page\/tudi-studentje-vse-raje-prihajajo-v-celje\/","title":{"rendered":"Tudi \u0161tudentje vse raje prihajajo v Celje"},"content":{"rendered":"<p><em><strong><img loading=\"lazy\" decoding=\"async\" class=\" wp-image-167538 alignleft\" src=\"https:\/\/novice.si\/page\/wp-content\/uploads\/2023\/09\/cz-vpis-fakultete-600x400.jpg\" alt=\"vpis\" width=\"504\" height=\"336\" srcset=\"https:\/\/novice.si\/page\/wp-content\/uploads\/2023\/09\/cz-vpis-fakultete-600x400.jpg 600w, https:\/\/novice.si\/page\/wp-content\/uploads\/2023\/09\/cz-vpis-fakultete-1024x682.jpg 1024w, https:\/\/novice.si\/page\/wp-content\/uploads\/2023\/09\/cz-vpis-fakultete-768x512.jpg 768w, https:\/\/novice.si\/page\/wp-content\/uploads\/2023\/09\/cz-vpis-fakultete-696x464.jpg 696w, https:\/\/novice.si\/page\/wp-content\/uploads\/2023\/09\/cz-vpis-fakultete-1068x712.jpg 1068w, https:\/\/novice.si\/page\/wp-content\/uploads\/2023\/09\/cz-vpis-fakultete-630x420.jpg 630w, https:\/\/novice.si\/page\/wp-content\/uploads\/2023\/09\/cz-vpis-fakultete-24x16.jpg 24w, https:\/\/novice.si\/page\/wp-content\/uploads\/2023\/09\/cz-vpis-fakultete-36x24.jpg 36w, https:\/\/novice.si\/page\/wp-content\/uploads\/2023\/09\/cz-vpis-fakultete-48x32.jpg 48w, https:\/\/novice.si\/page\/wp-content\/uploads\/2023\/09\/cz-vpis-fakultete.jpg 1280w\" sizes=\"auto, (max-width: 504px) 100vw, 504px\" \/>Vpis.<\/strong> Tudi celjske fakultete ponekod bele\u017eijo nekoliko ve\u010d vpisa kot lani.<\/em><\/p>\n<p>Prijavno-vpisni postopki na fakultete in visoko\u0161olske zavode po vsej Sloveniji, tako na dodiplomske kot podiplomske \u0161tudijske programe, so \u0161e v teku. Kon\u010dni podatki o \u0161tevilu vpisanih bodo tako znani \u0161ele konec septembra. Vseeno nas je zanimalo, \u010de so tudi celjske fakultete in visoko\u0161olski zavodi zabele\u017eili v tem \u0161tudijskem letu ve\u010d vpisov kot lani. Naj spomnimo, da so \u0161tevilni srednje\u0161olski programi v Celju v tem \u0161olskem letu znatno pove\u010dali vpis.<\/p>\n<p><strong>Vpis je zadovoljiv<\/strong><\/p>\n<p>V okviru Regijskega \u0161tudijskega sredi\u0161\u010da (R\u0160S) Celje delujejo trije visoko\u0161olski zavodi. V Celju Fakulteta za zdravstvene vede in Visoka \u0161ola za proizvodno in\u017eenirstvo, v Velenju pa Fakulteta za varstvo okolja. \u00bbInteres za redni \u0161tudij je presegal razpisana vpisna mesta na \u0161tudijskem programu Zdravstvena nega Fakultete za zdravstvene vede ter na \u0161tudijskem programu Sodobno proizvodno in\u017eenirstvo, kjer so bile omejitve vpisa. \u0160e nekaj prostih mest pa je za izredni \u0161tudij na obeh \u0161tudijskih programih,\u00ab je pojasnila <strong>Katja Esih<\/strong>, direktorica RS\u0160 Celje.<\/p>\n<p>Zadovoljni so tudi na ostalih fakultetah in visoko\u0161olskih zavodih, ki delujejo v Celju. Leto\u0161nji vpis na dodiplomske \u0161tudijske programe je namre\u010d ve\u010dinoma primerljiv z lanskim, na nekaterih fakultetah pa bele\u017eijo celo pove\u010danje vpisa na magistrski \u0161tudij. Ve\u010d o tem vas \u010daka v aktualnem Celjanu. (MH)<\/p>\n","protected":false},"excerpt":{"rendered":"<p>Vpis. Tudi celjske fakultete ponekod bele\u017eijo nekoliko ve\u010d vpisa kot lani. Prijavno-vpisni postopki na fakultete in visoko\u0161olske zavode po vsej Sloveniji, tako na dodiplomske kot podiplomske \u0161tudijske programe, so \u0161e v teku. Kon\u010dni podatki o \u0161tevilu vpisanih bodo tako znani \u0161ele konec septembra. Vseeno nas je zanimalo, \u010de so tudi celjske fakultete in visoko\u0161olski zavodi [&hellip;]<\/p>\n","protected":false},"author":55,"featured_media":167538,"comment_status":"closed","ping_status":"closed","sticky":false,"template":"","format":"standard","meta":{"footnotes":""},"categories":[14,142,17],"tags":[22,18746,18745,923,18744],"class_list":{"0":"post-167537","1":"post","2":"type-post","3":"status-publish","4":"format-standard","5":"has-post-thumbnail","7":"category-aktualno","8":"category-celjan","9":"category-celjsko","10":"tag-celje","11":"tag-celje-studenti","12":"tag-celje-studentje","13":"tag-studenti","14":"tag-studentje"},"yoast_head":"<!-- This site is optimized with the Yoast SEO plugin v27.4 - https:\/\/yoast.com\/product\/yoast-seo-wordpress\/ -->\n<title>Tudi \u0161tudentje vse raje prihajajo v Celje - Novice.si<\/title>\n<meta name=\"robots\" content=\"index, follow, max-snippet:-1, max-image-preview:large, max-video-preview:-1\" \/>\n<link rel=\"canonical\" href=\"https:\/\/novice.si\/page\/tudi-studentje-vse-raje-prihajajo-v-celje\/\" \/>\n<meta property=\"og:locale\" content=\"sl_SI\" \/>\n<meta property=\"og:type\" content=\"article\" \/>\n<meta property=\"og:title\" content=\"Tudi \u0161tudentje vse raje prihajajo v Celje - Novice.si\" \/>\n<meta property=\"og:description\" content=\"Vpis. Tudi celjske fakultete ponekod bele\u017eijo nekoliko ve\u010d vpisa kot lani. Prijavno-vpisni postopki na fakultete in visoko\u0161olske zavode po vsej Sloveniji, tako na dodiplomske kot podiplomske \u0161tudijske programe, so \u0161e v teku. Kon\u010dni podatki o \u0161tevilu vpisanih bodo tako znani \u0161ele konec septembra. Vseeno nas je zanimalo, \u010de so tudi celjske fakultete in visoko\u0161olski zavodi [&hellip;]\" \/>\n<meta property=\"og:url\" content=\"https:\/\/novice.si\/page\/tudi-studentje-vse-raje-prihajajo-v-celje\/\" \/>\n<meta property=\"og:site_name\" content=\"Novice.si\" \/>\n<meta property=\"article:published_time\" content=\"2023-09-21T08:18:43+00:00\" \/>\n<meta property=\"article:modified_time\" content=\"2023-09-22T04:05:29+00:00\" \/>\n<meta property=\"og:image\" content=\"https:\/\/novice.si\/page\/wp-content\/uploads\/2023\/09\/cz-vpis-fakultete.jpg\" \/>\n\t<meta property=\"og:image:width\" content=\"1280\" \/>\n\t<meta property=\"og:image:height\" content=\"853\" \/>\n\t<meta property=\"og:image:type\" content=\"image\/jpeg\" \/>\n<meta name=\"author\" content=\"Uredni\u0161tvo Celjana\" \/>\n<meta name=\"twitter:card\" content=\"summary_large_image\" \/>\n<meta name=\"twitter:label1\" content=\"Written by\" \/>\n\t<meta name=\"twitter:data1\" content=\"Uredni\u0161tvo Celjana\" \/>\n\t<meta name=\"twitter:label2\" content=\"Est. reading time\" \/>\n\t<meta name=\"twitter:data2\" content=\"2 minuti\" \/>\n<script type=\"application\/ld+json\" class=\"yoast-schema-graph\">{\"@context\":\"https:\\\/\\\/schema.org\",\"@graph\":[{\"@type\":\"Article\",\"@id\":\"https:\\\/\\\/novice.si\\\/page\\\/tudi-studentje-vse-raje-prihajajo-v-celje\\\/#article\",\"isPartOf\":{\"@id\":\"https:\\\/\\\/novice.si\\\/page\\\/tudi-studentje-vse-raje-prihajajo-v-celje\\\/\"},\"author\":{\"name\":\"Uredni\u0161tvo Celjana\",\"@id\":\"https:\\\/\\\/novice.si\\\/page\\\/#\\\/schema\\\/person\\\/a49f233ef2777ec7b2e8d0662325bb48\"},\"headline\":\"Tudi \u0161tudentje vse raje prihajajo v Celje\",\"datePublished\":\"2023-09-21T08:18:43+00:00\",\"dateModified\":\"2023-09-22T04:05:29+00:00\",\"mainEntityOfPage\":{\"@id\":\"https:\\\/\\\/novice.si\\\/page\\\/tudi-studentje-vse-raje-prihajajo-v-celje\\\/\"},\"wordCount\":232,\"publisher\":{\"@id\":\"https:\\\/\\\/novice.si\\\/page\\\/#organization\"},\"image\":{\"@id\":\"https:\\\/\\\/novice.si\\\/page\\\/tudi-studentje-vse-raje-prihajajo-v-celje\\\/#primaryimage\"},\"thumbnailUrl\":\"https:\\\/\\\/novice.si\\\/page\\\/wp-content\\\/uploads\\\/2023\\\/09\\\/cz-vpis-fakultete.jpg\",\"keywords\":[\"Celje\",\"celje \u0161tudenti\",\"celje \u0161tudentje\",\"\u0161tudenti\",\"\u0161tudentje\"],\"articleSection\":[\"Aktualno\",\"Celjan\",\"Celjsko\"],\"inLanguage\":\"sl-SI\"},{\"@type\":\"WebPage\",\"@id\":\"https:\\\/\\\/novice.si\\\/page\\\/tudi-studentje-vse-raje-prihajajo-v-celje\\\/\",\"url\":\"https:\\\/\\\/novice.si\\\/page\\\/tudi-studentje-vse-raje-prihajajo-v-celje\\\/\",\"name\":\"Tudi \u0161tudentje vse raje prihajajo v Celje - Novice.si\",\"isPartOf\":{\"@id\":\"https:\\\/\\\/novice.si\\\/page\\\/#website\"},\"primaryImageOfPage\":{\"@id\":\"https:\\\/\\\/novice.si\\\/page\\\/tudi-studentje-vse-raje-prihajajo-v-celje\\\/#primaryimage\"},\"image\":{\"@id\":\"https:\\\/\\\/novice.si\\\/page\\\/tudi-studentje-vse-raje-prihajajo-v-celje\\\/#primaryimage\"},\"thumbnailUrl\":\"https:\\\/\\\/novice.si\\\/page\\\/wp-content\\\/uploads\\\/2023\\\/09\\\/cz-vpis-fakultete.jpg\",\"datePublished\":\"2023-09-21T08:18:43+00:00\",\"dateModified\":\"2023-09-22T04:05:29+00:00\",\"breadcrumb\":{\"@id\":\"https:\\\/\\\/novice.si\\\/page\\\/tudi-studentje-vse-raje-prihajajo-v-celje\\\/#breadcrumb\"},\"inLanguage\":\"sl-SI\",\"potentialAction\":[{\"@type\":\"ReadAction\",\"target\":[\"https:\\\/\\\/novice.si\\\/page\\\/tudi-studentje-vse-raje-prihajajo-v-celje\\\/\"]}]},{\"@type\":\"ImageObject\",\"inLanguage\":\"sl-SI\",\"@id\":\"https:\\\/\\\/novice.si\\\/page\\\/tudi-studentje-vse-raje-prihajajo-v-celje\\\/#primaryimage\",\"url\":\"https:\\\/\\\/novice.si\\\/page\\\/wp-content\\\/uploads\\\/2023\\\/09\\\/cz-vpis-fakultete.jpg\",\"contentUrl\":\"https:\\\/\\\/novice.si\\\/page\\\/wp-content\\\/uploads\\\/2023\\\/09\\\/cz-vpis-fakultete.jpg\",\"width\":1280,\"height\":853,\"caption\":\"vpis\"},{\"@type\":\"BreadcrumbList\",\"@id\":\"https:\\\/\\\/novice.si\\\/page\\\/tudi-studentje-vse-raje-prihajajo-v-celje\\\/#breadcrumb\",\"itemListElement\":[{\"@type\":\"ListItem\",\"position\":1,\"name\":\"Home\",\"item\":\"https:\\\/\\\/novice.si\\\/page\\\/\"},{\"@type\":\"ListItem\",\"position\":2,\"name\":\"Tudi \u0161tudentje vse raje prihajajo v Celje\"}]},{\"@type\":\"WebSite\",\"@id\":\"https:\\\/\\\/novice.si\\\/page\\\/#website\",\"url\":\"https:\\\/\\\/novice.si\\\/page\\\/\",\"name\":\"Novice.si\",\"description\":\"\",\"publisher\":{\"@id\":\"https:\\\/\\\/novice.si\\\/page\\\/#organization\"},\"potentialAction\":[{\"@type\":\"SearchAction\",\"target\":{\"@type\":\"EntryPoint\",\"urlTemplate\":\"https:\\\/\\\/novice.si\\\/page\\\/?s={search_term_string}\"},\"query-input\":{\"@type\":\"PropertyValueSpecification\",\"valueRequired\":true,\"valueName\":\"search_term_string\"}}],\"inLanguage\":\"sl-SI\"},{\"@type\":\"Organization\",\"@id\":\"https:\\\/\\\/novice.si\\\/page\\\/#organization\",\"name\":\"Novice.si\",\"url\":\"https:\\\/\\\/novice.si\\\/page\\\/\",\"logo\":{\"@type\":\"ImageObject\",\"inLanguage\":\"sl-SI\",\"@id\":\"https:\\\/\\\/novice.si\\\/page\\\/#\\\/schema\\\/logo\\\/image\\\/\",\"url\":\"https:\\\/\\\/novice.si\\\/page\\\/wp-content\\\/uploads\\\/2023\\\/03\\\/novice_si.png\",\"contentUrl\":\"https:\\\/\\\/novice.si\\\/page\\\/wp-content\\\/uploads\\\/2023\\\/03\\\/novice_si.png\",\"width\":576,\"height\":200,\"caption\":\"Novice.si\"},\"image\":{\"@id\":\"https:\\\/\\\/novice.si\\\/page\\\/#\\\/schema\\\/logo\\\/image\\\/\"}},{\"@type\":\"Person\",\"@id\":\"https:\\\/\\\/novice.si\\\/page\\\/#\\\/schema\\\/person\\\/a49f233ef2777ec7b2e8d0662325bb48\",\"name\":\"Uredni\u0161tvo Celjana\",\"image\":{\"@type\":\"ImageObject\",\"inLanguage\":\"sl-SI\",\"@id\":\"https:\\\/\\\/secure.gravatar.com\\\/avatar\\\/7f7863e616af8f92806c638dd1db3f1a238d83d1cc2ec3100afc06fbb7eb303f?s=96&d=mm&r=g\",\"url\":\"https:\\\/\\\/secure.gravatar.com\\\/avatar\\\/7f7863e616af8f92806c638dd1db3f1a238d83d1cc2ec3100afc06fbb7eb303f?s=96&d=mm&r=g\",\"contentUrl\":\"https:\\\/\\\/secure.gravatar.com\\\/avatar\\\/7f7863e616af8f92806c638dd1db3f1a238d83d1cc2ec3100afc06fbb7eb303f?s=96&d=mm&r=g\",\"caption\":\"Uredni\u0161tvo Celjana\"},\"url\":\"https:\\\/\\\/novice.si\\\/page\\\/author\\\/maja\\\/\"}]}<\/script>\n<!-- \/ Yoast SEO plugin. -->","yoast_head_json":{"title":"Tudi \u0161tudentje vse raje prihajajo v Celje - Novice.si","robots":{"index":"index","follow":"follow","max-snippet":"max-snippet:-1","max-image-preview":"max-image-preview:large","max-video-preview":"max-video-preview:-1"},"canonical":"https:\/\/novice.si\/page\/tudi-studentje-vse-raje-prihajajo-v-celje\/","og_locale":"sl_SI","og_type":"article","og_title":"Tudi \u0161tudentje vse raje prihajajo v Celje - Novice.si","og_description":"Vpis. Tudi celjske fakultete ponekod bele\u017eijo nekoliko ve\u010d vpisa kot lani. Prijavno-vpisni postopki na fakultete in visoko\u0161olske zavode po vsej Sloveniji, tako na dodiplomske kot podiplomske \u0161tudijske programe, so \u0161e v teku. Kon\u010dni podatki o \u0161tevilu vpisanih bodo tako znani \u0161ele konec septembra. Vseeno nas je zanimalo, \u010de so tudi celjske fakultete in visoko\u0161olski zavodi [&hellip;]","og_url":"https:\/\/novice.si\/page\/tudi-studentje-vse-raje-prihajajo-v-celje\/","og_site_name":"Novice.si","article_published_time":"2023-09-21T08:18:43+00:00","article_modified_time":"2023-09-22T04:05:29+00:00","og_image":[{"width":1280,"height":853,"url":"https:\/\/novice.si\/page\/wp-content\/uploads\/2023\/09\/cz-vpis-fakultete.jpg","type":"image\/jpeg"}],"author":"Uredni\u0161tvo Celjana","twitter_card":"summary_large_image","twitter_misc":{"Written by":"Uredni\u0161tvo Celjana","Est. reading time":"2 minuti"},"schema":{"@context":"https:\/\/schema.org","@graph":[{"@type":"Article","@id":"https:\/\/novice.si\/page\/tudi-studentje-vse-raje-prihajajo-v-celje\/#article","isPartOf":{"@id":"https:\/\/novice.si\/page\/tudi-studentje-vse-raje-prihajajo-v-celje\/"},"author":{"name":"Uredni\u0161tvo Celjana","@id":"https:\/\/novice.si\/page\/#\/schema\/person\/a49f233ef2777ec7b2e8d0662325bb48"},"headline":"Tudi \u0161tudentje vse raje prihajajo v Celje","datePublished":"2023-09-21T08:18:43+00:00","dateModified":"2023-09-22T04:05:29+00:00","mainEntityOfPage":{"@id":"https:\/\/novice.si\/page\/tudi-studentje-vse-raje-prihajajo-v-celje\/"},"wordCount":232,"publisher":{"@id":"https:\/\/novice.si\/page\/#organization"},"image":{"@id":"https:\/\/novice.si\/page\/tudi-studentje-vse-raje-prihajajo-v-celje\/#primaryimage"},"thumbnailUrl":"https:\/\/novice.si\/page\/wp-content\/uploads\/2023\/09\/cz-vpis-fakultete.jpg","keywords":["Celje","celje \u0161tudenti","celje \u0161tudentje","\u0161tudenti","\u0161tudentje"],"articleSection":["Aktualno","Celjan","Celjsko"],"inLanguage":"sl-SI"},{"@type":"WebPage","@id":"https:\/\/novice.si\/page\/tudi-studentje-vse-raje-prihajajo-v-celje\/","url":"https:\/\/novice.si\/page\/tudi-studentje-vse-raje-prihajajo-v-celje\/","name":"Tudi \u0161tudentje vse raje prihajajo v Celje - Novice.si","isPartOf":{"@id":"https:\/\/novice.si\/page\/#website"},"primaryImageOfPage":{"@id":"https:\/\/novice.si\/page\/tudi-studentje-vse-raje-prihajajo-v-celje\/#primaryimage"},"image":{"@id":"https:\/\/novice.si\/page\/tudi-studentje-vse-raje-prihajajo-v-celje\/#primaryimage"},"thumbnailUrl":"https:\/\/novice.si\/page\/wp-content\/uploads\/2023\/09\/cz-vpis-fakultete.jpg","datePublished":"2023-09-21T08:18:43+00:00","dateModified":"2023-09-22T04:05:29+00:00","breadcrumb":{"@id":"https:\/\/novice.si\/page\/tudi-studentje-vse-raje-prihajajo-v-celje\/#breadcrumb"},"inLanguage":"sl-SI","potentialAction":[{"@type":"ReadAction","target":["https:\/\/novice.si\/page\/tudi-studentje-vse-raje-prihajajo-v-celje\/"]}]},{"@type":"ImageObject","inLanguage":"sl-SI","@id":"https:\/\/novice.si\/page\/tudi-studentje-vse-raje-prihajajo-v-celje\/#primaryimage","url":"https:\/\/novice.si\/page\/wp-content\/uploads\/2023\/09\/cz-vpis-fakultete.jpg","contentUrl":"https:\/\/novice.si\/page\/wp-content\/uploads\/2023\/09\/cz-vpis-fakultete.jpg","width":1280,"height":853,"caption":"vpis"},{"@type":"BreadcrumbList","@id":"https:\/\/novice.si\/page\/tudi-studentje-vse-raje-prihajajo-v-celje\/#breadcrumb","itemListElement":[{"@type":"ListItem","position":1,"name":"Home","item":"https:\/\/novice.si\/page\/"},{"@type":"ListItem","position":2,"name":"Tudi \u0161tudentje vse raje prihajajo v Celje"}]},{"@type":"WebSite","@id":"https:\/\/novice.si\/page\/#website","url":"https:\/\/novice.si\/page\/","name":"Novice.si","description":"","publisher":{"@id":"https:\/\/novice.si\/page\/#organization"},"potentialAction":[{"@type":"SearchAction","target":{"@type":"EntryPoint","urlTemplate":"https:\/\/novice.si\/page\/?s={search_term_string}"},"query-input":{"@type":"PropertyValueSpecification","valueRequired":true,"valueName":"search_term_string"}}],"inLanguage":"sl-SI"},{"@type":"Organization","@id":"https:\/\/novice.si\/page\/#organization","name":"Novice.si","url":"https:\/\/novice.si\/page\/","logo":{"@type":"ImageObject","inLanguage":"sl-SI","@id":"https:\/\/novice.si\/page\/#\/schema\/logo\/image\/","url":"https:\/\/novice.si\/page\/wp-content\/uploads\/2023\/03\/novice_si.png","contentUrl":"https:\/\/novice.si\/page\/wp-content\/uploads\/2023\/03\/novice_si.png","width":576,"height":200,"caption":"Novice.si"},"image":{"@id":"https:\/\/novice.si\/page\/#\/schema\/logo\/image\/"}},{"@type":"Person","@id":"https:\/\/novice.si\/page\/#\/schema\/person\/a49f233ef2777ec7b2e8d0662325bb48","name":"Uredni\u0161tvo Celjana","image":{"@type":"ImageObject","inLanguage":"sl-SI","@id":"https:\/\/secure.gravatar.com\/avatar\/7f7863e616af8f92806c638dd1db3f1a238d83d1cc2ec3100afc06fbb7eb303f?s=96&d=mm&r=g","url":"https:\/\/secure.gravatar.com\/avatar\/7f7863e616af8f92806c638dd1db3f1a238d83d1cc2ec3100afc06fbb7eb303f?s=96&d=mm&r=g","contentUrl":"https:\/\/secure.gravatar.com\/avatar\/7f7863e616af8f92806c638dd1db3f1a238d83d1cc2ec3100afc06fbb7eb303f?s=96&d=mm&r=g","caption":"Uredni\u0161tvo Celjana"},"url":"https:\/\/novice.si\/page\/author\/maja\/"}]}},"_links":{"self":[{"href":"https:\/\/novice.si\/page\/wp-json\/wp\/v2\/posts\/167537","targetHints":{"allow":["GET"]}}],"collection":[{"href":"https:\/\/novice.si\/page\/wp-json\/wp\/v2\/posts"}],"about":[{"href":"https:\/\/novice.si\/page\/wp-json\/wp\/v2\/types\/post"}],"author":[{"embeddable":true,"href":"https:\/\/novice.si\/page\/wp-json\/wp\/v2\/users\/55"}],"replies":[{"embeddable":true,"href":"https:\/\/novice.si\/page\/wp-json\/wp\/v2\/comments?post=167537"}],"version-history":[{"count":1,"href":"https:\/\/novice.si\/page\/wp-json\/wp\/v2\/posts\/167537\/revisions"}],"predecessor-version":[{"id":167539,"href":"https:\/\/novice.si\/page\/wp-json\/wp\/v2\/posts\/167537\/revisions\/167539"}],"wp:featuredmedia":[{"embeddable":true,"href":"https:\/\/novice.si\/page\/wp-json\/wp\/v2\/media\/167538"}],"wp:attachment":[{"href":"https:\/\/novice.si\/page\/wp-json\/wp\/v2\/media?parent=167537"}],"wp:term":[{"taxonomy":"category","embeddable":true,"href":"https:\/\/novice.si\/page\/wp-json\/wp\/v2\/categories?post=167537"},{"taxonomy":"post_tag","embeddable":true,"href":"https:\/\/novice.si\/page\/wp-json\/wp\/v2\/tags?post=167537"}],"curies":[{"name":"wp","href":"https:\/\/api.w.org\/{rel}","templated":true}]}}