{"id":167530,"date":"2023-09-20T15:13:38","date_gmt":"2023-09-20T13:13:38","guid":{"rendered":"https:\/\/novice.si\/page\/?p=167530"},"modified":"2023-09-20T13:15:13","modified_gmt":"2023-09-20T11:15:13","slug":"nepravilno-parkirane-avtomobile-bo-iz-mesta-odvazal-pajek","status":"publish","type":"post","link":"https:\/\/novice.si\/page\/nepravilno-parkirane-avtomobile-bo-iz-mesta-odvazal-pajek\/","title":{"rendered":"Nepravilno parkirane avtomobile bo iz mesta odva\u017eal pajek"},"content":{"rendered":"<p class=\"U\"><em><img loading=\"lazy\" decoding=\"async\" class=\" wp-image-167531 alignright\" src=\"https:\/\/novice.si\/page\/wp-content\/uploads\/2023\/09\/Cz-odvoz-pajek-600x401.jpeg\" alt=\"pajek za odvoz avtomobilov\" width=\"492\" height=\"329\" srcset=\"https:\/\/novice.si\/page\/wp-content\/uploads\/2023\/09\/Cz-odvoz-pajek-600x401.jpeg 600w, https:\/\/novice.si\/page\/wp-content\/uploads\/2023\/09\/Cz-odvoz-pajek-1024x684.jpeg 1024w, https:\/\/novice.si\/page\/wp-content\/uploads\/2023\/09\/Cz-odvoz-pajek-768x513.jpeg 768w, https:\/\/novice.si\/page\/wp-content\/uploads\/2023\/09\/Cz-odvoz-pajek-696x465.jpeg 696w, https:\/\/novice.si\/page\/wp-content\/uploads\/2023\/09\/Cz-odvoz-pajek-1068x713.jpeg 1068w, https:\/\/novice.si\/page\/wp-content\/uploads\/2023\/09\/Cz-odvoz-pajek-629x420.jpeg 629w, https:\/\/novice.si\/page\/wp-content\/uploads\/2023\/09\/Cz-odvoz-pajek-24x16.jpeg 24w, https:\/\/novice.si\/page\/wp-content\/uploads\/2023\/09\/Cz-odvoz-pajek-36x24.jpeg 36w, https:\/\/novice.si\/page\/wp-content\/uploads\/2023\/09\/Cz-odvoz-pajek-48x32.jpeg 48w, https:\/\/novice.si\/page\/wp-content\/uploads\/2023\/09\/Cz-odvoz-pajek.jpeg 1200w\" sizes=\"auto, (max-width: 492px) 100vw, 492px\" \/>Nepravilno parkirani avtomobili v mestnih ulicah Celja povzro\u010dajo velike te\u017eave, saj pogosto zasedajo intervencijske poti, ovirajo urgentne prevoze re\u0161evalnih vozil in odvoz odpadkov. Ker se kljub \u0161tevilnim opozorilom redarske slu\u017ebe in izre\u010denim globam razmere niso izbolj\u0161ale, so se na Mestni ob\u010dini Celje odlo\u010dili za uvedbo t. i. pajka.<\/em><\/p>\n<p class=\"T\">Pogodbo o odvozu vozil s pajkom je ZPO sklenil z Z\u0160AM, ki bo nepravilno parkirana vozila odva\u017eal na obmo\u010dje Centra varne vo\u017enje (poligon) na Ljube\u010dni. Z odvozi bo za\u010del sredi septembra.<\/p>\n<p class=\"T\">Stro\u0161ki za odvoz nepravilno parkiranega vozila zna\u0161ajo 85 evrov. \u010ce medob\u010dinski redar izda odredbo za odvoz, vendar se voznik vrne k nepravilno parkiranemu avtomobilu, \u0161e preden ga pajek nalo\u017ei, so stro\u0161ki za polovico ni\u017eji in zna\u0161ajo 42,5 evra.<\/p>\n<p class=\"T\">Pajek bo nepravilno parkirana vozila odva\u017eal od ponedeljka do petka, med 7. in 15. uro, \u0161e pojasnjujejo na celjski ob\u010dini.<\/p>\n","protected":false},"excerpt":{"rendered":"<p>Nepravilno parkirani avtomobili v mestnih ulicah Celja povzro\u010dajo velike te\u017eave, saj pogosto zasedajo intervencijske poti, ovirajo urgentne prevoze re\u0161evalnih vozil in odvoz odpadkov. Ker se kljub \u0161tevilnim opozorilom redarske slu\u017ebe in izre\u010denim globam razmere niso izbolj\u0161ale, so se na Mestni ob\u010dini Celje odlo\u010dili za uvedbo t. i. pajka. Pogodbo o odvozu vozil s pajkom je [&hellip;]<\/p>\n","protected":false},"author":55,"featured_media":167531,"comment_status":"closed","ping_status":"closed","sticky":false,"template":"","format":"standard","meta":{"footnotes":""},"categories":[14,142,17],"tags":[],"class_list":{"0":"post-167530","1":"post","2":"type-post","3":"status-publish","4":"format-standard","5":"has-post-thumbnail","7":"category-aktualno","8":"category-celjan","9":"category-celjsko"},"yoast_head":"<!-- This site is optimized with the Yoast SEO plugin v27.4 - https:\/\/yoast.com\/product\/yoast-seo-wordpress\/ -->\n<title>Nepravilno parkirane avtomobile bo iz mesta odva\u017eal pajek - Novice.si<\/title>\n<meta name=\"robots\" content=\"index, follow, max-snippet:-1, max-image-preview:large, max-video-preview:-1\" \/>\n<link rel=\"canonical\" href=\"https:\/\/novice.si\/page\/nepravilno-parkirane-avtomobile-bo-iz-mesta-odvazal-pajek\/\" \/>\n<meta property=\"og:locale\" content=\"sl_SI\" \/>\n<meta property=\"og:type\" content=\"article\" \/>\n<meta property=\"og:title\" content=\"Nepravilno parkirane avtomobile bo iz mesta odva\u017eal pajek - Novice.si\" \/>\n<meta property=\"og:description\" content=\"Nepravilno parkirani avtomobili v mestnih ulicah Celja povzro\u010dajo velike te\u017eave, saj pogosto zasedajo intervencijske poti, ovirajo urgentne prevoze re\u0161evalnih vozil in odvoz odpadkov. Ker se kljub \u0161tevilnim opozorilom redarske slu\u017ebe in izre\u010denim globam razmere niso izbolj\u0161ale, so se na Mestni ob\u010dini Celje odlo\u010dili za uvedbo t. i. pajka. Pogodbo o odvozu vozil s pajkom je [&hellip;]\" \/>\n<meta property=\"og:url\" content=\"https:\/\/novice.si\/page\/nepravilno-parkirane-avtomobile-bo-iz-mesta-odvazal-pajek\/\" \/>\n<meta property=\"og:site_name\" content=\"Novice.si\" \/>\n<meta property=\"article:published_time\" content=\"2023-09-20T13:13:38+00:00\" \/>\n<meta property=\"og:image\" content=\"https:\/\/novice.si\/page\/wp-content\/uploads\/2023\/09\/Cz-odvoz-pajek.jpeg\" \/>\n\t<meta property=\"og:image:width\" content=\"1200\" \/>\n\t<meta property=\"og:image:height\" content=\"801\" \/>\n\t<meta property=\"og:image:type\" content=\"image\/jpeg\" \/>\n<meta name=\"author\" content=\"Uredni\u0161tvo Celjana\" \/>\n<meta name=\"twitter:card\" content=\"summary_large_image\" \/>\n<meta name=\"twitter:label1\" content=\"Written by\" \/>\n\t<meta name=\"twitter:data1\" content=\"Uredni\u0161tvo Celjana\" \/>\n\t<meta name=\"twitter:label2\" content=\"Est. reading time\" \/>\n\t<meta name=\"twitter:data2\" content=\"1 minuta\" \/>\n<script type=\"application\/ld+json\" class=\"yoast-schema-graph\">{\"@context\":\"https:\\\/\\\/schema.org\",\"@graph\":[{\"@type\":\"Article\",\"@id\":\"https:\\\/\\\/novice.si\\\/page\\\/nepravilno-parkirane-avtomobile-bo-iz-mesta-odvazal-pajek\\\/#article\",\"isPartOf\":{\"@id\":\"https:\\\/\\\/novice.si\\\/page\\\/nepravilno-parkirane-avtomobile-bo-iz-mesta-odvazal-pajek\\\/\"},\"author\":{\"name\":\"Uredni\u0161tvo Celjana\",\"@id\":\"https:\\\/\\\/novice.si\\\/page\\\/#\\\/schema\\\/person\\\/a49f233ef2777ec7b2e8d0662325bb48\"},\"headline\":\"Nepravilno parkirane avtomobile bo iz mesta odva\u017eal pajek\",\"datePublished\":\"2023-09-20T13:13:38+00:00\",\"mainEntityOfPage\":{\"@id\":\"https:\\\/\\\/novice.si\\\/page\\\/nepravilno-parkirane-avtomobile-bo-iz-mesta-odvazal-pajek\\\/\"},\"wordCount\":165,\"publisher\":{\"@id\":\"https:\\\/\\\/novice.si\\\/page\\\/#organization\"},\"image\":{\"@id\":\"https:\\\/\\\/novice.si\\\/page\\\/nepravilno-parkirane-avtomobile-bo-iz-mesta-odvazal-pajek\\\/#primaryimage\"},\"thumbnailUrl\":\"https:\\\/\\\/novice.si\\\/page\\\/wp-content\\\/uploads\\\/2023\\\/09\\\/Cz-odvoz-pajek.jpeg\",\"articleSection\":[\"Aktualno\",\"Celjan\",\"Celjsko\"],\"inLanguage\":\"sl-SI\"},{\"@type\":\"WebPage\",\"@id\":\"https:\\\/\\\/novice.si\\\/page\\\/nepravilno-parkirane-avtomobile-bo-iz-mesta-odvazal-pajek\\\/\",\"url\":\"https:\\\/\\\/novice.si\\\/page\\\/nepravilno-parkirane-avtomobile-bo-iz-mesta-odvazal-pajek\\\/\",\"name\":\"Nepravilno parkirane avtomobile bo iz mesta odva\u017eal pajek - Novice.si\",\"isPartOf\":{\"@id\":\"https:\\\/\\\/novice.si\\\/page\\\/#website\"},\"primaryImageOfPage\":{\"@id\":\"https:\\\/\\\/novice.si\\\/page\\\/nepravilno-parkirane-avtomobile-bo-iz-mesta-odvazal-pajek\\\/#primaryimage\"},\"image\":{\"@id\":\"https:\\\/\\\/novice.si\\\/page\\\/nepravilno-parkirane-avtomobile-bo-iz-mesta-odvazal-pajek\\\/#primaryimage\"},\"thumbnailUrl\":\"https:\\\/\\\/novice.si\\\/page\\\/wp-content\\\/uploads\\\/2023\\\/09\\\/Cz-odvoz-pajek.jpeg\",\"datePublished\":\"2023-09-20T13:13:38+00:00\",\"breadcrumb\":{\"@id\":\"https:\\\/\\\/novice.si\\\/page\\\/nepravilno-parkirane-avtomobile-bo-iz-mesta-odvazal-pajek\\\/#breadcrumb\"},\"inLanguage\":\"sl-SI\",\"potentialAction\":[{\"@type\":\"ReadAction\",\"target\":[\"https:\\\/\\\/novice.si\\\/page\\\/nepravilno-parkirane-avtomobile-bo-iz-mesta-odvazal-pajek\\\/\"]}]},{\"@type\":\"ImageObject\",\"inLanguage\":\"sl-SI\",\"@id\":\"https:\\\/\\\/novice.si\\\/page\\\/nepravilno-parkirane-avtomobile-bo-iz-mesta-odvazal-pajek\\\/#primaryimage\",\"url\":\"https:\\\/\\\/novice.si\\\/page\\\/wp-content\\\/uploads\\\/2023\\\/09\\\/Cz-odvoz-pajek.jpeg\",\"contentUrl\":\"https:\\\/\\\/novice.si\\\/page\\\/wp-content\\\/uploads\\\/2023\\\/09\\\/Cz-odvoz-pajek.jpeg\",\"width\":1200,\"height\":801,\"caption\":\"pajek za odvoz avtomobilov\"},{\"@type\":\"BreadcrumbList\",\"@id\":\"https:\\\/\\\/novice.si\\\/page\\\/nepravilno-parkirane-avtomobile-bo-iz-mesta-odvazal-pajek\\\/#breadcrumb\",\"itemListElement\":[{\"@type\":\"ListItem\",\"position\":1,\"name\":\"Home\",\"item\":\"https:\\\/\\\/novice.si\\\/page\\\/\"},{\"@type\":\"ListItem\",\"position\":2,\"name\":\"Nepravilno parkirane avtomobile bo iz mesta odva\u017eal pajek\"}]},{\"@type\":\"WebSite\",\"@id\":\"https:\\\/\\\/novice.si\\\/page\\\/#website\",\"url\":\"https:\\\/\\\/novice.si\\\/page\\\/\",\"name\":\"Novice.si\",\"description\":\"\",\"publisher\":{\"@id\":\"https:\\\/\\\/novice.si\\\/page\\\/#organization\"},\"potentialAction\":[{\"@type\":\"SearchAction\",\"target\":{\"@type\":\"EntryPoint\",\"urlTemplate\":\"https:\\\/\\\/novice.si\\\/page\\\/?s={search_term_string}\"},\"query-input\":{\"@type\":\"PropertyValueSpecification\",\"valueRequired\":true,\"valueName\":\"search_term_string\"}}],\"inLanguage\":\"sl-SI\"},{\"@type\":\"Organization\",\"@id\":\"https:\\\/\\\/novice.si\\\/page\\\/#organization\",\"name\":\"Novice.si\",\"url\":\"https:\\\/\\\/novice.si\\\/page\\\/\",\"logo\":{\"@type\":\"ImageObject\",\"inLanguage\":\"sl-SI\",\"@id\":\"https:\\\/\\\/novice.si\\\/page\\\/#\\\/schema\\\/logo\\\/image\\\/\",\"url\":\"https:\\\/\\\/novice.si\\\/page\\\/wp-content\\\/uploads\\\/2023\\\/03\\\/novice_si.png\",\"contentUrl\":\"https:\\\/\\\/novice.si\\\/page\\\/wp-content\\\/uploads\\\/2023\\\/03\\\/novice_si.png\",\"width\":576,\"height\":200,\"caption\":\"Novice.si\"},\"image\":{\"@id\":\"https:\\\/\\\/novice.si\\\/page\\\/#\\\/schema\\\/logo\\\/image\\\/\"}},{\"@type\":\"Person\",\"@id\":\"https:\\\/\\\/novice.si\\\/page\\\/#\\\/schema\\\/person\\\/a49f233ef2777ec7b2e8d0662325bb48\",\"name\":\"Uredni\u0161tvo Celjana\",\"image\":{\"@type\":\"ImageObject\",\"inLanguage\":\"sl-SI\",\"@id\":\"https:\\\/\\\/secure.gravatar.com\\\/avatar\\\/7f7863e616af8f92806c638dd1db3f1a238d83d1cc2ec3100afc06fbb7eb303f?s=96&d=mm&r=g\",\"url\":\"https:\\\/\\\/secure.gravatar.com\\\/avatar\\\/7f7863e616af8f92806c638dd1db3f1a238d83d1cc2ec3100afc06fbb7eb303f?s=96&d=mm&r=g\",\"contentUrl\":\"https:\\\/\\\/secure.gravatar.com\\\/avatar\\\/7f7863e616af8f92806c638dd1db3f1a238d83d1cc2ec3100afc06fbb7eb303f?s=96&d=mm&r=g\",\"caption\":\"Uredni\u0161tvo Celjana\"},\"url\":\"https:\\\/\\\/novice.si\\\/page\\\/author\\\/maja\\\/\"}]}<\/script>\n<!-- \/ Yoast SEO plugin. -->","yoast_head_json":{"title":"Nepravilno parkirane avtomobile bo iz mesta odva\u017eal pajek - Novice.si","robots":{"index":"index","follow":"follow","max-snippet":"max-snippet:-1","max-image-preview":"max-image-preview:large","max-video-preview":"max-video-preview:-1"},"canonical":"https:\/\/novice.si\/page\/nepravilno-parkirane-avtomobile-bo-iz-mesta-odvazal-pajek\/","og_locale":"sl_SI","og_type":"article","og_title":"Nepravilno parkirane avtomobile bo iz mesta odva\u017eal pajek - Novice.si","og_description":"Nepravilno parkirani avtomobili v mestnih ulicah Celja povzro\u010dajo velike te\u017eave, saj pogosto zasedajo intervencijske poti, ovirajo urgentne prevoze re\u0161evalnih vozil in odvoz odpadkov. Ker se kljub \u0161tevilnim opozorilom redarske slu\u017ebe in izre\u010denim globam razmere niso izbolj\u0161ale, so se na Mestni ob\u010dini Celje odlo\u010dili za uvedbo t. i. pajka. Pogodbo o odvozu vozil s pajkom je [&hellip;]","og_url":"https:\/\/novice.si\/page\/nepravilno-parkirane-avtomobile-bo-iz-mesta-odvazal-pajek\/","og_site_name":"Novice.si","article_published_time":"2023-09-20T13:13:38+00:00","og_image":[{"width":1200,"height":801,"url":"https:\/\/novice.si\/page\/wp-content\/uploads\/2023\/09\/Cz-odvoz-pajek.jpeg","type":"image\/jpeg"}],"author":"Uredni\u0161tvo Celjana","twitter_card":"summary_large_image","twitter_misc":{"Written by":"Uredni\u0161tvo Celjana","Est. reading time":"1 minuta"},"schema":{"@context":"https:\/\/schema.org","@graph":[{"@type":"Article","@id":"https:\/\/novice.si\/page\/nepravilno-parkirane-avtomobile-bo-iz-mesta-odvazal-pajek\/#article","isPartOf":{"@id":"https:\/\/novice.si\/page\/nepravilno-parkirane-avtomobile-bo-iz-mesta-odvazal-pajek\/"},"author":{"name":"Uredni\u0161tvo Celjana","@id":"https:\/\/novice.si\/page\/#\/schema\/person\/a49f233ef2777ec7b2e8d0662325bb48"},"headline":"Nepravilno parkirane avtomobile bo iz mesta odva\u017eal pajek","datePublished":"2023-09-20T13:13:38+00:00","mainEntityOfPage":{"@id":"https:\/\/novice.si\/page\/nepravilno-parkirane-avtomobile-bo-iz-mesta-odvazal-pajek\/"},"wordCount":165,"publisher":{"@id":"https:\/\/novice.si\/page\/#organization"},"image":{"@id":"https:\/\/novice.si\/page\/nepravilno-parkirane-avtomobile-bo-iz-mesta-odvazal-pajek\/#primaryimage"},"thumbnailUrl":"https:\/\/novice.si\/page\/wp-content\/uploads\/2023\/09\/Cz-odvoz-pajek.jpeg","articleSection":["Aktualno","Celjan","Celjsko"],"inLanguage":"sl-SI"},{"@type":"WebPage","@id":"https:\/\/novice.si\/page\/nepravilno-parkirane-avtomobile-bo-iz-mesta-odvazal-pajek\/","url":"https:\/\/novice.si\/page\/nepravilno-parkirane-avtomobile-bo-iz-mesta-odvazal-pajek\/","name":"Nepravilno parkirane avtomobile bo iz mesta odva\u017eal pajek - Novice.si","isPartOf":{"@id":"https:\/\/novice.si\/page\/#website"},"primaryImageOfPage":{"@id":"https:\/\/novice.si\/page\/nepravilno-parkirane-avtomobile-bo-iz-mesta-odvazal-pajek\/#primaryimage"},"image":{"@id":"https:\/\/novice.si\/page\/nepravilno-parkirane-avtomobile-bo-iz-mesta-odvazal-pajek\/#primaryimage"},"thumbnailUrl":"https:\/\/novice.si\/page\/wp-content\/uploads\/2023\/09\/Cz-odvoz-pajek.jpeg","datePublished":"2023-09-20T13:13:38+00:00","breadcrumb":{"@id":"https:\/\/novice.si\/page\/nepravilno-parkirane-avtomobile-bo-iz-mesta-odvazal-pajek\/#breadcrumb"},"inLanguage":"sl-SI","potentialAction":[{"@type":"ReadAction","target":["https:\/\/novice.si\/page\/nepravilno-parkirane-avtomobile-bo-iz-mesta-odvazal-pajek\/"]}]},{"@type":"ImageObject","inLanguage":"sl-SI","@id":"https:\/\/novice.si\/page\/nepravilno-parkirane-avtomobile-bo-iz-mesta-odvazal-pajek\/#primaryimage","url":"https:\/\/novice.si\/page\/wp-content\/uploads\/2023\/09\/Cz-odvoz-pajek.jpeg","contentUrl":"https:\/\/novice.si\/page\/wp-content\/uploads\/2023\/09\/Cz-odvoz-pajek.jpeg","width":1200,"height":801,"caption":"pajek za odvoz avtomobilov"},{"@type":"BreadcrumbList","@id":"https:\/\/novice.si\/page\/nepravilno-parkirane-avtomobile-bo-iz-mesta-odvazal-pajek\/#breadcrumb","itemListElement":[{"@type":"ListItem","position":1,"name":"Home","item":"https:\/\/novice.si\/page\/"},{"@type":"ListItem","position":2,"name":"Nepravilno parkirane avtomobile bo iz mesta odva\u017eal pajek"}]},{"@type":"WebSite","@id":"https:\/\/novice.si\/page\/#website","url":"https:\/\/novice.si\/page\/","name":"Novice.si","description":"","publisher":{"@id":"https:\/\/novice.si\/page\/#organization"},"potentialAction":[{"@type":"SearchAction","target":{"@type":"EntryPoint","urlTemplate":"https:\/\/novice.si\/page\/?s={search_term_string}"},"query-input":{"@type":"PropertyValueSpecification","valueRequired":true,"valueName":"search_term_string"}}],"inLanguage":"sl-SI"},{"@type":"Organization","@id":"https:\/\/novice.si\/page\/#organization","name":"Novice.si","url":"https:\/\/novice.si\/page\/","logo":{"@type":"ImageObject","inLanguage":"sl-SI","@id":"https:\/\/novice.si\/page\/#\/schema\/logo\/image\/","url":"https:\/\/novice.si\/page\/wp-content\/uploads\/2023\/03\/novice_si.png","contentUrl":"https:\/\/novice.si\/page\/wp-content\/uploads\/2023\/03\/novice_si.png","width":576,"height":200,"caption":"Novice.si"},"image":{"@id":"https:\/\/novice.si\/page\/#\/schema\/logo\/image\/"}},{"@type":"Person","@id":"https:\/\/novice.si\/page\/#\/schema\/person\/a49f233ef2777ec7b2e8d0662325bb48","name":"Uredni\u0161tvo Celjana","image":{"@type":"ImageObject","inLanguage":"sl-SI","@id":"https:\/\/secure.gravatar.com\/avatar\/7f7863e616af8f92806c638dd1db3f1a238d83d1cc2ec3100afc06fbb7eb303f?s=96&d=mm&r=g","url":"https:\/\/secure.gravatar.com\/avatar\/7f7863e616af8f92806c638dd1db3f1a238d83d1cc2ec3100afc06fbb7eb303f?s=96&d=mm&r=g","contentUrl":"https:\/\/secure.gravatar.com\/avatar\/7f7863e616af8f92806c638dd1db3f1a238d83d1cc2ec3100afc06fbb7eb303f?s=96&d=mm&r=g","caption":"Uredni\u0161tvo Celjana"},"url":"https:\/\/novice.si\/page\/author\/maja\/"}]}},"_links":{"self":[{"href":"https:\/\/novice.si\/page\/wp-json\/wp\/v2\/posts\/167530","targetHints":{"allow":["GET"]}}],"collection":[{"href":"https:\/\/novice.si\/page\/wp-json\/wp\/v2\/posts"}],"about":[{"href":"https:\/\/novice.si\/page\/wp-json\/wp\/v2\/types\/post"}],"author":[{"embeddable":true,"href":"https:\/\/novice.si\/page\/wp-json\/wp\/v2\/users\/55"}],"replies":[{"embeddable":true,"href":"https:\/\/novice.si\/page\/wp-json\/wp\/v2\/comments?post=167530"}],"version-history":[{"count":1,"href":"https:\/\/novice.si\/page\/wp-json\/wp\/v2\/posts\/167530\/revisions"}],"predecessor-version":[{"id":167532,"href":"https:\/\/novice.si\/page\/wp-json\/wp\/v2\/posts\/167530\/revisions\/167532"}],"wp:featuredmedia":[{"embeddable":true,"href":"https:\/\/novice.si\/page\/wp-json\/wp\/v2\/media\/167531"}],"wp:attachment":[{"href":"https:\/\/novice.si\/page\/wp-json\/wp\/v2\/media?parent=167530"}],"wp:term":[{"taxonomy":"category","embeddable":true,"href":"https:\/\/novice.si\/page\/wp-json\/wp\/v2\/categories?post=167530"},{"taxonomy":"post_tag","embeddable":true,"href":"https:\/\/novice.si\/page\/wp-json\/wp\/v2\/tags?post=167530"}],"curies":[{"name":"wp","href":"https:\/\/api.w.org\/{rel}","templated":true}]}}