{"id":167527,"date":"2023-09-20T14:11:24","date_gmt":"2023-09-20T12:11:24","guid":{"rendered":"https:\/\/novice.si\/page\/?p=167527"},"modified":"2023-09-20T13:13:35","modified_gmt":"2023-09-20T11:13:35","slug":"celje-znova-med-nominiranci","status":"publish","type":"post","link":"https:\/\/novice.si\/page\/celje-znova-med-nominiranci\/","title":{"rendered":"Celje znova med nominiranci"},"content":{"rendered":"<p class=\"U\"><em><img loading=\"lazy\" decoding=\"async\" class=\"size-medium wp-image-167528 aligncenter\" src=\"https:\/\/novice.si\/page\/wp-content\/uploads\/2023\/09\/cz-gostoljubno-celje-600x400.jpg\" alt=\"Celje\" width=\"600\" height=\"400\" srcset=\"https:\/\/novice.si\/page\/wp-content\/uploads\/2023\/09\/cz-gostoljubno-celje-600x400.jpg 600w, https:\/\/novice.si\/page\/wp-content\/uploads\/2023\/09\/cz-gostoljubno-celje-1024x682.jpg 1024w, https:\/\/novice.si\/page\/wp-content\/uploads\/2023\/09\/cz-gostoljubno-celje-768x512.jpg 768w, https:\/\/novice.si\/page\/wp-content\/uploads\/2023\/09\/cz-gostoljubno-celje-1536x1023.jpg 1536w, https:\/\/novice.si\/page\/wp-content\/uploads\/2023\/09\/cz-gostoljubno-celje-2048x1364.jpg 2048w, https:\/\/novice.si\/page\/wp-content\/uploads\/2023\/09\/cz-gostoljubno-celje-696x464.jpg 696w, https:\/\/novice.si\/page\/wp-content\/uploads\/2023\/09\/cz-gostoljubno-celje-1068x711.jpg 1068w, https:\/\/novice.si\/page\/wp-content\/uploads\/2023\/09\/cz-gostoljubno-celje-631x420.jpg 631w, https:\/\/novice.si\/page\/wp-content\/uploads\/2023\/09\/cz-gostoljubno-celje-24x16.jpg 24w, https:\/\/novice.si\/page\/wp-content\/uploads\/2023\/09\/cz-gostoljubno-celje-36x24.jpg 36w, https:\/\/novice.si\/page\/wp-content\/uploads\/2023\/09\/cz-gostoljubno-celje-48x32.jpg 48w\" sizes=\"auto, (max-width: 600px) 100vw, 600px\" \/>Mestna ob\u010dina Celje je v okviru leto\u0161njega \u017ee 32. nate\u010daja Moja de\u017eela, lepa in gostoljubna, ki ga pripravlja Turisti\u010dna zveza Slovenije (TZS), znova med tremi nominiranci za presti\u017eno priznanje v kategoriji Ve\u010dja mesta.<\/em><\/p>\n<p class=\"T\">V zadnjih letih je Celje vselej posegalo po visokih uvrstitvah med najlep\u0161e urejenimi in gostoljubnimi ve\u010djimi mesti, lani smo tako osvojili drugo mesto.<\/p>\n<p class=\"T\">Po tradiciji bodo zmagovalci po posameznih kategorijah znani in slavnostno predstavljeni sredi novembra na Dnevih slovenskega turizma, ki bodo sredi novembra v Novi Gorici.<\/p>\n<p class=\"T\">Kot so sporo\u010dili iz TZS, je bil leto\u0161nji nate\u010daj eden izmed najbolj zahtevnih, saj so Slovenijo poleti prizadele najhuj\u0161e poplave v zgodovini in razdejale tudi nekatere sodelujo\u010de kraje. Ocenjevalne komisije so jih ve\u010dino na sre\u010do obiskale \u017ee pred tem, druge pa po sanaciji, zato povodenj ni vplivala na njihovo odlo\u010ditev.<\/p>\n<p class=\"NO\"><strong>Komisija na obisku avgusta<\/strong><\/p>\n<p class=\"T\">Celje je komisija obiskala 1. avgusta. \u00bbV Mestni ob\u010dini Celje si prizadevamo skozi vse leto skrbeti za urejeno in \u010disto mesto, kakovostno turisti\u010dno ponudbo, ohranjanje in varovanje kulturne dedi\u0161\u010dine in naravnih vrednot, varovanje okolja, trajnostni in zeleni razvoj ter gostoljubnost, kar so klju\u010dni dejavniki, ki jih ocenjuje strokovna komisija. Veseli nas, da smo tudi letos komisijo uspeli prepri\u010dati s svojimi dose\u017eki,\u00ab \u0161e pojasnjujejo na Mestni ob\u010dini Celje.<\/p>\n","protected":false},"excerpt":{"rendered":"<p>Mestna ob\u010dina Celje je v okviru leto\u0161njega \u017ee 32. nate\u010daja Moja de\u017eela, lepa in gostoljubna, ki ga pripravlja Turisti\u010dna zveza Slovenije (TZS), znova med tremi nominiranci za presti\u017eno priznanje v kategoriji Ve\u010dja mesta. V zadnjih letih je Celje vselej posegalo po visokih uvrstitvah med najlep\u0161e urejenimi in gostoljubnimi ve\u010djimi mesti, lani smo tako osvojili drugo [&hellip;]<\/p>\n","protected":false},"author":55,"featured_media":167528,"comment_status":"closed","ping_status":"closed","sticky":false,"template":"","format":"standard","meta":{"footnotes":""},"categories":[14,142,17],"tags":[],"class_list":{"0":"post-167527","1":"post","2":"type-post","3":"status-publish","4":"format-standard","5":"has-post-thumbnail","7":"category-aktualno","8":"category-celjan","9":"category-celjsko"},"yoast_head":"<!-- This site is optimized with the Yoast SEO plugin v27.4 - https:\/\/yoast.com\/product\/yoast-seo-wordpress\/ -->\n<title>Celje znova med nominiranci - Novice.si<\/title>\n<meta name=\"robots\" content=\"index, follow, max-snippet:-1, max-image-preview:large, max-video-preview:-1\" \/>\n<link rel=\"canonical\" href=\"https:\/\/novice.si\/page\/celje-znova-med-nominiranci\/\" \/>\n<meta property=\"og:locale\" content=\"sl_SI\" \/>\n<meta property=\"og:type\" content=\"article\" \/>\n<meta property=\"og:title\" content=\"Celje znova med nominiranci - Novice.si\" \/>\n<meta property=\"og:description\" content=\"Mestna ob\u010dina Celje je v okviru leto\u0161njega \u017ee 32. nate\u010daja Moja de\u017eela, lepa in gostoljubna, ki ga pripravlja Turisti\u010dna zveza Slovenije (TZS), znova med tremi nominiranci za presti\u017eno priznanje v kategoriji Ve\u010dja mesta. V zadnjih letih je Celje vselej posegalo po visokih uvrstitvah med najlep\u0161e urejenimi in gostoljubnimi ve\u010djimi mesti, lani smo tako osvojili drugo [&hellip;]\" \/>\n<meta property=\"og:url\" content=\"https:\/\/novice.si\/page\/celje-znova-med-nominiranci\/\" \/>\n<meta property=\"og:site_name\" content=\"Novice.si\" \/>\n<meta property=\"article:published_time\" content=\"2023-09-20T12:11:24+00:00\" \/>\n<meta property=\"og:image\" content=\"https:\/\/novice.si\/page\/wp-content\/uploads\/2023\/09\/cz-gostoljubno-celje.jpg\" \/>\n\t<meta property=\"og:image:width\" content=\"2186\" \/>\n\t<meta property=\"og:image:height\" content=\"1456\" \/>\n\t<meta property=\"og:image:type\" content=\"image\/jpeg\" \/>\n<meta name=\"author\" content=\"Uredni\u0161tvo Celjana\" \/>\n<meta name=\"twitter:card\" content=\"summary_large_image\" \/>\n<meta name=\"twitter:label1\" content=\"Written by\" \/>\n\t<meta name=\"twitter:data1\" content=\"Uredni\u0161tvo Celjana\" \/>\n\t<meta name=\"twitter:label2\" content=\"Est. reading time\" \/>\n\t<meta name=\"twitter:data2\" content=\"2 minuti\" \/>\n<script type=\"application\/ld+json\" class=\"yoast-schema-graph\">{\"@context\":\"https:\\\/\\\/schema.org\",\"@graph\":[{\"@type\":\"Article\",\"@id\":\"https:\\\/\\\/novice.si\\\/page\\\/celje-znova-med-nominiranci\\\/#article\",\"isPartOf\":{\"@id\":\"https:\\\/\\\/novice.si\\\/page\\\/celje-znova-med-nominiranci\\\/\"},\"author\":{\"name\":\"Uredni\u0161tvo Celjana\",\"@id\":\"https:\\\/\\\/novice.si\\\/page\\\/#\\\/schema\\\/person\\\/a49f233ef2777ec7b2e8d0662325bb48\"},\"headline\":\"Celje znova med nominiranci\",\"datePublished\":\"2023-09-20T12:11:24+00:00\",\"mainEntityOfPage\":{\"@id\":\"https:\\\/\\\/novice.si\\\/page\\\/celje-znova-med-nominiranci\\\/\"},\"wordCount\":227,\"publisher\":{\"@id\":\"https:\\\/\\\/novice.si\\\/page\\\/#organization\"},\"image\":{\"@id\":\"https:\\\/\\\/novice.si\\\/page\\\/celje-znova-med-nominiranci\\\/#primaryimage\"},\"thumbnailUrl\":\"https:\\\/\\\/novice.si\\\/page\\\/wp-content\\\/uploads\\\/2023\\\/09\\\/cz-gostoljubno-celje.jpg\",\"articleSection\":[\"Aktualno\",\"Celjan\",\"Celjsko\"],\"inLanguage\":\"sl-SI\"},{\"@type\":\"WebPage\",\"@id\":\"https:\\\/\\\/novice.si\\\/page\\\/celje-znova-med-nominiranci\\\/\",\"url\":\"https:\\\/\\\/novice.si\\\/page\\\/celje-znova-med-nominiranci\\\/\",\"name\":\"Celje znova med nominiranci - Novice.si\",\"isPartOf\":{\"@id\":\"https:\\\/\\\/novice.si\\\/page\\\/#website\"},\"primaryImageOfPage\":{\"@id\":\"https:\\\/\\\/novice.si\\\/page\\\/celje-znova-med-nominiranci\\\/#primaryimage\"},\"image\":{\"@id\":\"https:\\\/\\\/novice.si\\\/page\\\/celje-znova-med-nominiranci\\\/#primaryimage\"},\"thumbnailUrl\":\"https:\\\/\\\/novice.si\\\/page\\\/wp-content\\\/uploads\\\/2023\\\/09\\\/cz-gostoljubno-celje.jpg\",\"datePublished\":\"2023-09-20T12:11:24+00:00\",\"breadcrumb\":{\"@id\":\"https:\\\/\\\/novice.si\\\/page\\\/celje-znova-med-nominiranci\\\/#breadcrumb\"},\"inLanguage\":\"sl-SI\",\"potentialAction\":[{\"@type\":\"ReadAction\",\"target\":[\"https:\\\/\\\/novice.si\\\/page\\\/celje-znova-med-nominiranci\\\/\"]}]},{\"@type\":\"ImageObject\",\"inLanguage\":\"sl-SI\",\"@id\":\"https:\\\/\\\/novice.si\\\/page\\\/celje-znova-med-nominiranci\\\/#primaryimage\",\"url\":\"https:\\\/\\\/novice.si\\\/page\\\/wp-content\\\/uploads\\\/2023\\\/09\\\/cz-gostoljubno-celje.jpg\",\"contentUrl\":\"https:\\\/\\\/novice.si\\\/page\\\/wp-content\\\/uploads\\\/2023\\\/09\\\/cz-gostoljubno-celje.jpg\",\"width\":2186,\"height\":1456,\"caption\":\"Celje\"},{\"@type\":\"BreadcrumbList\",\"@id\":\"https:\\\/\\\/novice.si\\\/page\\\/celje-znova-med-nominiranci\\\/#breadcrumb\",\"itemListElement\":[{\"@type\":\"ListItem\",\"position\":1,\"name\":\"Home\",\"item\":\"https:\\\/\\\/novice.si\\\/page\\\/\"},{\"@type\":\"ListItem\",\"position\":2,\"name\":\"Celje znova med nominiranci\"}]},{\"@type\":\"WebSite\",\"@id\":\"https:\\\/\\\/novice.si\\\/page\\\/#website\",\"url\":\"https:\\\/\\\/novice.si\\\/page\\\/\",\"name\":\"Novice.si\",\"description\":\"\",\"publisher\":{\"@id\":\"https:\\\/\\\/novice.si\\\/page\\\/#organization\"},\"potentialAction\":[{\"@type\":\"SearchAction\",\"target\":{\"@type\":\"EntryPoint\",\"urlTemplate\":\"https:\\\/\\\/novice.si\\\/page\\\/?s={search_term_string}\"},\"query-input\":{\"@type\":\"PropertyValueSpecification\",\"valueRequired\":true,\"valueName\":\"search_term_string\"}}],\"inLanguage\":\"sl-SI\"},{\"@type\":\"Organization\",\"@id\":\"https:\\\/\\\/novice.si\\\/page\\\/#organization\",\"name\":\"Novice.si\",\"url\":\"https:\\\/\\\/novice.si\\\/page\\\/\",\"logo\":{\"@type\":\"ImageObject\",\"inLanguage\":\"sl-SI\",\"@id\":\"https:\\\/\\\/novice.si\\\/page\\\/#\\\/schema\\\/logo\\\/image\\\/\",\"url\":\"https:\\\/\\\/novice.si\\\/page\\\/wp-content\\\/uploads\\\/2023\\\/03\\\/novice_si.png\",\"contentUrl\":\"https:\\\/\\\/novice.si\\\/page\\\/wp-content\\\/uploads\\\/2023\\\/03\\\/novice_si.png\",\"width\":576,\"height\":200,\"caption\":\"Novice.si\"},\"image\":{\"@id\":\"https:\\\/\\\/novice.si\\\/page\\\/#\\\/schema\\\/logo\\\/image\\\/\"}},{\"@type\":\"Person\",\"@id\":\"https:\\\/\\\/novice.si\\\/page\\\/#\\\/schema\\\/person\\\/a49f233ef2777ec7b2e8d0662325bb48\",\"name\":\"Uredni\u0161tvo Celjana\",\"image\":{\"@type\":\"ImageObject\",\"inLanguage\":\"sl-SI\",\"@id\":\"https:\\\/\\\/secure.gravatar.com\\\/avatar\\\/7f7863e616af8f92806c638dd1db3f1a238d83d1cc2ec3100afc06fbb7eb303f?s=96&d=mm&r=g\",\"url\":\"https:\\\/\\\/secure.gravatar.com\\\/avatar\\\/7f7863e616af8f92806c638dd1db3f1a238d83d1cc2ec3100afc06fbb7eb303f?s=96&d=mm&r=g\",\"contentUrl\":\"https:\\\/\\\/secure.gravatar.com\\\/avatar\\\/7f7863e616af8f92806c638dd1db3f1a238d83d1cc2ec3100afc06fbb7eb303f?s=96&d=mm&r=g\",\"caption\":\"Uredni\u0161tvo Celjana\"},\"url\":\"https:\\\/\\\/novice.si\\\/page\\\/author\\\/maja\\\/\"}]}<\/script>\n<!-- \/ Yoast SEO plugin. -->","yoast_head_json":{"title":"Celje znova med nominiranci - Novice.si","robots":{"index":"index","follow":"follow","max-snippet":"max-snippet:-1","max-image-preview":"max-image-preview:large","max-video-preview":"max-video-preview:-1"},"canonical":"https:\/\/novice.si\/page\/celje-znova-med-nominiranci\/","og_locale":"sl_SI","og_type":"article","og_title":"Celje znova med nominiranci - Novice.si","og_description":"Mestna ob\u010dina Celje je v okviru leto\u0161njega \u017ee 32. nate\u010daja Moja de\u017eela, lepa in gostoljubna, ki ga pripravlja Turisti\u010dna zveza Slovenije (TZS), znova med tremi nominiranci za presti\u017eno priznanje v kategoriji Ve\u010dja mesta. V zadnjih letih je Celje vselej posegalo po visokih uvrstitvah med najlep\u0161e urejenimi in gostoljubnimi ve\u010djimi mesti, lani smo tako osvojili drugo [&hellip;]","og_url":"https:\/\/novice.si\/page\/celje-znova-med-nominiranci\/","og_site_name":"Novice.si","article_published_time":"2023-09-20T12:11:24+00:00","og_image":[{"width":2186,"height":1456,"url":"https:\/\/novice.si\/page\/wp-content\/uploads\/2023\/09\/cz-gostoljubno-celje.jpg","type":"image\/jpeg"}],"author":"Uredni\u0161tvo Celjana","twitter_card":"summary_large_image","twitter_misc":{"Written by":"Uredni\u0161tvo Celjana","Est. reading time":"2 minuti"},"schema":{"@context":"https:\/\/schema.org","@graph":[{"@type":"Article","@id":"https:\/\/novice.si\/page\/celje-znova-med-nominiranci\/#article","isPartOf":{"@id":"https:\/\/novice.si\/page\/celje-znova-med-nominiranci\/"},"author":{"name":"Uredni\u0161tvo Celjana","@id":"https:\/\/novice.si\/page\/#\/schema\/person\/a49f233ef2777ec7b2e8d0662325bb48"},"headline":"Celje znova med nominiranci","datePublished":"2023-09-20T12:11:24+00:00","mainEntityOfPage":{"@id":"https:\/\/novice.si\/page\/celje-znova-med-nominiranci\/"},"wordCount":227,"publisher":{"@id":"https:\/\/novice.si\/page\/#organization"},"image":{"@id":"https:\/\/novice.si\/page\/celje-znova-med-nominiranci\/#primaryimage"},"thumbnailUrl":"https:\/\/novice.si\/page\/wp-content\/uploads\/2023\/09\/cz-gostoljubno-celje.jpg","articleSection":["Aktualno","Celjan","Celjsko"],"inLanguage":"sl-SI"},{"@type":"WebPage","@id":"https:\/\/novice.si\/page\/celje-znova-med-nominiranci\/","url":"https:\/\/novice.si\/page\/celje-znova-med-nominiranci\/","name":"Celje znova med nominiranci - Novice.si","isPartOf":{"@id":"https:\/\/novice.si\/page\/#website"},"primaryImageOfPage":{"@id":"https:\/\/novice.si\/page\/celje-znova-med-nominiranci\/#primaryimage"},"image":{"@id":"https:\/\/novice.si\/page\/celje-znova-med-nominiranci\/#primaryimage"},"thumbnailUrl":"https:\/\/novice.si\/page\/wp-content\/uploads\/2023\/09\/cz-gostoljubno-celje.jpg","datePublished":"2023-09-20T12:11:24+00:00","breadcrumb":{"@id":"https:\/\/novice.si\/page\/celje-znova-med-nominiranci\/#breadcrumb"},"inLanguage":"sl-SI","potentialAction":[{"@type":"ReadAction","target":["https:\/\/novice.si\/page\/celje-znova-med-nominiranci\/"]}]},{"@type":"ImageObject","inLanguage":"sl-SI","@id":"https:\/\/novice.si\/page\/celje-znova-med-nominiranci\/#primaryimage","url":"https:\/\/novice.si\/page\/wp-content\/uploads\/2023\/09\/cz-gostoljubno-celje.jpg","contentUrl":"https:\/\/novice.si\/page\/wp-content\/uploads\/2023\/09\/cz-gostoljubno-celje.jpg","width":2186,"height":1456,"caption":"Celje"},{"@type":"BreadcrumbList","@id":"https:\/\/novice.si\/page\/celje-znova-med-nominiranci\/#breadcrumb","itemListElement":[{"@type":"ListItem","position":1,"name":"Home","item":"https:\/\/novice.si\/page\/"},{"@type":"ListItem","position":2,"name":"Celje znova med nominiranci"}]},{"@type":"WebSite","@id":"https:\/\/novice.si\/page\/#website","url":"https:\/\/novice.si\/page\/","name":"Novice.si","description":"","publisher":{"@id":"https:\/\/novice.si\/page\/#organization"},"potentialAction":[{"@type":"SearchAction","target":{"@type":"EntryPoint","urlTemplate":"https:\/\/novice.si\/page\/?s={search_term_string}"},"query-input":{"@type":"PropertyValueSpecification","valueRequired":true,"valueName":"search_term_string"}}],"inLanguage":"sl-SI"},{"@type":"Organization","@id":"https:\/\/novice.si\/page\/#organization","name":"Novice.si","url":"https:\/\/novice.si\/page\/","logo":{"@type":"ImageObject","inLanguage":"sl-SI","@id":"https:\/\/novice.si\/page\/#\/schema\/logo\/image\/","url":"https:\/\/novice.si\/page\/wp-content\/uploads\/2023\/03\/novice_si.png","contentUrl":"https:\/\/novice.si\/page\/wp-content\/uploads\/2023\/03\/novice_si.png","width":576,"height":200,"caption":"Novice.si"},"image":{"@id":"https:\/\/novice.si\/page\/#\/schema\/logo\/image\/"}},{"@type":"Person","@id":"https:\/\/novice.si\/page\/#\/schema\/person\/a49f233ef2777ec7b2e8d0662325bb48","name":"Uredni\u0161tvo Celjana","image":{"@type":"ImageObject","inLanguage":"sl-SI","@id":"https:\/\/secure.gravatar.com\/avatar\/7f7863e616af8f92806c638dd1db3f1a238d83d1cc2ec3100afc06fbb7eb303f?s=96&d=mm&r=g","url":"https:\/\/secure.gravatar.com\/avatar\/7f7863e616af8f92806c638dd1db3f1a238d83d1cc2ec3100afc06fbb7eb303f?s=96&d=mm&r=g","contentUrl":"https:\/\/secure.gravatar.com\/avatar\/7f7863e616af8f92806c638dd1db3f1a238d83d1cc2ec3100afc06fbb7eb303f?s=96&d=mm&r=g","caption":"Uredni\u0161tvo Celjana"},"url":"https:\/\/novice.si\/page\/author\/maja\/"}]}},"_links":{"self":[{"href":"https:\/\/novice.si\/page\/wp-json\/wp\/v2\/posts\/167527","targetHints":{"allow":["GET"]}}],"collection":[{"href":"https:\/\/novice.si\/page\/wp-json\/wp\/v2\/posts"}],"about":[{"href":"https:\/\/novice.si\/page\/wp-json\/wp\/v2\/types\/post"}],"author":[{"embeddable":true,"href":"https:\/\/novice.si\/page\/wp-json\/wp\/v2\/users\/55"}],"replies":[{"embeddable":true,"href":"https:\/\/novice.si\/page\/wp-json\/wp\/v2\/comments?post=167527"}],"version-history":[{"count":1,"href":"https:\/\/novice.si\/page\/wp-json\/wp\/v2\/posts\/167527\/revisions"}],"predecessor-version":[{"id":167529,"href":"https:\/\/novice.si\/page\/wp-json\/wp\/v2\/posts\/167527\/revisions\/167529"}],"wp:featuredmedia":[{"embeddable":true,"href":"https:\/\/novice.si\/page\/wp-json\/wp\/v2\/media\/167528"}],"wp:attachment":[{"href":"https:\/\/novice.si\/page\/wp-json\/wp\/v2\/media?parent=167527"}],"wp:term":[{"taxonomy":"category","embeddable":true,"href":"https:\/\/novice.si\/page\/wp-json\/wp\/v2\/categories?post=167527"},{"taxonomy":"post_tag","embeddable":true,"href":"https:\/\/novice.si\/page\/wp-json\/wp\/v2\/tags?post=167527"}],"curies":[{"name":"wp","href":"https:\/\/api.w.org\/{rel}","templated":true}]}}