{"id":167520,"date":"2023-09-20T13:11:12","date_gmt":"2023-09-20T11:11:12","guid":{"rendered":"https:\/\/novice.si\/page\/?p=167520"},"modified":"2023-09-20T13:11:12","modified_gmt":"2023-09-20T11:11:12","slug":"evropski-teden-mobilnosti-v-celju","status":"publish","type":"post","link":"https:\/\/novice.si\/page\/evropski-teden-mobilnosti-v-celju\/","title":{"rendered":"Evropski teden mobilnosti v Celju"},"content":{"rendered":"\r\n                <style type=\"text\/css\">\r\n                    \r\n                    #tdi_1  .td-doubleSlider-2 .td-item1 {\r\n                        background: url(https:\/\/novice.si\/page\/wp-content\/uploads\/2023\/09\/reportaza-evropski-teden-mobilnosti-poligon-80x60.jpg) 0 0 no-repeat;\r\n                    }\r\n                    #tdi_1  .td-doubleSlider-2 .td-item2 {\r\n                        background: url(https:\/\/novice.si\/page\/wp-content\/uploads\/2023\/09\/reportaza-evropski-teden-mobilnosti-tehtnica-80x60.jpg) 0 0 no-repeat;\r\n                    }\r\n                    #tdi_1  .td-doubleSlider-2 .td-item3 {\r\n                        background: url(https:\/\/novice.si\/page\/wp-content\/uploads\/2023\/09\/reportaza-evropski-teden-mobilnosti-simulator-80x60.jpg) 0 0 no-repeat;\r\n                    }\r\n                    #tdi_1  .td-doubleSlider-2 .td-item4 {\r\n                        background: url(https:\/\/novice.si\/page\/wp-content\/uploads\/2023\/09\/reportaza-evropski-teden-mobilnosti-MCC-80x60.jpg) 0 0 no-repeat;\r\n                    }\r\n                    #tdi_1  .td-doubleSlider-2 .td-item5 {\r\n                        background: url(https:\/\/novice.si\/page\/wp-content\/uploads\/2023\/09\/reportaza-evropski-teden-mobilnosti-MNZC-80x60.jpg) 0 0 no-repeat;\r\n                    }\r\n                <\/style>\r\n\r\n                <div id=\"tdi_1\" class=\"td-gallery td-slide-on-2-columns\">\r\n                    <div class=\"post_td_gallery\">\r\n                        <div class=\"td-gallery-slide-top\">\r\n                           <div class=\"td-gallery-title\">Evropski teden mobilnosti v Celju<\/div>\r\n\r\n                            <div class=\"td-gallery-controls-wrapper\">\r\n                                <div class=\"td-gallery-slide-count\"><span class=\"td-gallery-slide-item-focus\">1<\/span> od 5<\/div>\r\n                                <div class=\"td-gallery-slide-prev-next-but\">\r\n                                    <i class = \"td-icon-left doubleSliderPrevButton\"><\/i>\r\n                                    <i class = \"td-icon-right doubleSliderNextButton\"><\/i>\r\n                                <\/div>\r\n                            <\/div>\r\n                        <\/div>\r\n\r\n                        <div class = \"td-doubleSlider-1 \">\r\n                            <div class = \"td-slider\">\r\n                                \r\n                    <div class = \"td-slide-item td-item1\">\r\n                        <figure class=\"td-slide-galery-figure td-slide-popup-gallery\">\r\n                            <a class=\"slide-gallery-image-link\" href=\"https:\/\/novice.si\/page\/wp-content\/uploads\/2023\/09\/reportaza-evropski-teden-mobilnosti-poligon.jpg\" title=\"reportaza evropski teden mobilnosti poligon\"  data-caption=\"\"  data-description=\"\" data-gallery>\r\n                                <img decoding=\"async\" src=\"https:\/\/novice.si\/page\/wp-content\/uploads\/2023\/09\/reportaza-evropski-teden-mobilnosti-poligon-513x420.jpg\" srcset=\"https:\/\/novice.si\/page\/wp-content\/uploads\/2023\/09\/reportaza-evropski-teden-mobilnosti-poligon-513x420.jpg 513w, https:\/\/novice.si\/page\/wp-content\/uploads\/2023\/09\/reportaza-evropski-teden-mobilnosti-poligon-600x491.jpg 600w, https:\/\/novice.si\/page\/wp-content\/uploads\/2023\/09\/reportaza-evropski-teden-mobilnosti-poligon-1024x839.jpg 1024w, https:\/\/novice.si\/page\/wp-content\/uploads\/2023\/09\/reportaza-evropski-teden-mobilnosti-poligon-768x629.jpg 768w, https:\/\/novice.si\/page\/wp-content\/uploads\/2023\/09\/reportaza-evropski-teden-mobilnosti-poligon-696x570.jpg 696w, https:\/\/novice.si\/page\/wp-content\/uploads\/2023\/09\/reportaza-evropski-teden-mobilnosti-poligon-1068x875.jpg 1068w, https:\/\/novice.si\/page\/wp-content\/uploads\/2023\/09\/reportaza-evropski-teden-mobilnosti-poligon-24x20.jpg 24w, https:\/\/novice.si\/page\/wp-content\/uploads\/2023\/09\/reportaza-evropski-teden-mobilnosti-poligon-36x29.jpg 36w, https:\/\/novice.si\/page\/wp-content\/uploads\/2023\/09\/reportaza-evropski-teden-mobilnosti-poligon-48x39.jpg 48w, https:\/\/novice.si\/page\/wp-content\/uploads\/2023\/09\/reportaza-evropski-teden-mobilnosti-poligon.jpg 1310w\" sizes=\"(max-width: 513px) 100vw, 513px\" alt=\"\">\r\n                            <\/a>\r\n                            \r\n                        <\/figure>\r\n                    <\/div>\r\n                    <div class = \"td-slide-item td-item2\">\r\n                        <figure class=\"td-slide-galery-figure td-slide-popup-gallery\">\r\n                            <a class=\"slide-gallery-image-link\" href=\"https:\/\/novice.si\/page\/wp-content\/uploads\/2023\/09\/reportaza-evropski-teden-mobilnosti-tehtnica.jpg\" title=\"reportaza evropski teden mobilnosti tehtnica\"  data-caption=\"\"  data-description=\"\" data-gallery>\r\n                                <img decoding=\"async\" src=\"https:\/\/novice.si\/page\/wp-content\/uploads\/2023\/09\/reportaza-evropski-teden-mobilnosti-tehtnica-315x420.jpg\" srcset=\"https:\/\/novice.si\/page\/wp-content\/uploads\/2023\/09\/reportaza-evropski-teden-mobilnosti-tehtnica-315x420.jpg 315w, https:\/\/novice.si\/page\/wp-content\/uploads\/2023\/09\/reportaza-evropski-teden-mobilnosti-tehtnica-450x600.jpg 450w, https:\/\/novice.si\/page\/wp-content\/uploads\/2023\/09\/reportaza-evropski-teden-mobilnosti-tehtnica-768x1024.jpg 768w, https:\/\/novice.si\/page\/wp-content\/uploads\/2023\/09\/reportaza-evropski-teden-mobilnosti-tehtnica-1152x1536.jpg 1152w, https:\/\/novice.si\/page\/wp-content\/uploads\/2023\/09\/reportaza-evropski-teden-mobilnosti-tehtnica-696x928.jpg 696w, https:\/\/novice.si\/page\/wp-content\/uploads\/2023\/09\/reportaza-evropski-teden-mobilnosti-tehtnica-1068x1423.jpg 1068w, https:\/\/novice.si\/page\/wp-content\/uploads\/2023\/09\/reportaza-evropski-teden-mobilnosti-tehtnica-18x24.jpg 18w, https:\/\/novice.si\/page\/wp-content\/uploads\/2023\/09\/reportaza-evropski-teden-mobilnosti-tehtnica-27x36.jpg 27w, https:\/\/novice.si\/page\/wp-content\/uploads\/2023\/09\/reportaza-evropski-teden-mobilnosti-tehtnica-36x48.jpg 36w, https:\/\/novice.si\/page\/wp-content\/uploads\/2023\/09\/reportaza-evropski-teden-mobilnosti-tehtnica.jpg 1388w\" sizes=\"(max-width: 315px) 100vw, 315px\" alt=\"\">\r\n                            <\/a>\r\n                            \r\n                        <\/figure>\r\n                    <\/div>\r\n                    <div class = \"td-slide-item td-item3\">\r\n                        <figure class=\"td-slide-galery-figure td-slide-popup-gallery\">\r\n                            <a class=\"slide-gallery-image-link\" href=\"https:\/\/novice.si\/page\/wp-content\/uploads\/2023\/09\/reportaza-evropski-teden-mobilnosti-simulator.jpg\" title=\"reportaza evropski teden mobilnosti simulator\"  data-caption=\"\"  data-description=\"\" data-gallery>\r\n                                <img decoding=\"async\" src=\"https:\/\/novice.si\/page\/wp-content\/uploads\/2023\/09\/reportaza-evropski-teden-mobilnosti-simulator-315x420.jpg\" srcset=\"https:\/\/novice.si\/page\/wp-content\/uploads\/2023\/09\/reportaza-evropski-teden-mobilnosti-simulator-315x420.jpg 315w, https:\/\/novice.si\/page\/wp-content\/uploads\/2023\/09\/reportaza-evropski-teden-mobilnosti-simulator-450x600.jpg 450w, https:\/\/novice.si\/page\/wp-content\/uploads\/2023\/09\/reportaza-evropski-teden-mobilnosti-simulator-768x1024.jpg 768w, https:\/\/novice.si\/page\/wp-content\/uploads\/2023\/09\/reportaza-evropski-teden-mobilnosti-simulator-1152x1536.jpg 1152w, https:\/\/novice.si\/page\/wp-content\/uploads\/2023\/09\/reportaza-evropski-teden-mobilnosti-simulator-696x928.jpg 696w, https:\/\/novice.si\/page\/wp-content\/uploads\/2023\/09\/reportaza-evropski-teden-mobilnosti-simulator-1068x1423.jpg 1068w, https:\/\/novice.si\/page\/wp-content\/uploads\/2023\/09\/reportaza-evropski-teden-mobilnosti-simulator-18x24.jpg 18w, https:\/\/novice.si\/page\/wp-content\/uploads\/2023\/09\/reportaza-evropski-teden-mobilnosti-simulator-27x36.jpg 27w, https:\/\/novice.si\/page\/wp-content\/uploads\/2023\/09\/reportaza-evropski-teden-mobilnosti-simulator-36x48.jpg 36w, https:\/\/novice.si\/page\/wp-content\/uploads\/2023\/09\/reportaza-evropski-teden-mobilnosti-simulator.jpg 1388w\" sizes=\"(max-width: 315px) 100vw, 315px\" alt=\"\">\r\n                            <\/a>\r\n                            \r\n                        <\/figure>\r\n                    <\/div>\r\n                    <div class = \"td-slide-item td-item4\">\r\n                        <figure class=\"td-slide-galery-figure td-slide-popup-gallery\">\r\n                            <a class=\"slide-gallery-image-link\" href=\"https:\/\/novice.si\/page\/wp-content\/uploads\/2023\/09\/reportaza-evropski-teden-mobilnosti-MCC.jpg\" title=\"reportaza evropski teden mobilnosti MCC\"  data-caption=\"\"  data-description=\"\" data-gallery>\r\n                                <img decoding=\"async\" src=\"https:\/\/novice.si\/page\/wp-content\/uploads\/2023\/09\/reportaza-evropski-teden-mobilnosti-MCC-726x420.jpg\" srcset=\"https:\/\/novice.si\/page\/wp-content\/uploads\/2023\/09\/reportaza-evropski-teden-mobilnosti-MCC-726x420.jpg 726w, https:\/\/novice.si\/page\/wp-content\/uploads\/2023\/09\/reportaza-evropski-teden-mobilnosti-MCC-600x347.jpg 600w, https:\/\/novice.si\/page\/wp-content\/uploads\/2023\/09\/reportaza-evropski-teden-mobilnosti-MCC-1024x593.jpg 1024w, https:\/\/novice.si\/page\/wp-content\/uploads\/2023\/09\/reportaza-evropski-teden-mobilnosti-MCC-768x445.jpg 768w, https:\/\/novice.si\/page\/wp-content\/uploads\/2023\/09\/reportaza-evropski-teden-mobilnosti-MCC-1536x889.jpg 1536w, https:\/\/novice.si\/page\/wp-content\/uploads\/2023\/09\/reportaza-evropski-teden-mobilnosti-MCC-2048x1185.jpg 2048w, https:\/\/novice.si\/page\/wp-content\/uploads\/2023\/09\/reportaza-evropski-teden-mobilnosti-MCC-696x403.jpg 696w, https:\/\/novice.si\/page\/wp-content\/uploads\/2023\/09\/reportaza-evropski-teden-mobilnosti-MCC-1068x618.jpg 1068w, https:\/\/novice.si\/page\/wp-content\/uploads\/2023\/09\/reportaza-evropski-teden-mobilnosti-MCC-24x14.jpg 24w, https:\/\/novice.si\/page\/wp-content\/uploads\/2023\/09\/reportaza-evropski-teden-mobilnosti-MCC-36x21.jpg 36w, https:\/\/novice.si\/page\/wp-content\/uploads\/2023\/09\/reportaza-evropski-teden-mobilnosti-MCC-48x28.jpg 48w\" sizes=\"(max-width: 726px) 100vw, 726px\" alt=\"\">\r\n                            <\/a>\r\n                            \r\n                        <\/figure>\r\n                    <\/div>\r\n                    <div class = \"td-slide-item td-item5\">\r\n                        <figure class=\"td-slide-galery-figure td-slide-popup-gallery\">\r\n                            <a class=\"slide-gallery-image-link\" href=\"https:\/\/novice.si\/page\/wp-content\/uploads\/2023\/09\/reportaza-evropski-teden-mobilnosti-MNZC.jpg\" title=\"reportaza evropski teden mobilnosti MNZC\"  data-caption=\"\"  data-description=\"\" data-gallery>\r\n                                <img decoding=\"async\" src=\"https:\/\/novice.si\/page\/wp-content\/uploads\/2023\/09\/reportaza-evropski-teden-mobilnosti-MNZC-315x420.jpg\" srcset=\"https:\/\/novice.si\/page\/wp-content\/uploads\/2023\/09\/reportaza-evropski-teden-mobilnosti-MNZC-315x420.jpg 315w, https:\/\/novice.si\/page\/wp-content\/uploads\/2023\/09\/reportaza-evropski-teden-mobilnosti-MNZC-450x600.jpg 450w, https:\/\/novice.si\/page\/wp-content\/uploads\/2023\/09\/reportaza-evropski-teden-mobilnosti-MNZC-768x1024.jpg 768w, https:\/\/novice.si\/page\/wp-content\/uploads\/2023\/09\/reportaza-evropski-teden-mobilnosti-MNZC-1152x1536.jpg 1152w, https:\/\/novice.si\/page\/wp-content\/uploads\/2023\/09\/reportaza-evropski-teden-mobilnosti-MNZC-696x928.jpg 696w, https:\/\/novice.si\/page\/wp-content\/uploads\/2023\/09\/reportaza-evropski-teden-mobilnosti-MNZC-1068x1424.jpg 1068w, https:\/\/novice.si\/page\/wp-content\/uploads\/2023\/09\/reportaza-evropski-teden-mobilnosti-MNZC-18x24.jpg 18w, https:\/\/novice.si\/page\/wp-content\/uploads\/2023\/09\/reportaza-evropski-teden-mobilnosti-MNZC-27x36.jpg 27w, https:\/\/novice.si\/page\/wp-content\/uploads\/2023\/09\/reportaza-evropski-teden-mobilnosti-MNZC-36x48.jpg 36w, https:\/\/novice.si\/page\/wp-content\/uploads\/2023\/09\/reportaza-evropski-teden-mobilnosti-MNZC.jpg 1200w\" sizes=\"(max-width: 315px) 100vw, 315px\" alt=\"\">\r\n                            <\/a>\r\n                            \r\n                        <\/figure>\r\n                    <\/div>\r\n                            <\/div>\r\n                        <\/div>\r\n\r\n                        <div class = \"td-doubleSlider-2\">\r\n                            <div class = \"td-slider\">\r\n                                \r\n                    <div class = \"td-button td-item1\">\r\n                        <div class = \"td-border\"><\/div>\r\n                    <\/div>\r\n                    <div class = \"td-button td-item2\">\r\n                        <div class = \"td-border\"><\/div>\r\n                    <\/div>\r\n                    <div class = \"td-button td-item3\">\r\n                        <div class = \"td-border\"><\/div>\r\n                    <\/div>\r\n                    <div class = \"td-button td-item4\">\r\n                        <div class = \"td-border\"><\/div>\r\n                    <\/div>\r\n                    <div class = \"td-button td-item5\">\r\n                        <div class = \"td-border\"><\/div>\r\n                    <\/div>\r\n                            <\/div>\r\n                        <\/div>\r\n\r\n                    <\/div>\r\n\r\n                <\/div>\r\n                \n<p><em>Se tudi vam zdi, da je v mestih vse ve\u010d elektri\u010dnih skirojev, koles ter drugih trajnostnih prevoznih sredstev in vse manj avtomobilov? Prav imate! Vsa mesta se namre\u010d trudijo, da bi iz centra pregnala avtomobile, prostor pa pridobila trajnostnim prevoznim sredstvom. Prav ta teza je tudi sredi\u0161\u010de leto\u0161njega Evropskega tedna mobilnosti (ETM), ki se je v Celju za\u010del minuli teden.<\/em><\/p>\n<p>Sobotno dopoldne, uvodni dan pestrega programskega dogajanja ETM v Celju, je na Pre\u0161ernovi ulici zaznamoval poseben dogodek \u2013 Kri\u017ei\u0161\u010de mikromobilnosti, ki ga je Zavarovalnica Triglav pripravila v sodelovanju z Zavodom Vozim in Mestno ob\u010dino Celje (MOC). Tam so se obiskovalci lahko preizkusili na poligonu v vo\u017enji z (elektri\u010dnimi) skiroji, kolesi in podobno.<\/p>\n<p><strong>Sobotno dogajanje tudi drugod<\/strong><\/p>\n<p>V soboto se je v sklopu ETM v Celju dogajalo \u0161e marsikaj zanimivega. V atriju Celjskega mladinskega centra (MCC) se je zbralo 12 rekreativnih kolesarjev, ki so se podali na 50 km dolgo traso do \u017di\u010dke Kartuzije. V Muzeju novej\u0161e zgodovine Celje (MNZC) pa so pripravili voden ogled razstave Hermanov bonton z dru\u017einsko ustvarjalnico Zabavni semafor. Delavnica o bontonu v prometu bo potekala tudi ta petek, ko bo otroke obiskal \u0161e \u010disto pravi policist.<\/p>\n<p>Dogodki v sklopu ETM se bodo v Celju nadaljevali tudi v prihodnjih dneh, vse do petka 22. septembra. Med drugim bo danes, v sredo, 20. 9., potekal Dan varne trajnostne mobilnosti, kjer bodo mladi iskali re\u0161itve za zmanj\u0161anje uporabe avtomobila. V petek, 22. septembra, ob Dnevu brez avtomobila, pa se bodo na zaprti Pre\u0161ernovi ulici predstavile \u0161tevilne celjske organizacije, ki bodo obiskovalce spodbujale h kakovostnemu pre\u017eivljanju prostega \u010dasa.<\/p>\n<p>\u010ce vas zanima ve\u010d o sobotnem dogajanju, sko\u010dite hitro po najnovej\u0161ega Celjana, ki vas od danes \u010daka na prodajnih mestih, z vami pa delimo nekaj fotografij, ki so nastale v soboto dopoldne. (MH)<\/p>\n","protected":false},"excerpt":{"rendered":"<p>Se tudi vam zdi, da je v mestih vse ve\u010d elektri\u010dnih skirojev, koles ter drugih trajnostnih prevoznih sredstev in vse manj avtomobilov? Prav imate! Vsa mesta se namre\u010d trudijo, da bi iz centra pregnala avtomobile, prostor pa pridobila trajnostnim prevoznim sredstvom. Prav ta teza je tudi sredi\u0161\u010de leto\u0161njega Evropskega tedna mobilnosti (ETM), ki se je [&hellip;]<\/p>\n","protected":false},"author":55,"featured_media":167523,"comment_status":"closed","ping_status":"closed","sticky":false,"template":"","format":"standard","meta":{"footnotes":""},"categories":[14,142,17],"tags":[],"class_list":{"0":"post-167520","1":"post","2":"type-post","3":"status-publish","4":"format-standard","5":"has-post-thumbnail","7":"category-aktualno","8":"category-celjan","9":"category-celjsko"},"yoast_head":"<!-- This site is optimized with the Yoast SEO plugin v27.4 - https:\/\/yoast.com\/product\/yoast-seo-wordpress\/ -->\n<title>Evropski teden mobilnosti v Celju - Novice.si<\/title>\n<meta name=\"robots\" content=\"index, follow, max-snippet:-1, max-image-preview:large, max-video-preview:-1\" \/>\n<link rel=\"canonical\" href=\"https:\/\/novice.si\/page\/?p=167520\" \/>\n<meta property=\"og:locale\" content=\"sl_SI\" \/>\n<meta property=\"og:type\" content=\"article\" \/>\n<meta property=\"og:title\" content=\"Evropski teden mobilnosti v Celju - Novice.si\" \/>\n<meta property=\"og:description\" content=\"Se tudi vam zdi, da je v mestih vse ve\u010d elektri\u010dnih skirojev, koles ter drugih trajnostnih prevoznih sredstev in vse manj avtomobilov? Prav imate! Vsa mesta se namre\u010d trudijo, da bi iz centra pregnala avtomobile, prostor pa pridobila trajnostnim prevoznim sredstvom. Prav ta teza je tudi sredi\u0161\u010de leto\u0161njega Evropskega tedna mobilnosti (ETM), ki se je [&hellip;]\" \/>\n<meta property=\"og:url\" content=\"https:\/\/novice.si\/page\/?p=167520\" \/>\n<meta property=\"og:site_name\" content=\"Novice.si\" \/>\n<meta property=\"article:published_time\" content=\"2023-09-20T11:11:12+00:00\" \/>\n<meta property=\"og:image\" content=\"https:\/\/novice.si\/page\/wp-content\/uploads\/2023\/09\/reportaza-evropski-teden-mobilnosti-poligon.jpg\" \/>\n\t<meta property=\"og:image:width\" content=\"1310\" \/>\n\t<meta property=\"og:image:height\" content=\"1073\" \/>\n\t<meta property=\"og:image:type\" content=\"image\/jpeg\" \/>\n<meta name=\"author\" content=\"Uredni\u0161tvo Celjana\" \/>\n<meta name=\"twitter:card\" content=\"summary_large_image\" \/>\n<meta name=\"twitter:label1\" content=\"Written by\" \/>\n\t<meta name=\"twitter:data1\" content=\"Uredni\u0161tvo Celjana\" \/>\n\t<meta name=\"twitter:label2\" content=\"Est. reading time\" \/>\n\t<meta name=\"twitter:data2\" content=\"2 minuti\" \/>\n<script type=\"application\/ld+json\" class=\"yoast-schema-graph\">{\"@context\":\"https:\\\/\\\/schema.org\",\"@graph\":[{\"@type\":\"Article\",\"@id\":\"https:\\\/\\\/novice.si\\\/page\\\/?p=167520#article\",\"isPartOf\":{\"@id\":\"https:\\\/\\\/novice.si\\\/page\\\/?p=167520\"},\"author\":{\"name\":\"Uredni\u0161tvo Celjana\",\"@id\":\"https:\\\/\\\/novice.si\\\/page\\\/#\\\/schema\\\/person\\\/a49f233ef2777ec7b2e8d0662325bb48\"},\"headline\":\"Evropski teden mobilnosti v Celju\",\"datePublished\":\"2023-09-20T11:11:12+00:00\",\"mainEntityOfPage\":{\"@id\":\"https:\\\/\\\/novice.si\\\/page\\\/?p=167520\"},\"wordCount\":324,\"publisher\":{\"@id\":\"https:\\\/\\\/novice.si\\\/page\\\/#organization\"},\"image\":{\"@id\":\"https:\\\/\\\/novice.si\\\/page\\\/?p=167520#primaryimage\"},\"thumbnailUrl\":\"https:\\\/\\\/novice.si\\\/page\\\/wp-content\\\/uploads\\\/2023\\\/09\\\/reportaza-evropski-teden-mobilnosti-poligon.jpg\",\"articleSection\":[\"Aktualno\",\"Celjan\",\"Celjsko\"],\"inLanguage\":\"sl-SI\"},{\"@type\":\"WebPage\",\"@id\":\"https:\\\/\\\/novice.si\\\/page\\\/?p=167520\",\"url\":\"https:\\\/\\\/novice.si\\\/page\\\/?p=167520\",\"name\":\"Evropski teden mobilnosti v Celju - Novice.si\",\"isPartOf\":{\"@id\":\"https:\\\/\\\/novice.si\\\/page\\\/#website\"},\"primaryImageOfPage\":{\"@id\":\"https:\\\/\\\/novice.si\\\/page\\\/?p=167520#primaryimage\"},\"image\":{\"@id\":\"https:\\\/\\\/novice.si\\\/page\\\/?p=167520#primaryimage\"},\"thumbnailUrl\":\"https:\\\/\\\/novice.si\\\/page\\\/wp-content\\\/uploads\\\/2023\\\/09\\\/reportaza-evropski-teden-mobilnosti-poligon.jpg\",\"datePublished\":\"2023-09-20T11:11:12+00:00\",\"breadcrumb\":{\"@id\":\"https:\\\/\\\/novice.si\\\/page\\\/?p=167520#breadcrumb\"},\"inLanguage\":\"sl-SI\",\"potentialAction\":[{\"@type\":\"ReadAction\",\"target\":[\"https:\\\/\\\/novice.si\\\/page\\\/?p=167520\"]}]},{\"@type\":\"ImageObject\",\"inLanguage\":\"sl-SI\",\"@id\":\"https:\\\/\\\/novice.si\\\/page\\\/?p=167520#primaryimage\",\"url\":\"https:\\\/\\\/novice.si\\\/page\\\/wp-content\\\/uploads\\\/2023\\\/09\\\/reportaza-evropski-teden-mobilnosti-poligon.jpg\",\"contentUrl\":\"https:\\\/\\\/novice.si\\\/page\\\/wp-content\\\/uploads\\\/2023\\\/09\\\/reportaza-evropski-teden-mobilnosti-poligon.jpg\",\"width\":1310,\"height\":1073},{\"@type\":\"BreadcrumbList\",\"@id\":\"https:\\\/\\\/novice.si\\\/page\\\/?p=167520#breadcrumb\",\"itemListElement\":[{\"@type\":\"ListItem\",\"position\":1,\"name\":\"Home\",\"item\":\"https:\\\/\\\/novice.si\\\/page\\\/\"},{\"@type\":\"ListItem\",\"position\":2,\"name\":\"Evropski teden mobilnosti v Celju\"}]},{\"@type\":\"WebSite\",\"@id\":\"https:\\\/\\\/novice.si\\\/page\\\/#website\",\"url\":\"https:\\\/\\\/novice.si\\\/page\\\/\",\"name\":\"Novice.si\",\"description\":\"\",\"publisher\":{\"@id\":\"https:\\\/\\\/novice.si\\\/page\\\/#organization\"},\"potentialAction\":[{\"@type\":\"SearchAction\",\"target\":{\"@type\":\"EntryPoint\",\"urlTemplate\":\"https:\\\/\\\/novice.si\\\/page\\\/?s={search_term_string}\"},\"query-input\":{\"@type\":\"PropertyValueSpecification\",\"valueRequired\":true,\"valueName\":\"search_term_string\"}}],\"inLanguage\":\"sl-SI\"},{\"@type\":\"Organization\",\"@id\":\"https:\\\/\\\/novice.si\\\/page\\\/#organization\",\"name\":\"Novice.si\",\"url\":\"https:\\\/\\\/novice.si\\\/page\\\/\",\"logo\":{\"@type\":\"ImageObject\",\"inLanguage\":\"sl-SI\",\"@id\":\"https:\\\/\\\/novice.si\\\/page\\\/#\\\/schema\\\/logo\\\/image\\\/\",\"url\":\"https:\\\/\\\/novice.si\\\/page\\\/wp-content\\\/uploads\\\/2023\\\/03\\\/novice_si.png\",\"contentUrl\":\"https:\\\/\\\/novice.si\\\/page\\\/wp-content\\\/uploads\\\/2023\\\/03\\\/novice_si.png\",\"width\":576,\"height\":200,\"caption\":\"Novice.si\"},\"image\":{\"@id\":\"https:\\\/\\\/novice.si\\\/page\\\/#\\\/schema\\\/logo\\\/image\\\/\"}},{\"@type\":\"Person\",\"@id\":\"https:\\\/\\\/novice.si\\\/page\\\/#\\\/schema\\\/person\\\/a49f233ef2777ec7b2e8d0662325bb48\",\"name\":\"Uredni\u0161tvo Celjana\",\"image\":{\"@type\":\"ImageObject\",\"inLanguage\":\"sl-SI\",\"@id\":\"https:\\\/\\\/secure.gravatar.com\\\/avatar\\\/7f7863e616af8f92806c638dd1db3f1a238d83d1cc2ec3100afc06fbb7eb303f?s=96&d=mm&r=g\",\"url\":\"https:\\\/\\\/secure.gravatar.com\\\/avatar\\\/7f7863e616af8f92806c638dd1db3f1a238d83d1cc2ec3100afc06fbb7eb303f?s=96&d=mm&r=g\",\"contentUrl\":\"https:\\\/\\\/secure.gravatar.com\\\/avatar\\\/7f7863e616af8f92806c638dd1db3f1a238d83d1cc2ec3100afc06fbb7eb303f?s=96&d=mm&r=g\",\"caption\":\"Uredni\u0161tvo Celjana\"},\"url\":\"https:\\\/\\\/novice.si\\\/page\\\/author\\\/maja\\\/\"}]}<\/script>\n<!-- \/ Yoast SEO plugin. -->","yoast_head_json":{"title":"Evropski teden mobilnosti v Celju - Novice.si","robots":{"index":"index","follow":"follow","max-snippet":"max-snippet:-1","max-image-preview":"max-image-preview:large","max-video-preview":"max-video-preview:-1"},"canonical":"https:\/\/novice.si\/page\/?p=167520","og_locale":"sl_SI","og_type":"article","og_title":"Evropski teden mobilnosti v Celju - Novice.si","og_description":"Se tudi vam zdi, da je v mestih vse ve\u010d elektri\u010dnih skirojev, koles ter drugih trajnostnih prevoznih sredstev in vse manj avtomobilov? Prav imate! Vsa mesta se namre\u010d trudijo, da bi iz centra pregnala avtomobile, prostor pa pridobila trajnostnim prevoznim sredstvom. Prav ta teza je tudi sredi\u0161\u010de leto\u0161njega Evropskega tedna mobilnosti (ETM), ki se je [&hellip;]","og_url":"https:\/\/novice.si\/page\/?p=167520","og_site_name":"Novice.si","article_published_time":"2023-09-20T11:11:12+00:00","og_image":[{"width":1310,"height":1073,"url":"https:\/\/novice.si\/page\/wp-content\/uploads\/2023\/09\/reportaza-evropski-teden-mobilnosti-poligon.jpg","type":"image\/jpeg"}],"author":"Uredni\u0161tvo Celjana","twitter_card":"summary_large_image","twitter_misc":{"Written by":"Uredni\u0161tvo Celjana","Est. reading time":"2 minuti"},"schema":{"@context":"https:\/\/schema.org","@graph":[{"@type":"Article","@id":"https:\/\/novice.si\/page\/?p=167520#article","isPartOf":{"@id":"https:\/\/novice.si\/page\/?p=167520"},"author":{"name":"Uredni\u0161tvo Celjana","@id":"https:\/\/novice.si\/page\/#\/schema\/person\/a49f233ef2777ec7b2e8d0662325bb48"},"headline":"Evropski teden mobilnosti v Celju","datePublished":"2023-09-20T11:11:12+00:00","mainEntityOfPage":{"@id":"https:\/\/novice.si\/page\/?p=167520"},"wordCount":324,"publisher":{"@id":"https:\/\/novice.si\/page\/#organization"},"image":{"@id":"https:\/\/novice.si\/page\/?p=167520#primaryimage"},"thumbnailUrl":"https:\/\/novice.si\/page\/wp-content\/uploads\/2023\/09\/reportaza-evropski-teden-mobilnosti-poligon.jpg","articleSection":["Aktualno","Celjan","Celjsko"],"inLanguage":"sl-SI"},{"@type":"WebPage","@id":"https:\/\/novice.si\/page\/?p=167520","url":"https:\/\/novice.si\/page\/?p=167520","name":"Evropski teden mobilnosti v Celju - Novice.si","isPartOf":{"@id":"https:\/\/novice.si\/page\/#website"},"primaryImageOfPage":{"@id":"https:\/\/novice.si\/page\/?p=167520#primaryimage"},"image":{"@id":"https:\/\/novice.si\/page\/?p=167520#primaryimage"},"thumbnailUrl":"https:\/\/novice.si\/page\/wp-content\/uploads\/2023\/09\/reportaza-evropski-teden-mobilnosti-poligon.jpg","datePublished":"2023-09-20T11:11:12+00:00","breadcrumb":{"@id":"https:\/\/novice.si\/page\/?p=167520#breadcrumb"},"inLanguage":"sl-SI","potentialAction":[{"@type":"ReadAction","target":["https:\/\/novice.si\/page\/?p=167520"]}]},{"@type":"ImageObject","inLanguage":"sl-SI","@id":"https:\/\/novice.si\/page\/?p=167520#primaryimage","url":"https:\/\/novice.si\/page\/wp-content\/uploads\/2023\/09\/reportaza-evropski-teden-mobilnosti-poligon.jpg","contentUrl":"https:\/\/novice.si\/page\/wp-content\/uploads\/2023\/09\/reportaza-evropski-teden-mobilnosti-poligon.jpg","width":1310,"height":1073},{"@type":"BreadcrumbList","@id":"https:\/\/novice.si\/page\/?p=167520#breadcrumb","itemListElement":[{"@type":"ListItem","position":1,"name":"Home","item":"https:\/\/novice.si\/page\/"},{"@type":"ListItem","position":2,"name":"Evropski teden mobilnosti v Celju"}]},{"@type":"WebSite","@id":"https:\/\/novice.si\/page\/#website","url":"https:\/\/novice.si\/page\/","name":"Novice.si","description":"","publisher":{"@id":"https:\/\/novice.si\/page\/#organization"},"potentialAction":[{"@type":"SearchAction","target":{"@type":"EntryPoint","urlTemplate":"https:\/\/novice.si\/page\/?s={search_term_string}"},"query-input":{"@type":"PropertyValueSpecification","valueRequired":true,"valueName":"search_term_string"}}],"inLanguage":"sl-SI"},{"@type":"Organization","@id":"https:\/\/novice.si\/page\/#organization","name":"Novice.si","url":"https:\/\/novice.si\/page\/","logo":{"@type":"ImageObject","inLanguage":"sl-SI","@id":"https:\/\/novice.si\/page\/#\/schema\/logo\/image\/","url":"https:\/\/novice.si\/page\/wp-content\/uploads\/2023\/03\/novice_si.png","contentUrl":"https:\/\/novice.si\/page\/wp-content\/uploads\/2023\/03\/novice_si.png","width":576,"height":200,"caption":"Novice.si"},"image":{"@id":"https:\/\/novice.si\/page\/#\/schema\/logo\/image\/"}},{"@type":"Person","@id":"https:\/\/novice.si\/page\/#\/schema\/person\/a49f233ef2777ec7b2e8d0662325bb48","name":"Uredni\u0161tvo Celjana","image":{"@type":"ImageObject","inLanguage":"sl-SI","@id":"https:\/\/secure.gravatar.com\/avatar\/7f7863e616af8f92806c638dd1db3f1a238d83d1cc2ec3100afc06fbb7eb303f?s=96&d=mm&r=g","url":"https:\/\/secure.gravatar.com\/avatar\/7f7863e616af8f92806c638dd1db3f1a238d83d1cc2ec3100afc06fbb7eb303f?s=96&d=mm&r=g","contentUrl":"https:\/\/secure.gravatar.com\/avatar\/7f7863e616af8f92806c638dd1db3f1a238d83d1cc2ec3100afc06fbb7eb303f?s=96&d=mm&r=g","caption":"Uredni\u0161tvo Celjana"},"url":"https:\/\/novice.si\/page\/author\/maja\/"}]}},"_links":{"self":[{"href":"https:\/\/novice.si\/page\/wp-json\/wp\/v2\/posts\/167520","targetHints":{"allow":["GET"]}}],"collection":[{"href":"https:\/\/novice.si\/page\/wp-json\/wp\/v2\/posts"}],"about":[{"href":"https:\/\/novice.si\/page\/wp-json\/wp\/v2\/types\/post"}],"author":[{"embeddable":true,"href":"https:\/\/novice.si\/page\/wp-json\/wp\/v2\/users\/55"}],"replies":[{"embeddable":true,"href":"https:\/\/novice.si\/page\/wp-json\/wp\/v2\/comments?post=167520"}],"version-history":[{"count":1,"href":"https:\/\/novice.si\/page\/wp-json\/wp\/v2\/posts\/167520\/revisions"}],"predecessor-version":[{"id":167526,"href":"https:\/\/novice.si\/page\/wp-json\/wp\/v2\/posts\/167520\/revisions\/167526"}],"wp:featuredmedia":[{"embeddable":true,"href":"https:\/\/novice.si\/page\/wp-json\/wp\/v2\/media\/167523"}],"wp:attachment":[{"href":"https:\/\/novice.si\/page\/wp-json\/wp\/v2\/media?parent=167520"}],"wp:term":[{"taxonomy":"category","embeddable":true,"href":"https:\/\/novice.si\/page\/wp-json\/wp\/v2\/categories?post=167520"},{"taxonomy":"post_tag","embeddable":true,"href":"https:\/\/novice.si\/page\/wp-json\/wp\/v2\/tags?post=167520"}],"curies":[{"name":"wp","href":"https:\/\/api.w.org\/{rel}","templated":true}]}}