{"id":167510,"date":"2023-09-20T12:06:02","date_gmt":"2023-09-20T10:06:02","guid":{"rendered":"https:\/\/novice.si\/page\/?p=167510"},"modified":"2023-09-20T12:08:37","modified_gmt":"2023-09-20T10:08:37","slug":"rogasla-slatina-ob-obletnici-blagovne-znamke-donat-mg-nova-soncna-elektrarna","status":"publish","type":"post","link":"https:\/\/novice.si\/page\/rogasla-slatina-ob-obletnici-blagovne-znamke-donat-mg-nova-soncna-elektrarna\/","title":{"rendered":"ROGA\u0160KA SLATINA Ob obletnici blagovne znamke Donat Mg nova son\u010dna elektrarna"},"content":{"rendered":"<p><strong>V Roga\u0161ki Slatini so v\u010deraj obele\u017eili 115 let blagovne znamke Donat Mg. Ob tem so predstavili novo son\u010dno elektrarno, s katero bodo zagotovili skoraj tretjino potreb po elektri\u010dni energiji.\u00a0<\/strong><\/p>\n<p><img loading=\"lazy\" decoding=\"async\" class=\"alignnone size-medium wp-image-167513 aligncenter\" src=\"https:\/\/novice.si\/page\/wp-content\/uploads\/2023\/09\/Donat_Soncna-elektrarne-v-Rogaski-Slatini_1-600x338.jpg\" alt=\"\" width=\"600\" height=\"338\" srcset=\"https:\/\/novice.si\/page\/wp-content\/uploads\/2023\/09\/Donat_Soncna-elektrarne-v-Rogaski-Slatini_1-600x338.jpg 600w, https:\/\/novice.si\/page\/wp-content\/uploads\/2023\/09\/Donat_Soncna-elektrarne-v-Rogaski-Slatini_1-1024x576.jpg 1024w, https:\/\/novice.si\/page\/wp-content\/uploads\/2023\/09\/Donat_Soncna-elektrarne-v-Rogaski-Slatini_1-768x432.jpg 768w, https:\/\/novice.si\/page\/wp-content\/uploads\/2023\/09\/Donat_Soncna-elektrarne-v-Rogaski-Slatini_1-1536x864.jpg 1536w, https:\/\/novice.si\/page\/wp-content\/uploads\/2023\/09\/Donat_Soncna-elektrarne-v-Rogaski-Slatini_1-696x392.jpg 696w, https:\/\/novice.si\/page\/wp-content\/uploads\/2023\/09\/Donat_Soncna-elektrarne-v-Rogaski-Slatini_1-1068x601.jpg 1068w, https:\/\/novice.si\/page\/wp-content\/uploads\/2023\/09\/Donat_Soncna-elektrarne-v-Rogaski-Slatini_1-747x420.jpg 747w, https:\/\/novice.si\/page\/wp-content\/uploads\/2023\/09\/Donat_Soncna-elektrarne-v-Rogaski-Slatini_1-24x14.jpg 24w, https:\/\/novice.si\/page\/wp-content\/uploads\/2023\/09\/Donat_Soncna-elektrarne-v-Rogaski-Slatini_1-36x20.jpg 36w, https:\/\/novice.si\/page\/wp-content\/uploads\/2023\/09\/Donat_Soncna-elektrarne-v-Rogaski-Slatini_1-48x27.jpg 48w, https:\/\/novice.si\/page\/wp-content\/uploads\/2023\/09\/Donat_Soncna-elektrarne-v-Rogaski-Slatini_1.jpg 2000w\" sizes=\"auto, (max-width: 600px) 100vw, 600px\" \/><\/p>\n<p>Postavili so jo na strehi polnilnice mineralne vode v Roga\u0161ki Slatini. Gre za visoko nalo\u017ebo in najve\u010djo tovrstno elektrarno v skupini Atlantic Grupa.<br \/>\nPodpredsednik uprave Atlantic Grupe <strong>Enzo Smrekar<\/strong> je za Radio Rogla ob tem povedal:<\/p>\n<audio class=\"wp-audio-shortcode\" id=\"audio-167510-1\" preload=\"none\" style=\"width: 100%;\" controls=\"controls\"><source type=\"audio\/mpeg\" src=\"https:\/\/novice.si\/page\/wp-content\/uploads\/2023\/09\/smrekar-2009.mp3?_=1\" \/><a href=\"https:\/\/novice.si\/page\/wp-content\/uploads\/2023\/09\/smrekar-2009.mp3\">https:\/\/novice.si\/page\/wp-content\/uploads\/2023\/09\/smrekar-2009.mp3<\/a><\/audio>\n<p>Da so tovrstne nalo\u017ebe pomembne za oskrbo z energijo v Sloveniji, je poudaril minister za okolje, podnebje in energijo <strong>Bojan Kumer<\/strong>:<\/p>\n<audio class=\"wp-audio-shortcode\" id=\"audio-167510-2\" preload=\"none\" style=\"width: 100%;\" controls=\"controls\"><source type=\"audio\/mpeg\" src=\"https:\/\/novice.si\/page\/wp-content\/uploads\/2023\/09\/kumer-2009.mp3?_=2\" \/><a href=\"https:\/\/novice.si\/page\/wp-content\/uploads\/2023\/09\/kumer-2009.mp3\">https:\/\/novice.si\/page\/wp-content\/uploads\/2023\/09\/kumer-2009.mp3<\/a><\/audio>\n<p>\u017dupan ob\u010dine Roga\u0161ka Slatina <strong>Branko Kidri\u010d<\/strong> je izpostavil, da si v ob\u010dini prizadevajo za trajnostni razvoj. <em>&#8220;Nova son\u010dna elektrarna bo \u0161e dodatno pripomogla k razvoju Roga\u0161ke Slatine kot trajnostne destinacije, obenem pa se \u017ee veselimo skupnih projektov, ki nas \u010dakajo v prihodnosti,\u00ab<\/em> je dejal.<\/p>\n<p><strong>S pomo\u010djo sonca bi lahko napolnili vsako tretjo plastenko Donata<\/strong><\/p>\n<p>Nova son\u010dna elektrarna z nazivno in\u0161talirano mo\u010djo 974 kWp bo na letni ravni proizvedla 1,01 GWh, kar je primerljivo z oskrbo pribli\u017eno 350 gospodinjstev ali manj\u0161e vasi, so ob tem sporo\u010dili iz Atlantic Grupe. Na lokaciji bosta na voljo tudi dve polnilni postaji za elektri\u010dne avtomobile, ki se bodo polnili na son\u010dno energijo.<\/p>\n<p><strong>115 let to\u010denja zdravilne vode<\/strong><\/p>\n<p>U\u010dinki zdravilnih voda so na obmo\u010dju Roga\u0161ke Slatine znani \u017ee ve\u010d kot 450 let, vendar pa leto 1908 velja za prelomno, saj so takrat raziskovalci in znanstveniki na\u0161li vrelec z zelo visoko vsebnostjo mineralov in ga poimenovali Donat.<br \/>\nDanes je za varovanje tega naravnega vira odgovorna Atlantic Grupa. \u00bb<em>Za za\u0161\u010dito in obnavljanje vira vsako leto zajamemo le toliko Donata, kolikor je naravnega prirasta, ob tem pa izvajamo \u0161tevilne ukrepe, s katerimi zagotavljamo, da na povr\u0161ju ne prihaja do negativnih vplivov. Poleg tega z modernizacijo procesov skrbimo, da je izguba Donata v procesu zajema iz naravnega vira in med prenosom do polnilnice minimalen,\u00ab<\/em> je povedala <strong>Darja Ter\u017ean<\/strong>, izvr\u0161na direktorica poslovnega podro\u010dja Donat, in dodala:<br \/>\n<em>\u00bbDonat s svojimi blagodejnimi, klini\u010dno dokazanimi u\u010dinki \u017ee 115 let navdu\u0161uje doma in po svetu. Prepri\u010dani smo, da bomo z odgovorno rabo naravnega vira in strokovnim pristopom \u0161e dolga leta pomagali posameznikom spoznati in vzdr\u017eevati zdrav, odgovoren in vitalen \u017eivljenjski slog.\u00ab\u00a0<\/em><\/p>\n\r\n                <style type=\"text\/css\">\r\n                    \r\n                    #tdi_1  .td-doubleSlider-2 .td-item1 {\r\n                        background: url(https:\/\/novice.si\/page\/wp-content\/uploads\/2023\/09\/Donat_Soncna-elektrarne-v-Rogaski-Slatini_1-80x60.jpg) 0 0 no-repeat;\r\n                    }\r\n                    #tdi_1  .td-doubleSlider-2 .td-item2 {\r\n                        background: url(https:\/\/novice.si\/page\/wp-content\/uploads\/2023\/09\/Donat_Simbolna-otvoritev-elektrarne-80x60.jpg) 0 0 no-repeat;\r\n                    }\r\n                    #tdi_1  .td-doubleSlider-2 .td-item3 {\r\n                        background: url(https:\/\/novice.si\/page\/wp-content\/uploads\/2023\/09\/Donat_Ogled-polnilice-80x60.jpg) 0 0 no-repeat;\r\n                    }\r\n                <\/style>\r\n\r\n                <div id=\"tdi_1\" class=\"td-gallery td-slide-on-2-columns\">\r\n                    <div class=\"post_td_gallery\">\r\n                        <div class=\"td-gallery-slide-top\">\r\n                           <div class=\"td-gallery-title\"><\/div>\r\n\r\n                            <div class=\"td-gallery-controls-wrapper\">\r\n                                <div class=\"td-gallery-slide-count\"><span class=\"td-gallery-slide-item-focus\">1<\/span> od 3<\/div>\r\n                                <div class=\"td-gallery-slide-prev-next-but\">\r\n                                    <i class = \"td-icon-left doubleSliderPrevButton\"><\/i>\r\n                                    <i class = \"td-icon-right doubleSliderNextButton\"><\/i>\r\n                                <\/div>\r\n                            <\/div>\r\n                        <\/div>\r\n\r\n                        <div class = \"td-doubleSlider-1 \">\r\n                            <div class = \"td-slider\">\r\n                                \r\n                    <div class = \"td-slide-item td-item1\">\r\n                        <figure class=\"td-slide-galery-figure td-slide-popup-gallery\">\r\n                            <a class=\"slide-gallery-image-link\" href=\"https:\/\/novice.si\/page\/wp-content\/uploads\/2023\/09\/Donat_Soncna-elektrarne-v-Rogaski-Slatini_1.jpg\" title=\"Donat_Son\u010dna elektrarne v Roga\u0161ki Slatini_1\"  data-caption=\"\"  data-description=\"\" data-gallery>\r\n                                <img decoding=\"async\" src=\"https:\/\/novice.si\/page\/wp-content\/uploads\/2023\/09\/Donat_Soncna-elektrarne-v-Rogaski-Slatini_1-747x420.jpg\" srcset=\"https:\/\/novice.si\/page\/wp-content\/uploads\/2023\/09\/Donat_Soncna-elektrarne-v-Rogaski-Slatini_1-747x420.jpg 747w, https:\/\/novice.si\/page\/wp-content\/uploads\/2023\/09\/Donat_Soncna-elektrarne-v-Rogaski-Slatini_1-600x338.jpg 600w, https:\/\/novice.si\/page\/wp-content\/uploads\/2023\/09\/Donat_Soncna-elektrarne-v-Rogaski-Slatini_1-1024x576.jpg 1024w, https:\/\/novice.si\/page\/wp-content\/uploads\/2023\/09\/Donat_Soncna-elektrarne-v-Rogaski-Slatini_1-768x432.jpg 768w, https:\/\/novice.si\/page\/wp-content\/uploads\/2023\/09\/Donat_Soncna-elektrarne-v-Rogaski-Slatini_1-1536x864.jpg 1536w, https:\/\/novice.si\/page\/wp-content\/uploads\/2023\/09\/Donat_Soncna-elektrarne-v-Rogaski-Slatini_1-696x392.jpg 696w, https:\/\/novice.si\/page\/wp-content\/uploads\/2023\/09\/Donat_Soncna-elektrarne-v-Rogaski-Slatini_1-1068x601.jpg 1068w, https:\/\/novice.si\/page\/wp-content\/uploads\/2023\/09\/Donat_Soncna-elektrarne-v-Rogaski-Slatini_1-24x14.jpg 24w, https:\/\/novice.si\/page\/wp-content\/uploads\/2023\/09\/Donat_Soncna-elektrarne-v-Rogaski-Slatini_1-36x20.jpg 36w, https:\/\/novice.si\/page\/wp-content\/uploads\/2023\/09\/Donat_Soncna-elektrarne-v-Rogaski-Slatini_1-48x27.jpg 48w, https:\/\/novice.si\/page\/wp-content\/uploads\/2023\/09\/Donat_Soncna-elektrarne-v-Rogaski-Slatini_1.jpg 2000w\" sizes=\"(max-width: 747px) 100vw, 747px\" alt=\"\">\r\n                            <\/a>\r\n                            \r\n                        <\/figure>\r\n                    <\/div>\r\n                    <div class = \"td-slide-item td-item2\">\r\n                        <figure class=\"td-slide-galery-figure td-slide-popup-gallery\">\r\n                            <a class=\"slide-gallery-image-link\" href=\"https:\/\/novice.si\/page\/wp-content\/uploads\/2023\/09\/Donat_Simbolna-otvoritev-elektrarne-scaled.jpg\" title=\"Donat_Simbolna otvoritev elektrarne\"  data-caption=\"\"  data-description=\"\" data-gallery>\r\n                                <img decoding=\"async\" src=\"https:\/\/novice.si\/page\/wp-content\/uploads\/2023\/09\/Donat_Simbolna-otvoritev-elektrarne-630x420.jpg\" srcset=\"https:\/\/novice.si\/page\/wp-content\/uploads\/2023\/09\/Donat_Simbolna-otvoritev-elektrarne-630x420.jpg 630w, https:\/\/novice.si\/page\/wp-content\/uploads\/2023\/09\/Donat_Simbolna-otvoritev-elektrarne-600x400.jpg 600w, https:\/\/novice.si\/page\/wp-content\/uploads\/2023\/09\/Donat_Simbolna-otvoritev-elektrarne-1024x683.jpg 1024w, https:\/\/novice.si\/page\/wp-content\/uploads\/2023\/09\/Donat_Simbolna-otvoritev-elektrarne-768x512.jpg 768w, https:\/\/novice.si\/page\/wp-content\/uploads\/2023\/09\/Donat_Simbolna-otvoritev-elektrarne-1536x1024.jpg 1536w, https:\/\/novice.si\/page\/wp-content\/uploads\/2023\/09\/Donat_Simbolna-otvoritev-elektrarne-2048x1365.jpg 2048w, https:\/\/novice.si\/page\/wp-content\/uploads\/2023\/09\/Donat_Simbolna-otvoritev-elektrarne-696x464.jpg 696w, https:\/\/novice.si\/page\/wp-content\/uploads\/2023\/09\/Donat_Simbolna-otvoritev-elektrarne-1068x712.jpg 1068w, https:\/\/novice.si\/page\/wp-content\/uploads\/2023\/09\/Donat_Simbolna-otvoritev-elektrarne-24x16.jpg 24w, https:\/\/novice.si\/page\/wp-content\/uploads\/2023\/09\/Donat_Simbolna-otvoritev-elektrarne-36x24.jpg 36w, https:\/\/novice.si\/page\/wp-content\/uploads\/2023\/09\/Donat_Simbolna-otvoritev-elektrarne-48x32.jpg 48w\" sizes=\"(max-width: 630px) 100vw, 630px\" alt=\"\">\r\n                            <\/a>\r\n                            \r\n                        <\/figure>\r\n                    <\/div>\r\n                    <div class = \"td-slide-item td-item3\">\r\n                        <figure class=\"td-slide-galery-figure td-slide-popup-gallery\">\r\n                            <a class=\"slide-gallery-image-link\" href=\"https:\/\/novice.si\/page\/wp-content\/uploads\/2023\/09\/Donat_Ogled-polnilice-scaled.jpg\" title=\"Donat_Ogled polnilice\"  data-caption=\"\"  data-description=\"\" data-gallery>\r\n                                <img decoding=\"async\" src=\"https:\/\/novice.si\/page\/wp-content\/uploads\/2023\/09\/Donat_Ogled-polnilice-630x420.jpg\" srcset=\"https:\/\/novice.si\/page\/wp-content\/uploads\/2023\/09\/Donat_Ogled-polnilice-630x420.jpg 630w, https:\/\/novice.si\/page\/wp-content\/uploads\/2023\/09\/Donat_Ogled-polnilice-600x400.jpg 600w, https:\/\/novice.si\/page\/wp-content\/uploads\/2023\/09\/Donat_Ogled-polnilice-1024x683.jpg 1024w, https:\/\/novice.si\/page\/wp-content\/uploads\/2023\/09\/Donat_Ogled-polnilice-768x512.jpg 768w, https:\/\/novice.si\/page\/wp-content\/uploads\/2023\/09\/Donat_Ogled-polnilice-1536x1024.jpg 1536w, https:\/\/novice.si\/page\/wp-content\/uploads\/2023\/09\/Donat_Ogled-polnilice-2048x1365.jpg 2048w, https:\/\/novice.si\/page\/wp-content\/uploads\/2023\/09\/Donat_Ogled-polnilice-696x464.jpg 696w, https:\/\/novice.si\/page\/wp-content\/uploads\/2023\/09\/Donat_Ogled-polnilice-1068x712.jpg 1068w, https:\/\/novice.si\/page\/wp-content\/uploads\/2023\/09\/Donat_Ogled-polnilice-24x16.jpg 24w, https:\/\/novice.si\/page\/wp-content\/uploads\/2023\/09\/Donat_Ogled-polnilice-36x24.jpg 36w, https:\/\/novice.si\/page\/wp-content\/uploads\/2023\/09\/Donat_Ogled-polnilice-48x32.jpg 48w\" sizes=\"(max-width: 630px) 100vw, 630px\" alt=\"\">\r\n                            <\/a>\r\n                            \r\n                        <\/figure>\r\n                    <\/div>\r\n                            <\/div>\r\n                        <\/div>\r\n\r\n                        <div class = \"td-doubleSlider-2\">\r\n                            <div class = \"td-slider\">\r\n                                \r\n                    <div class = \"td-button td-item1\">\r\n                        <div class = \"td-border\"><\/div>\r\n                    <\/div>\r\n                    <div class = \"td-button td-item2\">\r\n                        <div class = \"td-border\"><\/div>\r\n                    <\/div>\r\n                    <div class = \"td-button td-item3\">\r\n                        <div class = \"td-border\"><\/div>\r\n                    <\/div>\r\n                            <\/div>\r\n                        <\/div>\r\n\r\n                    <\/div>\r\n\r\n                <\/div>\r\n                \n<p>&nbsp;<\/p>\n<p>&nbsp;<\/p>\n<p>&nbsp;<\/p>\n","protected":false},"excerpt":{"rendered":"<p>V Roga\u0161ki Slatini so v\u010deraj obele\u017eili 115 let blagovne znamke Donat Mg. Ob tem so predstavili novo son\u010dno elektrarno, s katero bodo zagotovili skoraj tretjino potreb po elektri\u010dni energiji.\u00a0 Postavili so jo na strehi polnilnice mineralne vode v Roga\u0161ki Slatini. Gre za visoko nalo\u017ebo in najve\u010djo tovrstno elektrarno v skupini Atlantic Grupa. Podpredsednik uprave Atlantic [&hellip;]<\/p>\n","protected":false},"author":12,"featured_media":167513,"comment_status":"closed","ping_status":"closed","sticky":false,"template":"","format":"standard","meta":{"footnotes":""},"categories":[14,868,38,3108,5406],"tags":[18736,11692,95,16059],"class_list":{"0":"post-167510","1":"post","2":"type-post","3":"status-publish","4":"format-standard","5":"has-post-thumbnail","7":"category-aktualno","8":"category-casopisi","9":"category-kozjansko","10":"category-radio-rogla","11":"category-rogaske-novice","12":"tag-atlantic-grupa","13":"tag-donat-mg","14":"tag-rogaska-slatina","15":"tag-soncna-elektrarna"},"yoast_head":"<!-- This site is optimized with the Yoast SEO plugin v27.4 - https:\/\/yoast.com\/product\/yoast-seo-wordpress\/ -->\n<title>ROGA\u0160KA SLATINA Ob obletnici blagovne znamke Donat Mg nova son\u010dna elektrarna - Novice.si<\/title>\n<meta name=\"robots\" content=\"index, follow, max-snippet:-1, max-image-preview:large, max-video-preview:-1\" \/>\n<link rel=\"canonical\" href=\"https:\/\/novice.si\/page\/rogasla-slatina-ob-obletnici-blagovne-znamke-donat-mg-nova-soncna-elektrarna\/\" \/>\n<meta property=\"og:locale\" content=\"sl_SI\" \/>\n<meta property=\"og:type\" content=\"article\" \/>\n<meta property=\"og:title\" content=\"ROGA\u0160KA SLATINA Ob obletnici blagovne znamke Donat Mg nova son\u010dna elektrarna - Novice.si\" \/>\n<meta property=\"og:description\" content=\"V Roga\u0161ki Slatini so v\u010deraj obele\u017eili 115 let blagovne znamke Donat Mg. Ob tem so predstavili novo son\u010dno elektrarno, s katero bodo zagotovili skoraj tretjino potreb po elektri\u010dni energiji.\u00a0 Postavili so jo na strehi polnilnice mineralne vode v Roga\u0161ki Slatini. Gre za visoko nalo\u017ebo in najve\u010djo tovrstno elektrarno v skupini Atlantic Grupa. Podpredsednik uprave Atlantic [&hellip;]\" \/>\n<meta property=\"og:url\" content=\"https:\/\/novice.si\/page\/rogasla-slatina-ob-obletnici-blagovne-znamke-donat-mg-nova-soncna-elektrarna\/\" \/>\n<meta property=\"og:site_name\" content=\"Novice.si\" \/>\n<meta property=\"article:published_time\" content=\"2023-09-20T10:06:02+00:00\" \/>\n<meta property=\"article:modified_time\" content=\"2023-09-20T10:08:37+00:00\" \/>\n<meta property=\"og:image\" content=\"https:\/\/novice.si\/page\/wp-content\/uploads\/2023\/09\/Donat_Soncna-elektrarne-v-Rogaski-Slatini_1.jpg\" \/>\n\t<meta property=\"og:image:width\" content=\"2000\" \/>\n\t<meta property=\"og:image:height\" content=\"1125\" \/>\n\t<meta property=\"og:image:type\" content=\"image\/jpeg\" \/>\n<meta name=\"author\" content=\"Uredni\u0161tvo Celjana\" \/>\n<meta name=\"twitter:card\" content=\"summary_large_image\" \/>\n<meta name=\"twitter:label1\" content=\"Written by\" \/>\n\t<meta name=\"twitter:data1\" content=\"Uredni\u0161tvo Celjana\" \/>\n\t<meta name=\"twitter:label2\" content=\"Est. reading time\" \/>\n\t<meta name=\"twitter:data2\" content=\"3 minute\" \/>\n<script type=\"application\/ld+json\" class=\"yoast-schema-graph\">{\"@context\":\"https:\\\/\\\/schema.org\",\"@graph\":[{\"@type\":\"Article\",\"@id\":\"https:\\\/\\\/novice.si\\\/page\\\/rogasla-slatina-ob-obletnici-blagovne-znamke-donat-mg-nova-soncna-elektrarna\\\/#article\",\"isPartOf\":{\"@id\":\"https:\\\/\\\/novice.si\\\/page\\\/rogasla-slatina-ob-obletnici-blagovne-znamke-donat-mg-nova-soncna-elektrarna\\\/\"},\"author\":{\"name\":\"Uredni\u0161tvo Celjana\",\"@id\":\"https:\\\/\\\/novice.si\\\/page\\\/#\\\/schema\\\/person\\\/51903923b50fefb075bc1cd24fe4d065\"},\"headline\":\"ROGA\u0160KA SLATINA Ob obletnici blagovne znamke Donat Mg nova son\u010dna elektrarna\",\"datePublished\":\"2023-09-20T10:06:02+00:00\",\"dateModified\":\"2023-09-20T10:08:37+00:00\",\"mainEntityOfPage\":{\"@id\":\"https:\\\/\\\/novice.si\\\/page\\\/rogasla-slatina-ob-obletnici-blagovne-znamke-donat-mg-nova-soncna-elektrarna\\\/\"},\"wordCount\":429,\"publisher\":{\"@id\":\"https:\\\/\\\/novice.si\\\/page\\\/#organization\"},\"image\":{\"@id\":\"https:\\\/\\\/novice.si\\\/page\\\/rogasla-slatina-ob-obletnici-blagovne-znamke-donat-mg-nova-soncna-elektrarna\\\/#primaryimage\"},\"thumbnailUrl\":\"https:\\\/\\\/novice.si\\\/page\\\/wp-content\\\/uploads\\\/2023\\\/09\\\/Donat_Soncna-elektrarne-v-Rogaski-Slatini_1.jpg\",\"keywords\":[\"atlantic grupa\",\"Donat Mg\",\"Roga\u0161ka Slatina\",\"son\u010dna elektrarna\"],\"articleSection\":[\"Aktualno\",\"\u010casopisi\",\"Kozjansko\",\"Radio Rogla\",\"Roga\u0161ke novice\"],\"inLanguage\":\"sl-SI\"},{\"@type\":\"WebPage\",\"@id\":\"https:\\\/\\\/novice.si\\\/page\\\/rogasla-slatina-ob-obletnici-blagovne-znamke-donat-mg-nova-soncna-elektrarna\\\/\",\"url\":\"https:\\\/\\\/novice.si\\\/page\\\/rogasla-slatina-ob-obletnici-blagovne-znamke-donat-mg-nova-soncna-elektrarna\\\/\",\"name\":\"ROGA\u0160KA SLATINA Ob obletnici blagovne znamke Donat Mg nova son\u010dna elektrarna - Novice.si\",\"isPartOf\":{\"@id\":\"https:\\\/\\\/novice.si\\\/page\\\/#website\"},\"primaryImageOfPage\":{\"@id\":\"https:\\\/\\\/novice.si\\\/page\\\/rogasla-slatina-ob-obletnici-blagovne-znamke-donat-mg-nova-soncna-elektrarna\\\/#primaryimage\"},\"image\":{\"@id\":\"https:\\\/\\\/novice.si\\\/page\\\/rogasla-slatina-ob-obletnici-blagovne-znamke-donat-mg-nova-soncna-elektrarna\\\/#primaryimage\"},\"thumbnailUrl\":\"https:\\\/\\\/novice.si\\\/page\\\/wp-content\\\/uploads\\\/2023\\\/09\\\/Donat_Soncna-elektrarne-v-Rogaski-Slatini_1.jpg\",\"datePublished\":\"2023-09-20T10:06:02+00:00\",\"dateModified\":\"2023-09-20T10:08:37+00:00\",\"breadcrumb\":{\"@id\":\"https:\\\/\\\/novice.si\\\/page\\\/rogasla-slatina-ob-obletnici-blagovne-znamke-donat-mg-nova-soncna-elektrarna\\\/#breadcrumb\"},\"inLanguage\":\"sl-SI\",\"potentialAction\":[{\"@type\":\"ReadAction\",\"target\":[\"https:\\\/\\\/novice.si\\\/page\\\/rogasla-slatina-ob-obletnici-blagovne-znamke-donat-mg-nova-soncna-elektrarna\\\/\"]}]},{\"@type\":\"ImageObject\",\"inLanguage\":\"sl-SI\",\"@id\":\"https:\\\/\\\/novice.si\\\/page\\\/rogasla-slatina-ob-obletnici-blagovne-znamke-donat-mg-nova-soncna-elektrarna\\\/#primaryimage\",\"url\":\"https:\\\/\\\/novice.si\\\/page\\\/wp-content\\\/uploads\\\/2023\\\/09\\\/Donat_Soncna-elektrarne-v-Rogaski-Slatini_1.jpg\",\"contentUrl\":\"https:\\\/\\\/novice.si\\\/page\\\/wp-content\\\/uploads\\\/2023\\\/09\\\/Donat_Soncna-elektrarne-v-Rogaski-Slatini_1.jpg\",\"width\":2000,\"height\":1125},{\"@type\":\"BreadcrumbList\",\"@id\":\"https:\\\/\\\/novice.si\\\/page\\\/rogasla-slatina-ob-obletnici-blagovne-znamke-donat-mg-nova-soncna-elektrarna\\\/#breadcrumb\",\"itemListElement\":[{\"@type\":\"ListItem\",\"position\":1,\"name\":\"Home\",\"item\":\"https:\\\/\\\/novice.si\\\/page\\\/\"},{\"@type\":\"ListItem\",\"position\":2,\"name\":\"ROGA\u0160KA SLATINA Ob obletnici blagovne znamke Donat Mg nova son\u010dna elektrarna\"}]},{\"@type\":\"WebSite\",\"@id\":\"https:\\\/\\\/novice.si\\\/page\\\/#website\",\"url\":\"https:\\\/\\\/novice.si\\\/page\\\/\",\"name\":\"Novice.si\",\"description\":\"\",\"publisher\":{\"@id\":\"https:\\\/\\\/novice.si\\\/page\\\/#organization\"},\"potentialAction\":[{\"@type\":\"SearchAction\",\"target\":{\"@type\":\"EntryPoint\",\"urlTemplate\":\"https:\\\/\\\/novice.si\\\/page\\\/?s={search_term_string}\"},\"query-input\":{\"@type\":\"PropertyValueSpecification\",\"valueRequired\":true,\"valueName\":\"search_term_string\"}}],\"inLanguage\":\"sl-SI\"},{\"@type\":\"Organization\",\"@id\":\"https:\\\/\\\/novice.si\\\/page\\\/#organization\",\"name\":\"Novice.si\",\"url\":\"https:\\\/\\\/novice.si\\\/page\\\/\",\"logo\":{\"@type\":\"ImageObject\",\"inLanguage\":\"sl-SI\",\"@id\":\"https:\\\/\\\/novice.si\\\/page\\\/#\\\/schema\\\/logo\\\/image\\\/\",\"url\":\"https:\\\/\\\/novice.si\\\/page\\\/wp-content\\\/uploads\\\/2023\\\/03\\\/novice_si.png\",\"contentUrl\":\"https:\\\/\\\/novice.si\\\/page\\\/wp-content\\\/uploads\\\/2023\\\/03\\\/novice_si.png\",\"width\":576,\"height\":200,\"caption\":\"Novice.si\"},\"image\":{\"@id\":\"https:\\\/\\\/novice.si\\\/page\\\/#\\\/schema\\\/logo\\\/image\\\/\"}},{\"@type\":\"Person\",\"@id\":\"https:\\\/\\\/novice.si\\\/page\\\/#\\\/schema\\\/person\\\/51903923b50fefb075bc1cd24fe4d065\",\"name\":\"Uredni\u0161tvo Celjana\",\"image\":{\"@type\":\"ImageObject\",\"inLanguage\":\"sl-SI\",\"@id\":\"https:\\\/\\\/secure.gravatar.com\\\/avatar\\\/b516f102aa90b53619e09722b8ea56721c99bfcb4f1035f9b333d99f52330226?s=96&d=mm&r=g\",\"url\":\"https:\\\/\\\/secure.gravatar.com\\\/avatar\\\/b516f102aa90b53619e09722b8ea56721c99bfcb4f1035f9b333d99f52330226?s=96&d=mm&r=g\",\"contentUrl\":\"https:\\\/\\\/secure.gravatar.com\\\/avatar\\\/b516f102aa90b53619e09722b8ea56721c99bfcb4f1035f9b333d99f52330226?s=96&d=mm&r=g\",\"caption\":\"Uredni\u0161tvo Celjana\"},\"url\":\"https:\\\/\\\/novice.si\\\/page\\\/author\\\/nejc\\\/\"}]}<\/script>\n<!-- \/ Yoast SEO plugin. -->","yoast_head_json":{"title":"ROGA\u0160KA SLATINA Ob obletnici blagovne znamke Donat Mg nova son\u010dna elektrarna - Novice.si","robots":{"index":"index","follow":"follow","max-snippet":"max-snippet:-1","max-image-preview":"max-image-preview:large","max-video-preview":"max-video-preview:-1"},"canonical":"https:\/\/novice.si\/page\/rogasla-slatina-ob-obletnici-blagovne-znamke-donat-mg-nova-soncna-elektrarna\/","og_locale":"sl_SI","og_type":"article","og_title":"ROGA\u0160KA SLATINA Ob obletnici blagovne znamke Donat Mg nova son\u010dna elektrarna - Novice.si","og_description":"V Roga\u0161ki Slatini so v\u010deraj obele\u017eili 115 let blagovne znamke Donat Mg. Ob tem so predstavili novo son\u010dno elektrarno, s katero bodo zagotovili skoraj tretjino potreb po elektri\u010dni energiji.\u00a0 Postavili so jo na strehi polnilnice mineralne vode v Roga\u0161ki Slatini. Gre za visoko nalo\u017ebo in najve\u010djo tovrstno elektrarno v skupini Atlantic Grupa. Podpredsednik uprave Atlantic [&hellip;]","og_url":"https:\/\/novice.si\/page\/rogasla-slatina-ob-obletnici-blagovne-znamke-donat-mg-nova-soncna-elektrarna\/","og_site_name":"Novice.si","article_published_time":"2023-09-20T10:06:02+00:00","article_modified_time":"2023-09-20T10:08:37+00:00","og_image":[{"width":2000,"height":1125,"url":"https:\/\/novice.si\/page\/wp-content\/uploads\/2023\/09\/Donat_Soncna-elektrarne-v-Rogaski-Slatini_1.jpg","type":"image\/jpeg"}],"author":"Uredni\u0161tvo Celjana","twitter_card":"summary_large_image","twitter_misc":{"Written by":"Uredni\u0161tvo Celjana","Est. reading time":"3 minute"},"schema":{"@context":"https:\/\/schema.org","@graph":[{"@type":"Article","@id":"https:\/\/novice.si\/page\/rogasla-slatina-ob-obletnici-blagovne-znamke-donat-mg-nova-soncna-elektrarna\/#article","isPartOf":{"@id":"https:\/\/novice.si\/page\/rogasla-slatina-ob-obletnici-blagovne-znamke-donat-mg-nova-soncna-elektrarna\/"},"author":{"name":"Uredni\u0161tvo Celjana","@id":"https:\/\/novice.si\/page\/#\/schema\/person\/51903923b50fefb075bc1cd24fe4d065"},"headline":"ROGA\u0160KA SLATINA Ob obletnici blagovne znamke Donat Mg nova son\u010dna elektrarna","datePublished":"2023-09-20T10:06:02+00:00","dateModified":"2023-09-20T10:08:37+00:00","mainEntityOfPage":{"@id":"https:\/\/novice.si\/page\/rogasla-slatina-ob-obletnici-blagovne-znamke-donat-mg-nova-soncna-elektrarna\/"},"wordCount":429,"publisher":{"@id":"https:\/\/novice.si\/page\/#organization"},"image":{"@id":"https:\/\/novice.si\/page\/rogasla-slatina-ob-obletnici-blagovne-znamke-donat-mg-nova-soncna-elektrarna\/#primaryimage"},"thumbnailUrl":"https:\/\/novice.si\/page\/wp-content\/uploads\/2023\/09\/Donat_Soncna-elektrarne-v-Rogaski-Slatini_1.jpg","keywords":["atlantic grupa","Donat Mg","Roga\u0161ka Slatina","son\u010dna elektrarna"],"articleSection":["Aktualno","\u010casopisi","Kozjansko","Radio Rogla","Roga\u0161ke novice"],"inLanguage":"sl-SI"},{"@type":"WebPage","@id":"https:\/\/novice.si\/page\/rogasla-slatina-ob-obletnici-blagovne-znamke-donat-mg-nova-soncna-elektrarna\/","url":"https:\/\/novice.si\/page\/rogasla-slatina-ob-obletnici-blagovne-znamke-donat-mg-nova-soncna-elektrarna\/","name":"ROGA\u0160KA SLATINA Ob obletnici blagovne znamke Donat Mg nova son\u010dna elektrarna - Novice.si","isPartOf":{"@id":"https:\/\/novice.si\/page\/#website"},"primaryImageOfPage":{"@id":"https:\/\/novice.si\/page\/rogasla-slatina-ob-obletnici-blagovne-znamke-donat-mg-nova-soncna-elektrarna\/#primaryimage"},"image":{"@id":"https:\/\/novice.si\/page\/rogasla-slatina-ob-obletnici-blagovne-znamke-donat-mg-nova-soncna-elektrarna\/#primaryimage"},"thumbnailUrl":"https:\/\/novice.si\/page\/wp-content\/uploads\/2023\/09\/Donat_Soncna-elektrarne-v-Rogaski-Slatini_1.jpg","datePublished":"2023-09-20T10:06:02+00:00","dateModified":"2023-09-20T10:08:37+00:00","breadcrumb":{"@id":"https:\/\/novice.si\/page\/rogasla-slatina-ob-obletnici-blagovne-znamke-donat-mg-nova-soncna-elektrarna\/#breadcrumb"},"inLanguage":"sl-SI","potentialAction":[{"@type":"ReadAction","target":["https:\/\/novice.si\/page\/rogasla-slatina-ob-obletnici-blagovne-znamke-donat-mg-nova-soncna-elektrarna\/"]}]},{"@type":"ImageObject","inLanguage":"sl-SI","@id":"https:\/\/novice.si\/page\/rogasla-slatina-ob-obletnici-blagovne-znamke-donat-mg-nova-soncna-elektrarna\/#primaryimage","url":"https:\/\/novice.si\/page\/wp-content\/uploads\/2023\/09\/Donat_Soncna-elektrarne-v-Rogaski-Slatini_1.jpg","contentUrl":"https:\/\/novice.si\/page\/wp-content\/uploads\/2023\/09\/Donat_Soncna-elektrarne-v-Rogaski-Slatini_1.jpg","width":2000,"height":1125},{"@type":"BreadcrumbList","@id":"https:\/\/novice.si\/page\/rogasla-slatina-ob-obletnici-blagovne-znamke-donat-mg-nova-soncna-elektrarna\/#breadcrumb","itemListElement":[{"@type":"ListItem","position":1,"name":"Home","item":"https:\/\/novice.si\/page\/"},{"@type":"ListItem","position":2,"name":"ROGA\u0160KA SLATINA Ob obletnici blagovne znamke Donat Mg nova son\u010dna elektrarna"}]},{"@type":"WebSite","@id":"https:\/\/novice.si\/page\/#website","url":"https:\/\/novice.si\/page\/","name":"Novice.si","description":"","publisher":{"@id":"https:\/\/novice.si\/page\/#organization"},"potentialAction":[{"@type":"SearchAction","target":{"@type":"EntryPoint","urlTemplate":"https:\/\/novice.si\/page\/?s={search_term_string}"},"query-input":{"@type":"PropertyValueSpecification","valueRequired":true,"valueName":"search_term_string"}}],"inLanguage":"sl-SI"},{"@type":"Organization","@id":"https:\/\/novice.si\/page\/#organization","name":"Novice.si","url":"https:\/\/novice.si\/page\/","logo":{"@type":"ImageObject","inLanguage":"sl-SI","@id":"https:\/\/novice.si\/page\/#\/schema\/logo\/image\/","url":"https:\/\/novice.si\/page\/wp-content\/uploads\/2023\/03\/novice_si.png","contentUrl":"https:\/\/novice.si\/page\/wp-content\/uploads\/2023\/03\/novice_si.png","width":576,"height":200,"caption":"Novice.si"},"image":{"@id":"https:\/\/novice.si\/page\/#\/schema\/logo\/image\/"}},{"@type":"Person","@id":"https:\/\/novice.si\/page\/#\/schema\/person\/51903923b50fefb075bc1cd24fe4d065","name":"Uredni\u0161tvo Celjana","image":{"@type":"ImageObject","inLanguage":"sl-SI","@id":"https:\/\/secure.gravatar.com\/avatar\/b516f102aa90b53619e09722b8ea56721c99bfcb4f1035f9b333d99f52330226?s=96&d=mm&r=g","url":"https:\/\/secure.gravatar.com\/avatar\/b516f102aa90b53619e09722b8ea56721c99bfcb4f1035f9b333d99f52330226?s=96&d=mm&r=g","contentUrl":"https:\/\/secure.gravatar.com\/avatar\/b516f102aa90b53619e09722b8ea56721c99bfcb4f1035f9b333d99f52330226?s=96&d=mm&r=g","caption":"Uredni\u0161tvo Celjana"},"url":"https:\/\/novice.si\/page\/author\/nejc\/"}]}},"_links":{"self":[{"href":"https:\/\/novice.si\/page\/wp-json\/wp\/v2\/posts\/167510","targetHints":{"allow":["GET"]}}],"collection":[{"href":"https:\/\/novice.si\/page\/wp-json\/wp\/v2\/posts"}],"about":[{"href":"https:\/\/novice.si\/page\/wp-json\/wp\/v2\/types\/post"}],"author":[{"embeddable":true,"href":"https:\/\/novice.si\/page\/wp-json\/wp\/v2\/users\/12"}],"replies":[{"embeddable":true,"href":"https:\/\/novice.si\/page\/wp-json\/wp\/v2\/comments?post=167510"}],"version-history":[{"count":4,"href":"https:\/\/novice.si\/page\/wp-json\/wp\/v2\/posts\/167510\/revisions"}],"predecessor-version":[{"id":167519,"href":"https:\/\/novice.si\/page\/wp-json\/wp\/v2\/posts\/167510\/revisions\/167519"}],"wp:featuredmedia":[{"embeddable":true,"href":"https:\/\/novice.si\/page\/wp-json\/wp\/v2\/media\/167513"}],"wp:attachment":[{"href":"https:\/\/novice.si\/page\/wp-json\/wp\/v2\/media?parent=167510"}],"wp:term":[{"taxonomy":"category","embeddable":true,"href":"https:\/\/novice.si\/page\/wp-json\/wp\/v2\/categories?post=167510"},{"taxonomy":"post_tag","embeddable":true,"href":"https:\/\/novice.si\/page\/wp-json\/wp\/v2\/tags?post=167510"}],"curies":[{"name":"wp","href":"https:\/\/api.w.org\/{rel}","templated":true}]}}