{"id":167492,"date":"2023-09-20T09:29:44","date_gmt":"2023-09-20T07:29:44","guid":{"rendered":"https:\/\/novice.si\/page\/?p=167492"},"modified":"2023-09-20T09:29:44","modified_gmt":"2023-09-20T07:29:44","slug":"sentjur-potrdili-oppn-za-intervencijski-center","status":"publish","type":"post","link":"https:\/\/novice.si\/page\/sentjur-potrdili-oppn-za-intervencijski-center\/","title":{"rendered":"\u0160ENTJUR Potrdili OPPN za intervencijski center"},"content":{"rendered":"<p><img loading=\"lazy\" decoding=\"async\" class=\"size-medium wp-image-148125 alignleft\" src=\"https:\/\/novice.si\/page\/wp-content\/uploads\/2022\/03\/intervencijski-center-sentjur-8-300x200.jpg\" alt=\"\" width=\"300\" height=\"200\" srcset=\"https:\/\/novice.si\/page\/wp-content\/uploads\/2022\/03\/intervencijski-center-sentjur-8-300x200.jpg 300w, https:\/\/novice.si\/page\/wp-content\/uploads\/2022\/03\/intervencijski-center-sentjur-8-768x512.jpg 768w, https:\/\/novice.si\/page\/wp-content\/uploads\/2022\/03\/intervencijski-center-sentjur-8-696x464.jpg 696w, https:\/\/novice.si\/page\/wp-content\/uploads\/2022\/03\/intervencijski-center-sentjur-8-630x420.jpg 630w, https:\/\/novice.si\/page\/wp-content\/uploads\/2022\/03\/intervencijski-center-sentjur-8-24x16.jpg 24w, https:\/\/novice.si\/page\/wp-content\/uploads\/2022\/03\/intervencijski-center-sentjur-8-36x24.jpg 36w, https:\/\/novice.si\/page\/wp-content\/uploads\/2022\/03\/intervencijski-center-sentjur-8-48x32.jpg 48w, https:\/\/novice.si\/page\/wp-content\/uploads\/2022\/03\/intervencijski-center-sentjur-8.jpg 800w\" sizes=\"auto, (max-width: 300px) 100vw, 300px\" \/>\u0160entjurski ob\u010dinski svet je v\u010deraj v prvem branju sprejel ob\u010dinski podrobni prostorski na\u010drt za obmo\u010dje bodo\u010de lokacije interventnega centra.<\/p>\n<p>Gre za nekaj manj kot hektar zemlji\u0161\u010da na vzhodnem delu mesta ob glavni prometnici proti Mestinju, kjer bodo pod isto streho zdru\u017eeni policija, gasilci, civilna za\u0161\u010dita in Rde\u010di kri\u017e.<\/p>\n<p>Intervencijski center naj bi postavili do konca desetletja, v finan\u010dni konstrukt in izvedbo je v prete\u017eni meri vklju\u010dena tudi dr\u017eava.<\/p>\n","protected":false},"excerpt":{"rendered":"<p>\u0160entjurski ob\u010dinski svet je v\u010deraj v prvem branju sprejel ob\u010dinski podrobni prostorski na\u010drt za obmo\u010dje bodo\u010de lokacije interventnega centra. Gre za nekaj manj kot hektar zemlji\u0161\u010da na vzhodnem delu mesta ob glavni prometnici proti Mestinju, kjer bodo pod isto streho zdru\u017eeni policija, gasilci, civilna za\u0161\u010dita in Rde\u010di kri\u017e. Intervencijski center naj bi postavili do konca [&hellip;]<\/p>\n","protected":false},"author":33,"featured_media":148126,"comment_status":"closed","ping_status":"closed","sticky":false,"template":"","format":"standard","meta":{"footnotes":""},"categories":[29,57],"tags":[18733,261,9955,18734],"class_list":{"0":"post-167492","1":"post","2":"type-post","3":"status-publish","4":"format-standard","5":"has-post-thumbnail","7":"category-kronika","8":"category-sentjursko","9":"tag-intervencijski-center-sentjur","10":"tag-obcinski-svet","11":"tag-oppn","12":"tag-prvo-branje"},"yoast_head":"<!-- This site is optimized with the Yoast SEO plugin v27.4 - https:\/\/yoast.com\/product\/yoast-seo-wordpress\/ -->\n<title>\u0160ENTJUR Potrdili OPPN za intervencijski center - Novice.si<\/title>\n<meta name=\"robots\" content=\"index, follow, max-snippet:-1, max-image-preview:large, max-video-preview:-1\" \/>\n<link rel=\"canonical\" href=\"https:\/\/novice.si\/page\/sentjur-potrdili-oppn-za-intervencijski-center\/\" \/>\n<meta property=\"og:locale\" content=\"sl_SI\" \/>\n<meta property=\"og:type\" content=\"article\" \/>\n<meta property=\"og:title\" content=\"\u0160ENTJUR Potrdili OPPN za intervencijski center - Novice.si\" \/>\n<meta property=\"og:description\" content=\"\u0160entjurski ob\u010dinski svet je v\u010deraj v prvem branju sprejel ob\u010dinski podrobni prostorski na\u010drt za obmo\u010dje bodo\u010de lokacije interventnega centra. Gre za nekaj manj kot hektar zemlji\u0161\u010da na vzhodnem delu mesta ob glavni prometnici proti Mestinju, kjer bodo pod isto streho zdru\u017eeni policija, gasilci, civilna za\u0161\u010dita in Rde\u010di kri\u017e. Intervencijski center naj bi postavili do konca [&hellip;]\" \/>\n<meta property=\"og:url\" content=\"https:\/\/novice.si\/page\/sentjur-potrdili-oppn-za-intervencijski-center\/\" \/>\n<meta property=\"og:site_name\" content=\"Novice.si\" \/>\n<meta property=\"article:published_time\" content=\"2023-09-20T07:29:44+00:00\" \/>\n<meta property=\"og:image\" content=\"https:\/\/novice.si\/page\/wp-content\/uploads\/2022\/03\/intervencijski-center-sentjur-10.jpg\" \/>\n\t<meta property=\"og:image:width\" content=\"800\" \/>\n\t<meta property=\"og:image:height\" content=\"533\" \/>\n\t<meta property=\"og:image:type\" content=\"image\/jpeg\" \/>\n<meta name=\"author\" content=\"Uredni\u0161tvo Celjana\" \/>\n<meta name=\"twitter:card\" content=\"summary_large_image\" \/>\n<meta name=\"twitter:label1\" content=\"Written by\" \/>\n\t<meta name=\"twitter:data1\" content=\"Uredni\u0161tvo Celjana\" \/>\n\t<meta name=\"twitter:label2\" content=\"Est. reading time\" \/>\n\t<meta name=\"twitter:data2\" content=\"1 minuta\" \/>\n<script type=\"application\/ld+json\" class=\"yoast-schema-graph\">{\"@context\":\"https:\\\/\\\/schema.org\",\"@graph\":[{\"@type\":\"Article\",\"@id\":\"https:\\\/\\\/novice.si\\\/page\\\/sentjur-potrdili-oppn-za-intervencijski-center\\\/#article\",\"isPartOf\":{\"@id\":\"https:\\\/\\\/novice.si\\\/page\\\/sentjur-potrdili-oppn-za-intervencijski-center\\\/\"},\"author\":{\"name\":\"Uredni\u0161tvo Celjana\",\"@id\":\"https:\\\/\\\/novice.si\\\/page\\\/#\\\/schema\\\/person\\\/57f25c9642a9541c7349c65d32032c3e\"},\"headline\":\"\u0160ENTJUR Potrdili OPPN za intervencijski center\",\"datePublished\":\"2023-09-20T07:29:44+00:00\",\"mainEntityOfPage\":{\"@id\":\"https:\\\/\\\/novice.si\\\/page\\\/sentjur-potrdili-oppn-za-intervencijski-center\\\/\"},\"wordCount\":88,\"publisher\":{\"@id\":\"https:\\\/\\\/novice.si\\\/page\\\/#organization\"},\"image\":{\"@id\":\"https:\\\/\\\/novice.si\\\/page\\\/sentjur-potrdili-oppn-za-intervencijski-center\\\/#primaryimage\"},\"thumbnailUrl\":\"https:\\\/\\\/novice.si\\\/page\\\/wp-content\\\/uploads\\\/2022\\\/03\\\/intervencijski-center-sentjur-10.jpg\",\"keywords\":[\"intervencijski center \u0161entjur\",\"ob\u010dinski svet\",\"OPPN\",\"prvo branje\"],\"articleSection\":[\"Kronika\",\"\u0160entjursko\"],\"inLanguage\":\"sl-SI\"},{\"@type\":\"WebPage\",\"@id\":\"https:\\\/\\\/novice.si\\\/page\\\/sentjur-potrdili-oppn-za-intervencijski-center\\\/\",\"url\":\"https:\\\/\\\/novice.si\\\/page\\\/sentjur-potrdili-oppn-za-intervencijski-center\\\/\",\"name\":\"\u0160ENTJUR Potrdili OPPN za intervencijski center - Novice.si\",\"isPartOf\":{\"@id\":\"https:\\\/\\\/novice.si\\\/page\\\/#website\"},\"primaryImageOfPage\":{\"@id\":\"https:\\\/\\\/novice.si\\\/page\\\/sentjur-potrdili-oppn-za-intervencijski-center\\\/#primaryimage\"},\"image\":{\"@id\":\"https:\\\/\\\/novice.si\\\/page\\\/sentjur-potrdili-oppn-za-intervencijski-center\\\/#primaryimage\"},\"thumbnailUrl\":\"https:\\\/\\\/novice.si\\\/page\\\/wp-content\\\/uploads\\\/2022\\\/03\\\/intervencijski-center-sentjur-10.jpg\",\"datePublished\":\"2023-09-20T07:29:44+00:00\",\"breadcrumb\":{\"@id\":\"https:\\\/\\\/novice.si\\\/page\\\/sentjur-potrdili-oppn-za-intervencijski-center\\\/#breadcrumb\"},\"inLanguage\":\"sl-SI\",\"potentialAction\":[{\"@type\":\"ReadAction\",\"target\":[\"https:\\\/\\\/novice.si\\\/page\\\/sentjur-potrdili-oppn-za-intervencijski-center\\\/\"]}]},{\"@type\":\"ImageObject\",\"inLanguage\":\"sl-SI\",\"@id\":\"https:\\\/\\\/novice.si\\\/page\\\/sentjur-potrdili-oppn-za-intervencijski-center\\\/#primaryimage\",\"url\":\"https:\\\/\\\/novice.si\\\/page\\\/wp-content\\\/uploads\\\/2022\\\/03\\\/intervencijski-center-sentjur-10.jpg\",\"contentUrl\":\"https:\\\/\\\/novice.si\\\/page\\\/wp-content\\\/uploads\\\/2022\\\/03\\\/intervencijski-center-sentjur-10.jpg\",\"width\":800,\"height\":533},{\"@type\":\"BreadcrumbList\",\"@id\":\"https:\\\/\\\/novice.si\\\/page\\\/sentjur-potrdili-oppn-za-intervencijski-center\\\/#breadcrumb\",\"itemListElement\":[{\"@type\":\"ListItem\",\"position\":1,\"name\":\"Home\",\"item\":\"https:\\\/\\\/novice.si\\\/page\\\/\"},{\"@type\":\"ListItem\",\"position\":2,\"name\":\"\u0160ENTJUR Potrdili OPPN za intervencijski center\"}]},{\"@type\":\"WebSite\",\"@id\":\"https:\\\/\\\/novice.si\\\/page\\\/#website\",\"url\":\"https:\\\/\\\/novice.si\\\/page\\\/\",\"name\":\"Novice.si\",\"description\":\"\",\"publisher\":{\"@id\":\"https:\\\/\\\/novice.si\\\/page\\\/#organization\"},\"potentialAction\":[{\"@type\":\"SearchAction\",\"target\":{\"@type\":\"EntryPoint\",\"urlTemplate\":\"https:\\\/\\\/novice.si\\\/page\\\/?s={search_term_string}\"},\"query-input\":{\"@type\":\"PropertyValueSpecification\",\"valueRequired\":true,\"valueName\":\"search_term_string\"}}],\"inLanguage\":\"sl-SI\"},{\"@type\":\"Organization\",\"@id\":\"https:\\\/\\\/novice.si\\\/page\\\/#organization\",\"name\":\"Novice.si\",\"url\":\"https:\\\/\\\/novice.si\\\/page\\\/\",\"logo\":{\"@type\":\"ImageObject\",\"inLanguage\":\"sl-SI\",\"@id\":\"https:\\\/\\\/novice.si\\\/page\\\/#\\\/schema\\\/logo\\\/image\\\/\",\"url\":\"https:\\\/\\\/novice.si\\\/page\\\/wp-content\\\/uploads\\\/2023\\\/03\\\/novice_si.png\",\"contentUrl\":\"https:\\\/\\\/novice.si\\\/page\\\/wp-content\\\/uploads\\\/2023\\\/03\\\/novice_si.png\",\"width\":576,\"height\":200,\"caption\":\"Novice.si\"},\"image\":{\"@id\":\"https:\\\/\\\/novice.si\\\/page\\\/#\\\/schema\\\/logo\\\/image\\\/\"}},{\"@type\":\"Person\",\"@id\":\"https:\\\/\\\/novice.si\\\/page\\\/#\\\/schema\\\/person\\\/57f25c9642a9541c7349c65d32032c3e\",\"name\":\"Uredni\u0161tvo Celjana\",\"image\":{\"@type\":\"ImageObject\",\"inLanguage\":\"sl-SI\",\"@id\":\"https:\\\/\\\/secure.gravatar.com\\\/avatar\\\/78e52bc4279b65f6df6345e0ef0f7b792d361361f230cf4ffecfe0afe6d5629c?s=96&d=mm&r=g\",\"url\":\"https:\\\/\\\/secure.gravatar.com\\\/avatar\\\/78e52bc4279b65f6df6345e0ef0f7b792d361361f230cf4ffecfe0afe6d5629c?s=96&d=mm&r=g\",\"contentUrl\":\"https:\\\/\\\/secure.gravatar.com\\\/avatar\\\/78e52bc4279b65f6df6345e0ef0f7b792d361361f230cf4ffecfe0afe6d5629c?s=96&d=mm&r=g\",\"caption\":\"Uredni\u0161tvo Celjana\"},\"url\":\"https:\\\/\\\/novice.si\\\/page\\\/author\\\/primoz\\\/\"}]}<\/script>\n<!-- \/ Yoast SEO plugin. -->","yoast_head_json":{"title":"\u0160ENTJUR Potrdili OPPN za intervencijski center - Novice.si","robots":{"index":"index","follow":"follow","max-snippet":"max-snippet:-1","max-image-preview":"max-image-preview:large","max-video-preview":"max-video-preview:-1"},"canonical":"https:\/\/novice.si\/page\/sentjur-potrdili-oppn-za-intervencijski-center\/","og_locale":"sl_SI","og_type":"article","og_title":"\u0160ENTJUR Potrdili OPPN za intervencijski center - Novice.si","og_description":"\u0160entjurski ob\u010dinski svet je v\u010deraj v prvem branju sprejel ob\u010dinski podrobni prostorski na\u010drt za obmo\u010dje bodo\u010de lokacije interventnega centra. Gre za nekaj manj kot hektar zemlji\u0161\u010da na vzhodnem delu mesta ob glavni prometnici proti Mestinju, kjer bodo pod isto streho zdru\u017eeni policija, gasilci, civilna za\u0161\u010dita in Rde\u010di kri\u017e. Intervencijski center naj bi postavili do konca [&hellip;]","og_url":"https:\/\/novice.si\/page\/sentjur-potrdili-oppn-za-intervencijski-center\/","og_site_name":"Novice.si","article_published_time":"2023-09-20T07:29:44+00:00","og_image":[{"width":800,"height":533,"url":"https:\/\/novice.si\/page\/wp-content\/uploads\/2022\/03\/intervencijski-center-sentjur-10.jpg","type":"image\/jpeg"}],"author":"Uredni\u0161tvo Celjana","twitter_card":"summary_large_image","twitter_misc":{"Written by":"Uredni\u0161tvo Celjana","Est. reading time":"1 minuta"},"schema":{"@context":"https:\/\/schema.org","@graph":[{"@type":"Article","@id":"https:\/\/novice.si\/page\/sentjur-potrdili-oppn-za-intervencijski-center\/#article","isPartOf":{"@id":"https:\/\/novice.si\/page\/sentjur-potrdili-oppn-za-intervencijski-center\/"},"author":{"name":"Uredni\u0161tvo Celjana","@id":"https:\/\/novice.si\/page\/#\/schema\/person\/57f25c9642a9541c7349c65d32032c3e"},"headline":"\u0160ENTJUR Potrdili OPPN za intervencijski center","datePublished":"2023-09-20T07:29:44+00:00","mainEntityOfPage":{"@id":"https:\/\/novice.si\/page\/sentjur-potrdili-oppn-za-intervencijski-center\/"},"wordCount":88,"publisher":{"@id":"https:\/\/novice.si\/page\/#organization"},"image":{"@id":"https:\/\/novice.si\/page\/sentjur-potrdili-oppn-za-intervencijski-center\/#primaryimage"},"thumbnailUrl":"https:\/\/novice.si\/page\/wp-content\/uploads\/2022\/03\/intervencijski-center-sentjur-10.jpg","keywords":["intervencijski center \u0161entjur","ob\u010dinski svet","OPPN","prvo branje"],"articleSection":["Kronika","\u0160entjursko"],"inLanguage":"sl-SI"},{"@type":"WebPage","@id":"https:\/\/novice.si\/page\/sentjur-potrdili-oppn-za-intervencijski-center\/","url":"https:\/\/novice.si\/page\/sentjur-potrdili-oppn-za-intervencijski-center\/","name":"\u0160ENTJUR Potrdili OPPN za intervencijski center - Novice.si","isPartOf":{"@id":"https:\/\/novice.si\/page\/#website"},"primaryImageOfPage":{"@id":"https:\/\/novice.si\/page\/sentjur-potrdili-oppn-za-intervencijski-center\/#primaryimage"},"image":{"@id":"https:\/\/novice.si\/page\/sentjur-potrdili-oppn-za-intervencijski-center\/#primaryimage"},"thumbnailUrl":"https:\/\/novice.si\/page\/wp-content\/uploads\/2022\/03\/intervencijski-center-sentjur-10.jpg","datePublished":"2023-09-20T07:29:44+00:00","breadcrumb":{"@id":"https:\/\/novice.si\/page\/sentjur-potrdili-oppn-za-intervencijski-center\/#breadcrumb"},"inLanguage":"sl-SI","potentialAction":[{"@type":"ReadAction","target":["https:\/\/novice.si\/page\/sentjur-potrdili-oppn-za-intervencijski-center\/"]}]},{"@type":"ImageObject","inLanguage":"sl-SI","@id":"https:\/\/novice.si\/page\/sentjur-potrdili-oppn-za-intervencijski-center\/#primaryimage","url":"https:\/\/novice.si\/page\/wp-content\/uploads\/2022\/03\/intervencijski-center-sentjur-10.jpg","contentUrl":"https:\/\/novice.si\/page\/wp-content\/uploads\/2022\/03\/intervencijski-center-sentjur-10.jpg","width":800,"height":533},{"@type":"BreadcrumbList","@id":"https:\/\/novice.si\/page\/sentjur-potrdili-oppn-za-intervencijski-center\/#breadcrumb","itemListElement":[{"@type":"ListItem","position":1,"name":"Home","item":"https:\/\/novice.si\/page\/"},{"@type":"ListItem","position":2,"name":"\u0160ENTJUR Potrdili OPPN za intervencijski center"}]},{"@type":"WebSite","@id":"https:\/\/novice.si\/page\/#website","url":"https:\/\/novice.si\/page\/","name":"Novice.si","description":"","publisher":{"@id":"https:\/\/novice.si\/page\/#organization"},"potentialAction":[{"@type":"SearchAction","target":{"@type":"EntryPoint","urlTemplate":"https:\/\/novice.si\/page\/?s={search_term_string}"},"query-input":{"@type":"PropertyValueSpecification","valueRequired":true,"valueName":"search_term_string"}}],"inLanguage":"sl-SI"},{"@type":"Organization","@id":"https:\/\/novice.si\/page\/#organization","name":"Novice.si","url":"https:\/\/novice.si\/page\/","logo":{"@type":"ImageObject","inLanguage":"sl-SI","@id":"https:\/\/novice.si\/page\/#\/schema\/logo\/image\/","url":"https:\/\/novice.si\/page\/wp-content\/uploads\/2023\/03\/novice_si.png","contentUrl":"https:\/\/novice.si\/page\/wp-content\/uploads\/2023\/03\/novice_si.png","width":576,"height":200,"caption":"Novice.si"},"image":{"@id":"https:\/\/novice.si\/page\/#\/schema\/logo\/image\/"}},{"@type":"Person","@id":"https:\/\/novice.si\/page\/#\/schema\/person\/57f25c9642a9541c7349c65d32032c3e","name":"Uredni\u0161tvo Celjana","image":{"@type":"ImageObject","inLanguage":"sl-SI","@id":"https:\/\/secure.gravatar.com\/avatar\/78e52bc4279b65f6df6345e0ef0f7b792d361361f230cf4ffecfe0afe6d5629c?s=96&d=mm&r=g","url":"https:\/\/secure.gravatar.com\/avatar\/78e52bc4279b65f6df6345e0ef0f7b792d361361f230cf4ffecfe0afe6d5629c?s=96&d=mm&r=g","contentUrl":"https:\/\/secure.gravatar.com\/avatar\/78e52bc4279b65f6df6345e0ef0f7b792d361361f230cf4ffecfe0afe6d5629c?s=96&d=mm&r=g","caption":"Uredni\u0161tvo Celjana"},"url":"https:\/\/novice.si\/page\/author\/primoz\/"}]}},"_links":{"self":[{"href":"https:\/\/novice.si\/page\/wp-json\/wp\/v2\/posts\/167492","targetHints":{"allow":["GET"]}}],"collection":[{"href":"https:\/\/novice.si\/page\/wp-json\/wp\/v2\/posts"}],"about":[{"href":"https:\/\/novice.si\/page\/wp-json\/wp\/v2\/types\/post"}],"author":[{"embeddable":true,"href":"https:\/\/novice.si\/page\/wp-json\/wp\/v2\/users\/33"}],"replies":[{"embeddable":true,"href":"https:\/\/novice.si\/page\/wp-json\/wp\/v2\/comments?post=167492"}],"version-history":[{"count":1,"href":"https:\/\/novice.si\/page\/wp-json\/wp\/v2\/posts\/167492\/revisions"}],"predecessor-version":[{"id":167494,"href":"https:\/\/novice.si\/page\/wp-json\/wp\/v2\/posts\/167492\/revisions\/167494"}],"wp:featuredmedia":[{"embeddable":true,"href":"https:\/\/novice.si\/page\/wp-json\/wp\/v2\/media\/148126"}],"wp:attachment":[{"href":"https:\/\/novice.si\/page\/wp-json\/wp\/v2\/media?parent=167492"}],"wp:term":[{"taxonomy":"category","embeddable":true,"href":"https:\/\/novice.si\/page\/wp-json\/wp\/v2\/categories?post=167492"},{"taxonomy":"post_tag","embeddable":true,"href":"https:\/\/novice.si\/page\/wp-json\/wp\/v2\/tags?post=167492"}],"curies":[{"name":"wp","href":"https:\/\/api.w.org\/{rel}","templated":true}]}}