{"id":167475,"date":"2023-09-19T17:37:46","date_gmt":"2023-09-19T15:37:46","guid":{"rendered":"https:\/\/novice.si\/page\/?p=167475"},"modified":"2023-09-19T17:37:46","modified_gmt":"2023-09-19T15:37:46","slug":"celje-nadaljevanje-sojenja-za-smrt-motorista-v-debru","status":"publish","type":"post","link":"https:\/\/novice.si\/page\/celje-nadaljevanje-sojenja-za-smrt-motorista-v-debru\/","title":{"rendered":"CELJE Nadaljevanje sojenja za smrt motorista v Debru"},"content":{"rendered":"<p>Na celjskem sodi\u0161\u010du se je nadaljevala\u00a0glavna obravnava za 23-letnega <strong>Alena <\/strong><strong>Be\u010direvi\u0107a<\/strong>. Obto\u017een je povzro\u010ditve prometne nesre\u010de iz malomarnosti, ko je pred petimi leti izsilil prednost motoristu<img loading=\"lazy\" decoding=\"async\" class=\"wp-image-167476 alignleft\" src=\"https:\/\/novice.si\/page\/wp-content\/uploads\/2023\/09\/ANEL-BECIROVIC-2-600x479.jpg\" alt=\"\" width=\"356\" height=\"284\" srcset=\"https:\/\/novice.si\/page\/wp-content\/uploads\/2023\/09\/ANEL-BECIROVIC-2-600x479.jpg 600w, https:\/\/novice.si\/page\/wp-content\/uploads\/2023\/09\/ANEL-BECIROVIC-2-1024x817.jpg 1024w, https:\/\/novice.si\/page\/wp-content\/uploads\/2023\/09\/ANEL-BECIROVIC-2-768x613.jpg 768w, https:\/\/novice.si\/page\/wp-content\/uploads\/2023\/09\/ANEL-BECIROVIC-2-696x555.jpg 696w, https:\/\/novice.si\/page\/wp-content\/uploads\/2023\/09\/ANEL-BECIROVIC-2-526x420.jpg 526w, https:\/\/novice.si\/page\/wp-content\/uploads\/2023\/09\/ANEL-BECIROVIC-2-24x19.jpg 24w, https:\/\/novice.si\/page\/wp-content\/uploads\/2023\/09\/ANEL-BECIROVIC-2-36x29.jpg 36w, https:\/\/novice.si\/page\/wp-content\/uploads\/2023\/09\/ANEL-BECIROVIC-2-48x38.jpg 48w, https:\/\/novice.si\/page\/wp-content\/uploads\/2023\/09\/ANEL-BECIROVIC-2.jpg 1063w\" sizes=\"auto, (max-width: 356px) 100vw, 356px\" \/><strong> Uro\u0161u Knezu<\/strong>. Ta je vozil iz smeri La\u0161kega proti Celju in se tr\u010denju ni mogel izogniti. Umrl je na kraju nesre\u010de.<\/p>\n<p>Sodi\u0161\u010de je ugotavljalo morebitni vpliv substanc na povzro\u010ditelja, vendar se je \u017ee v predkazenskem postopku izkazalo, da je Velenj\u010dan vozil povsem trezen. Odlo\u010dilne bodo ugotovitve izvedenca cestno prometne stroke, ki bo preu\u010dil tudi morebitno soodgovornost motorista, predvsem v smislu domnevno previsoke hitrosti na mokrem cesti\u0161\u010du.<\/p>\n<p>Po\u010dilo je v ve\u010dernih septembrskih urah na odseku izven naselja Debro, ko vidljivost ni bila ve\u010d dobra. Be\u010direvi\u0107 po ugotovitvah policije ni upo\u0161teval pravila prednosti, ko je na glavno cesto pripeljal s stranske makadamske ceste. S sopotnico sta ostala nepo\u0161kodovana, krivde na sojenju pa ne priznava.<\/p>\n<p>P\u0160<\/p>\n","protected":false},"excerpt":{"rendered":"<p>Na celjskem sodi\u0161\u010du se je nadaljevala\u00a0glavna obravnava za 23-letnega Alena Be\u010direvi\u0107a. Obto\u017een je povzro\u010ditve prometne nesre\u010de iz malomarnosti, ko je pred petimi leti izsilil prednost motoristu Uro\u0161u Knezu. Ta je vozil iz smeri La\u0161kega proti Celju in se tr\u010denju ni mogel izogniti. Umrl je na kraju nesre\u010de. Sodi\u0161\u010de je ugotavljalo morebitni vpliv substanc na povzro\u010ditelja, [&hellip;]<\/p>\n","protected":false},"author":33,"featured_media":167476,"comment_status":"closed","ping_status":"closed","sticky":false,"template":"","format":"standard","meta":{"footnotes":""},"categories":[14,17,29],"tags":[18725,18727,4108,356,18726],"class_list":{"0":"post-167475","1":"post","2":"type-post","3":"status-publish","4":"format-standard","5":"has-post-thumbnail","7":"category-aktualno","8":"category-celjsko","9":"category-kronika","10":"tag-alen-berirevic","11":"tag-debro-pri-laskem","12":"tag-smrtna-prometna-nesreca","13":"tag-sojenje","14":"tag-uros-knez"},"yoast_head":"<!-- This site is optimized with the Yoast SEO plugin v27.4 - https:\/\/yoast.com\/product\/yoast-seo-wordpress\/ -->\n<title>CELJE Nadaljevanje sojenja za smrt motorista v Debru - Novice.si<\/title>\n<meta name=\"robots\" content=\"index, follow, max-snippet:-1, max-image-preview:large, max-video-preview:-1\" \/>\n<link rel=\"canonical\" href=\"https:\/\/novice.si\/page\/celje-nadaljevanje-sojenja-za-smrt-motorista-v-debru\/\" \/>\n<meta property=\"og:locale\" content=\"sl_SI\" \/>\n<meta property=\"og:type\" content=\"article\" \/>\n<meta property=\"og:title\" content=\"CELJE Nadaljevanje sojenja za smrt motorista v Debru - Novice.si\" \/>\n<meta property=\"og:description\" content=\"Na celjskem sodi\u0161\u010du se je nadaljevala\u00a0glavna obravnava za 23-letnega Alena Be\u010direvi\u0107a. Obto\u017een je povzro\u010ditve prometne nesre\u010de iz malomarnosti, ko je pred petimi leti izsilil prednost motoristu Uro\u0161u Knezu. Ta je vozil iz smeri La\u0161kega proti Celju in se tr\u010denju ni mogel izogniti. Umrl je na kraju nesre\u010de. Sodi\u0161\u010de je ugotavljalo morebitni vpliv substanc na povzro\u010ditelja, [&hellip;]\" \/>\n<meta property=\"og:url\" content=\"https:\/\/novice.si\/page\/celje-nadaljevanje-sojenja-za-smrt-motorista-v-debru\/\" \/>\n<meta property=\"og:site_name\" content=\"Novice.si\" \/>\n<meta property=\"article:published_time\" content=\"2023-09-19T15:37:46+00:00\" \/>\n<meta property=\"og:image\" content=\"https:\/\/novice.si\/page\/wp-content\/uploads\/2023\/09\/ANEL-BECIROVIC-2.jpg\" \/>\n\t<meta property=\"og:image:width\" content=\"1063\" \/>\n\t<meta property=\"og:image:height\" content=\"848\" \/>\n\t<meta property=\"og:image:type\" content=\"image\/jpeg\" \/>\n<meta name=\"author\" content=\"Uredni\u0161tvo Celjana\" \/>\n<meta name=\"twitter:card\" content=\"summary_large_image\" \/>\n<meta name=\"twitter:label1\" content=\"Written by\" \/>\n\t<meta name=\"twitter:data1\" content=\"Uredni\u0161tvo Celjana\" \/>\n\t<meta name=\"twitter:label2\" content=\"Est. reading time\" \/>\n\t<meta name=\"twitter:data2\" content=\"1 minuta\" \/>\n<script type=\"application\/ld+json\" class=\"yoast-schema-graph\">{\"@context\":\"https:\\\/\\\/schema.org\",\"@graph\":[{\"@type\":\"Article\",\"@id\":\"https:\\\/\\\/novice.si\\\/page\\\/celje-nadaljevanje-sojenja-za-smrt-motorista-v-debru\\\/#article\",\"isPartOf\":{\"@id\":\"https:\\\/\\\/novice.si\\\/page\\\/celje-nadaljevanje-sojenja-za-smrt-motorista-v-debru\\\/\"},\"author\":{\"name\":\"Uredni\u0161tvo Celjana\",\"@id\":\"https:\\\/\\\/novice.si\\\/page\\\/#\\\/schema\\\/person\\\/57f25c9642a9541c7349c65d32032c3e\"},\"headline\":\"CELJE Nadaljevanje sojenja za smrt motorista v Debru\",\"datePublished\":\"2023-09-19T15:37:46+00:00\",\"mainEntityOfPage\":{\"@id\":\"https:\\\/\\\/novice.si\\\/page\\\/celje-nadaljevanje-sojenja-za-smrt-motorista-v-debru\\\/\"},\"wordCount\":169,\"publisher\":{\"@id\":\"https:\\\/\\\/novice.si\\\/page\\\/#organization\"},\"image\":{\"@id\":\"https:\\\/\\\/novice.si\\\/page\\\/celje-nadaljevanje-sojenja-za-smrt-motorista-v-debru\\\/#primaryimage\"},\"thumbnailUrl\":\"https:\\\/\\\/novice.si\\\/page\\\/wp-content\\\/uploads\\\/2023\\\/09\\\/ANEL-BECIROVIC-2.jpg\",\"keywords\":[\"alen berirevi\u010d\",\"debro pri La\u0161kem\",\"smrtna prometna nesre\u010da\",\"sojenje\",\"uro\u0161 knez\"],\"articleSection\":[\"Aktualno\",\"Celjsko\",\"Kronika\"],\"inLanguage\":\"sl-SI\"},{\"@type\":\"WebPage\",\"@id\":\"https:\\\/\\\/novice.si\\\/page\\\/celje-nadaljevanje-sojenja-za-smrt-motorista-v-debru\\\/\",\"url\":\"https:\\\/\\\/novice.si\\\/page\\\/celje-nadaljevanje-sojenja-za-smrt-motorista-v-debru\\\/\",\"name\":\"CELJE Nadaljevanje sojenja za smrt motorista v Debru - Novice.si\",\"isPartOf\":{\"@id\":\"https:\\\/\\\/novice.si\\\/page\\\/#website\"},\"primaryImageOfPage\":{\"@id\":\"https:\\\/\\\/novice.si\\\/page\\\/celje-nadaljevanje-sojenja-za-smrt-motorista-v-debru\\\/#primaryimage\"},\"image\":{\"@id\":\"https:\\\/\\\/novice.si\\\/page\\\/celje-nadaljevanje-sojenja-za-smrt-motorista-v-debru\\\/#primaryimage\"},\"thumbnailUrl\":\"https:\\\/\\\/novice.si\\\/page\\\/wp-content\\\/uploads\\\/2023\\\/09\\\/ANEL-BECIROVIC-2.jpg\",\"datePublished\":\"2023-09-19T15:37:46+00:00\",\"breadcrumb\":{\"@id\":\"https:\\\/\\\/novice.si\\\/page\\\/celje-nadaljevanje-sojenja-za-smrt-motorista-v-debru\\\/#breadcrumb\"},\"inLanguage\":\"sl-SI\",\"potentialAction\":[{\"@type\":\"ReadAction\",\"target\":[\"https:\\\/\\\/novice.si\\\/page\\\/celje-nadaljevanje-sojenja-za-smrt-motorista-v-debru\\\/\"]}]},{\"@type\":\"ImageObject\",\"inLanguage\":\"sl-SI\",\"@id\":\"https:\\\/\\\/novice.si\\\/page\\\/celje-nadaljevanje-sojenja-za-smrt-motorista-v-debru\\\/#primaryimage\",\"url\":\"https:\\\/\\\/novice.si\\\/page\\\/wp-content\\\/uploads\\\/2023\\\/09\\\/ANEL-BECIROVIC-2.jpg\",\"contentUrl\":\"https:\\\/\\\/novice.si\\\/page\\\/wp-content\\\/uploads\\\/2023\\\/09\\\/ANEL-BECIROVIC-2.jpg\",\"width\":1063,\"height\":848},{\"@type\":\"BreadcrumbList\",\"@id\":\"https:\\\/\\\/novice.si\\\/page\\\/celje-nadaljevanje-sojenja-za-smrt-motorista-v-debru\\\/#breadcrumb\",\"itemListElement\":[{\"@type\":\"ListItem\",\"position\":1,\"name\":\"Home\",\"item\":\"https:\\\/\\\/novice.si\\\/page\\\/\"},{\"@type\":\"ListItem\",\"position\":2,\"name\":\"CELJE Nadaljevanje sojenja za smrt motorista v Debru\"}]},{\"@type\":\"WebSite\",\"@id\":\"https:\\\/\\\/novice.si\\\/page\\\/#website\",\"url\":\"https:\\\/\\\/novice.si\\\/page\\\/\",\"name\":\"Novice.si\",\"description\":\"\",\"publisher\":{\"@id\":\"https:\\\/\\\/novice.si\\\/page\\\/#organization\"},\"potentialAction\":[{\"@type\":\"SearchAction\",\"target\":{\"@type\":\"EntryPoint\",\"urlTemplate\":\"https:\\\/\\\/novice.si\\\/page\\\/?s={search_term_string}\"},\"query-input\":{\"@type\":\"PropertyValueSpecification\",\"valueRequired\":true,\"valueName\":\"search_term_string\"}}],\"inLanguage\":\"sl-SI\"},{\"@type\":\"Organization\",\"@id\":\"https:\\\/\\\/novice.si\\\/page\\\/#organization\",\"name\":\"Novice.si\",\"url\":\"https:\\\/\\\/novice.si\\\/page\\\/\",\"logo\":{\"@type\":\"ImageObject\",\"inLanguage\":\"sl-SI\",\"@id\":\"https:\\\/\\\/novice.si\\\/page\\\/#\\\/schema\\\/logo\\\/image\\\/\",\"url\":\"https:\\\/\\\/novice.si\\\/page\\\/wp-content\\\/uploads\\\/2023\\\/03\\\/novice_si.png\",\"contentUrl\":\"https:\\\/\\\/novice.si\\\/page\\\/wp-content\\\/uploads\\\/2023\\\/03\\\/novice_si.png\",\"width\":576,\"height\":200,\"caption\":\"Novice.si\"},\"image\":{\"@id\":\"https:\\\/\\\/novice.si\\\/page\\\/#\\\/schema\\\/logo\\\/image\\\/\"}},{\"@type\":\"Person\",\"@id\":\"https:\\\/\\\/novice.si\\\/page\\\/#\\\/schema\\\/person\\\/57f25c9642a9541c7349c65d32032c3e\",\"name\":\"Uredni\u0161tvo Celjana\",\"image\":{\"@type\":\"ImageObject\",\"inLanguage\":\"sl-SI\",\"@id\":\"https:\\\/\\\/secure.gravatar.com\\\/avatar\\\/78e52bc4279b65f6df6345e0ef0f7b792d361361f230cf4ffecfe0afe6d5629c?s=96&d=mm&r=g\",\"url\":\"https:\\\/\\\/secure.gravatar.com\\\/avatar\\\/78e52bc4279b65f6df6345e0ef0f7b792d361361f230cf4ffecfe0afe6d5629c?s=96&d=mm&r=g\",\"contentUrl\":\"https:\\\/\\\/secure.gravatar.com\\\/avatar\\\/78e52bc4279b65f6df6345e0ef0f7b792d361361f230cf4ffecfe0afe6d5629c?s=96&d=mm&r=g\",\"caption\":\"Uredni\u0161tvo Celjana\"},\"url\":\"https:\\\/\\\/novice.si\\\/page\\\/author\\\/primoz\\\/\"}]}<\/script>\n<!-- \/ Yoast SEO plugin. -->","yoast_head_json":{"title":"CELJE Nadaljevanje sojenja za smrt motorista v Debru - Novice.si","robots":{"index":"index","follow":"follow","max-snippet":"max-snippet:-1","max-image-preview":"max-image-preview:large","max-video-preview":"max-video-preview:-1"},"canonical":"https:\/\/novice.si\/page\/celje-nadaljevanje-sojenja-za-smrt-motorista-v-debru\/","og_locale":"sl_SI","og_type":"article","og_title":"CELJE Nadaljevanje sojenja za smrt motorista v Debru - Novice.si","og_description":"Na celjskem sodi\u0161\u010du se je nadaljevala\u00a0glavna obravnava za 23-letnega Alena Be\u010direvi\u0107a. Obto\u017een je povzro\u010ditve prometne nesre\u010de iz malomarnosti, ko je pred petimi leti izsilil prednost motoristu Uro\u0161u Knezu. Ta je vozil iz smeri La\u0161kega proti Celju in se tr\u010denju ni mogel izogniti. Umrl je na kraju nesre\u010de. Sodi\u0161\u010de je ugotavljalo morebitni vpliv substanc na povzro\u010ditelja, [&hellip;]","og_url":"https:\/\/novice.si\/page\/celje-nadaljevanje-sojenja-za-smrt-motorista-v-debru\/","og_site_name":"Novice.si","article_published_time":"2023-09-19T15:37:46+00:00","og_image":[{"width":1063,"height":848,"url":"https:\/\/novice.si\/page\/wp-content\/uploads\/2023\/09\/ANEL-BECIROVIC-2.jpg","type":"image\/jpeg"}],"author":"Uredni\u0161tvo Celjana","twitter_card":"summary_large_image","twitter_misc":{"Written by":"Uredni\u0161tvo Celjana","Est. reading time":"1 minuta"},"schema":{"@context":"https:\/\/schema.org","@graph":[{"@type":"Article","@id":"https:\/\/novice.si\/page\/celje-nadaljevanje-sojenja-za-smrt-motorista-v-debru\/#article","isPartOf":{"@id":"https:\/\/novice.si\/page\/celje-nadaljevanje-sojenja-za-smrt-motorista-v-debru\/"},"author":{"name":"Uredni\u0161tvo Celjana","@id":"https:\/\/novice.si\/page\/#\/schema\/person\/57f25c9642a9541c7349c65d32032c3e"},"headline":"CELJE Nadaljevanje sojenja za smrt motorista v Debru","datePublished":"2023-09-19T15:37:46+00:00","mainEntityOfPage":{"@id":"https:\/\/novice.si\/page\/celje-nadaljevanje-sojenja-za-smrt-motorista-v-debru\/"},"wordCount":169,"publisher":{"@id":"https:\/\/novice.si\/page\/#organization"},"image":{"@id":"https:\/\/novice.si\/page\/celje-nadaljevanje-sojenja-za-smrt-motorista-v-debru\/#primaryimage"},"thumbnailUrl":"https:\/\/novice.si\/page\/wp-content\/uploads\/2023\/09\/ANEL-BECIROVIC-2.jpg","keywords":["alen berirevi\u010d","debro pri La\u0161kem","smrtna prometna nesre\u010da","sojenje","uro\u0161 knez"],"articleSection":["Aktualno","Celjsko","Kronika"],"inLanguage":"sl-SI"},{"@type":"WebPage","@id":"https:\/\/novice.si\/page\/celje-nadaljevanje-sojenja-za-smrt-motorista-v-debru\/","url":"https:\/\/novice.si\/page\/celje-nadaljevanje-sojenja-za-smrt-motorista-v-debru\/","name":"CELJE Nadaljevanje sojenja za smrt motorista v Debru - Novice.si","isPartOf":{"@id":"https:\/\/novice.si\/page\/#website"},"primaryImageOfPage":{"@id":"https:\/\/novice.si\/page\/celje-nadaljevanje-sojenja-za-smrt-motorista-v-debru\/#primaryimage"},"image":{"@id":"https:\/\/novice.si\/page\/celje-nadaljevanje-sojenja-za-smrt-motorista-v-debru\/#primaryimage"},"thumbnailUrl":"https:\/\/novice.si\/page\/wp-content\/uploads\/2023\/09\/ANEL-BECIROVIC-2.jpg","datePublished":"2023-09-19T15:37:46+00:00","breadcrumb":{"@id":"https:\/\/novice.si\/page\/celje-nadaljevanje-sojenja-za-smrt-motorista-v-debru\/#breadcrumb"},"inLanguage":"sl-SI","potentialAction":[{"@type":"ReadAction","target":["https:\/\/novice.si\/page\/celje-nadaljevanje-sojenja-za-smrt-motorista-v-debru\/"]}]},{"@type":"ImageObject","inLanguage":"sl-SI","@id":"https:\/\/novice.si\/page\/celje-nadaljevanje-sojenja-za-smrt-motorista-v-debru\/#primaryimage","url":"https:\/\/novice.si\/page\/wp-content\/uploads\/2023\/09\/ANEL-BECIROVIC-2.jpg","contentUrl":"https:\/\/novice.si\/page\/wp-content\/uploads\/2023\/09\/ANEL-BECIROVIC-2.jpg","width":1063,"height":848},{"@type":"BreadcrumbList","@id":"https:\/\/novice.si\/page\/celje-nadaljevanje-sojenja-za-smrt-motorista-v-debru\/#breadcrumb","itemListElement":[{"@type":"ListItem","position":1,"name":"Home","item":"https:\/\/novice.si\/page\/"},{"@type":"ListItem","position":2,"name":"CELJE Nadaljevanje sojenja za smrt motorista v Debru"}]},{"@type":"WebSite","@id":"https:\/\/novice.si\/page\/#website","url":"https:\/\/novice.si\/page\/","name":"Novice.si","description":"","publisher":{"@id":"https:\/\/novice.si\/page\/#organization"},"potentialAction":[{"@type":"SearchAction","target":{"@type":"EntryPoint","urlTemplate":"https:\/\/novice.si\/page\/?s={search_term_string}"},"query-input":{"@type":"PropertyValueSpecification","valueRequired":true,"valueName":"search_term_string"}}],"inLanguage":"sl-SI"},{"@type":"Organization","@id":"https:\/\/novice.si\/page\/#organization","name":"Novice.si","url":"https:\/\/novice.si\/page\/","logo":{"@type":"ImageObject","inLanguage":"sl-SI","@id":"https:\/\/novice.si\/page\/#\/schema\/logo\/image\/","url":"https:\/\/novice.si\/page\/wp-content\/uploads\/2023\/03\/novice_si.png","contentUrl":"https:\/\/novice.si\/page\/wp-content\/uploads\/2023\/03\/novice_si.png","width":576,"height":200,"caption":"Novice.si"},"image":{"@id":"https:\/\/novice.si\/page\/#\/schema\/logo\/image\/"}},{"@type":"Person","@id":"https:\/\/novice.si\/page\/#\/schema\/person\/57f25c9642a9541c7349c65d32032c3e","name":"Uredni\u0161tvo Celjana","image":{"@type":"ImageObject","inLanguage":"sl-SI","@id":"https:\/\/secure.gravatar.com\/avatar\/78e52bc4279b65f6df6345e0ef0f7b792d361361f230cf4ffecfe0afe6d5629c?s=96&d=mm&r=g","url":"https:\/\/secure.gravatar.com\/avatar\/78e52bc4279b65f6df6345e0ef0f7b792d361361f230cf4ffecfe0afe6d5629c?s=96&d=mm&r=g","contentUrl":"https:\/\/secure.gravatar.com\/avatar\/78e52bc4279b65f6df6345e0ef0f7b792d361361f230cf4ffecfe0afe6d5629c?s=96&d=mm&r=g","caption":"Uredni\u0161tvo Celjana"},"url":"https:\/\/novice.si\/page\/author\/primoz\/"}]}},"_links":{"self":[{"href":"https:\/\/novice.si\/page\/wp-json\/wp\/v2\/posts\/167475","targetHints":{"allow":["GET"]}}],"collection":[{"href":"https:\/\/novice.si\/page\/wp-json\/wp\/v2\/posts"}],"about":[{"href":"https:\/\/novice.si\/page\/wp-json\/wp\/v2\/types\/post"}],"author":[{"embeddable":true,"href":"https:\/\/novice.si\/page\/wp-json\/wp\/v2\/users\/33"}],"replies":[{"embeddable":true,"href":"https:\/\/novice.si\/page\/wp-json\/wp\/v2\/comments?post=167475"}],"version-history":[{"count":1,"href":"https:\/\/novice.si\/page\/wp-json\/wp\/v2\/posts\/167475\/revisions"}],"predecessor-version":[{"id":167477,"href":"https:\/\/novice.si\/page\/wp-json\/wp\/v2\/posts\/167475\/revisions\/167477"}],"wp:featuredmedia":[{"embeddable":true,"href":"https:\/\/novice.si\/page\/wp-json\/wp\/v2\/media\/167476"}],"wp:attachment":[{"href":"https:\/\/novice.si\/page\/wp-json\/wp\/v2\/media?parent=167475"}],"wp:term":[{"taxonomy":"category","embeddable":true,"href":"https:\/\/novice.si\/page\/wp-json\/wp\/v2\/categories?post=167475"},{"taxonomy":"post_tag","embeddable":true,"href":"https:\/\/novice.si\/page\/wp-json\/wp\/v2\/tags?post=167475"}],"curies":[{"name":"wp","href":"https:\/\/api.w.org\/{rel}","templated":true}]}}