{"id":167447,"date":"2023-09-19T10:26:50","date_gmt":"2023-09-19T08:26:50","guid":{"rendered":"https:\/\/novice.si\/page\/?p=167447"},"modified":"2023-09-19T10:26:50","modified_gmt":"2023-09-19T08:26:50","slug":"dolgoletna-ravnateljica-srednje-sole-slovenska-bistrica-predala-ravnateljsko-mesto-nasledniku","status":"publish","type":"post","link":"https:\/\/novice.si\/page\/dolgoletna-ravnateljica-srednje-sole-slovenska-bistrica-predala-ravnateljsko-mesto-nasledniku\/","title":{"rendered":"Dolgoletna ravnateljica Srednje \u0161ole Slovenska Bistrica predala ravnateljsko mesto nasledniku"},"content":{"rendered":"<p>Srednja \u0161ola Slovenska Bistrica je s tem \u0161olskim letom dobila novo vodstvo. Dolgoletna ravnateljica <strong>mag. Iva Pu\u010dnik Ozimi\u010d<\/strong> je predala ravnateljsko mesto svojemu nasledniku, <strong>mag. Marjanu Kampu\u0161u. <\/strong>Na \u0161oli so upokojitev ravnateljice in \u0161e ene sodelavke obele\u017eili s sve\u010danostjo, ki je potekala 15. septembra. Takole so strnili vtise dogodka:<\/p>\n<p>\u00bbV \u0161palirju napolnjeni hodniki, ljube\u010di pozdravi, oro\u0161ene o\u010di, kleni stiski rok in veliko modrosti, izre\u010denih v skorajda intimnem vzdu\u0161ju. Sve\u010danost ob upokojitvi ravnateljice mag. Ive Pu\u010dnik Ozimi\u010d in njene dolgoletne pomo\u010dnice ter svetovalne delavke <strong>Mojce Vre\u010dko<\/strong> je marsikomu obudila res drage spomine, \u0161tevilnim tudi kak\u0161no solzo, predvsem pa nas je vse obogatila za spoznanje, kako pomembne so prijateljske in sr\u010dne vezi.<\/p>\n\r\n                <style type=\"text\/css\">\r\n                    \r\n                    #tdi_1  .td-doubleSlider-2 .td-item1 {\r\n                        background: url(https:\/\/novice.si\/page\/wp-content\/uploads\/2023\/09\/Srednja-7_resize-80x60.jpg) 0 0 no-repeat;\r\n                    }\r\n                    #tdi_1  .td-doubleSlider-2 .td-item2 {\r\n                        background: url(https:\/\/novice.si\/page\/wp-content\/uploads\/2023\/09\/Srednja-3_resize-80x60.jpg) 0 0 no-repeat;\r\n                    }\r\n                    #tdi_1  .td-doubleSlider-2 .td-item3 {\r\n                        background: url(https:\/\/novice.si\/page\/wp-content\/uploads\/2023\/09\/srednja-1_resize-80x60.jpg) 0 0 no-repeat;\r\n                    }\r\n                    #tdi_1  .td-doubleSlider-2 .td-item4 {\r\n                        background: url(https:\/\/novice.si\/page\/wp-content\/uploads\/2023\/09\/Srednja-6_resize-80x60.jpg) 0 0 no-repeat;\r\n                    }\r\n                    #tdi_1  .td-doubleSlider-2 .td-item5 {\r\n                        background: url(https:\/\/novice.si\/page\/wp-content\/uploads\/2023\/09\/Srednja-8_resize-80x60.jpg) 0 0 no-repeat;\r\n                    }\r\n                    #tdi_1  .td-doubleSlider-2 .td-item6 {\r\n                        background: url(https:\/\/novice.si\/page\/wp-content\/uploads\/2023\/09\/Srednja-9_resize-80x60.jpg) 0 0 no-repeat;\r\n                    }\r\n                    #tdi_1  .td-doubleSlider-2 .td-item7 {\r\n                        background: url(https:\/\/novice.si\/page\/wp-content\/uploads\/2023\/09\/Srednja-41_resize-80x60.jpg) 0 0 no-repeat;\r\n                    }\r\n                    #tdi_1  .td-doubleSlider-2 .td-item8 {\r\n                        background: url(https:\/\/novice.si\/page\/wp-content\/uploads\/2023\/09\/Srednja-51_resize-80x60.jpg) 0 0 no-repeat;\r\n                    }\r\n                <\/style>\r\n\r\n                <div id=\"tdi_1\" class=\"td-gallery td-slide-on-2-columns\">\r\n                    <div class=\"post_td_gallery\">\r\n                        <div class=\"td-gallery-slide-top\">\r\n                           <div class=\"td-gallery-title\"><\/div>\r\n\r\n                            <div class=\"td-gallery-controls-wrapper\">\r\n                                <div class=\"td-gallery-slide-count\"><span class=\"td-gallery-slide-item-focus\">1<\/span> od 8<\/div>\r\n                                <div class=\"td-gallery-slide-prev-next-but\">\r\n                                    <i class = \"td-icon-left doubleSliderPrevButton\"><\/i>\r\n                                    <i class = \"td-icon-right doubleSliderNextButton\"><\/i>\r\n                                <\/div>\r\n                            <\/div>\r\n                        <\/div>\r\n\r\n                        <div class = \"td-doubleSlider-1 \">\r\n                            <div class = \"td-slider\">\r\n                                \r\n                    <div class = \"td-slide-item td-item1\">\r\n                        <figure class=\"td-slide-galery-figure td-slide-popup-gallery\">\r\n                            <a class=\"slide-gallery-image-link\" href=\"https:\/\/novice.si\/page\/wp-content\/uploads\/2023\/09\/Srednja-7_resize.jpg\" title=\"Srednja 7_resize\"  data-caption=\"Na hodniku \u0161ole so izobesili tablo z navdihujo\u010dimi besedami ravnateljice: \u00bbSvojo prihodnost gradite s spreminjanjem sveta. Pri tem bodite vztrajni in pogumni, predvsem pa nikoli ne nehajte sanjati in hrepeneti\u00ab\"  data-description=\"\" data-gallery>\r\n                                <img decoding=\"async\" src=\"https:\/\/novice.si\/page\/wp-content\/uploads\/2023\/09\/Srednja-7_resize-577x420.jpg\" srcset=\"https:\/\/novice.si\/page\/wp-content\/uploads\/2023\/09\/Srednja-7_resize-577x420.jpg 577w, https:\/\/novice.si\/page\/wp-content\/uploads\/2023\/09\/Srednja-7_resize-600x437.jpg 600w, https:\/\/novice.si\/page\/wp-content\/uploads\/2023\/09\/Srednja-7_resize-768x559.jpg 768w, https:\/\/novice.si\/page\/wp-content\/uploads\/2023\/09\/Srednja-7_resize-324x235.jpg 324w, https:\/\/novice.si\/page\/wp-content\/uploads\/2023\/09\/Srednja-7_resize-696x507.jpg 696w, https:\/\/novice.si\/page\/wp-content\/uploads\/2023\/09\/Srednja-7_resize-24x17.jpg 24w, https:\/\/novice.si\/page\/wp-content\/uploads\/2023\/09\/Srednja-7_resize-36x26.jpg 36w, https:\/\/novice.si\/page\/wp-content\/uploads\/2023\/09\/Srednja-7_resize-48x35.jpg 48w, https:\/\/novice.si\/page\/wp-content\/uploads\/2023\/09\/Srednja-7_resize.jpg 961w\" sizes=\"(max-width: 577px) 100vw, 577px\" alt=\"\">\r\n                            <\/a>\r\n                            <figcaption class = \"td-slide-caption td-gallery-slide-content\"><div class = \"td-gallery-slide-copywrite\">Na hodniku \u0161ole so izobesili tablo z navdihujo\u010dimi besedami ravnateljice: \u00bbSvojo prihodnost gradite s spreminjanjem sveta. Pri tem bodite vztrajni in pogumni, predvsem pa nikoli ne nehajte sanjati in hrepeneti\u00ab<\/div><\/figcaption>\r\n                        <\/figure>\r\n                    <\/div>\r\n                    <div class = \"td-slide-item td-item2\">\r\n                        <figure class=\"td-slide-galery-figure td-slide-popup-gallery\">\r\n                            <a class=\"slide-gallery-image-link\" href=\"https:\/\/novice.si\/page\/wp-content\/uploads\/2023\/09\/Srednja-3_resize.jpg\" title=\"Srednja 3_resize\"  data-caption=\"\"  data-description=\"\" data-gallery>\r\n                                <img decoding=\"async\" src=\"https:\/\/novice.si\/page\/wp-content\/uploads\/2023\/09\/Srednja-3_resize-631x420.jpg\" srcset=\"https:\/\/novice.si\/page\/wp-content\/uploads\/2023\/09\/Srednja-3_resize-631x420.jpg 631w, https:\/\/novice.si\/page\/wp-content\/uploads\/2023\/09\/Srednja-3_resize-600x400.jpg 600w, https:\/\/novice.si\/page\/wp-content\/uploads\/2023\/09\/Srednja-3_resize-768x511.jpg 768w, https:\/\/novice.si\/page\/wp-content\/uploads\/2023\/09\/Srednja-3_resize-696x464.jpg 696w, https:\/\/novice.si\/page\/wp-content\/uploads\/2023\/09\/Srednja-3_resize-24x16.jpg 24w, https:\/\/novice.si\/page\/wp-content\/uploads\/2023\/09\/Srednja-3_resize-36x24.jpg 36w, https:\/\/novice.si\/page\/wp-content\/uploads\/2023\/09\/Srednja-3_resize-48x32.jpg 48w, https:\/\/novice.si\/page\/wp-content\/uploads\/2023\/09\/Srednja-3_resize.jpg 1000w\" sizes=\"(max-width: 631px) 100vw, 631px\" alt=\"\">\r\n                            <\/a>\r\n                            \r\n                        <\/figure>\r\n                    <\/div>\r\n                    <div class = \"td-slide-item td-item3\">\r\n                        <figure class=\"td-slide-galery-figure td-slide-popup-gallery\">\r\n                            <a class=\"slide-gallery-image-link\" href=\"https:\/\/novice.si\/page\/wp-content\/uploads\/2023\/09\/srednja-1_resize.jpg\" title=\"srednja 1_resize\"  data-caption=\"\"  data-description=\"\" data-gallery>\r\n                                <img decoding=\"async\" src=\"https:\/\/novice.si\/page\/wp-content\/uploads\/2023\/09\/srednja-1_resize-631x420.jpg\" srcset=\"https:\/\/novice.si\/page\/wp-content\/uploads\/2023\/09\/srednja-1_resize-631x420.jpg 631w, https:\/\/novice.si\/page\/wp-content\/uploads\/2023\/09\/srednja-1_resize-600x400.jpg 600w, https:\/\/novice.si\/page\/wp-content\/uploads\/2023\/09\/srednja-1_resize-768x511.jpg 768w, https:\/\/novice.si\/page\/wp-content\/uploads\/2023\/09\/srednja-1_resize-696x464.jpg 696w, https:\/\/novice.si\/page\/wp-content\/uploads\/2023\/09\/srednja-1_resize-24x16.jpg 24w, https:\/\/novice.si\/page\/wp-content\/uploads\/2023\/09\/srednja-1_resize-36x24.jpg 36w, https:\/\/novice.si\/page\/wp-content\/uploads\/2023\/09\/srednja-1_resize-48x32.jpg 48w, https:\/\/novice.si\/page\/wp-content\/uploads\/2023\/09\/srednja-1_resize.jpg 1000w\" sizes=\"(max-width: 631px) 100vw, 631px\" alt=\"\">\r\n                            <\/a>\r\n                            \r\n                        <\/figure>\r\n                    <\/div>\r\n                    <div class = \"td-slide-item td-item4\">\r\n                        <figure class=\"td-slide-galery-figure td-slide-popup-gallery\">\r\n                            <a class=\"slide-gallery-image-link\" href=\"https:\/\/novice.si\/page\/wp-content\/uploads\/2023\/09\/Srednja-6_resize.jpg\" title=\"Srednja 6_resize\"  data-caption=\"\"  data-description=\"\" data-gallery>\r\n                                <img decoding=\"async\" src=\"https:\/\/novice.si\/page\/wp-content\/uploads\/2023\/09\/Srednja-6_resize-631x420.jpg\" srcset=\"https:\/\/novice.si\/page\/wp-content\/uploads\/2023\/09\/Srednja-6_resize-631x420.jpg 631w, https:\/\/novice.si\/page\/wp-content\/uploads\/2023\/09\/Srednja-6_resize-600x400.jpg 600w, https:\/\/novice.si\/page\/wp-content\/uploads\/2023\/09\/Srednja-6_resize-768x511.jpg 768w, https:\/\/novice.si\/page\/wp-content\/uploads\/2023\/09\/Srednja-6_resize-696x464.jpg 696w, https:\/\/novice.si\/page\/wp-content\/uploads\/2023\/09\/Srednja-6_resize-24x16.jpg 24w, https:\/\/novice.si\/page\/wp-content\/uploads\/2023\/09\/Srednja-6_resize-36x24.jpg 36w, https:\/\/novice.si\/page\/wp-content\/uploads\/2023\/09\/Srednja-6_resize-48x32.jpg 48w, https:\/\/novice.si\/page\/wp-content\/uploads\/2023\/09\/Srednja-6_resize.jpg 1000w\" sizes=\"(max-width: 631px) 100vw, 631px\" alt=\"\">\r\n                            <\/a>\r\n                            \r\n                        <\/figure>\r\n                    <\/div>\r\n                    <div class = \"td-slide-item td-item5\">\r\n                        <figure class=\"td-slide-galery-figure td-slide-popup-gallery\">\r\n                            <a class=\"slide-gallery-image-link\" href=\"https:\/\/novice.si\/page\/wp-content\/uploads\/2023\/09\/Srednja-8_resize.jpg\" title=\"Srednja 8_resize\"  data-caption=\"\"  data-description=\"\" data-gallery>\r\n                                <img decoding=\"async\" src=\"https:\/\/novice.si\/page\/wp-content\/uploads\/2023\/09\/Srednja-8_resize-631x420.jpg\" srcset=\"https:\/\/novice.si\/page\/wp-content\/uploads\/2023\/09\/Srednja-8_resize-631x420.jpg 631w, https:\/\/novice.si\/page\/wp-content\/uploads\/2023\/09\/Srednja-8_resize-600x400.jpg 600w, https:\/\/novice.si\/page\/wp-content\/uploads\/2023\/09\/Srednja-8_resize-768x511.jpg 768w, https:\/\/novice.si\/page\/wp-content\/uploads\/2023\/09\/Srednja-8_resize-696x464.jpg 696w, https:\/\/novice.si\/page\/wp-content\/uploads\/2023\/09\/Srednja-8_resize-24x16.jpg 24w, https:\/\/novice.si\/page\/wp-content\/uploads\/2023\/09\/Srednja-8_resize-36x24.jpg 36w, https:\/\/novice.si\/page\/wp-content\/uploads\/2023\/09\/Srednja-8_resize-48x32.jpg 48w, https:\/\/novice.si\/page\/wp-content\/uploads\/2023\/09\/Srednja-8_resize.jpg 1000w\" sizes=\"(max-width: 631px) 100vw, 631px\" alt=\"\">\r\n                            <\/a>\r\n                            \r\n                        <\/figure>\r\n                    <\/div>\r\n                    <div class = \"td-slide-item td-item6\">\r\n                        <figure class=\"td-slide-galery-figure td-slide-popup-gallery\">\r\n                            <a class=\"slide-gallery-image-link\" href=\"https:\/\/novice.si\/page\/wp-content\/uploads\/2023\/09\/Srednja-9_resize.jpg\" title=\"Srednja 9_resize\"  data-caption=\"\"  data-description=\"\" data-gallery>\r\n                                <img decoding=\"async\" src=\"https:\/\/novice.si\/page\/wp-content\/uploads\/2023\/09\/Srednja-9_resize-553x420.jpg\" srcset=\"https:\/\/novice.si\/page\/wp-content\/uploads\/2023\/09\/Srednja-9_resize-553x420.jpg 553w, https:\/\/novice.si\/page\/wp-content\/uploads\/2023\/09\/Srednja-9_resize-600x456.jpg 600w, https:\/\/novice.si\/page\/wp-content\/uploads\/2023\/09\/Srednja-9_resize-768x583.jpg 768w, https:\/\/novice.si\/page\/wp-content\/uploads\/2023\/09\/Srednja-9_resize-80x60.jpg 80w, https:\/\/novice.si\/page\/wp-content\/uploads\/2023\/09\/Srednja-9_resize-696x528.jpg 696w, https:\/\/novice.si\/page\/wp-content\/uploads\/2023\/09\/Srednja-9_resize-24x18.jpg 24w, https:\/\/novice.si\/page\/wp-content\/uploads\/2023\/09\/Srednja-9_resize-36x27.jpg 36w, https:\/\/novice.si\/page\/wp-content\/uploads\/2023\/09\/Srednja-9_resize-48x36.jpg 48w, https:\/\/novice.si\/page\/wp-content\/uploads\/2023\/09\/Srednja-9_resize.jpg 922w\" sizes=\"(max-width: 553px) 100vw, 553px\" alt=\"\">\r\n                            <\/a>\r\n                            \r\n                        <\/figure>\r\n                    <\/div>\r\n                    <div class = \"td-slide-item td-item7\">\r\n                        <figure class=\"td-slide-galery-figure td-slide-popup-gallery\">\r\n                            <a class=\"slide-gallery-image-link\" href=\"https:\/\/novice.si\/page\/wp-content\/uploads\/2023\/09\/Srednja-41_resize.jpg\" title=\"Srednja 41_resize\"  data-caption=\"Iva Pu\u010dnik Ozimi\u010d\"  data-description=\"\" data-gallery>\r\n                                <img decoding=\"async\" src=\"https:\/\/novice.si\/page\/wp-content\/uploads\/2023\/09\/Srednja-41_resize-464x420.jpg\" srcset=\"https:\/\/novice.si\/page\/wp-content\/uploads\/2023\/09\/Srednja-41_resize-464x420.jpg 464w, https:\/\/novice.si\/page\/wp-content\/uploads\/2023\/09\/Srednja-41_resize-600x543.jpg 600w, https:\/\/novice.si\/page\/wp-content\/uploads\/2023\/09\/Srednja-41_resize-768x695.jpg 768w, https:\/\/novice.si\/page\/wp-content\/uploads\/2023\/09\/Srednja-41_resize-696x629.jpg 696w, https:\/\/novice.si\/page\/wp-content\/uploads\/2023\/09\/Srednja-41_resize-24x22.jpg 24w, https:\/\/novice.si\/page\/wp-content\/uploads\/2023\/09\/Srednja-41_resize-36x33.jpg 36w, https:\/\/novice.si\/page\/wp-content\/uploads\/2023\/09\/Srednja-41_resize-48x43.jpg 48w, https:\/\/novice.si\/page\/wp-content\/uploads\/2023\/09\/Srednja-41_resize.jpg 774w\" sizes=\"(max-width: 464px) 100vw, 464px\" alt=\"\">\r\n                            <\/a>\r\n                            <figcaption class = \"td-slide-caption td-gallery-slide-content\"><div class = \"td-gallery-slide-copywrite\">Iva Pu\u010dnik Ozimi\u010d<\/div><\/figcaption>\r\n                        <\/figure>\r\n                    <\/div>\r\n                    <div class = \"td-slide-item td-item8\">\r\n                        <figure class=\"td-slide-galery-figure td-slide-popup-gallery\">\r\n                            <a class=\"slide-gallery-image-link\" href=\"https:\/\/novice.si\/page\/wp-content\/uploads\/2023\/09\/Srednja-51_resize.jpg\" title=\"Srednja 51_resize\"  data-caption=\"Mojca Vre\u010dko\"  data-description=\"\" data-gallery>\r\n                                <img decoding=\"async\" src=\"https:\/\/novice.si\/page\/wp-content\/uploads\/2023\/09\/Srednja-51_resize-466x420.jpg\" srcset=\"https:\/\/novice.si\/page\/wp-content\/uploads\/2023\/09\/Srednja-51_resize-466x420.jpg 466w, https:\/\/novice.si\/page\/wp-content\/uploads\/2023\/09\/Srednja-51_resize-600x541.jpg 600w, https:\/\/novice.si\/page\/wp-content\/uploads\/2023\/09\/Srednja-51_resize-768x693.jpg 768w, https:\/\/novice.si\/page\/wp-content\/uploads\/2023\/09\/Srednja-51_resize-696x628.jpg 696w, https:\/\/novice.si\/page\/wp-content\/uploads\/2023\/09\/Srednja-51_resize-24x22.jpg 24w, https:\/\/novice.si\/page\/wp-content\/uploads\/2023\/09\/Srednja-51_resize-36x32.jpg 36w, https:\/\/novice.si\/page\/wp-content\/uploads\/2023\/09\/Srednja-51_resize-48x43.jpg 48w, https:\/\/novice.si\/page\/wp-content\/uploads\/2023\/09\/Srednja-51_resize.jpg 776w\" sizes=\"(max-width: 466px) 100vw, 466px\" alt=\"\">\r\n                            <\/a>\r\n                            <figcaption class = \"td-slide-caption td-gallery-slide-content\"><div class = \"td-gallery-slide-copywrite\">Mojca Vre\u010dko<\/div><\/figcaption>\r\n                        <\/figure>\r\n                    <\/div>\r\n                            <\/div>\r\n                        <\/div>\r\n\r\n                        <div class = \"td-doubleSlider-2\">\r\n                            <div class = \"td-slider\">\r\n                                \r\n                    <div class = \"td-button td-item1\">\r\n                        <div class = \"td-border\"><\/div>\r\n                    <\/div>\r\n                    <div class = \"td-button td-item2\">\r\n                        <div class = \"td-border\"><\/div>\r\n                    <\/div>\r\n                    <div class = \"td-button td-item3\">\r\n                        <div class = \"td-border\"><\/div>\r\n                    <\/div>\r\n                    <div class = \"td-button td-item4\">\r\n                        <div class = \"td-border\"><\/div>\r\n                    <\/div>\r\n                    <div class = \"td-button td-item5\">\r\n                        <div class = \"td-border\"><\/div>\r\n                    <\/div>\r\n                    <div class = \"td-button td-item6\">\r\n                        <div class = \"td-border\"><\/div>\r\n                    <\/div>\r\n                    <div class = \"td-button td-item7\">\r\n                        <div class = \"td-border\"><\/div>\r\n                    <\/div>\r\n                    <div class = \"td-button td-item8\">\r\n                        <div class = \"td-border\"><\/div>\r\n                    <\/div>\r\n                            <\/div>\r\n                        <\/div>\r\n\r\n                    <\/div>\r\n\r\n                <\/div>\r\n                \n<p>Ravnatelji\u010dino slovo so ravnatelj mag. Marjan Kampu\u0161, zdaj\u0161nji in biv\u0161i dijaki ter zaposleni na Srednji \u0161oli Slovenska Bistrica sprejeli na presenetljivo rahlo\u010duten na\u010din, saj je v\u017eivljanje v trenutke, leta in desetletja, ki jih je mag. Iva Pu\u010dnik Ozimi\u010d posvetila in \u017eivela za S\u0160SB, precej te\u017eko zajeti v vsej popolnosti. Pa vendar smo vsaj del\u010dek skupnih spominov \u017eeleli obuditi najprej z razkritjem navdihujo\u010dih besed ravnateljice, ki bodo odslej krasile osrednji hodnik in navdu\u0161evale vse obiskovalce pred vstopom v ravnateljstvo \u0161ole, nato pa \u0161e s slovesno in upanje vzbujajo\u010do posaditvijo lipe pred \u0161olskim poslopjem ob ganljivi recitaciji Kuntnerjeve pesmi <em>Sadim drevo<\/em>.<\/p>\n<p>Nadaljnja prireditev, ki sta jo skrbno domislila profesorja Lidija Li\u010den in Robert Obrul v\u00a0 sodelovanju s profesoricama Ano Sandrin in Evo Kundih, kolektivom S\u0160SB ter seveda dijaki, je narekovala \u0161e posebej \u010dustveno ob\u010dutje v \u0161portni dvorani. Dijaki in profesorji so namre\u010d prepevali, igrali, recitirali, filmsko ustvarjali ter se vsak na svoj na\u010din poklonili obema sodelavkama in njunemu nepozabnemu pe\u010datu v zgodbi, ki jo zdaj \u017ee leta pi\u0161e dodobra uveljavljena Srednja \u0161ola Slovenska Bistrica.<\/p>\n<p>Vse, kar se je ta dan zgodilo, se je zgodilo \u010dutno in z namenom: izkazati hvale\u017enost za vso predanost, ne nazadnje pa tudi ustvariti nove skupne spomine, za katere verjamemo, da bodo tlakovali uspe\u0161no in \u0161e nadalje tako ustvarjalno pot bistri\u0161kega srednje\u0161olskega hrama u\u010denosti.\u00a0 &#8220;\u017divimo \u017eivljenje,&#8221; so misel hrepene\u010de izrekali dijaki ob koncu prireditve. In prav je tako \u2013 \u0161e posebej med iskrenimi ljudmi, ker so pa\u010d preproste vse re\u010di, kajne? Morda slovo ravno ni med preprostej\u0161imi, a vendar obilo zdravja, iskrivosti, skupnih dru\u017eenj in neusahljive sr\u010dnosti \u017eelimo sodelavkama \u0161e naprej,\u00ab je strnil mag. Gregor Artnik iz S\u0160SB. (Foto: S\u0160SB)<\/p>\n<p>&nbsp;<\/p>\n<p>&nbsp;<\/p>\n<p>&nbsp;<\/p>\n<p>&nbsp;<\/p>\n","protected":false},"excerpt":{"rendered":"<p>Srednja \u0161ola Slovenska Bistrica je s tem \u0161olskim letom dobila novo vodstvo. Dolgoletna ravnateljica mag. Iva Pu\u010dnik Ozimi\u010d je predala ravnateljsko mesto svojemu nasledniku, mag. Marjanu Kampu\u0161u. Na \u0161oli so upokojitev ravnateljice in \u0161e ene sodelavke obele\u017eili s sve\u010danostjo, ki je potekala 15. septembra. Takole so strnili vtise dogodka: \u00bbV \u0161palirju napolnjeni hodniki, ljube\u010di pozdravi, [&hellip;]<\/p>\n","protected":false},"author":8,"featured_media":167449,"comment_status":"closed","ping_status":"closed","sticky":false,"template":"","format":"standard","meta":{"footnotes":""},"categories":[14,32],"tags":[7949,17342,8620,171,886],"class_list":{"0":"post-167447","1":"post","2":"type-post","3":"status-publish","4":"format-standard","5":"has-post-thumbnail","7":"category-aktualno","8":"category-bistrisko","9":"tag-iva-pucnik-ozimic","10":"tag-marjan-kampus","11":"tag-ravnateljica","12":"tag-slovenska-bistrica","13":"tag-srednja-sola"},"yoast_head":"<!-- This site is optimized with the Yoast SEO plugin v27.4 - https:\/\/yoast.com\/product\/yoast-seo-wordpress\/ -->\n<title>Dolgoletna ravnateljica Srednje \u0161ole Slovenska Bistrica predala ravnateljsko mesto nasledniku - Novice.si<\/title>\n<meta name=\"robots\" content=\"index, follow, max-snippet:-1, max-image-preview:large, max-video-preview:-1\" \/>\n<link rel=\"canonical\" href=\"https:\/\/novice.si\/page\/dolgoletna-ravnateljica-srednje-sole-slovenska-bistrica-predala-ravnateljsko-mesto-nasledniku\/\" \/>\n<meta property=\"og:locale\" content=\"sl_SI\" \/>\n<meta property=\"og:type\" content=\"article\" \/>\n<meta property=\"og:title\" content=\"Dolgoletna ravnateljica Srednje \u0161ole Slovenska Bistrica predala ravnateljsko mesto nasledniku - Novice.si\" \/>\n<meta property=\"og:description\" content=\"Srednja \u0161ola Slovenska Bistrica je s tem \u0161olskim letom dobila novo vodstvo. Dolgoletna ravnateljica mag. Iva Pu\u010dnik Ozimi\u010d je predala ravnateljsko mesto svojemu nasledniku, mag. Marjanu Kampu\u0161u. Na \u0161oli so upokojitev ravnateljice in \u0161e ene sodelavke obele\u017eili s sve\u010danostjo, ki je potekala 15. septembra. Takole so strnili vtise dogodka: \u00bbV \u0161palirju napolnjeni hodniki, ljube\u010di pozdravi, [&hellip;]\" \/>\n<meta property=\"og:url\" content=\"https:\/\/novice.si\/page\/dolgoletna-ravnateljica-srednje-sole-slovenska-bistrica-predala-ravnateljsko-mesto-nasledniku\/\" \/>\n<meta property=\"og:site_name\" content=\"Novice.si\" \/>\n<meta property=\"article:published_time\" content=\"2023-09-19T08:26:50+00:00\" \/>\n<meta property=\"og:image\" content=\"https:\/\/novice.si\/page\/wp-content\/uploads\/2023\/09\/Srednja-3_resize.jpg\" \/>\n\t<meta property=\"og:image:width\" content=\"1000\" \/>\n\t<meta property=\"og:image:height\" content=\"666\" \/>\n\t<meta property=\"og:image:type\" content=\"image\/jpeg\" \/>\n<meta name=\"author\" content=\"Uredni\u0161tvo Bistri\u0161kih novic\" \/>\n<meta name=\"twitter:card\" content=\"summary_large_image\" \/>\n<meta name=\"twitter:label1\" content=\"Written by\" \/>\n\t<meta name=\"twitter:data1\" content=\"Uredni\u0161tvo Bistri\u0161kih novic\" \/>\n\t<meta name=\"twitter:label2\" content=\"Est. reading time\" \/>\n\t<meta name=\"twitter:data2\" content=\"3 minute\" \/>\n<script type=\"application\/ld+json\" class=\"yoast-schema-graph\">{\"@context\":\"https:\\\/\\\/schema.org\",\"@graph\":[{\"@type\":\"Article\",\"@id\":\"https:\\\/\\\/novice.si\\\/page\\\/dolgoletna-ravnateljica-srednje-sole-slovenska-bistrica-predala-ravnateljsko-mesto-nasledniku\\\/#article\",\"isPartOf\":{\"@id\":\"https:\\\/\\\/novice.si\\\/page\\\/dolgoletna-ravnateljica-srednje-sole-slovenska-bistrica-predala-ravnateljsko-mesto-nasledniku\\\/\"},\"author\":{\"name\":\"Uredni\u0161tvo Bistri\u0161kih novic\",\"@id\":\"https:\\\/\\\/novice.si\\\/page\\\/#\\\/schema\\\/person\\\/96b32396deedcde3f7f776c306b4be21\"},\"headline\":\"Dolgoletna ravnateljica Srednje \u0161ole Slovenska Bistrica predala ravnateljsko mesto nasledniku\",\"datePublished\":\"2023-09-19T08:26:50+00:00\",\"mainEntityOfPage\":{\"@id\":\"https:\\\/\\\/novice.si\\\/page\\\/dolgoletna-ravnateljica-srednje-sole-slovenska-bistrica-predala-ravnateljsko-mesto-nasledniku\\\/\"},\"wordCount\":449,\"publisher\":{\"@id\":\"https:\\\/\\\/novice.si\\\/page\\\/#organization\"},\"image\":{\"@id\":\"https:\\\/\\\/novice.si\\\/page\\\/dolgoletna-ravnateljica-srednje-sole-slovenska-bistrica-predala-ravnateljsko-mesto-nasledniku\\\/#primaryimage\"},\"thumbnailUrl\":\"https:\\\/\\\/novice.si\\\/page\\\/wp-content\\\/uploads\\\/2023\\\/09\\\/Srednja-3_resize.jpg\",\"keywords\":[\"Iva Pu\u010dnik Ozimi\u010d\",\"marjan Kampu\u0161\",\"ravnateljica\",\"Slovenska Bistrica\",\"srednja \u0161ola\"],\"articleSection\":[\"Aktualno\",\"Bistri\u0161ko\"],\"inLanguage\":\"sl-SI\"},{\"@type\":\"WebPage\",\"@id\":\"https:\\\/\\\/novice.si\\\/page\\\/dolgoletna-ravnateljica-srednje-sole-slovenska-bistrica-predala-ravnateljsko-mesto-nasledniku\\\/\",\"url\":\"https:\\\/\\\/novice.si\\\/page\\\/dolgoletna-ravnateljica-srednje-sole-slovenska-bistrica-predala-ravnateljsko-mesto-nasledniku\\\/\",\"name\":\"Dolgoletna ravnateljica Srednje \u0161ole Slovenska Bistrica predala ravnateljsko mesto nasledniku - Novice.si\",\"isPartOf\":{\"@id\":\"https:\\\/\\\/novice.si\\\/page\\\/#website\"},\"primaryImageOfPage\":{\"@id\":\"https:\\\/\\\/novice.si\\\/page\\\/dolgoletna-ravnateljica-srednje-sole-slovenska-bistrica-predala-ravnateljsko-mesto-nasledniku\\\/#primaryimage\"},\"image\":{\"@id\":\"https:\\\/\\\/novice.si\\\/page\\\/dolgoletna-ravnateljica-srednje-sole-slovenska-bistrica-predala-ravnateljsko-mesto-nasledniku\\\/#primaryimage\"},\"thumbnailUrl\":\"https:\\\/\\\/novice.si\\\/page\\\/wp-content\\\/uploads\\\/2023\\\/09\\\/Srednja-3_resize.jpg\",\"datePublished\":\"2023-09-19T08:26:50+00:00\",\"breadcrumb\":{\"@id\":\"https:\\\/\\\/novice.si\\\/page\\\/dolgoletna-ravnateljica-srednje-sole-slovenska-bistrica-predala-ravnateljsko-mesto-nasledniku\\\/#breadcrumb\"},\"inLanguage\":\"sl-SI\",\"potentialAction\":[{\"@type\":\"ReadAction\",\"target\":[\"https:\\\/\\\/novice.si\\\/page\\\/dolgoletna-ravnateljica-srednje-sole-slovenska-bistrica-predala-ravnateljsko-mesto-nasledniku\\\/\"]}]},{\"@type\":\"ImageObject\",\"inLanguage\":\"sl-SI\",\"@id\":\"https:\\\/\\\/novice.si\\\/page\\\/dolgoletna-ravnateljica-srednje-sole-slovenska-bistrica-predala-ravnateljsko-mesto-nasledniku\\\/#primaryimage\",\"url\":\"https:\\\/\\\/novice.si\\\/page\\\/wp-content\\\/uploads\\\/2023\\\/09\\\/Srednja-3_resize.jpg\",\"contentUrl\":\"https:\\\/\\\/novice.si\\\/page\\\/wp-content\\\/uploads\\\/2023\\\/09\\\/Srednja-3_resize.jpg\",\"width\":1000,\"height\":666},{\"@type\":\"BreadcrumbList\",\"@id\":\"https:\\\/\\\/novice.si\\\/page\\\/dolgoletna-ravnateljica-srednje-sole-slovenska-bistrica-predala-ravnateljsko-mesto-nasledniku\\\/#breadcrumb\",\"itemListElement\":[{\"@type\":\"ListItem\",\"position\":1,\"name\":\"Home\",\"item\":\"https:\\\/\\\/novice.si\\\/page\\\/\"},{\"@type\":\"ListItem\",\"position\":2,\"name\":\"Dolgoletna ravnateljica Srednje \u0161ole Slovenska Bistrica predala ravnateljsko mesto nasledniku\"}]},{\"@type\":\"WebSite\",\"@id\":\"https:\\\/\\\/novice.si\\\/page\\\/#website\",\"url\":\"https:\\\/\\\/novice.si\\\/page\\\/\",\"name\":\"Novice.si\",\"description\":\"\",\"publisher\":{\"@id\":\"https:\\\/\\\/novice.si\\\/page\\\/#organization\"},\"potentialAction\":[{\"@type\":\"SearchAction\",\"target\":{\"@type\":\"EntryPoint\",\"urlTemplate\":\"https:\\\/\\\/novice.si\\\/page\\\/?s={search_term_string}\"},\"query-input\":{\"@type\":\"PropertyValueSpecification\",\"valueRequired\":true,\"valueName\":\"search_term_string\"}}],\"inLanguage\":\"sl-SI\"},{\"@type\":\"Organization\",\"@id\":\"https:\\\/\\\/novice.si\\\/page\\\/#organization\",\"name\":\"Novice.si\",\"url\":\"https:\\\/\\\/novice.si\\\/page\\\/\",\"logo\":{\"@type\":\"ImageObject\",\"inLanguage\":\"sl-SI\",\"@id\":\"https:\\\/\\\/novice.si\\\/page\\\/#\\\/schema\\\/logo\\\/image\\\/\",\"url\":\"https:\\\/\\\/novice.si\\\/page\\\/wp-content\\\/uploads\\\/2023\\\/03\\\/novice_si.png\",\"contentUrl\":\"https:\\\/\\\/novice.si\\\/page\\\/wp-content\\\/uploads\\\/2023\\\/03\\\/novice_si.png\",\"width\":576,\"height\":200,\"caption\":\"Novice.si\"},\"image\":{\"@id\":\"https:\\\/\\\/novice.si\\\/page\\\/#\\\/schema\\\/logo\\\/image\\\/\"}},{\"@type\":\"Person\",\"@id\":\"https:\\\/\\\/novice.si\\\/page\\\/#\\\/schema\\\/person\\\/96b32396deedcde3f7f776c306b4be21\",\"name\":\"Uredni\u0161tvo Bistri\u0161kih novic\",\"image\":{\"@type\":\"ImageObject\",\"inLanguage\":\"sl-SI\",\"@id\":\"https:\\\/\\\/secure.gravatar.com\\\/avatar\\\/26c56c4b10cdb3a21e86442e5f2845a4eafdd0f3605def77ec6cff4aaef32ea4?s=96&d=mm&r=g\",\"url\":\"https:\\\/\\\/secure.gravatar.com\\\/avatar\\\/26c56c4b10cdb3a21e86442e5f2845a4eafdd0f3605def77ec6cff4aaef32ea4?s=96&d=mm&r=g\",\"contentUrl\":\"https:\\\/\\\/secure.gravatar.com\\\/avatar\\\/26c56c4b10cdb3a21e86442e5f2845a4eafdd0f3605def77ec6cff4aaef32ea4?s=96&d=mm&r=g\",\"caption\":\"Uredni\u0161tvo Bistri\u0161kih novic\"},\"url\":\"https:\\\/\\\/novice.si\\\/page\\\/author\\\/bojana\\\/\"}]}<\/script>\n<!-- \/ Yoast SEO plugin. -->","yoast_head_json":{"title":"Dolgoletna ravnateljica Srednje \u0161ole Slovenska Bistrica predala ravnateljsko mesto nasledniku - Novice.si","robots":{"index":"index","follow":"follow","max-snippet":"max-snippet:-1","max-image-preview":"max-image-preview:large","max-video-preview":"max-video-preview:-1"},"canonical":"https:\/\/novice.si\/page\/dolgoletna-ravnateljica-srednje-sole-slovenska-bistrica-predala-ravnateljsko-mesto-nasledniku\/","og_locale":"sl_SI","og_type":"article","og_title":"Dolgoletna ravnateljica Srednje \u0161ole Slovenska Bistrica predala ravnateljsko mesto nasledniku - Novice.si","og_description":"Srednja \u0161ola Slovenska Bistrica je s tem \u0161olskim letom dobila novo vodstvo. Dolgoletna ravnateljica mag. Iva Pu\u010dnik Ozimi\u010d je predala ravnateljsko mesto svojemu nasledniku, mag. Marjanu Kampu\u0161u. Na \u0161oli so upokojitev ravnateljice in \u0161e ene sodelavke obele\u017eili s sve\u010danostjo, ki je potekala 15. septembra. Takole so strnili vtise dogodka: \u00bbV \u0161palirju napolnjeni hodniki, ljube\u010di pozdravi, [&hellip;]","og_url":"https:\/\/novice.si\/page\/dolgoletna-ravnateljica-srednje-sole-slovenska-bistrica-predala-ravnateljsko-mesto-nasledniku\/","og_site_name":"Novice.si","article_published_time":"2023-09-19T08:26:50+00:00","og_image":[{"width":1000,"height":666,"url":"https:\/\/novice.si\/page\/wp-content\/uploads\/2023\/09\/Srednja-3_resize.jpg","type":"image\/jpeg"}],"author":"Uredni\u0161tvo Bistri\u0161kih novic","twitter_card":"summary_large_image","twitter_misc":{"Written by":"Uredni\u0161tvo Bistri\u0161kih novic","Est. reading time":"3 minute"},"schema":{"@context":"https:\/\/schema.org","@graph":[{"@type":"Article","@id":"https:\/\/novice.si\/page\/dolgoletna-ravnateljica-srednje-sole-slovenska-bistrica-predala-ravnateljsko-mesto-nasledniku\/#article","isPartOf":{"@id":"https:\/\/novice.si\/page\/dolgoletna-ravnateljica-srednje-sole-slovenska-bistrica-predala-ravnateljsko-mesto-nasledniku\/"},"author":{"name":"Uredni\u0161tvo Bistri\u0161kih novic","@id":"https:\/\/novice.si\/page\/#\/schema\/person\/96b32396deedcde3f7f776c306b4be21"},"headline":"Dolgoletna ravnateljica Srednje \u0161ole Slovenska Bistrica predala ravnateljsko mesto nasledniku","datePublished":"2023-09-19T08:26:50+00:00","mainEntityOfPage":{"@id":"https:\/\/novice.si\/page\/dolgoletna-ravnateljica-srednje-sole-slovenska-bistrica-predala-ravnateljsko-mesto-nasledniku\/"},"wordCount":449,"publisher":{"@id":"https:\/\/novice.si\/page\/#organization"},"image":{"@id":"https:\/\/novice.si\/page\/dolgoletna-ravnateljica-srednje-sole-slovenska-bistrica-predala-ravnateljsko-mesto-nasledniku\/#primaryimage"},"thumbnailUrl":"https:\/\/novice.si\/page\/wp-content\/uploads\/2023\/09\/Srednja-3_resize.jpg","keywords":["Iva Pu\u010dnik Ozimi\u010d","marjan Kampu\u0161","ravnateljica","Slovenska Bistrica","srednja \u0161ola"],"articleSection":["Aktualno","Bistri\u0161ko"],"inLanguage":"sl-SI"},{"@type":"WebPage","@id":"https:\/\/novice.si\/page\/dolgoletna-ravnateljica-srednje-sole-slovenska-bistrica-predala-ravnateljsko-mesto-nasledniku\/","url":"https:\/\/novice.si\/page\/dolgoletna-ravnateljica-srednje-sole-slovenska-bistrica-predala-ravnateljsko-mesto-nasledniku\/","name":"Dolgoletna ravnateljica Srednje \u0161ole Slovenska Bistrica predala ravnateljsko mesto nasledniku - Novice.si","isPartOf":{"@id":"https:\/\/novice.si\/page\/#website"},"primaryImageOfPage":{"@id":"https:\/\/novice.si\/page\/dolgoletna-ravnateljica-srednje-sole-slovenska-bistrica-predala-ravnateljsko-mesto-nasledniku\/#primaryimage"},"image":{"@id":"https:\/\/novice.si\/page\/dolgoletna-ravnateljica-srednje-sole-slovenska-bistrica-predala-ravnateljsko-mesto-nasledniku\/#primaryimage"},"thumbnailUrl":"https:\/\/novice.si\/page\/wp-content\/uploads\/2023\/09\/Srednja-3_resize.jpg","datePublished":"2023-09-19T08:26:50+00:00","breadcrumb":{"@id":"https:\/\/novice.si\/page\/dolgoletna-ravnateljica-srednje-sole-slovenska-bistrica-predala-ravnateljsko-mesto-nasledniku\/#breadcrumb"},"inLanguage":"sl-SI","potentialAction":[{"@type":"ReadAction","target":["https:\/\/novice.si\/page\/dolgoletna-ravnateljica-srednje-sole-slovenska-bistrica-predala-ravnateljsko-mesto-nasledniku\/"]}]},{"@type":"ImageObject","inLanguage":"sl-SI","@id":"https:\/\/novice.si\/page\/dolgoletna-ravnateljica-srednje-sole-slovenska-bistrica-predala-ravnateljsko-mesto-nasledniku\/#primaryimage","url":"https:\/\/novice.si\/page\/wp-content\/uploads\/2023\/09\/Srednja-3_resize.jpg","contentUrl":"https:\/\/novice.si\/page\/wp-content\/uploads\/2023\/09\/Srednja-3_resize.jpg","width":1000,"height":666},{"@type":"BreadcrumbList","@id":"https:\/\/novice.si\/page\/dolgoletna-ravnateljica-srednje-sole-slovenska-bistrica-predala-ravnateljsko-mesto-nasledniku\/#breadcrumb","itemListElement":[{"@type":"ListItem","position":1,"name":"Home","item":"https:\/\/novice.si\/page\/"},{"@type":"ListItem","position":2,"name":"Dolgoletna ravnateljica Srednje \u0161ole Slovenska Bistrica predala ravnateljsko mesto nasledniku"}]},{"@type":"WebSite","@id":"https:\/\/novice.si\/page\/#website","url":"https:\/\/novice.si\/page\/","name":"Novice.si","description":"","publisher":{"@id":"https:\/\/novice.si\/page\/#organization"},"potentialAction":[{"@type":"SearchAction","target":{"@type":"EntryPoint","urlTemplate":"https:\/\/novice.si\/page\/?s={search_term_string}"},"query-input":{"@type":"PropertyValueSpecification","valueRequired":true,"valueName":"search_term_string"}}],"inLanguage":"sl-SI"},{"@type":"Organization","@id":"https:\/\/novice.si\/page\/#organization","name":"Novice.si","url":"https:\/\/novice.si\/page\/","logo":{"@type":"ImageObject","inLanguage":"sl-SI","@id":"https:\/\/novice.si\/page\/#\/schema\/logo\/image\/","url":"https:\/\/novice.si\/page\/wp-content\/uploads\/2023\/03\/novice_si.png","contentUrl":"https:\/\/novice.si\/page\/wp-content\/uploads\/2023\/03\/novice_si.png","width":576,"height":200,"caption":"Novice.si"},"image":{"@id":"https:\/\/novice.si\/page\/#\/schema\/logo\/image\/"}},{"@type":"Person","@id":"https:\/\/novice.si\/page\/#\/schema\/person\/96b32396deedcde3f7f776c306b4be21","name":"Uredni\u0161tvo Bistri\u0161kih novic","image":{"@type":"ImageObject","inLanguage":"sl-SI","@id":"https:\/\/secure.gravatar.com\/avatar\/26c56c4b10cdb3a21e86442e5f2845a4eafdd0f3605def77ec6cff4aaef32ea4?s=96&d=mm&r=g","url":"https:\/\/secure.gravatar.com\/avatar\/26c56c4b10cdb3a21e86442e5f2845a4eafdd0f3605def77ec6cff4aaef32ea4?s=96&d=mm&r=g","contentUrl":"https:\/\/secure.gravatar.com\/avatar\/26c56c4b10cdb3a21e86442e5f2845a4eafdd0f3605def77ec6cff4aaef32ea4?s=96&d=mm&r=g","caption":"Uredni\u0161tvo Bistri\u0161kih novic"},"url":"https:\/\/novice.si\/page\/author\/bojana\/"}]}},"_links":{"self":[{"href":"https:\/\/novice.si\/page\/wp-json\/wp\/v2\/posts\/167447","targetHints":{"allow":["GET"]}}],"collection":[{"href":"https:\/\/novice.si\/page\/wp-json\/wp\/v2\/posts"}],"about":[{"href":"https:\/\/novice.si\/page\/wp-json\/wp\/v2\/types\/post"}],"author":[{"embeddable":true,"href":"https:\/\/novice.si\/page\/wp-json\/wp\/v2\/users\/8"}],"replies":[{"embeddable":true,"href":"https:\/\/novice.si\/page\/wp-json\/wp\/v2\/comments?post=167447"}],"version-history":[{"count":1,"href":"https:\/\/novice.si\/page\/wp-json\/wp\/v2\/posts\/167447\/revisions"}],"predecessor-version":[{"id":167456,"href":"https:\/\/novice.si\/page\/wp-json\/wp\/v2\/posts\/167447\/revisions\/167456"}],"wp:featuredmedia":[{"embeddable":true,"href":"https:\/\/novice.si\/page\/wp-json\/wp\/v2\/media\/167449"}],"wp:attachment":[{"href":"https:\/\/novice.si\/page\/wp-json\/wp\/v2\/media?parent=167447"}],"wp:term":[{"taxonomy":"category","embeddable":true,"href":"https:\/\/novice.si\/page\/wp-json\/wp\/v2\/categories?post=167447"},{"taxonomy":"post_tag","embeddable":true,"href":"https:\/\/novice.si\/page\/wp-json\/wp\/v2\/tags?post=167447"}],"curies":[{"name":"wp","href":"https:\/\/api.w.org\/{rel}","templated":true}]}}