{"id":167430,"date":"2023-09-17T18:24:43","date_gmt":"2023-09-17T16:24:43","guid":{"rendered":"https:\/\/novice.si\/page\/?p=167430"},"modified":"2023-09-17T18:26:02","modified_gmt":"2023-09-17T16:26:02","slug":"tim-gajser-po-padcu-v-maggiori-do-petega-mesta","status":"publish","type":"post","link":"https:\/\/novice.si\/page\/tim-gajser-po-padcu-v-maggiori-do-petega-mesta\/","title":{"rendered":"Tim Gajser po padcu v Maggiori do petega mesta"},"content":{"rendered":"<p class=\"T\"><img loading=\"lazy\" decoding=\"async\" class=\"alignnone size-medium wp-image-151118\" src=\"https:\/\/novice.si\/page\/wp-content\/uploads\/2022\/06\/Gajser04-300x199.jpg\" alt=\"\" width=\"300\" height=\"199\" srcset=\"https:\/\/novice.si\/page\/wp-content\/uploads\/2022\/06\/Gajser04-300x199.jpg 300w, https:\/\/novice.si\/page\/wp-content\/uploads\/2022\/06\/Gajser04-768x510.jpg 768w, https:\/\/novice.si\/page\/wp-content\/uploads\/2022\/06\/Gajser04-696x462.jpg 696w, https:\/\/novice.si\/page\/wp-content\/uploads\/2022\/06\/Gajser04-632x420.jpg 632w, https:\/\/novice.si\/page\/wp-content\/uploads\/2022\/06\/Gajser04-24x16.jpg 24w, https:\/\/novice.si\/page\/wp-content\/uploads\/2022\/06\/Gajser04-36x24.jpg 36w, https:\/\/novice.si\/page\/wp-content\/uploads\/2022\/06\/Gajser04-48x32.jpg 48w, https:\/\/novice.si\/page\/wp-content\/uploads\/2022\/06\/Gajser04.jpg 900w\" sizes=\"auto, (max-width: 300px) 100vw, 300px\" \/><br \/>\nPredzadnjo dirko za svetovno prvenstvo v leto\u0161nji sezoni so odpeljali motokrosisti. <b>Tim Gajser<\/b> je v italijanski Maggiori kon\u010dal na petem mestu. Makol\u010dan je prilo\u017enost za vi\u0161jo uvrstitev iz rok spustil v prvi vo\u017enji, ko je po padcu po startu dirko za\u010del iz ozadja. Prvo vo\u017enjo je nato kon\u010dal kot deveti, v drugi vo\u017enji pa je bil drugi.<br \/>\nZmagal je \u0160vicar <b>Jeremy Seewer<\/b>, \u0160panec <b>Jorge Prado<\/b> pa je potrdil naslov prvaka v razredu MXGP za sezono 2023. Gajser, ki se je karavani po po\u0161kodbi priklju\u010dil \u0161ele sredi julija, je letos odpeljal le sedem dirk od osemnajstih in se \u017ee prebil na trinajsto mesto v skupnem se\u0161tevku. Sezona svetovnega prvebstva se bo kon\u010dala naslednji teden v britanskem Matterley Basinu, v za\u010detku oktobra pa bo v francoskem Erneeju \u0161e ekipno svetovno prvenstvo. (Jure Mernik)<\/p>\n<p>Preberite tudi:<br \/>\nPrva zmaga Tima Gajserja po po\u0161kodbi<br \/>\n<a href=\"https:\/\/novice.si\/page\/prva-zmaga-tima-gajserja-po-poskodbi\/\">https:\/\/novice.si\/page\/prva-zmaga-tima-gajserja-po-poskodbi\/<\/a><\/p>\n","protected":false},"excerpt":{"rendered":"<p>Predzadnjo dirko za svetovno prvenstvo v leto\u0161nji sezoni so odpeljali motokrosisti. Tim Gajser je v italijanski Maggiori kon\u010dal na petem mestu. Makol\u010dan je prilo\u017enost za vi\u0161jo uvrstitev iz rok spustil v prvi vo\u017enji, ko je po padcu po startu dirko za\u010del iz ozadja. Prvo vo\u017enjo je nato kon\u010dal kot deveti, v drugi vo\u017enji pa je [&hellip;]<\/p>\n","protected":false},"author":7,"featured_media":151118,"comment_status":"closed","ping_status":"closed","sticky":false,"template":"","format":"standard","meta":{"footnotes":""},"categories":[14,32,68],"tags":[5120,1599],"class_list":{"0":"post-167430","1":"post","2":"type-post","3":"status-publish","4":"format-standard","5":"has-post-thumbnail","7":"category-aktualno","8":"category-bistrisko","9":"category-sport","10":"tag-mxgp","11":"tag-tim-gajser"},"yoast_head":"<!-- This site is optimized with the Yoast SEO plugin v27.4 - https:\/\/yoast.com\/product\/yoast-seo-wordpress\/ -->\n<title>Tim Gajser po padcu v Maggiori do petega mesta - Novice.si<\/title>\n<meta name=\"robots\" content=\"index, follow, max-snippet:-1, max-image-preview:large, max-video-preview:-1\" \/>\n<link rel=\"canonical\" href=\"https:\/\/novice.si\/page\/tim-gajser-po-padcu-v-maggiori-do-petega-mesta\/\" \/>\n<meta property=\"og:locale\" content=\"sl_SI\" \/>\n<meta property=\"og:type\" content=\"article\" \/>\n<meta property=\"og:title\" content=\"Tim Gajser po padcu v Maggiori do petega mesta - Novice.si\" \/>\n<meta property=\"og:description\" content=\"Predzadnjo dirko za svetovno prvenstvo v leto\u0161nji sezoni so odpeljali motokrosisti. Tim Gajser je v italijanski Maggiori kon\u010dal na petem mestu. Makol\u010dan je prilo\u017enost za vi\u0161jo uvrstitev iz rok spustil v prvi vo\u017enji, ko je po padcu po startu dirko za\u010del iz ozadja. Prvo vo\u017enjo je nato kon\u010dal kot deveti, v drugi vo\u017enji pa je [&hellip;]\" \/>\n<meta property=\"og:url\" content=\"https:\/\/novice.si\/page\/tim-gajser-po-padcu-v-maggiori-do-petega-mesta\/\" \/>\n<meta property=\"og:site_name\" content=\"Novice.si\" \/>\n<meta property=\"article:published_time\" content=\"2023-09-17T16:24:43+00:00\" \/>\n<meta property=\"article:modified_time\" content=\"2023-09-17T16:26:02+00:00\" \/>\n<meta property=\"og:image\" content=\"https:\/\/novice.si\/page\/wp-content\/uploads\/2022\/06\/Gajser04.jpg\" \/>\n\t<meta property=\"og:image:width\" content=\"900\" \/>\n\t<meta property=\"og:image:height\" content=\"598\" \/>\n\t<meta property=\"og:image:type\" content=\"image\/jpeg\" \/>\n<meta name=\"author\" content=\"Uredni\u0161tvo Novic\" \/>\n<meta name=\"twitter:card\" content=\"summary_large_image\" \/>\n<meta name=\"twitter:label1\" content=\"Written by\" \/>\n\t<meta name=\"twitter:data1\" content=\"Uredni\u0161tvo Novic\" \/>\n\t<meta name=\"twitter:label2\" content=\"Est. reading time\" \/>\n\t<meta name=\"twitter:data2\" content=\"1 minuta\" \/>\n<script type=\"application\/ld+json\" class=\"yoast-schema-graph\">{\"@context\":\"https:\\\/\\\/schema.org\",\"@graph\":[{\"@type\":\"Article\",\"@id\":\"https:\\\/\\\/novice.si\\\/page\\\/tim-gajser-po-padcu-v-maggiori-do-petega-mesta\\\/#article\",\"isPartOf\":{\"@id\":\"https:\\\/\\\/novice.si\\\/page\\\/tim-gajser-po-padcu-v-maggiori-do-petega-mesta\\\/\"},\"author\":{\"name\":\"Uredni\u0161tvo Novic\",\"@id\":\"https:\\\/\\\/novice.si\\\/page\\\/#\\\/schema\\\/person\\\/a877dbb8680d441357ce27663beb35ca\"},\"headline\":\"Tim Gajser po padcu v Maggiori do petega mesta\",\"datePublished\":\"2023-09-17T16:24:43+00:00\",\"dateModified\":\"2023-09-17T16:26:02+00:00\",\"mainEntityOfPage\":{\"@id\":\"https:\\\/\\\/novice.si\\\/page\\\/tim-gajser-po-padcu-v-maggiori-do-petega-mesta\\\/\"},\"wordCount\":168,\"publisher\":{\"@id\":\"https:\\\/\\\/novice.si\\\/page\\\/#organization\"},\"image\":{\"@id\":\"https:\\\/\\\/novice.si\\\/page\\\/tim-gajser-po-padcu-v-maggiori-do-petega-mesta\\\/#primaryimage\"},\"thumbnailUrl\":\"https:\\\/\\\/novice.si\\\/page\\\/wp-content\\\/uploads\\\/2022\\\/06\\\/Gajser04.jpg\",\"keywords\":[\"MXGP\",\"Tim Gajser\"],\"articleSection\":[\"Aktualno\",\"Bistri\u0161ko\",\"\u0160port\"],\"inLanguage\":\"sl-SI\"},{\"@type\":\"WebPage\",\"@id\":\"https:\\\/\\\/novice.si\\\/page\\\/tim-gajser-po-padcu-v-maggiori-do-petega-mesta\\\/\",\"url\":\"https:\\\/\\\/novice.si\\\/page\\\/tim-gajser-po-padcu-v-maggiori-do-petega-mesta\\\/\",\"name\":\"Tim Gajser po padcu v Maggiori do petega mesta - Novice.si\",\"isPartOf\":{\"@id\":\"https:\\\/\\\/novice.si\\\/page\\\/#website\"},\"primaryImageOfPage\":{\"@id\":\"https:\\\/\\\/novice.si\\\/page\\\/tim-gajser-po-padcu-v-maggiori-do-petega-mesta\\\/#primaryimage\"},\"image\":{\"@id\":\"https:\\\/\\\/novice.si\\\/page\\\/tim-gajser-po-padcu-v-maggiori-do-petega-mesta\\\/#primaryimage\"},\"thumbnailUrl\":\"https:\\\/\\\/novice.si\\\/page\\\/wp-content\\\/uploads\\\/2022\\\/06\\\/Gajser04.jpg\",\"datePublished\":\"2023-09-17T16:24:43+00:00\",\"dateModified\":\"2023-09-17T16:26:02+00:00\",\"breadcrumb\":{\"@id\":\"https:\\\/\\\/novice.si\\\/page\\\/tim-gajser-po-padcu-v-maggiori-do-petega-mesta\\\/#breadcrumb\"},\"inLanguage\":\"sl-SI\",\"potentialAction\":[{\"@type\":\"ReadAction\",\"target\":[\"https:\\\/\\\/novice.si\\\/page\\\/tim-gajser-po-padcu-v-maggiori-do-petega-mesta\\\/\"]}]},{\"@type\":\"ImageObject\",\"inLanguage\":\"sl-SI\",\"@id\":\"https:\\\/\\\/novice.si\\\/page\\\/tim-gajser-po-padcu-v-maggiori-do-petega-mesta\\\/#primaryimage\",\"url\":\"https:\\\/\\\/novice.si\\\/page\\\/wp-content\\\/uploads\\\/2022\\\/06\\\/Gajser04.jpg\",\"contentUrl\":\"https:\\\/\\\/novice.si\\\/page\\\/wp-content\\\/uploads\\\/2022\\\/06\\\/Gajser04.jpg\",\"width\":900,\"height\":598},{\"@type\":\"BreadcrumbList\",\"@id\":\"https:\\\/\\\/novice.si\\\/page\\\/tim-gajser-po-padcu-v-maggiori-do-petega-mesta\\\/#breadcrumb\",\"itemListElement\":[{\"@type\":\"ListItem\",\"position\":1,\"name\":\"Home\",\"item\":\"https:\\\/\\\/novice.si\\\/page\\\/\"},{\"@type\":\"ListItem\",\"position\":2,\"name\":\"Tim Gajser po padcu v Maggiori do petega mesta\"}]},{\"@type\":\"WebSite\",\"@id\":\"https:\\\/\\\/novice.si\\\/page\\\/#website\",\"url\":\"https:\\\/\\\/novice.si\\\/page\\\/\",\"name\":\"Novice.si\",\"description\":\"\",\"publisher\":{\"@id\":\"https:\\\/\\\/novice.si\\\/page\\\/#organization\"},\"potentialAction\":[{\"@type\":\"SearchAction\",\"target\":{\"@type\":\"EntryPoint\",\"urlTemplate\":\"https:\\\/\\\/novice.si\\\/page\\\/?s={search_term_string}\"},\"query-input\":{\"@type\":\"PropertyValueSpecification\",\"valueRequired\":true,\"valueName\":\"search_term_string\"}}],\"inLanguage\":\"sl-SI\"},{\"@type\":\"Organization\",\"@id\":\"https:\\\/\\\/novice.si\\\/page\\\/#organization\",\"name\":\"Novice.si\",\"url\":\"https:\\\/\\\/novice.si\\\/page\\\/\",\"logo\":{\"@type\":\"ImageObject\",\"inLanguage\":\"sl-SI\",\"@id\":\"https:\\\/\\\/novice.si\\\/page\\\/#\\\/schema\\\/logo\\\/image\\\/\",\"url\":\"https:\\\/\\\/novice.si\\\/page\\\/wp-content\\\/uploads\\\/2023\\\/03\\\/novice_si.png\",\"contentUrl\":\"https:\\\/\\\/novice.si\\\/page\\\/wp-content\\\/uploads\\\/2023\\\/03\\\/novice_si.png\",\"width\":576,\"height\":200,\"caption\":\"Novice.si\"},\"image\":{\"@id\":\"https:\\\/\\\/novice.si\\\/page\\\/#\\\/schema\\\/logo\\\/image\\\/\"}},{\"@type\":\"Person\",\"@id\":\"https:\\\/\\\/novice.si\\\/page\\\/#\\\/schema\\\/person\\\/a877dbb8680d441357ce27663beb35ca\",\"name\":\"Uredni\u0161tvo Novic\",\"image\":{\"@type\":\"ImageObject\",\"inLanguage\":\"sl-SI\",\"@id\":\"https:\\\/\\\/secure.gravatar.com\\\/avatar\\\/f19c0ae874706cc9ba19d2f6da5f74a5a5ee7674f283fed29ce0ad16a9f1893e?s=96&d=mm&r=g\",\"url\":\"https:\\\/\\\/secure.gravatar.com\\\/avatar\\\/f19c0ae874706cc9ba19d2f6da5f74a5a5ee7674f283fed29ce0ad16a9f1893e?s=96&d=mm&r=g\",\"contentUrl\":\"https:\\\/\\\/secure.gravatar.com\\\/avatar\\\/f19c0ae874706cc9ba19d2f6da5f74a5a5ee7674f283fed29ce0ad16a9f1893e?s=96&d=mm&r=g\",\"caption\":\"Uredni\u0161tvo Novic\"},\"url\":\"https:\\\/\\\/novice.si\\\/page\\\/author\\\/jure\\\/\"}]}<\/script>\n<!-- \/ Yoast SEO plugin. -->","yoast_head_json":{"title":"Tim Gajser po padcu v Maggiori do petega mesta - Novice.si","robots":{"index":"index","follow":"follow","max-snippet":"max-snippet:-1","max-image-preview":"max-image-preview:large","max-video-preview":"max-video-preview:-1"},"canonical":"https:\/\/novice.si\/page\/tim-gajser-po-padcu-v-maggiori-do-petega-mesta\/","og_locale":"sl_SI","og_type":"article","og_title":"Tim Gajser po padcu v Maggiori do petega mesta - Novice.si","og_description":"Predzadnjo dirko za svetovno prvenstvo v leto\u0161nji sezoni so odpeljali motokrosisti. Tim Gajser je v italijanski Maggiori kon\u010dal na petem mestu. Makol\u010dan je prilo\u017enost za vi\u0161jo uvrstitev iz rok spustil v prvi vo\u017enji, ko je po padcu po startu dirko za\u010del iz ozadja. Prvo vo\u017enjo je nato kon\u010dal kot deveti, v drugi vo\u017enji pa je [&hellip;]","og_url":"https:\/\/novice.si\/page\/tim-gajser-po-padcu-v-maggiori-do-petega-mesta\/","og_site_name":"Novice.si","article_published_time":"2023-09-17T16:24:43+00:00","article_modified_time":"2023-09-17T16:26:02+00:00","og_image":[{"width":900,"height":598,"url":"https:\/\/novice.si\/page\/wp-content\/uploads\/2022\/06\/Gajser04.jpg","type":"image\/jpeg"}],"author":"Uredni\u0161tvo Novic","twitter_card":"summary_large_image","twitter_misc":{"Written by":"Uredni\u0161tvo Novic","Est. reading time":"1 minuta"},"schema":{"@context":"https:\/\/schema.org","@graph":[{"@type":"Article","@id":"https:\/\/novice.si\/page\/tim-gajser-po-padcu-v-maggiori-do-petega-mesta\/#article","isPartOf":{"@id":"https:\/\/novice.si\/page\/tim-gajser-po-padcu-v-maggiori-do-petega-mesta\/"},"author":{"name":"Uredni\u0161tvo Novic","@id":"https:\/\/novice.si\/page\/#\/schema\/person\/a877dbb8680d441357ce27663beb35ca"},"headline":"Tim Gajser po padcu v Maggiori do petega mesta","datePublished":"2023-09-17T16:24:43+00:00","dateModified":"2023-09-17T16:26:02+00:00","mainEntityOfPage":{"@id":"https:\/\/novice.si\/page\/tim-gajser-po-padcu-v-maggiori-do-petega-mesta\/"},"wordCount":168,"publisher":{"@id":"https:\/\/novice.si\/page\/#organization"},"image":{"@id":"https:\/\/novice.si\/page\/tim-gajser-po-padcu-v-maggiori-do-petega-mesta\/#primaryimage"},"thumbnailUrl":"https:\/\/novice.si\/page\/wp-content\/uploads\/2022\/06\/Gajser04.jpg","keywords":["MXGP","Tim Gajser"],"articleSection":["Aktualno","Bistri\u0161ko","\u0160port"],"inLanguage":"sl-SI"},{"@type":"WebPage","@id":"https:\/\/novice.si\/page\/tim-gajser-po-padcu-v-maggiori-do-petega-mesta\/","url":"https:\/\/novice.si\/page\/tim-gajser-po-padcu-v-maggiori-do-petega-mesta\/","name":"Tim Gajser po padcu v Maggiori do petega mesta - Novice.si","isPartOf":{"@id":"https:\/\/novice.si\/page\/#website"},"primaryImageOfPage":{"@id":"https:\/\/novice.si\/page\/tim-gajser-po-padcu-v-maggiori-do-petega-mesta\/#primaryimage"},"image":{"@id":"https:\/\/novice.si\/page\/tim-gajser-po-padcu-v-maggiori-do-petega-mesta\/#primaryimage"},"thumbnailUrl":"https:\/\/novice.si\/page\/wp-content\/uploads\/2022\/06\/Gajser04.jpg","datePublished":"2023-09-17T16:24:43+00:00","dateModified":"2023-09-17T16:26:02+00:00","breadcrumb":{"@id":"https:\/\/novice.si\/page\/tim-gajser-po-padcu-v-maggiori-do-petega-mesta\/#breadcrumb"},"inLanguage":"sl-SI","potentialAction":[{"@type":"ReadAction","target":["https:\/\/novice.si\/page\/tim-gajser-po-padcu-v-maggiori-do-petega-mesta\/"]}]},{"@type":"ImageObject","inLanguage":"sl-SI","@id":"https:\/\/novice.si\/page\/tim-gajser-po-padcu-v-maggiori-do-petega-mesta\/#primaryimage","url":"https:\/\/novice.si\/page\/wp-content\/uploads\/2022\/06\/Gajser04.jpg","contentUrl":"https:\/\/novice.si\/page\/wp-content\/uploads\/2022\/06\/Gajser04.jpg","width":900,"height":598},{"@type":"BreadcrumbList","@id":"https:\/\/novice.si\/page\/tim-gajser-po-padcu-v-maggiori-do-petega-mesta\/#breadcrumb","itemListElement":[{"@type":"ListItem","position":1,"name":"Home","item":"https:\/\/novice.si\/page\/"},{"@type":"ListItem","position":2,"name":"Tim Gajser po padcu v Maggiori do petega mesta"}]},{"@type":"WebSite","@id":"https:\/\/novice.si\/page\/#website","url":"https:\/\/novice.si\/page\/","name":"Novice.si","description":"","publisher":{"@id":"https:\/\/novice.si\/page\/#organization"},"potentialAction":[{"@type":"SearchAction","target":{"@type":"EntryPoint","urlTemplate":"https:\/\/novice.si\/page\/?s={search_term_string}"},"query-input":{"@type":"PropertyValueSpecification","valueRequired":true,"valueName":"search_term_string"}}],"inLanguage":"sl-SI"},{"@type":"Organization","@id":"https:\/\/novice.si\/page\/#organization","name":"Novice.si","url":"https:\/\/novice.si\/page\/","logo":{"@type":"ImageObject","inLanguage":"sl-SI","@id":"https:\/\/novice.si\/page\/#\/schema\/logo\/image\/","url":"https:\/\/novice.si\/page\/wp-content\/uploads\/2023\/03\/novice_si.png","contentUrl":"https:\/\/novice.si\/page\/wp-content\/uploads\/2023\/03\/novice_si.png","width":576,"height":200,"caption":"Novice.si"},"image":{"@id":"https:\/\/novice.si\/page\/#\/schema\/logo\/image\/"}},{"@type":"Person","@id":"https:\/\/novice.si\/page\/#\/schema\/person\/a877dbb8680d441357ce27663beb35ca","name":"Uredni\u0161tvo Novic","image":{"@type":"ImageObject","inLanguage":"sl-SI","@id":"https:\/\/secure.gravatar.com\/avatar\/f19c0ae874706cc9ba19d2f6da5f74a5a5ee7674f283fed29ce0ad16a9f1893e?s=96&d=mm&r=g","url":"https:\/\/secure.gravatar.com\/avatar\/f19c0ae874706cc9ba19d2f6da5f74a5a5ee7674f283fed29ce0ad16a9f1893e?s=96&d=mm&r=g","contentUrl":"https:\/\/secure.gravatar.com\/avatar\/f19c0ae874706cc9ba19d2f6da5f74a5a5ee7674f283fed29ce0ad16a9f1893e?s=96&d=mm&r=g","caption":"Uredni\u0161tvo Novic"},"url":"https:\/\/novice.si\/page\/author\/jure\/"}]}},"_links":{"self":[{"href":"https:\/\/novice.si\/page\/wp-json\/wp\/v2\/posts\/167430","targetHints":{"allow":["GET"]}}],"collection":[{"href":"https:\/\/novice.si\/page\/wp-json\/wp\/v2\/posts"}],"about":[{"href":"https:\/\/novice.si\/page\/wp-json\/wp\/v2\/types\/post"}],"author":[{"embeddable":true,"href":"https:\/\/novice.si\/page\/wp-json\/wp\/v2\/users\/7"}],"replies":[{"embeddable":true,"href":"https:\/\/novice.si\/page\/wp-json\/wp\/v2\/comments?post=167430"}],"version-history":[{"count":2,"href":"https:\/\/novice.si\/page\/wp-json\/wp\/v2\/posts\/167430\/revisions"}],"predecessor-version":[{"id":167433,"href":"https:\/\/novice.si\/page\/wp-json\/wp\/v2\/posts\/167430\/revisions\/167433"}],"wp:featuredmedia":[{"embeddable":true,"href":"https:\/\/novice.si\/page\/wp-json\/wp\/v2\/media\/151118"}],"wp:attachment":[{"href":"https:\/\/novice.si\/page\/wp-json\/wp\/v2\/media?parent=167430"}],"wp:term":[{"taxonomy":"category","embeddable":true,"href":"https:\/\/novice.si\/page\/wp-json\/wp\/v2\/categories?post=167430"},{"taxonomy":"post_tag","embeddable":true,"href":"https:\/\/novice.si\/page\/wp-json\/wp\/v2\/tags?post=167430"}],"curies":[{"name":"wp","href":"https:\/\/api.w.org\/{rel}","templated":true}]}}