{"id":167426,"date":"2023-09-17T07:55:05","date_gmt":"2023-09-17T05:55:05","guid":{"rendered":"https:\/\/novice.si\/page\/?p=167426"},"modified":"2023-09-17T17:57:43","modified_gmt":"2023-09-17T15:57:43","slug":"tina-sutej-kladivar-celje-druga-na-finalu-diamantne-lige","status":"publish","type":"post","link":"https:\/\/novice.si\/page\/tina-sutej-kladivar-celje-druga-na-finalu-diamantne-lige\/","title":{"rendered":"Tina \u0160utej (Kladivar Celje) druga na finalu diamantne lige"},"content":{"rendered":"<p><img loading=\"lazy\" decoding=\"async\" class=\"alignnone size-medium wp-image-167427\" src=\"https:\/\/novice.si\/page\/wp-content\/uploads\/2023\/09\/sutej-tina-SP-Budimpesta-1-foto-FB-AZS_resize-600x400.jpg\" alt=\"\" width=\"600\" height=\"400\" srcset=\"https:\/\/novice.si\/page\/wp-content\/uploads\/2023\/09\/sutej-tina-SP-Budimpesta-1-foto-FB-AZS_resize-600x400.jpg 600w, https:\/\/novice.si\/page\/wp-content\/uploads\/2023\/09\/sutej-tina-SP-Budimpesta-1-foto-FB-AZS_resize-768x512.jpg 768w, https:\/\/novice.si\/page\/wp-content\/uploads\/2023\/09\/sutej-tina-SP-Budimpesta-1-foto-FB-AZS_resize-696x464.jpg 696w, https:\/\/novice.si\/page\/wp-content\/uploads\/2023\/09\/sutej-tina-SP-Budimpesta-1-foto-FB-AZS_resize-630x420.jpg 630w, https:\/\/novice.si\/page\/wp-content\/uploads\/2023\/09\/sutej-tina-SP-Budimpesta-1-foto-FB-AZS_resize-24x16.jpg 24w, https:\/\/novice.si\/page\/wp-content\/uploads\/2023\/09\/sutej-tina-SP-Budimpesta-1-foto-FB-AZS_resize-36x24.jpg 36w, https:\/\/novice.si\/page\/wp-content\/uploads\/2023\/09\/sutej-tina-SP-Budimpesta-1-foto-FB-AZS_resize-48x32.jpg 48w, https:\/\/novice.si\/page\/wp-content\/uploads\/2023\/09\/sutej-tina-SP-Budimpesta-1-foto-FB-AZS_resize.jpg 800w\" sizes=\"auto, (max-width: 600px) 100vw, 600px\" \/><br \/>\nNa finalu atletske diamantne lige v ameri\u0161kem Eugenu je <strong>Tina \u0160utej<\/strong> v skoku s palico zasedla drugo mesto. Od \u010dlanice celjskega Kladivarja, ki je presko\u010dila 481 centimetrov, je bila po dodatnih skokih z rezultatom 486 cm uspe\u0161nej\u0161a le aktualna olimpijska zmagovalka <strong>Katie Moon<\/strong> iz ZDA, ki si je z Avstralko <strong>Nino Kennedy<\/strong> (tokrat peto mesto) prvo mesto delila tudi na leto\u0161njem svetovnem prvenstvu v Budimpe\u0161ti. \u0160utejeva je tretji\u010d zapored tekmovala v finalu diamantne lige, lani je bila tretja, s 481 cm pa je postavila dr\u017eavni rekord na prostem. V dvorani je letos v Ostravi sicer presko\u010dila 482 cm, kar je tudi absolutni slovenski rekord. (Jure Mernik)<br \/>\nFoto arhiv, Facebook AZS<\/p>\n","protected":false},"excerpt":{"rendered":"<p>Na finalu atletske diamantne lige v ameri\u0161kem Eugenu je Tina \u0160utej v skoku s palico zasedla drugo mesto. Od \u010dlanice celjskega Kladivarja, ki je presko\u010dila 481 centimetrov, je bila po dodatnih skokih z rezultatom 486 cm uspe\u0161nej\u0161a le aktualna olimpijska zmagovalka Katie Moon iz ZDA, ki si je z Avstralko Nino Kennedy (tokrat peto mesto) [&hellip;]<\/p>\n","protected":false},"author":7,"featured_media":167427,"comment_status":"closed","ping_status":"closed","sticky":false,"template":"","format":"standard","meta":{"footnotes":""},"categories":[14,17,68],"tags":[5164,748,5081],"class_list":{"0":"post-167426","1":"post","2":"type-post","3":"status-publish","4":"format-standard","5":"has-post-thumbnail","7":"category-aktualno","8":"category-celjsko","9":"category-sport","10":"tag-ad-kladivar-celje","11":"tag-diamantna-liga","12":"tag-tina-sutej"},"yoast_head":"<!-- This site is optimized with the Yoast SEO plugin v27.4 - https:\/\/yoast.com\/product\/yoast-seo-wordpress\/ -->\n<title>Tina \u0160utej (Kladivar Celje) druga na finalu diamantne lige - Novice.si<\/title>\n<meta name=\"robots\" content=\"index, follow, max-snippet:-1, max-image-preview:large, max-video-preview:-1\" \/>\n<link rel=\"canonical\" href=\"https:\/\/novice.si\/page\/tina-sutej-kladivar-celje-druga-na-finalu-diamantne-lige\/\" \/>\n<meta property=\"og:locale\" content=\"sl_SI\" \/>\n<meta property=\"og:type\" content=\"article\" \/>\n<meta property=\"og:title\" content=\"Tina \u0160utej (Kladivar Celje) druga na finalu diamantne lige - Novice.si\" \/>\n<meta property=\"og:description\" content=\"Na finalu atletske diamantne lige v ameri\u0161kem Eugenu je Tina \u0160utej v skoku s palico zasedla drugo mesto. Od \u010dlanice celjskega Kladivarja, ki je presko\u010dila 481 centimetrov, je bila po dodatnih skokih z rezultatom 486 cm uspe\u0161nej\u0161a le aktualna olimpijska zmagovalka Katie Moon iz ZDA, ki si je z Avstralko Nino Kennedy (tokrat peto mesto) [&hellip;]\" \/>\n<meta property=\"og:url\" content=\"https:\/\/novice.si\/page\/tina-sutej-kladivar-celje-druga-na-finalu-diamantne-lige\/\" \/>\n<meta property=\"og:site_name\" content=\"Novice.si\" \/>\n<meta property=\"article:published_time\" content=\"2023-09-17T05:55:05+00:00\" \/>\n<meta property=\"article:modified_time\" content=\"2023-09-17T15:57:43+00:00\" \/>\n<meta property=\"og:image\" content=\"https:\/\/novice.si\/page\/wp-content\/uploads\/2023\/09\/sutej-tina-SP-Budimpesta-1-foto-FB-AZS_resize.jpg\" \/>\n\t<meta property=\"og:image:width\" content=\"800\" \/>\n\t<meta property=\"og:image:height\" content=\"533\" \/>\n\t<meta property=\"og:image:type\" content=\"image\/jpeg\" \/>\n<meta name=\"author\" content=\"Uredni\u0161tvo Novic\" \/>\n<meta name=\"twitter:card\" content=\"summary_large_image\" \/>\n<meta name=\"twitter:label1\" content=\"Written by\" \/>\n\t<meta name=\"twitter:data1\" content=\"Uredni\u0161tvo Novic\" \/>\n\t<meta name=\"twitter:label2\" content=\"Est. reading time\" \/>\n\t<meta name=\"twitter:data2\" content=\"1 minuta\" \/>\n<script type=\"application\/ld+json\" class=\"yoast-schema-graph\">{\"@context\":\"https:\\\/\\\/schema.org\",\"@graph\":[{\"@type\":\"Article\",\"@id\":\"https:\\\/\\\/novice.si\\\/page\\\/tina-sutej-kladivar-celje-druga-na-finalu-diamantne-lige\\\/#article\",\"isPartOf\":{\"@id\":\"https:\\\/\\\/novice.si\\\/page\\\/tina-sutej-kladivar-celje-druga-na-finalu-diamantne-lige\\\/\"},\"author\":{\"name\":\"Uredni\u0161tvo Novic\",\"@id\":\"https:\\\/\\\/novice.si\\\/page\\\/#\\\/schema\\\/person\\\/a877dbb8680d441357ce27663beb35ca\"},\"headline\":\"Tina \u0160utej (Kladivar Celje) druga na finalu diamantne lige\",\"datePublished\":\"2023-09-17T05:55:05+00:00\",\"dateModified\":\"2023-09-17T15:57:43+00:00\",\"mainEntityOfPage\":{\"@id\":\"https:\\\/\\\/novice.si\\\/page\\\/tina-sutej-kladivar-celje-druga-na-finalu-diamantne-lige\\\/\"},\"wordCount\":123,\"publisher\":{\"@id\":\"https:\\\/\\\/novice.si\\\/page\\\/#organization\"},\"image\":{\"@id\":\"https:\\\/\\\/novice.si\\\/page\\\/tina-sutej-kladivar-celje-druga-na-finalu-diamantne-lige\\\/#primaryimage\"},\"thumbnailUrl\":\"https:\\\/\\\/novice.si\\\/page\\\/wp-content\\\/uploads\\\/2023\\\/09\\\/sutej-tina-SP-Budimpesta-1-foto-FB-AZS_resize.jpg\",\"keywords\":[\"AD Kladivar Celje\",\"diamantna liga\",\"Tina \u0160utej\"],\"articleSection\":[\"Aktualno\",\"Celjsko\",\"\u0160port\"],\"inLanguage\":\"sl-SI\"},{\"@type\":\"WebPage\",\"@id\":\"https:\\\/\\\/novice.si\\\/page\\\/tina-sutej-kladivar-celje-druga-na-finalu-diamantne-lige\\\/\",\"url\":\"https:\\\/\\\/novice.si\\\/page\\\/tina-sutej-kladivar-celje-druga-na-finalu-diamantne-lige\\\/\",\"name\":\"Tina \u0160utej (Kladivar Celje) druga na finalu diamantne lige - Novice.si\",\"isPartOf\":{\"@id\":\"https:\\\/\\\/novice.si\\\/page\\\/#website\"},\"primaryImageOfPage\":{\"@id\":\"https:\\\/\\\/novice.si\\\/page\\\/tina-sutej-kladivar-celje-druga-na-finalu-diamantne-lige\\\/#primaryimage\"},\"image\":{\"@id\":\"https:\\\/\\\/novice.si\\\/page\\\/tina-sutej-kladivar-celje-druga-na-finalu-diamantne-lige\\\/#primaryimage\"},\"thumbnailUrl\":\"https:\\\/\\\/novice.si\\\/page\\\/wp-content\\\/uploads\\\/2023\\\/09\\\/sutej-tina-SP-Budimpesta-1-foto-FB-AZS_resize.jpg\",\"datePublished\":\"2023-09-17T05:55:05+00:00\",\"dateModified\":\"2023-09-17T15:57:43+00:00\",\"breadcrumb\":{\"@id\":\"https:\\\/\\\/novice.si\\\/page\\\/tina-sutej-kladivar-celje-druga-na-finalu-diamantne-lige\\\/#breadcrumb\"},\"inLanguage\":\"sl-SI\",\"potentialAction\":[{\"@type\":\"ReadAction\",\"target\":[\"https:\\\/\\\/novice.si\\\/page\\\/tina-sutej-kladivar-celje-druga-na-finalu-diamantne-lige\\\/\"]}]},{\"@type\":\"ImageObject\",\"inLanguage\":\"sl-SI\",\"@id\":\"https:\\\/\\\/novice.si\\\/page\\\/tina-sutej-kladivar-celje-druga-na-finalu-diamantne-lige\\\/#primaryimage\",\"url\":\"https:\\\/\\\/novice.si\\\/page\\\/wp-content\\\/uploads\\\/2023\\\/09\\\/sutej-tina-SP-Budimpesta-1-foto-FB-AZS_resize.jpg\",\"contentUrl\":\"https:\\\/\\\/novice.si\\\/page\\\/wp-content\\\/uploads\\\/2023\\\/09\\\/sutej-tina-SP-Budimpesta-1-foto-FB-AZS_resize.jpg\",\"width\":800,\"height\":533},{\"@type\":\"BreadcrumbList\",\"@id\":\"https:\\\/\\\/novice.si\\\/page\\\/tina-sutej-kladivar-celje-druga-na-finalu-diamantne-lige\\\/#breadcrumb\",\"itemListElement\":[{\"@type\":\"ListItem\",\"position\":1,\"name\":\"Home\",\"item\":\"https:\\\/\\\/novice.si\\\/page\\\/\"},{\"@type\":\"ListItem\",\"position\":2,\"name\":\"Tina \u0160utej (Kladivar Celje) druga na finalu diamantne lige\"}]},{\"@type\":\"WebSite\",\"@id\":\"https:\\\/\\\/novice.si\\\/page\\\/#website\",\"url\":\"https:\\\/\\\/novice.si\\\/page\\\/\",\"name\":\"Novice.si\",\"description\":\"\",\"publisher\":{\"@id\":\"https:\\\/\\\/novice.si\\\/page\\\/#organization\"},\"potentialAction\":[{\"@type\":\"SearchAction\",\"target\":{\"@type\":\"EntryPoint\",\"urlTemplate\":\"https:\\\/\\\/novice.si\\\/page\\\/?s={search_term_string}\"},\"query-input\":{\"@type\":\"PropertyValueSpecification\",\"valueRequired\":true,\"valueName\":\"search_term_string\"}}],\"inLanguage\":\"sl-SI\"},{\"@type\":\"Organization\",\"@id\":\"https:\\\/\\\/novice.si\\\/page\\\/#organization\",\"name\":\"Novice.si\",\"url\":\"https:\\\/\\\/novice.si\\\/page\\\/\",\"logo\":{\"@type\":\"ImageObject\",\"inLanguage\":\"sl-SI\",\"@id\":\"https:\\\/\\\/novice.si\\\/page\\\/#\\\/schema\\\/logo\\\/image\\\/\",\"url\":\"https:\\\/\\\/novice.si\\\/page\\\/wp-content\\\/uploads\\\/2023\\\/03\\\/novice_si.png\",\"contentUrl\":\"https:\\\/\\\/novice.si\\\/page\\\/wp-content\\\/uploads\\\/2023\\\/03\\\/novice_si.png\",\"width\":576,\"height\":200,\"caption\":\"Novice.si\"},\"image\":{\"@id\":\"https:\\\/\\\/novice.si\\\/page\\\/#\\\/schema\\\/logo\\\/image\\\/\"}},{\"@type\":\"Person\",\"@id\":\"https:\\\/\\\/novice.si\\\/page\\\/#\\\/schema\\\/person\\\/a877dbb8680d441357ce27663beb35ca\",\"name\":\"Uredni\u0161tvo Novic\",\"image\":{\"@type\":\"ImageObject\",\"inLanguage\":\"sl-SI\",\"@id\":\"https:\\\/\\\/secure.gravatar.com\\\/avatar\\\/f19c0ae874706cc9ba19d2f6da5f74a5a5ee7674f283fed29ce0ad16a9f1893e?s=96&d=mm&r=g\",\"url\":\"https:\\\/\\\/secure.gravatar.com\\\/avatar\\\/f19c0ae874706cc9ba19d2f6da5f74a5a5ee7674f283fed29ce0ad16a9f1893e?s=96&d=mm&r=g\",\"contentUrl\":\"https:\\\/\\\/secure.gravatar.com\\\/avatar\\\/f19c0ae874706cc9ba19d2f6da5f74a5a5ee7674f283fed29ce0ad16a9f1893e?s=96&d=mm&r=g\",\"caption\":\"Uredni\u0161tvo Novic\"},\"url\":\"https:\\\/\\\/novice.si\\\/page\\\/author\\\/jure\\\/\"}]}<\/script>\n<!-- \/ Yoast SEO plugin. -->","yoast_head_json":{"title":"Tina \u0160utej (Kladivar Celje) druga na finalu diamantne lige - Novice.si","robots":{"index":"index","follow":"follow","max-snippet":"max-snippet:-1","max-image-preview":"max-image-preview:large","max-video-preview":"max-video-preview:-1"},"canonical":"https:\/\/novice.si\/page\/tina-sutej-kladivar-celje-druga-na-finalu-diamantne-lige\/","og_locale":"sl_SI","og_type":"article","og_title":"Tina \u0160utej (Kladivar Celje) druga na finalu diamantne lige - Novice.si","og_description":"Na finalu atletske diamantne lige v ameri\u0161kem Eugenu je Tina \u0160utej v skoku s palico zasedla drugo mesto. Od \u010dlanice celjskega Kladivarja, ki je presko\u010dila 481 centimetrov, je bila po dodatnih skokih z rezultatom 486 cm uspe\u0161nej\u0161a le aktualna olimpijska zmagovalka Katie Moon iz ZDA, ki si je z Avstralko Nino Kennedy (tokrat peto mesto) [&hellip;]","og_url":"https:\/\/novice.si\/page\/tina-sutej-kladivar-celje-druga-na-finalu-diamantne-lige\/","og_site_name":"Novice.si","article_published_time":"2023-09-17T05:55:05+00:00","article_modified_time":"2023-09-17T15:57:43+00:00","og_image":[{"width":800,"height":533,"url":"https:\/\/novice.si\/page\/wp-content\/uploads\/2023\/09\/sutej-tina-SP-Budimpesta-1-foto-FB-AZS_resize.jpg","type":"image\/jpeg"}],"author":"Uredni\u0161tvo Novic","twitter_card":"summary_large_image","twitter_misc":{"Written by":"Uredni\u0161tvo Novic","Est. reading time":"1 minuta"},"schema":{"@context":"https:\/\/schema.org","@graph":[{"@type":"Article","@id":"https:\/\/novice.si\/page\/tina-sutej-kladivar-celje-druga-na-finalu-diamantne-lige\/#article","isPartOf":{"@id":"https:\/\/novice.si\/page\/tina-sutej-kladivar-celje-druga-na-finalu-diamantne-lige\/"},"author":{"name":"Uredni\u0161tvo Novic","@id":"https:\/\/novice.si\/page\/#\/schema\/person\/a877dbb8680d441357ce27663beb35ca"},"headline":"Tina \u0160utej (Kladivar Celje) druga na finalu diamantne lige","datePublished":"2023-09-17T05:55:05+00:00","dateModified":"2023-09-17T15:57:43+00:00","mainEntityOfPage":{"@id":"https:\/\/novice.si\/page\/tina-sutej-kladivar-celje-druga-na-finalu-diamantne-lige\/"},"wordCount":123,"publisher":{"@id":"https:\/\/novice.si\/page\/#organization"},"image":{"@id":"https:\/\/novice.si\/page\/tina-sutej-kladivar-celje-druga-na-finalu-diamantne-lige\/#primaryimage"},"thumbnailUrl":"https:\/\/novice.si\/page\/wp-content\/uploads\/2023\/09\/sutej-tina-SP-Budimpesta-1-foto-FB-AZS_resize.jpg","keywords":["AD Kladivar Celje","diamantna liga","Tina \u0160utej"],"articleSection":["Aktualno","Celjsko","\u0160port"],"inLanguage":"sl-SI"},{"@type":"WebPage","@id":"https:\/\/novice.si\/page\/tina-sutej-kladivar-celje-druga-na-finalu-diamantne-lige\/","url":"https:\/\/novice.si\/page\/tina-sutej-kladivar-celje-druga-na-finalu-diamantne-lige\/","name":"Tina \u0160utej (Kladivar Celje) druga na finalu diamantne lige - Novice.si","isPartOf":{"@id":"https:\/\/novice.si\/page\/#website"},"primaryImageOfPage":{"@id":"https:\/\/novice.si\/page\/tina-sutej-kladivar-celje-druga-na-finalu-diamantne-lige\/#primaryimage"},"image":{"@id":"https:\/\/novice.si\/page\/tina-sutej-kladivar-celje-druga-na-finalu-diamantne-lige\/#primaryimage"},"thumbnailUrl":"https:\/\/novice.si\/page\/wp-content\/uploads\/2023\/09\/sutej-tina-SP-Budimpesta-1-foto-FB-AZS_resize.jpg","datePublished":"2023-09-17T05:55:05+00:00","dateModified":"2023-09-17T15:57:43+00:00","breadcrumb":{"@id":"https:\/\/novice.si\/page\/tina-sutej-kladivar-celje-druga-na-finalu-diamantne-lige\/#breadcrumb"},"inLanguage":"sl-SI","potentialAction":[{"@type":"ReadAction","target":["https:\/\/novice.si\/page\/tina-sutej-kladivar-celje-druga-na-finalu-diamantne-lige\/"]}]},{"@type":"ImageObject","inLanguage":"sl-SI","@id":"https:\/\/novice.si\/page\/tina-sutej-kladivar-celje-druga-na-finalu-diamantne-lige\/#primaryimage","url":"https:\/\/novice.si\/page\/wp-content\/uploads\/2023\/09\/sutej-tina-SP-Budimpesta-1-foto-FB-AZS_resize.jpg","contentUrl":"https:\/\/novice.si\/page\/wp-content\/uploads\/2023\/09\/sutej-tina-SP-Budimpesta-1-foto-FB-AZS_resize.jpg","width":800,"height":533},{"@type":"BreadcrumbList","@id":"https:\/\/novice.si\/page\/tina-sutej-kladivar-celje-druga-na-finalu-diamantne-lige\/#breadcrumb","itemListElement":[{"@type":"ListItem","position":1,"name":"Home","item":"https:\/\/novice.si\/page\/"},{"@type":"ListItem","position":2,"name":"Tina \u0160utej (Kladivar Celje) druga na finalu diamantne lige"}]},{"@type":"WebSite","@id":"https:\/\/novice.si\/page\/#website","url":"https:\/\/novice.si\/page\/","name":"Novice.si","description":"","publisher":{"@id":"https:\/\/novice.si\/page\/#organization"},"potentialAction":[{"@type":"SearchAction","target":{"@type":"EntryPoint","urlTemplate":"https:\/\/novice.si\/page\/?s={search_term_string}"},"query-input":{"@type":"PropertyValueSpecification","valueRequired":true,"valueName":"search_term_string"}}],"inLanguage":"sl-SI"},{"@type":"Organization","@id":"https:\/\/novice.si\/page\/#organization","name":"Novice.si","url":"https:\/\/novice.si\/page\/","logo":{"@type":"ImageObject","inLanguage":"sl-SI","@id":"https:\/\/novice.si\/page\/#\/schema\/logo\/image\/","url":"https:\/\/novice.si\/page\/wp-content\/uploads\/2023\/03\/novice_si.png","contentUrl":"https:\/\/novice.si\/page\/wp-content\/uploads\/2023\/03\/novice_si.png","width":576,"height":200,"caption":"Novice.si"},"image":{"@id":"https:\/\/novice.si\/page\/#\/schema\/logo\/image\/"}},{"@type":"Person","@id":"https:\/\/novice.si\/page\/#\/schema\/person\/a877dbb8680d441357ce27663beb35ca","name":"Uredni\u0161tvo Novic","image":{"@type":"ImageObject","inLanguage":"sl-SI","@id":"https:\/\/secure.gravatar.com\/avatar\/f19c0ae874706cc9ba19d2f6da5f74a5a5ee7674f283fed29ce0ad16a9f1893e?s=96&d=mm&r=g","url":"https:\/\/secure.gravatar.com\/avatar\/f19c0ae874706cc9ba19d2f6da5f74a5a5ee7674f283fed29ce0ad16a9f1893e?s=96&d=mm&r=g","contentUrl":"https:\/\/secure.gravatar.com\/avatar\/f19c0ae874706cc9ba19d2f6da5f74a5a5ee7674f283fed29ce0ad16a9f1893e?s=96&d=mm&r=g","caption":"Uredni\u0161tvo Novic"},"url":"https:\/\/novice.si\/page\/author\/jure\/"}]}},"_links":{"self":[{"href":"https:\/\/novice.si\/page\/wp-json\/wp\/v2\/posts\/167426","targetHints":{"allow":["GET"]}}],"collection":[{"href":"https:\/\/novice.si\/page\/wp-json\/wp\/v2\/posts"}],"about":[{"href":"https:\/\/novice.si\/page\/wp-json\/wp\/v2\/types\/post"}],"author":[{"embeddable":true,"href":"https:\/\/novice.si\/page\/wp-json\/wp\/v2\/users\/7"}],"replies":[{"embeddable":true,"href":"https:\/\/novice.si\/page\/wp-json\/wp\/v2\/comments?post=167426"}],"version-history":[{"count":1,"href":"https:\/\/novice.si\/page\/wp-json\/wp\/v2\/posts\/167426\/revisions"}],"predecessor-version":[{"id":167428,"href":"https:\/\/novice.si\/page\/wp-json\/wp\/v2\/posts\/167426\/revisions\/167428"}],"wp:featuredmedia":[{"embeddable":true,"href":"https:\/\/novice.si\/page\/wp-json\/wp\/v2\/media\/167427"}],"wp:attachment":[{"href":"https:\/\/novice.si\/page\/wp-json\/wp\/v2\/media?parent=167426"}],"wp:term":[{"taxonomy":"category","embeddable":true,"href":"https:\/\/novice.si\/page\/wp-json\/wp\/v2\/categories?post=167426"},{"taxonomy":"post_tag","embeddable":true,"href":"https:\/\/novice.si\/page\/wp-json\/wp\/v2\/tags?post=167426"}],"curies":[{"name":"wp","href":"https:\/\/api.w.org\/{rel}","templated":true}]}}