{"id":167418,"date":"2023-09-16T23:08:46","date_gmt":"2023-09-16T21:08:46","guid":{"rendered":"https:\/\/novice.si\/page\/?p=167418"},"modified":"2023-09-17T13:38:06","modified_gmt":"2023-09-17T11:38:06","slug":"slovenskim-odbojkarjem-bron-na-evropskem-prvenstvu","status":"publish","type":"post","link":"https:\/\/novice.si\/page\/slovenskim-odbojkarjem-bron-na-evropskem-prvenstvu\/","title":{"rendered":"Slovenskim odbojkarjem bron na evropskem prvenstvu!"},"content":{"rendered":"<p class=\"T\"><img loading=\"lazy\" decoding=\"async\" class=\"alignnone size-medium wp-image-167419\" src=\"https:\/\/novice.si\/page\/wp-content\/uploads\/2023\/09\/fb6e8732dfd275d579ec80bda9640f84-600x400.jpeg\" alt=\"\" width=\"600\" height=\"400\" srcset=\"https:\/\/novice.si\/page\/wp-content\/uploads\/2023\/09\/fb6e8732dfd275d579ec80bda9640f84-600x400.jpeg 600w, https:\/\/novice.si\/page\/wp-content\/uploads\/2023\/09\/fb6e8732dfd275d579ec80bda9640f84-1024x682.jpeg 1024w, https:\/\/novice.si\/page\/wp-content\/uploads\/2023\/09\/fb6e8732dfd275d579ec80bda9640f84-768x512.jpeg 768w, https:\/\/novice.si\/page\/wp-content\/uploads\/2023\/09\/fb6e8732dfd275d579ec80bda9640f84-1536x1024.jpeg 1536w, https:\/\/novice.si\/page\/wp-content\/uploads\/2023\/09\/fb6e8732dfd275d579ec80bda9640f84-696x464.jpeg 696w, https:\/\/novice.si\/page\/wp-content\/uploads\/2023\/09\/fb6e8732dfd275d579ec80bda9640f84-1068x712.jpeg 1068w, https:\/\/novice.si\/page\/wp-content\/uploads\/2023\/09\/fb6e8732dfd275d579ec80bda9640f84-630x420.jpeg 630w, https:\/\/novice.si\/page\/wp-content\/uploads\/2023\/09\/fb6e8732dfd275d579ec80bda9640f84-24x16.jpeg 24w, https:\/\/novice.si\/page\/wp-content\/uploads\/2023\/09\/fb6e8732dfd275d579ec80bda9640f84-36x24.jpeg 36w, https:\/\/novice.si\/page\/wp-content\/uploads\/2023\/09\/fb6e8732dfd275d579ec80bda9640f84-48x32.jpeg 48w, https:\/\/novice.si\/page\/wp-content\/uploads\/2023\/09\/fb6e8732dfd275d579ec80bda9640f84.jpeg 2000w\" sizes=\"auto, (max-width: 600px) 100vw, 600px\" \/><br \/>\nSlovenski odbojkarji so leto\u0161nje evropsko prvenstvo kon\u010dali z zmago. Na tekmi za tretje mesto so v Rimu po izena\u010denem boju s 3:2 (22, 16, -21, -18, 11) premagali Francoze. Po treh srebrnih medaljah na prvenstvih stare celine so Slovenci tako prvi\u010d osvojili \u0161e bronaste medalje. Slovenske barve je sicer branil tudi Bistri\u010dan <b>\u017diga \u0160tern<\/b>.<br \/>\nTokratno evropsko prvenstvo so izbranci selektorja <b>Gheorgheja Cretuja<\/b> v Varni za\u010deli v izjemnem slogu. V prvem delu so po zmagi proti Ukrajini s 3:1 nanizali uspehe brez izgubljenega niza proti Finski, \u0160paniji, Hrva\u0161ki in Bolgariji. V osmini finala so naleteli na izvrstne Turke, ki so vodili z 0:2, a je velika sr\u010dnost slovenskih odbojkarjev botrovala izjemnemu zasuku za zmago s 3:2. Vse prej kot lahko delo jih je pri\u010dakalo tudi v \u010detrtfinalu, a so v ponedeljek odpor tekmecev \u2013 znova so bili to Ukrajinci, po tesni tekmi zlomili s 3:1. Po selitvi v Rim so morali v polfinalu z 1:3 priznati premo\u010d Poljakom, ki so danes po zmagi nad Italijani postali novi evropski prvaki.<br \/>\nIZJAVA:<br \/>\n<b>Gheorghe Cretu<\/b>, selektor Slovenije: &#8220;Ob\u010dutek je podoben kot po finalu. Izgubili smo v polfinalu, a zelo pomembno je, da smo danes zmagali in tekmovanje kon\u010dali z zmago. S \u0161tabom smo govorili, da je morda celo la\u017eje zmagati polfinale kot tekmo za bron. A danes so fantje pokazali izjemen karakter, \u0161e posebej, ko so nasprotniki zares pritiskali in pritiskali ter nas sku\u0161ali vre\u010di iz ritma. A fantje so verjeli v zmago in ta uspeh je posledica dela skozi vse poletje. Je ekipni duh, ki smo ga gradili. V\u010dasih ti ne uspe prinesti domov medalje, kot na primer iz Gdanska. A vedeli smo, da kljub vsem potovanjem, improvizacijam v sistemu igre, so fantje vedno pokazali karakter. Imeti mora\u0161 pogum, da sprejema\u0161 vse te izzive in ta izziv danes ni bilo le &#8216;finale&#8217;, ne pozabite, premagali smo olimpijske prvake.&#8221;<br \/>\nFoto: CEV<\/p>\n<p class=\"T\">\n","protected":false},"excerpt":{"rendered":"<p>Slovenski odbojkarji so leto\u0161nje evropsko prvenstvo kon\u010dali z zmago. Na tekmi za tretje mesto so v Rimu po izena\u010denem boju s 3:2 (22, 16, -21, -18, 11) premagali Francoze. Po treh srebrnih medaljah na prvenstvih stare celine so Slovenci tako prvi\u010d osvojili \u0161e bronaste medalje. Slovenske barve je sicer branil tudi Bistri\u010dan \u017diga \u0160tern. Tokratno [&hellip;]<\/p>\n","protected":false},"author":7,"featured_media":167419,"comment_status":"closed","ping_status":"closed","sticky":false,"template":"","format":"standard","meta":{"footnotes":""},"categories":[14,32,68],"tags":[232,12626,5059],"class_list":{"0":"post-167418","1":"post","2":"type-post","3":"status-publish","4":"format-standard","5":"has-post-thumbnail","7":"category-aktualno","8":"category-bistrisko","9":"category-sport","10":"tag-evropsko-prvenstvo","11":"tag-slovenska-odbojkarska-reprezentanca","12":"tag-ziga-stern"},"yoast_head":"<!-- This site is optimized with the Yoast SEO plugin v27.4 - https:\/\/yoast.com\/product\/yoast-seo-wordpress\/ -->\n<title>Slovenskim odbojkarjem bron na evropskem prvenstvu! - Novice.si<\/title>\n<meta name=\"robots\" content=\"index, follow, max-snippet:-1, max-image-preview:large, max-video-preview:-1\" \/>\n<link rel=\"canonical\" href=\"https:\/\/novice.si\/page\/slovenskim-odbojkarjem-bron-na-evropskem-prvenstvu\/\" \/>\n<meta property=\"og:locale\" content=\"sl_SI\" \/>\n<meta property=\"og:type\" content=\"article\" \/>\n<meta property=\"og:title\" content=\"Slovenskim odbojkarjem bron na evropskem prvenstvu! - Novice.si\" \/>\n<meta property=\"og:description\" content=\"Slovenski odbojkarji so leto\u0161nje evropsko prvenstvo kon\u010dali z zmago. Na tekmi za tretje mesto so v Rimu po izena\u010denem boju s 3:2 (22, 16, -21, -18, 11) premagali Francoze. Po treh srebrnih medaljah na prvenstvih stare celine so Slovenci tako prvi\u010d osvojili \u0161e bronaste medalje. Slovenske barve je sicer branil tudi Bistri\u010dan \u017diga \u0160tern. Tokratno [&hellip;]\" \/>\n<meta property=\"og:url\" content=\"https:\/\/novice.si\/page\/slovenskim-odbojkarjem-bron-na-evropskem-prvenstvu\/\" \/>\n<meta property=\"og:site_name\" content=\"Novice.si\" \/>\n<meta property=\"article:published_time\" content=\"2023-09-16T21:08:46+00:00\" \/>\n<meta property=\"article:modified_time\" content=\"2023-09-17T11:38:06+00:00\" \/>\n<meta property=\"og:image\" content=\"https:\/\/novice.si\/page\/wp-content\/uploads\/2023\/09\/fb6e8732dfd275d579ec80bda9640f84.jpeg\" \/>\n\t<meta property=\"og:image:width\" content=\"2000\" \/>\n\t<meta property=\"og:image:height\" content=\"1333\" \/>\n\t<meta property=\"og:image:type\" content=\"image\/jpeg\" \/>\n<meta name=\"author\" content=\"Uredni\u0161tvo Novic\" \/>\n<meta name=\"twitter:card\" content=\"summary_large_image\" \/>\n<meta name=\"twitter:label1\" content=\"Written by\" \/>\n\t<meta name=\"twitter:data1\" content=\"Uredni\u0161tvo Novic\" \/>\n\t<meta name=\"twitter:label2\" content=\"Est. reading time\" \/>\n\t<meta name=\"twitter:data2\" content=\"2 minuti\" \/>\n<script type=\"application\/ld+json\" class=\"yoast-schema-graph\">{\"@context\":\"https:\\\/\\\/schema.org\",\"@graph\":[{\"@type\":\"Article\",\"@id\":\"https:\\\/\\\/novice.si\\\/page\\\/slovenskim-odbojkarjem-bron-na-evropskem-prvenstvu\\\/#article\",\"isPartOf\":{\"@id\":\"https:\\\/\\\/novice.si\\\/page\\\/slovenskim-odbojkarjem-bron-na-evropskem-prvenstvu\\\/\"},\"author\":{\"name\":\"Uredni\u0161tvo Novic\",\"@id\":\"https:\\\/\\\/novice.si\\\/page\\\/#\\\/schema\\\/person\\\/a877dbb8680d441357ce27663beb35ca\"},\"headline\":\"Slovenskim odbojkarjem bron na evropskem prvenstvu!\",\"datePublished\":\"2023-09-16T21:08:46+00:00\",\"dateModified\":\"2023-09-17T11:38:06+00:00\",\"mainEntityOfPage\":{\"@id\":\"https:\\\/\\\/novice.si\\\/page\\\/slovenskim-odbojkarjem-bron-na-evropskem-prvenstvu\\\/\"},\"wordCount\":317,\"publisher\":{\"@id\":\"https:\\\/\\\/novice.si\\\/page\\\/#organization\"},\"image\":{\"@id\":\"https:\\\/\\\/novice.si\\\/page\\\/slovenskim-odbojkarjem-bron-na-evropskem-prvenstvu\\\/#primaryimage\"},\"thumbnailUrl\":\"https:\\\/\\\/novice.si\\\/page\\\/wp-content\\\/uploads\\\/2023\\\/09\\\/fb6e8732dfd275d579ec80bda9640f84.jpeg\",\"keywords\":[\"evropsko prvenstvo\",\"slovenska odbojkarska reprezentanca\",\"\u017diga \u0160tern\"],\"articleSection\":[\"Aktualno\",\"Bistri\u0161ko\",\"\u0160port\"],\"inLanguage\":\"sl-SI\"},{\"@type\":\"WebPage\",\"@id\":\"https:\\\/\\\/novice.si\\\/page\\\/slovenskim-odbojkarjem-bron-na-evropskem-prvenstvu\\\/\",\"url\":\"https:\\\/\\\/novice.si\\\/page\\\/slovenskim-odbojkarjem-bron-na-evropskem-prvenstvu\\\/\",\"name\":\"Slovenskim odbojkarjem bron na evropskem prvenstvu! - Novice.si\",\"isPartOf\":{\"@id\":\"https:\\\/\\\/novice.si\\\/page\\\/#website\"},\"primaryImageOfPage\":{\"@id\":\"https:\\\/\\\/novice.si\\\/page\\\/slovenskim-odbojkarjem-bron-na-evropskem-prvenstvu\\\/#primaryimage\"},\"image\":{\"@id\":\"https:\\\/\\\/novice.si\\\/page\\\/slovenskim-odbojkarjem-bron-na-evropskem-prvenstvu\\\/#primaryimage\"},\"thumbnailUrl\":\"https:\\\/\\\/novice.si\\\/page\\\/wp-content\\\/uploads\\\/2023\\\/09\\\/fb6e8732dfd275d579ec80bda9640f84.jpeg\",\"datePublished\":\"2023-09-16T21:08:46+00:00\",\"dateModified\":\"2023-09-17T11:38:06+00:00\",\"breadcrumb\":{\"@id\":\"https:\\\/\\\/novice.si\\\/page\\\/slovenskim-odbojkarjem-bron-na-evropskem-prvenstvu\\\/#breadcrumb\"},\"inLanguage\":\"sl-SI\",\"potentialAction\":[{\"@type\":\"ReadAction\",\"target\":[\"https:\\\/\\\/novice.si\\\/page\\\/slovenskim-odbojkarjem-bron-na-evropskem-prvenstvu\\\/\"]}]},{\"@type\":\"ImageObject\",\"inLanguage\":\"sl-SI\",\"@id\":\"https:\\\/\\\/novice.si\\\/page\\\/slovenskim-odbojkarjem-bron-na-evropskem-prvenstvu\\\/#primaryimage\",\"url\":\"https:\\\/\\\/novice.si\\\/page\\\/wp-content\\\/uploads\\\/2023\\\/09\\\/fb6e8732dfd275d579ec80bda9640f84.jpeg\",\"contentUrl\":\"https:\\\/\\\/novice.si\\\/page\\\/wp-content\\\/uploads\\\/2023\\\/09\\\/fb6e8732dfd275d579ec80bda9640f84.jpeg\",\"width\":2000,\"height\":1333},{\"@type\":\"BreadcrumbList\",\"@id\":\"https:\\\/\\\/novice.si\\\/page\\\/slovenskim-odbojkarjem-bron-na-evropskem-prvenstvu\\\/#breadcrumb\",\"itemListElement\":[{\"@type\":\"ListItem\",\"position\":1,\"name\":\"Home\",\"item\":\"https:\\\/\\\/novice.si\\\/page\\\/\"},{\"@type\":\"ListItem\",\"position\":2,\"name\":\"Slovenskim odbojkarjem bron na evropskem prvenstvu!\"}]},{\"@type\":\"WebSite\",\"@id\":\"https:\\\/\\\/novice.si\\\/page\\\/#website\",\"url\":\"https:\\\/\\\/novice.si\\\/page\\\/\",\"name\":\"Novice.si\",\"description\":\"\",\"publisher\":{\"@id\":\"https:\\\/\\\/novice.si\\\/page\\\/#organization\"},\"potentialAction\":[{\"@type\":\"SearchAction\",\"target\":{\"@type\":\"EntryPoint\",\"urlTemplate\":\"https:\\\/\\\/novice.si\\\/page\\\/?s={search_term_string}\"},\"query-input\":{\"@type\":\"PropertyValueSpecification\",\"valueRequired\":true,\"valueName\":\"search_term_string\"}}],\"inLanguage\":\"sl-SI\"},{\"@type\":\"Organization\",\"@id\":\"https:\\\/\\\/novice.si\\\/page\\\/#organization\",\"name\":\"Novice.si\",\"url\":\"https:\\\/\\\/novice.si\\\/page\\\/\",\"logo\":{\"@type\":\"ImageObject\",\"inLanguage\":\"sl-SI\",\"@id\":\"https:\\\/\\\/novice.si\\\/page\\\/#\\\/schema\\\/logo\\\/image\\\/\",\"url\":\"https:\\\/\\\/novice.si\\\/page\\\/wp-content\\\/uploads\\\/2023\\\/03\\\/novice_si.png\",\"contentUrl\":\"https:\\\/\\\/novice.si\\\/page\\\/wp-content\\\/uploads\\\/2023\\\/03\\\/novice_si.png\",\"width\":576,\"height\":200,\"caption\":\"Novice.si\"},\"image\":{\"@id\":\"https:\\\/\\\/novice.si\\\/page\\\/#\\\/schema\\\/logo\\\/image\\\/\"}},{\"@type\":\"Person\",\"@id\":\"https:\\\/\\\/novice.si\\\/page\\\/#\\\/schema\\\/person\\\/a877dbb8680d441357ce27663beb35ca\",\"name\":\"Uredni\u0161tvo Novic\",\"image\":{\"@type\":\"ImageObject\",\"inLanguage\":\"sl-SI\",\"@id\":\"https:\\\/\\\/secure.gravatar.com\\\/avatar\\\/f19c0ae874706cc9ba19d2f6da5f74a5a5ee7674f283fed29ce0ad16a9f1893e?s=96&d=mm&r=g\",\"url\":\"https:\\\/\\\/secure.gravatar.com\\\/avatar\\\/f19c0ae874706cc9ba19d2f6da5f74a5a5ee7674f283fed29ce0ad16a9f1893e?s=96&d=mm&r=g\",\"contentUrl\":\"https:\\\/\\\/secure.gravatar.com\\\/avatar\\\/f19c0ae874706cc9ba19d2f6da5f74a5a5ee7674f283fed29ce0ad16a9f1893e?s=96&d=mm&r=g\",\"caption\":\"Uredni\u0161tvo Novic\"},\"url\":\"https:\\\/\\\/novice.si\\\/page\\\/author\\\/jure\\\/\"}]}<\/script>\n<!-- \/ Yoast SEO plugin. -->","yoast_head_json":{"title":"Slovenskim odbojkarjem bron na evropskem prvenstvu! - Novice.si","robots":{"index":"index","follow":"follow","max-snippet":"max-snippet:-1","max-image-preview":"max-image-preview:large","max-video-preview":"max-video-preview:-1"},"canonical":"https:\/\/novice.si\/page\/slovenskim-odbojkarjem-bron-na-evropskem-prvenstvu\/","og_locale":"sl_SI","og_type":"article","og_title":"Slovenskim odbojkarjem bron na evropskem prvenstvu! - Novice.si","og_description":"Slovenski odbojkarji so leto\u0161nje evropsko prvenstvo kon\u010dali z zmago. Na tekmi za tretje mesto so v Rimu po izena\u010denem boju s 3:2 (22, 16, -21, -18, 11) premagali Francoze. Po treh srebrnih medaljah na prvenstvih stare celine so Slovenci tako prvi\u010d osvojili \u0161e bronaste medalje. Slovenske barve je sicer branil tudi Bistri\u010dan \u017diga \u0160tern. Tokratno [&hellip;]","og_url":"https:\/\/novice.si\/page\/slovenskim-odbojkarjem-bron-na-evropskem-prvenstvu\/","og_site_name":"Novice.si","article_published_time":"2023-09-16T21:08:46+00:00","article_modified_time":"2023-09-17T11:38:06+00:00","og_image":[{"width":2000,"height":1333,"url":"https:\/\/novice.si\/page\/wp-content\/uploads\/2023\/09\/fb6e8732dfd275d579ec80bda9640f84.jpeg","type":"image\/jpeg"}],"author":"Uredni\u0161tvo Novic","twitter_card":"summary_large_image","twitter_misc":{"Written by":"Uredni\u0161tvo Novic","Est. reading time":"2 minuti"},"schema":{"@context":"https:\/\/schema.org","@graph":[{"@type":"Article","@id":"https:\/\/novice.si\/page\/slovenskim-odbojkarjem-bron-na-evropskem-prvenstvu\/#article","isPartOf":{"@id":"https:\/\/novice.si\/page\/slovenskim-odbojkarjem-bron-na-evropskem-prvenstvu\/"},"author":{"name":"Uredni\u0161tvo Novic","@id":"https:\/\/novice.si\/page\/#\/schema\/person\/a877dbb8680d441357ce27663beb35ca"},"headline":"Slovenskim odbojkarjem bron na evropskem prvenstvu!","datePublished":"2023-09-16T21:08:46+00:00","dateModified":"2023-09-17T11:38:06+00:00","mainEntityOfPage":{"@id":"https:\/\/novice.si\/page\/slovenskim-odbojkarjem-bron-na-evropskem-prvenstvu\/"},"wordCount":317,"publisher":{"@id":"https:\/\/novice.si\/page\/#organization"},"image":{"@id":"https:\/\/novice.si\/page\/slovenskim-odbojkarjem-bron-na-evropskem-prvenstvu\/#primaryimage"},"thumbnailUrl":"https:\/\/novice.si\/page\/wp-content\/uploads\/2023\/09\/fb6e8732dfd275d579ec80bda9640f84.jpeg","keywords":["evropsko prvenstvo","slovenska odbojkarska reprezentanca","\u017diga \u0160tern"],"articleSection":["Aktualno","Bistri\u0161ko","\u0160port"],"inLanguage":"sl-SI"},{"@type":"WebPage","@id":"https:\/\/novice.si\/page\/slovenskim-odbojkarjem-bron-na-evropskem-prvenstvu\/","url":"https:\/\/novice.si\/page\/slovenskim-odbojkarjem-bron-na-evropskem-prvenstvu\/","name":"Slovenskim odbojkarjem bron na evropskem prvenstvu! - Novice.si","isPartOf":{"@id":"https:\/\/novice.si\/page\/#website"},"primaryImageOfPage":{"@id":"https:\/\/novice.si\/page\/slovenskim-odbojkarjem-bron-na-evropskem-prvenstvu\/#primaryimage"},"image":{"@id":"https:\/\/novice.si\/page\/slovenskim-odbojkarjem-bron-na-evropskem-prvenstvu\/#primaryimage"},"thumbnailUrl":"https:\/\/novice.si\/page\/wp-content\/uploads\/2023\/09\/fb6e8732dfd275d579ec80bda9640f84.jpeg","datePublished":"2023-09-16T21:08:46+00:00","dateModified":"2023-09-17T11:38:06+00:00","breadcrumb":{"@id":"https:\/\/novice.si\/page\/slovenskim-odbojkarjem-bron-na-evropskem-prvenstvu\/#breadcrumb"},"inLanguage":"sl-SI","potentialAction":[{"@type":"ReadAction","target":["https:\/\/novice.si\/page\/slovenskim-odbojkarjem-bron-na-evropskem-prvenstvu\/"]}]},{"@type":"ImageObject","inLanguage":"sl-SI","@id":"https:\/\/novice.si\/page\/slovenskim-odbojkarjem-bron-na-evropskem-prvenstvu\/#primaryimage","url":"https:\/\/novice.si\/page\/wp-content\/uploads\/2023\/09\/fb6e8732dfd275d579ec80bda9640f84.jpeg","contentUrl":"https:\/\/novice.si\/page\/wp-content\/uploads\/2023\/09\/fb6e8732dfd275d579ec80bda9640f84.jpeg","width":2000,"height":1333},{"@type":"BreadcrumbList","@id":"https:\/\/novice.si\/page\/slovenskim-odbojkarjem-bron-na-evropskem-prvenstvu\/#breadcrumb","itemListElement":[{"@type":"ListItem","position":1,"name":"Home","item":"https:\/\/novice.si\/page\/"},{"@type":"ListItem","position":2,"name":"Slovenskim odbojkarjem bron na evropskem prvenstvu!"}]},{"@type":"WebSite","@id":"https:\/\/novice.si\/page\/#website","url":"https:\/\/novice.si\/page\/","name":"Novice.si","description":"","publisher":{"@id":"https:\/\/novice.si\/page\/#organization"},"potentialAction":[{"@type":"SearchAction","target":{"@type":"EntryPoint","urlTemplate":"https:\/\/novice.si\/page\/?s={search_term_string}"},"query-input":{"@type":"PropertyValueSpecification","valueRequired":true,"valueName":"search_term_string"}}],"inLanguage":"sl-SI"},{"@type":"Organization","@id":"https:\/\/novice.si\/page\/#organization","name":"Novice.si","url":"https:\/\/novice.si\/page\/","logo":{"@type":"ImageObject","inLanguage":"sl-SI","@id":"https:\/\/novice.si\/page\/#\/schema\/logo\/image\/","url":"https:\/\/novice.si\/page\/wp-content\/uploads\/2023\/03\/novice_si.png","contentUrl":"https:\/\/novice.si\/page\/wp-content\/uploads\/2023\/03\/novice_si.png","width":576,"height":200,"caption":"Novice.si"},"image":{"@id":"https:\/\/novice.si\/page\/#\/schema\/logo\/image\/"}},{"@type":"Person","@id":"https:\/\/novice.si\/page\/#\/schema\/person\/a877dbb8680d441357ce27663beb35ca","name":"Uredni\u0161tvo Novic","image":{"@type":"ImageObject","inLanguage":"sl-SI","@id":"https:\/\/secure.gravatar.com\/avatar\/f19c0ae874706cc9ba19d2f6da5f74a5a5ee7674f283fed29ce0ad16a9f1893e?s=96&d=mm&r=g","url":"https:\/\/secure.gravatar.com\/avatar\/f19c0ae874706cc9ba19d2f6da5f74a5a5ee7674f283fed29ce0ad16a9f1893e?s=96&d=mm&r=g","contentUrl":"https:\/\/secure.gravatar.com\/avatar\/f19c0ae874706cc9ba19d2f6da5f74a5a5ee7674f283fed29ce0ad16a9f1893e?s=96&d=mm&r=g","caption":"Uredni\u0161tvo Novic"},"url":"https:\/\/novice.si\/page\/author\/jure\/"}]}},"_links":{"self":[{"href":"https:\/\/novice.si\/page\/wp-json\/wp\/v2\/posts\/167418","targetHints":{"allow":["GET"]}}],"collection":[{"href":"https:\/\/novice.si\/page\/wp-json\/wp\/v2\/posts"}],"about":[{"href":"https:\/\/novice.si\/page\/wp-json\/wp\/v2\/types\/post"}],"author":[{"embeddable":true,"href":"https:\/\/novice.si\/page\/wp-json\/wp\/v2\/users\/7"}],"replies":[{"embeddable":true,"href":"https:\/\/novice.si\/page\/wp-json\/wp\/v2\/comments?post=167418"}],"version-history":[{"count":2,"href":"https:\/\/novice.si\/page\/wp-json\/wp\/v2\/posts\/167418\/revisions"}],"predecessor-version":[{"id":167421,"href":"https:\/\/novice.si\/page\/wp-json\/wp\/v2\/posts\/167418\/revisions\/167421"}],"wp:featuredmedia":[{"embeddable":true,"href":"https:\/\/novice.si\/page\/wp-json\/wp\/v2\/media\/167419"}],"wp:attachment":[{"href":"https:\/\/novice.si\/page\/wp-json\/wp\/v2\/media?parent=167418"}],"wp:term":[{"taxonomy":"category","embeddable":true,"href":"https:\/\/novice.si\/page\/wp-json\/wp\/v2\/categories?post=167418"},{"taxonomy":"post_tag","embeddable":true,"href":"https:\/\/novice.si\/page\/wp-json\/wp\/v2\/tags?post=167418"}],"curies":[{"name":"wp","href":"https:\/\/api.w.org\/{rel}","templated":true}]}}