{"id":167406,"date":"2023-09-18T10:46:36","date_gmt":"2023-09-18T08:46:36","guid":{"rendered":"https:\/\/novice.si\/page\/?p=167406"},"modified":"2023-09-15T13:49:01","modified_gmt":"2023-09-15T11:49:01","slug":"skoraj-vedno-polno-zasedena","status":"publish","type":"post","link":"https:\/\/novice.si\/page\/skoraj-vedno-polno-zasedena\/","title":{"rendered":"Skoraj vedno polno zasedena"},"content":{"rendered":"<p><em><strong><img loading=\"lazy\" decoding=\"async\" class=\"size-medium wp-image-167407 aligncenter\" src=\"https:\/\/novice.si\/page\/wp-content\/uploads\/2023\/09\/izpostavljeno-parkiranje-foto-Maja-Horvat-600x450.jpg\" alt=\"parkiranje\" width=\"600\" height=\"450\" srcset=\"https:\/\/novice.si\/page\/wp-content\/uploads\/2023\/09\/izpostavljeno-parkiranje-foto-Maja-Horvat-600x450.jpg 600w, https:\/\/novice.si\/page\/wp-content\/uploads\/2023\/09\/izpostavljeno-parkiranje-foto-Maja-Horvat-1024x768.jpg 1024w, https:\/\/novice.si\/page\/wp-content\/uploads\/2023\/09\/izpostavljeno-parkiranje-foto-Maja-Horvat-768x576.jpg 768w, https:\/\/novice.si\/page\/wp-content\/uploads\/2023\/09\/izpostavljeno-parkiranje-foto-Maja-Horvat-1536x1152.jpg 1536w, https:\/\/novice.si\/page\/wp-content\/uploads\/2023\/09\/izpostavljeno-parkiranje-foto-Maja-Horvat-80x60.jpg 80w, https:\/\/novice.si\/page\/wp-content\/uploads\/2023\/09\/izpostavljeno-parkiranje-foto-Maja-Horvat-265x198.jpg 265w, https:\/\/novice.si\/page\/wp-content\/uploads\/2023\/09\/izpostavljeno-parkiranje-foto-Maja-Horvat-696x522.jpg 696w, https:\/\/novice.si\/page\/wp-content\/uploads\/2023\/09\/izpostavljeno-parkiranje-foto-Maja-Horvat-1068x801.jpg 1068w, https:\/\/novice.si\/page\/wp-content\/uploads\/2023\/09\/izpostavljeno-parkiranje-foto-Maja-Horvat-560x420.jpg 560w, https:\/\/novice.si\/page\/wp-content\/uploads\/2023\/09\/izpostavljeno-parkiranje-foto-Maja-Horvat-24x18.jpg 24w, https:\/\/novice.si\/page\/wp-content\/uploads\/2023\/09\/izpostavljeno-parkiranje-foto-Maja-Horvat-36x27.jpg 36w, https:\/\/novice.si\/page\/wp-content\/uploads\/2023\/09\/izpostavljeno-parkiranje-foto-Maja-Horvat-48x36.jpg 48w, https:\/\/novice.si\/page\/wp-content\/uploads\/2023\/09\/izpostavljeno-parkiranje-foto-Maja-Horvat.jpg 1850w\" sizes=\"auto, (max-width: 600px) 100vw, 600px\" \/>Parkiranje.<\/strong> V mestnem jedru so parkiri\u0161\u010da ve\u010dinoma polno zasedena. Tudi gara\u017ene hi\u0161e Celjani uporabljajo vse raje.<\/em><\/p>\n<p>V centru kne\u017ejega mesta najdemo kar nekaj parkiri\u0161\u010d. V modri coni je 450 parkirnih mest, v II. coni pa kar 2.626. \u010ce k temu dodamo \u0161e tri parkirne hi\u0161e \u2013 Celeiapark, Glazija in Kocbekova, kjer imamo 1.136 parkirnih mest, jih imamo skupaj preko 4.200. Kljub temu so ta vsaj v dopoldanskem \u010dasu v ve\u010dini skoraj polno zasedena.<\/p>\n<p><strong>Najve\u010dja zasedenost ob ponedeljkih, sredah in petkih<\/strong><\/p>\n<p>Kot je povedal <strong>Robert Hostnik<\/strong> iz ZPO Celje, so v Celju ob nekaterih dnevih parkiri\u0161\u010da \u0161e bolj zasedena kot sicer. To so obi\u010dajno ponedeljki, srede in petki.<\/p>\n<p>Sicer pa so najbolj zasedena parkiri\u0161\u010da: \u017delezni\u0161ka postaja, Spodnji grad, Tur\u0161ka ma\u010dka in uli\u010dna parkiri\u0161\u010da, ki jih je vedno manj. V mestu namre\u010d urejajo kolesarske poti, zato se nekatera uli\u010dna parkirna mesta ukinjajo.<\/p>\n<p><strong>Celjani vedno raje parkirajo v gara\u017enih hi\u0161ah<\/strong><\/p>\n<p>V centru imamo, kot re\u010deno, kar tri gara\u017ene hi\u0161e, Celeiapark, Glazija in Kocbekova, in vse tri so ve\u010dino \u010dasa zelo zasedene.<\/p>\n<p>Kot je pojasnil Hostnik, je gara\u017ena hi\u0161a Kocbekova polno zasedena z abonenti. Dnevni obiskovalci mesta tam ne morejo parkirati. Namenjena je torej znanim uporabnikom. Zasedenost gara\u017ene hi\u0161e Glazija je okrog 70-odstotna. Tam najpogosteje parkirajo zaposleni v Splo\u0161ni bolni\u0161nici Celje, Zdravstvenem domu Celje in dnevni obiskovalci omenjenih ustanov. Gara\u017ena hi\u0161a Celeiapark je \u0161e bolj zasedena, in sicer okrog 80-odstotno. Zakaj je temu tako in ve\u010d o cenah parkiranja ter o tem, katero parkiri\u0161\u010de je najmanj zasedeno, pa lahko preberete v aktualni \u0161tevilki \u010dasopisa Celjan, ki vas \u0161e vedno \u010daka na prodajnih mestih. (MH)<\/p>\n","protected":false},"excerpt":{"rendered":"<p>Parkiranje. V mestnem jedru so parkiri\u0161\u010da ve\u010dinoma polno zasedena. Tudi gara\u017ene hi\u0161e Celjani uporabljajo vse raje. V centru kne\u017ejega mesta najdemo kar nekaj parkiri\u0161\u010d. V modri coni je 450 parkirnih mest, v II. coni pa kar 2.626. \u010ce k temu dodamo \u0161e tri parkirne hi\u0161e \u2013 Celeiapark, Glazija in Kocbekova, kjer imamo 1.136 parkirnih mest, [&hellip;]<\/p>\n","protected":false},"author":55,"featured_media":167407,"comment_status":"closed","ping_status":"closed","sticky":false,"template":"","format":"standard","meta":{"footnotes":""},"categories":[14,142,17],"tags":[],"class_list":{"0":"post-167406","1":"post","2":"type-post","3":"status-publish","4":"format-standard","5":"has-post-thumbnail","7":"category-aktualno","8":"category-celjan","9":"category-celjsko"},"yoast_head":"<!-- This site is optimized with the Yoast SEO plugin v27.4 - https:\/\/yoast.com\/product\/yoast-seo-wordpress\/ -->\n<title>Skoraj vedno polno zasedena - Novice.si<\/title>\n<meta name=\"robots\" content=\"index, follow, max-snippet:-1, max-image-preview:large, max-video-preview:-1\" \/>\n<link rel=\"canonical\" href=\"https:\/\/novice.si\/page\/skoraj-vedno-polno-zasedena\/\" \/>\n<meta property=\"og:locale\" content=\"sl_SI\" \/>\n<meta property=\"og:type\" content=\"article\" \/>\n<meta property=\"og:title\" content=\"Skoraj vedno polno zasedena - Novice.si\" \/>\n<meta property=\"og:description\" content=\"Parkiranje. V mestnem jedru so parkiri\u0161\u010da ve\u010dinoma polno zasedena. Tudi gara\u017ene hi\u0161e Celjani uporabljajo vse raje. V centru kne\u017ejega mesta najdemo kar nekaj parkiri\u0161\u010d. V modri coni je 450 parkirnih mest, v II. coni pa kar 2.626. \u010ce k temu dodamo \u0161e tri parkirne hi\u0161e \u2013 Celeiapark, Glazija in Kocbekova, kjer imamo 1.136 parkirnih mest, [&hellip;]\" \/>\n<meta property=\"og:url\" content=\"https:\/\/novice.si\/page\/skoraj-vedno-polno-zasedena\/\" \/>\n<meta property=\"og:site_name\" content=\"Novice.si\" \/>\n<meta property=\"article:published_time\" content=\"2023-09-18T08:46:36+00:00\" \/>\n<meta property=\"og:image\" content=\"https:\/\/novice.si\/page\/wp-content\/uploads\/2023\/09\/izpostavljeno-parkiranje-foto-Maja-Horvat.jpg\" \/>\n\t<meta property=\"og:image:width\" content=\"1850\" \/>\n\t<meta property=\"og:image:height\" content=\"1388\" \/>\n\t<meta property=\"og:image:type\" content=\"image\/jpeg\" \/>\n<meta name=\"author\" content=\"Uredni\u0161tvo Celjana\" \/>\n<meta name=\"twitter:card\" content=\"summary_large_image\" \/>\n<meta name=\"twitter:label1\" content=\"Written by\" \/>\n\t<meta name=\"twitter:data1\" content=\"Uredni\u0161tvo Celjana\" \/>\n\t<meta name=\"twitter:label2\" content=\"Est. reading time\" \/>\n\t<meta name=\"twitter:data2\" content=\"2 minuti\" \/>\n<script type=\"application\/ld+json\" class=\"yoast-schema-graph\">{\"@context\":\"https:\\\/\\\/schema.org\",\"@graph\":[{\"@type\":\"Article\",\"@id\":\"https:\\\/\\\/novice.si\\\/page\\\/skoraj-vedno-polno-zasedena\\\/#article\",\"isPartOf\":{\"@id\":\"https:\\\/\\\/novice.si\\\/page\\\/skoraj-vedno-polno-zasedena\\\/\"},\"author\":{\"name\":\"Uredni\u0161tvo Celjana\",\"@id\":\"https:\\\/\\\/novice.si\\\/page\\\/#\\\/schema\\\/person\\\/a49f233ef2777ec7b2e8d0662325bb48\"},\"headline\":\"Skoraj vedno polno zasedena\",\"datePublished\":\"2023-09-18T08:46:36+00:00\",\"mainEntityOfPage\":{\"@id\":\"https:\\\/\\\/novice.si\\\/page\\\/skoraj-vedno-polno-zasedena\\\/\"},\"wordCount\":291,\"publisher\":{\"@id\":\"https:\\\/\\\/novice.si\\\/page\\\/#organization\"},\"image\":{\"@id\":\"https:\\\/\\\/novice.si\\\/page\\\/skoraj-vedno-polno-zasedena\\\/#primaryimage\"},\"thumbnailUrl\":\"https:\\\/\\\/novice.si\\\/page\\\/wp-content\\\/uploads\\\/2023\\\/09\\\/izpostavljeno-parkiranje-foto-Maja-Horvat.jpg\",\"articleSection\":[\"Aktualno\",\"Celjan\",\"Celjsko\"],\"inLanguage\":\"sl-SI\"},{\"@type\":\"WebPage\",\"@id\":\"https:\\\/\\\/novice.si\\\/page\\\/skoraj-vedno-polno-zasedena\\\/\",\"url\":\"https:\\\/\\\/novice.si\\\/page\\\/skoraj-vedno-polno-zasedena\\\/\",\"name\":\"Skoraj vedno polno zasedena - Novice.si\",\"isPartOf\":{\"@id\":\"https:\\\/\\\/novice.si\\\/page\\\/#website\"},\"primaryImageOfPage\":{\"@id\":\"https:\\\/\\\/novice.si\\\/page\\\/skoraj-vedno-polno-zasedena\\\/#primaryimage\"},\"image\":{\"@id\":\"https:\\\/\\\/novice.si\\\/page\\\/skoraj-vedno-polno-zasedena\\\/#primaryimage\"},\"thumbnailUrl\":\"https:\\\/\\\/novice.si\\\/page\\\/wp-content\\\/uploads\\\/2023\\\/09\\\/izpostavljeno-parkiranje-foto-Maja-Horvat.jpg\",\"datePublished\":\"2023-09-18T08:46:36+00:00\",\"breadcrumb\":{\"@id\":\"https:\\\/\\\/novice.si\\\/page\\\/skoraj-vedno-polno-zasedena\\\/#breadcrumb\"},\"inLanguage\":\"sl-SI\",\"potentialAction\":[{\"@type\":\"ReadAction\",\"target\":[\"https:\\\/\\\/novice.si\\\/page\\\/skoraj-vedno-polno-zasedena\\\/\"]}]},{\"@type\":\"ImageObject\",\"inLanguage\":\"sl-SI\",\"@id\":\"https:\\\/\\\/novice.si\\\/page\\\/skoraj-vedno-polno-zasedena\\\/#primaryimage\",\"url\":\"https:\\\/\\\/novice.si\\\/page\\\/wp-content\\\/uploads\\\/2023\\\/09\\\/izpostavljeno-parkiranje-foto-Maja-Horvat.jpg\",\"contentUrl\":\"https:\\\/\\\/novice.si\\\/page\\\/wp-content\\\/uploads\\\/2023\\\/09\\\/izpostavljeno-parkiranje-foto-Maja-Horvat.jpg\",\"width\":1850,\"height\":1388,\"caption\":\"parkiranje\"},{\"@type\":\"BreadcrumbList\",\"@id\":\"https:\\\/\\\/novice.si\\\/page\\\/skoraj-vedno-polno-zasedena\\\/#breadcrumb\",\"itemListElement\":[{\"@type\":\"ListItem\",\"position\":1,\"name\":\"Home\",\"item\":\"https:\\\/\\\/novice.si\\\/page\\\/\"},{\"@type\":\"ListItem\",\"position\":2,\"name\":\"Skoraj vedno polno zasedena\"}]},{\"@type\":\"WebSite\",\"@id\":\"https:\\\/\\\/novice.si\\\/page\\\/#website\",\"url\":\"https:\\\/\\\/novice.si\\\/page\\\/\",\"name\":\"Novice.si\",\"description\":\"\",\"publisher\":{\"@id\":\"https:\\\/\\\/novice.si\\\/page\\\/#organization\"},\"potentialAction\":[{\"@type\":\"SearchAction\",\"target\":{\"@type\":\"EntryPoint\",\"urlTemplate\":\"https:\\\/\\\/novice.si\\\/page\\\/?s={search_term_string}\"},\"query-input\":{\"@type\":\"PropertyValueSpecification\",\"valueRequired\":true,\"valueName\":\"search_term_string\"}}],\"inLanguage\":\"sl-SI\"},{\"@type\":\"Organization\",\"@id\":\"https:\\\/\\\/novice.si\\\/page\\\/#organization\",\"name\":\"Novice.si\",\"url\":\"https:\\\/\\\/novice.si\\\/page\\\/\",\"logo\":{\"@type\":\"ImageObject\",\"inLanguage\":\"sl-SI\",\"@id\":\"https:\\\/\\\/novice.si\\\/page\\\/#\\\/schema\\\/logo\\\/image\\\/\",\"url\":\"https:\\\/\\\/novice.si\\\/page\\\/wp-content\\\/uploads\\\/2023\\\/03\\\/novice_si.png\",\"contentUrl\":\"https:\\\/\\\/novice.si\\\/page\\\/wp-content\\\/uploads\\\/2023\\\/03\\\/novice_si.png\",\"width\":576,\"height\":200,\"caption\":\"Novice.si\"},\"image\":{\"@id\":\"https:\\\/\\\/novice.si\\\/page\\\/#\\\/schema\\\/logo\\\/image\\\/\"}},{\"@type\":\"Person\",\"@id\":\"https:\\\/\\\/novice.si\\\/page\\\/#\\\/schema\\\/person\\\/a49f233ef2777ec7b2e8d0662325bb48\",\"name\":\"Uredni\u0161tvo Celjana\",\"image\":{\"@type\":\"ImageObject\",\"inLanguage\":\"sl-SI\",\"@id\":\"https:\\\/\\\/secure.gravatar.com\\\/avatar\\\/7f7863e616af8f92806c638dd1db3f1a238d83d1cc2ec3100afc06fbb7eb303f?s=96&d=mm&r=g\",\"url\":\"https:\\\/\\\/secure.gravatar.com\\\/avatar\\\/7f7863e616af8f92806c638dd1db3f1a238d83d1cc2ec3100afc06fbb7eb303f?s=96&d=mm&r=g\",\"contentUrl\":\"https:\\\/\\\/secure.gravatar.com\\\/avatar\\\/7f7863e616af8f92806c638dd1db3f1a238d83d1cc2ec3100afc06fbb7eb303f?s=96&d=mm&r=g\",\"caption\":\"Uredni\u0161tvo Celjana\"},\"url\":\"https:\\\/\\\/novice.si\\\/page\\\/author\\\/maja\\\/\"}]}<\/script>\n<!-- \/ Yoast SEO plugin. -->","yoast_head_json":{"title":"Skoraj vedno polno zasedena - Novice.si","robots":{"index":"index","follow":"follow","max-snippet":"max-snippet:-1","max-image-preview":"max-image-preview:large","max-video-preview":"max-video-preview:-1"},"canonical":"https:\/\/novice.si\/page\/skoraj-vedno-polno-zasedena\/","og_locale":"sl_SI","og_type":"article","og_title":"Skoraj vedno polno zasedena - Novice.si","og_description":"Parkiranje. V mestnem jedru so parkiri\u0161\u010da ve\u010dinoma polno zasedena. Tudi gara\u017ene hi\u0161e Celjani uporabljajo vse raje. V centru kne\u017ejega mesta najdemo kar nekaj parkiri\u0161\u010d. V modri coni je 450 parkirnih mest, v II. coni pa kar 2.626. \u010ce k temu dodamo \u0161e tri parkirne hi\u0161e \u2013 Celeiapark, Glazija in Kocbekova, kjer imamo 1.136 parkirnih mest, [&hellip;]","og_url":"https:\/\/novice.si\/page\/skoraj-vedno-polno-zasedena\/","og_site_name":"Novice.si","article_published_time":"2023-09-18T08:46:36+00:00","og_image":[{"width":1850,"height":1388,"url":"https:\/\/novice.si\/page\/wp-content\/uploads\/2023\/09\/izpostavljeno-parkiranje-foto-Maja-Horvat.jpg","type":"image\/jpeg"}],"author":"Uredni\u0161tvo Celjana","twitter_card":"summary_large_image","twitter_misc":{"Written by":"Uredni\u0161tvo Celjana","Est. reading time":"2 minuti"},"schema":{"@context":"https:\/\/schema.org","@graph":[{"@type":"Article","@id":"https:\/\/novice.si\/page\/skoraj-vedno-polno-zasedena\/#article","isPartOf":{"@id":"https:\/\/novice.si\/page\/skoraj-vedno-polno-zasedena\/"},"author":{"name":"Uredni\u0161tvo Celjana","@id":"https:\/\/novice.si\/page\/#\/schema\/person\/a49f233ef2777ec7b2e8d0662325bb48"},"headline":"Skoraj vedno polno zasedena","datePublished":"2023-09-18T08:46:36+00:00","mainEntityOfPage":{"@id":"https:\/\/novice.si\/page\/skoraj-vedno-polno-zasedena\/"},"wordCount":291,"publisher":{"@id":"https:\/\/novice.si\/page\/#organization"},"image":{"@id":"https:\/\/novice.si\/page\/skoraj-vedno-polno-zasedena\/#primaryimage"},"thumbnailUrl":"https:\/\/novice.si\/page\/wp-content\/uploads\/2023\/09\/izpostavljeno-parkiranje-foto-Maja-Horvat.jpg","articleSection":["Aktualno","Celjan","Celjsko"],"inLanguage":"sl-SI"},{"@type":"WebPage","@id":"https:\/\/novice.si\/page\/skoraj-vedno-polno-zasedena\/","url":"https:\/\/novice.si\/page\/skoraj-vedno-polno-zasedena\/","name":"Skoraj vedno polno zasedena - Novice.si","isPartOf":{"@id":"https:\/\/novice.si\/page\/#website"},"primaryImageOfPage":{"@id":"https:\/\/novice.si\/page\/skoraj-vedno-polno-zasedena\/#primaryimage"},"image":{"@id":"https:\/\/novice.si\/page\/skoraj-vedno-polno-zasedena\/#primaryimage"},"thumbnailUrl":"https:\/\/novice.si\/page\/wp-content\/uploads\/2023\/09\/izpostavljeno-parkiranje-foto-Maja-Horvat.jpg","datePublished":"2023-09-18T08:46:36+00:00","breadcrumb":{"@id":"https:\/\/novice.si\/page\/skoraj-vedno-polno-zasedena\/#breadcrumb"},"inLanguage":"sl-SI","potentialAction":[{"@type":"ReadAction","target":["https:\/\/novice.si\/page\/skoraj-vedno-polno-zasedena\/"]}]},{"@type":"ImageObject","inLanguage":"sl-SI","@id":"https:\/\/novice.si\/page\/skoraj-vedno-polno-zasedena\/#primaryimage","url":"https:\/\/novice.si\/page\/wp-content\/uploads\/2023\/09\/izpostavljeno-parkiranje-foto-Maja-Horvat.jpg","contentUrl":"https:\/\/novice.si\/page\/wp-content\/uploads\/2023\/09\/izpostavljeno-parkiranje-foto-Maja-Horvat.jpg","width":1850,"height":1388,"caption":"parkiranje"},{"@type":"BreadcrumbList","@id":"https:\/\/novice.si\/page\/skoraj-vedno-polno-zasedena\/#breadcrumb","itemListElement":[{"@type":"ListItem","position":1,"name":"Home","item":"https:\/\/novice.si\/page\/"},{"@type":"ListItem","position":2,"name":"Skoraj vedno polno zasedena"}]},{"@type":"WebSite","@id":"https:\/\/novice.si\/page\/#website","url":"https:\/\/novice.si\/page\/","name":"Novice.si","description":"","publisher":{"@id":"https:\/\/novice.si\/page\/#organization"},"potentialAction":[{"@type":"SearchAction","target":{"@type":"EntryPoint","urlTemplate":"https:\/\/novice.si\/page\/?s={search_term_string}"},"query-input":{"@type":"PropertyValueSpecification","valueRequired":true,"valueName":"search_term_string"}}],"inLanguage":"sl-SI"},{"@type":"Organization","@id":"https:\/\/novice.si\/page\/#organization","name":"Novice.si","url":"https:\/\/novice.si\/page\/","logo":{"@type":"ImageObject","inLanguage":"sl-SI","@id":"https:\/\/novice.si\/page\/#\/schema\/logo\/image\/","url":"https:\/\/novice.si\/page\/wp-content\/uploads\/2023\/03\/novice_si.png","contentUrl":"https:\/\/novice.si\/page\/wp-content\/uploads\/2023\/03\/novice_si.png","width":576,"height":200,"caption":"Novice.si"},"image":{"@id":"https:\/\/novice.si\/page\/#\/schema\/logo\/image\/"}},{"@type":"Person","@id":"https:\/\/novice.si\/page\/#\/schema\/person\/a49f233ef2777ec7b2e8d0662325bb48","name":"Uredni\u0161tvo Celjana","image":{"@type":"ImageObject","inLanguage":"sl-SI","@id":"https:\/\/secure.gravatar.com\/avatar\/7f7863e616af8f92806c638dd1db3f1a238d83d1cc2ec3100afc06fbb7eb303f?s=96&d=mm&r=g","url":"https:\/\/secure.gravatar.com\/avatar\/7f7863e616af8f92806c638dd1db3f1a238d83d1cc2ec3100afc06fbb7eb303f?s=96&d=mm&r=g","contentUrl":"https:\/\/secure.gravatar.com\/avatar\/7f7863e616af8f92806c638dd1db3f1a238d83d1cc2ec3100afc06fbb7eb303f?s=96&d=mm&r=g","caption":"Uredni\u0161tvo Celjana"},"url":"https:\/\/novice.si\/page\/author\/maja\/"}]}},"_links":{"self":[{"href":"https:\/\/novice.si\/page\/wp-json\/wp\/v2\/posts\/167406","targetHints":{"allow":["GET"]}}],"collection":[{"href":"https:\/\/novice.si\/page\/wp-json\/wp\/v2\/posts"}],"about":[{"href":"https:\/\/novice.si\/page\/wp-json\/wp\/v2\/types\/post"}],"author":[{"embeddable":true,"href":"https:\/\/novice.si\/page\/wp-json\/wp\/v2\/users\/55"}],"replies":[{"embeddable":true,"href":"https:\/\/novice.si\/page\/wp-json\/wp\/v2\/comments?post=167406"}],"version-history":[{"count":1,"href":"https:\/\/novice.si\/page\/wp-json\/wp\/v2\/posts\/167406\/revisions"}],"predecessor-version":[{"id":167408,"href":"https:\/\/novice.si\/page\/wp-json\/wp\/v2\/posts\/167406\/revisions\/167408"}],"wp:featuredmedia":[{"embeddable":true,"href":"https:\/\/novice.si\/page\/wp-json\/wp\/v2\/media\/167407"}],"wp:attachment":[{"href":"https:\/\/novice.si\/page\/wp-json\/wp\/v2\/media?parent=167406"}],"wp:term":[{"taxonomy":"category","embeddable":true,"href":"https:\/\/novice.si\/page\/wp-json\/wp\/v2\/categories?post=167406"},{"taxonomy":"post_tag","embeddable":true,"href":"https:\/\/novice.si\/page\/wp-json\/wp\/v2\/tags?post=167406"}],"curies":[{"name":"wp","href":"https:\/\/api.w.org\/{rel}","templated":true}]}}