{"id":167403,"date":"2023-09-18T08:43:12","date_gmt":"2023-09-18T06:43:12","guid":{"rendered":"https:\/\/novice.si\/page\/?p=167403"},"modified":"2023-09-15T13:46:34","modified_gmt":"2023-09-15T11:46:34","slug":"v-celjskih-srednjih-solah-vec-dijakov","status":"publish","type":"post","link":"https:\/\/novice.si\/page\/v-celjskih-srednjih-solah-vec-dijakov\/","title":{"rendered":"V celjskih srednjih \u0161olah ve\u010d dijakov"},"content":{"rendered":"<p><em><strong><img loading=\"lazy\" decoding=\"async\" class=\" wp-image-167404 alignright\" src=\"https:\/\/novice.si\/page\/wp-content\/uploads\/2023\/09\/cz-vpisi-SS-foto-Maja-Horvat-600x450.jpg\" alt=\"S\u0160GT Celje\" width=\"515\" height=\"386\" srcset=\"https:\/\/novice.si\/page\/wp-content\/uploads\/2023\/09\/cz-vpisi-SS-foto-Maja-Horvat-600x450.jpg 600w, https:\/\/novice.si\/page\/wp-content\/uploads\/2023\/09\/cz-vpisi-SS-foto-Maja-Horvat-1024x768.jpg 1024w, https:\/\/novice.si\/page\/wp-content\/uploads\/2023\/09\/cz-vpisi-SS-foto-Maja-Horvat-768x576.jpg 768w, https:\/\/novice.si\/page\/wp-content\/uploads\/2023\/09\/cz-vpisi-SS-foto-Maja-Horvat-1536x1152.jpg 1536w, https:\/\/novice.si\/page\/wp-content\/uploads\/2023\/09\/cz-vpisi-SS-foto-Maja-Horvat-80x60.jpg 80w, https:\/\/novice.si\/page\/wp-content\/uploads\/2023\/09\/cz-vpisi-SS-foto-Maja-Horvat-265x198.jpg 265w, https:\/\/novice.si\/page\/wp-content\/uploads\/2023\/09\/cz-vpisi-SS-foto-Maja-Horvat-696x522.jpg 696w, https:\/\/novice.si\/page\/wp-content\/uploads\/2023\/09\/cz-vpisi-SS-foto-Maja-Horvat-1068x801.jpg 1068w, https:\/\/novice.si\/page\/wp-content\/uploads\/2023\/09\/cz-vpisi-SS-foto-Maja-Horvat-560x420.jpg 560w, https:\/\/novice.si\/page\/wp-content\/uploads\/2023\/09\/cz-vpisi-SS-foto-Maja-Horvat-24x18.jpg 24w, https:\/\/novice.si\/page\/wp-content\/uploads\/2023\/09\/cz-vpisi-SS-foto-Maja-Horvat-36x27.jpg 36w, https:\/\/novice.si\/page\/wp-content\/uploads\/2023\/09\/cz-vpisi-SS-foto-Maja-Horvat-48x36.jpg 48w, https:\/\/novice.si\/page\/wp-content\/uploads\/2023\/09\/cz-vpisi-SS-foto-Maja-Horvat.jpg 1600w\" sizes=\"auto, (max-width: 515px) 100vw, 515px\" \/>Vpis.<\/strong> V ve\u010dini celjskih \u0161ol se je z leto\u0161njim \u0161olskim letom vsaj rahlo pove\u010dalo \u0161tevilo dijakov, ki so vstopili v prvi letnik.<\/em><\/p>\n<p>S 1. septembrom se je za\u010delo novo \u0161olsko leto, v katerem je v Celju v 1. letnik vstopilo ve\u010d dijakov kot prej\u0161nja leta. Vpis se je rahlo povi\u0161al na I. gimnaziji v Celju, na Srednji \u0161oli za hortikulturo in vizualne umetnosti se je zvi\u0161al za kar 16 %, na \u0160olskem centru Celje pa so letos v vse programe skupaj vpisali ve\u010d kot 100 dijakov ve\u010d kot lani.<\/p>\n<p>Ve\u010dina ravnateljev zvi\u0161anje vpisa pripisuje ve\u010djemu \u0161tevilu tistih u\u010dencev, ki so zaklju\u010dili 9. razred, ter ve\u010djemu zanimanju za njihove programe in poklice.<\/p>\n<p><strong>Mo\u010dna porast vpisa v S\u0160GT Celje<\/strong><\/p>\n<p>Vpis se je zelo mo\u010dno pove\u010dal tudi na Srednji \u0161oli za gostinstvo in turizem (S\u0160GT) Celje. V nekatere njihove programe se je namre\u010d vpisalo kar za 60 % ve\u010d dijakov kot lani.<\/p>\n<p>\u00bbLahko re\u010dem, da se v savinjski regiji v leto\u0161njem letu pozna ve\u010d dejavnikov, ki so pripomogli k dvigu vpisa na na\u0161o \u0161olo. Imamo ve\u010d otrok, stanje v na\u0161i panogi se popravlja, prisotni so pozitivni trendi pri kupni mo\u010di, pozna se rast pla\u010d v segmentu turizma in gostinstva, dva nova programa, farmacevtski tehnik in biotehni\u010dna gimnazija, ter seveda sadovi trdega in kvalitetnega dela z mladimi. Skupek teh dejstev je prinesel izjemen porast vpisa na na\u0161o \u0161olo, saj imamo letos kar 203 prvo\u0161olce,\u00ab je povedal <strong>Iztok Leskovar<\/strong>, ravnatelj \u0161ole. Druge odgovore na to, zakaj je pri\u0161lo do tak\u0161nega porasta in kaj to prina\u0161a za \u0161olo, pa preberite v aktualnem Celjanu. (MH)<\/p>\n","protected":false},"excerpt":{"rendered":"<p>Vpis. V ve\u010dini celjskih \u0161ol se je z leto\u0161njim \u0161olskim letom vsaj rahlo pove\u010dalo \u0161tevilo dijakov, ki so vstopili v prvi letnik. S 1. septembrom se je za\u010delo novo \u0161olsko leto, v katerem je v Celju v 1. letnik vstopilo ve\u010d dijakov kot prej\u0161nja leta. Vpis se je rahlo povi\u0161al na I. gimnaziji v Celju, [&hellip;]<\/p>\n","protected":false},"author":55,"featured_media":167404,"comment_status":"closed","ping_status":"closed","sticky":false,"template":"","format":"standard","meta":{"footnotes":""},"categories":[14,142,17],"tags":[],"class_list":{"0":"post-167403","1":"post","2":"type-post","3":"status-publish","4":"format-standard","5":"has-post-thumbnail","7":"category-aktualno","8":"category-celjan","9":"category-celjsko"},"yoast_head":"<!-- This site is optimized with the Yoast SEO plugin v27.4 - https:\/\/yoast.com\/product\/yoast-seo-wordpress\/ -->\n<title>V celjskih srednjih \u0161olah ve\u010d dijakov - Novice.si<\/title>\n<meta name=\"robots\" content=\"index, follow, max-snippet:-1, max-image-preview:large, max-video-preview:-1\" \/>\n<link rel=\"canonical\" href=\"https:\/\/novice.si\/page\/v-celjskih-srednjih-solah-vec-dijakov\/\" \/>\n<meta property=\"og:locale\" content=\"sl_SI\" \/>\n<meta property=\"og:type\" content=\"article\" \/>\n<meta property=\"og:title\" content=\"V celjskih srednjih \u0161olah ve\u010d dijakov - Novice.si\" \/>\n<meta property=\"og:description\" content=\"Vpis. V ve\u010dini celjskih \u0161ol se je z leto\u0161njim \u0161olskim letom vsaj rahlo pove\u010dalo \u0161tevilo dijakov, ki so vstopili v prvi letnik. S 1. septembrom se je za\u010delo novo \u0161olsko leto, v katerem je v Celju v 1. letnik vstopilo ve\u010d dijakov kot prej\u0161nja leta. Vpis se je rahlo povi\u0161al na I. gimnaziji v Celju, [&hellip;]\" \/>\n<meta property=\"og:url\" content=\"https:\/\/novice.si\/page\/v-celjskih-srednjih-solah-vec-dijakov\/\" \/>\n<meta property=\"og:site_name\" content=\"Novice.si\" \/>\n<meta property=\"article:published_time\" content=\"2023-09-18T06:43:12+00:00\" \/>\n<meta property=\"og:image\" content=\"https:\/\/novice.si\/page\/wp-content\/uploads\/2023\/09\/cz-vpisi-SS-foto-Maja-Horvat.jpg\" \/>\n\t<meta property=\"og:image:width\" content=\"1600\" \/>\n\t<meta property=\"og:image:height\" content=\"1200\" \/>\n\t<meta property=\"og:image:type\" content=\"image\/jpeg\" \/>\n<meta name=\"author\" content=\"Uredni\u0161tvo Celjana\" \/>\n<meta name=\"twitter:card\" content=\"summary_large_image\" \/>\n<meta name=\"twitter:label1\" content=\"Written by\" \/>\n\t<meta name=\"twitter:data1\" content=\"Uredni\u0161tvo Celjana\" \/>\n\t<meta name=\"twitter:label2\" content=\"Est. reading time\" \/>\n\t<meta name=\"twitter:data2\" content=\"2 minuti\" \/>\n<script type=\"application\/ld+json\" class=\"yoast-schema-graph\">{\"@context\":\"https:\\\/\\\/schema.org\",\"@graph\":[{\"@type\":\"Article\",\"@id\":\"https:\\\/\\\/novice.si\\\/page\\\/v-celjskih-srednjih-solah-vec-dijakov\\\/#article\",\"isPartOf\":{\"@id\":\"https:\\\/\\\/novice.si\\\/page\\\/v-celjskih-srednjih-solah-vec-dijakov\\\/\"},\"author\":{\"name\":\"Uredni\u0161tvo Celjana\",\"@id\":\"https:\\\/\\\/novice.si\\\/page\\\/#\\\/schema\\\/person\\\/a49f233ef2777ec7b2e8d0662325bb48\"},\"headline\":\"V celjskih srednjih \u0161olah ve\u010d dijakov\",\"datePublished\":\"2023-09-18T06:43:12+00:00\",\"mainEntityOfPage\":{\"@id\":\"https:\\\/\\\/novice.si\\\/page\\\/v-celjskih-srednjih-solah-vec-dijakov\\\/\"},\"wordCount\":284,\"publisher\":{\"@id\":\"https:\\\/\\\/novice.si\\\/page\\\/#organization\"},\"image\":{\"@id\":\"https:\\\/\\\/novice.si\\\/page\\\/v-celjskih-srednjih-solah-vec-dijakov\\\/#primaryimage\"},\"thumbnailUrl\":\"https:\\\/\\\/novice.si\\\/page\\\/wp-content\\\/uploads\\\/2023\\\/09\\\/cz-vpisi-SS-foto-Maja-Horvat.jpg\",\"articleSection\":[\"Aktualno\",\"Celjan\",\"Celjsko\"],\"inLanguage\":\"sl-SI\"},{\"@type\":\"WebPage\",\"@id\":\"https:\\\/\\\/novice.si\\\/page\\\/v-celjskih-srednjih-solah-vec-dijakov\\\/\",\"url\":\"https:\\\/\\\/novice.si\\\/page\\\/v-celjskih-srednjih-solah-vec-dijakov\\\/\",\"name\":\"V celjskih srednjih \u0161olah ve\u010d dijakov - Novice.si\",\"isPartOf\":{\"@id\":\"https:\\\/\\\/novice.si\\\/page\\\/#website\"},\"primaryImageOfPage\":{\"@id\":\"https:\\\/\\\/novice.si\\\/page\\\/v-celjskih-srednjih-solah-vec-dijakov\\\/#primaryimage\"},\"image\":{\"@id\":\"https:\\\/\\\/novice.si\\\/page\\\/v-celjskih-srednjih-solah-vec-dijakov\\\/#primaryimage\"},\"thumbnailUrl\":\"https:\\\/\\\/novice.si\\\/page\\\/wp-content\\\/uploads\\\/2023\\\/09\\\/cz-vpisi-SS-foto-Maja-Horvat.jpg\",\"datePublished\":\"2023-09-18T06:43:12+00:00\",\"breadcrumb\":{\"@id\":\"https:\\\/\\\/novice.si\\\/page\\\/v-celjskih-srednjih-solah-vec-dijakov\\\/#breadcrumb\"},\"inLanguage\":\"sl-SI\",\"potentialAction\":[{\"@type\":\"ReadAction\",\"target\":[\"https:\\\/\\\/novice.si\\\/page\\\/v-celjskih-srednjih-solah-vec-dijakov\\\/\"]}]},{\"@type\":\"ImageObject\",\"inLanguage\":\"sl-SI\",\"@id\":\"https:\\\/\\\/novice.si\\\/page\\\/v-celjskih-srednjih-solah-vec-dijakov\\\/#primaryimage\",\"url\":\"https:\\\/\\\/novice.si\\\/page\\\/wp-content\\\/uploads\\\/2023\\\/09\\\/cz-vpisi-SS-foto-Maja-Horvat.jpg\",\"contentUrl\":\"https:\\\/\\\/novice.si\\\/page\\\/wp-content\\\/uploads\\\/2023\\\/09\\\/cz-vpisi-SS-foto-Maja-Horvat.jpg\",\"width\":1600,\"height\":1200,\"caption\":\"S\u0160GT Celje\"},{\"@type\":\"BreadcrumbList\",\"@id\":\"https:\\\/\\\/novice.si\\\/page\\\/v-celjskih-srednjih-solah-vec-dijakov\\\/#breadcrumb\",\"itemListElement\":[{\"@type\":\"ListItem\",\"position\":1,\"name\":\"Home\",\"item\":\"https:\\\/\\\/novice.si\\\/page\\\/\"},{\"@type\":\"ListItem\",\"position\":2,\"name\":\"V celjskih srednjih \u0161olah ve\u010d dijakov\"}]},{\"@type\":\"WebSite\",\"@id\":\"https:\\\/\\\/novice.si\\\/page\\\/#website\",\"url\":\"https:\\\/\\\/novice.si\\\/page\\\/\",\"name\":\"Novice.si\",\"description\":\"\",\"publisher\":{\"@id\":\"https:\\\/\\\/novice.si\\\/page\\\/#organization\"},\"potentialAction\":[{\"@type\":\"SearchAction\",\"target\":{\"@type\":\"EntryPoint\",\"urlTemplate\":\"https:\\\/\\\/novice.si\\\/page\\\/?s={search_term_string}\"},\"query-input\":{\"@type\":\"PropertyValueSpecification\",\"valueRequired\":true,\"valueName\":\"search_term_string\"}}],\"inLanguage\":\"sl-SI\"},{\"@type\":\"Organization\",\"@id\":\"https:\\\/\\\/novice.si\\\/page\\\/#organization\",\"name\":\"Novice.si\",\"url\":\"https:\\\/\\\/novice.si\\\/page\\\/\",\"logo\":{\"@type\":\"ImageObject\",\"inLanguage\":\"sl-SI\",\"@id\":\"https:\\\/\\\/novice.si\\\/page\\\/#\\\/schema\\\/logo\\\/image\\\/\",\"url\":\"https:\\\/\\\/novice.si\\\/page\\\/wp-content\\\/uploads\\\/2023\\\/03\\\/novice_si.png\",\"contentUrl\":\"https:\\\/\\\/novice.si\\\/page\\\/wp-content\\\/uploads\\\/2023\\\/03\\\/novice_si.png\",\"width\":576,\"height\":200,\"caption\":\"Novice.si\"},\"image\":{\"@id\":\"https:\\\/\\\/novice.si\\\/page\\\/#\\\/schema\\\/logo\\\/image\\\/\"}},{\"@type\":\"Person\",\"@id\":\"https:\\\/\\\/novice.si\\\/page\\\/#\\\/schema\\\/person\\\/a49f233ef2777ec7b2e8d0662325bb48\",\"name\":\"Uredni\u0161tvo Celjana\",\"image\":{\"@type\":\"ImageObject\",\"inLanguage\":\"sl-SI\",\"@id\":\"https:\\\/\\\/secure.gravatar.com\\\/avatar\\\/7f7863e616af8f92806c638dd1db3f1a238d83d1cc2ec3100afc06fbb7eb303f?s=96&d=mm&r=g\",\"url\":\"https:\\\/\\\/secure.gravatar.com\\\/avatar\\\/7f7863e616af8f92806c638dd1db3f1a238d83d1cc2ec3100afc06fbb7eb303f?s=96&d=mm&r=g\",\"contentUrl\":\"https:\\\/\\\/secure.gravatar.com\\\/avatar\\\/7f7863e616af8f92806c638dd1db3f1a238d83d1cc2ec3100afc06fbb7eb303f?s=96&d=mm&r=g\",\"caption\":\"Uredni\u0161tvo Celjana\"},\"url\":\"https:\\\/\\\/novice.si\\\/page\\\/author\\\/maja\\\/\"}]}<\/script>\n<!-- \/ Yoast SEO plugin. -->","yoast_head_json":{"title":"V celjskih srednjih \u0161olah ve\u010d dijakov - Novice.si","robots":{"index":"index","follow":"follow","max-snippet":"max-snippet:-1","max-image-preview":"max-image-preview:large","max-video-preview":"max-video-preview:-1"},"canonical":"https:\/\/novice.si\/page\/v-celjskih-srednjih-solah-vec-dijakov\/","og_locale":"sl_SI","og_type":"article","og_title":"V celjskih srednjih \u0161olah ve\u010d dijakov - Novice.si","og_description":"Vpis. V ve\u010dini celjskih \u0161ol se je z leto\u0161njim \u0161olskim letom vsaj rahlo pove\u010dalo \u0161tevilo dijakov, ki so vstopili v prvi letnik. S 1. septembrom se je za\u010delo novo \u0161olsko leto, v katerem je v Celju v 1. letnik vstopilo ve\u010d dijakov kot prej\u0161nja leta. Vpis se je rahlo povi\u0161al na I. gimnaziji v Celju, [&hellip;]","og_url":"https:\/\/novice.si\/page\/v-celjskih-srednjih-solah-vec-dijakov\/","og_site_name":"Novice.si","article_published_time":"2023-09-18T06:43:12+00:00","og_image":[{"width":1600,"height":1200,"url":"https:\/\/novice.si\/page\/wp-content\/uploads\/2023\/09\/cz-vpisi-SS-foto-Maja-Horvat.jpg","type":"image\/jpeg"}],"author":"Uredni\u0161tvo Celjana","twitter_card":"summary_large_image","twitter_misc":{"Written by":"Uredni\u0161tvo Celjana","Est. reading time":"2 minuti"},"schema":{"@context":"https:\/\/schema.org","@graph":[{"@type":"Article","@id":"https:\/\/novice.si\/page\/v-celjskih-srednjih-solah-vec-dijakov\/#article","isPartOf":{"@id":"https:\/\/novice.si\/page\/v-celjskih-srednjih-solah-vec-dijakov\/"},"author":{"name":"Uredni\u0161tvo Celjana","@id":"https:\/\/novice.si\/page\/#\/schema\/person\/a49f233ef2777ec7b2e8d0662325bb48"},"headline":"V celjskih srednjih \u0161olah ve\u010d dijakov","datePublished":"2023-09-18T06:43:12+00:00","mainEntityOfPage":{"@id":"https:\/\/novice.si\/page\/v-celjskih-srednjih-solah-vec-dijakov\/"},"wordCount":284,"publisher":{"@id":"https:\/\/novice.si\/page\/#organization"},"image":{"@id":"https:\/\/novice.si\/page\/v-celjskih-srednjih-solah-vec-dijakov\/#primaryimage"},"thumbnailUrl":"https:\/\/novice.si\/page\/wp-content\/uploads\/2023\/09\/cz-vpisi-SS-foto-Maja-Horvat.jpg","articleSection":["Aktualno","Celjan","Celjsko"],"inLanguage":"sl-SI"},{"@type":"WebPage","@id":"https:\/\/novice.si\/page\/v-celjskih-srednjih-solah-vec-dijakov\/","url":"https:\/\/novice.si\/page\/v-celjskih-srednjih-solah-vec-dijakov\/","name":"V celjskih srednjih \u0161olah ve\u010d dijakov - Novice.si","isPartOf":{"@id":"https:\/\/novice.si\/page\/#website"},"primaryImageOfPage":{"@id":"https:\/\/novice.si\/page\/v-celjskih-srednjih-solah-vec-dijakov\/#primaryimage"},"image":{"@id":"https:\/\/novice.si\/page\/v-celjskih-srednjih-solah-vec-dijakov\/#primaryimage"},"thumbnailUrl":"https:\/\/novice.si\/page\/wp-content\/uploads\/2023\/09\/cz-vpisi-SS-foto-Maja-Horvat.jpg","datePublished":"2023-09-18T06:43:12+00:00","breadcrumb":{"@id":"https:\/\/novice.si\/page\/v-celjskih-srednjih-solah-vec-dijakov\/#breadcrumb"},"inLanguage":"sl-SI","potentialAction":[{"@type":"ReadAction","target":["https:\/\/novice.si\/page\/v-celjskih-srednjih-solah-vec-dijakov\/"]}]},{"@type":"ImageObject","inLanguage":"sl-SI","@id":"https:\/\/novice.si\/page\/v-celjskih-srednjih-solah-vec-dijakov\/#primaryimage","url":"https:\/\/novice.si\/page\/wp-content\/uploads\/2023\/09\/cz-vpisi-SS-foto-Maja-Horvat.jpg","contentUrl":"https:\/\/novice.si\/page\/wp-content\/uploads\/2023\/09\/cz-vpisi-SS-foto-Maja-Horvat.jpg","width":1600,"height":1200,"caption":"S\u0160GT Celje"},{"@type":"BreadcrumbList","@id":"https:\/\/novice.si\/page\/v-celjskih-srednjih-solah-vec-dijakov\/#breadcrumb","itemListElement":[{"@type":"ListItem","position":1,"name":"Home","item":"https:\/\/novice.si\/page\/"},{"@type":"ListItem","position":2,"name":"V celjskih srednjih \u0161olah ve\u010d dijakov"}]},{"@type":"WebSite","@id":"https:\/\/novice.si\/page\/#website","url":"https:\/\/novice.si\/page\/","name":"Novice.si","description":"","publisher":{"@id":"https:\/\/novice.si\/page\/#organization"},"potentialAction":[{"@type":"SearchAction","target":{"@type":"EntryPoint","urlTemplate":"https:\/\/novice.si\/page\/?s={search_term_string}"},"query-input":{"@type":"PropertyValueSpecification","valueRequired":true,"valueName":"search_term_string"}}],"inLanguage":"sl-SI"},{"@type":"Organization","@id":"https:\/\/novice.si\/page\/#organization","name":"Novice.si","url":"https:\/\/novice.si\/page\/","logo":{"@type":"ImageObject","inLanguage":"sl-SI","@id":"https:\/\/novice.si\/page\/#\/schema\/logo\/image\/","url":"https:\/\/novice.si\/page\/wp-content\/uploads\/2023\/03\/novice_si.png","contentUrl":"https:\/\/novice.si\/page\/wp-content\/uploads\/2023\/03\/novice_si.png","width":576,"height":200,"caption":"Novice.si"},"image":{"@id":"https:\/\/novice.si\/page\/#\/schema\/logo\/image\/"}},{"@type":"Person","@id":"https:\/\/novice.si\/page\/#\/schema\/person\/a49f233ef2777ec7b2e8d0662325bb48","name":"Uredni\u0161tvo Celjana","image":{"@type":"ImageObject","inLanguage":"sl-SI","@id":"https:\/\/secure.gravatar.com\/avatar\/7f7863e616af8f92806c638dd1db3f1a238d83d1cc2ec3100afc06fbb7eb303f?s=96&d=mm&r=g","url":"https:\/\/secure.gravatar.com\/avatar\/7f7863e616af8f92806c638dd1db3f1a238d83d1cc2ec3100afc06fbb7eb303f?s=96&d=mm&r=g","contentUrl":"https:\/\/secure.gravatar.com\/avatar\/7f7863e616af8f92806c638dd1db3f1a238d83d1cc2ec3100afc06fbb7eb303f?s=96&d=mm&r=g","caption":"Uredni\u0161tvo Celjana"},"url":"https:\/\/novice.si\/page\/author\/maja\/"}]}},"_links":{"self":[{"href":"https:\/\/novice.si\/page\/wp-json\/wp\/v2\/posts\/167403","targetHints":{"allow":["GET"]}}],"collection":[{"href":"https:\/\/novice.si\/page\/wp-json\/wp\/v2\/posts"}],"about":[{"href":"https:\/\/novice.si\/page\/wp-json\/wp\/v2\/types\/post"}],"author":[{"embeddable":true,"href":"https:\/\/novice.si\/page\/wp-json\/wp\/v2\/users\/55"}],"replies":[{"embeddable":true,"href":"https:\/\/novice.si\/page\/wp-json\/wp\/v2\/comments?post=167403"}],"version-history":[{"count":1,"href":"https:\/\/novice.si\/page\/wp-json\/wp\/v2\/posts\/167403\/revisions"}],"predecessor-version":[{"id":167405,"href":"https:\/\/novice.si\/page\/wp-json\/wp\/v2\/posts\/167403\/revisions\/167405"}],"wp:featuredmedia":[{"embeddable":true,"href":"https:\/\/novice.si\/page\/wp-json\/wp\/v2\/media\/167404"}],"wp:attachment":[{"href":"https:\/\/novice.si\/page\/wp-json\/wp\/v2\/media?parent=167403"}],"wp:term":[{"taxonomy":"category","embeddable":true,"href":"https:\/\/novice.si\/page\/wp-json\/wp\/v2\/categories?post=167403"},{"taxonomy":"post_tag","embeddable":true,"href":"https:\/\/novice.si\/page\/wp-json\/wp\/v2\/tags?post=167403"}],"curies":[{"name":"wp","href":"https:\/\/api.w.org\/{rel}","templated":true}]}}