{"id":167397,"date":"2023-09-15T17:38:46","date_gmt":"2023-09-15T15:38:46","guid":{"rendered":"https:\/\/novice.si\/page\/?p=167397"},"modified":"2023-09-15T13:43:04","modified_gmt":"2023-09-15T11:43:04","slug":"savinjska-regija-pri-vrhu-prostovoljnega-udejstvovanja-v-sloveniji","status":"publish","type":"post","link":"https:\/\/novice.si\/page\/savinjska-regija-pri-vrhu-prostovoljnega-udejstvovanja-v-sloveniji\/","title":{"rendered":"Savinjska regija pri vrhu prostovoljnega udejstvovanja v Sloveniji"},"content":{"rendered":"\r\n                <style type=\"text\/css\">\r\n                    \r\n                    #tdi_1  .td-doubleSlider-2 .td-item1 {\r\n                        background: url(https:\/\/novice.si\/page\/wp-content\/uploads\/2023\/09\/cz-prostovoljci-daruj-80x60.jpg) 0 0 no-repeat;\r\n                    }\r\n                    #tdi_1  .td-doubleSlider-2 .td-item2 {\r\n                        background: url(https:\/\/novice.si\/page\/wp-content\/uploads\/2023\/09\/cz-prostovoljci-milan-ninic-80x60.jpg) 0 0 no-repeat;\r\n                    }\r\n                    #tdi_1  .td-doubleSlider-2 .td-item3 {\r\n                        background: url(https:\/\/novice.si\/page\/wp-content\/uploads\/2023\/09\/cz-prostovoljci-peter-cepin-tovornik-80x60.jpg) 0 0 no-repeat;\r\n                    }\r\n                <\/style>\r\n\r\n                <div id=\"tdi_1\" class=\"td-gallery td-slide-on-2-columns\">\r\n                    <div class=\"post_td_gallery\">\r\n                        <div class=\"td-gallery-slide-top\">\r\n                           <div class=\"td-gallery-title\">Prostovoljci nagrajenci<\/div>\r\n\r\n                            <div class=\"td-gallery-controls-wrapper\">\r\n                                <div class=\"td-gallery-slide-count\"><span class=\"td-gallery-slide-item-focus\">1<\/span> od 3<\/div>\r\n                                <div class=\"td-gallery-slide-prev-next-but\">\r\n                                    <i class = \"td-icon-left doubleSliderPrevButton\"><\/i>\r\n                                    <i class = \"td-icon-right doubleSliderNextButton\"><\/i>\r\n                                <\/div>\r\n                            <\/div>\r\n                        <\/div>\r\n\r\n                        <div class = \"td-doubleSlider-1 \">\r\n                            <div class = \"td-slider\">\r\n                                \r\n                    <div class = \"td-slide-item td-item1\">\r\n                        <figure class=\"td-slide-galery-figure td-slide-popup-gallery\">\r\n                            <a class=\"slide-gallery-image-link\" href=\"https:\/\/novice.si\/page\/wp-content\/uploads\/2023\/09\/cz-prostovoljci-daruj.jpg\" title=\"cz prostovoljci daruj\"  data-caption=\"projekt Daruj, razveseljuj\"  data-description=\"\" data-gallery>\r\n                                <img decoding=\"async\" src=\"https:\/\/novice.si\/page\/wp-content\/uploads\/2023\/09\/cz-prostovoljci-daruj-630x420.jpg\" srcset=\"https:\/\/novice.si\/page\/wp-content\/uploads\/2023\/09\/cz-prostovoljci-daruj-630x420.jpg 630w, https:\/\/novice.si\/page\/wp-content\/uploads\/2023\/09\/cz-prostovoljci-daruj-600x400.jpg 600w, https:\/\/novice.si\/page\/wp-content\/uploads\/2023\/09\/cz-prostovoljci-daruj-1024x682.jpg 1024w, https:\/\/novice.si\/page\/wp-content\/uploads\/2023\/09\/cz-prostovoljci-daruj-768x512.jpg 768w, https:\/\/novice.si\/page\/wp-content\/uploads\/2023\/09\/cz-prostovoljci-daruj-696x464.jpg 696w, https:\/\/novice.si\/page\/wp-content\/uploads\/2023\/09\/cz-prostovoljci-daruj-1068x711.jpg 1068w, https:\/\/novice.si\/page\/wp-content\/uploads\/2023\/09\/cz-prostovoljci-daruj-24x16.jpg 24w, https:\/\/novice.si\/page\/wp-content\/uploads\/2023\/09\/cz-prostovoljci-daruj-36x24.jpg 36w, https:\/\/novice.si\/page\/wp-content\/uploads\/2023\/09\/cz-prostovoljci-daruj-48x32.jpg 48w, https:\/\/novice.si\/page\/wp-content\/uploads\/2023\/09\/cz-prostovoljci-daruj.jpg 1405w\" sizes=\"(max-width: 630px) 100vw, 630px\" alt=\"\">\r\n                            <\/a>\r\n                            <figcaption class = \"td-slide-caption td-gallery-slide-content\"><div class = \"td-gallery-slide-copywrite\">projekt Daruj, razveseljuj<\/div><\/figcaption>\r\n                        <\/figure>\r\n                    <\/div>\r\n                    <div class = \"td-slide-item td-item2\">\r\n                        <figure class=\"td-slide-galery-figure td-slide-popup-gallery\">\r\n                            <a class=\"slide-gallery-image-link\" href=\"https:\/\/novice.si\/page\/wp-content\/uploads\/2023\/09\/cz-prostovoljci-milan-ninic.jpg\" title=\"cz prostovoljci milan ninic\"  data-caption=\"Milan Nini\u0107\"  data-description=\"\" data-gallery>\r\n                                <img decoding=\"async\" src=\"https:\/\/novice.si\/page\/wp-content\/uploads\/2023\/09\/cz-prostovoljci-milan-ninic-630x420.jpg\" srcset=\"https:\/\/novice.si\/page\/wp-content\/uploads\/2023\/09\/cz-prostovoljci-milan-ninic-630x420.jpg 630w, https:\/\/novice.si\/page\/wp-content\/uploads\/2023\/09\/cz-prostovoljci-milan-ninic-600x400.jpg 600w, https:\/\/novice.si\/page\/wp-content\/uploads\/2023\/09\/cz-prostovoljci-milan-ninic-1024x683.jpg 1024w, https:\/\/novice.si\/page\/wp-content\/uploads\/2023\/09\/cz-prostovoljci-milan-ninic-768x512.jpg 768w, https:\/\/novice.si\/page\/wp-content\/uploads\/2023\/09\/cz-prostovoljci-milan-ninic-696x464.jpg 696w, https:\/\/novice.si\/page\/wp-content\/uploads\/2023\/09\/cz-prostovoljci-milan-ninic-1068x712.jpg 1068w, https:\/\/novice.si\/page\/wp-content\/uploads\/2023\/09\/cz-prostovoljci-milan-ninic-24x16.jpg 24w, https:\/\/novice.si\/page\/wp-content\/uploads\/2023\/09\/cz-prostovoljci-milan-ninic-36x24.jpg 36w, https:\/\/novice.si\/page\/wp-content\/uploads\/2023\/09\/cz-prostovoljci-milan-ninic-48x32.jpg 48w, https:\/\/novice.si\/page\/wp-content\/uploads\/2023\/09\/cz-prostovoljci-milan-ninic.jpg 1200w\" sizes=\"(max-width: 630px) 100vw, 630px\" alt=\"\">\r\n                            <\/a>\r\n                            <figcaption class = \"td-slide-caption td-gallery-slide-content\"><div class = \"td-gallery-slide-copywrite\">Milan Nini\u0107<\/div><\/figcaption>\r\n                        <\/figure>\r\n                    <\/div>\r\n                    <div class = \"td-slide-item td-item3\">\r\n                        <figure class=\"td-slide-galery-figure td-slide-popup-gallery\">\r\n                            <a class=\"slide-gallery-image-link\" href=\"https:\/\/novice.si\/page\/wp-content\/uploads\/2023\/09\/cz-prostovoljci-peter-cepin-tovornik.jpg\" title=\"cz prostovoljci peter cepin tovornik\"  data-caption=\"Peter \u010cepin Tovornik \"  data-description=\"\" data-gallery>\r\n                                <img decoding=\"async\" src=\"https:\/\/novice.si\/page\/wp-content\/uploads\/2023\/09\/cz-prostovoljci-peter-cepin-tovornik-630x420.jpg\" srcset=\"https:\/\/novice.si\/page\/wp-content\/uploads\/2023\/09\/cz-prostovoljci-peter-cepin-tovornik-630x420.jpg 630w, https:\/\/novice.si\/page\/wp-content\/uploads\/2023\/09\/cz-prostovoljci-peter-cepin-tovornik-600x400.jpg 600w, https:\/\/novice.si\/page\/wp-content\/uploads\/2023\/09\/cz-prostovoljci-peter-cepin-tovornik-1024x683.jpg 1024w, https:\/\/novice.si\/page\/wp-content\/uploads\/2023\/09\/cz-prostovoljci-peter-cepin-tovornik-768x512.jpg 768w, https:\/\/novice.si\/page\/wp-content\/uploads\/2023\/09\/cz-prostovoljci-peter-cepin-tovornik-696x464.jpg 696w, https:\/\/novice.si\/page\/wp-content\/uploads\/2023\/09\/cz-prostovoljci-peter-cepin-tovornik-1068x712.jpg 1068w, https:\/\/novice.si\/page\/wp-content\/uploads\/2023\/09\/cz-prostovoljci-peter-cepin-tovornik-24x16.jpg 24w, https:\/\/novice.si\/page\/wp-content\/uploads\/2023\/09\/cz-prostovoljci-peter-cepin-tovornik-36x24.jpg 36w, https:\/\/novice.si\/page\/wp-content\/uploads\/2023\/09\/cz-prostovoljci-peter-cepin-tovornik-48x32.jpg 48w, https:\/\/novice.si\/page\/wp-content\/uploads\/2023\/09\/cz-prostovoljci-peter-cepin-tovornik.jpg 1516w\" sizes=\"(max-width: 630px) 100vw, 630px\" alt=\"\">\r\n                            <\/a>\r\n                            <figcaption class = \"td-slide-caption td-gallery-slide-content\"><div class = \"td-gallery-slide-copywrite\">Peter \u010cepin Tovornik <\/div><\/figcaption>\r\n                        <\/figure>\r\n                    <\/div>\r\n                            <\/div>\r\n                        <\/div>\r\n\r\n                        <div class = \"td-doubleSlider-2\">\r\n                            <div class = \"td-slider\">\r\n                                \r\n                    <div class = \"td-button td-item1\">\r\n                        <div class = \"td-border\"><\/div>\r\n                    <\/div>\r\n                    <div class = \"td-button td-item2\">\r\n                        <div class = \"td-border\"><\/div>\r\n                    <\/div>\r\n                    <div class = \"td-button td-item3\">\r\n                        <div class = \"td-border\"><\/div>\r\n                    <\/div>\r\n                            <\/div>\r\n                        <\/div>\r\n\r\n                    <\/div>\r\n\r\n                <\/div>\r\n                \n<p><em><strong>Prostovoljstvo.<\/strong> Savinjska regija se lahko pohvali z velikim \u0161tevilom prostovoljcev in opravljenih prostovoljskih ur.<\/em><\/p>\n<p>V Sloveniji je bilo v okviru prostovoljskih organizacij lani opravljenih ve\u010d kot 9 milijonov ur prostovoljskega dela. \u0160tevilke so pokazale, da se je za prostovoljno delo odlo\u010dilo ve\u010d \u017eensk kot mo\u0161kih, najve\u010d prostovoljskih ur pa je bilo opravljenih na podro\u010dju socialne dejavnosti. Veliko jih je bilo opravljenih tudi na podro\u010dju vzgoje in izobra\u017eevanja, kulture in umetnosti, rekreacije ter civilne za\u0161\u010dite in re\u0161evanja. Zelo pridni so bili tudi prostovoljci v savinjski regiji.<\/p>\n<p><strong>Savinjska regija je imela skoraj najve\u010d prostovoljcev v Sloveniji<\/strong><\/p>\n<p>Savinjska regija je tretja regija v dr\u017eavi po \u0161tevilu prostovoljskih organizacij \u2013 tukaj jih deluje kar 267, in druga po \u0161tevilu organizacij s prostovoljskim programom \u2013 teh je 30. Tretja je po opravljenih prostovoljskih urah \u2013 opravljenih jih je bilo kar 666.848, in druga po \u0161tevilu prostovoljcev \u2013 teh je 23.717.<\/p>\n<p><strong>Leto\u0161nji nagrajenci<\/strong><\/p>\n<p>Kako pridni so prostovoljci v savinjski regiji, pri\u010dajo tudi leto\u0161nji nagrajenci Slovenske filantropije na podro\u010dju prostovoljstva.<\/p>\n<p>Nagrado, imenovano &#8216;Junaki na\u0161ega \u010dasa&#8217;, sta si prislu\u017eili kar dve \u0161oli iz Celja, O\u0160 Lava in Gimnazija Celje \u2013 Center, prav v Celju deluje tudi naj mentor leta 2022. Tudi &#8216;Naj projekt medgeneracijskega prostovoljstva 2022&#8217; prihaja prav iz na\u0161e regije.<\/p>\n<p>Med ob\u010dinami, ki so tokrat potrdile naziv &#8216;Prostovoljstvu prijazna ob\u010dina&#8217;, pa jih je kar pet iz savinjske regije, in sicer Mestna ob\u010dina Celje, Ob\u010dina \u017dalec, Ob\u010dina Prebold, Ob\u010dina La\u0161ko in Ob\u010dina \u0160tore. \u010ce \u017eelite izvedeti ve\u010d o izpostavljenih prostovoljcih, pa vzemite v roke aktualno \u0161tevilko \u010dasopisa Celjan, ki vas \u017ee \u010daka na prodajnih mestih. (MH)<\/p>\n","protected":false},"excerpt":{"rendered":"<p>Prostovoljstvo. Savinjska regija se lahko pohvali z velikim \u0161tevilom prostovoljcev in opravljenih prostovoljskih ur. V Sloveniji je bilo v okviru prostovoljskih organizacij lani opravljenih ve\u010d kot 9 milijonov ur prostovoljskega dela. \u0160tevilke so pokazale, da se je za prostovoljno delo odlo\u010dilo ve\u010d \u017eensk kot mo\u0161kih, najve\u010d prostovoljskih ur pa je bilo opravljenih na podro\u010dju socialne [&hellip;]<\/p>\n","protected":false},"author":55,"featured_media":167398,"comment_status":"closed","ping_status":"closed","sticky":false,"template":"","format":"standard","meta":{"footnotes":""},"categories":[14,142,17],"tags":[],"class_list":{"0":"post-167397","1":"post","2":"type-post","3":"status-publish","4":"format-standard","5":"has-post-thumbnail","7":"category-aktualno","8":"category-celjan","9":"category-celjsko"},"yoast_head":"<!-- This site is optimized with the Yoast SEO plugin v27.4 - https:\/\/yoast.com\/product\/yoast-seo-wordpress\/ -->\n<title>Savinjska regija pri vrhu prostovoljnega udejstvovanja v Sloveniji - Novice.si<\/title>\n<meta name=\"robots\" content=\"index, follow, max-snippet:-1, max-image-preview:large, max-video-preview:-1\" \/>\n<link rel=\"canonical\" href=\"https:\/\/novice.si\/page\/savinjska-regija-pri-vrhu-prostovoljnega-udejstvovanja-v-sloveniji\/\" \/>\n<meta property=\"og:locale\" content=\"sl_SI\" \/>\n<meta property=\"og:type\" content=\"article\" \/>\n<meta property=\"og:title\" content=\"Savinjska regija pri vrhu prostovoljnega udejstvovanja v Sloveniji - Novice.si\" \/>\n<meta property=\"og:description\" content=\"Prostovoljstvo. Savinjska regija se lahko pohvali z velikim \u0161tevilom prostovoljcev in opravljenih prostovoljskih ur. V Sloveniji je bilo v okviru prostovoljskih organizacij lani opravljenih ve\u010d kot 9 milijonov ur prostovoljskega dela. \u0160tevilke so pokazale, da se je za prostovoljno delo odlo\u010dilo ve\u010d \u017eensk kot mo\u0161kih, najve\u010d prostovoljskih ur pa je bilo opravljenih na podro\u010dju socialne [&hellip;]\" \/>\n<meta property=\"og:url\" content=\"https:\/\/novice.si\/page\/savinjska-regija-pri-vrhu-prostovoljnega-udejstvovanja-v-sloveniji\/\" \/>\n<meta property=\"og:site_name\" content=\"Novice.si\" \/>\n<meta property=\"article:published_time\" content=\"2023-09-15T15:38:46+00:00\" \/>\n<meta property=\"og:image\" content=\"https:\/\/novice.si\/page\/wp-content\/uploads\/2023\/09\/cz-prostovoljci-daruj.jpg\" \/>\n\t<meta property=\"og:image:width\" content=\"1405\" \/>\n\t<meta property=\"og:image:height\" content=\"936\" \/>\n\t<meta property=\"og:image:type\" content=\"image\/jpeg\" \/>\n<meta name=\"author\" content=\"Uredni\u0161tvo Celjana\" \/>\n<meta name=\"twitter:card\" content=\"summary_large_image\" \/>\n<meta name=\"twitter:label1\" content=\"Written by\" \/>\n\t<meta name=\"twitter:data1\" content=\"Uredni\u0161tvo Celjana\" \/>\n\t<meta name=\"twitter:label2\" content=\"Est. reading time\" \/>\n\t<meta name=\"twitter:data2\" content=\"2 minuti\" \/>\n<script type=\"application\/ld+json\" class=\"yoast-schema-graph\">{\"@context\":\"https:\\\/\\\/schema.org\",\"@graph\":[{\"@type\":\"Article\",\"@id\":\"https:\\\/\\\/novice.si\\\/page\\\/savinjska-regija-pri-vrhu-prostovoljnega-udejstvovanja-v-sloveniji\\\/#article\",\"isPartOf\":{\"@id\":\"https:\\\/\\\/novice.si\\\/page\\\/savinjska-regija-pri-vrhu-prostovoljnega-udejstvovanja-v-sloveniji\\\/\"},\"author\":{\"name\":\"Uredni\u0161tvo Celjana\",\"@id\":\"https:\\\/\\\/novice.si\\\/page\\\/#\\\/schema\\\/person\\\/a49f233ef2777ec7b2e8d0662325bb48\"},\"headline\":\"Savinjska regija pri vrhu prostovoljnega udejstvovanja v Sloveniji\",\"datePublished\":\"2023-09-15T15:38:46+00:00\",\"mainEntityOfPage\":{\"@id\":\"https:\\\/\\\/novice.si\\\/page\\\/savinjska-regija-pri-vrhu-prostovoljnega-udejstvovanja-v-sloveniji\\\/\"},\"wordCount\":291,\"publisher\":{\"@id\":\"https:\\\/\\\/novice.si\\\/page\\\/#organization\"},\"image\":{\"@id\":\"https:\\\/\\\/novice.si\\\/page\\\/savinjska-regija-pri-vrhu-prostovoljnega-udejstvovanja-v-sloveniji\\\/#primaryimage\"},\"thumbnailUrl\":\"https:\\\/\\\/novice.si\\\/page\\\/wp-content\\\/uploads\\\/2023\\\/09\\\/cz-prostovoljci-daruj.jpg\",\"articleSection\":[\"Aktualno\",\"Celjan\",\"Celjsko\"],\"inLanguage\":\"sl-SI\"},{\"@type\":\"WebPage\",\"@id\":\"https:\\\/\\\/novice.si\\\/page\\\/savinjska-regija-pri-vrhu-prostovoljnega-udejstvovanja-v-sloveniji\\\/\",\"url\":\"https:\\\/\\\/novice.si\\\/page\\\/savinjska-regija-pri-vrhu-prostovoljnega-udejstvovanja-v-sloveniji\\\/\",\"name\":\"Savinjska regija pri vrhu prostovoljnega udejstvovanja v Sloveniji - Novice.si\",\"isPartOf\":{\"@id\":\"https:\\\/\\\/novice.si\\\/page\\\/#website\"},\"primaryImageOfPage\":{\"@id\":\"https:\\\/\\\/novice.si\\\/page\\\/savinjska-regija-pri-vrhu-prostovoljnega-udejstvovanja-v-sloveniji\\\/#primaryimage\"},\"image\":{\"@id\":\"https:\\\/\\\/novice.si\\\/page\\\/savinjska-regija-pri-vrhu-prostovoljnega-udejstvovanja-v-sloveniji\\\/#primaryimage\"},\"thumbnailUrl\":\"https:\\\/\\\/novice.si\\\/page\\\/wp-content\\\/uploads\\\/2023\\\/09\\\/cz-prostovoljci-daruj.jpg\",\"datePublished\":\"2023-09-15T15:38:46+00:00\",\"breadcrumb\":{\"@id\":\"https:\\\/\\\/novice.si\\\/page\\\/savinjska-regija-pri-vrhu-prostovoljnega-udejstvovanja-v-sloveniji\\\/#breadcrumb\"},\"inLanguage\":\"sl-SI\",\"potentialAction\":[{\"@type\":\"ReadAction\",\"target\":[\"https:\\\/\\\/novice.si\\\/page\\\/savinjska-regija-pri-vrhu-prostovoljnega-udejstvovanja-v-sloveniji\\\/\"]}]},{\"@type\":\"ImageObject\",\"inLanguage\":\"sl-SI\",\"@id\":\"https:\\\/\\\/novice.si\\\/page\\\/savinjska-regija-pri-vrhu-prostovoljnega-udejstvovanja-v-sloveniji\\\/#primaryimage\",\"url\":\"https:\\\/\\\/novice.si\\\/page\\\/wp-content\\\/uploads\\\/2023\\\/09\\\/cz-prostovoljci-daruj.jpg\",\"contentUrl\":\"https:\\\/\\\/novice.si\\\/page\\\/wp-content\\\/uploads\\\/2023\\\/09\\\/cz-prostovoljci-daruj.jpg\",\"width\":1405,\"height\":936,\"caption\":\"projekt Daruj, razveseljuj\"},{\"@type\":\"BreadcrumbList\",\"@id\":\"https:\\\/\\\/novice.si\\\/page\\\/savinjska-regija-pri-vrhu-prostovoljnega-udejstvovanja-v-sloveniji\\\/#breadcrumb\",\"itemListElement\":[{\"@type\":\"ListItem\",\"position\":1,\"name\":\"Home\",\"item\":\"https:\\\/\\\/novice.si\\\/page\\\/\"},{\"@type\":\"ListItem\",\"position\":2,\"name\":\"Savinjska regija pri vrhu prostovoljnega udejstvovanja v Sloveniji\"}]},{\"@type\":\"WebSite\",\"@id\":\"https:\\\/\\\/novice.si\\\/page\\\/#website\",\"url\":\"https:\\\/\\\/novice.si\\\/page\\\/\",\"name\":\"Novice.si\",\"description\":\"\",\"publisher\":{\"@id\":\"https:\\\/\\\/novice.si\\\/page\\\/#organization\"},\"potentialAction\":[{\"@type\":\"SearchAction\",\"target\":{\"@type\":\"EntryPoint\",\"urlTemplate\":\"https:\\\/\\\/novice.si\\\/page\\\/?s={search_term_string}\"},\"query-input\":{\"@type\":\"PropertyValueSpecification\",\"valueRequired\":true,\"valueName\":\"search_term_string\"}}],\"inLanguage\":\"sl-SI\"},{\"@type\":\"Organization\",\"@id\":\"https:\\\/\\\/novice.si\\\/page\\\/#organization\",\"name\":\"Novice.si\",\"url\":\"https:\\\/\\\/novice.si\\\/page\\\/\",\"logo\":{\"@type\":\"ImageObject\",\"inLanguage\":\"sl-SI\",\"@id\":\"https:\\\/\\\/novice.si\\\/page\\\/#\\\/schema\\\/logo\\\/image\\\/\",\"url\":\"https:\\\/\\\/novice.si\\\/page\\\/wp-content\\\/uploads\\\/2023\\\/03\\\/novice_si.png\",\"contentUrl\":\"https:\\\/\\\/novice.si\\\/page\\\/wp-content\\\/uploads\\\/2023\\\/03\\\/novice_si.png\",\"width\":576,\"height\":200,\"caption\":\"Novice.si\"},\"image\":{\"@id\":\"https:\\\/\\\/novice.si\\\/page\\\/#\\\/schema\\\/logo\\\/image\\\/\"}},{\"@type\":\"Person\",\"@id\":\"https:\\\/\\\/novice.si\\\/page\\\/#\\\/schema\\\/person\\\/a49f233ef2777ec7b2e8d0662325bb48\",\"name\":\"Uredni\u0161tvo Celjana\",\"image\":{\"@type\":\"ImageObject\",\"inLanguage\":\"sl-SI\",\"@id\":\"https:\\\/\\\/secure.gravatar.com\\\/avatar\\\/7f7863e616af8f92806c638dd1db3f1a238d83d1cc2ec3100afc06fbb7eb303f?s=96&d=mm&r=g\",\"url\":\"https:\\\/\\\/secure.gravatar.com\\\/avatar\\\/7f7863e616af8f92806c638dd1db3f1a238d83d1cc2ec3100afc06fbb7eb303f?s=96&d=mm&r=g\",\"contentUrl\":\"https:\\\/\\\/secure.gravatar.com\\\/avatar\\\/7f7863e616af8f92806c638dd1db3f1a238d83d1cc2ec3100afc06fbb7eb303f?s=96&d=mm&r=g\",\"caption\":\"Uredni\u0161tvo Celjana\"},\"url\":\"https:\\\/\\\/novice.si\\\/page\\\/author\\\/maja\\\/\"}]}<\/script>\n<!-- \/ Yoast SEO plugin. -->","yoast_head_json":{"title":"Savinjska regija pri vrhu prostovoljnega udejstvovanja v Sloveniji - Novice.si","robots":{"index":"index","follow":"follow","max-snippet":"max-snippet:-1","max-image-preview":"max-image-preview:large","max-video-preview":"max-video-preview:-1"},"canonical":"https:\/\/novice.si\/page\/savinjska-regija-pri-vrhu-prostovoljnega-udejstvovanja-v-sloveniji\/","og_locale":"sl_SI","og_type":"article","og_title":"Savinjska regija pri vrhu prostovoljnega udejstvovanja v Sloveniji - Novice.si","og_description":"Prostovoljstvo. Savinjska regija se lahko pohvali z velikim \u0161tevilom prostovoljcev in opravljenih prostovoljskih ur. V Sloveniji je bilo v okviru prostovoljskih organizacij lani opravljenih ve\u010d kot 9 milijonov ur prostovoljskega dela. \u0160tevilke so pokazale, da se je za prostovoljno delo odlo\u010dilo ve\u010d \u017eensk kot mo\u0161kih, najve\u010d prostovoljskih ur pa je bilo opravljenih na podro\u010dju socialne [&hellip;]","og_url":"https:\/\/novice.si\/page\/savinjska-regija-pri-vrhu-prostovoljnega-udejstvovanja-v-sloveniji\/","og_site_name":"Novice.si","article_published_time":"2023-09-15T15:38:46+00:00","og_image":[{"width":1405,"height":936,"url":"https:\/\/novice.si\/page\/wp-content\/uploads\/2023\/09\/cz-prostovoljci-daruj.jpg","type":"image\/jpeg"}],"author":"Uredni\u0161tvo Celjana","twitter_card":"summary_large_image","twitter_misc":{"Written by":"Uredni\u0161tvo Celjana","Est. reading time":"2 minuti"},"schema":{"@context":"https:\/\/schema.org","@graph":[{"@type":"Article","@id":"https:\/\/novice.si\/page\/savinjska-regija-pri-vrhu-prostovoljnega-udejstvovanja-v-sloveniji\/#article","isPartOf":{"@id":"https:\/\/novice.si\/page\/savinjska-regija-pri-vrhu-prostovoljnega-udejstvovanja-v-sloveniji\/"},"author":{"name":"Uredni\u0161tvo Celjana","@id":"https:\/\/novice.si\/page\/#\/schema\/person\/a49f233ef2777ec7b2e8d0662325bb48"},"headline":"Savinjska regija pri vrhu prostovoljnega udejstvovanja v Sloveniji","datePublished":"2023-09-15T15:38:46+00:00","mainEntityOfPage":{"@id":"https:\/\/novice.si\/page\/savinjska-regija-pri-vrhu-prostovoljnega-udejstvovanja-v-sloveniji\/"},"wordCount":291,"publisher":{"@id":"https:\/\/novice.si\/page\/#organization"},"image":{"@id":"https:\/\/novice.si\/page\/savinjska-regija-pri-vrhu-prostovoljnega-udejstvovanja-v-sloveniji\/#primaryimage"},"thumbnailUrl":"https:\/\/novice.si\/page\/wp-content\/uploads\/2023\/09\/cz-prostovoljci-daruj.jpg","articleSection":["Aktualno","Celjan","Celjsko"],"inLanguage":"sl-SI"},{"@type":"WebPage","@id":"https:\/\/novice.si\/page\/savinjska-regija-pri-vrhu-prostovoljnega-udejstvovanja-v-sloveniji\/","url":"https:\/\/novice.si\/page\/savinjska-regija-pri-vrhu-prostovoljnega-udejstvovanja-v-sloveniji\/","name":"Savinjska regija pri vrhu prostovoljnega udejstvovanja v Sloveniji - Novice.si","isPartOf":{"@id":"https:\/\/novice.si\/page\/#website"},"primaryImageOfPage":{"@id":"https:\/\/novice.si\/page\/savinjska-regija-pri-vrhu-prostovoljnega-udejstvovanja-v-sloveniji\/#primaryimage"},"image":{"@id":"https:\/\/novice.si\/page\/savinjska-regija-pri-vrhu-prostovoljnega-udejstvovanja-v-sloveniji\/#primaryimage"},"thumbnailUrl":"https:\/\/novice.si\/page\/wp-content\/uploads\/2023\/09\/cz-prostovoljci-daruj.jpg","datePublished":"2023-09-15T15:38:46+00:00","breadcrumb":{"@id":"https:\/\/novice.si\/page\/savinjska-regija-pri-vrhu-prostovoljnega-udejstvovanja-v-sloveniji\/#breadcrumb"},"inLanguage":"sl-SI","potentialAction":[{"@type":"ReadAction","target":["https:\/\/novice.si\/page\/savinjska-regija-pri-vrhu-prostovoljnega-udejstvovanja-v-sloveniji\/"]}]},{"@type":"ImageObject","inLanguage":"sl-SI","@id":"https:\/\/novice.si\/page\/savinjska-regija-pri-vrhu-prostovoljnega-udejstvovanja-v-sloveniji\/#primaryimage","url":"https:\/\/novice.si\/page\/wp-content\/uploads\/2023\/09\/cz-prostovoljci-daruj.jpg","contentUrl":"https:\/\/novice.si\/page\/wp-content\/uploads\/2023\/09\/cz-prostovoljci-daruj.jpg","width":1405,"height":936,"caption":"projekt Daruj, razveseljuj"},{"@type":"BreadcrumbList","@id":"https:\/\/novice.si\/page\/savinjska-regija-pri-vrhu-prostovoljnega-udejstvovanja-v-sloveniji\/#breadcrumb","itemListElement":[{"@type":"ListItem","position":1,"name":"Home","item":"https:\/\/novice.si\/page\/"},{"@type":"ListItem","position":2,"name":"Savinjska regija pri vrhu prostovoljnega udejstvovanja v Sloveniji"}]},{"@type":"WebSite","@id":"https:\/\/novice.si\/page\/#website","url":"https:\/\/novice.si\/page\/","name":"Novice.si","description":"","publisher":{"@id":"https:\/\/novice.si\/page\/#organization"},"potentialAction":[{"@type":"SearchAction","target":{"@type":"EntryPoint","urlTemplate":"https:\/\/novice.si\/page\/?s={search_term_string}"},"query-input":{"@type":"PropertyValueSpecification","valueRequired":true,"valueName":"search_term_string"}}],"inLanguage":"sl-SI"},{"@type":"Organization","@id":"https:\/\/novice.si\/page\/#organization","name":"Novice.si","url":"https:\/\/novice.si\/page\/","logo":{"@type":"ImageObject","inLanguage":"sl-SI","@id":"https:\/\/novice.si\/page\/#\/schema\/logo\/image\/","url":"https:\/\/novice.si\/page\/wp-content\/uploads\/2023\/03\/novice_si.png","contentUrl":"https:\/\/novice.si\/page\/wp-content\/uploads\/2023\/03\/novice_si.png","width":576,"height":200,"caption":"Novice.si"},"image":{"@id":"https:\/\/novice.si\/page\/#\/schema\/logo\/image\/"}},{"@type":"Person","@id":"https:\/\/novice.si\/page\/#\/schema\/person\/a49f233ef2777ec7b2e8d0662325bb48","name":"Uredni\u0161tvo Celjana","image":{"@type":"ImageObject","inLanguage":"sl-SI","@id":"https:\/\/secure.gravatar.com\/avatar\/7f7863e616af8f92806c638dd1db3f1a238d83d1cc2ec3100afc06fbb7eb303f?s=96&d=mm&r=g","url":"https:\/\/secure.gravatar.com\/avatar\/7f7863e616af8f92806c638dd1db3f1a238d83d1cc2ec3100afc06fbb7eb303f?s=96&d=mm&r=g","contentUrl":"https:\/\/secure.gravatar.com\/avatar\/7f7863e616af8f92806c638dd1db3f1a238d83d1cc2ec3100afc06fbb7eb303f?s=96&d=mm&r=g","caption":"Uredni\u0161tvo Celjana"},"url":"https:\/\/novice.si\/page\/author\/maja\/"}]}},"_links":{"self":[{"href":"https:\/\/novice.si\/page\/wp-json\/wp\/v2\/posts\/167397","targetHints":{"allow":["GET"]}}],"collection":[{"href":"https:\/\/novice.si\/page\/wp-json\/wp\/v2\/posts"}],"about":[{"href":"https:\/\/novice.si\/page\/wp-json\/wp\/v2\/types\/post"}],"author":[{"embeddable":true,"href":"https:\/\/novice.si\/page\/wp-json\/wp\/v2\/users\/55"}],"replies":[{"embeddable":true,"href":"https:\/\/novice.si\/page\/wp-json\/wp\/v2\/comments?post=167397"}],"version-history":[{"count":1,"href":"https:\/\/novice.si\/page\/wp-json\/wp\/v2\/posts\/167397\/revisions"}],"predecessor-version":[{"id":167401,"href":"https:\/\/novice.si\/page\/wp-json\/wp\/v2\/posts\/167397\/revisions\/167401"}],"wp:featuredmedia":[{"embeddable":true,"href":"https:\/\/novice.si\/page\/wp-json\/wp\/v2\/media\/167398"}],"wp:attachment":[{"href":"https:\/\/novice.si\/page\/wp-json\/wp\/v2\/media?parent=167397"}],"wp:term":[{"taxonomy":"category","embeddable":true,"href":"https:\/\/novice.si\/page\/wp-json\/wp\/v2\/categories?post=167397"},{"taxonomy":"post_tag","embeddable":true,"href":"https:\/\/novice.si\/page\/wp-json\/wp\/v2\/tags?post=167397"}],"curies":[{"name":"wp","href":"https:\/\/api.w.org\/{rel}","templated":true}]}}