{"id":167390,"date":"2023-09-15T13:36:25","date_gmt":"2023-09-15T11:36:25","guid":{"rendered":"https:\/\/novice.si\/page\/?p=167390"},"modified":"2023-09-15T13:36:25","modified_gmt":"2023-09-15T11:36:25","slug":"celje-ta-teden-v-znamenju-sejma","status":"publish","type":"post","link":"https:\/\/novice.si\/page\/celje-ta-teden-v-znamenju-sejma\/","title":{"rendered":"Celje ta teden v znamenju sejma"},"content":{"rendered":"<p><em><img loading=\"lazy\" decoding=\"async\" class=\" wp-image-167391 alignleft\" src=\"https:\/\/novice.si\/page\/wp-content\/uploads\/2023\/09\/cz-sejem-aktualni-teden-1-stran-600x400.jpg\" alt=\"MOS\" width=\"402\" height=\"268\" srcset=\"https:\/\/novice.si\/page\/wp-content\/uploads\/2023\/09\/cz-sejem-aktualni-teden-1-stran-600x400.jpg 600w, https:\/\/novice.si\/page\/wp-content\/uploads\/2023\/09\/cz-sejem-aktualni-teden-1-stran-1024x683.jpg 1024w, https:\/\/novice.si\/page\/wp-content\/uploads\/2023\/09\/cz-sejem-aktualni-teden-1-stran-768x512.jpg 768w, https:\/\/novice.si\/page\/wp-content\/uploads\/2023\/09\/cz-sejem-aktualni-teden-1-stran-696x464.jpg 696w, https:\/\/novice.si\/page\/wp-content\/uploads\/2023\/09\/cz-sejem-aktualni-teden-1-stran-1068x712.jpg 1068w, https:\/\/novice.si\/page\/wp-content\/uploads\/2023\/09\/cz-sejem-aktualni-teden-1-stran-630x420.jpg 630w, https:\/\/novice.si\/page\/wp-content\/uploads\/2023\/09\/cz-sejem-aktualni-teden-1-stran-24x16.jpg 24w, https:\/\/novice.si\/page\/wp-content\/uploads\/2023\/09\/cz-sejem-aktualni-teden-1-stran-36x24.jpg 36w, https:\/\/novice.si\/page\/wp-content\/uploads\/2023\/09\/cz-sejem-aktualni-teden-1-stran-48x32.jpg 48w, https:\/\/novice.si\/page\/wp-content\/uploads\/2023\/09\/cz-sejem-aktualni-teden-1-stran.jpg 1200w\" sizes=\"auto, (max-width: 402px) 100vw, 402px\" \/>Celje do konca tedna, do 17. septembra, gosti \u017ee 55. Mednarodni sejem obrti in podjetnosti (MOS).<\/em><\/p>\n<p>Na celjskem sejmi\u0161\u010du se do nedelje predstavlja 650 razstavljavcev iz 25 dr\u017eav. Skupno je zastopanih okrog tiso\u010d blagovnih znamk. \u00bbPri\u010dakujemo podobno \u0161tevilo obiskovalcev kot lani, okrog 65.000. Posebna gostja bo dr\u017eava Ukrajina, ki bo predstavila nekaj svojih podjetij, je \u0161e pred za\u010detkom sejma povedal izvr\u0161ni direktor Celjskega sejma, <strong>Robert Otorepec<\/strong>.<\/p>\n<p>Na sejmu je zbrana ponudba za dom, gradnjo, prosti \u010das in zdravo hrano. Predstavlja se tudi slovenska modna industrija.<\/p>\n<p>Tudi leto\u0161nji sejem je razdeljen na pet segmentov, in sicer dom, turizem, tehnika energetika, B2B in plus. Ve\u010d o tem pa v aktualni \u0161tevilki \u010dasopisa Celjan.<\/p>\n","protected":false},"excerpt":{"rendered":"<p>Celje do konca tedna, do 17. septembra, gosti \u017ee 55. Mednarodni sejem obrti in podjetnosti (MOS). Na celjskem sejmi\u0161\u010du se do nedelje predstavlja 650 razstavljavcev iz 25 dr\u017eav. Skupno je zastopanih okrog tiso\u010d blagovnih znamk. \u00bbPri\u010dakujemo podobno \u0161tevilo obiskovalcev kot lani, okrog 65.000. Posebna gostja bo dr\u017eava Ukrajina, ki bo predstavila nekaj svojih podjetij, je [&hellip;]<\/p>\n","protected":false},"author":55,"featured_media":167391,"comment_status":"closed","ping_status":"closed","sticky":false,"template":"","format":"standard","meta":{"footnotes":""},"categories":[14,142,17],"tags":[],"class_list":{"0":"post-167390","1":"post","2":"type-post","3":"status-publish","4":"format-standard","5":"has-post-thumbnail","7":"category-aktualno","8":"category-celjan","9":"category-celjsko"},"yoast_head":"<!-- This site is optimized with the Yoast SEO plugin v27.4 - https:\/\/yoast.com\/product\/yoast-seo-wordpress\/ -->\n<title>Celje ta teden v znamenju sejma - Novice.si<\/title>\n<meta name=\"robots\" content=\"index, follow, max-snippet:-1, max-image-preview:large, max-video-preview:-1\" \/>\n<link rel=\"canonical\" href=\"https:\/\/novice.si\/page\/celje-ta-teden-v-znamenju-sejma\/\" \/>\n<meta property=\"og:locale\" content=\"sl_SI\" \/>\n<meta property=\"og:type\" content=\"article\" \/>\n<meta property=\"og:title\" content=\"Celje ta teden v znamenju sejma - Novice.si\" \/>\n<meta property=\"og:description\" content=\"Celje do konca tedna, do 17. septembra, gosti \u017ee 55. Mednarodni sejem obrti in podjetnosti (MOS). Na celjskem sejmi\u0161\u010du se do nedelje predstavlja 650 razstavljavcev iz 25 dr\u017eav. Skupno je zastopanih okrog tiso\u010d blagovnih znamk. \u00bbPri\u010dakujemo podobno \u0161tevilo obiskovalcev kot lani, okrog 65.000. Posebna gostja bo dr\u017eava Ukrajina, ki bo predstavila nekaj svojih podjetij, je [&hellip;]\" \/>\n<meta property=\"og:url\" content=\"https:\/\/novice.si\/page\/celje-ta-teden-v-znamenju-sejma\/\" \/>\n<meta property=\"og:site_name\" content=\"Novice.si\" \/>\n<meta property=\"article:published_time\" content=\"2023-09-15T11:36:25+00:00\" \/>\n<meta property=\"og:image\" content=\"https:\/\/novice.si\/page\/wp-content\/uploads\/2023\/09\/cz-sejem-aktualni-teden-1-stran.jpg\" \/>\n\t<meta property=\"og:image:width\" content=\"1200\" \/>\n\t<meta property=\"og:image:height\" content=\"800\" \/>\n\t<meta property=\"og:image:type\" content=\"image\/jpeg\" \/>\n<meta name=\"author\" content=\"Uredni\u0161tvo Celjana\" \/>\n<meta name=\"twitter:card\" content=\"summary_large_image\" \/>\n<meta name=\"twitter:label1\" content=\"Written by\" \/>\n\t<meta name=\"twitter:data1\" content=\"Uredni\u0161tvo Celjana\" \/>\n\t<meta name=\"twitter:label2\" content=\"Est. reading time\" \/>\n\t<meta name=\"twitter:data2\" content=\"1 minuta\" \/>\n<script type=\"application\/ld+json\" class=\"yoast-schema-graph\">{\"@context\":\"https:\\\/\\\/schema.org\",\"@graph\":[{\"@type\":\"Article\",\"@id\":\"https:\\\/\\\/novice.si\\\/page\\\/celje-ta-teden-v-znamenju-sejma\\\/#article\",\"isPartOf\":{\"@id\":\"https:\\\/\\\/novice.si\\\/page\\\/celje-ta-teden-v-znamenju-sejma\\\/\"},\"author\":{\"name\":\"Uredni\u0161tvo Celjana\",\"@id\":\"https:\\\/\\\/novice.si\\\/page\\\/#\\\/schema\\\/person\\\/a49f233ef2777ec7b2e8d0662325bb48\"},\"headline\":\"Celje ta teden v znamenju sejma\",\"datePublished\":\"2023-09-15T11:36:25+00:00\",\"mainEntityOfPage\":{\"@id\":\"https:\\\/\\\/novice.si\\\/page\\\/celje-ta-teden-v-znamenju-sejma\\\/\"},\"wordCount\":120,\"publisher\":{\"@id\":\"https:\\\/\\\/novice.si\\\/page\\\/#organization\"},\"image\":{\"@id\":\"https:\\\/\\\/novice.si\\\/page\\\/celje-ta-teden-v-znamenju-sejma\\\/#primaryimage\"},\"thumbnailUrl\":\"https:\\\/\\\/novice.si\\\/page\\\/wp-content\\\/uploads\\\/2023\\\/09\\\/cz-sejem-aktualni-teden-1-stran.jpg\",\"articleSection\":[\"Aktualno\",\"Celjan\",\"Celjsko\"],\"inLanguage\":\"sl-SI\"},{\"@type\":\"WebPage\",\"@id\":\"https:\\\/\\\/novice.si\\\/page\\\/celje-ta-teden-v-znamenju-sejma\\\/\",\"url\":\"https:\\\/\\\/novice.si\\\/page\\\/celje-ta-teden-v-znamenju-sejma\\\/\",\"name\":\"Celje ta teden v znamenju sejma - Novice.si\",\"isPartOf\":{\"@id\":\"https:\\\/\\\/novice.si\\\/page\\\/#website\"},\"primaryImageOfPage\":{\"@id\":\"https:\\\/\\\/novice.si\\\/page\\\/celje-ta-teden-v-znamenju-sejma\\\/#primaryimage\"},\"image\":{\"@id\":\"https:\\\/\\\/novice.si\\\/page\\\/celje-ta-teden-v-znamenju-sejma\\\/#primaryimage\"},\"thumbnailUrl\":\"https:\\\/\\\/novice.si\\\/page\\\/wp-content\\\/uploads\\\/2023\\\/09\\\/cz-sejem-aktualni-teden-1-stran.jpg\",\"datePublished\":\"2023-09-15T11:36:25+00:00\",\"breadcrumb\":{\"@id\":\"https:\\\/\\\/novice.si\\\/page\\\/celje-ta-teden-v-znamenju-sejma\\\/#breadcrumb\"},\"inLanguage\":\"sl-SI\",\"potentialAction\":[{\"@type\":\"ReadAction\",\"target\":[\"https:\\\/\\\/novice.si\\\/page\\\/celje-ta-teden-v-znamenju-sejma\\\/\"]}]},{\"@type\":\"ImageObject\",\"inLanguage\":\"sl-SI\",\"@id\":\"https:\\\/\\\/novice.si\\\/page\\\/celje-ta-teden-v-znamenju-sejma\\\/#primaryimage\",\"url\":\"https:\\\/\\\/novice.si\\\/page\\\/wp-content\\\/uploads\\\/2023\\\/09\\\/cz-sejem-aktualni-teden-1-stran.jpg\",\"contentUrl\":\"https:\\\/\\\/novice.si\\\/page\\\/wp-content\\\/uploads\\\/2023\\\/09\\\/cz-sejem-aktualni-teden-1-stran.jpg\",\"width\":1200,\"height\":800,\"caption\":\"MOS\"},{\"@type\":\"BreadcrumbList\",\"@id\":\"https:\\\/\\\/novice.si\\\/page\\\/celje-ta-teden-v-znamenju-sejma\\\/#breadcrumb\",\"itemListElement\":[{\"@type\":\"ListItem\",\"position\":1,\"name\":\"Home\",\"item\":\"https:\\\/\\\/novice.si\\\/page\\\/\"},{\"@type\":\"ListItem\",\"position\":2,\"name\":\"Celje ta teden v znamenju sejma\"}]},{\"@type\":\"WebSite\",\"@id\":\"https:\\\/\\\/novice.si\\\/page\\\/#website\",\"url\":\"https:\\\/\\\/novice.si\\\/page\\\/\",\"name\":\"Novice.si\",\"description\":\"\",\"publisher\":{\"@id\":\"https:\\\/\\\/novice.si\\\/page\\\/#organization\"},\"potentialAction\":[{\"@type\":\"SearchAction\",\"target\":{\"@type\":\"EntryPoint\",\"urlTemplate\":\"https:\\\/\\\/novice.si\\\/page\\\/?s={search_term_string}\"},\"query-input\":{\"@type\":\"PropertyValueSpecification\",\"valueRequired\":true,\"valueName\":\"search_term_string\"}}],\"inLanguage\":\"sl-SI\"},{\"@type\":\"Organization\",\"@id\":\"https:\\\/\\\/novice.si\\\/page\\\/#organization\",\"name\":\"Novice.si\",\"url\":\"https:\\\/\\\/novice.si\\\/page\\\/\",\"logo\":{\"@type\":\"ImageObject\",\"inLanguage\":\"sl-SI\",\"@id\":\"https:\\\/\\\/novice.si\\\/page\\\/#\\\/schema\\\/logo\\\/image\\\/\",\"url\":\"https:\\\/\\\/novice.si\\\/page\\\/wp-content\\\/uploads\\\/2023\\\/03\\\/novice_si.png\",\"contentUrl\":\"https:\\\/\\\/novice.si\\\/page\\\/wp-content\\\/uploads\\\/2023\\\/03\\\/novice_si.png\",\"width\":576,\"height\":200,\"caption\":\"Novice.si\"},\"image\":{\"@id\":\"https:\\\/\\\/novice.si\\\/page\\\/#\\\/schema\\\/logo\\\/image\\\/\"}},{\"@type\":\"Person\",\"@id\":\"https:\\\/\\\/novice.si\\\/page\\\/#\\\/schema\\\/person\\\/a49f233ef2777ec7b2e8d0662325bb48\",\"name\":\"Uredni\u0161tvo Celjana\",\"image\":{\"@type\":\"ImageObject\",\"inLanguage\":\"sl-SI\",\"@id\":\"https:\\\/\\\/secure.gravatar.com\\\/avatar\\\/7f7863e616af8f92806c638dd1db3f1a238d83d1cc2ec3100afc06fbb7eb303f?s=96&d=mm&r=g\",\"url\":\"https:\\\/\\\/secure.gravatar.com\\\/avatar\\\/7f7863e616af8f92806c638dd1db3f1a238d83d1cc2ec3100afc06fbb7eb303f?s=96&d=mm&r=g\",\"contentUrl\":\"https:\\\/\\\/secure.gravatar.com\\\/avatar\\\/7f7863e616af8f92806c638dd1db3f1a238d83d1cc2ec3100afc06fbb7eb303f?s=96&d=mm&r=g\",\"caption\":\"Uredni\u0161tvo Celjana\"},\"url\":\"https:\\\/\\\/novice.si\\\/page\\\/author\\\/maja\\\/\"}]}<\/script>\n<!-- \/ Yoast SEO plugin. -->","yoast_head_json":{"title":"Celje ta teden v znamenju sejma - Novice.si","robots":{"index":"index","follow":"follow","max-snippet":"max-snippet:-1","max-image-preview":"max-image-preview:large","max-video-preview":"max-video-preview:-1"},"canonical":"https:\/\/novice.si\/page\/celje-ta-teden-v-znamenju-sejma\/","og_locale":"sl_SI","og_type":"article","og_title":"Celje ta teden v znamenju sejma - Novice.si","og_description":"Celje do konca tedna, do 17. septembra, gosti \u017ee 55. Mednarodni sejem obrti in podjetnosti (MOS). Na celjskem sejmi\u0161\u010du se do nedelje predstavlja 650 razstavljavcev iz 25 dr\u017eav. Skupno je zastopanih okrog tiso\u010d blagovnih znamk. \u00bbPri\u010dakujemo podobno \u0161tevilo obiskovalcev kot lani, okrog 65.000. Posebna gostja bo dr\u017eava Ukrajina, ki bo predstavila nekaj svojih podjetij, je [&hellip;]","og_url":"https:\/\/novice.si\/page\/celje-ta-teden-v-znamenju-sejma\/","og_site_name":"Novice.si","article_published_time":"2023-09-15T11:36:25+00:00","og_image":[{"width":1200,"height":800,"url":"https:\/\/novice.si\/page\/wp-content\/uploads\/2023\/09\/cz-sejem-aktualni-teden-1-stran.jpg","type":"image\/jpeg"}],"author":"Uredni\u0161tvo Celjana","twitter_card":"summary_large_image","twitter_misc":{"Written by":"Uredni\u0161tvo Celjana","Est. reading time":"1 minuta"},"schema":{"@context":"https:\/\/schema.org","@graph":[{"@type":"Article","@id":"https:\/\/novice.si\/page\/celje-ta-teden-v-znamenju-sejma\/#article","isPartOf":{"@id":"https:\/\/novice.si\/page\/celje-ta-teden-v-znamenju-sejma\/"},"author":{"name":"Uredni\u0161tvo Celjana","@id":"https:\/\/novice.si\/page\/#\/schema\/person\/a49f233ef2777ec7b2e8d0662325bb48"},"headline":"Celje ta teden v znamenju sejma","datePublished":"2023-09-15T11:36:25+00:00","mainEntityOfPage":{"@id":"https:\/\/novice.si\/page\/celje-ta-teden-v-znamenju-sejma\/"},"wordCount":120,"publisher":{"@id":"https:\/\/novice.si\/page\/#organization"},"image":{"@id":"https:\/\/novice.si\/page\/celje-ta-teden-v-znamenju-sejma\/#primaryimage"},"thumbnailUrl":"https:\/\/novice.si\/page\/wp-content\/uploads\/2023\/09\/cz-sejem-aktualni-teden-1-stran.jpg","articleSection":["Aktualno","Celjan","Celjsko"],"inLanguage":"sl-SI"},{"@type":"WebPage","@id":"https:\/\/novice.si\/page\/celje-ta-teden-v-znamenju-sejma\/","url":"https:\/\/novice.si\/page\/celje-ta-teden-v-znamenju-sejma\/","name":"Celje ta teden v znamenju sejma - Novice.si","isPartOf":{"@id":"https:\/\/novice.si\/page\/#website"},"primaryImageOfPage":{"@id":"https:\/\/novice.si\/page\/celje-ta-teden-v-znamenju-sejma\/#primaryimage"},"image":{"@id":"https:\/\/novice.si\/page\/celje-ta-teden-v-znamenju-sejma\/#primaryimage"},"thumbnailUrl":"https:\/\/novice.si\/page\/wp-content\/uploads\/2023\/09\/cz-sejem-aktualni-teden-1-stran.jpg","datePublished":"2023-09-15T11:36:25+00:00","breadcrumb":{"@id":"https:\/\/novice.si\/page\/celje-ta-teden-v-znamenju-sejma\/#breadcrumb"},"inLanguage":"sl-SI","potentialAction":[{"@type":"ReadAction","target":["https:\/\/novice.si\/page\/celje-ta-teden-v-znamenju-sejma\/"]}]},{"@type":"ImageObject","inLanguage":"sl-SI","@id":"https:\/\/novice.si\/page\/celje-ta-teden-v-znamenju-sejma\/#primaryimage","url":"https:\/\/novice.si\/page\/wp-content\/uploads\/2023\/09\/cz-sejem-aktualni-teden-1-stran.jpg","contentUrl":"https:\/\/novice.si\/page\/wp-content\/uploads\/2023\/09\/cz-sejem-aktualni-teden-1-stran.jpg","width":1200,"height":800,"caption":"MOS"},{"@type":"BreadcrumbList","@id":"https:\/\/novice.si\/page\/celje-ta-teden-v-znamenju-sejma\/#breadcrumb","itemListElement":[{"@type":"ListItem","position":1,"name":"Home","item":"https:\/\/novice.si\/page\/"},{"@type":"ListItem","position":2,"name":"Celje ta teden v znamenju sejma"}]},{"@type":"WebSite","@id":"https:\/\/novice.si\/page\/#website","url":"https:\/\/novice.si\/page\/","name":"Novice.si","description":"","publisher":{"@id":"https:\/\/novice.si\/page\/#organization"},"potentialAction":[{"@type":"SearchAction","target":{"@type":"EntryPoint","urlTemplate":"https:\/\/novice.si\/page\/?s={search_term_string}"},"query-input":{"@type":"PropertyValueSpecification","valueRequired":true,"valueName":"search_term_string"}}],"inLanguage":"sl-SI"},{"@type":"Organization","@id":"https:\/\/novice.si\/page\/#organization","name":"Novice.si","url":"https:\/\/novice.si\/page\/","logo":{"@type":"ImageObject","inLanguage":"sl-SI","@id":"https:\/\/novice.si\/page\/#\/schema\/logo\/image\/","url":"https:\/\/novice.si\/page\/wp-content\/uploads\/2023\/03\/novice_si.png","contentUrl":"https:\/\/novice.si\/page\/wp-content\/uploads\/2023\/03\/novice_si.png","width":576,"height":200,"caption":"Novice.si"},"image":{"@id":"https:\/\/novice.si\/page\/#\/schema\/logo\/image\/"}},{"@type":"Person","@id":"https:\/\/novice.si\/page\/#\/schema\/person\/a49f233ef2777ec7b2e8d0662325bb48","name":"Uredni\u0161tvo Celjana","image":{"@type":"ImageObject","inLanguage":"sl-SI","@id":"https:\/\/secure.gravatar.com\/avatar\/7f7863e616af8f92806c638dd1db3f1a238d83d1cc2ec3100afc06fbb7eb303f?s=96&d=mm&r=g","url":"https:\/\/secure.gravatar.com\/avatar\/7f7863e616af8f92806c638dd1db3f1a238d83d1cc2ec3100afc06fbb7eb303f?s=96&d=mm&r=g","contentUrl":"https:\/\/secure.gravatar.com\/avatar\/7f7863e616af8f92806c638dd1db3f1a238d83d1cc2ec3100afc06fbb7eb303f?s=96&d=mm&r=g","caption":"Uredni\u0161tvo Celjana"},"url":"https:\/\/novice.si\/page\/author\/maja\/"}]}},"_links":{"self":[{"href":"https:\/\/novice.si\/page\/wp-json\/wp\/v2\/posts\/167390","targetHints":{"allow":["GET"]}}],"collection":[{"href":"https:\/\/novice.si\/page\/wp-json\/wp\/v2\/posts"}],"about":[{"href":"https:\/\/novice.si\/page\/wp-json\/wp\/v2\/types\/post"}],"author":[{"embeddable":true,"href":"https:\/\/novice.si\/page\/wp-json\/wp\/v2\/users\/55"}],"replies":[{"embeddable":true,"href":"https:\/\/novice.si\/page\/wp-json\/wp\/v2\/comments?post=167390"}],"version-history":[{"count":1,"href":"https:\/\/novice.si\/page\/wp-json\/wp\/v2\/posts\/167390\/revisions"}],"predecessor-version":[{"id":167392,"href":"https:\/\/novice.si\/page\/wp-json\/wp\/v2\/posts\/167390\/revisions\/167392"}],"wp:featuredmedia":[{"embeddable":true,"href":"https:\/\/novice.si\/page\/wp-json\/wp\/v2\/media\/167391"}],"wp:attachment":[{"href":"https:\/\/novice.si\/page\/wp-json\/wp\/v2\/media?parent=167390"}],"wp:term":[{"taxonomy":"category","embeddable":true,"href":"https:\/\/novice.si\/page\/wp-json\/wp\/v2\/categories?post=167390"},{"taxonomy":"post_tag","embeddable":true,"href":"https:\/\/novice.si\/page\/wp-json\/wp\/v2\/tags?post=167390"}],"curies":[{"name":"wp","href":"https:\/\/api.w.org\/{rel}","templated":true}]}}