{"id":167378,"date":"2023-09-14T15:32:28","date_gmt":"2023-09-14T13:32:28","guid":{"rendered":"https:\/\/novice.si\/page\/?p=167378"},"modified":"2023-09-14T15:40:18","modified_gmt":"2023-09-14T13:40:18","slug":"celje-mestni-park-znova-odprt","status":"publish","type":"post","link":"https:\/\/novice.si\/page\/celje-mestni-park-znova-odprt\/","title":{"rendered":"CELJE Mestni park znova odprt"},"content":{"rendered":"<p><img loading=\"lazy\" decoding=\"async\" class=\"wp-image-167380 alignleft\" src=\"https:\/\/novice.si\/page\/wp-content\/uploads\/2023\/09\/Mestni-park_Zelenice-600x550.jpg\" alt=\"\" width=\"316\" height=\"290\" srcset=\"https:\/\/novice.si\/page\/wp-content\/uploads\/2023\/09\/Mestni-park_Zelenice-600x550.jpg 600w, https:\/\/novice.si\/page\/wp-content\/uploads\/2023\/09\/Mestni-park_Zelenice-1024x938.jpg 1024w, https:\/\/novice.si\/page\/wp-content\/uploads\/2023\/09\/Mestni-park_Zelenice-768x704.jpg 768w, https:\/\/novice.si\/page\/wp-content\/uploads\/2023\/09\/Mestni-park_Zelenice-1536x1407.jpg 1536w, https:\/\/novice.si\/page\/wp-content\/uploads\/2023\/09\/Mestni-park_Zelenice-696x638.jpg 696w, https:\/\/novice.si\/page\/wp-content\/uploads\/2023\/09\/Mestni-park_Zelenice-1068x979.jpg 1068w, https:\/\/novice.si\/page\/wp-content\/uploads\/2023\/09\/Mestni-park_Zelenice-458x420.jpg 458w, https:\/\/novice.si\/page\/wp-content\/uploads\/2023\/09\/Mestni-park_Zelenice-24x22.jpg 24w, https:\/\/novice.si\/page\/wp-content\/uploads\/2023\/09\/Mestni-park_Zelenice-36x33.jpg 36w, https:\/\/novice.si\/page\/wp-content\/uploads\/2023\/09\/Mestni-park_Zelenice-48x44.jpg 48w, https:\/\/novice.si\/page\/wp-content\/uploads\/2023\/09\/Mestni-park_Zelenice.jpg 1600w\" sizes=\"auto, (max-width: 316px) 100vw, 316px\" \/>Po ujmi in poplavah in po ve\u010d kot mesec dni dolgi sanaciji, ki \u0161e ni kon\u010dana, so mestne oblasti danes znova odprle celjski mestni park.<\/p>\n<p>\u0160kodo v njem cenijo na okoli 155.000 evrov.<\/p>\n<p>Ve\u010d tednov so delavci javnega podjetja Zelenice \u010distili in odva\u017eali mulj, pomagali so usposobiti drsali\u0161\u010de in o\u010distili fontano, uredili so tudi sprehajalne poti.<\/p>\n<p>Odstraniti so morali enajst dreves, uni\u010deni so \u0161tevilni cvetli\u010dni nasadi, \u017eiva meja in del poti ter otro\u0161kih igral. Zelenico naj bi predvidoma sanirali spomladi.<\/p>\n<p>P\u0160<\/p>\n","protected":false},"excerpt":{"rendered":"<p>Po ujmi in poplavah in po ve\u010d kot mesec dni dolgi sanaciji, ki \u0161e ni kon\u010dana, so mestne oblasti danes znova odprle celjski mestni park. \u0160kodo v njem cenijo na okoli 155.000 evrov. Ve\u010d tednov so delavci javnega podjetja Zelenice \u010distili in odva\u017eali mulj, pomagali so usposobiti drsali\u0161\u010de in o\u010distili fontano, uredili so tudi sprehajalne [&hellip;]<\/p>\n","protected":false},"author":33,"featured_media":167379,"comment_status":"closed","ping_status":"closed","sticky":false,"template":"","format":"standard","meta":{"footnotes":""},"categories":[17],"tags":[4838,4457,610,18458],"class_list":{"0":"post-167378","1":"post","2":"type-post","3":"status-publish","4":"format-standard","5":"has-post-thumbnail","7":"category-celjsko","8":"tag-mestni-park","9":"tag-sanacija","10":"tag-skoda","11":"tag-znova-odprt"},"yoast_head":"<!-- This site is optimized with the Yoast SEO plugin v27.4 - https:\/\/yoast.com\/product\/yoast-seo-wordpress\/ -->\n<title>CELJE Mestni park znova odprt - Novice.si<\/title>\n<meta name=\"robots\" content=\"index, follow, max-snippet:-1, max-image-preview:large, max-video-preview:-1\" \/>\n<link rel=\"canonical\" href=\"https:\/\/novice.si\/page\/celje-mestni-park-znova-odprt\/\" \/>\n<meta property=\"og:locale\" content=\"sl_SI\" \/>\n<meta property=\"og:type\" content=\"article\" \/>\n<meta property=\"og:title\" content=\"CELJE Mestni park znova odprt - Novice.si\" \/>\n<meta property=\"og:description\" content=\"Po ujmi in poplavah in po ve\u010d kot mesec dni dolgi sanaciji, ki \u0161e ni kon\u010dana, so mestne oblasti danes znova odprle celjski mestni park. \u0160kodo v njem cenijo na okoli 155.000 evrov. Ve\u010d tednov so delavci javnega podjetja Zelenice \u010distili in odva\u017eali mulj, pomagali so usposobiti drsali\u0161\u010de in o\u010distili fontano, uredili so tudi sprehajalne [&hellip;]\" \/>\n<meta property=\"og:url\" content=\"https:\/\/novice.si\/page\/celje-mestni-park-znova-odprt\/\" \/>\n<meta property=\"og:site_name\" content=\"Novice.si\" \/>\n<meta property=\"article:published_time\" content=\"2023-09-14T13:32:28+00:00\" \/>\n<meta property=\"article:modified_time\" content=\"2023-09-14T13:40:18+00:00\" \/>\n<meta property=\"og:image\" content=\"https:\/\/novice.si\/page\/wp-content\/uploads\/2023\/09\/Mestni-park_urejanje.jpg\" \/>\n\t<meta property=\"og:image:width\" content=\"1600\" \/>\n\t<meta property=\"og:image:height\" content=\"1537\" \/>\n\t<meta property=\"og:image:type\" content=\"image\/jpeg\" \/>\n<meta name=\"author\" content=\"Uredni\u0161tvo Celjana\" \/>\n<meta name=\"twitter:card\" content=\"summary_large_image\" \/>\n<meta name=\"twitter:label1\" content=\"Written by\" \/>\n\t<meta name=\"twitter:data1\" content=\"Uredni\u0161tvo Celjana\" \/>\n\t<meta name=\"twitter:label2\" content=\"Est. reading time\" \/>\n\t<meta name=\"twitter:data2\" content=\"1 minuta\" \/>\n<script type=\"application\/ld+json\" class=\"yoast-schema-graph\">{\"@context\":\"https:\\\/\\\/schema.org\",\"@graph\":[{\"@type\":\"Article\",\"@id\":\"https:\\\/\\\/novice.si\\\/page\\\/celje-mestni-park-znova-odprt\\\/#article\",\"isPartOf\":{\"@id\":\"https:\\\/\\\/novice.si\\\/page\\\/celje-mestni-park-znova-odprt\\\/\"},\"author\":{\"name\":\"Uredni\u0161tvo Celjana\",\"@id\":\"https:\\\/\\\/novice.si\\\/page\\\/#\\\/schema\\\/person\\\/57f25c9642a9541c7349c65d32032c3e\"},\"headline\":\"CELJE Mestni park znova odprt\",\"datePublished\":\"2023-09-14T13:32:28+00:00\",\"dateModified\":\"2023-09-14T13:40:18+00:00\",\"mainEntityOfPage\":{\"@id\":\"https:\\\/\\\/novice.si\\\/page\\\/celje-mestni-park-znova-odprt\\\/\"},\"wordCount\":92,\"publisher\":{\"@id\":\"https:\\\/\\\/novice.si\\\/page\\\/#organization\"},\"image\":{\"@id\":\"https:\\\/\\\/novice.si\\\/page\\\/celje-mestni-park-znova-odprt\\\/#primaryimage\"},\"thumbnailUrl\":\"https:\\\/\\\/novice.si\\\/page\\\/wp-content\\\/uploads\\\/2023\\\/09\\\/Mestni-park_urejanje.jpg\",\"keywords\":[\"Mestni park\",\"sanacija\",\"\u0161koda\",\"znova odprt\"],\"articleSection\":[\"Celjsko\"],\"inLanguage\":\"sl-SI\"},{\"@type\":\"WebPage\",\"@id\":\"https:\\\/\\\/novice.si\\\/page\\\/celje-mestni-park-znova-odprt\\\/\",\"url\":\"https:\\\/\\\/novice.si\\\/page\\\/celje-mestni-park-znova-odprt\\\/\",\"name\":\"CELJE Mestni park znova odprt - Novice.si\",\"isPartOf\":{\"@id\":\"https:\\\/\\\/novice.si\\\/page\\\/#website\"},\"primaryImageOfPage\":{\"@id\":\"https:\\\/\\\/novice.si\\\/page\\\/celje-mestni-park-znova-odprt\\\/#primaryimage\"},\"image\":{\"@id\":\"https:\\\/\\\/novice.si\\\/page\\\/celje-mestni-park-znova-odprt\\\/#primaryimage\"},\"thumbnailUrl\":\"https:\\\/\\\/novice.si\\\/page\\\/wp-content\\\/uploads\\\/2023\\\/09\\\/Mestni-park_urejanje.jpg\",\"datePublished\":\"2023-09-14T13:32:28+00:00\",\"dateModified\":\"2023-09-14T13:40:18+00:00\",\"breadcrumb\":{\"@id\":\"https:\\\/\\\/novice.si\\\/page\\\/celje-mestni-park-znova-odprt\\\/#breadcrumb\"},\"inLanguage\":\"sl-SI\",\"potentialAction\":[{\"@type\":\"ReadAction\",\"target\":[\"https:\\\/\\\/novice.si\\\/page\\\/celje-mestni-park-znova-odprt\\\/\"]}]},{\"@type\":\"ImageObject\",\"inLanguage\":\"sl-SI\",\"@id\":\"https:\\\/\\\/novice.si\\\/page\\\/celje-mestni-park-znova-odprt\\\/#primaryimage\",\"url\":\"https:\\\/\\\/novice.si\\\/page\\\/wp-content\\\/uploads\\\/2023\\\/09\\\/Mestni-park_urejanje.jpg\",\"contentUrl\":\"https:\\\/\\\/novice.si\\\/page\\\/wp-content\\\/uploads\\\/2023\\\/09\\\/Mestni-park_urejanje.jpg\",\"width\":1600,\"height\":1537},{\"@type\":\"BreadcrumbList\",\"@id\":\"https:\\\/\\\/novice.si\\\/page\\\/celje-mestni-park-znova-odprt\\\/#breadcrumb\",\"itemListElement\":[{\"@type\":\"ListItem\",\"position\":1,\"name\":\"Home\",\"item\":\"https:\\\/\\\/novice.si\\\/page\\\/\"},{\"@type\":\"ListItem\",\"position\":2,\"name\":\"CELJE Mestni park znova odprt\"}]},{\"@type\":\"WebSite\",\"@id\":\"https:\\\/\\\/novice.si\\\/page\\\/#website\",\"url\":\"https:\\\/\\\/novice.si\\\/page\\\/\",\"name\":\"Novice.si\",\"description\":\"\",\"publisher\":{\"@id\":\"https:\\\/\\\/novice.si\\\/page\\\/#organization\"},\"potentialAction\":[{\"@type\":\"SearchAction\",\"target\":{\"@type\":\"EntryPoint\",\"urlTemplate\":\"https:\\\/\\\/novice.si\\\/page\\\/?s={search_term_string}\"},\"query-input\":{\"@type\":\"PropertyValueSpecification\",\"valueRequired\":true,\"valueName\":\"search_term_string\"}}],\"inLanguage\":\"sl-SI\"},{\"@type\":\"Organization\",\"@id\":\"https:\\\/\\\/novice.si\\\/page\\\/#organization\",\"name\":\"Novice.si\",\"url\":\"https:\\\/\\\/novice.si\\\/page\\\/\",\"logo\":{\"@type\":\"ImageObject\",\"inLanguage\":\"sl-SI\",\"@id\":\"https:\\\/\\\/novice.si\\\/page\\\/#\\\/schema\\\/logo\\\/image\\\/\",\"url\":\"https:\\\/\\\/novice.si\\\/page\\\/wp-content\\\/uploads\\\/2023\\\/03\\\/novice_si.png\",\"contentUrl\":\"https:\\\/\\\/novice.si\\\/page\\\/wp-content\\\/uploads\\\/2023\\\/03\\\/novice_si.png\",\"width\":576,\"height\":200,\"caption\":\"Novice.si\"},\"image\":{\"@id\":\"https:\\\/\\\/novice.si\\\/page\\\/#\\\/schema\\\/logo\\\/image\\\/\"}},{\"@type\":\"Person\",\"@id\":\"https:\\\/\\\/novice.si\\\/page\\\/#\\\/schema\\\/person\\\/57f25c9642a9541c7349c65d32032c3e\",\"name\":\"Uredni\u0161tvo Celjana\",\"image\":{\"@type\":\"ImageObject\",\"inLanguage\":\"sl-SI\",\"@id\":\"https:\\\/\\\/secure.gravatar.com\\\/avatar\\\/78e52bc4279b65f6df6345e0ef0f7b792d361361f230cf4ffecfe0afe6d5629c?s=96&d=mm&r=g\",\"url\":\"https:\\\/\\\/secure.gravatar.com\\\/avatar\\\/78e52bc4279b65f6df6345e0ef0f7b792d361361f230cf4ffecfe0afe6d5629c?s=96&d=mm&r=g\",\"contentUrl\":\"https:\\\/\\\/secure.gravatar.com\\\/avatar\\\/78e52bc4279b65f6df6345e0ef0f7b792d361361f230cf4ffecfe0afe6d5629c?s=96&d=mm&r=g\",\"caption\":\"Uredni\u0161tvo Celjana\"},\"url\":\"https:\\\/\\\/novice.si\\\/page\\\/author\\\/primoz\\\/\"}]}<\/script>\n<!-- \/ Yoast SEO plugin. -->","yoast_head_json":{"title":"CELJE Mestni park znova odprt - Novice.si","robots":{"index":"index","follow":"follow","max-snippet":"max-snippet:-1","max-image-preview":"max-image-preview:large","max-video-preview":"max-video-preview:-1"},"canonical":"https:\/\/novice.si\/page\/celje-mestni-park-znova-odprt\/","og_locale":"sl_SI","og_type":"article","og_title":"CELJE Mestni park znova odprt - Novice.si","og_description":"Po ujmi in poplavah in po ve\u010d kot mesec dni dolgi sanaciji, ki \u0161e ni kon\u010dana, so mestne oblasti danes znova odprle celjski mestni park. \u0160kodo v njem cenijo na okoli 155.000 evrov. Ve\u010d tednov so delavci javnega podjetja Zelenice \u010distili in odva\u017eali mulj, pomagali so usposobiti drsali\u0161\u010de in o\u010distili fontano, uredili so tudi sprehajalne [&hellip;]","og_url":"https:\/\/novice.si\/page\/celje-mestni-park-znova-odprt\/","og_site_name":"Novice.si","article_published_time":"2023-09-14T13:32:28+00:00","article_modified_time":"2023-09-14T13:40:18+00:00","og_image":[{"width":1600,"height":1537,"url":"https:\/\/novice.si\/page\/wp-content\/uploads\/2023\/09\/Mestni-park_urejanje.jpg","type":"image\/jpeg"}],"author":"Uredni\u0161tvo Celjana","twitter_card":"summary_large_image","twitter_misc":{"Written by":"Uredni\u0161tvo Celjana","Est. reading time":"1 minuta"},"schema":{"@context":"https:\/\/schema.org","@graph":[{"@type":"Article","@id":"https:\/\/novice.si\/page\/celje-mestni-park-znova-odprt\/#article","isPartOf":{"@id":"https:\/\/novice.si\/page\/celje-mestni-park-znova-odprt\/"},"author":{"name":"Uredni\u0161tvo Celjana","@id":"https:\/\/novice.si\/page\/#\/schema\/person\/57f25c9642a9541c7349c65d32032c3e"},"headline":"CELJE Mestni park znova odprt","datePublished":"2023-09-14T13:32:28+00:00","dateModified":"2023-09-14T13:40:18+00:00","mainEntityOfPage":{"@id":"https:\/\/novice.si\/page\/celje-mestni-park-znova-odprt\/"},"wordCount":92,"publisher":{"@id":"https:\/\/novice.si\/page\/#organization"},"image":{"@id":"https:\/\/novice.si\/page\/celje-mestni-park-znova-odprt\/#primaryimage"},"thumbnailUrl":"https:\/\/novice.si\/page\/wp-content\/uploads\/2023\/09\/Mestni-park_urejanje.jpg","keywords":["Mestni park","sanacija","\u0161koda","znova odprt"],"articleSection":["Celjsko"],"inLanguage":"sl-SI"},{"@type":"WebPage","@id":"https:\/\/novice.si\/page\/celje-mestni-park-znova-odprt\/","url":"https:\/\/novice.si\/page\/celje-mestni-park-znova-odprt\/","name":"CELJE Mestni park znova odprt - Novice.si","isPartOf":{"@id":"https:\/\/novice.si\/page\/#website"},"primaryImageOfPage":{"@id":"https:\/\/novice.si\/page\/celje-mestni-park-znova-odprt\/#primaryimage"},"image":{"@id":"https:\/\/novice.si\/page\/celje-mestni-park-znova-odprt\/#primaryimage"},"thumbnailUrl":"https:\/\/novice.si\/page\/wp-content\/uploads\/2023\/09\/Mestni-park_urejanje.jpg","datePublished":"2023-09-14T13:32:28+00:00","dateModified":"2023-09-14T13:40:18+00:00","breadcrumb":{"@id":"https:\/\/novice.si\/page\/celje-mestni-park-znova-odprt\/#breadcrumb"},"inLanguage":"sl-SI","potentialAction":[{"@type":"ReadAction","target":["https:\/\/novice.si\/page\/celje-mestni-park-znova-odprt\/"]}]},{"@type":"ImageObject","inLanguage":"sl-SI","@id":"https:\/\/novice.si\/page\/celje-mestni-park-znova-odprt\/#primaryimage","url":"https:\/\/novice.si\/page\/wp-content\/uploads\/2023\/09\/Mestni-park_urejanje.jpg","contentUrl":"https:\/\/novice.si\/page\/wp-content\/uploads\/2023\/09\/Mestni-park_urejanje.jpg","width":1600,"height":1537},{"@type":"BreadcrumbList","@id":"https:\/\/novice.si\/page\/celje-mestni-park-znova-odprt\/#breadcrumb","itemListElement":[{"@type":"ListItem","position":1,"name":"Home","item":"https:\/\/novice.si\/page\/"},{"@type":"ListItem","position":2,"name":"CELJE Mestni park znova odprt"}]},{"@type":"WebSite","@id":"https:\/\/novice.si\/page\/#website","url":"https:\/\/novice.si\/page\/","name":"Novice.si","description":"","publisher":{"@id":"https:\/\/novice.si\/page\/#organization"},"potentialAction":[{"@type":"SearchAction","target":{"@type":"EntryPoint","urlTemplate":"https:\/\/novice.si\/page\/?s={search_term_string}"},"query-input":{"@type":"PropertyValueSpecification","valueRequired":true,"valueName":"search_term_string"}}],"inLanguage":"sl-SI"},{"@type":"Organization","@id":"https:\/\/novice.si\/page\/#organization","name":"Novice.si","url":"https:\/\/novice.si\/page\/","logo":{"@type":"ImageObject","inLanguage":"sl-SI","@id":"https:\/\/novice.si\/page\/#\/schema\/logo\/image\/","url":"https:\/\/novice.si\/page\/wp-content\/uploads\/2023\/03\/novice_si.png","contentUrl":"https:\/\/novice.si\/page\/wp-content\/uploads\/2023\/03\/novice_si.png","width":576,"height":200,"caption":"Novice.si"},"image":{"@id":"https:\/\/novice.si\/page\/#\/schema\/logo\/image\/"}},{"@type":"Person","@id":"https:\/\/novice.si\/page\/#\/schema\/person\/57f25c9642a9541c7349c65d32032c3e","name":"Uredni\u0161tvo Celjana","image":{"@type":"ImageObject","inLanguage":"sl-SI","@id":"https:\/\/secure.gravatar.com\/avatar\/78e52bc4279b65f6df6345e0ef0f7b792d361361f230cf4ffecfe0afe6d5629c?s=96&d=mm&r=g","url":"https:\/\/secure.gravatar.com\/avatar\/78e52bc4279b65f6df6345e0ef0f7b792d361361f230cf4ffecfe0afe6d5629c?s=96&d=mm&r=g","contentUrl":"https:\/\/secure.gravatar.com\/avatar\/78e52bc4279b65f6df6345e0ef0f7b792d361361f230cf4ffecfe0afe6d5629c?s=96&d=mm&r=g","caption":"Uredni\u0161tvo Celjana"},"url":"https:\/\/novice.si\/page\/author\/primoz\/"}]}},"_links":{"self":[{"href":"https:\/\/novice.si\/page\/wp-json\/wp\/v2\/posts\/167378","targetHints":{"allow":["GET"]}}],"collection":[{"href":"https:\/\/novice.si\/page\/wp-json\/wp\/v2\/posts"}],"about":[{"href":"https:\/\/novice.si\/page\/wp-json\/wp\/v2\/types\/post"}],"author":[{"embeddable":true,"href":"https:\/\/novice.si\/page\/wp-json\/wp\/v2\/users\/33"}],"replies":[{"embeddable":true,"href":"https:\/\/novice.si\/page\/wp-json\/wp\/v2\/comments?post=167378"}],"version-history":[{"count":3,"href":"https:\/\/novice.si\/page\/wp-json\/wp\/v2\/posts\/167378\/revisions"}],"predecessor-version":[{"id":167384,"href":"https:\/\/novice.si\/page\/wp-json\/wp\/v2\/posts\/167378\/revisions\/167384"}],"wp:featuredmedia":[{"embeddable":true,"href":"https:\/\/novice.si\/page\/wp-json\/wp\/v2\/media\/167379"}],"wp:attachment":[{"href":"https:\/\/novice.si\/page\/wp-json\/wp\/v2\/media?parent=167378"}],"wp:term":[{"taxonomy":"category","embeddable":true,"href":"https:\/\/novice.si\/page\/wp-json\/wp\/v2\/categories?post=167378"},{"taxonomy":"post_tag","embeddable":true,"href":"https:\/\/novice.si\/page\/wp-json\/wp\/v2\/tags?post=167378"}],"curies":[{"name":"wp","href":"https:\/\/api.w.org\/{rel}","templated":true}]}}