{"id":167364,"date":"2023-09-14T13:23:20","date_gmt":"2023-09-14T11:23:20","guid":{"rendered":"https:\/\/novice.si\/page\/?p=167364"},"modified":"2023-09-14T13:23:20","modified_gmt":"2023-09-14T11:23:20","slug":"celjski-nogometni-klub-v-svoje-vrste-zvabil-romuna","status":"publish","type":"post","link":"https:\/\/novice.si\/page\/celjski-nogometni-klub-v-svoje-vrste-zvabil-romuna\/","title":{"rendered":"Celjski nogometni klub v svoje vrste zvabil Romuna"},"content":{"rendered":"<p><img loading=\"lazy\" decoding=\"async\" class=\"alignnone size-medium wp-image-167366\" src=\"https:\/\/novice.si\/page\/wp-content\/uploads\/2023\/09\/Dulca-Marco-foto-NK-Celje-480x600.jpg\" alt=\"\" width=\"480\" height=\"600\" srcset=\"https:\/\/novice.si\/page\/wp-content\/uploads\/2023\/09\/Dulca-Marco-foto-NK-Celje-480x600.jpg 480w, https:\/\/novice.si\/page\/wp-content\/uploads\/2023\/09\/Dulca-Marco-foto-NK-Celje-819x1024.jpg 819w, https:\/\/novice.si\/page\/wp-content\/uploads\/2023\/09\/Dulca-Marco-foto-NK-Celje-768x961.jpg 768w, https:\/\/novice.si\/page\/wp-content\/uploads\/2023\/09\/Dulca-Marco-foto-NK-Celje-1228x1536.jpg 1228w, https:\/\/novice.si\/page\/wp-content\/uploads\/2023\/09\/Dulca-Marco-foto-NK-Celje-696x871.jpg 696w, https:\/\/novice.si\/page\/wp-content\/uploads\/2023\/09\/Dulca-Marco-foto-NK-Celje-1068x1336.jpg 1068w, https:\/\/novice.si\/page\/wp-content\/uploads\/2023\/09\/Dulca-Marco-foto-NK-Celje-336x420.jpg 336w, https:\/\/novice.si\/page\/wp-content\/uploads\/2023\/09\/Dulca-Marco-foto-NK-Celje-19x24.jpg 19w, https:\/\/novice.si\/page\/wp-content\/uploads\/2023\/09\/Dulca-Marco-foto-NK-Celje-29x36.jpg 29w, https:\/\/novice.si\/page\/wp-content\/uploads\/2023\/09\/Dulca-Marco-foto-NK-Celje-38x48.jpg 38w, https:\/\/novice.si\/page\/wp-content\/uploads\/2023\/09\/Dulca-Marco-foto-NK-Celje.jpg 1279w\" sizes=\"auto, (max-width: 480px) 100vw, 480px\" \/><br \/>\nIz Nogometnega kluba Celje so sporo\u010dili, da so se okrepili z romunskim nogometa\u0161em <strong>Marcom Dulco<\/strong>. Igralec sredine igri\u0161\u010da je s klubom sklenil triletno pogodbo.<br \/>\nSicer rojen v Ju\u017eni Koreji, je Dulca nogometno odrasel v \u0161oli Universitatea Cluj, prvemu nasprotniku Celja v leto\u0161njem poletnem pripravljalnem obdobju. Avgusta 2015 je pri \u0161estnajstih letih okrepil vrste Swanseaja, kjer je nastopal za ekipo do 18, kasneje pa do 21 let. Na Otoku je 184 centimetrov visoki nogometa\u0161 za Labode zbral 33 nastopov, nato pa se vrnil v domovino, kjer je postal \u010dlan Viitorula. Sezono 2020\/2021 je pre\u017eivel na posoji pri Chindia Targoviste, ki ga je ob koncu sezone po izteku pogodbe z Viitorulom tudi pripeljal v svoje vrste. Z dobrimi predstavami si je prislu\u017eil prestop v Steauo oziroma FCSB, s katero je v lanski sezoni nastopal v skupinskem delu Uefa Europa Conference League. V zimskem prestopnem roku se je znova vrnil v Chindio, zdaj pa kot prosti igralec prihaja v kne\u017eje mesto. Dulca se med drugim lahko pohvali tudi z igranjem na olimpijskih igrah v Tokiu, za mlaj\u0161e selekcije Romunije pa je skupno zbral 22 nastopov.<br \/>\n&#8220;Prvi vtisi so zelo pozitivni. Vsi so me zelo lepo sprejeli. Prihajam z jasnim ciljem, da ekipi pomagam do naslova prvaka. S tem, ko se je klub prebil v playoff kvalifikacij za konferen\u010dno ligo, sem lahko dobil dober prikaz, za kak\u0161no ekipo gre. V Sloveniji imam tudi nekaj prijateljev, ki so mi o Celju in slovenski ligi povedali veliko dobrih stvari. Pred mano je druga izku\u0161nja v tujini in pripravljen sem, da se predstavim v najbolj\u0161i lu\u010di. Sem delaven igralec, ki u\u017eiva obrambnih, pa tudi napadalnih zadol\u017eitvah. \u017delim si pomagati ekipi in \u017ee v tej sezoni osvajati lovorike,&#8221; je ob prihodu v kne\u017eje mesto dejal Dulca.<br \/>\nFoto: NK Celje<\/p>\n","protected":false},"excerpt":{"rendered":"<p>Iz Nogometnega kluba Celje so sporo\u010dili, da so se okrepili z romunskim nogometa\u0161em Marcom Dulco. Igralec sredine igri\u0161\u010da je s klubom sklenil triletno pogodbo. Sicer rojen v Ju\u017eni Koreji, je Dulca nogometno odrasel v \u0161oli Universitatea Cluj, prvemu nasprotniku Celja v leto\u0161njem poletnem pripravljalnem obdobju. Avgusta 2015 je pri \u0161estnajstih letih okrepil vrste Swanseaja, kjer [&hellip;]<\/p>\n","protected":false},"author":7,"featured_media":167365,"comment_status":"closed","ping_status":"closed","sticky":false,"template":"","format":"standard","meta":{"footnotes":""},"categories":[14,17,68],"tags":[18712,1504],"class_list":{"0":"post-167364","1":"post","2":"type-post","3":"status-publish","4":"format-standard","5":"has-post-thumbnail","7":"category-aktualno","8":"category-celjsko","9":"category-sport","10":"tag-marco-dulca","11":"tag-nk-celje"},"yoast_head":"<!-- This site is optimized with the Yoast SEO plugin v27.4 - https:\/\/yoast.com\/product\/yoast-seo-wordpress\/ -->\n<title>Celjski nogometni klub v svoje vrste zvabil Romuna - Novice.si<\/title>\n<meta name=\"robots\" content=\"index, follow, max-snippet:-1, max-image-preview:large, max-video-preview:-1\" \/>\n<link rel=\"canonical\" href=\"https:\/\/novice.si\/page\/celjski-nogometni-klub-v-svoje-vrste-zvabil-romuna\/\" \/>\n<meta property=\"og:locale\" content=\"sl_SI\" \/>\n<meta property=\"og:type\" content=\"article\" \/>\n<meta property=\"og:title\" content=\"Celjski nogometni klub v svoje vrste zvabil Romuna - Novice.si\" \/>\n<meta property=\"og:description\" content=\"Iz Nogometnega kluba Celje so sporo\u010dili, da so se okrepili z romunskim nogometa\u0161em Marcom Dulco. Igralec sredine igri\u0161\u010da je s klubom sklenil triletno pogodbo. Sicer rojen v Ju\u017eni Koreji, je Dulca nogometno odrasel v \u0161oli Universitatea Cluj, prvemu nasprotniku Celja v leto\u0161njem poletnem pripravljalnem obdobju. Avgusta 2015 je pri \u0161estnajstih letih okrepil vrste Swanseaja, kjer [&hellip;]\" \/>\n<meta property=\"og:url\" content=\"https:\/\/novice.si\/page\/celjski-nogometni-klub-v-svoje-vrste-zvabil-romuna\/\" \/>\n<meta property=\"og:site_name\" content=\"Novice.si\" \/>\n<meta property=\"article:published_time\" content=\"2023-09-14T11:23:20+00:00\" \/>\n<meta property=\"og:image\" content=\"https:\/\/novice.si\/page\/wp-content\/uploads\/2023\/09\/Dulca-Marco-2-foto-NK-Celje.jpg\" \/>\n\t<meta property=\"og:image:width\" content=\"1265\" \/>\n\t<meta property=\"og:image:height\" content=\"839\" \/>\n\t<meta property=\"og:image:type\" content=\"image\/jpeg\" \/>\n<meta name=\"author\" content=\"Uredni\u0161tvo Novic\" \/>\n<meta name=\"twitter:card\" content=\"summary_large_image\" \/>\n<meta name=\"twitter:label1\" content=\"Written by\" \/>\n\t<meta name=\"twitter:data1\" content=\"Uredni\u0161tvo Novic\" \/>\n\t<meta name=\"twitter:label2\" content=\"Est. reading time\" \/>\n\t<meta name=\"twitter:data2\" content=\"2 minuti\" \/>\n<script type=\"application\/ld+json\" class=\"yoast-schema-graph\">{\"@context\":\"https:\\\/\\\/schema.org\",\"@graph\":[{\"@type\":\"Article\",\"@id\":\"https:\\\/\\\/novice.si\\\/page\\\/celjski-nogometni-klub-v-svoje-vrste-zvabil-romuna\\\/#article\",\"isPartOf\":{\"@id\":\"https:\\\/\\\/novice.si\\\/page\\\/celjski-nogometni-klub-v-svoje-vrste-zvabil-romuna\\\/\"},\"author\":{\"name\":\"Uredni\u0161tvo Novic\",\"@id\":\"https:\\\/\\\/novice.si\\\/page\\\/#\\\/schema\\\/person\\\/a877dbb8680d441357ce27663beb35ca\"},\"headline\":\"Celjski nogometni klub v svoje vrste zvabil Romuna\",\"datePublished\":\"2023-09-14T11:23:20+00:00\",\"mainEntityOfPage\":{\"@id\":\"https:\\\/\\\/novice.si\\\/page\\\/celjski-nogometni-klub-v-svoje-vrste-zvabil-romuna\\\/\"},\"wordCount\":309,\"publisher\":{\"@id\":\"https:\\\/\\\/novice.si\\\/page\\\/#organization\"},\"image\":{\"@id\":\"https:\\\/\\\/novice.si\\\/page\\\/celjski-nogometni-klub-v-svoje-vrste-zvabil-romuna\\\/#primaryimage\"},\"thumbnailUrl\":\"https:\\\/\\\/novice.si\\\/page\\\/wp-content\\\/uploads\\\/2023\\\/09\\\/Dulca-Marco-2-foto-NK-Celje.jpg\",\"keywords\":[\"Marco Dulca\",\"Nk Celje\"],\"articleSection\":[\"Aktualno\",\"Celjsko\",\"\u0160port\"],\"inLanguage\":\"sl-SI\"},{\"@type\":\"WebPage\",\"@id\":\"https:\\\/\\\/novice.si\\\/page\\\/celjski-nogometni-klub-v-svoje-vrste-zvabil-romuna\\\/\",\"url\":\"https:\\\/\\\/novice.si\\\/page\\\/celjski-nogometni-klub-v-svoje-vrste-zvabil-romuna\\\/\",\"name\":\"Celjski nogometni klub v svoje vrste zvabil Romuna - Novice.si\",\"isPartOf\":{\"@id\":\"https:\\\/\\\/novice.si\\\/page\\\/#website\"},\"primaryImageOfPage\":{\"@id\":\"https:\\\/\\\/novice.si\\\/page\\\/celjski-nogometni-klub-v-svoje-vrste-zvabil-romuna\\\/#primaryimage\"},\"image\":{\"@id\":\"https:\\\/\\\/novice.si\\\/page\\\/celjski-nogometni-klub-v-svoje-vrste-zvabil-romuna\\\/#primaryimage\"},\"thumbnailUrl\":\"https:\\\/\\\/novice.si\\\/page\\\/wp-content\\\/uploads\\\/2023\\\/09\\\/Dulca-Marco-2-foto-NK-Celje.jpg\",\"datePublished\":\"2023-09-14T11:23:20+00:00\",\"breadcrumb\":{\"@id\":\"https:\\\/\\\/novice.si\\\/page\\\/celjski-nogometni-klub-v-svoje-vrste-zvabil-romuna\\\/#breadcrumb\"},\"inLanguage\":\"sl-SI\",\"potentialAction\":[{\"@type\":\"ReadAction\",\"target\":[\"https:\\\/\\\/novice.si\\\/page\\\/celjski-nogometni-klub-v-svoje-vrste-zvabil-romuna\\\/\"]}]},{\"@type\":\"ImageObject\",\"inLanguage\":\"sl-SI\",\"@id\":\"https:\\\/\\\/novice.si\\\/page\\\/celjski-nogometni-klub-v-svoje-vrste-zvabil-romuna\\\/#primaryimage\",\"url\":\"https:\\\/\\\/novice.si\\\/page\\\/wp-content\\\/uploads\\\/2023\\\/09\\\/Dulca-Marco-2-foto-NK-Celje.jpg\",\"contentUrl\":\"https:\\\/\\\/novice.si\\\/page\\\/wp-content\\\/uploads\\\/2023\\\/09\\\/Dulca-Marco-2-foto-NK-Celje.jpg\",\"width\":1265,\"height\":839},{\"@type\":\"BreadcrumbList\",\"@id\":\"https:\\\/\\\/novice.si\\\/page\\\/celjski-nogometni-klub-v-svoje-vrste-zvabil-romuna\\\/#breadcrumb\",\"itemListElement\":[{\"@type\":\"ListItem\",\"position\":1,\"name\":\"Home\",\"item\":\"https:\\\/\\\/novice.si\\\/page\\\/\"},{\"@type\":\"ListItem\",\"position\":2,\"name\":\"Celjski nogometni klub v svoje vrste zvabil Romuna\"}]},{\"@type\":\"WebSite\",\"@id\":\"https:\\\/\\\/novice.si\\\/page\\\/#website\",\"url\":\"https:\\\/\\\/novice.si\\\/page\\\/\",\"name\":\"Novice.si\",\"description\":\"\",\"publisher\":{\"@id\":\"https:\\\/\\\/novice.si\\\/page\\\/#organization\"},\"potentialAction\":[{\"@type\":\"SearchAction\",\"target\":{\"@type\":\"EntryPoint\",\"urlTemplate\":\"https:\\\/\\\/novice.si\\\/page\\\/?s={search_term_string}\"},\"query-input\":{\"@type\":\"PropertyValueSpecification\",\"valueRequired\":true,\"valueName\":\"search_term_string\"}}],\"inLanguage\":\"sl-SI\"},{\"@type\":\"Organization\",\"@id\":\"https:\\\/\\\/novice.si\\\/page\\\/#organization\",\"name\":\"Novice.si\",\"url\":\"https:\\\/\\\/novice.si\\\/page\\\/\",\"logo\":{\"@type\":\"ImageObject\",\"inLanguage\":\"sl-SI\",\"@id\":\"https:\\\/\\\/novice.si\\\/page\\\/#\\\/schema\\\/logo\\\/image\\\/\",\"url\":\"https:\\\/\\\/novice.si\\\/page\\\/wp-content\\\/uploads\\\/2023\\\/03\\\/novice_si.png\",\"contentUrl\":\"https:\\\/\\\/novice.si\\\/page\\\/wp-content\\\/uploads\\\/2023\\\/03\\\/novice_si.png\",\"width\":576,\"height\":200,\"caption\":\"Novice.si\"},\"image\":{\"@id\":\"https:\\\/\\\/novice.si\\\/page\\\/#\\\/schema\\\/logo\\\/image\\\/\"}},{\"@type\":\"Person\",\"@id\":\"https:\\\/\\\/novice.si\\\/page\\\/#\\\/schema\\\/person\\\/a877dbb8680d441357ce27663beb35ca\",\"name\":\"Uredni\u0161tvo Novic\",\"image\":{\"@type\":\"ImageObject\",\"inLanguage\":\"sl-SI\",\"@id\":\"https:\\\/\\\/secure.gravatar.com\\\/avatar\\\/f19c0ae874706cc9ba19d2f6da5f74a5a5ee7674f283fed29ce0ad16a9f1893e?s=96&d=mm&r=g\",\"url\":\"https:\\\/\\\/secure.gravatar.com\\\/avatar\\\/f19c0ae874706cc9ba19d2f6da5f74a5a5ee7674f283fed29ce0ad16a9f1893e?s=96&d=mm&r=g\",\"contentUrl\":\"https:\\\/\\\/secure.gravatar.com\\\/avatar\\\/f19c0ae874706cc9ba19d2f6da5f74a5a5ee7674f283fed29ce0ad16a9f1893e?s=96&d=mm&r=g\",\"caption\":\"Uredni\u0161tvo Novic\"},\"url\":\"https:\\\/\\\/novice.si\\\/page\\\/author\\\/jure\\\/\"}]}<\/script>\n<!-- \/ Yoast SEO plugin. -->","yoast_head_json":{"title":"Celjski nogometni klub v svoje vrste zvabil Romuna - Novice.si","robots":{"index":"index","follow":"follow","max-snippet":"max-snippet:-1","max-image-preview":"max-image-preview:large","max-video-preview":"max-video-preview:-1"},"canonical":"https:\/\/novice.si\/page\/celjski-nogometni-klub-v-svoje-vrste-zvabil-romuna\/","og_locale":"sl_SI","og_type":"article","og_title":"Celjski nogometni klub v svoje vrste zvabil Romuna - Novice.si","og_description":"Iz Nogometnega kluba Celje so sporo\u010dili, da so se okrepili z romunskim nogometa\u0161em Marcom Dulco. Igralec sredine igri\u0161\u010da je s klubom sklenil triletno pogodbo. Sicer rojen v Ju\u017eni Koreji, je Dulca nogometno odrasel v \u0161oli Universitatea Cluj, prvemu nasprotniku Celja v leto\u0161njem poletnem pripravljalnem obdobju. Avgusta 2015 je pri \u0161estnajstih letih okrepil vrste Swanseaja, kjer [&hellip;]","og_url":"https:\/\/novice.si\/page\/celjski-nogometni-klub-v-svoje-vrste-zvabil-romuna\/","og_site_name":"Novice.si","article_published_time":"2023-09-14T11:23:20+00:00","og_image":[{"width":1265,"height":839,"url":"https:\/\/novice.si\/page\/wp-content\/uploads\/2023\/09\/Dulca-Marco-2-foto-NK-Celje.jpg","type":"image\/jpeg"}],"author":"Uredni\u0161tvo Novic","twitter_card":"summary_large_image","twitter_misc":{"Written by":"Uredni\u0161tvo Novic","Est. reading time":"2 minuti"},"schema":{"@context":"https:\/\/schema.org","@graph":[{"@type":"Article","@id":"https:\/\/novice.si\/page\/celjski-nogometni-klub-v-svoje-vrste-zvabil-romuna\/#article","isPartOf":{"@id":"https:\/\/novice.si\/page\/celjski-nogometni-klub-v-svoje-vrste-zvabil-romuna\/"},"author":{"name":"Uredni\u0161tvo Novic","@id":"https:\/\/novice.si\/page\/#\/schema\/person\/a877dbb8680d441357ce27663beb35ca"},"headline":"Celjski nogometni klub v svoje vrste zvabil Romuna","datePublished":"2023-09-14T11:23:20+00:00","mainEntityOfPage":{"@id":"https:\/\/novice.si\/page\/celjski-nogometni-klub-v-svoje-vrste-zvabil-romuna\/"},"wordCount":309,"publisher":{"@id":"https:\/\/novice.si\/page\/#organization"},"image":{"@id":"https:\/\/novice.si\/page\/celjski-nogometni-klub-v-svoje-vrste-zvabil-romuna\/#primaryimage"},"thumbnailUrl":"https:\/\/novice.si\/page\/wp-content\/uploads\/2023\/09\/Dulca-Marco-2-foto-NK-Celje.jpg","keywords":["Marco Dulca","Nk Celje"],"articleSection":["Aktualno","Celjsko","\u0160port"],"inLanguage":"sl-SI"},{"@type":"WebPage","@id":"https:\/\/novice.si\/page\/celjski-nogometni-klub-v-svoje-vrste-zvabil-romuna\/","url":"https:\/\/novice.si\/page\/celjski-nogometni-klub-v-svoje-vrste-zvabil-romuna\/","name":"Celjski nogometni klub v svoje vrste zvabil Romuna - Novice.si","isPartOf":{"@id":"https:\/\/novice.si\/page\/#website"},"primaryImageOfPage":{"@id":"https:\/\/novice.si\/page\/celjski-nogometni-klub-v-svoje-vrste-zvabil-romuna\/#primaryimage"},"image":{"@id":"https:\/\/novice.si\/page\/celjski-nogometni-klub-v-svoje-vrste-zvabil-romuna\/#primaryimage"},"thumbnailUrl":"https:\/\/novice.si\/page\/wp-content\/uploads\/2023\/09\/Dulca-Marco-2-foto-NK-Celje.jpg","datePublished":"2023-09-14T11:23:20+00:00","breadcrumb":{"@id":"https:\/\/novice.si\/page\/celjski-nogometni-klub-v-svoje-vrste-zvabil-romuna\/#breadcrumb"},"inLanguage":"sl-SI","potentialAction":[{"@type":"ReadAction","target":["https:\/\/novice.si\/page\/celjski-nogometni-klub-v-svoje-vrste-zvabil-romuna\/"]}]},{"@type":"ImageObject","inLanguage":"sl-SI","@id":"https:\/\/novice.si\/page\/celjski-nogometni-klub-v-svoje-vrste-zvabil-romuna\/#primaryimage","url":"https:\/\/novice.si\/page\/wp-content\/uploads\/2023\/09\/Dulca-Marco-2-foto-NK-Celje.jpg","contentUrl":"https:\/\/novice.si\/page\/wp-content\/uploads\/2023\/09\/Dulca-Marco-2-foto-NK-Celje.jpg","width":1265,"height":839},{"@type":"BreadcrumbList","@id":"https:\/\/novice.si\/page\/celjski-nogometni-klub-v-svoje-vrste-zvabil-romuna\/#breadcrumb","itemListElement":[{"@type":"ListItem","position":1,"name":"Home","item":"https:\/\/novice.si\/page\/"},{"@type":"ListItem","position":2,"name":"Celjski nogometni klub v svoje vrste zvabil Romuna"}]},{"@type":"WebSite","@id":"https:\/\/novice.si\/page\/#website","url":"https:\/\/novice.si\/page\/","name":"Novice.si","description":"","publisher":{"@id":"https:\/\/novice.si\/page\/#organization"},"potentialAction":[{"@type":"SearchAction","target":{"@type":"EntryPoint","urlTemplate":"https:\/\/novice.si\/page\/?s={search_term_string}"},"query-input":{"@type":"PropertyValueSpecification","valueRequired":true,"valueName":"search_term_string"}}],"inLanguage":"sl-SI"},{"@type":"Organization","@id":"https:\/\/novice.si\/page\/#organization","name":"Novice.si","url":"https:\/\/novice.si\/page\/","logo":{"@type":"ImageObject","inLanguage":"sl-SI","@id":"https:\/\/novice.si\/page\/#\/schema\/logo\/image\/","url":"https:\/\/novice.si\/page\/wp-content\/uploads\/2023\/03\/novice_si.png","contentUrl":"https:\/\/novice.si\/page\/wp-content\/uploads\/2023\/03\/novice_si.png","width":576,"height":200,"caption":"Novice.si"},"image":{"@id":"https:\/\/novice.si\/page\/#\/schema\/logo\/image\/"}},{"@type":"Person","@id":"https:\/\/novice.si\/page\/#\/schema\/person\/a877dbb8680d441357ce27663beb35ca","name":"Uredni\u0161tvo Novic","image":{"@type":"ImageObject","inLanguage":"sl-SI","@id":"https:\/\/secure.gravatar.com\/avatar\/f19c0ae874706cc9ba19d2f6da5f74a5a5ee7674f283fed29ce0ad16a9f1893e?s=96&d=mm&r=g","url":"https:\/\/secure.gravatar.com\/avatar\/f19c0ae874706cc9ba19d2f6da5f74a5a5ee7674f283fed29ce0ad16a9f1893e?s=96&d=mm&r=g","contentUrl":"https:\/\/secure.gravatar.com\/avatar\/f19c0ae874706cc9ba19d2f6da5f74a5a5ee7674f283fed29ce0ad16a9f1893e?s=96&d=mm&r=g","caption":"Uredni\u0161tvo Novic"},"url":"https:\/\/novice.si\/page\/author\/jure\/"}]}},"_links":{"self":[{"href":"https:\/\/novice.si\/page\/wp-json\/wp\/v2\/posts\/167364","targetHints":{"allow":["GET"]}}],"collection":[{"href":"https:\/\/novice.si\/page\/wp-json\/wp\/v2\/posts"}],"about":[{"href":"https:\/\/novice.si\/page\/wp-json\/wp\/v2\/types\/post"}],"author":[{"embeddable":true,"href":"https:\/\/novice.si\/page\/wp-json\/wp\/v2\/users\/7"}],"replies":[{"embeddable":true,"href":"https:\/\/novice.si\/page\/wp-json\/wp\/v2\/comments?post=167364"}],"version-history":[{"count":1,"href":"https:\/\/novice.si\/page\/wp-json\/wp\/v2\/posts\/167364\/revisions"}],"predecessor-version":[{"id":167367,"href":"https:\/\/novice.si\/page\/wp-json\/wp\/v2\/posts\/167364\/revisions\/167367"}],"wp:featuredmedia":[{"embeddable":true,"href":"https:\/\/novice.si\/page\/wp-json\/wp\/v2\/media\/167365"}],"wp:attachment":[{"href":"https:\/\/novice.si\/page\/wp-json\/wp\/v2\/media?parent=167364"}],"wp:term":[{"taxonomy":"category","embeddable":true,"href":"https:\/\/novice.si\/page\/wp-json\/wp\/v2\/categories?post=167364"},{"taxonomy":"post_tag","embeddable":true,"href":"https:\/\/novice.si\/page\/wp-json\/wp\/v2\/tags?post=167364"}],"curies":[{"name":"wp","href":"https:\/\/api.w.org\/{rel}","templated":true}]}}