{"id":167358,"date":"2023-09-14T12:53:10","date_gmt":"2023-09-14T10:53:10","guid":{"rendered":"https:\/\/novice.si\/page\/?p=167358"},"modified":"2023-09-14T12:53:10","modified_gmt":"2023-09-14T10:53:10","slug":"celje-dvojni-umor-konjiskih-sodnih-izvrsiteljev-pred-razsodbo","status":"publish","type":"post","link":"https:\/\/novice.si\/page\/celje-dvojni-umor-konjiskih-sodnih-izvrsiteljev-pred-razsodbo\/","title":{"rendered":"CELJE Dvojni umor konji\u0161kih sodnih izvr\u0161iteljev pred razsodbo"},"content":{"rendered":"<p><img loading=\"lazy\" decoding=\"async\" class=\"wp-image-167360 alignleft\" src=\"https:\/\/novice.si\/page\/wp-content\/uploads\/2023\/09\/Krklec-sep-23-1-600x450.jpg\" alt=\"\" width=\"329\" height=\"247\" srcset=\"https:\/\/novice.si\/page\/wp-content\/uploads\/2023\/09\/Krklec-sep-23-1-600x450.jpg 600w, https:\/\/novice.si\/page\/wp-content\/uploads\/2023\/09\/Krklec-sep-23-1-1024x768.jpg 1024w, https:\/\/novice.si\/page\/wp-content\/uploads\/2023\/09\/Krklec-sep-23-1-768x576.jpg 768w, https:\/\/novice.si\/page\/wp-content\/uploads\/2023\/09\/Krklec-sep-23-1-1536x1152.jpg 1536w, https:\/\/novice.si\/page\/wp-content\/uploads\/2023\/09\/Krklec-sep-23-1-2048x1536.jpg 2048w, https:\/\/novice.si\/page\/wp-content\/uploads\/2023\/09\/Krklec-sep-23-1-80x60.jpg 80w, https:\/\/novice.si\/page\/wp-content\/uploads\/2023\/09\/Krklec-sep-23-1-265x198.jpg 265w, https:\/\/novice.si\/page\/wp-content\/uploads\/2023\/09\/Krklec-sep-23-1-696x522.jpg 696w, https:\/\/novice.si\/page\/wp-content\/uploads\/2023\/09\/Krklec-sep-23-1-1068x801.jpg 1068w, https:\/\/novice.si\/page\/wp-content\/uploads\/2023\/09\/Krklec-sep-23-1-560x420.jpg 560w, https:\/\/novice.si\/page\/wp-content\/uploads\/2023\/09\/Krklec-sep-23-1-24x18.jpg 24w, https:\/\/novice.si\/page\/wp-content\/uploads\/2023\/09\/Krklec-sep-23-1-36x27.jpg 36w, https:\/\/novice.si\/page\/wp-content\/uploads\/2023\/09\/Krklec-sep-23-1-48x36.jpg 48w\" sizes=\"auto, (max-width: 329px) 100vw, 329px\" \/>Potem, ko je celjska kazenska sodnica <strong>Gordana Malovi\u0107<\/strong> dopoldne zavrnila vse dokazne predloge obrambe, je glavna obravnava zoper 66-letnega <strong>Branka Krkleca<\/strong> iz \u0160kofij pri \u0160marju tik pred koncem.<\/p>\n<p>Glede na razpisane naroke je izrek sodbe za morilca konji\u0161kih sodnih izvr\u0161iteljev <strong>Aleksandra Klementa<\/strong> in <strong>Nata\u0161e Zadravec Klement<\/strong> pri\u010dakovati petega oktobra.<\/p>\n<p>Sodi\u0161\u010de je danes soo\u010dilo psihiatri\u010dna izvedenca dr. <strong>Du\u0161ana Lundra<\/strong> in dr. <strong>Petra Preglja<\/strong>, ki glede vpliva alkohola vztrajata vsak pri svojem.<\/p>\n<p>Pregelj je po mnenju velikega kazenskega senata prepri\u010dljivej\u0161i. Lunder pri obto\u017eenem namre\u010d ni upo\u0161teval alkoholne tolerance, zato naj bi bila v \u010dasu streljanja njegova prisebnost bistveno zmanj\u0161ana.<\/p>\n<p>Sodnica je zavrnila obrambo, ki bi anga\u017eirala \u0161e tretjega izvedenca, saj da je bil Pregelj<\/p>\n<p><img loading=\"lazy\" decoding=\"async\" class=\"wp-image-167359 alignright\" src=\"https:\/\/novice.si\/page\/wp-content\/uploads\/2023\/09\/meznaric-vedenik-1-600x450.jpg\" alt=\"\" width=\"254\" height=\"191\" srcset=\"https:\/\/novice.si\/page\/wp-content\/uploads\/2023\/09\/meznaric-vedenik-1-600x450.jpg 600w, https:\/\/novice.si\/page\/wp-content\/uploads\/2023\/09\/meznaric-vedenik-1-1024x768.jpg 1024w, https:\/\/novice.si\/page\/wp-content\/uploads\/2023\/09\/meznaric-vedenik-1-768x576.jpg 768w, https:\/\/novice.si\/page\/wp-content\/uploads\/2023\/09\/meznaric-vedenik-1-1536x1152.jpg 1536w, https:\/\/novice.si\/page\/wp-content\/uploads\/2023\/09\/meznaric-vedenik-1-2048x1536.jpg 2048w, https:\/\/novice.si\/page\/wp-content\/uploads\/2023\/09\/meznaric-vedenik-1-80x60.jpg 80w, https:\/\/novice.si\/page\/wp-content\/uploads\/2023\/09\/meznaric-vedenik-1-265x198.jpg 265w, https:\/\/novice.si\/page\/wp-content\/uploads\/2023\/09\/meznaric-vedenik-1-696x522.jpg 696w, https:\/\/novice.si\/page\/wp-content\/uploads\/2023\/09\/meznaric-vedenik-1-1068x801.jpg 1068w, https:\/\/novice.si\/page\/wp-content\/uploads\/2023\/09\/meznaric-vedenik-1-560x420.jpg 560w, https:\/\/novice.si\/page\/wp-content\/uploads\/2023\/09\/meznaric-vedenik-1-24x18.jpg 24w, https:\/\/novice.si\/page\/wp-content\/uploads\/2023\/09\/meznaric-vedenik-1-36x27.jpg 36w, https:\/\/novice.si\/page\/wp-content\/uploads\/2023\/09\/meznaric-vedenik-1-48x36.jpg 48w\" sizes=\"auto, (max-width: 254px) 100vw, 254px\" \/><\/p>\n<p>dovolj jasen, prav tako v postopek ne bodo pritegnili izvedencev za toksikologijo in<\/p>\n<p>oftamologijo, ker da v ni\u010demer ne bi pripomogla k razjasnitvi dvojnega umora.<\/p>\n<p>Obrambo Krkleca je danes znova prevzel celjski odvetnik <strong>Marko Meznari\u010d<\/strong>, odvetnico <strong>Albino Vedenik<\/strong> pa je sodi\u0161\u010de razre\u0161ilo. Oba sta zagovor prevzela po uradni dol\u017enosti.<\/p>\n<p>P\u0160<\/p>\n<p><em>Ve\u010d preberite v Novicah.<\/em><\/p>\n","protected":false},"excerpt":{"rendered":"<p>Potem, ko je celjska kazenska sodnica Gordana Malovi\u0107 dopoldne zavrnila vse dokazne predloge obrambe, je glavna obravnava zoper 66-letnega Branka Krkleca iz \u0160kofij pri \u0160marju tik pred koncem. Glede na razpisane naroke je izrek sodbe za morilca konji\u0161kih sodnih izvr\u0161iteljev Aleksandra Klementa in Nata\u0161e Zadravec Klement pri\u010dakovati petega oktobra. Sodi\u0161\u010de je danes soo\u010dilo psihiatri\u010dna izvedenca [&hellip;]<\/p>\n","protected":false},"author":33,"featured_media":167361,"comment_status":"closed","ping_status":"closed","sticky":false,"template":"","format":"standard","meta":{"footnotes":""},"categories":[14,17,16,38,29],"tags":[11386,15852,15093,18547,5957,15854,14473,356],"class_list":{"0":"post-167358","1":"post","2":"type-post","3":"status-publish","4":"format-standard","5":"has-post-thumbnail","7":"category-aktualno","8":"category-celjsko","9":"category-konjisko","10":"category-kozjansko","11":"category-kronika","12":"tag-albina-vedenik","13":"tag-branko-krklec","14":"tag-dusan-lunder","15":"tag-dvojni-umor-sodni-izvrsiteljev","16":"tag-gordana-malovic","17":"tag-marko-meznaric","18":"tag-peter-pregelj","19":"tag-sojenje"},"yoast_head":"<!-- This site is optimized with the Yoast SEO plugin v27.4 - https:\/\/yoast.com\/product\/yoast-seo-wordpress\/ -->\n<title>CELJE Dvojni umor konji\u0161kih sodnih izvr\u0161iteljev pred razsodbo - Novice.si<\/title>\n<meta name=\"robots\" content=\"index, follow, max-snippet:-1, max-image-preview:large, max-video-preview:-1\" \/>\n<link rel=\"canonical\" href=\"https:\/\/novice.si\/page\/celje-dvojni-umor-konjiskih-sodnih-izvrsiteljev-pred-razsodbo\/\" \/>\n<meta property=\"og:locale\" content=\"sl_SI\" \/>\n<meta property=\"og:type\" content=\"article\" \/>\n<meta property=\"og:title\" content=\"CELJE Dvojni umor konji\u0161kih sodnih izvr\u0161iteljev pred razsodbo - Novice.si\" \/>\n<meta property=\"og:description\" content=\"Potem, ko je celjska kazenska sodnica Gordana Malovi\u0107 dopoldne zavrnila vse dokazne predloge obrambe, je glavna obravnava zoper 66-letnega Branka Krkleca iz \u0160kofij pri \u0160marju tik pred koncem. Glede na razpisane naroke je izrek sodbe za morilca konji\u0161kih sodnih izvr\u0161iteljev Aleksandra Klementa in Nata\u0161e Zadravec Klement pri\u010dakovati petega oktobra. Sodi\u0161\u010de je danes soo\u010dilo psihiatri\u010dna izvedenca [&hellip;]\" \/>\n<meta property=\"og:url\" content=\"https:\/\/novice.si\/page\/celje-dvojni-umor-konjiskih-sodnih-izvrsiteljev-pred-razsodbo\/\" \/>\n<meta property=\"og:site_name\" content=\"Novice.si\" \/>\n<meta property=\"article:published_time\" content=\"2023-09-14T10:53:10+00:00\" \/>\n<meta property=\"og:image\" content=\"https:\/\/novice.si\/page\/wp-content\/uploads\/2023\/09\/Krklec-sep-23-3-scaled.jpg\" \/>\n\t<meta property=\"og:image:width\" content=\"1920\" \/>\n\t<meta property=\"og:image:height\" content=\"2560\" \/>\n\t<meta property=\"og:image:type\" content=\"image\/jpeg\" \/>\n<meta name=\"author\" content=\"Uredni\u0161tvo Celjana\" \/>\n<meta name=\"twitter:card\" content=\"summary_large_image\" \/>\n<meta name=\"twitter:label1\" content=\"Written by\" \/>\n\t<meta name=\"twitter:data1\" content=\"Uredni\u0161tvo Celjana\" \/>\n\t<meta name=\"twitter:label2\" content=\"Est. reading time\" \/>\n\t<meta name=\"twitter:data2\" content=\"2 minuti\" \/>\n<script type=\"application\/ld+json\" class=\"yoast-schema-graph\">{\"@context\":\"https:\\\/\\\/schema.org\",\"@graph\":[{\"@type\":\"Article\",\"@id\":\"https:\\\/\\\/novice.si\\\/page\\\/celje-dvojni-umor-konjiskih-sodnih-izvrsiteljev-pred-razsodbo\\\/#article\",\"isPartOf\":{\"@id\":\"https:\\\/\\\/novice.si\\\/page\\\/celje-dvojni-umor-konjiskih-sodnih-izvrsiteljev-pred-razsodbo\\\/\"},\"author\":{\"name\":\"Uredni\u0161tvo Celjana\",\"@id\":\"https:\\\/\\\/novice.si\\\/page\\\/#\\\/schema\\\/person\\\/57f25c9642a9541c7349c65d32032c3e\"},\"headline\":\"CELJE Dvojni umor konji\u0161kih sodnih izvr\u0161iteljev pred razsodbo\",\"datePublished\":\"2023-09-14T10:53:10+00:00\",\"mainEntityOfPage\":{\"@id\":\"https:\\\/\\\/novice.si\\\/page\\\/celje-dvojni-umor-konjiskih-sodnih-izvrsiteljev-pred-razsodbo\\\/\"},\"wordCount\":194,\"publisher\":{\"@id\":\"https:\\\/\\\/novice.si\\\/page\\\/#organization\"},\"image\":{\"@id\":\"https:\\\/\\\/novice.si\\\/page\\\/celje-dvojni-umor-konjiskih-sodnih-izvrsiteljev-pred-razsodbo\\\/#primaryimage\"},\"thumbnailUrl\":\"https:\\\/\\\/novice.si\\\/page\\\/wp-content\\\/uploads\\\/2023\\\/09\\\/Krklec-sep-23-3-scaled.jpg\",\"keywords\":[\"Albina Vedenik\",\"Branko Krklec\",\"Du\u0161an Lunder\",\"dvojni umor sodni izvr\u0161iteljev\",\"Gordana Malovi\u0107\",\"Marko Me\u017enari\u010d\",\"Peter Pregelj\",\"sojenje\"],\"articleSection\":[\"Aktualno\",\"Celjsko\",\"Konji\u0161ko\",\"Kozjansko\",\"Kronika\"],\"inLanguage\":\"sl-SI\"},{\"@type\":\"WebPage\",\"@id\":\"https:\\\/\\\/novice.si\\\/page\\\/celje-dvojni-umor-konjiskih-sodnih-izvrsiteljev-pred-razsodbo\\\/\",\"url\":\"https:\\\/\\\/novice.si\\\/page\\\/celje-dvojni-umor-konjiskih-sodnih-izvrsiteljev-pred-razsodbo\\\/\",\"name\":\"CELJE Dvojni umor konji\u0161kih sodnih izvr\u0161iteljev pred razsodbo - Novice.si\",\"isPartOf\":{\"@id\":\"https:\\\/\\\/novice.si\\\/page\\\/#website\"},\"primaryImageOfPage\":{\"@id\":\"https:\\\/\\\/novice.si\\\/page\\\/celje-dvojni-umor-konjiskih-sodnih-izvrsiteljev-pred-razsodbo\\\/#primaryimage\"},\"image\":{\"@id\":\"https:\\\/\\\/novice.si\\\/page\\\/celje-dvojni-umor-konjiskih-sodnih-izvrsiteljev-pred-razsodbo\\\/#primaryimage\"},\"thumbnailUrl\":\"https:\\\/\\\/novice.si\\\/page\\\/wp-content\\\/uploads\\\/2023\\\/09\\\/Krklec-sep-23-3-scaled.jpg\",\"datePublished\":\"2023-09-14T10:53:10+00:00\",\"breadcrumb\":{\"@id\":\"https:\\\/\\\/novice.si\\\/page\\\/celje-dvojni-umor-konjiskih-sodnih-izvrsiteljev-pred-razsodbo\\\/#breadcrumb\"},\"inLanguage\":\"sl-SI\",\"potentialAction\":[{\"@type\":\"ReadAction\",\"target\":[\"https:\\\/\\\/novice.si\\\/page\\\/celje-dvojni-umor-konjiskih-sodnih-izvrsiteljev-pred-razsodbo\\\/\"]}]},{\"@type\":\"ImageObject\",\"inLanguage\":\"sl-SI\",\"@id\":\"https:\\\/\\\/novice.si\\\/page\\\/celje-dvojni-umor-konjiskih-sodnih-izvrsiteljev-pred-razsodbo\\\/#primaryimage\",\"url\":\"https:\\\/\\\/novice.si\\\/page\\\/wp-content\\\/uploads\\\/2023\\\/09\\\/Krklec-sep-23-3-scaled.jpg\",\"contentUrl\":\"https:\\\/\\\/novice.si\\\/page\\\/wp-content\\\/uploads\\\/2023\\\/09\\\/Krklec-sep-23-3-scaled.jpg\",\"width\":1920,\"height\":2560},{\"@type\":\"BreadcrumbList\",\"@id\":\"https:\\\/\\\/novice.si\\\/page\\\/celje-dvojni-umor-konjiskih-sodnih-izvrsiteljev-pred-razsodbo\\\/#breadcrumb\",\"itemListElement\":[{\"@type\":\"ListItem\",\"position\":1,\"name\":\"Home\",\"item\":\"https:\\\/\\\/novice.si\\\/page\\\/\"},{\"@type\":\"ListItem\",\"position\":2,\"name\":\"CELJE Dvojni umor konji\u0161kih sodnih izvr\u0161iteljev pred razsodbo\"}]},{\"@type\":\"WebSite\",\"@id\":\"https:\\\/\\\/novice.si\\\/page\\\/#website\",\"url\":\"https:\\\/\\\/novice.si\\\/page\\\/\",\"name\":\"Novice.si\",\"description\":\"\",\"publisher\":{\"@id\":\"https:\\\/\\\/novice.si\\\/page\\\/#organization\"},\"potentialAction\":[{\"@type\":\"SearchAction\",\"target\":{\"@type\":\"EntryPoint\",\"urlTemplate\":\"https:\\\/\\\/novice.si\\\/page\\\/?s={search_term_string}\"},\"query-input\":{\"@type\":\"PropertyValueSpecification\",\"valueRequired\":true,\"valueName\":\"search_term_string\"}}],\"inLanguage\":\"sl-SI\"},{\"@type\":\"Organization\",\"@id\":\"https:\\\/\\\/novice.si\\\/page\\\/#organization\",\"name\":\"Novice.si\",\"url\":\"https:\\\/\\\/novice.si\\\/page\\\/\",\"logo\":{\"@type\":\"ImageObject\",\"inLanguage\":\"sl-SI\",\"@id\":\"https:\\\/\\\/novice.si\\\/page\\\/#\\\/schema\\\/logo\\\/image\\\/\",\"url\":\"https:\\\/\\\/novice.si\\\/page\\\/wp-content\\\/uploads\\\/2023\\\/03\\\/novice_si.png\",\"contentUrl\":\"https:\\\/\\\/novice.si\\\/page\\\/wp-content\\\/uploads\\\/2023\\\/03\\\/novice_si.png\",\"width\":576,\"height\":200,\"caption\":\"Novice.si\"},\"image\":{\"@id\":\"https:\\\/\\\/novice.si\\\/page\\\/#\\\/schema\\\/logo\\\/image\\\/\"}},{\"@type\":\"Person\",\"@id\":\"https:\\\/\\\/novice.si\\\/page\\\/#\\\/schema\\\/person\\\/57f25c9642a9541c7349c65d32032c3e\",\"name\":\"Uredni\u0161tvo Celjana\",\"image\":{\"@type\":\"ImageObject\",\"inLanguage\":\"sl-SI\",\"@id\":\"https:\\\/\\\/secure.gravatar.com\\\/avatar\\\/78e52bc4279b65f6df6345e0ef0f7b792d361361f230cf4ffecfe0afe6d5629c?s=96&d=mm&r=g\",\"url\":\"https:\\\/\\\/secure.gravatar.com\\\/avatar\\\/78e52bc4279b65f6df6345e0ef0f7b792d361361f230cf4ffecfe0afe6d5629c?s=96&d=mm&r=g\",\"contentUrl\":\"https:\\\/\\\/secure.gravatar.com\\\/avatar\\\/78e52bc4279b65f6df6345e0ef0f7b792d361361f230cf4ffecfe0afe6d5629c?s=96&d=mm&r=g\",\"caption\":\"Uredni\u0161tvo Celjana\"},\"url\":\"https:\\\/\\\/novice.si\\\/page\\\/author\\\/primoz\\\/\"}]}<\/script>\n<!-- \/ Yoast SEO plugin. -->","yoast_head_json":{"title":"CELJE Dvojni umor konji\u0161kih sodnih izvr\u0161iteljev pred razsodbo - Novice.si","robots":{"index":"index","follow":"follow","max-snippet":"max-snippet:-1","max-image-preview":"max-image-preview:large","max-video-preview":"max-video-preview:-1"},"canonical":"https:\/\/novice.si\/page\/celje-dvojni-umor-konjiskih-sodnih-izvrsiteljev-pred-razsodbo\/","og_locale":"sl_SI","og_type":"article","og_title":"CELJE Dvojni umor konji\u0161kih sodnih izvr\u0161iteljev pred razsodbo - Novice.si","og_description":"Potem, ko je celjska kazenska sodnica Gordana Malovi\u0107 dopoldne zavrnila vse dokazne predloge obrambe, je glavna obravnava zoper 66-letnega Branka Krkleca iz \u0160kofij pri \u0160marju tik pred koncem. Glede na razpisane naroke je izrek sodbe za morilca konji\u0161kih sodnih izvr\u0161iteljev Aleksandra Klementa in Nata\u0161e Zadravec Klement pri\u010dakovati petega oktobra. Sodi\u0161\u010de je danes soo\u010dilo psihiatri\u010dna izvedenca [&hellip;]","og_url":"https:\/\/novice.si\/page\/celje-dvojni-umor-konjiskih-sodnih-izvrsiteljev-pred-razsodbo\/","og_site_name":"Novice.si","article_published_time":"2023-09-14T10:53:10+00:00","og_image":[{"width":1920,"height":2560,"url":"https:\/\/novice.si\/page\/wp-content\/uploads\/2023\/09\/Krklec-sep-23-3-scaled.jpg","type":"image\/jpeg"}],"author":"Uredni\u0161tvo Celjana","twitter_card":"summary_large_image","twitter_misc":{"Written by":"Uredni\u0161tvo Celjana","Est. reading time":"2 minuti"},"schema":{"@context":"https:\/\/schema.org","@graph":[{"@type":"Article","@id":"https:\/\/novice.si\/page\/celje-dvojni-umor-konjiskih-sodnih-izvrsiteljev-pred-razsodbo\/#article","isPartOf":{"@id":"https:\/\/novice.si\/page\/celje-dvojni-umor-konjiskih-sodnih-izvrsiteljev-pred-razsodbo\/"},"author":{"name":"Uredni\u0161tvo Celjana","@id":"https:\/\/novice.si\/page\/#\/schema\/person\/57f25c9642a9541c7349c65d32032c3e"},"headline":"CELJE Dvojni umor konji\u0161kih sodnih izvr\u0161iteljev pred razsodbo","datePublished":"2023-09-14T10:53:10+00:00","mainEntityOfPage":{"@id":"https:\/\/novice.si\/page\/celje-dvojni-umor-konjiskih-sodnih-izvrsiteljev-pred-razsodbo\/"},"wordCount":194,"publisher":{"@id":"https:\/\/novice.si\/page\/#organization"},"image":{"@id":"https:\/\/novice.si\/page\/celje-dvojni-umor-konjiskih-sodnih-izvrsiteljev-pred-razsodbo\/#primaryimage"},"thumbnailUrl":"https:\/\/novice.si\/page\/wp-content\/uploads\/2023\/09\/Krklec-sep-23-3-scaled.jpg","keywords":["Albina Vedenik","Branko Krklec","Du\u0161an Lunder","dvojni umor sodni izvr\u0161iteljev","Gordana Malovi\u0107","Marko Me\u017enari\u010d","Peter Pregelj","sojenje"],"articleSection":["Aktualno","Celjsko","Konji\u0161ko","Kozjansko","Kronika"],"inLanguage":"sl-SI"},{"@type":"WebPage","@id":"https:\/\/novice.si\/page\/celje-dvojni-umor-konjiskih-sodnih-izvrsiteljev-pred-razsodbo\/","url":"https:\/\/novice.si\/page\/celje-dvojni-umor-konjiskih-sodnih-izvrsiteljev-pred-razsodbo\/","name":"CELJE Dvojni umor konji\u0161kih sodnih izvr\u0161iteljev pred razsodbo - Novice.si","isPartOf":{"@id":"https:\/\/novice.si\/page\/#website"},"primaryImageOfPage":{"@id":"https:\/\/novice.si\/page\/celje-dvojni-umor-konjiskih-sodnih-izvrsiteljev-pred-razsodbo\/#primaryimage"},"image":{"@id":"https:\/\/novice.si\/page\/celje-dvojni-umor-konjiskih-sodnih-izvrsiteljev-pred-razsodbo\/#primaryimage"},"thumbnailUrl":"https:\/\/novice.si\/page\/wp-content\/uploads\/2023\/09\/Krklec-sep-23-3-scaled.jpg","datePublished":"2023-09-14T10:53:10+00:00","breadcrumb":{"@id":"https:\/\/novice.si\/page\/celje-dvojni-umor-konjiskih-sodnih-izvrsiteljev-pred-razsodbo\/#breadcrumb"},"inLanguage":"sl-SI","potentialAction":[{"@type":"ReadAction","target":["https:\/\/novice.si\/page\/celje-dvojni-umor-konjiskih-sodnih-izvrsiteljev-pred-razsodbo\/"]}]},{"@type":"ImageObject","inLanguage":"sl-SI","@id":"https:\/\/novice.si\/page\/celje-dvojni-umor-konjiskih-sodnih-izvrsiteljev-pred-razsodbo\/#primaryimage","url":"https:\/\/novice.si\/page\/wp-content\/uploads\/2023\/09\/Krklec-sep-23-3-scaled.jpg","contentUrl":"https:\/\/novice.si\/page\/wp-content\/uploads\/2023\/09\/Krklec-sep-23-3-scaled.jpg","width":1920,"height":2560},{"@type":"BreadcrumbList","@id":"https:\/\/novice.si\/page\/celje-dvojni-umor-konjiskih-sodnih-izvrsiteljev-pred-razsodbo\/#breadcrumb","itemListElement":[{"@type":"ListItem","position":1,"name":"Home","item":"https:\/\/novice.si\/page\/"},{"@type":"ListItem","position":2,"name":"CELJE Dvojni umor konji\u0161kih sodnih izvr\u0161iteljev pred razsodbo"}]},{"@type":"WebSite","@id":"https:\/\/novice.si\/page\/#website","url":"https:\/\/novice.si\/page\/","name":"Novice.si","description":"","publisher":{"@id":"https:\/\/novice.si\/page\/#organization"},"potentialAction":[{"@type":"SearchAction","target":{"@type":"EntryPoint","urlTemplate":"https:\/\/novice.si\/page\/?s={search_term_string}"},"query-input":{"@type":"PropertyValueSpecification","valueRequired":true,"valueName":"search_term_string"}}],"inLanguage":"sl-SI"},{"@type":"Organization","@id":"https:\/\/novice.si\/page\/#organization","name":"Novice.si","url":"https:\/\/novice.si\/page\/","logo":{"@type":"ImageObject","inLanguage":"sl-SI","@id":"https:\/\/novice.si\/page\/#\/schema\/logo\/image\/","url":"https:\/\/novice.si\/page\/wp-content\/uploads\/2023\/03\/novice_si.png","contentUrl":"https:\/\/novice.si\/page\/wp-content\/uploads\/2023\/03\/novice_si.png","width":576,"height":200,"caption":"Novice.si"},"image":{"@id":"https:\/\/novice.si\/page\/#\/schema\/logo\/image\/"}},{"@type":"Person","@id":"https:\/\/novice.si\/page\/#\/schema\/person\/57f25c9642a9541c7349c65d32032c3e","name":"Uredni\u0161tvo Celjana","image":{"@type":"ImageObject","inLanguage":"sl-SI","@id":"https:\/\/secure.gravatar.com\/avatar\/78e52bc4279b65f6df6345e0ef0f7b792d361361f230cf4ffecfe0afe6d5629c?s=96&d=mm&r=g","url":"https:\/\/secure.gravatar.com\/avatar\/78e52bc4279b65f6df6345e0ef0f7b792d361361f230cf4ffecfe0afe6d5629c?s=96&d=mm&r=g","contentUrl":"https:\/\/secure.gravatar.com\/avatar\/78e52bc4279b65f6df6345e0ef0f7b792d361361f230cf4ffecfe0afe6d5629c?s=96&d=mm&r=g","caption":"Uredni\u0161tvo Celjana"},"url":"https:\/\/novice.si\/page\/author\/primoz\/"}]}},"_links":{"self":[{"href":"https:\/\/novice.si\/page\/wp-json\/wp\/v2\/posts\/167358","targetHints":{"allow":["GET"]}}],"collection":[{"href":"https:\/\/novice.si\/page\/wp-json\/wp\/v2\/posts"}],"about":[{"href":"https:\/\/novice.si\/page\/wp-json\/wp\/v2\/types\/post"}],"author":[{"embeddable":true,"href":"https:\/\/novice.si\/page\/wp-json\/wp\/v2\/users\/33"}],"replies":[{"embeddable":true,"href":"https:\/\/novice.si\/page\/wp-json\/wp\/v2\/comments?post=167358"}],"version-history":[{"count":1,"href":"https:\/\/novice.si\/page\/wp-json\/wp\/v2\/posts\/167358\/revisions"}],"predecessor-version":[{"id":167363,"href":"https:\/\/novice.si\/page\/wp-json\/wp\/v2\/posts\/167358\/revisions\/167363"}],"wp:featuredmedia":[{"embeddable":true,"href":"https:\/\/novice.si\/page\/wp-json\/wp\/v2\/media\/167361"}],"wp:attachment":[{"href":"https:\/\/novice.si\/page\/wp-json\/wp\/v2\/media?parent=167358"}],"wp:term":[{"taxonomy":"category","embeddable":true,"href":"https:\/\/novice.si\/page\/wp-json\/wp\/v2\/categories?post=167358"},{"taxonomy":"post_tag","embeddable":true,"href":"https:\/\/novice.si\/page\/wp-json\/wp\/v2\/tags?post=167358"}],"curies":[{"name":"wp","href":"https:\/\/api.w.org\/{rel}","templated":true}]}}