{"id":167313,"date":"2023-09-11T12:18:45","date_gmt":"2023-09-11T10:18:45","guid":{"rendered":"https:\/\/novice.si\/page\/?p=167313"},"modified":"2023-09-11T12:18:45","modified_gmt":"2023-09-11T10:18:45","slug":"store-tek-na-svetino-z-novim-rekordom","status":"publish","type":"post","link":"https:\/\/novice.si\/page\/store-tek-na-svetino-z-novim-rekordom\/","title":{"rendered":"\u0160TORE Tek na Svetino z novim rekordom"},"content":{"rendered":"<p><strong>Klemen \u0160panring<\/strong>, \u010dlan Atletskega dru\u0161tva Slovenska Bistrica, je zmagovalec sobotnega petega trail Teka na Svetino.<\/p>\n<p><img loading=\"lazy\" decoding=\"async\" class=\"wp-image-167315 alignleft\" src=\"https:\/\/novice.si\/page\/wp-content\/uploads\/2023\/09\/tek-na-svetino-2023-1-373x600.jpg\" alt=\"\" width=\"157\" height=\"252\" srcset=\"https:\/\/novice.si\/page\/wp-content\/uploads\/2023\/09\/tek-na-svetino-2023-1-373x600.jpg 373w, https:\/\/novice.si\/page\/wp-content\/uploads\/2023\/09\/tek-na-svetino-2023-1-636x1024.jpg 636w, https:\/\/novice.si\/page\/wp-content\/uploads\/2023\/09\/tek-na-svetino-2023-1-768x1237.jpg 768w, https:\/\/novice.si\/page\/wp-content\/uploads\/2023\/09\/tek-na-svetino-2023-1-954x1536.jpg 954w, https:\/\/novice.si\/page\/wp-content\/uploads\/2023\/09\/tek-na-svetino-2023-1-696x1121.jpg 696w, https:\/\/novice.si\/page\/wp-content\/uploads\/2023\/09\/tek-na-svetino-2023-1-1068x1720.jpg 1068w, https:\/\/novice.si\/page\/wp-content\/uploads\/2023\/09\/tek-na-svetino-2023-1-261x420.jpg 261w, https:\/\/novice.si\/page\/wp-content\/uploads\/2023\/09\/tek-na-svetino-2023-1-15x24.jpg 15w, https:\/\/novice.si\/page\/wp-content\/uploads\/2023\/09\/tek-na-svetino-2023-1-22x36.jpg 22w, https:\/\/novice.si\/page\/wp-content\/uploads\/2023\/09\/tek-na-svetino-2023-1-30x48.jpg 30w, https:\/\/novice.si\/page\/wp-content\/uploads\/2023\/09\/tek-na-svetino-2023-1.jpg 1272w\" sizes=\"auto, (max-width: 157px) 100vw, 157px\" \/>Postavil je tudi absolutni rekord proge, za katero je potreboval manj kot 35 minut.<\/p>\n<p>\u0160panring je junija z 28. mestom na svetovnem prvenstvu v Innsbrucku dosegel tudi najbolj\u0161i slovenski rezultat v gorskih tekih, na evropskem prvenstvu pa je zasedel 17. mesto.<\/p>\n<p>Sobotne preizku\u0161nje se je v \u0160torah udele\u017eilo dvajset teka\u010dev, ki so morali premagati 7,2 kilometra dolgo progo s 545 metri vi\u0161inske razlike, traso pa so zaradi gradnje kolesarske poti letos nekoliko spremenili.<\/p>\n<p>P\u0160<\/p>\n","protected":false},"excerpt":{"rendered":"<p>Klemen \u0160panring, \u010dlan Atletskega dru\u0161tva Slovenska Bistrica, je zmagovalec sobotnega petega trail Teka na Svetino. Postavil je tudi absolutni rekord proge, za katero je potreboval manj kot 35 minut. \u0160panring je junija z 28. mestom na svetovnem prvenstvu v Innsbrucku dosegel tudi najbolj\u0161i slovenski rezultat v gorskih tekih, na evropskem prvenstvu pa je zasedel 17. [&hellip;]<\/p>\n","protected":false},"author":33,"featured_media":167314,"comment_status":"closed","ping_status":"closed","sticky":false,"template":"","format":"standard","meta":{"footnotes":""},"categories":[17],"tags":[18709,11947,18708,10470],"class_list":{"0":"post-167313","1":"post","2":"type-post","3":"status-publish","4":"format-standard","5":"has-post-thumbnail","7":"category-celjsko","9":"tag-klemen-spanring","10":"tag-rekord-proge","11":"tag-tek-na-svetino"},"yoast_head":"<!-- This site is optimized with the Yoast SEO plugin v27.4 - https:\/\/yoast.com\/product\/yoast-seo-wordpress\/ -->\n<title>\u0160TORE Tek na Svetino z novim rekordom - Novice.si<\/title>\n<meta name=\"robots\" content=\"index, follow, max-snippet:-1, max-image-preview:large, max-video-preview:-1\" \/>\n<link rel=\"canonical\" href=\"https:\/\/novice.si\/page\/store-tek-na-svetino-z-novim-rekordom\/\" \/>\n<meta property=\"og:locale\" content=\"sl_SI\" \/>\n<meta property=\"og:type\" content=\"article\" \/>\n<meta property=\"og:title\" content=\"\u0160TORE Tek na Svetino z novim rekordom - Novice.si\" \/>\n<meta property=\"og:description\" content=\"Klemen \u0160panring, \u010dlan Atletskega dru\u0161tva Slovenska Bistrica, je zmagovalec sobotnega petega trail Teka na Svetino. Postavil je tudi absolutni rekord proge, za katero je potreboval manj kot 35 minut. \u0160panring je junija z 28. mestom na svetovnem prvenstvu v Innsbrucku dosegel tudi najbolj\u0161i slovenski rezultat v gorskih tekih, na evropskem prvenstvu pa je zasedel 17. [&hellip;]\" \/>\n<meta property=\"og:url\" content=\"https:\/\/novice.si\/page\/store-tek-na-svetino-z-novim-rekordom\/\" \/>\n<meta property=\"og:site_name\" content=\"Novice.si\" \/>\n<meta property=\"article:published_time\" content=\"2023-09-11T10:18:45+00:00\" \/>\n<meta property=\"og:image\" content=\"https:\/\/novice.si\/page\/wp-content\/uploads\/2023\/09\/tek-na-svetino-2023-2.jpg\" \/>\n\t<meta property=\"og:image:width\" content=\"960\" \/>\n\t<meta property=\"og:image:height\" content=\"927\" \/>\n\t<meta property=\"og:image:type\" content=\"image\/jpeg\" \/>\n<meta name=\"author\" content=\"Uredni\u0161tvo Celjana\" \/>\n<meta name=\"twitter:card\" content=\"summary_large_image\" \/>\n<meta name=\"twitter:label1\" content=\"Written by\" \/>\n\t<meta name=\"twitter:data1\" content=\"Uredni\u0161tvo Celjana\" \/>\n\t<meta name=\"twitter:label2\" content=\"Est. reading time\" \/>\n\t<meta name=\"twitter:data2\" content=\"1 minuta\" \/>\n<script type=\"application\/ld+json\" class=\"yoast-schema-graph\">{\"@context\":\"https:\\\/\\\/schema.org\",\"@graph\":[{\"@type\":\"Article\",\"@id\":\"https:\\\/\\\/novice.si\\\/page\\\/store-tek-na-svetino-z-novim-rekordom\\\/#article\",\"isPartOf\":{\"@id\":\"https:\\\/\\\/novice.si\\\/page\\\/store-tek-na-svetino-z-novim-rekordom\\\/\"},\"author\":{\"name\":\"Uredni\u0161tvo Celjana\",\"@id\":\"https:\\\/\\\/novice.si\\\/page\\\/#\\\/schema\\\/person\\\/57f25c9642a9541c7349c65d32032c3e\"},\"headline\":\"\u0160TORE Tek na Svetino z novim rekordom\",\"datePublished\":\"2023-09-11T10:18:45+00:00\",\"mainEntityOfPage\":{\"@id\":\"https:\\\/\\\/novice.si\\\/page\\\/store-tek-na-svetino-z-novim-rekordom\\\/\"},\"wordCount\":97,\"publisher\":{\"@id\":\"https:\\\/\\\/novice.si\\\/page\\\/#organization\"},\"image\":{\"@id\":\"https:\\\/\\\/novice.si\\\/page\\\/store-tek-na-svetino-z-novim-rekordom\\\/#primaryimage\"},\"thumbnailUrl\":\"https:\\\/\\\/novice.si\\\/page\\\/wp-content\\\/uploads\\\/2023\\\/09\\\/tek-na-svetino-2023-2.jpg\",\"keywords\":[\"gorski tek\",\"Klemen \u0160panring\",\"rekord proge\",\"Tek na Svetino\"],\"articleSection\":[\"Celjsko\"],\"inLanguage\":\"sl-SI\"},{\"@type\":\"WebPage\",\"@id\":\"https:\\\/\\\/novice.si\\\/page\\\/store-tek-na-svetino-z-novim-rekordom\\\/\",\"url\":\"https:\\\/\\\/novice.si\\\/page\\\/store-tek-na-svetino-z-novim-rekordom\\\/\",\"name\":\"\u0160TORE Tek na Svetino z novim rekordom - Novice.si\",\"isPartOf\":{\"@id\":\"https:\\\/\\\/novice.si\\\/page\\\/#website\"},\"primaryImageOfPage\":{\"@id\":\"https:\\\/\\\/novice.si\\\/page\\\/store-tek-na-svetino-z-novim-rekordom\\\/#primaryimage\"},\"image\":{\"@id\":\"https:\\\/\\\/novice.si\\\/page\\\/store-tek-na-svetino-z-novim-rekordom\\\/#primaryimage\"},\"thumbnailUrl\":\"https:\\\/\\\/novice.si\\\/page\\\/wp-content\\\/uploads\\\/2023\\\/09\\\/tek-na-svetino-2023-2.jpg\",\"datePublished\":\"2023-09-11T10:18:45+00:00\",\"breadcrumb\":{\"@id\":\"https:\\\/\\\/novice.si\\\/page\\\/store-tek-na-svetino-z-novim-rekordom\\\/#breadcrumb\"},\"inLanguage\":\"sl-SI\",\"potentialAction\":[{\"@type\":\"ReadAction\",\"target\":[\"https:\\\/\\\/novice.si\\\/page\\\/store-tek-na-svetino-z-novim-rekordom\\\/\"]}]},{\"@type\":\"ImageObject\",\"inLanguage\":\"sl-SI\",\"@id\":\"https:\\\/\\\/novice.si\\\/page\\\/store-tek-na-svetino-z-novim-rekordom\\\/#primaryimage\",\"url\":\"https:\\\/\\\/novice.si\\\/page\\\/wp-content\\\/uploads\\\/2023\\\/09\\\/tek-na-svetino-2023-2.jpg\",\"contentUrl\":\"https:\\\/\\\/novice.si\\\/page\\\/wp-content\\\/uploads\\\/2023\\\/09\\\/tek-na-svetino-2023-2.jpg\",\"width\":960,\"height\":927},{\"@type\":\"BreadcrumbList\",\"@id\":\"https:\\\/\\\/novice.si\\\/page\\\/store-tek-na-svetino-z-novim-rekordom\\\/#breadcrumb\",\"itemListElement\":[{\"@type\":\"ListItem\",\"position\":1,\"name\":\"Home\",\"item\":\"https:\\\/\\\/novice.si\\\/page\\\/\"},{\"@type\":\"ListItem\",\"position\":2,\"name\":\"\u0160TORE Tek na Svetino z novim rekordom\"}]},{\"@type\":\"WebSite\",\"@id\":\"https:\\\/\\\/novice.si\\\/page\\\/#website\",\"url\":\"https:\\\/\\\/novice.si\\\/page\\\/\",\"name\":\"Novice.si\",\"description\":\"\",\"publisher\":{\"@id\":\"https:\\\/\\\/novice.si\\\/page\\\/#organization\"},\"potentialAction\":[{\"@type\":\"SearchAction\",\"target\":{\"@type\":\"EntryPoint\",\"urlTemplate\":\"https:\\\/\\\/novice.si\\\/page\\\/?s={search_term_string}\"},\"query-input\":{\"@type\":\"PropertyValueSpecification\",\"valueRequired\":true,\"valueName\":\"search_term_string\"}}],\"inLanguage\":\"sl-SI\"},{\"@type\":\"Organization\",\"@id\":\"https:\\\/\\\/novice.si\\\/page\\\/#organization\",\"name\":\"Novice.si\",\"url\":\"https:\\\/\\\/novice.si\\\/page\\\/\",\"logo\":{\"@type\":\"ImageObject\",\"inLanguage\":\"sl-SI\",\"@id\":\"https:\\\/\\\/novice.si\\\/page\\\/#\\\/schema\\\/logo\\\/image\\\/\",\"url\":\"https:\\\/\\\/novice.si\\\/page\\\/wp-content\\\/uploads\\\/2023\\\/03\\\/novice_si.png\",\"contentUrl\":\"https:\\\/\\\/novice.si\\\/page\\\/wp-content\\\/uploads\\\/2023\\\/03\\\/novice_si.png\",\"width\":576,\"height\":200,\"caption\":\"Novice.si\"},\"image\":{\"@id\":\"https:\\\/\\\/novice.si\\\/page\\\/#\\\/schema\\\/logo\\\/image\\\/\"}},{\"@type\":\"Person\",\"@id\":\"https:\\\/\\\/novice.si\\\/page\\\/#\\\/schema\\\/person\\\/57f25c9642a9541c7349c65d32032c3e\",\"name\":\"Uredni\u0161tvo Celjana\",\"image\":{\"@type\":\"ImageObject\",\"inLanguage\":\"sl-SI\",\"@id\":\"https:\\\/\\\/secure.gravatar.com\\\/avatar\\\/78e52bc4279b65f6df6345e0ef0f7b792d361361f230cf4ffecfe0afe6d5629c?s=96&d=mm&r=g\",\"url\":\"https:\\\/\\\/secure.gravatar.com\\\/avatar\\\/78e52bc4279b65f6df6345e0ef0f7b792d361361f230cf4ffecfe0afe6d5629c?s=96&d=mm&r=g\",\"contentUrl\":\"https:\\\/\\\/secure.gravatar.com\\\/avatar\\\/78e52bc4279b65f6df6345e0ef0f7b792d361361f230cf4ffecfe0afe6d5629c?s=96&d=mm&r=g\",\"caption\":\"Uredni\u0161tvo Celjana\"},\"url\":\"https:\\\/\\\/novice.si\\\/page\\\/author\\\/primoz\\\/\"}]}<\/script>\n<!-- \/ Yoast SEO plugin. -->","yoast_head_json":{"title":"\u0160TORE Tek na Svetino z novim rekordom - Novice.si","robots":{"index":"index","follow":"follow","max-snippet":"max-snippet:-1","max-image-preview":"max-image-preview:large","max-video-preview":"max-video-preview:-1"},"canonical":"https:\/\/novice.si\/page\/store-tek-na-svetino-z-novim-rekordom\/","og_locale":"sl_SI","og_type":"article","og_title":"\u0160TORE Tek na Svetino z novim rekordom - Novice.si","og_description":"Klemen \u0160panring, \u010dlan Atletskega dru\u0161tva Slovenska Bistrica, je zmagovalec sobotnega petega trail Teka na Svetino. Postavil je tudi absolutni rekord proge, za katero je potreboval manj kot 35 minut. \u0160panring je junija z 28. mestom na svetovnem prvenstvu v Innsbrucku dosegel tudi najbolj\u0161i slovenski rezultat v gorskih tekih, na evropskem prvenstvu pa je zasedel 17. [&hellip;]","og_url":"https:\/\/novice.si\/page\/store-tek-na-svetino-z-novim-rekordom\/","og_site_name":"Novice.si","article_published_time":"2023-09-11T10:18:45+00:00","og_image":[{"width":960,"height":927,"url":"https:\/\/novice.si\/page\/wp-content\/uploads\/2023\/09\/tek-na-svetino-2023-2.jpg","type":"image\/jpeg"}],"author":"Uredni\u0161tvo Celjana","twitter_card":"summary_large_image","twitter_misc":{"Written by":"Uredni\u0161tvo Celjana","Est. reading time":"1 minuta"},"schema":{"@context":"https:\/\/schema.org","@graph":[{"@type":"Article","@id":"https:\/\/novice.si\/page\/store-tek-na-svetino-z-novim-rekordom\/#article","isPartOf":{"@id":"https:\/\/novice.si\/page\/store-tek-na-svetino-z-novim-rekordom\/"},"author":{"name":"Uredni\u0161tvo Celjana","@id":"https:\/\/novice.si\/page\/#\/schema\/person\/57f25c9642a9541c7349c65d32032c3e"},"headline":"\u0160TORE Tek na Svetino z novim rekordom","datePublished":"2023-09-11T10:18:45+00:00","mainEntityOfPage":{"@id":"https:\/\/novice.si\/page\/store-tek-na-svetino-z-novim-rekordom\/"},"wordCount":97,"publisher":{"@id":"https:\/\/novice.si\/page\/#organization"},"image":{"@id":"https:\/\/novice.si\/page\/store-tek-na-svetino-z-novim-rekordom\/#primaryimage"},"thumbnailUrl":"https:\/\/novice.si\/page\/wp-content\/uploads\/2023\/09\/tek-na-svetino-2023-2.jpg","keywords":["gorski tek","Klemen \u0160panring","rekord proge","Tek na Svetino"],"articleSection":["Celjsko"],"inLanguage":"sl-SI"},{"@type":"WebPage","@id":"https:\/\/novice.si\/page\/store-tek-na-svetino-z-novim-rekordom\/","url":"https:\/\/novice.si\/page\/store-tek-na-svetino-z-novim-rekordom\/","name":"\u0160TORE Tek na Svetino z novim rekordom - Novice.si","isPartOf":{"@id":"https:\/\/novice.si\/page\/#website"},"primaryImageOfPage":{"@id":"https:\/\/novice.si\/page\/store-tek-na-svetino-z-novim-rekordom\/#primaryimage"},"image":{"@id":"https:\/\/novice.si\/page\/store-tek-na-svetino-z-novim-rekordom\/#primaryimage"},"thumbnailUrl":"https:\/\/novice.si\/page\/wp-content\/uploads\/2023\/09\/tek-na-svetino-2023-2.jpg","datePublished":"2023-09-11T10:18:45+00:00","breadcrumb":{"@id":"https:\/\/novice.si\/page\/store-tek-na-svetino-z-novim-rekordom\/#breadcrumb"},"inLanguage":"sl-SI","potentialAction":[{"@type":"ReadAction","target":["https:\/\/novice.si\/page\/store-tek-na-svetino-z-novim-rekordom\/"]}]},{"@type":"ImageObject","inLanguage":"sl-SI","@id":"https:\/\/novice.si\/page\/store-tek-na-svetino-z-novim-rekordom\/#primaryimage","url":"https:\/\/novice.si\/page\/wp-content\/uploads\/2023\/09\/tek-na-svetino-2023-2.jpg","contentUrl":"https:\/\/novice.si\/page\/wp-content\/uploads\/2023\/09\/tek-na-svetino-2023-2.jpg","width":960,"height":927},{"@type":"BreadcrumbList","@id":"https:\/\/novice.si\/page\/store-tek-na-svetino-z-novim-rekordom\/#breadcrumb","itemListElement":[{"@type":"ListItem","position":1,"name":"Home","item":"https:\/\/novice.si\/page\/"},{"@type":"ListItem","position":2,"name":"\u0160TORE Tek na Svetino z novim rekordom"}]},{"@type":"WebSite","@id":"https:\/\/novice.si\/page\/#website","url":"https:\/\/novice.si\/page\/","name":"Novice.si","description":"","publisher":{"@id":"https:\/\/novice.si\/page\/#organization"},"potentialAction":[{"@type":"SearchAction","target":{"@type":"EntryPoint","urlTemplate":"https:\/\/novice.si\/page\/?s={search_term_string}"},"query-input":{"@type":"PropertyValueSpecification","valueRequired":true,"valueName":"search_term_string"}}],"inLanguage":"sl-SI"},{"@type":"Organization","@id":"https:\/\/novice.si\/page\/#organization","name":"Novice.si","url":"https:\/\/novice.si\/page\/","logo":{"@type":"ImageObject","inLanguage":"sl-SI","@id":"https:\/\/novice.si\/page\/#\/schema\/logo\/image\/","url":"https:\/\/novice.si\/page\/wp-content\/uploads\/2023\/03\/novice_si.png","contentUrl":"https:\/\/novice.si\/page\/wp-content\/uploads\/2023\/03\/novice_si.png","width":576,"height":200,"caption":"Novice.si"},"image":{"@id":"https:\/\/novice.si\/page\/#\/schema\/logo\/image\/"}},{"@type":"Person","@id":"https:\/\/novice.si\/page\/#\/schema\/person\/57f25c9642a9541c7349c65d32032c3e","name":"Uredni\u0161tvo Celjana","image":{"@type":"ImageObject","inLanguage":"sl-SI","@id":"https:\/\/secure.gravatar.com\/avatar\/78e52bc4279b65f6df6345e0ef0f7b792d361361f230cf4ffecfe0afe6d5629c?s=96&d=mm&r=g","url":"https:\/\/secure.gravatar.com\/avatar\/78e52bc4279b65f6df6345e0ef0f7b792d361361f230cf4ffecfe0afe6d5629c?s=96&d=mm&r=g","contentUrl":"https:\/\/secure.gravatar.com\/avatar\/78e52bc4279b65f6df6345e0ef0f7b792d361361f230cf4ffecfe0afe6d5629c?s=96&d=mm&r=g","caption":"Uredni\u0161tvo Celjana"},"url":"https:\/\/novice.si\/page\/author\/primoz\/"}]}},"_links":{"self":[{"href":"https:\/\/novice.si\/page\/wp-json\/wp\/v2\/posts\/167313","targetHints":{"allow":["GET"]}}],"collection":[{"href":"https:\/\/novice.si\/page\/wp-json\/wp\/v2\/posts"}],"about":[{"href":"https:\/\/novice.si\/page\/wp-json\/wp\/v2\/types\/post"}],"author":[{"embeddable":true,"href":"https:\/\/novice.si\/page\/wp-json\/wp\/v2\/users\/33"}],"replies":[{"embeddable":true,"href":"https:\/\/novice.si\/page\/wp-json\/wp\/v2\/comments?post=167313"}],"version-history":[{"count":1,"href":"https:\/\/novice.si\/page\/wp-json\/wp\/v2\/posts\/167313\/revisions"}],"predecessor-version":[{"id":167317,"href":"https:\/\/novice.si\/page\/wp-json\/wp\/v2\/posts\/167313\/revisions\/167317"}],"wp:featuredmedia":[{"embeddable":true,"href":"https:\/\/novice.si\/page\/wp-json\/wp\/v2\/media\/167314"}],"wp:attachment":[{"href":"https:\/\/novice.si\/page\/wp-json\/wp\/v2\/media?parent=167313"}],"wp:term":[{"taxonomy":"category","embeddable":true,"href":"https:\/\/novice.si\/page\/wp-json\/wp\/v2\/categories?post=167313"},{"taxonomy":"post_tag","embeddable":true,"href":"https:\/\/novice.si\/page\/wp-json\/wp\/v2\/tags?post=167313"}],"curies":[{"name":"wp","href":"https:\/\/api.w.org\/{rel}","templated":true}]}}