{"id":167216,"date":"2023-09-08T08:19:01","date_gmt":"2023-09-08T06:19:01","guid":{"rendered":"https:\/\/novice.si\/page\/?p=167216"},"modified":"2023-09-07T19:24:14","modified_gmt":"2023-09-07T17:24:14","slug":"sentjur-folk-in-rock-vecera-za-konec-sentjurskega-poletja","status":"publish","type":"post","link":"https:\/\/novice.si\/page\/sentjur-folk-in-rock-vecera-za-konec-sentjurskega-poletja\/","title":{"rendered":"\u0160ENTJUR Folk in rock ve\u010dera za konec \u0160entjurskega poletja"},"content":{"rendered":"<p>S festivalom Grobelnofest 2023 se danes in jutri zaklju\u010dujejo prireditve \u0160entjurskega poletja.<\/p>\n<p><img loading=\"lazy\" decoding=\"async\" class=\"wp-image-167217 alignleft\" src=\"https:\/\/novice.si\/page\/wp-content\/uploads\/2023\/09\/orleki-600x450.jpg\" alt=\"\" width=\"375\" height=\"281\" srcset=\"https:\/\/novice.si\/page\/wp-content\/uploads\/2023\/09\/orleki-600x450.jpg 600w, https:\/\/novice.si\/page\/wp-content\/uploads\/2023\/09\/orleki-1024x768.jpg 1024w, https:\/\/novice.si\/page\/wp-content\/uploads\/2023\/09\/orleki-768x576.jpg 768w, https:\/\/novice.si\/page\/wp-content\/uploads\/2023\/09\/orleki-1536x1152.jpg 1536w, https:\/\/novice.si\/page\/wp-content\/uploads\/2023\/09\/orleki-80x60.jpg 80w, https:\/\/novice.si\/page\/wp-content\/uploads\/2023\/09\/orleki-265x198.jpg 265w, https:\/\/novice.si\/page\/wp-content\/uploads\/2023\/09\/orleki-696x522.jpg 696w, https:\/\/novice.si\/page\/wp-content\/uploads\/2023\/09\/orleki-1068x801.jpg 1068w, https:\/\/novice.si\/page\/wp-content\/uploads\/2023\/09\/orleki-560x420.jpg 560w, https:\/\/novice.si\/page\/wp-content\/uploads\/2023\/09\/orleki-24x18.jpg 24w, https:\/\/novice.si\/page\/wp-content\/uploads\/2023\/09\/orleki-36x27.jpg 36w, https:\/\/novice.si\/page\/wp-content\/uploads\/2023\/09\/orleki-48x36.jpg 48w, https:\/\/novice.si\/page\/wp-content\/uploads\/2023\/09\/orleki.jpg 2048w\" sizes=\"auto, (max-width: 375px) 100vw, 375px\" \/>Na nocoj\u0161njem ve\u010deru folk glasbe bo nastopil <strong>Zoran Predin<\/strong> s svojo tri\u010dlansko spremljevalno zasedbo. Prejemnik Je\u017ekove nagrade iz leta 2018 se bo predstavil z novim programom, poklonil se bo tudi prijateljem in glasbenim velikanom <strong>Arsenu Dedi\u0107u<\/strong>, <strong>Goranu Bregovi\u0107u<\/strong>, <strong>Tomi Zdravkovi\u0107u<\/strong> in <strong>Oliverju Dragojevi\u0107u<\/strong>.<\/p>\n<p>Jutri bo na Grobelnem \u0161e ve\u010der rock glasbe, poimenovanim Grob&#8217;n&#8217;roll. Na odru dvorane doma krajanov na Grobelnem pri\u010dakujejo zasavsko zasedbo Orleki (na sliki), ki bo kmalu obele\u017eila 35 let delovanja. Pred njimi bo nastopila \u0161e skupina Barni band iz Roga\u0161ke Slatine, ki se je po nekaj letih premora znova zbrala.<\/p>\n<p>P\u0160<\/p>\n","protected":false},"excerpt":{"rendered":"<p>S festivalom Grobelnofest 2023 se danes in jutri zaklju\u010dujejo prireditve \u0160entjurskega poletja. Na nocoj\u0161njem ve\u010deru folk glasbe bo nastopil Zoran Predin s svojo tri\u010dlansko spremljevalno zasedbo. Prejemnik Je\u017ekove nagrade iz leta 2018 se bo predstavil z novim programom, poklonil se bo tudi prijateljem in glasbenim velikanom Arsenu Dedi\u0107u, Goranu Bregovi\u0107u, Tomi Zdravkovi\u0107u in Oliverju Dragojevi\u0107u. [&hellip;]<\/p>\n","protected":false},"author":33,"featured_media":167218,"comment_status":"closed","ping_status":"closed","sticky":false,"template":"","format":"standard","meta":{"footnotes":""},"categories":[57],"tags":[18698,9710,18695,18694,18697,15159,18696],"class_list":{"0":"post-167216","1":"post","2":"type-post","3":"status-publish","4":"format-standard","5":"has-post-thumbnail","7":"category-sentjursko","8":"tag-barni-band","9":"tag-grobelnofest","10":"tag-grobrnfolk","11":"tag-grobrnrol","12":"tag-orleki","13":"tag-sentjursko-poletje","14":"tag-zoran-predin"},"yoast_head":"<!-- This site is optimized with the Yoast SEO plugin v27.4 - https:\/\/yoast.com\/product\/yoast-seo-wordpress\/ -->\n<title>\u0160ENTJUR Folk in rock ve\u010dera za konec \u0160entjurskega poletja - Novice.si<\/title>\n<meta name=\"robots\" content=\"index, follow, max-snippet:-1, max-image-preview:large, max-video-preview:-1\" \/>\n<link rel=\"canonical\" href=\"https:\/\/novice.si\/page\/sentjur-folk-in-rock-vecera-za-konec-sentjurskega-poletja\/\" \/>\n<meta property=\"og:locale\" content=\"sl_SI\" \/>\n<meta property=\"og:type\" content=\"article\" \/>\n<meta property=\"og:title\" content=\"\u0160ENTJUR Folk in rock ve\u010dera za konec \u0160entjurskega poletja - Novice.si\" \/>\n<meta property=\"og:description\" content=\"S festivalom Grobelnofest 2023 se danes in jutri zaklju\u010dujejo prireditve \u0160entjurskega poletja. Na nocoj\u0161njem ve\u010deru folk glasbe bo nastopil Zoran Predin s svojo tri\u010dlansko spremljevalno zasedbo. Prejemnik Je\u017ekove nagrade iz leta 2018 se bo predstavil z novim programom, poklonil se bo tudi prijateljem in glasbenim velikanom Arsenu Dedi\u0107u, Goranu Bregovi\u0107u, Tomi Zdravkovi\u0107u in Oliverju Dragojevi\u0107u. [&hellip;]\" \/>\n<meta property=\"og:url\" content=\"https:\/\/novice.si\/page\/sentjur-folk-in-rock-vecera-za-konec-sentjurskega-poletja\/\" \/>\n<meta property=\"og:site_name\" content=\"Novice.si\" \/>\n<meta property=\"article:published_time\" content=\"2023-09-08T06:19:01+00:00\" \/>\n<meta property=\"og:image\" content=\"https:\/\/novice.si\/page\/wp-content\/uploads\/2023\/09\/zoran-predin.png\" \/>\n\t<meta property=\"og:image:width\" content=\"820\" \/>\n\t<meta property=\"og:image:height\" content=\"711\" \/>\n\t<meta property=\"og:image:type\" content=\"image\/png\" \/>\n<meta name=\"author\" content=\"Uredni\u0161tvo Celjana\" \/>\n<meta name=\"twitter:card\" content=\"summary_large_image\" \/>\n<meta name=\"twitter:label1\" content=\"Written by\" \/>\n\t<meta name=\"twitter:data1\" content=\"Uredni\u0161tvo Celjana\" \/>\n\t<meta name=\"twitter:label2\" content=\"Est. reading time\" \/>\n\t<meta name=\"twitter:data2\" content=\"1 minuta\" \/>\n<script type=\"application\/ld+json\" class=\"yoast-schema-graph\">{\"@context\":\"https:\\\/\\\/schema.org\",\"@graph\":[{\"@type\":\"Article\",\"@id\":\"https:\\\/\\\/novice.si\\\/page\\\/sentjur-folk-in-rock-vecera-za-konec-sentjurskega-poletja\\\/#article\",\"isPartOf\":{\"@id\":\"https:\\\/\\\/novice.si\\\/page\\\/sentjur-folk-in-rock-vecera-za-konec-sentjurskega-poletja\\\/\"},\"author\":{\"name\":\"Uredni\u0161tvo Celjana\",\"@id\":\"https:\\\/\\\/novice.si\\\/page\\\/#\\\/schema\\\/person\\\/57f25c9642a9541c7349c65d32032c3e\"},\"headline\":\"\u0160ENTJUR Folk in rock ve\u010dera za konec \u0160entjurskega poletja\",\"datePublished\":\"2023-09-08T06:19:01+00:00\",\"mainEntityOfPage\":{\"@id\":\"https:\\\/\\\/novice.si\\\/page\\\/sentjur-folk-in-rock-vecera-za-konec-sentjurskega-poletja\\\/\"},\"wordCount\":126,\"publisher\":{\"@id\":\"https:\\\/\\\/novice.si\\\/page\\\/#organization\"},\"image\":{\"@id\":\"https:\\\/\\\/novice.si\\\/page\\\/sentjur-folk-in-rock-vecera-za-konec-sentjurskega-poletja\\\/#primaryimage\"},\"thumbnailUrl\":\"https:\\\/\\\/novice.si\\\/page\\\/wp-content\\\/uploads\\\/2023\\\/09\\\/zoran-predin.png\",\"keywords\":[\"barni band\",\"Grobelnofest\",\"grobrnfolk\",\"grobrnrol\",\"orleki\",\"\u0161entjursko poletje\",\"zoran predin\"],\"articleSection\":[\"\u0160entjursko\"],\"inLanguage\":\"sl-SI\"},{\"@type\":\"WebPage\",\"@id\":\"https:\\\/\\\/novice.si\\\/page\\\/sentjur-folk-in-rock-vecera-za-konec-sentjurskega-poletja\\\/\",\"url\":\"https:\\\/\\\/novice.si\\\/page\\\/sentjur-folk-in-rock-vecera-za-konec-sentjurskega-poletja\\\/\",\"name\":\"\u0160ENTJUR Folk in rock ve\u010dera za konec \u0160entjurskega poletja - Novice.si\",\"isPartOf\":{\"@id\":\"https:\\\/\\\/novice.si\\\/page\\\/#website\"},\"primaryImageOfPage\":{\"@id\":\"https:\\\/\\\/novice.si\\\/page\\\/sentjur-folk-in-rock-vecera-za-konec-sentjurskega-poletja\\\/#primaryimage\"},\"image\":{\"@id\":\"https:\\\/\\\/novice.si\\\/page\\\/sentjur-folk-in-rock-vecera-za-konec-sentjurskega-poletja\\\/#primaryimage\"},\"thumbnailUrl\":\"https:\\\/\\\/novice.si\\\/page\\\/wp-content\\\/uploads\\\/2023\\\/09\\\/zoran-predin.png\",\"datePublished\":\"2023-09-08T06:19:01+00:00\",\"breadcrumb\":{\"@id\":\"https:\\\/\\\/novice.si\\\/page\\\/sentjur-folk-in-rock-vecera-za-konec-sentjurskega-poletja\\\/#breadcrumb\"},\"inLanguage\":\"sl-SI\",\"potentialAction\":[{\"@type\":\"ReadAction\",\"target\":[\"https:\\\/\\\/novice.si\\\/page\\\/sentjur-folk-in-rock-vecera-za-konec-sentjurskega-poletja\\\/\"]}]},{\"@type\":\"ImageObject\",\"inLanguage\":\"sl-SI\",\"@id\":\"https:\\\/\\\/novice.si\\\/page\\\/sentjur-folk-in-rock-vecera-za-konec-sentjurskega-poletja\\\/#primaryimage\",\"url\":\"https:\\\/\\\/novice.si\\\/page\\\/wp-content\\\/uploads\\\/2023\\\/09\\\/zoran-predin.png\",\"contentUrl\":\"https:\\\/\\\/novice.si\\\/page\\\/wp-content\\\/uploads\\\/2023\\\/09\\\/zoran-predin.png\",\"width\":820,\"height\":711},{\"@type\":\"BreadcrumbList\",\"@id\":\"https:\\\/\\\/novice.si\\\/page\\\/sentjur-folk-in-rock-vecera-za-konec-sentjurskega-poletja\\\/#breadcrumb\",\"itemListElement\":[{\"@type\":\"ListItem\",\"position\":1,\"name\":\"Home\",\"item\":\"https:\\\/\\\/novice.si\\\/page\\\/\"},{\"@type\":\"ListItem\",\"position\":2,\"name\":\"\u0160ENTJUR Folk in rock ve\u010dera za konec \u0160entjurskega poletja\"}]},{\"@type\":\"WebSite\",\"@id\":\"https:\\\/\\\/novice.si\\\/page\\\/#website\",\"url\":\"https:\\\/\\\/novice.si\\\/page\\\/\",\"name\":\"Novice.si\",\"description\":\"\",\"publisher\":{\"@id\":\"https:\\\/\\\/novice.si\\\/page\\\/#organization\"},\"potentialAction\":[{\"@type\":\"SearchAction\",\"target\":{\"@type\":\"EntryPoint\",\"urlTemplate\":\"https:\\\/\\\/novice.si\\\/page\\\/?s={search_term_string}\"},\"query-input\":{\"@type\":\"PropertyValueSpecification\",\"valueRequired\":true,\"valueName\":\"search_term_string\"}}],\"inLanguage\":\"sl-SI\"},{\"@type\":\"Organization\",\"@id\":\"https:\\\/\\\/novice.si\\\/page\\\/#organization\",\"name\":\"Novice.si\",\"url\":\"https:\\\/\\\/novice.si\\\/page\\\/\",\"logo\":{\"@type\":\"ImageObject\",\"inLanguage\":\"sl-SI\",\"@id\":\"https:\\\/\\\/novice.si\\\/page\\\/#\\\/schema\\\/logo\\\/image\\\/\",\"url\":\"https:\\\/\\\/novice.si\\\/page\\\/wp-content\\\/uploads\\\/2023\\\/03\\\/novice_si.png\",\"contentUrl\":\"https:\\\/\\\/novice.si\\\/page\\\/wp-content\\\/uploads\\\/2023\\\/03\\\/novice_si.png\",\"width\":576,\"height\":200,\"caption\":\"Novice.si\"},\"image\":{\"@id\":\"https:\\\/\\\/novice.si\\\/page\\\/#\\\/schema\\\/logo\\\/image\\\/\"}},{\"@type\":\"Person\",\"@id\":\"https:\\\/\\\/novice.si\\\/page\\\/#\\\/schema\\\/person\\\/57f25c9642a9541c7349c65d32032c3e\",\"name\":\"Uredni\u0161tvo Celjana\",\"image\":{\"@type\":\"ImageObject\",\"inLanguage\":\"sl-SI\",\"@id\":\"https:\\\/\\\/secure.gravatar.com\\\/avatar\\\/78e52bc4279b65f6df6345e0ef0f7b792d361361f230cf4ffecfe0afe6d5629c?s=96&d=mm&r=g\",\"url\":\"https:\\\/\\\/secure.gravatar.com\\\/avatar\\\/78e52bc4279b65f6df6345e0ef0f7b792d361361f230cf4ffecfe0afe6d5629c?s=96&d=mm&r=g\",\"contentUrl\":\"https:\\\/\\\/secure.gravatar.com\\\/avatar\\\/78e52bc4279b65f6df6345e0ef0f7b792d361361f230cf4ffecfe0afe6d5629c?s=96&d=mm&r=g\",\"caption\":\"Uredni\u0161tvo Celjana\"},\"url\":\"https:\\\/\\\/novice.si\\\/page\\\/author\\\/primoz\\\/\"}]}<\/script>\n<!-- \/ Yoast SEO plugin. -->","yoast_head_json":{"title":"\u0160ENTJUR Folk in rock ve\u010dera za konec \u0160entjurskega poletja - Novice.si","robots":{"index":"index","follow":"follow","max-snippet":"max-snippet:-1","max-image-preview":"max-image-preview:large","max-video-preview":"max-video-preview:-1"},"canonical":"https:\/\/novice.si\/page\/sentjur-folk-in-rock-vecera-za-konec-sentjurskega-poletja\/","og_locale":"sl_SI","og_type":"article","og_title":"\u0160ENTJUR Folk in rock ve\u010dera za konec \u0160entjurskega poletja - Novice.si","og_description":"S festivalom Grobelnofest 2023 se danes in jutri zaklju\u010dujejo prireditve \u0160entjurskega poletja. Na nocoj\u0161njem ve\u010deru folk glasbe bo nastopil Zoran Predin s svojo tri\u010dlansko spremljevalno zasedbo. Prejemnik Je\u017ekove nagrade iz leta 2018 se bo predstavil z novim programom, poklonil se bo tudi prijateljem in glasbenim velikanom Arsenu Dedi\u0107u, Goranu Bregovi\u0107u, Tomi Zdravkovi\u0107u in Oliverju Dragojevi\u0107u. [&hellip;]","og_url":"https:\/\/novice.si\/page\/sentjur-folk-in-rock-vecera-za-konec-sentjurskega-poletja\/","og_site_name":"Novice.si","article_published_time":"2023-09-08T06:19:01+00:00","og_image":[{"width":820,"height":711,"url":"https:\/\/novice.si\/page\/wp-content\/uploads\/2023\/09\/zoran-predin.png","type":"image\/png"}],"author":"Uredni\u0161tvo Celjana","twitter_card":"summary_large_image","twitter_misc":{"Written by":"Uredni\u0161tvo Celjana","Est. reading time":"1 minuta"},"schema":{"@context":"https:\/\/schema.org","@graph":[{"@type":"Article","@id":"https:\/\/novice.si\/page\/sentjur-folk-in-rock-vecera-za-konec-sentjurskega-poletja\/#article","isPartOf":{"@id":"https:\/\/novice.si\/page\/sentjur-folk-in-rock-vecera-za-konec-sentjurskega-poletja\/"},"author":{"name":"Uredni\u0161tvo Celjana","@id":"https:\/\/novice.si\/page\/#\/schema\/person\/57f25c9642a9541c7349c65d32032c3e"},"headline":"\u0160ENTJUR Folk in rock ve\u010dera za konec \u0160entjurskega poletja","datePublished":"2023-09-08T06:19:01+00:00","mainEntityOfPage":{"@id":"https:\/\/novice.si\/page\/sentjur-folk-in-rock-vecera-za-konec-sentjurskega-poletja\/"},"wordCount":126,"publisher":{"@id":"https:\/\/novice.si\/page\/#organization"},"image":{"@id":"https:\/\/novice.si\/page\/sentjur-folk-in-rock-vecera-za-konec-sentjurskega-poletja\/#primaryimage"},"thumbnailUrl":"https:\/\/novice.si\/page\/wp-content\/uploads\/2023\/09\/zoran-predin.png","keywords":["barni band","Grobelnofest","grobrnfolk","grobrnrol","orleki","\u0161entjursko poletje","zoran predin"],"articleSection":["\u0160entjursko"],"inLanguage":"sl-SI"},{"@type":"WebPage","@id":"https:\/\/novice.si\/page\/sentjur-folk-in-rock-vecera-za-konec-sentjurskega-poletja\/","url":"https:\/\/novice.si\/page\/sentjur-folk-in-rock-vecera-za-konec-sentjurskega-poletja\/","name":"\u0160ENTJUR Folk in rock ve\u010dera za konec \u0160entjurskega poletja - Novice.si","isPartOf":{"@id":"https:\/\/novice.si\/page\/#website"},"primaryImageOfPage":{"@id":"https:\/\/novice.si\/page\/sentjur-folk-in-rock-vecera-za-konec-sentjurskega-poletja\/#primaryimage"},"image":{"@id":"https:\/\/novice.si\/page\/sentjur-folk-in-rock-vecera-za-konec-sentjurskega-poletja\/#primaryimage"},"thumbnailUrl":"https:\/\/novice.si\/page\/wp-content\/uploads\/2023\/09\/zoran-predin.png","datePublished":"2023-09-08T06:19:01+00:00","breadcrumb":{"@id":"https:\/\/novice.si\/page\/sentjur-folk-in-rock-vecera-za-konec-sentjurskega-poletja\/#breadcrumb"},"inLanguage":"sl-SI","potentialAction":[{"@type":"ReadAction","target":["https:\/\/novice.si\/page\/sentjur-folk-in-rock-vecera-za-konec-sentjurskega-poletja\/"]}]},{"@type":"ImageObject","inLanguage":"sl-SI","@id":"https:\/\/novice.si\/page\/sentjur-folk-in-rock-vecera-za-konec-sentjurskega-poletja\/#primaryimage","url":"https:\/\/novice.si\/page\/wp-content\/uploads\/2023\/09\/zoran-predin.png","contentUrl":"https:\/\/novice.si\/page\/wp-content\/uploads\/2023\/09\/zoran-predin.png","width":820,"height":711},{"@type":"BreadcrumbList","@id":"https:\/\/novice.si\/page\/sentjur-folk-in-rock-vecera-za-konec-sentjurskega-poletja\/#breadcrumb","itemListElement":[{"@type":"ListItem","position":1,"name":"Home","item":"https:\/\/novice.si\/page\/"},{"@type":"ListItem","position":2,"name":"\u0160ENTJUR Folk in rock ve\u010dera za konec \u0160entjurskega poletja"}]},{"@type":"WebSite","@id":"https:\/\/novice.si\/page\/#website","url":"https:\/\/novice.si\/page\/","name":"Novice.si","description":"","publisher":{"@id":"https:\/\/novice.si\/page\/#organization"},"potentialAction":[{"@type":"SearchAction","target":{"@type":"EntryPoint","urlTemplate":"https:\/\/novice.si\/page\/?s={search_term_string}"},"query-input":{"@type":"PropertyValueSpecification","valueRequired":true,"valueName":"search_term_string"}}],"inLanguage":"sl-SI"},{"@type":"Organization","@id":"https:\/\/novice.si\/page\/#organization","name":"Novice.si","url":"https:\/\/novice.si\/page\/","logo":{"@type":"ImageObject","inLanguage":"sl-SI","@id":"https:\/\/novice.si\/page\/#\/schema\/logo\/image\/","url":"https:\/\/novice.si\/page\/wp-content\/uploads\/2023\/03\/novice_si.png","contentUrl":"https:\/\/novice.si\/page\/wp-content\/uploads\/2023\/03\/novice_si.png","width":576,"height":200,"caption":"Novice.si"},"image":{"@id":"https:\/\/novice.si\/page\/#\/schema\/logo\/image\/"}},{"@type":"Person","@id":"https:\/\/novice.si\/page\/#\/schema\/person\/57f25c9642a9541c7349c65d32032c3e","name":"Uredni\u0161tvo Celjana","image":{"@type":"ImageObject","inLanguage":"sl-SI","@id":"https:\/\/secure.gravatar.com\/avatar\/78e52bc4279b65f6df6345e0ef0f7b792d361361f230cf4ffecfe0afe6d5629c?s=96&d=mm&r=g","url":"https:\/\/secure.gravatar.com\/avatar\/78e52bc4279b65f6df6345e0ef0f7b792d361361f230cf4ffecfe0afe6d5629c?s=96&d=mm&r=g","contentUrl":"https:\/\/secure.gravatar.com\/avatar\/78e52bc4279b65f6df6345e0ef0f7b792d361361f230cf4ffecfe0afe6d5629c?s=96&d=mm&r=g","caption":"Uredni\u0161tvo Celjana"},"url":"https:\/\/novice.si\/page\/author\/primoz\/"}]}},"_links":{"self":[{"href":"https:\/\/novice.si\/page\/wp-json\/wp\/v2\/posts\/167216","targetHints":{"allow":["GET"]}}],"collection":[{"href":"https:\/\/novice.si\/page\/wp-json\/wp\/v2\/posts"}],"about":[{"href":"https:\/\/novice.si\/page\/wp-json\/wp\/v2\/types\/post"}],"author":[{"embeddable":true,"href":"https:\/\/novice.si\/page\/wp-json\/wp\/v2\/users\/33"}],"replies":[{"embeddable":true,"href":"https:\/\/novice.si\/page\/wp-json\/wp\/v2\/comments?post=167216"}],"version-history":[{"count":1,"href":"https:\/\/novice.si\/page\/wp-json\/wp\/v2\/posts\/167216\/revisions"}],"predecessor-version":[{"id":167219,"href":"https:\/\/novice.si\/page\/wp-json\/wp\/v2\/posts\/167216\/revisions\/167219"}],"wp:featuredmedia":[{"embeddable":true,"href":"https:\/\/novice.si\/page\/wp-json\/wp\/v2\/media\/167218"}],"wp:attachment":[{"href":"https:\/\/novice.si\/page\/wp-json\/wp\/v2\/media?parent=167216"}],"wp:term":[{"taxonomy":"category","embeddable":true,"href":"https:\/\/novice.si\/page\/wp-json\/wp\/v2\/categories?post=167216"},{"taxonomy":"post_tag","embeddable":true,"href":"https:\/\/novice.si\/page\/wp-json\/wp\/v2\/tags?post=167216"}],"curies":[{"name":"wp","href":"https:\/\/api.w.org\/{rel}","templated":true}]}}