{"id":167209,"date":"2023-09-07T17:17:03","date_gmt":"2023-09-07T15:17:03","guid":{"rendered":"https:\/\/novice.si\/page\/?p=167209"},"modified":"2023-09-07T17:17:03","modified_gmt":"2023-09-07T15:17:03","slug":"celje-zalec-42-letnik-umrl-nasilne-smrti","status":"publish","type":"post","link":"https:\/\/novice.si\/page\/celje-zalec-42-letnik-umrl-nasilne-smrti\/","title":{"rendered":"CELJE \u017dALEC 42-letnik umrl nasilne smrti"},"content":{"rendered":"<p>S celjske policijske uprave so sporo\u010dili, da je v torek okoli petih zjutraj v ve\u010dstanovanjski zgradbi na obmo\u010dju \u017dalca (po na\u0161ih podatkih naj bi \u0161lo za Trnavo) zaradi hudih po\u0161kodb umrl 42-letni mo\u0161ki.<\/p>\n<p>Re\u0161evalci so ga \u0161e posku\u0161ali o\u017eivljati, a je po\u0161kodbam podlegel.<\/p>\n<p>Policija v kriminalisti\u010dni preiskavi \u0161e zbira obvestila zaradi razjasnitve okoli\u0161\u010din nasilne smrti, ogled kraja sta opravila okro\u017eni dr\u017eavni to\u017eilec in preiskovalni sodnik.<\/p>\n<p>Ve\u010d naj bi bilo znanega v prihodnjih urah.<\/p>\n<p>P\u0160<\/p>\n","protected":false},"excerpt":{"rendered":"<p>S celjske policijske uprave so sporo\u010dili, da je v torek okoli petih zjutraj v ve\u010dstanovanjski zgradbi na obmo\u010dju \u017dalca (po na\u0161ih podatkih naj bi \u0161lo za Trnavo) zaradi hudih po\u0161kodb umrl 42-letni mo\u0161ki. Re\u0161evalci so ga \u0161e posku\u0161ali o\u017eivljati, a je po\u0161kodbam podlegel. Policija v kriminalisti\u010dni preiskavi \u0161e zbira obvestila zaradi razjasnitve okoli\u0161\u010din nasilne smrti, [&hellip;]<\/p>\n","protected":false},"author":33,"featured_media":152793,"comment_status":"closed","ping_status":"closed","sticky":false,"template":"","format":"standard","meta":{"footnotes":""},"categories":[14,17,29],"tags":[18691,4091,18690,18689],"class_list":{"0":"post-167209","1":"post","2":"type-post","3":"status-publish","4":"format-standard","5":"has-post-thumbnail","7":"category-aktualno","8":"category-celjsko","9":"category-kronika","10":"tag-42-letnik","11":"tag-kriminalisticna-preiskava","12":"tag-nasilna-smrt","13":"tag-trnava-pri-zalcu"},"yoast_head":"<!-- This site is optimized with the Yoast SEO plugin v27.4 - https:\/\/yoast.com\/product\/yoast-seo-wordpress\/ -->\n<title>CELJE \u017dALEC 42-letnik umrl nasilne smrti - Novice.si<\/title>\n<meta name=\"robots\" content=\"index, follow, max-snippet:-1, max-image-preview:large, max-video-preview:-1\" \/>\n<link rel=\"canonical\" href=\"https:\/\/novice.si\/page\/celje-zalec-42-letnik-umrl-nasilne-smrti\/\" \/>\n<meta property=\"og:locale\" content=\"sl_SI\" \/>\n<meta property=\"og:type\" content=\"article\" \/>\n<meta property=\"og:title\" content=\"CELJE \u017dALEC 42-letnik umrl nasilne smrti - Novice.si\" \/>\n<meta property=\"og:description\" content=\"S celjske policijske uprave so sporo\u010dili, da je v torek okoli petih zjutraj v ve\u010dstanovanjski zgradbi na obmo\u010dju \u017dalca (po na\u0161ih podatkih naj bi \u0161lo za Trnavo) zaradi hudih po\u0161kodb umrl 42-letni mo\u0161ki. Re\u0161evalci so ga \u0161e posku\u0161ali o\u017eivljati, a je po\u0161kodbam podlegel. Policija v kriminalisti\u010dni preiskavi \u0161e zbira obvestila zaradi razjasnitve okoli\u0161\u010din nasilne smrti, [&hellip;]\" \/>\n<meta property=\"og:url\" content=\"https:\/\/novice.si\/page\/celje-zalec-42-letnik-umrl-nasilne-smrti\/\" \/>\n<meta property=\"og:site_name\" content=\"Novice.si\" \/>\n<meta property=\"article:published_time\" content=\"2023-09-07T15:17:03+00:00\" \/>\n<meta property=\"og:image\" content=\"https:\/\/novice.si\/page\/wp-content\/uploads\/2022\/08\/policija-ponazoritvena-scaled.jpg\" \/>\n\t<meta property=\"og:image:width\" content=\"2560\" \/>\n\t<meta property=\"og:image:height\" content=\"1440\" \/>\n\t<meta property=\"og:image:type\" content=\"image\/jpeg\" \/>\n<meta name=\"author\" content=\"Uredni\u0161tvo Celjana\" \/>\n<meta name=\"twitter:card\" content=\"summary_large_image\" \/>\n<meta name=\"twitter:label1\" content=\"Written by\" \/>\n\t<meta name=\"twitter:data1\" content=\"Uredni\u0161tvo Celjana\" \/>\n\t<meta name=\"twitter:label2\" content=\"Est. reading time\" \/>\n\t<meta name=\"twitter:data2\" content=\"1 minuta\" \/>\n<script type=\"application\/ld+json\" class=\"yoast-schema-graph\">{\"@context\":\"https:\\\/\\\/schema.org\",\"@graph\":[{\"@type\":\"Article\",\"@id\":\"https:\\\/\\\/novice.si\\\/page\\\/celje-zalec-42-letnik-umrl-nasilne-smrti\\\/#article\",\"isPartOf\":{\"@id\":\"https:\\\/\\\/novice.si\\\/page\\\/celje-zalec-42-letnik-umrl-nasilne-smrti\\\/\"},\"author\":{\"name\":\"Uredni\u0161tvo Celjana\",\"@id\":\"https:\\\/\\\/novice.si\\\/page\\\/#\\\/schema\\\/person\\\/57f25c9642a9541c7349c65d32032c3e\"},\"headline\":\"CELJE \u017dALEC 42-letnik umrl nasilne smrti\",\"datePublished\":\"2023-09-07T15:17:03+00:00\",\"mainEntityOfPage\":{\"@id\":\"https:\\\/\\\/novice.si\\\/page\\\/celje-zalec-42-letnik-umrl-nasilne-smrti\\\/\"},\"wordCount\":95,\"publisher\":{\"@id\":\"https:\\\/\\\/novice.si\\\/page\\\/#organization\"},\"image\":{\"@id\":\"https:\\\/\\\/novice.si\\\/page\\\/celje-zalec-42-letnik-umrl-nasilne-smrti\\\/#primaryimage\"},\"thumbnailUrl\":\"https:\\\/\\\/novice.si\\\/page\\\/wp-content\\\/uploads\\\/2022\\\/08\\\/policija-ponazoritvena-scaled.jpg\",\"keywords\":[\"42-letnik\",\"kriminalisti\u010dna preiskava\",\"nasilna smrt\",\"Trnava pri \u017dalcu\"],\"articleSection\":[\"Aktualno\",\"Celjsko\",\"Kronika\"],\"inLanguage\":\"sl-SI\"},{\"@type\":\"WebPage\",\"@id\":\"https:\\\/\\\/novice.si\\\/page\\\/celje-zalec-42-letnik-umrl-nasilne-smrti\\\/\",\"url\":\"https:\\\/\\\/novice.si\\\/page\\\/celje-zalec-42-letnik-umrl-nasilne-smrti\\\/\",\"name\":\"CELJE \u017dALEC 42-letnik umrl nasilne smrti - Novice.si\",\"isPartOf\":{\"@id\":\"https:\\\/\\\/novice.si\\\/page\\\/#website\"},\"primaryImageOfPage\":{\"@id\":\"https:\\\/\\\/novice.si\\\/page\\\/celje-zalec-42-letnik-umrl-nasilne-smrti\\\/#primaryimage\"},\"image\":{\"@id\":\"https:\\\/\\\/novice.si\\\/page\\\/celje-zalec-42-letnik-umrl-nasilne-smrti\\\/#primaryimage\"},\"thumbnailUrl\":\"https:\\\/\\\/novice.si\\\/page\\\/wp-content\\\/uploads\\\/2022\\\/08\\\/policija-ponazoritvena-scaled.jpg\",\"datePublished\":\"2023-09-07T15:17:03+00:00\",\"breadcrumb\":{\"@id\":\"https:\\\/\\\/novice.si\\\/page\\\/celje-zalec-42-letnik-umrl-nasilne-smrti\\\/#breadcrumb\"},\"inLanguage\":\"sl-SI\",\"potentialAction\":[{\"@type\":\"ReadAction\",\"target\":[\"https:\\\/\\\/novice.si\\\/page\\\/celje-zalec-42-letnik-umrl-nasilne-smrti\\\/\"]}]},{\"@type\":\"ImageObject\",\"inLanguage\":\"sl-SI\",\"@id\":\"https:\\\/\\\/novice.si\\\/page\\\/celje-zalec-42-letnik-umrl-nasilne-smrti\\\/#primaryimage\",\"url\":\"https:\\\/\\\/novice.si\\\/page\\\/wp-content\\\/uploads\\\/2022\\\/08\\\/policija-ponazoritvena-scaled.jpg\",\"contentUrl\":\"https:\\\/\\\/novice.si\\\/page\\\/wp-content\\\/uploads\\\/2022\\\/08\\\/policija-ponazoritvena-scaled.jpg\",\"width\":2560,\"height\":1440},{\"@type\":\"BreadcrumbList\",\"@id\":\"https:\\\/\\\/novice.si\\\/page\\\/celje-zalec-42-letnik-umrl-nasilne-smrti\\\/#breadcrumb\",\"itemListElement\":[{\"@type\":\"ListItem\",\"position\":1,\"name\":\"Home\",\"item\":\"https:\\\/\\\/novice.si\\\/page\\\/\"},{\"@type\":\"ListItem\",\"position\":2,\"name\":\"CELJE \u017dALEC 42-letnik umrl nasilne smrti\"}]},{\"@type\":\"WebSite\",\"@id\":\"https:\\\/\\\/novice.si\\\/page\\\/#website\",\"url\":\"https:\\\/\\\/novice.si\\\/page\\\/\",\"name\":\"Novice.si\",\"description\":\"\",\"publisher\":{\"@id\":\"https:\\\/\\\/novice.si\\\/page\\\/#organization\"},\"potentialAction\":[{\"@type\":\"SearchAction\",\"target\":{\"@type\":\"EntryPoint\",\"urlTemplate\":\"https:\\\/\\\/novice.si\\\/page\\\/?s={search_term_string}\"},\"query-input\":{\"@type\":\"PropertyValueSpecification\",\"valueRequired\":true,\"valueName\":\"search_term_string\"}}],\"inLanguage\":\"sl-SI\"},{\"@type\":\"Organization\",\"@id\":\"https:\\\/\\\/novice.si\\\/page\\\/#organization\",\"name\":\"Novice.si\",\"url\":\"https:\\\/\\\/novice.si\\\/page\\\/\",\"logo\":{\"@type\":\"ImageObject\",\"inLanguage\":\"sl-SI\",\"@id\":\"https:\\\/\\\/novice.si\\\/page\\\/#\\\/schema\\\/logo\\\/image\\\/\",\"url\":\"https:\\\/\\\/novice.si\\\/page\\\/wp-content\\\/uploads\\\/2023\\\/03\\\/novice_si.png\",\"contentUrl\":\"https:\\\/\\\/novice.si\\\/page\\\/wp-content\\\/uploads\\\/2023\\\/03\\\/novice_si.png\",\"width\":576,\"height\":200,\"caption\":\"Novice.si\"},\"image\":{\"@id\":\"https:\\\/\\\/novice.si\\\/page\\\/#\\\/schema\\\/logo\\\/image\\\/\"}},{\"@type\":\"Person\",\"@id\":\"https:\\\/\\\/novice.si\\\/page\\\/#\\\/schema\\\/person\\\/57f25c9642a9541c7349c65d32032c3e\",\"name\":\"Uredni\u0161tvo Celjana\",\"image\":{\"@type\":\"ImageObject\",\"inLanguage\":\"sl-SI\",\"@id\":\"https:\\\/\\\/secure.gravatar.com\\\/avatar\\\/78e52bc4279b65f6df6345e0ef0f7b792d361361f230cf4ffecfe0afe6d5629c?s=96&d=mm&r=g\",\"url\":\"https:\\\/\\\/secure.gravatar.com\\\/avatar\\\/78e52bc4279b65f6df6345e0ef0f7b792d361361f230cf4ffecfe0afe6d5629c?s=96&d=mm&r=g\",\"contentUrl\":\"https:\\\/\\\/secure.gravatar.com\\\/avatar\\\/78e52bc4279b65f6df6345e0ef0f7b792d361361f230cf4ffecfe0afe6d5629c?s=96&d=mm&r=g\",\"caption\":\"Uredni\u0161tvo Celjana\"},\"url\":\"https:\\\/\\\/novice.si\\\/page\\\/author\\\/primoz\\\/\"}]}<\/script>\n<!-- \/ Yoast SEO plugin. -->","yoast_head_json":{"title":"CELJE \u017dALEC 42-letnik umrl nasilne smrti - Novice.si","robots":{"index":"index","follow":"follow","max-snippet":"max-snippet:-1","max-image-preview":"max-image-preview:large","max-video-preview":"max-video-preview:-1"},"canonical":"https:\/\/novice.si\/page\/celje-zalec-42-letnik-umrl-nasilne-smrti\/","og_locale":"sl_SI","og_type":"article","og_title":"CELJE \u017dALEC 42-letnik umrl nasilne smrti - Novice.si","og_description":"S celjske policijske uprave so sporo\u010dili, da je v torek okoli petih zjutraj v ve\u010dstanovanjski zgradbi na obmo\u010dju \u017dalca (po na\u0161ih podatkih naj bi \u0161lo za Trnavo) zaradi hudih po\u0161kodb umrl 42-letni mo\u0161ki. Re\u0161evalci so ga \u0161e posku\u0161ali o\u017eivljati, a je po\u0161kodbam podlegel. Policija v kriminalisti\u010dni preiskavi \u0161e zbira obvestila zaradi razjasnitve okoli\u0161\u010din nasilne smrti, [&hellip;]","og_url":"https:\/\/novice.si\/page\/celje-zalec-42-letnik-umrl-nasilne-smrti\/","og_site_name":"Novice.si","article_published_time":"2023-09-07T15:17:03+00:00","og_image":[{"width":2560,"height":1440,"url":"https:\/\/novice.si\/page\/wp-content\/uploads\/2022\/08\/policija-ponazoritvena-scaled.jpg","type":"image\/jpeg"}],"author":"Uredni\u0161tvo Celjana","twitter_card":"summary_large_image","twitter_misc":{"Written by":"Uredni\u0161tvo Celjana","Est. reading time":"1 minuta"},"schema":{"@context":"https:\/\/schema.org","@graph":[{"@type":"Article","@id":"https:\/\/novice.si\/page\/celje-zalec-42-letnik-umrl-nasilne-smrti\/#article","isPartOf":{"@id":"https:\/\/novice.si\/page\/celje-zalec-42-letnik-umrl-nasilne-smrti\/"},"author":{"name":"Uredni\u0161tvo Celjana","@id":"https:\/\/novice.si\/page\/#\/schema\/person\/57f25c9642a9541c7349c65d32032c3e"},"headline":"CELJE \u017dALEC 42-letnik umrl nasilne smrti","datePublished":"2023-09-07T15:17:03+00:00","mainEntityOfPage":{"@id":"https:\/\/novice.si\/page\/celje-zalec-42-letnik-umrl-nasilne-smrti\/"},"wordCount":95,"publisher":{"@id":"https:\/\/novice.si\/page\/#organization"},"image":{"@id":"https:\/\/novice.si\/page\/celje-zalec-42-letnik-umrl-nasilne-smrti\/#primaryimage"},"thumbnailUrl":"https:\/\/novice.si\/page\/wp-content\/uploads\/2022\/08\/policija-ponazoritvena-scaled.jpg","keywords":["42-letnik","kriminalisti\u010dna preiskava","nasilna smrt","Trnava pri \u017dalcu"],"articleSection":["Aktualno","Celjsko","Kronika"],"inLanguage":"sl-SI"},{"@type":"WebPage","@id":"https:\/\/novice.si\/page\/celje-zalec-42-letnik-umrl-nasilne-smrti\/","url":"https:\/\/novice.si\/page\/celje-zalec-42-letnik-umrl-nasilne-smrti\/","name":"CELJE \u017dALEC 42-letnik umrl nasilne smrti - Novice.si","isPartOf":{"@id":"https:\/\/novice.si\/page\/#website"},"primaryImageOfPage":{"@id":"https:\/\/novice.si\/page\/celje-zalec-42-letnik-umrl-nasilne-smrti\/#primaryimage"},"image":{"@id":"https:\/\/novice.si\/page\/celje-zalec-42-letnik-umrl-nasilne-smrti\/#primaryimage"},"thumbnailUrl":"https:\/\/novice.si\/page\/wp-content\/uploads\/2022\/08\/policija-ponazoritvena-scaled.jpg","datePublished":"2023-09-07T15:17:03+00:00","breadcrumb":{"@id":"https:\/\/novice.si\/page\/celje-zalec-42-letnik-umrl-nasilne-smrti\/#breadcrumb"},"inLanguage":"sl-SI","potentialAction":[{"@type":"ReadAction","target":["https:\/\/novice.si\/page\/celje-zalec-42-letnik-umrl-nasilne-smrti\/"]}]},{"@type":"ImageObject","inLanguage":"sl-SI","@id":"https:\/\/novice.si\/page\/celje-zalec-42-letnik-umrl-nasilne-smrti\/#primaryimage","url":"https:\/\/novice.si\/page\/wp-content\/uploads\/2022\/08\/policija-ponazoritvena-scaled.jpg","contentUrl":"https:\/\/novice.si\/page\/wp-content\/uploads\/2022\/08\/policija-ponazoritvena-scaled.jpg","width":2560,"height":1440},{"@type":"BreadcrumbList","@id":"https:\/\/novice.si\/page\/celje-zalec-42-letnik-umrl-nasilne-smrti\/#breadcrumb","itemListElement":[{"@type":"ListItem","position":1,"name":"Home","item":"https:\/\/novice.si\/page\/"},{"@type":"ListItem","position":2,"name":"CELJE \u017dALEC 42-letnik umrl nasilne smrti"}]},{"@type":"WebSite","@id":"https:\/\/novice.si\/page\/#website","url":"https:\/\/novice.si\/page\/","name":"Novice.si","description":"","publisher":{"@id":"https:\/\/novice.si\/page\/#organization"},"potentialAction":[{"@type":"SearchAction","target":{"@type":"EntryPoint","urlTemplate":"https:\/\/novice.si\/page\/?s={search_term_string}"},"query-input":{"@type":"PropertyValueSpecification","valueRequired":true,"valueName":"search_term_string"}}],"inLanguage":"sl-SI"},{"@type":"Organization","@id":"https:\/\/novice.si\/page\/#organization","name":"Novice.si","url":"https:\/\/novice.si\/page\/","logo":{"@type":"ImageObject","inLanguage":"sl-SI","@id":"https:\/\/novice.si\/page\/#\/schema\/logo\/image\/","url":"https:\/\/novice.si\/page\/wp-content\/uploads\/2023\/03\/novice_si.png","contentUrl":"https:\/\/novice.si\/page\/wp-content\/uploads\/2023\/03\/novice_si.png","width":576,"height":200,"caption":"Novice.si"},"image":{"@id":"https:\/\/novice.si\/page\/#\/schema\/logo\/image\/"}},{"@type":"Person","@id":"https:\/\/novice.si\/page\/#\/schema\/person\/57f25c9642a9541c7349c65d32032c3e","name":"Uredni\u0161tvo Celjana","image":{"@type":"ImageObject","inLanguage":"sl-SI","@id":"https:\/\/secure.gravatar.com\/avatar\/78e52bc4279b65f6df6345e0ef0f7b792d361361f230cf4ffecfe0afe6d5629c?s=96&d=mm&r=g","url":"https:\/\/secure.gravatar.com\/avatar\/78e52bc4279b65f6df6345e0ef0f7b792d361361f230cf4ffecfe0afe6d5629c?s=96&d=mm&r=g","contentUrl":"https:\/\/secure.gravatar.com\/avatar\/78e52bc4279b65f6df6345e0ef0f7b792d361361f230cf4ffecfe0afe6d5629c?s=96&d=mm&r=g","caption":"Uredni\u0161tvo Celjana"},"url":"https:\/\/novice.si\/page\/author\/primoz\/"}]}},"_links":{"self":[{"href":"https:\/\/novice.si\/page\/wp-json\/wp\/v2\/posts\/167209","targetHints":{"allow":["GET"]}}],"collection":[{"href":"https:\/\/novice.si\/page\/wp-json\/wp\/v2\/posts"}],"about":[{"href":"https:\/\/novice.si\/page\/wp-json\/wp\/v2\/types\/post"}],"author":[{"embeddable":true,"href":"https:\/\/novice.si\/page\/wp-json\/wp\/v2\/users\/33"}],"replies":[{"embeddable":true,"href":"https:\/\/novice.si\/page\/wp-json\/wp\/v2\/comments?post=167209"}],"version-history":[{"count":2,"href":"https:\/\/novice.si\/page\/wp-json\/wp\/v2\/posts\/167209\/revisions"}],"predecessor-version":[{"id":167211,"href":"https:\/\/novice.si\/page\/wp-json\/wp\/v2\/posts\/167209\/revisions\/167211"}],"wp:featuredmedia":[{"embeddable":true,"href":"https:\/\/novice.si\/page\/wp-json\/wp\/v2\/media\/152793"}],"wp:attachment":[{"href":"https:\/\/novice.si\/page\/wp-json\/wp\/v2\/media?parent=167209"}],"wp:term":[{"taxonomy":"category","embeddable":true,"href":"https:\/\/novice.si\/page\/wp-json\/wp\/v2\/categories?post=167209"},{"taxonomy":"post_tag","embeddable":true,"href":"https:\/\/novice.si\/page\/wp-json\/wp\/v2\/tags?post=167209"}],"curies":[{"name":"wp","href":"https:\/\/api.w.org\/{rel}","templated":true}]}}