{"id":167206,"date":"2023-09-06T15:00:33","date_gmt":"2023-09-06T13:00:33","guid":{"rendered":"https:\/\/novice.si\/page\/?p=167206"},"modified":"2023-09-06T15:00:33","modified_gmt":"2023-09-06T13:00:33","slug":"celje-celebus-zdaj-uvedel-se-zahodno-linijo","status":"publish","type":"post","link":"https:\/\/novice.si\/page\/celje-celebus-zdaj-uvedel-se-zahodno-linijo\/","title":{"rendered":"CELJE Celebus zdaj uvedel \u0161e zahodno linijo"},"content":{"rendered":"<p>S ponedeljkom bo celjski mestni avtobusni prevoz Celebus bogatej\u0161i za novo, sedmo linijo (na sliki).<\/p>\n<p><img loading=\"lazy\" decoding=\"async\" class=\"wp-image-167207 alignleft\" src=\"https:\/\/novice.si\/page\/wp-content\/uploads\/2023\/09\/Celebus-Babno-Medlog_linija-7-600x383.png\" alt=\"\" width=\"429\" height=\"274\" srcset=\"https:\/\/novice.si\/page\/wp-content\/uploads\/2023\/09\/Celebus-Babno-Medlog_linija-7-600x383.png 600w, https:\/\/novice.si\/page\/wp-content\/uploads\/2023\/09\/Celebus-Babno-Medlog_linija-7-1024x654.png 1024w, https:\/\/novice.si\/page\/wp-content\/uploads\/2023\/09\/Celebus-Babno-Medlog_linija-7-768x491.png 768w, https:\/\/novice.si\/page\/wp-content\/uploads\/2023\/09\/Celebus-Babno-Medlog_linija-7-696x445.png 696w, https:\/\/novice.si\/page\/wp-content\/uploads\/2023\/09\/Celebus-Babno-Medlog_linija-7-1068x682.png 1068w, https:\/\/novice.si\/page\/wp-content\/uploads\/2023\/09\/Celebus-Babno-Medlog_linija-7-658x420.png 658w, https:\/\/novice.si\/page\/wp-content\/uploads\/2023\/09\/Celebus-Babno-Medlog_linija-7-24x15.png 24w, https:\/\/novice.si\/page\/wp-content\/uploads\/2023\/09\/Celebus-Babno-Medlog_linija-7-36x23.png 36w, https:\/\/novice.si\/page\/wp-content\/uploads\/2023\/09\/Celebus-Babno-Medlog_linija-7-48x31.png 48w, https:\/\/novice.si\/page\/wp-content\/uploads\/2023\/09\/Celebus-Babno-Medlog_linija-7.png 1254w\" sizes=\"auto, (max-width: 429px) 100vw, 429px\" \/>Ta bo pokrivala zahodni del mesta vklju\u010dno z naselji Medlog, Babno, del Lopate in Plavo laguno.<\/p>\n<p>Uvedli so jo na pobudo \u0161tevilnih ob\u010danov, s tem pa se bodo nekoliko spremenile linije do pokopali\u0161\u010da in Starega gradu, proti Skalni kleti ter Polulam in Zagradu.<\/p>\n<p>Medtem so celjski upokojenci neformalno \u017ee podali novi predlog, po katerem bi Celebus vozil tudi na pokopali\u0161\u010de, ne le pod njim, kot doslej.<\/p>\n<p>P\u0160<\/p>\n","protected":false},"excerpt":{"rendered":"<p>S ponedeljkom bo celjski mestni avtobusni prevoz Celebus bogatej\u0161i za novo, sedmo linijo (na sliki). Ta bo pokrivala zahodni del mesta vklju\u010dno z naselji Medlog, Babno, del Lopate in Plavo laguno. Uvedli so jo na pobudo \u0161tevilnih ob\u010danov, s tem pa se bodo nekoliko spremenile linije do pokopali\u0161\u010da in Starega gradu, proti Skalni kleti ter [&hellip;]<\/p>\n","protected":false},"author":33,"featured_media":156396,"comment_status":"closed","ping_status":"closed","sticky":false,"template":"","format":"standard","meta":{"footnotes":""},"categories":[17],"tags":[18187,5328,18685,4949,18687,18686,7781,18688,10860],"class_list":{"0":"post-167206","1":"post","2":"type-post","3":"status-publish","4":"format-standard","5":"has-post-thumbnail","7":"category-celjsko","8":"tag-babno","9":"tag-celebus","10":"tag-linija-7","11":"tag-medlog","12":"tag-mestni-prevoz","13":"tag-nova-linija","14":"tag-plava-laguna","15":"tag-pobuda-upokojencev","16":"tag-pokopalisce"},"yoast_head":"<!-- This site is optimized with the Yoast SEO plugin v27.4 - https:\/\/yoast.com\/product\/yoast-seo-wordpress\/ -->\n<title>CELJE Celebus zdaj uvedel \u0161e zahodno linijo - Novice.si<\/title>\n<meta name=\"robots\" content=\"index, follow, max-snippet:-1, max-image-preview:large, max-video-preview:-1\" \/>\n<link rel=\"canonical\" href=\"https:\/\/novice.si\/page\/celje-celebus-zdaj-uvedel-se-zahodno-linijo\/\" \/>\n<meta property=\"og:locale\" content=\"sl_SI\" \/>\n<meta property=\"og:type\" content=\"article\" \/>\n<meta property=\"og:title\" content=\"CELJE Celebus zdaj uvedel \u0161e zahodno linijo - Novice.si\" \/>\n<meta property=\"og:description\" content=\"S ponedeljkom bo celjski mestni avtobusni prevoz Celebus bogatej\u0161i za novo, sedmo linijo (na sliki). Ta bo pokrivala zahodni del mesta vklju\u010dno z naselji Medlog, Babno, del Lopate in Plavo laguno. Uvedli so jo na pobudo \u0161tevilnih ob\u010danov, s tem pa se bodo nekoliko spremenile linije do pokopali\u0161\u010da in Starega gradu, proti Skalni kleti ter [&hellip;]\" \/>\n<meta property=\"og:url\" content=\"https:\/\/novice.si\/page\/celje-celebus-zdaj-uvedel-se-zahodno-linijo\/\" \/>\n<meta property=\"og:site_name\" content=\"Novice.si\" \/>\n<meta property=\"article:published_time\" content=\"2023-09-06T13:00:33+00:00\" \/>\n<meta property=\"og:image\" content=\"https:\/\/novice.si\/page\/wp-content\/uploads\/2022\/11\/Cz-celebus-scaled.jpg\" \/>\n\t<meta property=\"og:image:width\" content=\"2560\" \/>\n\t<meta property=\"og:image:height\" content=\"1706\" \/>\n\t<meta property=\"og:image:type\" content=\"image\/jpeg\" \/>\n<meta name=\"author\" content=\"Uredni\u0161tvo Celjana\" \/>\n<meta name=\"twitter:card\" content=\"summary_large_image\" \/>\n<meta name=\"twitter:label1\" content=\"Written by\" \/>\n\t<meta name=\"twitter:data1\" content=\"Uredni\u0161tvo Celjana\" \/>\n\t<meta name=\"twitter:label2\" content=\"Est. reading time\" \/>\n\t<meta name=\"twitter:data2\" content=\"1 minuta\" \/>\n<script type=\"application\/ld+json\" class=\"yoast-schema-graph\">{\"@context\":\"https:\\\/\\\/schema.org\",\"@graph\":[{\"@type\":\"Article\",\"@id\":\"https:\\\/\\\/novice.si\\\/page\\\/celje-celebus-zdaj-uvedel-se-zahodno-linijo\\\/#article\",\"isPartOf\":{\"@id\":\"https:\\\/\\\/novice.si\\\/page\\\/celje-celebus-zdaj-uvedel-se-zahodno-linijo\\\/\"},\"author\":{\"name\":\"Uredni\u0161tvo Celjana\",\"@id\":\"https:\\\/\\\/novice.si\\\/page\\\/#\\\/schema\\\/person\\\/57f25c9642a9541c7349c65d32032c3e\"},\"headline\":\"CELJE Celebus zdaj uvedel \u0161e zahodno linijo\",\"datePublished\":\"2023-09-06T13:00:33+00:00\",\"mainEntityOfPage\":{\"@id\":\"https:\\\/\\\/novice.si\\\/page\\\/celje-celebus-zdaj-uvedel-se-zahodno-linijo\\\/\"},\"wordCount\":94,\"publisher\":{\"@id\":\"https:\\\/\\\/novice.si\\\/page\\\/#organization\"},\"image\":{\"@id\":\"https:\\\/\\\/novice.si\\\/page\\\/celje-celebus-zdaj-uvedel-se-zahodno-linijo\\\/#primaryimage\"},\"thumbnailUrl\":\"https:\\\/\\\/novice.si\\\/page\\\/wp-content\\\/uploads\\\/2022\\\/11\\\/Cz-celebus-scaled.jpg\",\"keywords\":[\"Babno\",\"Celebus\",\"linija 7\",\"medlog\",\"mestni prevoz\",\"nova linija\",\"plava laguna\",\"pobuda upokojencev\",\"pokopali\u0161\u010de\"],\"articleSection\":[\"Celjsko\"],\"inLanguage\":\"sl-SI\"},{\"@type\":\"WebPage\",\"@id\":\"https:\\\/\\\/novice.si\\\/page\\\/celje-celebus-zdaj-uvedel-se-zahodno-linijo\\\/\",\"url\":\"https:\\\/\\\/novice.si\\\/page\\\/celje-celebus-zdaj-uvedel-se-zahodno-linijo\\\/\",\"name\":\"CELJE Celebus zdaj uvedel \u0161e zahodno linijo - Novice.si\",\"isPartOf\":{\"@id\":\"https:\\\/\\\/novice.si\\\/page\\\/#website\"},\"primaryImageOfPage\":{\"@id\":\"https:\\\/\\\/novice.si\\\/page\\\/celje-celebus-zdaj-uvedel-se-zahodno-linijo\\\/#primaryimage\"},\"image\":{\"@id\":\"https:\\\/\\\/novice.si\\\/page\\\/celje-celebus-zdaj-uvedel-se-zahodno-linijo\\\/#primaryimage\"},\"thumbnailUrl\":\"https:\\\/\\\/novice.si\\\/page\\\/wp-content\\\/uploads\\\/2022\\\/11\\\/Cz-celebus-scaled.jpg\",\"datePublished\":\"2023-09-06T13:00:33+00:00\",\"breadcrumb\":{\"@id\":\"https:\\\/\\\/novice.si\\\/page\\\/celje-celebus-zdaj-uvedel-se-zahodno-linijo\\\/#breadcrumb\"},\"inLanguage\":\"sl-SI\",\"potentialAction\":[{\"@type\":\"ReadAction\",\"target\":[\"https:\\\/\\\/novice.si\\\/page\\\/celje-celebus-zdaj-uvedel-se-zahodno-linijo\\\/\"]}]},{\"@type\":\"ImageObject\",\"inLanguage\":\"sl-SI\",\"@id\":\"https:\\\/\\\/novice.si\\\/page\\\/celje-celebus-zdaj-uvedel-se-zahodno-linijo\\\/#primaryimage\",\"url\":\"https:\\\/\\\/novice.si\\\/page\\\/wp-content\\\/uploads\\\/2022\\\/11\\\/Cz-celebus-scaled.jpg\",\"contentUrl\":\"https:\\\/\\\/novice.si\\\/page\\\/wp-content\\\/uploads\\\/2022\\\/11\\\/Cz-celebus-scaled.jpg\",\"width\":2560,\"height\":1706},{\"@type\":\"BreadcrumbList\",\"@id\":\"https:\\\/\\\/novice.si\\\/page\\\/celje-celebus-zdaj-uvedel-se-zahodno-linijo\\\/#breadcrumb\",\"itemListElement\":[{\"@type\":\"ListItem\",\"position\":1,\"name\":\"Home\",\"item\":\"https:\\\/\\\/novice.si\\\/page\\\/\"},{\"@type\":\"ListItem\",\"position\":2,\"name\":\"CELJE Celebus zdaj uvedel \u0161e zahodno linijo\"}]},{\"@type\":\"WebSite\",\"@id\":\"https:\\\/\\\/novice.si\\\/page\\\/#website\",\"url\":\"https:\\\/\\\/novice.si\\\/page\\\/\",\"name\":\"Novice.si\",\"description\":\"\",\"publisher\":{\"@id\":\"https:\\\/\\\/novice.si\\\/page\\\/#organization\"},\"potentialAction\":[{\"@type\":\"SearchAction\",\"target\":{\"@type\":\"EntryPoint\",\"urlTemplate\":\"https:\\\/\\\/novice.si\\\/page\\\/?s={search_term_string}\"},\"query-input\":{\"@type\":\"PropertyValueSpecification\",\"valueRequired\":true,\"valueName\":\"search_term_string\"}}],\"inLanguage\":\"sl-SI\"},{\"@type\":\"Organization\",\"@id\":\"https:\\\/\\\/novice.si\\\/page\\\/#organization\",\"name\":\"Novice.si\",\"url\":\"https:\\\/\\\/novice.si\\\/page\\\/\",\"logo\":{\"@type\":\"ImageObject\",\"inLanguage\":\"sl-SI\",\"@id\":\"https:\\\/\\\/novice.si\\\/page\\\/#\\\/schema\\\/logo\\\/image\\\/\",\"url\":\"https:\\\/\\\/novice.si\\\/page\\\/wp-content\\\/uploads\\\/2023\\\/03\\\/novice_si.png\",\"contentUrl\":\"https:\\\/\\\/novice.si\\\/page\\\/wp-content\\\/uploads\\\/2023\\\/03\\\/novice_si.png\",\"width\":576,\"height\":200,\"caption\":\"Novice.si\"},\"image\":{\"@id\":\"https:\\\/\\\/novice.si\\\/page\\\/#\\\/schema\\\/logo\\\/image\\\/\"}},{\"@type\":\"Person\",\"@id\":\"https:\\\/\\\/novice.si\\\/page\\\/#\\\/schema\\\/person\\\/57f25c9642a9541c7349c65d32032c3e\",\"name\":\"Uredni\u0161tvo Celjana\",\"image\":{\"@type\":\"ImageObject\",\"inLanguage\":\"sl-SI\",\"@id\":\"https:\\\/\\\/secure.gravatar.com\\\/avatar\\\/78e52bc4279b65f6df6345e0ef0f7b792d361361f230cf4ffecfe0afe6d5629c?s=96&d=mm&r=g\",\"url\":\"https:\\\/\\\/secure.gravatar.com\\\/avatar\\\/78e52bc4279b65f6df6345e0ef0f7b792d361361f230cf4ffecfe0afe6d5629c?s=96&d=mm&r=g\",\"contentUrl\":\"https:\\\/\\\/secure.gravatar.com\\\/avatar\\\/78e52bc4279b65f6df6345e0ef0f7b792d361361f230cf4ffecfe0afe6d5629c?s=96&d=mm&r=g\",\"caption\":\"Uredni\u0161tvo Celjana\"},\"url\":\"https:\\\/\\\/novice.si\\\/page\\\/author\\\/primoz\\\/\"}]}<\/script>\n<!-- \/ Yoast SEO plugin. -->","yoast_head_json":{"title":"CELJE Celebus zdaj uvedel \u0161e zahodno linijo - Novice.si","robots":{"index":"index","follow":"follow","max-snippet":"max-snippet:-1","max-image-preview":"max-image-preview:large","max-video-preview":"max-video-preview:-1"},"canonical":"https:\/\/novice.si\/page\/celje-celebus-zdaj-uvedel-se-zahodno-linijo\/","og_locale":"sl_SI","og_type":"article","og_title":"CELJE Celebus zdaj uvedel \u0161e zahodno linijo - Novice.si","og_description":"S ponedeljkom bo celjski mestni avtobusni prevoz Celebus bogatej\u0161i za novo, sedmo linijo (na sliki). Ta bo pokrivala zahodni del mesta vklju\u010dno z naselji Medlog, Babno, del Lopate in Plavo laguno. Uvedli so jo na pobudo \u0161tevilnih ob\u010danov, s tem pa se bodo nekoliko spremenile linije do pokopali\u0161\u010da in Starega gradu, proti Skalni kleti ter [&hellip;]","og_url":"https:\/\/novice.si\/page\/celje-celebus-zdaj-uvedel-se-zahodno-linijo\/","og_site_name":"Novice.si","article_published_time":"2023-09-06T13:00:33+00:00","og_image":[{"width":2560,"height":1706,"url":"https:\/\/novice.si\/page\/wp-content\/uploads\/2022\/11\/Cz-celebus-scaled.jpg","type":"image\/jpeg"}],"author":"Uredni\u0161tvo Celjana","twitter_card":"summary_large_image","twitter_misc":{"Written by":"Uredni\u0161tvo Celjana","Est. reading time":"1 minuta"},"schema":{"@context":"https:\/\/schema.org","@graph":[{"@type":"Article","@id":"https:\/\/novice.si\/page\/celje-celebus-zdaj-uvedel-se-zahodno-linijo\/#article","isPartOf":{"@id":"https:\/\/novice.si\/page\/celje-celebus-zdaj-uvedel-se-zahodno-linijo\/"},"author":{"name":"Uredni\u0161tvo Celjana","@id":"https:\/\/novice.si\/page\/#\/schema\/person\/57f25c9642a9541c7349c65d32032c3e"},"headline":"CELJE Celebus zdaj uvedel \u0161e zahodno linijo","datePublished":"2023-09-06T13:00:33+00:00","mainEntityOfPage":{"@id":"https:\/\/novice.si\/page\/celje-celebus-zdaj-uvedel-se-zahodno-linijo\/"},"wordCount":94,"publisher":{"@id":"https:\/\/novice.si\/page\/#organization"},"image":{"@id":"https:\/\/novice.si\/page\/celje-celebus-zdaj-uvedel-se-zahodno-linijo\/#primaryimage"},"thumbnailUrl":"https:\/\/novice.si\/page\/wp-content\/uploads\/2022\/11\/Cz-celebus-scaled.jpg","keywords":["Babno","Celebus","linija 7","medlog","mestni prevoz","nova linija","plava laguna","pobuda upokojencev","pokopali\u0161\u010de"],"articleSection":["Celjsko"],"inLanguage":"sl-SI"},{"@type":"WebPage","@id":"https:\/\/novice.si\/page\/celje-celebus-zdaj-uvedel-se-zahodno-linijo\/","url":"https:\/\/novice.si\/page\/celje-celebus-zdaj-uvedel-se-zahodno-linijo\/","name":"CELJE Celebus zdaj uvedel \u0161e zahodno linijo - Novice.si","isPartOf":{"@id":"https:\/\/novice.si\/page\/#website"},"primaryImageOfPage":{"@id":"https:\/\/novice.si\/page\/celje-celebus-zdaj-uvedel-se-zahodno-linijo\/#primaryimage"},"image":{"@id":"https:\/\/novice.si\/page\/celje-celebus-zdaj-uvedel-se-zahodno-linijo\/#primaryimage"},"thumbnailUrl":"https:\/\/novice.si\/page\/wp-content\/uploads\/2022\/11\/Cz-celebus-scaled.jpg","datePublished":"2023-09-06T13:00:33+00:00","breadcrumb":{"@id":"https:\/\/novice.si\/page\/celje-celebus-zdaj-uvedel-se-zahodno-linijo\/#breadcrumb"},"inLanguage":"sl-SI","potentialAction":[{"@type":"ReadAction","target":["https:\/\/novice.si\/page\/celje-celebus-zdaj-uvedel-se-zahodno-linijo\/"]}]},{"@type":"ImageObject","inLanguage":"sl-SI","@id":"https:\/\/novice.si\/page\/celje-celebus-zdaj-uvedel-se-zahodno-linijo\/#primaryimage","url":"https:\/\/novice.si\/page\/wp-content\/uploads\/2022\/11\/Cz-celebus-scaled.jpg","contentUrl":"https:\/\/novice.si\/page\/wp-content\/uploads\/2022\/11\/Cz-celebus-scaled.jpg","width":2560,"height":1706},{"@type":"BreadcrumbList","@id":"https:\/\/novice.si\/page\/celje-celebus-zdaj-uvedel-se-zahodno-linijo\/#breadcrumb","itemListElement":[{"@type":"ListItem","position":1,"name":"Home","item":"https:\/\/novice.si\/page\/"},{"@type":"ListItem","position":2,"name":"CELJE Celebus zdaj uvedel \u0161e zahodno linijo"}]},{"@type":"WebSite","@id":"https:\/\/novice.si\/page\/#website","url":"https:\/\/novice.si\/page\/","name":"Novice.si","description":"","publisher":{"@id":"https:\/\/novice.si\/page\/#organization"},"potentialAction":[{"@type":"SearchAction","target":{"@type":"EntryPoint","urlTemplate":"https:\/\/novice.si\/page\/?s={search_term_string}"},"query-input":{"@type":"PropertyValueSpecification","valueRequired":true,"valueName":"search_term_string"}}],"inLanguage":"sl-SI"},{"@type":"Organization","@id":"https:\/\/novice.si\/page\/#organization","name":"Novice.si","url":"https:\/\/novice.si\/page\/","logo":{"@type":"ImageObject","inLanguage":"sl-SI","@id":"https:\/\/novice.si\/page\/#\/schema\/logo\/image\/","url":"https:\/\/novice.si\/page\/wp-content\/uploads\/2023\/03\/novice_si.png","contentUrl":"https:\/\/novice.si\/page\/wp-content\/uploads\/2023\/03\/novice_si.png","width":576,"height":200,"caption":"Novice.si"},"image":{"@id":"https:\/\/novice.si\/page\/#\/schema\/logo\/image\/"}},{"@type":"Person","@id":"https:\/\/novice.si\/page\/#\/schema\/person\/57f25c9642a9541c7349c65d32032c3e","name":"Uredni\u0161tvo Celjana","image":{"@type":"ImageObject","inLanguage":"sl-SI","@id":"https:\/\/secure.gravatar.com\/avatar\/78e52bc4279b65f6df6345e0ef0f7b792d361361f230cf4ffecfe0afe6d5629c?s=96&d=mm&r=g","url":"https:\/\/secure.gravatar.com\/avatar\/78e52bc4279b65f6df6345e0ef0f7b792d361361f230cf4ffecfe0afe6d5629c?s=96&d=mm&r=g","contentUrl":"https:\/\/secure.gravatar.com\/avatar\/78e52bc4279b65f6df6345e0ef0f7b792d361361f230cf4ffecfe0afe6d5629c?s=96&d=mm&r=g","caption":"Uredni\u0161tvo Celjana"},"url":"https:\/\/novice.si\/page\/author\/primoz\/"}]}},"_links":{"self":[{"href":"https:\/\/novice.si\/page\/wp-json\/wp\/v2\/posts\/167206","targetHints":{"allow":["GET"]}}],"collection":[{"href":"https:\/\/novice.si\/page\/wp-json\/wp\/v2\/posts"}],"about":[{"href":"https:\/\/novice.si\/page\/wp-json\/wp\/v2\/types\/post"}],"author":[{"embeddable":true,"href":"https:\/\/novice.si\/page\/wp-json\/wp\/v2\/users\/33"}],"replies":[{"embeddable":true,"href":"https:\/\/novice.si\/page\/wp-json\/wp\/v2\/comments?post=167206"}],"version-history":[{"count":1,"href":"https:\/\/novice.si\/page\/wp-json\/wp\/v2\/posts\/167206\/revisions"}],"predecessor-version":[{"id":167208,"href":"https:\/\/novice.si\/page\/wp-json\/wp\/v2\/posts\/167206\/revisions\/167208"}],"wp:featuredmedia":[{"embeddable":true,"href":"https:\/\/novice.si\/page\/wp-json\/wp\/v2\/media\/156396"}],"wp:attachment":[{"href":"https:\/\/novice.si\/page\/wp-json\/wp\/v2\/media?parent=167206"}],"wp:term":[{"taxonomy":"category","embeddable":true,"href":"https:\/\/novice.si\/page\/wp-json\/wp\/v2\/categories?post=167206"},{"taxonomy":"post_tag","embeddable":true,"href":"https:\/\/novice.si\/page\/wp-json\/wp\/v2\/tags?post=167206"}],"curies":[{"name":"wp","href":"https:\/\/api.w.org\/{rel}","templated":true}]}}