{"id":167196,"date":"2023-09-08T12:14:46","date_gmt":"2023-09-08T10:14:46","guid":{"rendered":"https:\/\/novice.si\/page\/?p=167196"},"modified":"2023-09-06T14:19:50","modified_gmt":"2023-09-06T12:19:50","slug":"kaksen-okus-ima-celje","status":"publish","type":"post","link":"https:\/\/novice.si\/page\/kaksen-okus-ima-celje\/","title":{"rendered":"Kak\u0161en okus ima Celje?"},"content":{"rendered":"\r\n                <style type=\"text\/css\">\r\n                    \r\n                    #tdi_1  .td-doubleSlider-2 .td-item1 {\r\n                        background: url(https:\/\/novice.si\/page\/wp-content\/uploads\/2023\/09\/reportaza-okusi-celja-obiskovalci-80x60.jpg) 0 0 no-repeat;\r\n                    }\r\n                    #tdi_1  .td-doubleSlider-2 .td-item2 {\r\n                        background: url(https:\/\/novice.si\/page\/wp-content\/uploads\/2023\/09\/reportaza-okusi-celja-akord-foto-Maja-Horvat-80x60.jpg) 0 0 no-repeat;\r\n                    }\r\n                    #tdi_1  .td-doubleSlider-2 .td-item3 {\r\n                        background: url(https:\/\/novice.si\/page\/wp-content\/uploads\/2023\/09\/reportaza-okusi-celja-kuponi-80x60.jpg) 0 0 no-repeat;\r\n                    }\r\n                    #tdi_1  .td-doubleSlider-2 .td-item4 {\r\n                        background: url(https:\/\/novice.si\/page\/wp-content\/uploads\/2023\/09\/reportaza-okusi-celja-Pavcnik-foto-Maja-Horvat-80x60.jpg) 0 0 no-repeat;\r\n                    }\r\n                    #tdi_1  .td-doubleSlider-2 .td-item5 {\r\n                        background: url(https:\/\/novice.si\/page\/wp-content\/uploads\/2023\/09\/reportaza-okusi-celja-hrana-foto-Maja-Horvat-80x60.jpg) 0 0 no-repeat;\r\n                    }\r\n                    #tdi_1  .td-doubleSlider-2 .td-item6 {\r\n                        background: url(https:\/\/novice.si\/page\/wp-content\/uploads\/2023\/09\/reportaza-okusi-celja-Ojstrsek-foto-Maja-Horvat-80x60.jpg) 0 0 no-repeat;\r\n                    }\r\n                <\/style>\r\n\r\n                <div id=\"tdi_1\" class=\"td-gallery td-slide-on-2-columns\">\r\n                    <div class=\"post_td_gallery\">\r\n                        <div class=\"td-gallery-slide-top\">\r\n                           <div class=\"td-gallery-title\">Festival Okusi Celja<\/div>\r\n\r\n                            <div class=\"td-gallery-controls-wrapper\">\r\n                                <div class=\"td-gallery-slide-count\"><span class=\"td-gallery-slide-item-focus\">1<\/span> od 6<\/div>\r\n                                <div class=\"td-gallery-slide-prev-next-but\">\r\n                                    <i class = \"td-icon-left doubleSliderPrevButton\"><\/i>\r\n                                    <i class = \"td-icon-right doubleSliderNextButton\"><\/i>\r\n                                <\/div>\r\n                            <\/div>\r\n                        <\/div>\r\n\r\n                        <div class = \"td-doubleSlider-1 \">\r\n                            <div class = \"td-slider\">\r\n                                \r\n                    <div class = \"td-slide-item td-item1\">\r\n                        <figure class=\"td-slide-galery-figure td-slide-popup-gallery\">\r\n                            <a class=\"slide-gallery-image-link\" href=\"https:\/\/novice.si\/page\/wp-content\/uploads\/2023\/09\/reportaza-okusi-celja-obiskovalci.jpg\" title=\"reportaza okusi celja obiskovalci\"  data-caption=\"Foto Maja Horvat\"  data-description=\"\" data-gallery>\r\n                                <img decoding=\"async\" src=\"https:\/\/novice.si\/page\/wp-content\/uploads\/2023\/09\/reportaza-okusi-celja-obiskovalci-560x420.jpg\" srcset=\"https:\/\/novice.si\/page\/wp-content\/uploads\/2023\/09\/reportaza-okusi-celja-obiskovalci-560x420.jpg 560w, https:\/\/novice.si\/page\/wp-content\/uploads\/2023\/09\/reportaza-okusi-celja-obiskovalci-600x450.jpg 600w, https:\/\/novice.si\/page\/wp-content\/uploads\/2023\/09\/reportaza-okusi-celja-obiskovalci-1024x768.jpg 1024w, https:\/\/novice.si\/page\/wp-content\/uploads\/2023\/09\/reportaza-okusi-celja-obiskovalci-768x576.jpg 768w, https:\/\/novice.si\/page\/wp-content\/uploads\/2023\/09\/reportaza-okusi-celja-obiskovalci-1536x1152.jpg 1536w, https:\/\/novice.si\/page\/wp-content\/uploads\/2023\/09\/reportaza-okusi-celja-obiskovalci-80x60.jpg 80w, https:\/\/novice.si\/page\/wp-content\/uploads\/2023\/09\/reportaza-okusi-celja-obiskovalci-265x198.jpg 265w, https:\/\/novice.si\/page\/wp-content\/uploads\/2023\/09\/reportaza-okusi-celja-obiskovalci-696x522.jpg 696w, https:\/\/novice.si\/page\/wp-content\/uploads\/2023\/09\/reportaza-okusi-celja-obiskovalci-1068x801.jpg 1068w, https:\/\/novice.si\/page\/wp-content\/uploads\/2023\/09\/reportaza-okusi-celja-obiskovalci-24x18.jpg 24w, https:\/\/novice.si\/page\/wp-content\/uploads\/2023\/09\/reportaza-okusi-celja-obiskovalci-36x27.jpg 36w, https:\/\/novice.si\/page\/wp-content\/uploads\/2023\/09\/reportaza-okusi-celja-obiskovalci-48x36.jpg 48w, https:\/\/novice.si\/page\/wp-content\/uploads\/2023\/09\/reportaza-okusi-celja-obiskovalci.jpg 1850w\" sizes=\"(max-width: 560px) 100vw, 560px\" alt=\"Okusi Celja\">\r\n                            <\/a>\r\n                            <figcaption class = \"td-slide-caption td-gallery-slide-content\"><div class = \"td-gallery-slide-copywrite\">Foto Maja Horvat<\/div><\/figcaption>\r\n                        <\/figure>\r\n                    <\/div>\r\n                    <div class = \"td-slide-item td-item2\">\r\n                        <figure class=\"td-slide-galery-figure td-slide-popup-gallery\">\r\n                            <a class=\"slide-gallery-image-link\" href=\"https:\/\/novice.si\/page\/wp-content\/uploads\/2023\/09\/reportaza-okusi-celja-akord-foto-Maja-Horvat.jpg\" title=\"reportaza okusi celja akord - foto Maja Horvat\"  data-caption=\"Foto Maja Horvat\"  data-description=\"\" data-gallery>\r\n                                <img decoding=\"async\" src=\"https:\/\/novice.si\/page\/wp-content\/uploads\/2023\/09\/reportaza-okusi-celja-akord-foto-Maja-Horvat-572x420.jpg\" srcset=\"https:\/\/novice.si\/page\/wp-content\/uploads\/2023\/09\/reportaza-okusi-celja-akord-foto-Maja-Horvat-572x420.jpg 572w, https:\/\/novice.si\/page\/wp-content\/uploads\/2023\/09\/reportaza-okusi-celja-akord-foto-Maja-Horvat-600x441.jpg 600w, https:\/\/novice.si\/page\/wp-content\/uploads\/2023\/09\/reportaza-okusi-celja-akord-foto-Maja-Horvat-1024x752.jpg 1024w, https:\/\/novice.si\/page\/wp-content\/uploads\/2023\/09\/reportaza-okusi-celja-akord-foto-Maja-Horvat-768x564.jpg 768w, https:\/\/novice.si\/page\/wp-content\/uploads\/2023\/09\/reportaza-okusi-celja-akord-foto-Maja-Horvat-1536x1129.jpg 1536w, https:\/\/novice.si\/page\/wp-content\/uploads\/2023\/09\/reportaza-okusi-celja-akord-foto-Maja-Horvat-80x60.jpg 80w, https:\/\/novice.si\/page\/wp-content\/uploads\/2023\/09\/reportaza-okusi-celja-akord-foto-Maja-Horvat-696x511.jpg 696w, https:\/\/novice.si\/page\/wp-content\/uploads\/2023\/09\/reportaza-okusi-celja-akord-foto-Maja-Horvat-1068x785.jpg 1068w, https:\/\/novice.si\/page\/wp-content\/uploads\/2023\/09\/reportaza-okusi-celja-akord-foto-Maja-Horvat-24x18.jpg 24w, https:\/\/novice.si\/page\/wp-content\/uploads\/2023\/09\/reportaza-okusi-celja-akord-foto-Maja-Horvat-36x26.jpg 36w, https:\/\/novice.si\/page\/wp-content\/uploads\/2023\/09\/reportaza-okusi-celja-akord-foto-Maja-Horvat-48x35.jpg 48w, https:\/\/novice.si\/page\/wp-content\/uploads\/2023\/09\/reportaza-okusi-celja-akord-foto-Maja-Horvat.jpg 1550w\" sizes=\"(max-width: 572px) 100vw, 572px\" alt=\"\">\r\n                            <\/a>\r\n                            <figcaption class = \"td-slide-caption td-gallery-slide-content\"><div class = \"td-gallery-slide-copywrite\">Foto Maja Horvat<\/div><\/figcaption>\r\n                        <\/figure>\r\n                    <\/div>\r\n                    <div class = \"td-slide-item td-item3\">\r\n                        <figure class=\"td-slide-galery-figure td-slide-popup-gallery\">\r\n                            <a class=\"slide-gallery-image-link\" href=\"https:\/\/novice.si\/page\/wp-content\/uploads\/2023\/09\/reportaza-okusi-celja-kuponi.jpg\" title=\"reportaza okusi celja kuponi\"  data-caption=\"Foto Maja Horvat\"  data-description=\"\" data-gallery>\r\n                                <img decoding=\"async\" src=\"https:\/\/novice.si\/page\/wp-content\/uploads\/2023\/09\/reportaza-okusi-celja-kuponi-315x420.jpg\" srcset=\"https:\/\/novice.si\/page\/wp-content\/uploads\/2023\/09\/reportaza-okusi-celja-kuponi-315x420.jpg 315w, https:\/\/novice.si\/page\/wp-content\/uploads\/2023\/09\/reportaza-okusi-celja-kuponi-450x600.jpg 450w, https:\/\/novice.si\/page\/wp-content\/uploads\/2023\/09\/reportaza-okusi-celja-kuponi-768x1024.jpg 768w, https:\/\/novice.si\/page\/wp-content\/uploads\/2023\/09\/reportaza-okusi-celja-kuponi-1152x1536.jpg 1152w, https:\/\/novice.si\/page\/wp-content\/uploads\/2023\/09\/reportaza-okusi-celja-kuponi-696x928.jpg 696w, https:\/\/novice.si\/page\/wp-content\/uploads\/2023\/09\/reportaza-okusi-celja-kuponi-1068x1423.jpg 1068w, https:\/\/novice.si\/page\/wp-content\/uploads\/2023\/09\/reportaza-okusi-celja-kuponi-18x24.jpg 18w, https:\/\/novice.si\/page\/wp-content\/uploads\/2023\/09\/reportaza-okusi-celja-kuponi-27x36.jpg 27w, https:\/\/novice.si\/page\/wp-content\/uploads\/2023\/09\/reportaza-okusi-celja-kuponi-36x48.jpg 36w, https:\/\/novice.si\/page\/wp-content\/uploads\/2023\/09\/reportaza-okusi-celja-kuponi.jpg 1388w\" sizes=\"(max-width: 315px) 100vw, 315px\" alt=\"\">\r\n                            <\/a>\r\n                            <figcaption class = \"td-slide-caption td-gallery-slide-content\"><div class = \"td-gallery-slide-copywrite\">Foto Maja Horvat<\/div><\/figcaption>\r\n                        <\/figure>\r\n                    <\/div>\r\n                    <div class = \"td-slide-item td-item4\">\r\n                        <figure class=\"td-slide-galery-figure td-slide-popup-gallery\">\r\n                            <a class=\"slide-gallery-image-link\" href=\"https:\/\/novice.si\/page\/wp-content\/uploads\/2023\/09\/reportaza-okusi-celja-Pavcnik-foto-Maja-Horvat.jpg\" title=\"reportaza okusi celja Pavcnik - foto Maja Horvat\"  data-caption=\"Foto Maja Horvat\"  data-description=\"\" data-gallery>\r\n                                <img decoding=\"async\" src=\"https:\/\/novice.si\/page\/wp-content\/uploads\/2023\/09\/reportaza-okusi-celja-Pavcnik-foto-Maja-Horvat-560x420.jpg\" srcset=\"https:\/\/novice.si\/page\/wp-content\/uploads\/2023\/09\/reportaza-okusi-celja-Pavcnik-foto-Maja-Horvat-560x420.jpg 560w, https:\/\/novice.si\/page\/wp-content\/uploads\/2023\/09\/reportaza-okusi-celja-Pavcnik-foto-Maja-Horvat-600x450.jpg 600w, https:\/\/novice.si\/page\/wp-content\/uploads\/2023\/09\/reportaza-okusi-celja-Pavcnik-foto-Maja-Horvat-1024x768.jpg 1024w, https:\/\/novice.si\/page\/wp-content\/uploads\/2023\/09\/reportaza-okusi-celja-Pavcnik-foto-Maja-Horvat-768x576.jpg 768w, https:\/\/novice.si\/page\/wp-content\/uploads\/2023\/09\/reportaza-okusi-celja-Pavcnik-foto-Maja-Horvat-1536x1152.jpg 1536w, https:\/\/novice.si\/page\/wp-content\/uploads\/2023\/09\/reportaza-okusi-celja-Pavcnik-foto-Maja-Horvat-80x60.jpg 80w, https:\/\/novice.si\/page\/wp-content\/uploads\/2023\/09\/reportaza-okusi-celja-Pavcnik-foto-Maja-Horvat-265x198.jpg 265w, https:\/\/novice.si\/page\/wp-content\/uploads\/2023\/09\/reportaza-okusi-celja-Pavcnik-foto-Maja-Horvat-696x522.jpg 696w, https:\/\/novice.si\/page\/wp-content\/uploads\/2023\/09\/reportaza-okusi-celja-Pavcnik-foto-Maja-Horvat-1068x801.jpg 1068w, https:\/\/novice.si\/page\/wp-content\/uploads\/2023\/09\/reportaza-okusi-celja-Pavcnik-foto-Maja-Horvat-24x18.jpg 24w, https:\/\/novice.si\/page\/wp-content\/uploads\/2023\/09\/reportaza-okusi-celja-Pavcnik-foto-Maja-Horvat-36x27.jpg 36w, https:\/\/novice.si\/page\/wp-content\/uploads\/2023\/09\/reportaza-okusi-celja-Pavcnik-foto-Maja-Horvat-48x36.jpg 48w, https:\/\/novice.si\/page\/wp-content\/uploads\/2023\/09\/reportaza-okusi-celja-Pavcnik-foto-Maja-Horvat.jpg 1850w\" sizes=\"(max-width: 560px) 100vw, 560px\" alt=\"\">\r\n                            <\/a>\r\n                            <figcaption class = \"td-slide-caption td-gallery-slide-content\"><div class = \"td-gallery-slide-copywrite\">Foto Maja Horvat<\/div><\/figcaption>\r\n                        <\/figure>\r\n                    <\/div>\r\n                    <div class = \"td-slide-item td-item5\">\r\n                        <figure class=\"td-slide-galery-figure td-slide-popup-gallery\">\r\n                            <a class=\"slide-gallery-image-link\" href=\"https:\/\/novice.si\/page\/wp-content\/uploads\/2023\/09\/reportaza-okusi-celja-hrana-foto-Maja-Horvat.jpg\" title=\"reportaza okusi celja hrana - foto Maja Horvat\"  data-caption=\"Foto Maja Horvat\"  data-description=\"\" data-gallery>\r\n                                <img decoding=\"async\" src=\"https:\/\/novice.si\/page\/wp-content\/uploads\/2023\/09\/reportaza-okusi-celja-hrana-foto-Maja-Horvat-315x420.jpg\" srcset=\"https:\/\/novice.si\/page\/wp-content\/uploads\/2023\/09\/reportaza-okusi-celja-hrana-foto-Maja-Horvat-315x420.jpg 315w, https:\/\/novice.si\/page\/wp-content\/uploads\/2023\/09\/reportaza-okusi-celja-hrana-foto-Maja-Horvat-450x600.jpg 450w, https:\/\/novice.si\/page\/wp-content\/uploads\/2023\/09\/reportaza-okusi-celja-hrana-foto-Maja-Horvat-768x1024.jpg 768w, https:\/\/novice.si\/page\/wp-content\/uploads\/2023\/09\/reportaza-okusi-celja-hrana-foto-Maja-Horvat-1152x1536.jpg 1152w, https:\/\/novice.si\/page\/wp-content\/uploads\/2023\/09\/reportaza-okusi-celja-hrana-foto-Maja-Horvat-696x928.jpg 696w, https:\/\/novice.si\/page\/wp-content\/uploads\/2023\/09\/reportaza-okusi-celja-hrana-foto-Maja-Horvat-1068x1423.jpg 1068w, https:\/\/novice.si\/page\/wp-content\/uploads\/2023\/09\/reportaza-okusi-celja-hrana-foto-Maja-Horvat-18x24.jpg 18w, https:\/\/novice.si\/page\/wp-content\/uploads\/2023\/09\/reportaza-okusi-celja-hrana-foto-Maja-Horvat-27x36.jpg 27w, https:\/\/novice.si\/page\/wp-content\/uploads\/2023\/09\/reportaza-okusi-celja-hrana-foto-Maja-Horvat-36x48.jpg 36w, https:\/\/novice.si\/page\/wp-content\/uploads\/2023\/09\/reportaza-okusi-celja-hrana-foto-Maja-Horvat.jpg 1388w\" sizes=\"(max-width: 315px) 100vw, 315px\" alt=\"\">\r\n                            <\/a>\r\n                            <figcaption class = \"td-slide-caption td-gallery-slide-content\"><div class = \"td-gallery-slide-copywrite\">Foto Maja Horvat<\/div><\/figcaption>\r\n                        <\/figure>\r\n                    <\/div>\r\n                    <div class = \"td-slide-item td-item6\">\r\n                        <figure class=\"td-slide-galery-figure td-slide-popup-gallery\">\r\n                            <a class=\"slide-gallery-image-link\" href=\"https:\/\/novice.si\/page\/wp-content\/uploads\/2023\/09\/reportaza-okusi-celja-Ojstrsek-foto-Maja-Horvat.jpg\" title=\"reportaza okusi celja Ojstrsek - foto Maja Horvat\"  data-caption=\"Foto Maja Horvat\"  data-description=\"\" data-gallery>\r\n                                <img decoding=\"async\" src=\"https:\/\/novice.si\/page\/wp-content\/uploads\/2023\/09\/reportaza-okusi-celja-Ojstrsek-foto-Maja-Horvat-560x420.jpg\" srcset=\"https:\/\/novice.si\/page\/wp-content\/uploads\/2023\/09\/reportaza-okusi-celja-Ojstrsek-foto-Maja-Horvat-560x420.jpg 560w, https:\/\/novice.si\/page\/wp-content\/uploads\/2023\/09\/reportaza-okusi-celja-Ojstrsek-foto-Maja-Horvat-600x450.jpg 600w, https:\/\/novice.si\/page\/wp-content\/uploads\/2023\/09\/reportaza-okusi-celja-Ojstrsek-foto-Maja-Horvat-1024x768.jpg 1024w, https:\/\/novice.si\/page\/wp-content\/uploads\/2023\/09\/reportaza-okusi-celja-Ojstrsek-foto-Maja-Horvat-768x576.jpg 768w, https:\/\/novice.si\/page\/wp-content\/uploads\/2023\/09\/reportaza-okusi-celja-Ojstrsek-foto-Maja-Horvat-1536x1152.jpg 1536w, https:\/\/novice.si\/page\/wp-content\/uploads\/2023\/09\/reportaza-okusi-celja-Ojstrsek-foto-Maja-Horvat-80x60.jpg 80w, https:\/\/novice.si\/page\/wp-content\/uploads\/2023\/09\/reportaza-okusi-celja-Ojstrsek-foto-Maja-Horvat-265x198.jpg 265w, https:\/\/novice.si\/page\/wp-content\/uploads\/2023\/09\/reportaza-okusi-celja-Ojstrsek-foto-Maja-Horvat-696x522.jpg 696w, https:\/\/novice.si\/page\/wp-content\/uploads\/2023\/09\/reportaza-okusi-celja-Ojstrsek-foto-Maja-Horvat-1068x801.jpg 1068w, https:\/\/novice.si\/page\/wp-content\/uploads\/2023\/09\/reportaza-okusi-celja-Ojstrsek-foto-Maja-Horvat-24x18.jpg 24w, https:\/\/novice.si\/page\/wp-content\/uploads\/2023\/09\/reportaza-okusi-celja-Ojstrsek-foto-Maja-Horvat-36x27.jpg 36w, https:\/\/novice.si\/page\/wp-content\/uploads\/2023\/09\/reportaza-okusi-celja-Ojstrsek-foto-Maja-Horvat-48x36.jpg 48w, https:\/\/novice.si\/page\/wp-content\/uploads\/2023\/09\/reportaza-okusi-celja-Ojstrsek-foto-Maja-Horvat.jpg 1850w\" sizes=\"(max-width: 560px) 100vw, 560px\" alt=\"\">\r\n                            <\/a>\r\n                            <figcaption class = \"td-slide-caption td-gallery-slide-content\"><div class = \"td-gallery-slide-copywrite\">Foto Maja Horvat<\/div><\/figcaption>\r\n                        <\/figure>\r\n                    <\/div>\r\n                            <\/div>\r\n                        <\/div>\r\n\r\n                        <div class = \"td-doubleSlider-2\">\r\n                            <div class = \"td-slider\">\r\n                                \r\n                    <div class = \"td-button td-item1\">\r\n                        <div class = \"td-border\"><\/div>\r\n                    <\/div>\r\n                    <div class = \"td-button td-item2\">\r\n                        <div class = \"td-border\"><\/div>\r\n                    <\/div>\r\n                    <div class = \"td-button td-item3\">\r\n                        <div class = \"td-border\"><\/div>\r\n                    <\/div>\r\n                    <div class = \"td-button td-item4\">\r\n                        <div class = \"td-border\"><\/div>\r\n                    <\/div>\r\n                    <div class = \"td-button td-item5\">\r\n                        <div class = \"td-border\"><\/div>\r\n                    <\/div>\r\n                    <div class = \"td-button td-item6\">\r\n                        <div class = \"td-border\"><\/div>\r\n                    <\/div>\r\n                            <\/div>\r\n                        <\/div>\r\n\r\n                    <\/div>\r\n\r\n                <\/div>\r\n                \n<p><em>Ste se kdaj vpra\u0161ali, kak\u0161ni so okusi Celja? \u010ce odgovor poi\u0161\u010demo v posebnem kulinari\u010dnem dogodku, ki je na prvi \u0161olski dan potekal na Krekovem trgu, bi lahko malce v \u0161ali rekli, da so to okusi po &#8216;bao burgerju&#8217;, savinjski dimljeni postrvi ter &#8216;pohanem&#8217; pi\u0161\u010dancu z &#8216;restanim&#8217; krompirjem.<\/em><\/p>\n<p>Prav za te okuse so se namre\u010d odlo\u010dili vrhunski chefi, katerih kulinari\u010dne kreacije so lahko oku\u0161ali \u0161tevilni obiskovalci prvega kulinari\u010dnega dogodka Okusi Celja.<\/p>\n<p><strong>Kulinari\u010dne specialitete so pripravljali 3 celjski chefi<\/strong><\/p>\n<p>Na Festivalu Okusi Celja so s svojimi kulinari\u010dnimi specialitetami sodelovali vrhunski chefi, ki sodelujejo v istoimenskem programu Zavoda Celeia Celje, <strong>Marko Pav\u010dnik<\/strong> iz Bistroja Lalu, <strong>Sebastjan Grobel\u0161ek<\/strong> iz Gostilne Francl in <strong>Miran Ojster\u0161ek<\/strong> iz Gostilne O\u0161tirka. Za sladice sta poskrbela Stari pisker in Hotel Evropa. Slednji je sicer ponujal tudi odli\u010dna vina in koktajle, ki so se obiskovalcem po okusni hrani \u0161e kako prilegli, saj je bila vrsta pred stojnico ves \u010das ogromna.<\/p>\n<p>Kot je povedala <strong>Tina Huremovi\u010d<\/strong> iz Zavoda Celeia Celje, so k sodelovanju s ponudbo sladic povabili tudi ostale ponudnike iz mesta, vendar se za to ni odlo\u010dil nih\u010de drug.<\/p>\n<p><strong>Obisk nad pri\u010dakovanji<\/strong><\/p>\n<p>Prvi tovrstni festival v Celju je pritegnil zelo veliko ljudi. Hrane je zmanjkalo \u017ee ob 20. uri, najve\u010dja gne\u010da pa je bila pred stojnico Gostilne Francl, \u010deprav tudi ostali dve stojnici nikakor nista zaostajali. Da je bil obisk velik, so se strinjali tudi chefi, kaj so povedali, si preberite v Celjanu, na tem mestu pa z vami delimo nekaj fotografij iz samega dogodka. (MH)<\/p>\n","protected":false},"excerpt":{"rendered":"<p>Ste se kdaj vpra\u0161ali, kak\u0161ni so okusi Celja? \u010ce odgovor poi\u0161\u010demo v posebnem kulinari\u010dnem dogodku, ki je na prvi \u0161olski dan potekal na Krekovem trgu, bi lahko malce v \u0161ali rekli, da so to okusi po &#8216;bao burgerju&#8217;, savinjski dimljeni postrvi ter &#8216;pohanem&#8217; pi\u0161\u010dancu z &#8216;restanim&#8217; krompirjem. Prav za te okuse so se namre\u010d odlo\u010dili [&hellip;]<\/p>\n","protected":false},"author":55,"featured_media":167200,"comment_status":"closed","ping_status":"closed","sticky":false,"template":"","format":"standard","meta":{"footnotes":""},"categories":[14,142,17],"tags":[],"class_list":{"0":"post-167196","1":"post","2":"type-post","3":"status-publish","4":"format-standard","5":"has-post-thumbnail","7":"category-aktualno","8":"category-celjan","9":"category-celjsko"},"yoast_head":"<!-- This site is optimized with the Yoast SEO plugin v27.4 - https:\/\/yoast.com\/product\/yoast-seo-wordpress\/ -->\n<title>Kak\u0161en okus ima Celje? - Novice.si<\/title>\n<meta name=\"robots\" content=\"index, follow, max-snippet:-1, max-image-preview:large, max-video-preview:-1\" \/>\n<link rel=\"canonical\" href=\"https:\/\/novice.si\/page\/kaksen-okus-ima-celje\/\" \/>\n<meta property=\"og:locale\" content=\"sl_SI\" \/>\n<meta property=\"og:type\" content=\"article\" \/>\n<meta property=\"og:title\" content=\"Kak\u0161en okus ima Celje? - Novice.si\" \/>\n<meta property=\"og:description\" content=\"Ste se kdaj vpra\u0161ali, kak\u0161ni so okusi Celja? \u010ce odgovor poi\u0161\u010demo v posebnem kulinari\u010dnem dogodku, ki je na prvi \u0161olski dan potekal na Krekovem trgu, bi lahko malce v \u0161ali rekli, da so to okusi po &#8216;bao burgerju&#8217;, savinjski dimljeni postrvi ter &#8216;pohanem&#8217; pi\u0161\u010dancu z &#8216;restanim&#8217; krompirjem. Prav za te okuse so se namre\u010d odlo\u010dili [&hellip;]\" \/>\n<meta property=\"og:url\" content=\"https:\/\/novice.si\/page\/kaksen-okus-ima-celje\/\" \/>\n<meta property=\"og:site_name\" content=\"Novice.si\" \/>\n<meta property=\"article:published_time\" content=\"2023-09-08T10:14:46+00:00\" \/>\n<meta property=\"og:image\" content=\"https:\/\/novice.si\/page\/wp-content\/uploads\/2023\/09\/reportaza-okusi-celja-obiskovalci.jpg\" \/>\n\t<meta property=\"og:image:width\" content=\"1850\" \/>\n\t<meta property=\"og:image:height\" content=\"1388\" \/>\n\t<meta property=\"og:image:type\" content=\"image\/jpeg\" \/>\n<meta name=\"author\" content=\"Uredni\u0161tvo Celjana\" \/>\n<meta name=\"twitter:card\" content=\"summary_large_image\" \/>\n<meta name=\"twitter:label1\" content=\"Written by\" \/>\n\t<meta name=\"twitter:data1\" content=\"Uredni\u0161tvo Celjana\" \/>\n\t<meta name=\"twitter:label2\" content=\"Est. reading time\" \/>\n\t<meta name=\"twitter:data2\" content=\"2 minuti\" \/>\n<script type=\"application\/ld+json\" class=\"yoast-schema-graph\">{\"@context\":\"https:\\\/\\\/schema.org\",\"@graph\":[{\"@type\":\"Article\",\"@id\":\"https:\\\/\\\/novice.si\\\/page\\\/kaksen-okus-ima-celje\\\/#article\",\"isPartOf\":{\"@id\":\"https:\\\/\\\/novice.si\\\/page\\\/kaksen-okus-ima-celje\\\/\"},\"author\":{\"name\":\"Uredni\u0161tvo Celjana\",\"@id\":\"https:\\\/\\\/novice.si\\\/page\\\/#\\\/schema\\\/person\\\/a49f233ef2777ec7b2e8d0662325bb48\"},\"headline\":\"Kak\u0161en okus ima Celje?\",\"datePublished\":\"2023-09-08T10:14:46+00:00\",\"mainEntityOfPage\":{\"@id\":\"https:\\\/\\\/novice.si\\\/page\\\/kaksen-okus-ima-celje\\\/\"},\"wordCount\":284,\"publisher\":{\"@id\":\"https:\\\/\\\/novice.si\\\/page\\\/#organization\"},\"image\":{\"@id\":\"https:\\\/\\\/novice.si\\\/page\\\/kaksen-okus-ima-celje\\\/#primaryimage\"},\"thumbnailUrl\":\"https:\\\/\\\/novice.si\\\/page\\\/wp-content\\\/uploads\\\/2023\\\/09\\\/reportaza-okusi-celja-obiskovalci.jpg\",\"articleSection\":[\"Aktualno\",\"Celjan\",\"Celjsko\"],\"inLanguage\":\"sl-SI\"},{\"@type\":\"WebPage\",\"@id\":\"https:\\\/\\\/novice.si\\\/page\\\/kaksen-okus-ima-celje\\\/\",\"url\":\"https:\\\/\\\/novice.si\\\/page\\\/kaksen-okus-ima-celje\\\/\",\"name\":\"Kak\u0161en okus ima Celje? - Novice.si\",\"isPartOf\":{\"@id\":\"https:\\\/\\\/novice.si\\\/page\\\/#website\"},\"primaryImageOfPage\":{\"@id\":\"https:\\\/\\\/novice.si\\\/page\\\/kaksen-okus-ima-celje\\\/#primaryimage\"},\"image\":{\"@id\":\"https:\\\/\\\/novice.si\\\/page\\\/kaksen-okus-ima-celje\\\/#primaryimage\"},\"thumbnailUrl\":\"https:\\\/\\\/novice.si\\\/page\\\/wp-content\\\/uploads\\\/2023\\\/09\\\/reportaza-okusi-celja-obiskovalci.jpg\",\"datePublished\":\"2023-09-08T10:14:46+00:00\",\"breadcrumb\":{\"@id\":\"https:\\\/\\\/novice.si\\\/page\\\/kaksen-okus-ima-celje\\\/#breadcrumb\"},\"inLanguage\":\"sl-SI\",\"potentialAction\":[{\"@type\":\"ReadAction\",\"target\":[\"https:\\\/\\\/novice.si\\\/page\\\/kaksen-okus-ima-celje\\\/\"]}]},{\"@type\":\"ImageObject\",\"inLanguage\":\"sl-SI\",\"@id\":\"https:\\\/\\\/novice.si\\\/page\\\/kaksen-okus-ima-celje\\\/#primaryimage\",\"url\":\"https:\\\/\\\/novice.si\\\/page\\\/wp-content\\\/uploads\\\/2023\\\/09\\\/reportaza-okusi-celja-obiskovalci.jpg\",\"contentUrl\":\"https:\\\/\\\/novice.si\\\/page\\\/wp-content\\\/uploads\\\/2023\\\/09\\\/reportaza-okusi-celja-obiskovalci.jpg\",\"width\":1850,\"height\":1388,\"caption\":\"Foto Maja Horvat\"},{\"@type\":\"BreadcrumbList\",\"@id\":\"https:\\\/\\\/novice.si\\\/page\\\/kaksen-okus-ima-celje\\\/#breadcrumb\",\"itemListElement\":[{\"@type\":\"ListItem\",\"position\":1,\"name\":\"Home\",\"item\":\"https:\\\/\\\/novice.si\\\/page\\\/\"},{\"@type\":\"ListItem\",\"position\":2,\"name\":\"Kak\u0161en okus ima Celje?\"}]},{\"@type\":\"WebSite\",\"@id\":\"https:\\\/\\\/novice.si\\\/page\\\/#website\",\"url\":\"https:\\\/\\\/novice.si\\\/page\\\/\",\"name\":\"Novice.si\",\"description\":\"\",\"publisher\":{\"@id\":\"https:\\\/\\\/novice.si\\\/page\\\/#organization\"},\"potentialAction\":[{\"@type\":\"SearchAction\",\"target\":{\"@type\":\"EntryPoint\",\"urlTemplate\":\"https:\\\/\\\/novice.si\\\/page\\\/?s={search_term_string}\"},\"query-input\":{\"@type\":\"PropertyValueSpecification\",\"valueRequired\":true,\"valueName\":\"search_term_string\"}}],\"inLanguage\":\"sl-SI\"},{\"@type\":\"Organization\",\"@id\":\"https:\\\/\\\/novice.si\\\/page\\\/#organization\",\"name\":\"Novice.si\",\"url\":\"https:\\\/\\\/novice.si\\\/page\\\/\",\"logo\":{\"@type\":\"ImageObject\",\"inLanguage\":\"sl-SI\",\"@id\":\"https:\\\/\\\/novice.si\\\/page\\\/#\\\/schema\\\/logo\\\/image\\\/\",\"url\":\"https:\\\/\\\/novice.si\\\/page\\\/wp-content\\\/uploads\\\/2023\\\/03\\\/novice_si.png\",\"contentUrl\":\"https:\\\/\\\/novice.si\\\/page\\\/wp-content\\\/uploads\\\/2023\\\/03\\\/novice_si.png\",\"width\":576,\"height\":200,\"caption\":\"Novice.si\"},\"image\":{\"@id\":\"https:\\\/\\\/novice.si\\\/page\\\/#\\\/schema\\\/logo\\\/image\\\/\"}},{\"@type\":\"Person\",\"@id\":\"https:\\\/\\\/novice.si\\\/page\\\/#\\\/schema\\\/person\\\/a49f233ef2777ec7b2e8d0662325bb48\",\"name\":\"Uredni\u0161tvo Celjana\",\"image\":{\"@type\":\"ImageObject\",\"inLanguage\":\"sl-SI\",\"@id\":\"https:\\\/\\\/secure.gravatar.com\\\/avatar\\\/7f7863e616af8f92806c638dd1db3f1a238d83d1cc2ec3100afc06fbb7eb303f?s=96&d=mm&r=g\",\"url\":\"https:\\\/\\\/secure.gravatar.com\\\/avatar\\\/7f7863e616af8f92806c638dd1db3f1a238d83d1cc2ec3100afc06fbb7eb303f?s=96&d=mm&r=g\",\"contentUrl\":\"https:\\\/\\\/secure.gravatar.com\\\/avatar\\\/7f7863e616af8f92806c638dd1db3f1a238d83d1cc2ec3100afc06fbb7eb303f?s=96&d=mm&r=g\",\"caption\":\"Uredni\u0161tvo Celjana\"},\"url\":\"https:\\\/\\\/novice.si\\\/page\\\/author\\\/maja\\\/\"}]}<\/script>\n<!-- \/ Yoast SEO plugin. -->","yoast_head_json":{"title":"Kak\u0161en okus ima Celje? - Novice.si","robots":{"index":"index","follow":"follow","max-snippet":"max-snippet:-1","max-image-preview":"max-image-preview:large","max-video-preview":"max-video-preview:-1"},"canonical":"https:\/\/novice.si\/page\/kaksen-okus-ima-celje\/","og_locale":"sl_SI","og_type":"article","og_title":"Kak\u0161en okus ima Celje? - Novice.si","og_description":"Ste se kdaj vpra\u0161ali, kak\u0161ni so okusi Celja? \u010ce odgovor poi\u0161\u010demo v posebnem kulinari\u010dnem dogodku, ki je na prvi \u0161olski dan potekal na Krekovem trgu, bi lahko malce v \u0161ali rekli, da so to okusi po &#8216;bao burgerju&#8217;, savinjski dimljeni postrvi ter &#8216;pohanem&#8217; pi\u0161\u010dancu z &#8216;restanim&#8217; krompirjem. Prav za te okuse so se namre\u010d odlo\u010dili [&hellip;]","og_url":"https:\/\/novice.si\/page\/kaksen-okus-ima-celje\/","og_site_name":"Novice.si","article_published_time":"2023-09-08T10:14:46+00:00","og_image":[{"width":1850,"height":1388,"url":"https:\/\/novice.si\/page\/wp-content\/uploads\/2023\/09\/reportaza-okusi-celja-obiskovalci.jpg","type":"image\/jpeg"}],"author":"Uredni\u0161tvo Celjana","twitter_card":"summary_large_image","twitter_misc":{"Written by":"Uredni\u0161tvo Celjana","Est. reading time":"2 minuti"},"schema":{"@context":"https:\/\/schema.org","@graph":[{"@type":"Article","@id":"https:\/\/novice.si\/page\/kaksen-okus-ima-celje\/#article","isPartOf":{"@id":"https:\/\/novice.si\/page\/kaksen-okus-ima-celje\/"},"author":{"name":"Uredni\u0161tvo Celjana","@id":"https:\/\/novice.si\/page\/#\/schema\/person\/a49f233ef2777ec7b2e8d0662325bb48"},"headline":"Kak\u0161en okus ima Celje?","datePublished":"2023-09-08T10:14:46+00:00","mainEntityOfPage":{"@id":"https:\/\/novice.si\/page\/kaksen-okus-ima-celje\/"},"wordCount":284,"publisher":{"@id":"https:\/\/novice.si\/page\/#organization"},"image":{"@id":"https:\/\/novice.si\/page\/kaksen-okus-ima-celje\/#primaryimage"},"thumbnailUrl":"https:\/\/novice.si\/page\/wp-content\/uploads\/2023\/09\/reportaza-okusi-celja-obiskovalci.jpg","articleSection":["Aktualno","Celjan","Celjsko"],"inLanguage":"sl-SI"},{"@type":"WebPage","@id":"https:\/\/novice.si\/page\/kaksen-okus-ima-celje\/","url":"https:\/\/novice.si\/page\/kaksen-okus-ima-celje\/","name":"Kak\u0161en okus ima Celje? - Novice.si","isPartOf":{"@id":"https:\/\/novice.si\/page\/#website"},"primaryImageOfPage":{"@id":"https:\/\/novice.si\/page\/kaksen-okus-ima-celje\/#primaryimage"},"image":{"@id":"https:\/\/novice.si\/page\/kaksen-okus-ima-celje\/#primaryimage"},"thumbnailUrl":"https:\/\/novice.si\/page\/wp-content\/uploads\/2023\/09\/reportaza-okusi-celja-obiskovalci.jpg","datePublished":"2023-09-08T10:14:46+00:00","breadcrumb":{"@id":"https:\/\/novice.si\/page\/kaksen-okus-ima-celje\/#breadcrumb"},"inLanguage":"sl-SI","potentialAction":[{"@type":"ReadAction","target":["https:\/\/novice.si\/page\/kaksen-okus-ima-celje\/"]}]},{"@type":"ImageObject","inLanguage":"sl-SI","@id":"https:\/\/novice.si\/page\/kaksen-okus-ima-celje\/#primaryimage","url":"https:\/\/novice.si\/page\/wp-content\/uploads\/2023\/09\/reportaza-okusi-celja-obiskovalci.jpg","contentUrl":"https:\/\/novice.si\/page\/wp-content\/uploads\/2023\/09\/reportaza-okusi-celja-obiskovalci.jpg","width":1850,"height":1388,"caption":"Foto Maja Horvat"},{"@type":"BreadcrumbList","@id":"https:\/\/novice.si\/page\/kaksen-okus-ima-celje\/#breadcrumb","itemListElement":[{"@type":"ListItem","position":1,"name":"Home","item":"https:\/\/novice.si\/page\/"},{"@type":"ListItem","position":2,"name":"Kak\u0161en okus ima Celje?"}]},{"@type":"WebSite","@id":"https:\/\/novice.si\/page\/#website","url":"https:\/\/novice.si\/page\/","name":"Novice.si","description":"","publisher":{"@id":"https:\/\/novice.si\/page\/#organization"},"potentialAction":[{"@type":"SearchAction","target":{"@type":"EntryPoint","urlTemplate":"https:\/\/novice.si\/page\/?s={search_term_string}"},"query-input":{"@type":"PropertyValueSpecification","valueRequired":true,"valueName":"search_term_string"}}],"inLanguage":"sl-SI"},{"@type":"Organization","@id":"https:\/\/novice.si\/page\/#organization","name":"Novice.si","url":"https:\/\/novice.si\/page\/","logo":{"@type":"ImageObject","inLanguage":"sl-SI","@id":"https:\/\/novice.si\/page\/#\/schema\/logo\/image\/","url":"https:\/\/novice.si\/page\/wp-content\/uploads\/2023\/03\/novice_si.png","contentUrl":"https:\/\/novice.si\/page\/wp-content\/uploads\/2023\/03\/novice_si.png","width":576,"height":200,"caption":"Novice.si"},"image":{"@id":"https:\/\/novice.si\/page\/#\/schema\/logo\/image\/"}},{"@type":"Person","@id":"https:\/\/novice.si\/page\/#\/schema\/person\/a49f233ef2777ec7b2e8d0662325bb48","name":"Uredni\u0161tvo Celjana","image":{"@type":"ImageObject","inLanguage":"sl-SI","@id":"https:\/\/secure.gravatar.com\/avatar\/7f7863e616af8f92806c638dd1db3f1a238d83d1cc2ec3100afc06fbb7eb303f?s=96&d=mm&r=g","url":"https:\/\/secure.gravatar.com\/avatar\/7f7863e616af8f92806c638dd1db3f1a238d83d1cc2ec3100afc06fbb7eb303f?s=96&d=mm&r=g","contentUrl":"https:\/\/secure.gravatar.com\/avatar\/7f7863e616af8f92806c638dd1db3f1a238d83d1cc2ec3100afc06fbb7eb303f?s=96&d=mm&r=g","caption":"Uredni\u0161tvo Celjana"},"url":"https:\/\/novice.si\/page\/author\/maja\/"}]}},"_links":{"self":[{"href":"https:\/\/novice.si\/page\/wp-json\/wp\/v2\/posts\/167196","targetHints":{"allow":["GET"]}}],"collection":[{"href":"https:\/\/novice.si\/page\/wp-json\/wp\/v2\/posts"}],"about":[{"href":"https:\/\/novice.si\/page\/wp-json\/wp\/v2\/types\/post"}],"author":[{"embeddable":true,"href":"https:\/\/novice.si\/page\/wp-json\/wp\/v2\/users\/55"}],"replies":[{"embeddable":true,"href":"https:\/\/novice.si\/page\/wp-json\/wp\/v2\/comments?post=167196"}],"version-history":[{"count":1,"href":"https:\/\/novice.si\/page\/wp-json\/wp\/v2\/posts\/167196\/revisions"}],"predecessor-version":[{"id":167203,"href":"https:\/\/novice.si\/page\/wp-json\/wp\/v2\/posts\/167196\/revisions\/167203"}],"wp:featuredmedia":[{"embeddable":true,"href":"https:\/\/novice.si\/page\/wp-json\/wp\/v2\/media\/167200"}],"wp:attachment":[{"href":"https:\/\/novice.si\/page\/wp-json\/wp\/v2\/media?parent=167196"}],"wp:term":[{"taxonomy":"category","embeddable":true,"href":"https:\/\/novice.si\/page\/wp-json\/wp\/v2\/categories?post=167196"},{"taxonomy":"post_tag","embeddable":true,"href":"https:\/\/novice.si\/page\/wp-json\/wp\/v2\/tags?post=167196"}],"curies":[{"name":"wp","href":"https:\/\/api.w.org\/{rel}","templated":true}]}}