{"id":167190,"date":"2023-09-07T08:08:58","date_gmt":"2023-09-07T06:08:58","guid":{"rendered":"https:\/\/novice.si\/page\/?p=167190"},"modified":"2023-09-06T14:11:56","modified_gmt":"2023-09-06T12:11:56","slug":"lahko-celje-zdrzi-se-eno-ujmo","status":"publish","type":"post","link":"https:\/\/novice.si\/page\/lahko-celje-zdrzi-se-eno-ujmo\/","title":{"rendered":"Lahko Celje zdr\u017ei \u0161e eno ujmo?"},"content":{"rendered":"<p><em><strong><img loading=\"lazy\" decoding=\"async\" class=\" wp-image-167191 alignright\" src=\"https:\/\/novice.si\/page\/wp-content\/uploads\/2023\/09\/CZ_Stanje-po-padavinah1-600x600.jpg\" alt=\"poplave\" width=\"527\" height=\"527\" srcset=\"https:\/\/novice.si\/page\/wp-content\/uploads\/2023\/09\/CZ_Stanje-po-padavinah1-600x600.jpg 600w, https:\/\/novice.si\/page\/wp-content\/uploads\/2023\/09\/CZ_Stanje-po-padavinah1-150x150.jpg 150w, https:\/\/novice.si\/page\/wp-content\/uploads\/2023\/09\/CZ_Stanje-po-padavinah1-768x768.jpg 768w, https:\/\/novice.si\/page\/wp-content\/uploads\/2023\/09\/CZ_Stanje-po-padavinah1-696x696.jpg 696w, https:\/\/novice.si\/page\/wp-content\/uploads\/2023\/09\/CZ_Stanje-po-padavinah1-420x420.jpg 420w, https:\/\/novice.si\/page\/wp-content\/uploads\/2023\/09\/CZ_Stanje-po-padavinah1-24x24.jpg 24w, https:\/\/novice.si\/page\/wp-content\/uploads\/2023\/09\/CZ_Stanje-po-padavinah1-36x36.jpg 36w, https:\/\/novice.si\/page\/wp-content\/uploads\/2023\/09\/CZ_Stanje-po-padavinah1-48x48.jpg 48w, https:\/\/novice.si\/page\/wp-content\/uploads\/2023\/09\/CZ_Stanje-po-padavinah1.jpg 985w\" sizes=\"auto, (max-width: 527px) 100vw, 527px\" \/>Poplave.<\/strong> Uni\u010dujo\u010da avgustovska ujma je Celju, v primerjavi s preostalimi kraji ob Savinji, prizanesla. A strah pred novimi poplavami ostaja.<\/em><\/p>\n<p>\u0160koda po poletni ujmi se meri v milijardah, dosedanje ocene ka\u017eejo na vsaj 5 milijard \u0161kode, a ocene \u0161e niso dokon\u010dne. Vsaka nova napoved de\u017eja zbuja strah pred novimi poplavami. \u00bbKa\u017ee, da se bo vreme vsaj za nekaj dni umirilo in ustalilo,\u00ab je konec prej\u0161njega tedna napovedal <strong>Branko Gregor\u010di\u010d<\/strong> z Agencije RS za okolje (ARSO).<\/p>\n<p>\u00bbNapovedi za cel mesec naprej \u017eal niso zanesljive. Najbolj verjetno je, da se bodo menjala obdobja suhega vremena ter obdobja s padavinami. Zaenkrat ne ka\u017ee na ve\u010dja temperaturna odstopanja od dolgoletnih povpre\u010dij,\u00ab dodaja meteorolog in svetuje, da se vremenske napovedi redno spremljajo na ARSO-vi spletni strani.<\/p>\n<p><strong>Najobse\u017enej\u0161e in najsilovitej\u0161e<\/strong><\/p>\n<p>Tokratni poplavni dogodek je mo\u010dno spominjal na vse izjemne dogodke, ki so Slovenijo prizadeli v preteklih letih: \u00bbA jih je tokratni dogodek presegel po obsegu, v najbolj prizadetih pore\u010djih pa tudi po silovitosti,\u00ab ocenjuje dr. Petan.<\/p>\n<p>Pri omembi preteklih podobnih dogodkov ima v mislih obse\u017ene poplave iz let 1990 (Savinja, Kamni\u0161ka Bistrica, Sava), 1998 (Savinja, Sava), 2005 (Mura), 2007 (Sel\u0161ka Sora, Savinja, Kamni\u0161ka Bistrica), 2010 (Ljubljanica, Grada\u0161\u010dica, Krka, Sava, Vipava, Dragonja), 2012 (Drava, Me\u017ea, Savinja, Vipava) in 2014 (Krka, Grada\u0161\u010dica, Poljanska Sora, I\u0161ka, Reka).<\/p>\n<p><strong>Celje bo nadaljevalo s protipoplavnimi ukrepi<\/strong><\/p>\n<p>\u0160koda po poletni ujmi je seveda nastala tudi v Celju, a so vsi, vklju\u010dno z aktualno oblastjo, priznavali veliko zaslugo za to prej\u0161njemu \u017eupanu Bojanu \u0160rotu, ki se je mo\u010dno zavzemal za izvedbo protipoplavnih ukrepov v mestu. Hkrati pa je takoj ob poplavah postalo jasno, da bodo ukrepi potrebni tudi v prihodnje. Ve\u010d o tem vas \u010daka v aktualnem Celjanu.<\/p>\n","protected":false},"excerpt":{"rendered":"<p>Poplave. Uni\u010dujo\u010da avgustovska ujma je Celju, v primerjavi s preostalimi kraji ob Savinji, prizanesla. A strah pred novimi poplavami ostaja. \u0160koda po poletni ujmi se meri v milijardah, dosedanje ocene ka\u017eejo na vsaj 5 milijard \u0161kode, a ocene \u0161e niso dokon\u010dne. Vsaka nova napoved de\u017eja zbuja strah pred novimi poplavami. \u00bbKa\u017ee, da se bo vreme [&hellip;]<\/p>\n","protected":false},"author":55,"featured_media":167191,"comment_status":"closed","ping_status":"closed","sticky":false,"template":"","format":"standard","meta":{"footnotes":""},"categories":[14,142,17],"tags":[],"class_list":{"0":"post-167190","1":"post","2":"type-post","3":"status-publish","4":"format-standard","5":"has-post-thumbnail","7":"category-aktualno","8":"category-celjan","9":"category-celjsko"},"yoast_head":"<!-- This site is optimized with the Yoast SEO plugin v27.4 - https:\/\/yoast.com\/product\/yoast-seo-wordpress\/ -->\n<title>Lahko Celje zdr\u017ei \u0161e eno ujmo? - Novice.si<\/title>\n<meta name=\"robots\" content=\"index, follow, max-snippet:-1, max-image-preview:large, max-video-preview:-1\" \/>\n<link rel=\"canonical\" href=\"https:\/\/novice.si\/page\/lahko-celje-zdrzi-se-eno-ujmo\/\" \/>\n<meta property=\"og:locale\" content=\"sl_SI\" \/>\n<meta property=\"og:type\" content=\"article\" \/>\n<meta property=\"og:title\" content=\"Lahko Celje zdr\u017ei \u0161e eno ujmo? - Novice.si\" \/>\n<meta property=\"og:description\" content=\"Poplave. Uni\u010dujo\u010da avgustovska ujma je Celju, v primerjavi s preostalimi kraji ob Savinji, prizanesla. A strah pred novimi poplavami ostaja. \u0160koda po poletni ujmi se meri v milijardah, dosedanje ocene ka\u017eejo na vsaj 5 milijard \u0161kode, a ocene \u0161e niso dokon\u010dne. Vsaka nova napoved de\u017eja zbuja strah pred novimi poplavami. \u00bbKa\u017ee, da se bo vreme [&hellip;]\" \/>\n<meta property=\"og:url\" content=\"https:\/\/novice.si\/page\/lahko-celje-zdrzi-se-eno-ujmo\/\" \/>\n<meta property=\"og:site_name\" content=\"Novice.si\" \/>\n<meta property=\"article:published_time\" content=\"2023-09-07T06:08:58+00:00\" \/>\n<meta property=\"og:image\" content=\"https:\/\/novice.si\/page\/wp-content\/uploads\/2023\/09\/CZ_Stanje-po-padavinah1.jpg\" \/>\n\t<meta property=\"og:image:width\" content=\"985\" \/>\n\t<meta property=\"og:image:height\" content=\"985\" \/>\n\t<meta property=\"og:image:type\" content=\"image\/jpeg\" \/>\n<meta name=\"author\" content=\"Uredni\u0161tvo Celjana\" \/>\n<meta name=\"twitter:card\" content=\"summary_large_image\" \/>\n<meta name=\"twitter:label1\" content=\"Written by\" \/>\n\t<meta name=\"twitter:data1\" content=\"Uredni\u0161tvo Celjana\" \/>\n\t<meta name=\"twitter:label2\" content=\"Est. reading time\" \/>\n\t<meta name=\"twitter:data2\" content=\"2 minuti\" \/>\n<script type=\"application\/ld+json\" class=\"yoast-schema-graph\">{\"@context\":\"https:\\\/\\\/schema.org\",\"@graph\":[{\"@type\":\"Article\",\"@id\":\"https:\\\/\\\/novice.si\\\/page\\\/lahko-celje-zdrzi-se-eno-ujmo\\\/#article\",\"isPartOf\":{\"@id\":\"https:\\\/\\\/novice.si\\\/page\\\/lahko-celje-zdrzi-se-eno-ujmo\\\/\"},\"author\":{\"name\":\"Uredni\u0161tvo Celjana\",\"@id\":\"https:\\\/\\\/novice.si\\\/page\\\/#\\\/schema\\\/person\\\/a49f233ef2777ec7b2e8d0662325bb48\"},\"headline\":\"Lahko Celje zdr\u017ei \u0161e eno ujmo?\",\"datePublished\":\"2023-09-07T06:08:58+00:00\",\"mainEntityOfPage\":{\"@id\":\"https:\\\/\\\/novice.si\\\/page\\\/lahko-celje-zdrzi-se-eno-ujmo\\\/\"},\"wordCount\":300,\"publisher\":{\"@id\":\"https:\\\/\\\/novice.si\\\/page\\\/#organization\"},\"image\":{\"@id\":\"https:\\\/\\\/novice.si\\\/page\\\/lahko-celje-zdrzi-se-eno-ujmo\\\/#primaryimage\"},\"thumbnailUrl\":\"https:\\\/\\\/novice.si\\\/page\\\/wp-content\\\/uploads\\\/2023\\\/09\\\/CZ_Stanje-po-padavinah1.jpg\",\"articleSection\":[\"Aktualno\",\"Celjan\",\"Celjsko\"],\"inLanguage\":\"sl-SI\"},{\"@type\":\"WebPage\",\"@id\":\"https:\\\/\\\/novice.si\\\/page\\\/lahko-celje-zdrzi-se-eno-ujmo\\\/\",\"url\":\"https:\\\/\\\/novice.si\\\/page\\\/lahko-celje-zdrzi-se-eno-ujmo\\\/\",\"name\":\"Lahko Celje zdr\u017ei \u0161e eno ujmo? - Novice.si\",\"isPartOf\":{\"@id\":\"https:\\\/\\\/novice.si\\\/page\\\/#website\"},\"primaryImageOfPage\":{\"@id\":\"https:\\\/\\\/novice.si\\\/page\\\/lahko-celje-zdrzi-se-eno-ujmo\\\/#primaryimage\"},\"image\":{\"@id\":\"https:\\\/\\\/novice.si\\\/page\\\/lahko-celje-zdrzi-se-eno-ujmo\\\/#primaryimage\"},\"thumbnailUrl\":\"https:\\\/\\\/novice.si\\\/page\\\/wp-content\\\/uploads\\\/2023\\\/09\\\/CZ_Stanje-po-padavinah1.jpg\",\"datePublished\":\"2023-09-07T06:08:58+00:00\",\"breadcrumb\":{\"@id\":\"https:\\\/\\\/novice.si\\\/page\\\/lahko-celje-zdrzi-se-eno-ujmo\\\/#breadcrumb\"},\"inLanguage\":\"sl-SI\",\"potentialAction\":[{\"@type\":\"ReadAction\",\"target\":[\"https:\\\/\\\/novice.si\\\/page\\\/lahko-celje-zdrzi-se-eno-ujmo\\\/\"]}]},{\"@type\":\"ImageObject\",\"inLanguage\":\"sl-SI\",\"@id\":\"https:\\\/\\\/novice.si\\\/page\\\/lahko-celje-zdrzi-se-eno-ujmo\\\/#primaryimage\",\"url\":\"https:\\\/\\\/novice.si\\\/page\\\/wp-content\\\/uploads\\\/2023\\\/09\\\/CZ_Stanje-po-padavinah1.jpg\",\"contentUrl\":\"https:\\\/\\\/novice.si\\\/page\\\/wp-content\\\/uploads\\\/2023\\\/09\\\/CZ_Stanje-po-padavinah1.jpg\",\"width\":985,\"height\":985,\"caption\":\"poplave\"},{\"@type\":\"BreadcrumbList\",\"@id\":\"https:\\\/\\\/novice.si\\\/page\\\/lahko-celje-zdrzi-se-eno-ujmo\\\/#breadcrumb\",\"itemListElement\":[{\"@type\":\"ListItem\",\"position\":1,\"name\":\"Home\",\"item\":\"https:\\\/\\\/novice.si\\\/page\\\/\"},{\"@type\":\"ListItem\",\"position\":2,\"name\":\"Lahko Celje zdr\u017ei \u0161e eno ujmo?\"}]},{\"@type\":\"WebSite\",\"@id\":\"https:\\\/\\\/novice.si\\\/page\\\/#website\",\"url\":\"https:\\\/\\\/novice.si\\\/page\\\/\",\"name\":\"Novice.si\",\"description\":\"\",\"publisher\":{\"@id\":\"https:\\\/\\\/novice.si\\\/page\\\/#organization\"},\"potentialAction\":[{\"@type\":\"SearchAction\",\"target\":{\"@type\":\"EntryPoint\",\"urlTemplate\":\"https:\\\/\\\/novice.si\\\/page\\\/?s={search_term_string}\"},\"query-input\":{\"@type\":\"PropertyValueSpecification\",\"valueRequired\":true,\"valueName\":\"search_term_string\"}}],\"inLanguage\":\"sl-SI\"},{\"@type\":\"Organization\",\"@id\":\"https:\\\/\\\/novice.si\\\/page\\\/#organization\",\"name\":\"Novice.si\",\"url\":\"https:\\\/\\\/novice.si\\\/page\\\/\",\"logo\":{\"@type\":\"ImageObject\",\"inLanguage\":\"sl-SI\",\"@id\":\"https:\\\/\\\/novice.si\\\/page\\\/#\\\/schema\\\/logo\\\/image\\\/\",\"url\":\"https:\\\/\\\/novice.si\\\/page\\\/wp-content\\\/uploads\\\/2023\\\/03\\\/novice_si.png\",\"contentUrl\":\"https:\\\/\\\/novice.si\\\/page\\\/wp-content\\\/uploads\\\/2023\\\/03\\\/novice_si.png\",\"width\":576,\"height\":200,\"caption\":\"Novice.si\"},\"image\":{\"@id\":\"https:\\\/\\\/novice.si\\\/page\\\/#\\\/schema\\\/logo\\\/image\\\/\"}},{\"@type\":\"Person\",\"@id\":\"https:\\\/\\\/novice.si\\\/page\\\/#\\\/schema\\\/person\\\/a49f233ef2777ec7b2e8d0662325bb48\",\"name\":\"Uredni\u0161tvo Celjana\",\"image\":{\"@type\":\"ImageObject\",\"inLanguage\":\"sl-SI\",\"@id\":\"https:\\\/\\\/secure.gravatar.com\\\/avatar\\\/7f7863e616af8f92806c638dd1db3f1a238d83d1cc2ec3100afc06fbb7eb303f?s=96&d=mm&r=g\",\"url\":\"https:\\\/\\\/secure.gravatar.com\\\/avatar\\\/7f7863e616af8f92806c638dd1db3f1a238d83d1cc2ec3100afc06fbb7eb303f?s=96&d=mm&r=g\",\"contentUrl\":\"https:\\\/\\\/secure.gravatar.com\\\/avatar\\\/7f7863e616af8f92806c638dd1db3f1a238d83d1cc2ec3100afc06fbb7eb303f?s=96&d=mm&r=g\",\"caption\":\"Uredni\u0161tvo Celjana\"},\"url\":\"https:\\\/\\\/novice.si\\\/page\\\/author\\\/maja\\\/\"}]}<\/script>\n<!-- \/ Yoast SEO plugin. -->","yoast_head_json":{"title":"Lahko Celje zdr\u017ei \u0161e eno ujmo? - Novice.si","robots":{"index":"index","follow":"follow","max-snippet":"max-snippet:-1","max-image-preview":"max-image-preview:large","max-video-preview":"max-video-preview:-1"},"canonical":"https:\/\/novice.si\/page\/lahko-celje-zdrzi-se-eno-ujmo\/","og_locale":"sl_SI","og_type":"article","og_title":"Lahko Celje zdr\u017ei \u0161e eno ujmo? - Novice.si","og_description":"Poplave. Uni\u010dujo\u010da avgustovska ujma je Celju, v primerjavi s preostalimi kraji ob Savinji, prizanesla. A strah pred novimi poplavami ostaja. \u0160koda po poletni ujmi se meri v milijardah, dosedanje ocene ka\u017eejo na vsaj 5 milijard \u0161kode, a ocene \u0161e niso dokon\u010dne. Vsaka nova napoved de\u017eja zbuja strah pred novimi poplavami. \u00bbKa\u017ee, da se bo vreme [&hellip;]","og_url":"https:\/\/novice.si\/page\/lahko-celje-zdrzi-se-eno-ujmo\/","og_site_name":"Novice.si","article_published_time":"2023-09-07T06:08:58+00:00","og_image":[{"width":985,"height":985,"url":"https:\/\/novice.si\/page\/wp-content\/uploads\/2023\/09\/CZ_Stanje-po-padavinah1.jpg","type":"image\/jpeg"}],"author":"Uredni\u0161tvo Celjana","twitter_card":"summary_large_image","twitter_misc":{"Written by":"Uredni\u0161tvo Celjana","Est. reading time":"2 minuti"},"schema":{"@context":"https:\/\/schema.org","@graph":[{"@type":"Article","@id":"https:\/\/novice.si\/page\/lahko-celje-zdrzi-se-eno-ujmo\/#article","isPartOf":{"@id":"https:\/\/novice.si\/page\/lahko-celje-zdrzi-se-eno-ujmo\/"},"author":{"name":"Uredni\u0161tvo Celjana","@id":"https:\/\/novice.si\/page\/#\/schema\/person\/a49f233ef2777ec7b2e8d0662325bb48"},"headline":"Lahko Celje zdr\u017ei \u0161e eno ujmo?","datePublished":"2023-09-07T06:08:58+00:00","mainEntityOfPage":{"@id":"https:\/\/novice.si\/page\/lahko-celje-zdrzi-se-eno-ujmo\/"},"wordCount":300,"publisher":{"@id":"https:\/\/novice.si\/page\/#organization"},"image":{"@id":"https:\/\/novice.si\/page\/lahko-celje-zdrzi-se-eno-ujmo\/#primaryimage"},"thumbnailUrl":"https:\/\/novice.si\/page\/wp-content\/uploads\/2023\/09\/CZ_Stanje-po-padavinah1.jpg","articleSection":["Aktualno","Celjan","Celjsko"],"inLanguage":"sl-SI"},{"@type":"WebPage","@id":"https:\/\/novice.si\/page\/lahko-celje-zdrzi-se-eno-ujmo\/","url":"https:\/\/novice.si\/page\/lahko-celje-zdrzi-se-eno-ujmo\/","name":"Lahko Celje zdr\u017ei \u0161e eno ujmo? - Novice.si","isPartOf":{"@id":"https:\/\/novice.si\/page\/#website"},"primaryImageOfPage":{"@id":"https:\/\/novice.si\/page\/lahko-celje-zdrzi-se-eno-ujmo\/#primaryimage"},"image":{"@id":"https:\/\/novice.si\/page\/lahko-celje-zdrzi-se-eno-ujmo\/#primaryimage"},"thumbnailUrl":"https:\/\/novice.si\/page\/wp-content\/uploads\/2023\/09\/CZ_Stanje-po-padavinah1.jpg","datePublished":"2023-09-07T06:08:58+00:00","breadcrumb":{"@id":"https:\/\/novice.si\/page\/lahko-celje-zdrzi-se-eno-ujmo\/#breadcrumb"},"inLanguage":"sl-SI","potentialAction":[{"@type":"ReadAction","target":["https:\/\/novice.si\/page\/lahko-celje-zdrzi-se-eno-ujmo\/"]}]},{"@type":"ImageObject","inLanguage":"sl-SI","@id":"https:\/\/novice.si\/page\/lahko-celje-zdrzi-se-eno-ujmo\/#primaryimage","url":"https:\/\/novice.si\/page\/wp-content\/uploads\/2023\/09\/CZ_Stanje-po-padavinah1.jpg","contentUrl":"https:\/\/novice.si\/page\/wp-content\/uploads\/2023\/09\/CZ_Stanje-po-padavinah1.jpg","width":985,"height":985,"caption":"poplave"},{"@type":"BreadcrumbList","@id":"https:\/\/novice.si\/page\/lahko-celje-zdrzi-se-eno-ujmo\/#breadcrumb","itemListElement":[{"@type":"ListItem","position":1,"name":"Home","item":"https:\/\/novice.si\/page\/"},{"@type":"ListItem","position":2,"name":"Lahko Celje zdr\u017ei \u0161e eno ujmo?"}]},{"@type":"WebSite","@id":"https:\/\/novice.si\/page\/#website","url":"https:\/\/novice.si\/page\/","name":"Novice.si","description":"","publisher":{"@id":"https:\/\/novice.si\/page\/#organization"},"potentialAction":[{"@type":"SearchAction","target":{"@type":"EntryPoint","urlTemplate":"https:\/\/novice.si\/page\/?s={search_term_string}"},"query-input":{"@type":"PropertyValueSpecification","valueRequired":true,"valueName":"search_term_string"}}],"inLanguage":"sl-SI"},{"@type":"Organization","@id":"https:\/\/novice.si\/page\/#organization","name":"Novice.si","url":"https:\/\/novice.si\/page\/","logo":{"@type":"ImageObject","inLanguage":"sl-SI","@id":"https:\/\/novice.si\/page\/#\/schema\/logo\/image\/","url":"https:\/\/novice.si\/page\/wp-content\/uploads\/2023\/03\/novice_si.png","contentUrl":"https:\/\/novice.si\/page\/wp-content\/uploads\/2023\/03\/novice_si.png","width":576,"height":200,"caption":"Novice.si"},"image":{"@id":"https:\/\/novice.si\/page\/#\/schema\/logo\/image\/"}},{"@type":"Person","@id":"https:\/\/novice.si\/page\/#\/schema\/person\/a49f233ef2777ec7b2e8d0662325bb48","name":"Uredni\u0161tvo Celjana","image":{"@type":"ImageObject","inLanguage":"sl-SI","@id":"https:\/\/secure.gravatar.com\/avatar\/7f7863e616af8f92806c638dd1db3f1a238d83d1cc2ec3100afc06fbb7eb303f?s=96&d=mm&r=g","url":"https:\/\/secure.gravatar.com\/avatar\/7f7863e616af8f92806c638dd1db3f1a238d83d1cc2ec3100afc06fbb7eb303f?s=96&d=mm&r=g","contentUrl":"https:\/\/secure.gravatar.com\/avatar\/7f7863e616af8f92806c638dd1db3f1a238d83d1cc2ec3100afc06fbb7eb303f?s=96&d=mm&r=g","caption":"Uredni\u0161tvo Celjana"},"url":"https:\/\/novice.si\/page\/author\/maja\/"}]}},"_links":{"self":[{"href":"https:\/\/novice.si\/page\/wp-json\/wp\/v2\/posts\/167190","targetHints":{"allow":["GET"]}}],"collection":[{"href":"https:\/\/novice.si\/page\/wp-json\/wp\/v2\/posts"}],"about":[{"href":"https:\/\/novice.si\/page\/wp-json\/wp\/v2\/types\/post"}],"author":[{"embeddable":true,"href":"https:\/\/novice.si\/page\/wp-json\/wp\/v2\/users\/55"}],"replies":[{"embeddable":true,"href":"https:\/\/novice.si\/page\/wp-json\/wp\/v2\/comments?post=167190"}],"version-history":[{"count":1,"href":"https:\/\/novice.si\/page\/wp-json\/wp\/v2\/posts\/167190\/revisions"}],"predecessor-version":[{"id":167192,"href":"https:\/\/novice.si\/page\/wp-json\/wp\/v2\/posts\/167190\/revisions\/167192"}],"wp:featuredmedia":[{"embeddable":true,"href":"https:\/\/novice.si\/page\/wp-json\/wp\/v2\/media\/167191"}],"wp:attachment":[{"href":"https:\/\/novice.si\/page\/wp-json\/wp\/v2\/media?parent=167190"}],"wp:term":[{"taxonomy":"category","embeddable":true,"href":"https:\/\/novice.si\/page\/wp-json\/wp\/v2\/categories?post=167190"},{"taxonomy":"post_tag","embeddable":true,"href":"https:\/\/novice.si\/page\/wp-json\/wp\/v2\/tags?post=167190"}],"curies":[{"name":"wp","href":"https:\/\/api.w.org\/{rel}","templated":true}]}}