{"id":167184,"date":"2023-09-06T16:04:09","date_gmt":"2023-09-06T14:04:09","guid":{"rendered":"https:\/\/novice.si\/page\/?p=167184"},"modified":"2023-09-06T14:08:50","modified_gmt":"2023-09-06T12:08:50","slug":"v-strategiji-poucevanja-so-nujne-spremembe","status":"publish","type":"post","link":"https:\/\/novice.si\/page\/v-strategiji-poucevanja-so-nujne-spremembe\/","title":{"rendered":"V strategiji pou\u010devanja so nujne spremembe"},"content":{"rendered":"<p><em><strong>Mladi. <\/strong>Trajnostna strategija za kakovostno sobivanje in sodelovanje vseh generacij temelji predvsem na kakovostnem delu z njimi.<\/em><\/p>\n<p>V Mestni ob\u010dini Celje (MOC) so leta 2021 ustvarili Trajnostno strategijo za kakovostno sobivanje in sodelovanje vseh generacij v celjski ob\u010dini. Takrat so zasnovali akcijski na\u010drt, letos pa je tako v nabito polni telovadnici I. O\u0160 Celje potekalo \u017ee 3. strokovno sre\u010danje celjskih pedagogov s podro\u010dja pred\u0161olske vzgoje, primarnega in sekundarnega izobra\u017eevanja, ki so pravzaprav nosilci izvajanja omenjene strategije.<\/p>\n<p>Dogodek je povezovala <strong>mag. Marijana Kolenko<\/strong>, soavtorica strategije. Osrednji gostje na tokratnem sre\u010danju pa so bili <strong>dr. Miha Kramli<\/strong>, vodja Centra za bolezni odvisnosti v ZD Nova Gorica, <strong>Barbara Konda<\/strong>, univ. dipl. fiziologinja, avtorica FIT pedagogike, in <strong>Zvezdana Mlakar<\/strong>, gledali\u0161ka in filmska igralka ter soavtorica knjige Pogovori, ki so mi spremenili \u017eivljenje.<\/p>\n<p><strong>Tokrat so se dotaknili predvsem novih tehnologij in gibanja<\/strong><\/p>\n<p>Ko so avtorji strategije razmislili o tem, kaj bi bilo v njenem okviru potrebno dodati, so se odlo\u010dili, da se je smiselno dotakniti novih tehnologij, ki postajajo vse pomembnej\u0161i del na\u0161ih \u017eivljenj, z odvisnostjo od njih pa se pove\u010dujejo tudi mo\u017enosti zasvojenosti, \u0161e posebno pri mladih. Pa tudi gibanja in motori\u010dnih sposobnosti, ki smo jih v zadnjih letih kar nekoliko zanemarili.<\/p>\n<p>Z vami delimo nekaj fotografij iz dogodka, ve\u010d o tem, kaj so na dogodku povedali posebni gostje, pa preberite v aktualni \u0161tevilki \u010dasopisa Celjan. (MH)<\/p>\n\r\n                <style type=\"text\/css\">\r\n                    \r\n                    #tdi_1  .td-doubleSlider-2 .td-item1 {\r\n                        background: url(https:\/\/novice.si\/page\/wp-content\/uploads\/2023\/09\/Tretje-strokovno-srecanje-3--80x60.jpg) 0 0 no-repeat;\r\n                    }\r\n                    #tdi_1  .td-doubleSlider-2 .td-item2 {\r\n                        background: url(https:\/\/novice.si\/page\/wp-content\/uploads\/2023\/09\/Tretje-strokovno-srecanje-5--80x60.jpg) 0 0 no-repeat;\r\n                    }\r\n                    #tdi_1  .td-doubleSlider-2 .td-item3 {\r\n                        background: url(https:\/\/novice.si\/page\/wp-content\/uploads\/2023\/09\/Tretje-strokovno-srecanje-4--80x60.jpg) 0 0 no-repeat;\r\n                    }\r\n                    #tdi_1  .td-doubleSlider-2 .td-item4 {\r\n                        background: url(https:\/\/novice.si\/page\/wp-content\/uploads\/2023\/09\/Tretje-strokovno-srecanje-1--80x60.jpg) 0 0 no-repeat;\r\n                    }\r\n                <\/style>\r\n\r\n                <div id=\"tdi_1\" class=\"td-gallery td-slide-on-2-columns\">\r\n                    <div class=\"post_td_gallery\">\r\n                        <div class=\"td-gallery-slide-top\">\r\n                           <div class=\"td-gallery-title\">3. strokovno sre\u010danje celjskih pedagogov s podro\u010dja pred\u0161olske vzgoje, primarnega in sekundarne...<\/div>\r\n\r\n                            <div class=\"td-gallery-controls-wrapper\">\r\n                                <div class=\"td-gallery-slide-count\"><span class=\"td-gallery-slide-item-focus\">1<\/span> od 4<\/div>\r\n                                <div class=\"td-gallery-slide-prev-next-but\">\r\n                                    <i class = \"td-icon-left doubleSliderPrevButton\"><\/i>\r\n                                    <i class = \"td-icon-right doubleSliderNextButton\"><\/i>\r\n                                <\/div>\r\n                            <\/div>\r\n                        <\/div>\r\n\r\n                        <div class = \"td-doubleSlider-1 \">\r\n                            <div class = \"td-slider\">\r\n                                \r\n                    <div class = \"td-slide-item td-item1\">\r\n                        <figure class=\"td-slide-galery-figure td-slide-popup-gallery\">\r\n                            <a class=\"slide-gallery-image-link\" href=\"https:\/\/novice.si\/page\/wp-content\/uploads\/2023\/09\/Tretje-strokovno-srecanje-3--scaled.jpg\" title=\"3. strokovno sre\u010danje celjskih pedagogov s podro\u010dja pred\u0161olske vzgoje, primarnega in sekundarnega izobra\u017eevanja\"  data-caption=\"Foto Andra\u017e Purg\"  data-description=\"\" data-gallery>\r\n                                <img decoding=\"async\" src=\"https:\/\/novice.si\/page\/wp-content\/uploads\/2023\/09\/Tretje-strokovno-srecanje-3--630x420.jpg\" srcset=\"https:\/\/novice.si\/page\/wp-content\/uploads\/2023\/09\/Tretje-strokovno-srecanje-3--630x420.jpg 630w, https:\/\/novice.si\/page\/wp-content\/uploads\/2023\/09\/Tretje-strokovno-srecanje-3--600x400.jpg 600w, https:\/\/novice.si\/page\/wp-content\/uploads\/2023\/09\/Tretje-strokovno-srecanje-3--1024x683.jpg 1024w, https:\/\/novice.si\/page\/wp-content\/uploads\/2023\/09\/Tretje-strokovno-srecanje-3--768x512.jpg 768w, https:\/\/novice.si\/page\/wp-content\/uploads\/2023\/09\/Tretje-strokovno-srecanje-3--1536x1024.jpg 1536w, https:\/\/novice.si\/page\/wp-content\/uploads\/2023\/09\/Tretje-strokovno-srecanje-3--2048x1365.jpg 2048w, https:\/\/novice.si\/page\/wp-content\/uploads\/2023\/09\/Tretje-strokovno-srecanje-3--696x464.jpg 696w, https:\/\/novice.si\/page\/wp-content\/uploads\/2023\/09\/Tretje-strokovno-srecanje-3--1068x712.jpg 1068w, https:\/\/novice.si\/page\/wp-content\/uploads\/2023\/09\/Tretje-strokovno-srecanje-3--24x16.jpg 24w, https:\/\/novice.si\/page\/wp-content\/uploads\/2023\/09\/Tretje-strokovno-srecanje-3--36x24.jpg 36w, https:\/\/novice.si\/page\/wp-content\/uploads\/2023\/09\/Tretje-strokovno-srecanje-3--48x32.jpg 48w\" sizes=\"(max-width: 630px) 100vw, 630px\" alt=\"strokovno srecanje\">\r\n                            <\/a>\r\n                            <figcaption class = \"td-slide-caption td-gallery-slide-content\"><div class = \"td-gallery-slide-copywrite\">Foto Andra\u017e Purg<\/div><\/figcaption>\r\n                        <\/figure>\r\n                    <\/div>\r\n                    <div class = \"td-slide-item td-item2\">\r\n                        <figure class=\"td-slide-galery-figure td-slide-popup-gallery\">\r\n                            <a class=\"slide-gallery-image-link\" href=\"https:\/\/novice.si\/page\/wp-content\/uploads\/2023\/09\/Tretje-strokovno-srecanje-5--scaled.jpg\" title=\"Tretje strokovno sre\u010danje 5\"  data-caption=\"Foto Andra\u017e Purg\"  data-description=\"\" data-gallery>\r\n                                <img decoding=\"async\" src=\"https:\/\/novice.si\/page\/wp-content\/uploads\/2023\/09\/Tretje-strokovno-srecanje-5--630x420.jpg\" srcset=\"https:\/\/novice.si\/page\/wp-content\/uploads\/2023\/09\/Tretje-strokovno-srecanje-5--630x420.jpg 630w, https:\/\/novice.si\/page\/wp-content\/uploads\/2023\/09\/Tretje-strokovno-srecanje-5--600x400.jpg 600w, https:\/\/novice.si\/page\/wp-content\/uploads\/2023\/09\/Tretje-strokovno-srecanje-5--1024x683.jpg 1024w, https:\/\/novice.si\/page\/wp-content\/uploads\/2023\/09\/Tretje-strokovno-srecanje-5--768x512.jpg 768w, https:\/\/novice.si\/page\/wp-content\/uploads\/2023\/09\/Tretje-strokovno-srecanje-5--1536x1024.jpg 1536w, https:\/\/novice.si\/page\/wp-content\/uploads\/2023\/09\/Tretje-strokovno-srecanje-5--2048x1365.jpg 2048w, https:\/\/novice.si\/page\/wp-content\/uploads\/2023\/09\/Tretje-strokovno-srecanje-5--696x464.jpg 696w, https:\/\/novice.si\/page\/wp-content\/uploads\/2023\/09\/Tretje-strokovno-srecanje-5--1068x712.jpg 1068w, https:\/\/novice.si\/page\/wp-content\/uploads\/2023\/09\/Tretje-strokovno-srecanje-5--24x16.jpg 24w, https:\/\/novice.si\/page\/wp-content\/uploads\/2023\/09\/Tretje-strokovno-srecanje-5--36x24.jpg 36w, https:\/\/novice.si\/page\/wp-content\/uploads\/2023\/09\/Tretje-strokovno-srecanje-5--48x32.jpg 48w\" sizes=\"(max-width: 630px) 100vw, 630px\" alt=\"\">\r\n                            <\/a>\r\n                            <figcaption class = \"td-slide-caption td-gallery-slide-content\"><div class = \"td-gallery-slide-copywrite\">Foto Andra\u017e Purg<\/div><\/figcaption>\r\n                        <\/figure>\r\n                    <\/div>\r\n                    <div class = \"td-slide-item td-item3\">\r\n                        <figure class=\"td-slide-galery-figure td-slide-popup-gallery\">\r\n                            <a class=\"slide-gallery-image-link\" href=\"https:\/\/novice.si\/page\/wp-content\/uploads\/2023\/09\/Tretje-strokovno-srecanje-4--scaled.jpg\" title=\"Tretje strokovno sre\u010danje 4\"  data-caption=\"Foto Andra\u017e Purg\"  data-description=\"\" data-gallery>\r\n                                <img decoding=\"async\" src=\"https:\/\/novice.si\/page\/wp-content\/uploads\/2023\/09\/Tretje-strokovno-srecanje-4--630x420.jpg\" srcset=\"https:\/\/novice.si\/page\/wp-content\/uploads\/2023\/09\/Tretje-strokovno-srecanje-4--630x420.jpg 630w, https:\/\/novice.si\/page\/wp-content\/uploads\/2023\/09\/Tretje-strokovno-srecanje-4--600x400.jpg 600w, https:\/\/novice.si\/page\/wp-content\/uploads\/2023\/09\/Tretje-strokovno-srecanje-4--1024x683.jpg 1024w, https:\/\/novice.si\/page\/wp-content\/uploads\/2023\/09\/Tretje-strokovno-srecanje-4--768x512.jpg 768w, https:\/\/novice.si\/page\/wp-content\/uploads\/2023\/09\/Tretje-strokovno-srecanje-4--1536x1024.jpg 1536w, https:\/\/novice.si\/page\/wp-content\/uploads\/2023\/09\/Tretje-strokovno-srecanje-4--2048x1365.jpg 2048w, https:\/\/novice.si\/page\/wp-content\/uploads\/2023\/09\/Tretje-strokovno-srecanje-4--696x464.jpg 696w, https:\/\/novice.si\/page\/wp-content\/uploads\/2023\/09\/Tretje-strokovno-srecanje-4--1068x712.jpg 1068w, https:\/\/novice.si\/page\/wp-content\/uploads\/2023\/09\/Tretje-strokovno-srecanje-4--24x16.jpg 24w, https:\/\/novice.si\/page\/wp-content\/uploads\/2023\/09\/Tretje-strokovno-srecanje-4--36x24.jpg 36w, https:\/\/novice.si\/page\/wp-content\/uploads\/2023\/09\/Tretje-strokovno-srecanje-4--48x32.jpg 48w\" sizes=\"(max-width: 630px) 100vw, 630px\" alt=\"\">\r\n                            <\/a>\r\n                            <figcaption class = \"td-slide-caption td-gallery-slide-content\"><div class = \"td-gallery-slide-copywrite\">Foto Andra\u017e Purg<\/div><\/figcaption>\r\n                        <\/figure>\r\n                    <\/div>\r\n                    <div class = \"td-slide-item td-item4\">\r\n                        <figure class=\"td-slide-galery-figure td-slide-popup-gallery\">\r\n                            <a class=\"slide-gallery-image-link\" href=\"https:\/\/novice.si\/page\/wp-content\/uploads\/2023\/09\/Tretje-strokovno-srecanje-1--scaled.jpg\" title=\"Tretje strokovno sre\u010danje 1\"  data-caption=\"Foto Andra\u017e Purg\"  data-description=\"\" data-gallery>\r\n                                <img decoding=\"async\" src=\"https:\/\/novice.si\/page\/wp-content\/uploads\/2023\/09\/Tretje-strokovno-srecanje-1--630x420.jpg\" srcset=\"https:\/\/novice.si\/page\/wp-content\/uploads\/2023\/09\/Tretje-strokovno-srecanje-1--630x420.jpg 630w, https:\/\/novice.si\/page\/wp-content\/uploads\/2023\/09\/Tretje-strokovno-srecanje-1--600x400.jpg 600w, https:\/\/novice.si\/page\/wp-content\/uploads\/2023\/09\/Tretje-strokovno-srecanje-1--1024x683.jpg 1024w, https:\/\/novice.si\/page\/wp-content\/uploads\/2023\/09\/Tretje-strokovno-srecanje-1--768x512.jpg 768w, https:\/\/novice.si\/page\/wp-content\/uploads\/2023\/09\/Tretje-strokovno-srecanje-1--1536x1024.jpg 1536w, https:\/\/novice.si\/page\/wp-content\/uploads\/2023\/09\/Tretje-strokovno-srecanje-1--2048x1365.jpg 2048w, https:\/\/novice.si\/page\/wp-content\/uploads\/2023\/09\/Tretje-strokovno-srecanje-1--696x464.jpg 696w, https:\/\/novice.si\/page\/wp-content\/uploads\/2023\/09\/Tretje-strokovno-srecanje-1--1068x712.jpg 1068w, https:\/\/novice.si\/page\/wp-content\/uploads\/2023\/09\/Tretje-strokovno-srecanje-1--24x16.jpg 24w, https:\/\/novice.si\/page\/wp-content\/uploads\/2023\/09\/Tretje-strokovno-srecanje-1--36x24.jpg 36w, https:\/\/novice.si\/page\/wp-content\/uploads\/2023\/09\/Tretje-strokovno-srecanje-1--48x32.jpg 48w\" sizes=\"(max-width: 630px) 100vw, 630px\" alt=\"\">\r\n                            <\/a>\r\n                            <figcaption class = \"td-slide-caption td-gallery-slide-content\"><div class = \"td-gallery-slide-copywrite\">Foto Andra\u017e Purg<\/div><\/figcaption>\r\n                        <\/figure>\r\n                    <\/div>\r\n                            <\/div>\r\n                        <\/div>\r\n\r\n                        <div class = \"td-doubleSlider-2\">\r\n                            <div class = \"td-slider\">\r\n                                \r\n                    <div class = \"td-button td-item1\">\r\n                        <div class = \"td-border\"><\/div>\r\n                    <\/div>\r\n                    <div class = \"td-button td-item2\">\r\n                        <div class = \"td-border\"><\/div>\r\n                    <\/div>\r\n                    <div class = \"td-button td-item3\">\r\n                        <div class = \"td-border\"><\/div>\r\n                    <\/div>\r\n                    <div class = \"td-button td-item4\">\r\n                        <div class = \"td-border\"><\/div>\r\n                    <\/div>\r\n                            <\/div>\r\n                        <\/div>\r\n\r\n                    <\/div>\r\n\r\n                <\/div>\r\n                \n","protected":false},"excerpt":{"rendered":"<p>Mladi. Trajnostna strategija za kakovostno sobivanje in sodelovanje vseh generacij temelji predvsem na kakovostnem delu z njimi. V Mestni ob\u010dini Celje (MOC) so leta 2021 ustvarili Trajnostno strategijo za kakovostno sobivanje in sodelovanje vseh generacij v celjski ob\u010dini. Takrat so zasnovali akcijski na\u010drt, letos pa je tako v nabito polni telovadnici I. O\u0160 Celje potekalo [&hellip;]<\/p>\n","protected":false},"author":55,"featured_media":167185,"comment_status":"closed","ping_status":"closed","sticky":false,"template":"","format":"standard","meta":{"footnotes":""},"categories":[14,142,17],"tags":[],"class_list":{"0":"post-167184","1":"post","2":"type-post","3":"status-publish","4":"format-standard","5":"has-post-thumbnail","7":"category-aktualno","8":"category-celjan","9":"category-celjsko"},"yoast_head":"<!-- This site is optimized with the Yoast SEO plugin v27.4 - https:\/\/yoast.com\/product\/yoast-seo-wordpress\/ -->\n<title>V strategiji pou\u010devanja so nujne spremembe - Novice.si<\/title>\n<meta name=\"robots\" content=\"index, follow, max-snippet:-1, max-image-preview:large, max-video-preview:-1\" \/>\n<link rel=\"canonical\" href=\"https:\/\/novice.si\/page\/v-strategiji-poucevanja-so-nujne-spremembe\/\" \/>\n<meta property=\"og:locale\" content=\"sl_SI\" \/>\n<meta property=\"og:type\" content=\"article\" \/>\n<meta property=\"og:title\" content=\"V strategiji pou\u010devanja so nujne spremembe - Novice.si\" \/>\n<meta property=\"og:description\" content=\"Mladi. Trajnostna strategija za kakovostno sobivanje in sodelovanje vseh generacij temelji predvsem na kakovostnem delu z njimi. V Mestni ob\u010dini Celje (MOC) so leta 2021 ustvarili Trajnostno strategijo za kakovostno sobivanje in sodelovanje vseh generacij v celjski ob\u010dini. Takrat so zasnovali akcijski na\u010drt, letos pa je tako v nabito polni telovadnici I. O\u0160 Celje potekalo [&hellip;]\" \/>\n<meta property=\"og:url\" content=\"https:\/\/novice.si\/page\/v-strategiji-poucevanja-so-nujne-spremembe\/\" \/>\n<meta property=\"og:site_name\" content=\"Novice.si\" \/>\n<meta property=\"article:published_time\" content=\"2023-09-06T14:04:09+00:00\" \/>\n<meta property=\"og:image\" content=\"https:\/\/novice.si\/page\/wp-content\/uploads\/2023\/09\/Tretje-strokovno-srecanje-3--scaled.jpg\" \/>\n\t<meta property=\"og:image:width\" content=\"2560\" \/>\n\t<meta property=\"og:image:height\" content=\"1707\" \/>\n\t<meta property=\"og:image:type\" content=\"image\/jpeg\" \/>\n<meta name=\"author\" content=\"Uredni\u0161tvo Celjana\" \/>\n<meta name=\"twitter:card\" content=\"summary_large_image\" \/>\n<meta name=\"twitter:label1\" content=\"Written by\" \/>\n\t<meta name=\"twitter:data1\" content=\"Uredni\u0161tvo Celjana\" \/>\n\t<meta name=\"twitter:label2\" content=\"Est. reading time\" \/>\n\t<meta name=\"twitter:data2\" content=\"2 minuti\" \/>\n<script type=\"application\/ld+json\" class=\"yoast-schema-graph\">{\"@context\":\"https:\\\/\\\/schema.org\",\"@graph\":[{\"@type\":\"Article\",\"@id\":\"https:\\\/\\\/novice.si\\\/page\\\/v-strategiji-poucevanja-so-nujne-spremembe\\\/#article\",\"isPartOf\":{\"@id\":\"https:\\\/\\\/novice.si\\\/page\\\/v-strategiji-poucevanja-so-nujne-spremembe\\\/\"},\"author\":{\"name\":\"Uredni\u0161tvo Celjana\",\"@id\":\"https:\\\/\\\/novice.si\\\/page\\\/#\\\/schema\\\/person\\\/a49f233ef2777ec7b2e8d0662325bb48\"},\"headline\":\"V strategiji pou\u010devanja so nujne spremembe\",\"datePublished\":\"2023-09-06T14:04:09+00:00\",\"mainEntityOfPage\":{\"@id\":\"https:\\\/\\\/novice.si\\\/page\\\/v-strategiji-poucevanja-so-nujne-spremembe\\\/\"},\"wordCount\":270,\"publisher\":{\"@id\":\"https:\\\/\\\/novice.si\\\/page\\\/#organization\"},\"image\":{\"@id\":\"https:\\\/\\\/novice.si\\\/page\\\/v-strategiji-poucevanja-so-nujne-spremembe\\\/#primaryimage\"},\"thumbnailUrl\":\"https:\\\/\\\/novice.si\\\/page\\\/wp-content\\\/uploads\\\/2023\\\/09\\\/Tretje-strokovno-srecanje-3--scaled.jpg\",\"articleSection\":[\"Aktualno\",\"Celjan\",\"Celjsko\"],\"inLanguage\":\"sl-SI\"},{\"@type\":\"WebPage\",\"@id\":\"https:\\\/\\\/novice.si\\\/page\\\/v-strategiji-poucevanja-so-nujne-spremembe\\\/\",\"url\":\"https:\\\/\\\/novice.si\\\/page\\\/v-strategiji-poucevanja-so-nujne-spremembe\\\/\",\"name\":\"V strategiji pou\u010devanja so nujne spremembe - Novice.si\",\"isPartOf\":{\"@id\":\"https:\\\/\\\/novice.si\\\/page\\\/#website\"},\"primaryImageOfPage\":{\"@id\":\"https:\\\/\\\/novice.si\\\/page\\\/v-strategiji-poucevanja-so-nujne-spremembe\\\/#primaryimage\"},\"image\":{\"@id\":\"https:\\\/\\\/novice.si\\\/page\\\/v-strategiji-poucevanja-so-nujne-spremembe\\\/#primaryimage\"},\"thumbnailUrl\":\"https:\\\/\\\/novice.si\\\/page\\\/wp-content\\\/uploads\\\/2023\\\/09\\\/Tretje-strokovno-srecanje-3--scaled.jpg\",\"datePublished\":\"2023-09-06T14:04:09+00:00\",\"breadcrumb\":{\"@id\":\"https:\\\/\\\/novice.si\\\/page\\\/v-strategiji-poucevanja-so-nujne-spremembe\\\/#breadcrumb\"},\"inLanguage\":\"sl-SI\",\"potentialAction\":[{\"@type\":\"ReadAction\",\"target\":[\"https:\\\/\\\/novice.si\\\/page\\\/v-strategiji-poucevanja-so-nujne-spremembe\\\/\"]}]},{\"@type\":\"ImageObject\",\"inLanguage\":\"sl-SI\",\"@id\":\"https:\\\/\\\/novice.si\\\/page\\\/v-strategiji-poucevanja-so-nujne-spremembe\\\/#primaryimage\",\"url\":\"https:\\\/\\\/novice.si\\\/page\\\/wp-content\\\/uploads\\\/2023\\\/09\\\/Tretje-strokovno-srecanje-3--scaled.jpg\",\"contentUrl\":\"https:\\\/\\\/novice.si\\\/page\\\/wp-content\\\/uploads\\\/2023\\\/09\\\/Tretje-strokovno-srecanje-3--scaled.jpg\",\"width\":2560,\"height\":1707,\"caption\":\"Foto Andra\u017e Purg\"},{\"@type\":\"BreadcrumbList\",\"@id\":\"https:\\\/\\\/novice.si\\\/page\\\/v-strategiji-poucevanja-so-nujne-spremembe\\\/#breadcrumb\",\"itemListElement\":[{\"@type\":\"ListItem\",\"position\":1,\"name\":\"Home\",\"item\":\"https:\\\/\\\/novice.si\\\/page\\\/\"},{\"@type\":\"ListItem\",\"position\":2,\"name\":\"V strategiji pou\u010devanja so nujne spremembe\"}]},{\"@type\":\"WebSite\",\"@id\":\"https:\\\/\\\/novice.si\\\/page\\\/#website\",\"url\":\"https:\\\/\\\/novice.si\\\/page\\\/\",\"name\":\"Novice.si\",\"description\":\"\",\"publisher\":{\"@id\":\"https:\\\/\\\/novice.si\\\/page\\\/#organization\"},\"potentialAction\":[{\"@type\":\"SearchAction\",\"target\":{\"@type\":\"EntryPoint\",\"urlTemplate\":\"https:\\\/\\\/novice.si\\\/page\\\/?s={search_term_string}\"},\"query-input\":{\"@type\":\"PropertyValueSpecification\",\"valueRequired\":true,\"valueName\":\"search_term_string\"}}],\"inLanguage\":\"sl-SI\"},{\"@type\":\"Organization\",\"@id\":\"https:\\\/\\\/novice.si\\\/page\\\/#organization\",\"name\":\"Novice.si\",\"url\":\"https:\\\/\\\/novice.si\\\/page\\\/\",\"logo\":{\"@type\":\"ImageObject\",\"inLanguage\":\"sl-SI\",\"@id\":\"https:\\\/\\\/novice.si\\\/page\\\/#\\\/schema\\\/logo\\\/image\\\/\",\"url\":\"https:\\\/\\\/novice.si\\\/page\\\/wp-content\\\/uploads\\\/2023\\\/03\\\/novice_si.png\",\"contentUrl\":\"https:\\\/\\\/novice.si\\\/page\\\/wp-content\\\/uploads\\\/2023\\\/03\\\/novice_si.png\",\"width\":576,\"height\":200,\"caption\":\"Novice.si\"},\"image\":{\"@id\":\"https:\\\/\\\/novice.si\\\/page\\\/#\\\/schema\\\/logo\\\/image\\\/\"}},{\"@type\":\"Person\",\"@id\":\"https:\\\/\\\/novice.si\\\/page\\\/#\\\/schema\\\/person\\\/a49f233ef2777ec7b2e8d0662325bb48\",\"name\":\"Uredni\u0161tvo Celjana\",\"image\":{\"@type\":\"ImageObject\",\"inLanguage\":\"sl-SI\",\"@id\":\"https:\\\/\\\/secure.gravatar.com\\\/avatar\\\/7f7863e616af8f92806c638dd1db3f1a238d83d1cc2ec3100afc06fbb7eb303f?s=96&d=mm&r=g\",\"url\":\"https:\\\/\\\/secure.gravatar.com\\\/avatar\\\/7f7863e616af8f92806c638dd1db3f1a238d83d1cc2ec3100afc06fbb7eb303f?s=96&d=mm&r=g\",\"contentUrl\":\"https:\\\/\\\/secure.gravatar.com\\\/avatar\\\/7f7863e616af8f92806c638dd1db3f1a238d83d1cc2ec3100afc06fbb7eb303f?s=96&d=mm&r=g\",\"caption\":\"Uredni\u0161tvo Celjana\"},\"url\":\"https:\\\/\\\/novice.si\\\/page\\\/author\\\/maja\\\/\"}]}<\/script>\n<!-- \/ Yoast SEO plugin. -->","yoast_head_json":{"title":"V strategiji pou\u010devanja so nujne spremembe - Novice.si","robots":{"index":"index","follow":"follow","max-snippet":"max-snippet:-1","max-image-preview":"max-image-preview:large","max-video-preview":"max-video-preview:-1"},"canonical":"https:\/\/novice.si\/page\/v-strategiji-poucevanja-so-nujne-spremembe\/","og_locale":"sl_SI","og_type":"article","og_title":"V strategiji pou\u010devanja so nujne spremembe - Novice.si","og_description":"Mladi. Trajnostna strategija za kakovostno sobivanje in sodelovanje vseh generacij temelji predvsem na kakovostnem delu z njimi. V Mestni ob\u010dini Celje (MOC) so leta 2021 ustvarili Trajnostno strategijo za kakovostno sobivanje in sodelovanje vseh generacij v celjski ob\u010dini. Takrat so zasnovali akcijski na\u010drt, letos pa je tako v nabito polni telovadnici I. O\u0160 Celje potekalo [&hellip;]","og_url":"https:\/\/novice.si\/page\/v-strategiji-poucevanja-so-nujne-spremembe\/","og_site_name":"Novice.si","article_published_time":"2023-09-06T14:04:09+00:00","og_image":[{"width":2560,"height":1707,"url":"https:\/\/novice.si\/page\/wp-content\/uploads\/2023\/09\/Tretje-strokovno-srecanje-3--scaled.jpg","type":"image\/jpeg"}],"author":"Uredni\u0161tvo Celjana","twitter_card":"summary_large_image","twitter_misc":{"Written by":"Uredni\u0161tvo Celjana","Est. reading time":"2 minuti"},"schema":{"@context":"https:\/\/schema.org","@graph":[{"@type":"Article","@id":"https:\/\/novice.si\/page\/v-strategiji-poucevanja-so-nujne-spremembe\/#article","isPartOf":{"@id":"https:\/\/novice.si\/page\/v-strategiji-poucevanja-so-nujne-spremembe\/"},"author":{"name":"Uredni\u0161tvo Celjana","@id":"https:\/\/novice.si\/page\/#\/schema\/person\/a49f233ef2777ec7b2e8d0662325bb48"},"headline":"V strategiji pou\u010devanja so nujne spremembe","datePublished":"2023-09-06T14:04:09+00:00","mainEntityOfPage":{"@id":"https:\/\/novice.si\/page\/v-strategiji-poucevanja-so-nujne-spremembe\/"},"wordCount":270,"publisher":{"@id":"https:\/\/novice.si\/page\/#organization"},"image":{"@id":"https:\/\/novice.si\/page\/v-strategiji-poucevanja-so-nujne-spremembe\/#primaryimage"},"thumbnailUrl":"https:\/\/novice.si\/page\/wp-content\/uploads\/2023\/09\/Tretje-strokovno-srecanje-3--scaled.jpg","articleSection":["Aktualno","Celjan","Celjsko"],"inLanguage":"sl-SI"},{"@type":"WebPage","@id":"https:\/\/novice.si\/page\/v-strategiji-poucevanja-so-nujne-spremembe\/","url":"https:\/\/novice.si\/page\/v-strategiji-poucevanja-so-nujne-spremembe\/","name":"V strategiji pou\u010devanja so nujne spremembe - Novice.si","isPartOf":{"@id":"https:\/\/novice.si\/page\/#website"},"primaryImageOfPage":{"@id":"https:\/\/novice.si\/page\/v-strategiji-poucevanja-so-nujne-spremembe\/#primaryimage"},"image":{"@id":"https:\/\/novice.si\/page\/v-strategiji-poucevanja-so-nujne-spremembe\/#primaryimage"},"thumbnailUrl":"https:\/\/novice.si\/page\/wp-content\/uploads\/2023\/09\/Tretje-strokovno-srecanje-3--scaled.jpg","datePublished":"2023-09-06T14:04:09+00:00","breadcrumb":{"@id":"https:\/\/novice.si\/page\/v-strategiji-poucevanja-so-nujne-spremembe\/#breadcrumb"},"inLanguage":"sl-SI","potentialAction":[{"@type":"ReadAction","target":["https:\/\/novice.si\/page\/v-strategiji-poucevanja-so-nujne-spremembe\/"]}]},{"@type":"ImageObject","inLanguage":"sl-SI","@id":"https:\/\/novice.si\/page\/v-strategiji-poucevanja-so-nujne-spremembe\/#primaryimage","url":"https:\/\/novice.si\/page\/wp-content\/uploads\/2023\/09\/Tretje-strokovno-srecanje-3--scaled.jpg","contentUrl":"https:\/\/novice.si\/page\/wp-content\/uploads\/2023\/09\/Tretje-strokovno-srecanje-3--scaled.jpg","width":2560,"height":1707,"caption":"Foto Andra\u017e Purg"},{"@type":"BreadcrumbList","@id":"https:\/\/novice.si\/page\/v-strategiji-poucevanja-so-nujne-spremembe\/#breadcrumb","itemListElement":[{"@type":"ListItem","position":1,"name":"Home","item":"https:\/\/novice.si\/page\/"},{"@type":"ListItem","position":2,"name":"V strategiji pou\u010devanja so nujne spremembe"}]},{"@type":"WebSite","@id":"https:\/\/novice.si\/page\/#website","url":"https:\/\/novice.si\/page\/","name":"Novice.si","description":"","publisher":{"@id":"https:\/\/novice.si\/page\/#organization"},"potentialAction":[{"@type":"SearchAction","target":{"@type":"EntryPoint","urlTemplate":"https:\/\/novice.si\/page\/?s={search_term_string}"},"query-input":{"@type":"PropertyValueSpecification","valueRequired":true,"valueName":"search_term_string"}}],"inLanguage":"sl-SI"},{"@type":"Organization","@id":"https:\/\/novice.si\/page\/#organization","name":"Novice.si","url":"https:\/\/novice.si\/page\/","logo":{"@type":"ImageObject","inLanguage":"sl-SI","@id":"https:\/\/novice.si\/page\/#\/schema\/logo\/image\/","url":"https:\/\/novice.si\/page\/wp-content\/uploads\/2023\/03\/novice_si.png","contentUrl":"https:\/\/novice.si\/page\/wp-content\/uploads\/2023\/03\/novice_si.png","width":576,"height":200,"caption":"Novice.si"},"image":{"@id":"https:\/\/novice.si\/page\/#\/schema\/logo\/image\/"}},{"@type":"Person","@id":"https:\/\/novice.si\/page\/#\/schema\/person\/a49f233ef2777ec7b2e8d0662325bb48","name":"Uredni\u0161tvo Celjana","image":{"@type":"ImageObject","inLanguage":"sl-SI","@id":"https:\/\/secure.gravatar.com\/avatar\/7f7863e616af8f92806c638dd1db3f1a238d83d1cc2ec3100afc06fbb7eb303f?s=96&d=mm&r=g","url":"https:\/\/secure.gravatar.com\/avatar\/7f7863e616af8f92806c638dd1db3f1a238d83d1cc2ec3100afc06fbb7eb303f?s=96&d=mm&r=g","contentUrl":"https:\/\/secure.gravatar.com\/avatar\/7f7863e616af8f92806c638dd1db3f1a238d83d1cc2ec3100afc06fbb7eb303f?s=96&d=mm&r=g","caption":"Uredni\u0161tvo Celjana"},"url":"https:\/\/novice.si\/page\/author\/maja\/"}]}},"_links":{"self":[{"href":"https:\/\/novice.si\/page\/wp-json\/wp\/v2\/posts\/167184","targetHints":{"allow":["GET"]}}],"collection":[{"href":"https:\/\/novice.si\/page\/wp-json\/wp\/v2\/posts"}],"about":[{"href":"https:\/\/novice.si\/page\/wp-json\/wp\/v2\/types\/post"}],"author":[{"embeddable":true,"href":"https:\/\/novice.si\/page\/wp-json\/wp\/v2\/users\/55"}],"replies":[{"embeddable":true,"href":"https:\/\/novice.si\/page\/wp-json\/wp\/v2\/comments?post=167184"}],"version-history":[{"count":1,"href":"https:\/\/novice.si\/page\/wp-json\/wp\/v2\/posts\/167184\/revisions"}],"predecessor-version":[{"id":167189,"href":"https:\/\/novice.si\/page\/wp-json\/wp\/v2\/posts\/167184\/revisions\/167189"}],"wp:featuredmedia":[{"embeddable":true,"href":"https:\/\/novice.si\/page\/wp-json\/wp\/v2\/media\/167185"}],"wp:attachment":[{"href":"https:\/\/novice.si\/page\/wp-json\/wp\/v2\/media?parent=167184"}],"wp:term":[{"taxonomy":"category","embeddable":true,"href":"https:\/\/novice.si\/page\/wp-json\/wp\/v2\/categories?post=167184"},{"taxonomy":"post_tag","embeddable":true,"href":"https:\/\/novice.si\/page\/wp-json\/wp\/v2\/tags?post=167184"}],"curies":[{"name":"wp","href":"https:\/\/api.w.org\/{rel}","templated":true}]}}